{"id":18921,"date":"2024-04-22T13:06:48","date_gmt":"2024-04-22T13:06:48","guid":{"rendered":"https:\/\/www.valparaisocreativo.cl\/?p=18921"},"modified":"2024-04-22T13:06:48","modified_gmt":"2024-04-22T13:06:48","slug":"el-cine-vuelve-al-teatro-pompeya-con-la-exhibicion-de-la-pelicula-analogos-y-los-colonos","status":"publish","type":"post","link":"https:\/\/dev.antudigital.cl\/sites\/vc\/el-cine-vuelve-al-teatro-pompeya-con-la-exhibicion-de-la-pelicula-analogos-y-los-colonos\/","title":{"rendered":"El cine vuelve al Teatro Pompeya con la exhibici\u00f3n de la pel\u00edcula \u201cAn\u00e1logos\u201d y \u201cLos Colonos\u201d"},"content":{"rendered":"\n<p>Tras dos a\u00f1os difundiendo el cine chileno en la comuna, el&nbsp;<strong>Centro Cultural Quilpu\u00e9 Audiovisual&nbsp;<\/strong>en colaboraci\u00f3n con el<strong>&nbsp;Departamento de Cultura y Patrimonio de la Municipalidad de Villa Alemana<\/strong>, realizar\u00e1 el lanzamiento de la Cartelera Anual de Cine Chileno en el Teatro Pompeya, lugar que ser\u00e1 la&nbsp;<strong>sala de cine<\/strong>&nbsp;para villalemaninos y villalemaninas.<\/p>\n\n\n\n<p>Al respecto, la alcaldesa\u00a0<strong>Javiera Toledo<\/strong>\u00a0expresa:\u00a0<em>\u201cEl Teatro Pompeya constituye un punto hist\u00f3rico para el desarrollo de la cultura no solo en Villa Alemana, sino que tambi\u00e9n a nivel regional. Decenas de generaciones se han sentado en sus butacas a presenciar una infinidad de presentaciones art\u00edsticas y a mirar pel\u00edculas en familia; y hoy, despu\u00e9s de un largo tiempo, el cine vuelve a tomarse nuestro hermoso teatro para devolverle a los villalemaninos y villalemaninas, un ciclo de cine constante todos los martes con producciones chilenas. As\u00ed que est\u00e1n todos y todas invitadas a disfrutar de esta nueva tradici\u00f3n cin\u00e9fila que tendremos gracias al trabajo en cogesti\u00f3n con el equipo del Centro Cultural Quilpu\u00e9 Audiovisual\u201d.<\/em><\/p>\n\n\n\n<figure class=\"wp-block-image size-large\"><img fetchpriority=\"high\" decoding=\"async\" width=\"608\" height=\"1024\" src=\"https:\/\/www.valparaisocreativo.cl\/wp-content\/uploads\/2024\/04\/Teatro-Pompeya-19-abril-VA-608x1024.jpeg\" alt=\"\" class=\"wp-image-18925\" srcset=\"https:\/\/dev.antudigital.cl\/sites\/vc\/wp-content\/uploads\/2024\/04\/Teatro-Pompeya-19-abril-VA-608x1024.jpeg 608w, https:\/\/dev.antudigital.cl\/sites\/vc\/wp-content\/uploads\/2024\/04\/Teatro-Pompeya-19-abril-VA-178x300.jpeg 178w, https:\/\/dev.antudigital.cl\/sites\/vc\/wp-content\/uploads\/2024\/04\/Teatro-Pompeya-19-abril-VA-480x808.jpeg 480w, https:\/\/dev.antudigital.cl\/sites\/vc\/wp-content\/uploads\/2024\/04\/Teatro-Pompeya-19-abril-VA-14x24.jpeg 14w, https:\/\/dev.antudigital.cl\/sites\/vc\/wp-content\/uploads\/2024\/04\/Teatro-Pompeya-19-abril-VA-21x36.jpeg 21w, https:\/\/dev.antudigital.cl\/sites\/vc\/wp-content\/uploads\/2024\/04\/Teatro-Pompeya-19-abril-VA-29x48.jpeg 29w, https:\/\/dev.antudigital.cl\/sites\/vc\/wp-content\/uploads\/2024\/04\/Teatro-Pompeya-19-abril-VA.jpeg 739w\" sizes=\"(max-width: 608px) 100vw, 608px\" \/><\/figure>\n\n\n\n<p><strong>Esta iniciativa cuenta con el financiamiento del Ministerio de las Culturas, las Artes y el Patrimonio<\/strong>&nbsp;a trav\u00e9s de su Programa de Apoyo a Organizaciones Culturales Colaboradoras. Es auspiciada por la Municipalidad de Quilpu\u00e9 y cuenta con la colaboraci\u00f3n de EFE Trenes Valpara\u00edso, Portal Belloto, Duoc Vi\u00f1a del Mar y las municipalidades de Villa Alemana, Quillota, Quintero, Llay Llay, Algarrobo, La Ligua y Cabildo en conjunto con Servicio Pa\u00eds.<\/p>\n\n\n\n<p>El lanzamiento de la programaci\u00f3n ser\u00e1 el<strong>&nbsp;martes 23 de abril<\/strong>&nbsp;a las&nbsp;<strong>18:30 horas<\/strong>&nbsp;en el&nbsp;<strong>Teatro Pompeya<\/strong>, donde se exhibir\u00e1&nbsp;<strong>\u201cAn\u00e1logos\u201d<\/strong>, la \u00faltima pel\u00edcula del director Jorge Olgu\u00edn. Protagonizada por los actores&nbsp;<strong>M\u00f3nica Carrasco y Jorge Gajardo<\/strong>&nbsp;(Los Venegas), la historia de la pel\u00edcula se centra en una pareja de ancianos solitarios que quedan aislados mientras un cometa se aproxima a la Tierra hablando de los cuidados, la vejez y la salud mental. Al terminar la funci\u00f3n, se&nbsp;<strong>sostendr\u00e1 un conversatorio presencial<\/strong>&nbsp;con el director.<\/p>\n\n\n\n<p>La\u00a0Cartelera Anual de Cine Chileno se extender\u00e1 hasta noviembre, con funciones todos los martes a las 18:30 horas en el Teatro Pompeya, con entrada completamente liberada.Y para seguir con la programaci\u00f3n, el\u00a0<strong>martes 30 de abril<\/strong>, la pel\u00edcula que se exhibir\u00e1 ser\u00e1\u00a0<strong>\u201cLos Colonos\u201d\u00a0<\/strong>del director Felipe G\u00e1lvez. Un western patag\u00f3nico estremecedor que relata el genocidio del pueblo Selk\u2019nam en Tierra del Fuego. La cinta fue premiada en el festival de Cannes.<\/p>\n\n\n\n<figure class=\"wp-block-image size-large\"><img decoding=\"async\" width=\"1024\" height=\"683\" src=\"https:\/\/www.valparaisocreativo.cl\/wp-content\/uploads\/2024\/04\/Analogos-VA-1024x683.jpg\" alt=\"\" class=\"wp-image-18922\" srcset=\"https:\/\/dev.antudigital.cl\/sites\/vc\/wp-content\/uploads\/2024\/04\/Analogos-VA-1024x683.jpg 1024w, https:\/\/dev.antudigital.cl\/sites\/vc\/wp-content\/uploads\/2024\/04\/Analogos-VA-300x200.jpg 300w, https:\/\/dev.antudigital.cl\/sites\/vc\/wp-content\/uploads\/2024\/04\/Analogos-VA-768x512.jpg 768w, https:\/\/dev.antudigital.cl\/sites\/vc\/wp-content\/uploads\/2024\/04\/Analogos-VA-1536x1024.jpg 1536w, https:\/\/dev.antudigital.cl\/sites\/vc\/wp-content\/uploads\/2024\/04\/Analogos-VA-2048x1366.jpg 2048w, https:\/\/dev.antudigital.cl\/sites\/vc\/wp-content\/uploads\/2024\/04\/Analogos-VA-1080x720.jpg 1080w, https:\/\/dev.antudigital.cl\/sites\/vc\/wp-content\/uploads\/2024\/04\/Analogos-VA-1280x854.jpg 1280w, https:\/\/dev.antudigital.cl\/sites\/vc\/wp-content\/uploads\/2024\/04\/Analogos-VA-980x653.jpg 980w, https:\/\/dev.antudigital.cl\/sites\/vc\/wp-content\/uploads\/2024\/04\/Analogos-VA-480x320.jpg 480w, https:\/\/dev.antudigital.cl\/sites\/vc\/wp-content\/uploads\/2024\/04\/Analogos-VA-24x16.jpg 24w, https:\/\/dev.antudigital.cl\/sites\/vc\/wp-content\/uploads\/2024\/04\/Analogos-VA-36x24.jpg 36w, https:\/\/dev.antudigital.cl\/sites\/vc\/wp-content\/uploads\/2024\/04\/Analogos-VA-48x32.jpg 48w\" sizes=\"(max-width: 1024px) 100vw, 1024px\" \/><\/figure>\n\n\n\n<p><strong>Sebasti\u00e1n Cartajena<\/strong>,&nbsp;<strong>director art\u00edstico y programador de Quilpu\u00e9 Audiovisual<\/strong>, afirma:&nbsp;<em>\u201cEste es nuestro tercer a\u00f1o consecutivo programando cine chileno en Villa Alemana y este 2024 estaremos en el m\u00edtico Teatro Pompeya, lo que es una gran oportunidad para ampliar los p\u00fablicos, hacer un llamado para que las personas se motiven y llenen este espacio cultural tan importante para la ciudad. Estamos felices de poder seguir ampliando la programaci\u00f3n y diversific\u00e1ndola a trav\u00e9s de pel\u00edculas como \u201cLos Colonos\u201d, \u201cHistoria y Geograf\u00eda\u201d, \u201cCecilia, la incomparable\u201d y otros importantes estrenos nacionales\u201d.<\/em><\/p>\n\n\n\n<p>La cartelera anual de cine chileno del CC Quilpu\u00e9 Audiovisual se extender\u00e1 a otras siete comunas de la regi\u00f3n de Valpara\u00edso: Quilpu\u00e9, Quillota, Quintero, Llay Llay, Algarrobo, Cabildo y La Ligua. Y la programaci\u00f3n contar\u00e1 con&nbsp;<strong>estrenos nacionales<\/strong>,&nbsp;<strong>funciones dirigidas al p\u00fablico escolar y personas mayores<\/strong>, adem\u00e1s de funciones en&nbsp;<strong>formato autocine<\/strong>&nbsp;\u00fanicamente para Villa Alemana, Quilpu\u00e9 y Quillota.<\/p>\n\n\n\n<p>El Centro Cultural Quilpu\u00e9 Audiovisual forma parte del Programa de Apoyo a Organizaciones Culturales Colaboradoras del Ministerio de las Culturas, las Artes y el Patrimonio, que busca fortalecer y dar continuidad a instituciones y organizaciones culturales de derecho privado y sin fines de lucro. Este programa adem\u00e1s es parte del Sistema de Financiamiento a Organizaciones e Infraestructura Cultural del Ministerio de las Culturas, las Artes y el Patrimonio que integra, articula y coordina de forma transversal los planes, programas y fondos orientados al fomento y apoyo de las organizaciones, de la infraestructura cultural, y de la mediaci\u00f3n art\u00edstica. Todo esto con una vocaci\u00f3n descentralizada, mecanismos participativos, y la promoci\u00f3n de la creaci\u00f3n de redes y asociaciones.<\/p>\n\n\n\n<p>Para m\u00e1s detalles sobre la cartelera mensual revisar&nbsp;<a href=\"http:\/\/www.quilpueaudiovisual.cl\/\" target=\"_blank\" rel=\"noreferrer noopener\">www.quilpueaudiovisual.cl<\/a><\/p>\n\n\n\n<p><strong>Redes sociales: @ccquilpueaudiovisual<\/strong><\/p>\n","protected":false},"excerpt":{"rendered":"<p>Tras dos a\u00f1os difundiendo el cine chileno en la comuna, el&nbsp;Centro Cultural Quilpu\u00e9 Audiovisual&nbsp;en colaboraci\u00f3n con el&nbsp;Departamento de Cultura y Patrimonio de la Municipalidad de Villa Alemana, realizar\u00e1 el lanzamiento de la Cartelera Anual de Cine Chileno en el Teatro Pompeya, lugar que ser\u00e1 la&nbsp;sala de cine&nbsp;para villalemaninos y villalemaninas. Al respecto, la alcaldesa\u00a0Javiera Toledo\u00a0expresa:\u00a0\u201cEl [&hellip;]<\/p>\n","protected":false},"author":1,"featured_media":18924,"comment_status":"closed","ping_status":"closed","sticky":false,"template":"","format":"standard","meta":{"_acf_changed":false,"footnotes":""},"categories":[8],"tags":[],"class_list":["post-18921","post","type-post","status-publish","format-standard","has-post-thumbnail","hentry","category-noticia"],"acf":[],"yoast_head":"<!-- This site is optimized with the Yoast SEO plugin v27.1.1 - https:\/\/yoast.com\/product\/yoast-seo-wordpress\/ -->\n<title>El cine vuelve al Teatro Pompeya con la exhibici\u00f3n de la pel\u00edcula \u201cAn\u00e1logos\u201d y \u201cLos Colonos\u201d - Valpara\u00ed\u00adso Creativo<\/title>\n<meta name=\"robots\" content=\"index, follow, max-snippet:-1, max-image-preview:large, max-video-preview:-1\" \/>\n<link rel=\"canonical\" href=\"https:\/\/dev.antudigital.cl\/sites\/vc\/el-cine-vuelve-al-teatro-pompeya-con-la-exhibicion-de-la-pelicula-analogos-y-los-colonos\/\" \/>\n<meta property=\"og:locale\" content=\"es_ES\" \/>\n<meta property=\"og:type\" content=\"article\" \/>\n<meta property=\"og:title\" content=\"El cine vuelve al Teatro Pompeya con la exhibici\u00f3n de la pel\u00edcula \u201cAn\u00e1logos\u201d y \u201cLos Colonos\u201d - Valpara\u00ed\u00adso Creativo\" \/>\n<meta property=\"og:description\" content=\"Tras dos a\u00f1os difundiendo el cine chileno en la comuna, el&nbsp;Centro Cultural Quilpu\u00e9 Audiovisual&nbsp;en colaboraci\u00f3n con el&nbsp;Departamento de Cultura y Patrimonio de la Municipalidad de Villa Alemana, realizar\u00e1 el lanzamiento de la Cartelera Anual de Cine Chileno en el Teatro Pompeya, lugar que ser\u00e1 la&nbsp;sala de cine&nbsp;para villalemaninos y villalemaninas. Al respecto, la alcaldesa\u00a0Javiera Toledo\u00a0expresa:\u00a0\u201cEl [&hellip;]\" \/>\n<meta property=\"og:url\" content=\"https:\/\/dev.antudigital.cl\/sites\/vc\/el-cine-vuelve-al-teatro-pompeya-con-la-exhibicion-de-la-pelicula-analogos-y-los-colonos\/\" \/>\n<meta property=\"og:site_name\" content=\"Valpara\u00ed\u00adso Creativo\" \/>\n<meta property=\"article:published_time\" content=\"2024-04-22T13:06:48+00:00\" \/>\n<meta property=\"og:image\" content=\"https:\/\/dev.antudigital.cl\/sites\/vc\/wp-content\/uploads\/2024\/04\/Los-Colonos-QLL-scaled.jpg\" \/>\n\t<meta property=\"og:image:width\" content=\"2560\" \/>\n\t<meta property=\"og:image:height\" content=\"1707\" \/>\n\t<meta property=\"og:image:type\" content=\"image\/jpeg\" \/>\n<meta name=\"author\" content=\"Valpara\u00edso Creativo\" \/>\n<meta name=\"twitter:card\" content=\"summary_large_image\" \/>\n<meta name=\"twitter:label1\" content=\"Escrito por\" \/>\n\t<meta name=\"twitter:data1\" content=\"Valpara\u00edso Creativo\" \/>\n\t<meta name=\"twitter:label2\" content=\"Tiempo de lectura\" \/>\n\t<meta name=\"twitter:data2\" content=\"4 minutos\" \/>\n<script type=\"application\/ld+json\" class=\"yoast-schema-graph\">{\"@context\":\"https:\/\/schema.org\",\"@graph\":[{\"@type\":\"Article\",\"@id\":\"https:\/\/dev.antudigital.cl\/sites\/vc\/el-cine-vuelve-al-teatro-pompeya-con-la-exhibicion-de-la-pelicula-analogos-y-los-colonos\/#article\",\"isPartOf\":{\"@id\":\"https:\/\/dev.antudigital.cl\/sites\/vc\/el-cine-vuelve-al-teatro-pompeya-con-la-exhibicion-de-la-pelicula-analogos-y-los-colonos\/\"},\"author\":{\"name\":\"Valpara\u00edso Creativo\",\"@id\":\"https:\/\/dev.antudigital.cl\/sites\/vc\/#\/schema\/person\/c2b9da8dd545e27166fc5ab232837318\"},\"headline\":\"El cine vuelve al Teatro Pompeya con la exhibici\u00f3n de la pel\u00edcula \u201cAn\u00e1logos\u201d y \u201cLos Colonos\u201d\",\"datePublished\":\"2024-04-22T13:06:48+00:00\",\"mainEntityOfPage\":{\"@id\":\"https:\/\/dev.antudigital.cl\/sites\/vc\/el-cine-vuelve-al-teatro-pompeya-con-la-exhibicion-de-la-pelicula-analogos-y-los-colonos\/\"},\"wordCount\":764,\"image\":{\"@id\":\"https:\/\/dev.antudigital.cl\/sites\/vc\/el-cine-vuelve-al-teatro-pompeya-con-la-exhibicion-de-la-pelicula-analogos-y-los-colonos\/#primaryimage\"},\"thumbnailUrl\":\"https:\/\/dev.antudigital.cl\/sites\/vc\/wp-content\/uploads\/2024\/04\/Los-Colonos-QLL-scaled.jpg\",\"articleSection\":[\"Noticia\"],\"inLanguage\":\"es\"},{\"@type\":\"WebPage\",\"@id\":\"https:\/\/dev.antudigital.cl\/sites\/vc\/el-cine-vuelve-al-teatro-pompeya-con-la-exhibicion-de-la-pelicula-analogos-y-los-colonos\/\",\"url\":\"https:\/\/dev.antudigital.cl\/sites\/vc\/el-cine-vuelve-al-teatro-pompeya-con-la-exhibicion-de-la-pelicula-analogos-y-los-colonos\/\",\"name\":\"El cine vuelve al Teatro Pompeya con la exhibici\u00f3n de la pel\u00edcula \u201cAn\u00e1logos\u201d y \u201cLos Colonos\u201d - Valpara\u00ed\u00adso Creativo\",\"isPartOf\":{\"@id\":\"https:\/\/dev.antudigital.cl\/sites\/vc\/#website\"},\"primaryImageOfPage\":{\"@id\":\"https:\/\/dev.antudigital.cl\/sites\/vc\/el-cine-vuelve-al-teatro-pompeya-con-la-exhibicion-de-la-pelicula-analogos-y-los-colonos\/#primaryimage\"},\"image\":{\"@id\":\"https:\/\/dev.antudigital.cl\/sites\/vc\/el-cine-vuelve-al-teatro-pompeya-con-la-exhibicion-de-la-pelicula-analogos-y-los-colonos\/#primaryimage\"},\"thumbnailUrl\":\"https:\/\/dev.antudigital.cl\/sites\/vc\/wp-content\/uploads\/2024\/04\/Los-Colonos-QLL-scaled.jpg\",\"datePublished\":\"2024-04-22T13:06:48+00:00\",\"author\":{\"@id\":\"https:\/\/dev.antudigital.cl\/sites\/vc\/#\/schema\/person\/c2b9da8dd545e27166fc5ab232837318\"},\"breadcrumb\":{\"@id\":\"https:\/\/dev.antudigital.cl\/sites\/vc\/el-cine-vuelve-al-teatro-pompeya-con-la-exhibicion-de-la-pelicula-analogos-y-los-colonos\/#breadcrumb\"},\"inLanguage\":\"es\",\"potentialAction\":[{\"@type\":\"ReadAction\",\"target\":[\"https:\/\/dev.antudigital.cl\/sites\/vc\/el-cine-vuelve-al-teatro-pompeya-con-la-exhibicion-de-la-pelicula-analogos-y-los-colonos\/\"]}]},{\"@type\":\"ImageObject\",\"inLanguage\":\"es\",\"@id\":\"https:\/\/dev.antudigital.cl\/sites\/vc\/el-cine-vuelve-al-teatro-pompeya-con-la-exhibicion-de-la-pelicula-analogos-y-los-colonos\/#primaryimage\",\"url\":\"https:\/\/dev.antudigital.cl\/sites\/vc\/wp-content\/uploads\/2024\/04\/Los-Colonos-QLL-scaled.jpg\",\"contentUrl\":\"https:\/\/dev.antudigital.cl\/sites\/vc\/wp-content\/uploads\/2024\/04\/Los-Colonos-QLL-scaled.jpg\",\"width\":2560,\"height\":1707},{\"@type\":\"BreadcrumbList\",\"@id\":\"https:\/\/dev.antudigital.cl\/sites\/vc\/el-cine-vuelve-al-teatro-pompeya-con-la-exhibicion-de-la-pelicula-analogos-y-los-colonos\/#breadcrumb\",\"itemListElement\":[{\"@type\":\"ListItem\",\"position\":1,\"name\":\"Home\",\"item\":\"https:\/\/dev.antudigital.cl\/sites\/vc\/\"},{\"@type\":\"ListItem\",\"position\":2,\"name\":\"El cine vuelve al Teatro Pompeya con la exhibici\u00f3n de la pel\u00edcula \u201cAn\u00e1logos\u201d y \u201cLos Colonos\u201d\"}]},{\"@type\":\"WebSite\",\"@id\":\"https:\/\/dev.antudigital.cl\/sites\/vc\/#website\",\"url\":\"https:\/\/dev.antudigital.cl\/sites\/vc\/\",\"name\":\"Valpara\u00ed\u00adso Creativo\",\"description\":\"\",\"potentialAction\":[{\"@type\":\"SearchAction\",\"target\":{\"@type\":\"EntryPoint\",\"urlTemplate\":\"https:\/\/dev.antudigital.cl\/sites\/vc\/?s={search_term_string}\"},\"query-input\":{\"@type\":\"PropertyValueSpecification\",\"valueRequired\":true,\"valueName\":\"search_term_string\"}}],\"inLanguage\":\"es\"},{\"@type\":\"Person\",\"@id\":\"https:\/\/dev.antudigital.cl\/sites\/vc\/#\/schema\/person\/c2b9da8dd545e27166fc5ab232837318\",\"name\":\"Valpara\u00edso Creativo\",\"description\":\"Periodista de cultura en la Regi\u00f3n de Valpara\u00edso.\",\"url\":\"https:\/\/dev.antudigital.cl\/sites\/vc\/author\/valpoadmin\/\"}]}<\/script>\n<!-- \/ Yoast SEO plugin. -->","yoast_head_json":{"title":"El cine vuelve al Teatro Pompeya con la exhibici\u00f3n de la pel\u00edcula \u201cAn\u00e1logos\u201d y \u201cLos Colonos\u201d - Valpara\u00ed\u00adso Creativo","robots":{"index":"index","follow":"follow","max-snippet":"max-snippet:-1","max-image-preview":"max-image-preview:large","max-video-preview":"max-video-preview:-1"},"canonical":"https:\/\/dev.antudigital.cl\/sites\/vc\/el-cine-vuelve-al-teatro-pompeya-con-la-exhibicion-de-la-pelicula-analogos-y-los-colonos\/","og_locale":"es_ES","og_type":"article","og_title":"El cine vuelve al Teatro Pompeya con la exhibici\u00f3n de la pel\u00edcula \u201cAn\u00e1logos\u201d y \u201cLos Colonos\u201d - Valpara\u00ed\u00adso Creativo","og_description":"Tras dos a\u00f1os difundiendo el cine chileno en la comuna, el&nbsp;Centro Cultural Quilpu\u00e9 Audiovisual&nbsp;en colaboraci\u00f3n con el&nbsp;Departamento de Cultura y Patrimonio de la Municipalidad de Villa Alemana, realizar\u00e1 el lanzamiento de la Cartelera Anual de Cine Chileno en el Teatro Pompeya, lugar que ser\u00e1 la&nbsp;sala de cine&nbsp;para villalemaninos y villalemaninas. Al respecto, la alcaldesa\u00a0Javiera Toledo\u00a0expresa:\u00a0\u201cEl [&hellip;]","og_url":"https:\/\/dev.antudigital.cl\/sites\/vc\/el-cine-vuelve-al-teatro-pompeya-con-la-exhibicion-de-la-pelicula-analogos-y-los-colonos\/","og_site_name":"Valpara\u00ed\u00adso Creativo","article_published_time":"2024-04-22T13:06:48+00:00","og_image":[{"width":2560,"height":1707,"url":"https:\/\/dev.antudigital.cl\/sites\/vc\/wp-content\/uploads\/2024\/04\/Los-Colonos-QLL-scaled.jpg","type":"image\/jpeg"}],"author":"Valpara\u00edso Creativo","twitter_card":"summary_large_image","twitter_misc":{"Escrito por":"Valpara\u00edso Creativo","Tiempo de lectura":"4 minutos"},"schema":{"@context":"https:\/\/schema.org","@graph":[{"@type":"Article","@id":"https:\/\/dev.antudigital.cl\/sites\/vc\/el-cine-vuelve-al-teatro-pompeya-con-la-exhibicion-de-la-pelicula-analogos-y-los-colonos\/#article","isPartOf":{"@id":"https:\/\/dev.antudigital.cl\/sites\/vc\/el-cine-vuelve-al-teatro-pompeya-con-la-exhibicion-de-la-pelicula-analogos-y-los-colonos\/"},"author":{"name":"Valpara\u00edso Creativo","@id":"https:\/\/dev.antudigital.cl\/sites\/vc\/#\/schema\/person\/c2b9da8dd545e27166fc5ab232837318"},"headline":"El cine vuelve al Teatro Pompeya con la exhibici\u00f3n de la pel\u00edcula \u201cAn\u00e1logos\u201d y \u201cLos Colonos\u201d","datePublished":"2024-04-22T13:06:48+00:00","mainEntityOfPage":{"@id":"https:\/\/dev.antudigital.cl\/sites\/vc\/el-cine-vuelve-al-teatro-pompeya-con-la-exhibicion-de-la-pelicula-analogos-y-los-colonos\/"},"wordCount":764,"image":{"@id":"https:\/\/dev.antudigital.cl\/sites\/vc\/el-cine-vuelve-al-teatro-pompeya-con-la-exhibicion-de-la-pelicula-analogos-y-los-colonos\/#primaryimage"},"thumbnailUrl":"https:\/\/dev.antudigital.cl\/sites\/vc\/wp-content\/uploads\/2024\/04\/Los-Colonos-QLL-scaled.jpg","articleSection":["Noticia"],"inLanguage":"es"},{"@type":"WebPage","@id":"https:\/\/dev.antudigital.cl\/sites\/vc\/el-cine-vuelve-al-teatro-pompeya-con-la-exhibicion-de-la-pelicula-analogos-y-los-colonos\/","url":"https:\/\/dev.antudigital.cl\/sites\/vc\/el-cine-vuelve-al-teatro-pompeya-con-la-exhibicion-de-la-pelicula-analogos-y-los-colonos\/","name":"El cine vuelve al Teatro Pompeya con la exhibici\u00f3n de la pel\u00edcula \u201cAn\u00e1logos\u201d y \u201cLos Colonos\u201d - Valpara\u00ed\u00adso Creativo","isPartOf":{"@id":"https:\/\/dev.antudigital.cl\/sites\/vc\/#website"},"primaryImageOfPage":{"@id":"https:\/\/dev.antudigital.cl\/sites\/vc\/el-cine-vuelve-al-teatro-pompeya-con-la-exhibicion-de-la-pelicula-analogos-y-los-colonos\/#primaryimage"},"image":{"@id":"https:\/\/dev.antudigital.cl\/sites\/vc\/el-cine-vuelve-al-teatro-pompeya-con-la-exhibicion-de-la-pelicula-analogos-y-los-colonos\/#primaryimage"},"thumbnailUrl":"https:\/\/dev.antudigital.cl\/sites\/vc\/wp-content\/uploads\/2024\/04\/Los-Colonos-QLL-scaled.jpg","datePublished":"2024-04-22T13:06:48+00:00","author":{"@id":"https:\/\/dev.antudigital.cl\/sites\/vc\/#\/schema\/person\/c2b9da8dd545e27166fc5ab232837318"},"breadcrumb":{"@id":"https:\/\/dev.antudigital.cl\/sites\/vc\/el-cine-vuelve-al-teatro-pompeya-con-la-exhibicion-de-la-pelicula-analogos-y-los-colonos\/#breadcrumb"},"inLanguage":"es","potentialAction":[{"@type":"ReadAction","target":["https:\/\/dev.antudigital.cl\/sites\/vc\/el-cine-vuelve-al-teatro-pompeya-con-la-exhibicion-de-la-pelicula-analogos-y-los-colonos\/"]}]},{"@type":"ImageObject","inLanguage":"es","@id":"https:\/\/dev.antudigital.cl\/sites\/vc\/el-cine-vuelve-al-teatro-pompeya-con-la-exhibicion-de-la-pelicula-analogos-y-los-colonos\/#primaryimage","url":"https:\/\/dev.antudigital.cl\/sites\/vc\/wp-content\/uploads\/2024\/04\/Los-Colonos-QLL-scaled.jpg","contentUrl":"https:\/\/dev.antudigital.cl\/sites\/vc\/wp-content\/uploads\/2024\/04\/Los-Colonos-QLL-scaled.jpg","width":2560,"height":1707},{"@type":"BreadcrumbList","@id":"https:\/\/dev.antudigital.cl\/sites\/vc\/el-cine-vuelve-al-teatro-pompeya-con-la-exhibicion-de-la-pelicula-analogos-y-los-colonos\/#breadcrumb","itemListElement":[{"@type":"ListItem","position":1,"name":"Home","item":"https:\/\/dev.antudigital.cl\/sites\/vc\/"},{"@type":"ListItem","position":2,"name":"El cine vuelve al Teatro Pompeya con la exhibici\u00f3n de la pel\u00edcula \u201cAn\u00e1logos\u201d y \u201cLos Colonos\u201d"}]},{"@type":"WebSite","@id":"https:\/\/dev.antudigital.cl\/sites\/vc\/#website","url":"https:\/\/dev.antudigital.cl\/sites\/vc\/","name":"Valpara\u00ed\u00adso Creativo","description":"","potentialAction":[{"@type":"SearchAction","target":{"@type":"EntryPoint","urlTemplate":"https:\/\/dev.antudigital.cl\/sites\/vc\/?s={search_term_string}"},"query-input":{"@type":"PropertyValueSpecification","valueRequired":true,"valueName":"search_term_string"}}],"inLanguage":"es"},{"@type":"Person","@id":"https:\/\/dev.antudigital.cl\/sites\/vc\/#\/schema\/person\/c2b9da8dd545e27166fc5ab232837318","name":"Valpara\u00edso Creativo","description":"Periodista de cultura en la Regi\u00f3n de Valpara\u00edso.","url":"https:\/\/dev.antudigital.cl\/sites\/vc\/author\/valpoadmin\/"}]}},"_links":{"self":[{"href":"https:\/\/dev.antudigital.cl\/sites\/vc\/wp-json\/wp\/v2\/posts\/18921","targetHints":{"allow":["GET"]}}],"collection":[{"href":"https:\/\/dev.antudigital.cl\/sites\/vc\/wp-json\/wp\/v2\/posts"}],"about":[{"href":"https:\/\/dev.antudigital.cl\/sites\/vc\/wp-json\/wp\/v2\/types\/post"}],"author":[{"embeddable":true,"href":"https:\/\/dev.antudigital.cl\/sites\/vc\/wp-json\/wp\/v2\/users\/1"}],"replies":[{"embeddable":true,"href":"https:\/\/dev.antudigital.cl\/sites\/vc\/wp-json\/wp\/v2\/comments?post=18921"}],"version-history":[{"count":1,"href":"https:\/\/dev.antudigital.cl\/sites\/vc\/wp-json\/wp\/v2\/posts\/18921\/revisions"}],"predecessor-version":[{"id":18926,"href":"https:\/\/dev.antudigital.cl\/sites\/vc\/wp-json\/wp\/v2\/posts\/18921\/revisions\/18926"}],"wp:featuredmedia":[{"embeddable":true,"href":"https:\/\/dev.antudigital.cl\/sites\/vc\/wp-json\/wp\/v2\/media\/18924"}],"wp:attachment":[{"href":"https:\/\/dev.antudigital.cl\/sites\/vc\/wp-json\/wp\/v2\/media?parent=18921"}],"wp:term":[{"taxonomy":"category","embeddable":true,"href":"https:\/\/dev.antudigital.cl\/sites\/vc\/wp-json\/wp\/v2\/categories?post=18921"},{"taxonomy":"post_tag","embeddable":true,"href":"https:\/\/dev.antudigital.cl\/sites\/vc\/wp-json\/wp\/v2\/tags?post=18921"}],"curies":[{"name":"wp","href":"https:\/\/api.w.org\/{rel}","templated":true}]}}