{"id":18927,"date":"2024-04-18T13:27:39","date_gmt":"2024-04-18T13:27:39","guid":{"rendered":"https:\/\/www.valparaisocreativo.cl\/?p=18927"},"modified":"2024-04-22T13:28:21","modified_gmt":"2024-04-22T13:28:21","slug":"invitados-internacionales-de-micsur-chile-2024-recorreran-valparaiso-este-domingo","status":"publish","type":"post","link":"https:\/\/dev.antudigital.cl\/sites\/vc\/invitados-internacionales-de-micsur-chile-2024-recorreran-valparaiso-este-domingo\/","title":{"rendered":"INVITADOS INTERNACIONALES DE MICSUR CHILE 2024 RECORRER\u00c1N VALPARA\u00cdSO ESTE DOMINGO"},"content":{"rendered":"\n<p><a href=\"https:\/\/micsur.cultura.gob.cl\/\" target=\"_blank\" rel=\"noreferrer noopener\"><strong><em>MICSUR<\/em><\/strong><\/a><strong><em>, Mercado de Industrias Culturales del Sur, inaugurado ayer por el presidente Gabriel Boric, se realiza por vez primera en Chile entre el 17 y 20 de abril en el Museo Nacional de Bellas Artes y el Museo de Arte Contempor\u00e1neo, ubicados en el Palacio de Bellas Artes del Parque Forestal y, entre sus variadas actividades, incluye un paseo patrimonial de invitados internacionales por la ciudad puerto, a cargo del Instituto Profesional ARCOS, el d\u00eda domingo 21.<\/em><\/strong><strong><em><\/em><\/strong><\/p>\n\n\n\n<p>El Instituto, miembro de la&nbsp;<a href=\"https:\/\/redterritorioscreativos.chilecreativo.cl\/\" target=\"_blank\" rel=\"noreferrer noopener\">Red Nacional de Territorios Creativos<\/a>&nbsp;por su participaci\u00f3n en&nbsp;<a href=\"https:\/\/www.valparaisocreativo.cl\/\" target=\"_blank\" rel=\"noreferrer noopener\">Valpara\u00edso Creativo<\/a>&nbsp;y Territorio Pe\u00f1alol\u00e9n Creativa, realizar\u00e1 la actividad justamente el d\u00eda Internacional de la Creatividad, el domingo 21 de abril.<\/p>\n\n\n\n<p>Durante la jornada, a la que ya confirm\u00f3 asistencia&nbsp;<a href=\"https:\/\/micsur.cultura.gob.cl\/evento\/living-micsur-con-javier-gomez-santander\/\" target=\"_blank\" rel=\"noreferrer noopener\">Javier G\u00f3mez Santander<\/a>, guionista de la serie espa\u00f1ola&nbsp;<strong>La Casa de Papel<\/strong>,&nbsp;los asistentes tendr\u00e1n la oportunidad de sumergirse en un atractivo circuito del Gremio de Galer\u00edas y Museos de Artes Valpara\u00edso Arte Contempor\u00e1neo (<a href=\"https:\/\/www.instagram.com\/vac.valparaiso\/\" target=\"_blank\" rel=\"noreferrer noopener\">VAC<\/a>), a trav\u00e9s de un recorrido patrimonial, donde pasar\u00e1n, por ejemplo, por el&nbsp;<a href=\"https:\/\/www.instagram.com\/museobaburizza\" target=\"_blank\" rel=\"noreferrer noopener\">Museo Baburizza<\/a>.<\/p>\n\n\n\n<p>Todo comenzar\u00e1 cerca de las 11:00 de la ma\u00f1ana, cuando sean recibidos en el caf\u00e9-taller&nbsp;<a href=\"https:\/\/www.instagram.com\/casaplanchile\/\" target=\"_blank\" rel=\"noreferrer noopener\">Casa Plan<\/a>, lugar donde apreciar\u00e1n una exposici\u00f3n y su la sala de grabado, para ya cerca del mediod\u00eda vivir la experiencia de&nbsp;<a href=\"https:\/\/www.instagram.com\/camaralucidachile\/\" target=\"_blank\" rel=\"noreferrer noopener\">C\u00e1mara L\u00facida<\/a>, un espacio emblem\u00e1tico para la experimentaci\u00f3n fotogr\u00e1fica. Posteriormente, se trasladar\u00e1n a la galer\u00eda de arte&nbsp;<a href=\"https:\/\/www.instagram.com\/galeriabahiautopica\/\" target=\"_blank\" rel=\"noreferrer noopener\">Bah\u00eda Ut\u00f3pica<\/a>, ubicada en el Cerro Concepci\u00f3n.<\/p>\n\n\n\n<p>M\u00e1s tarde, la visita seguir\u00e1 en&nbsp;<a href=\"https:\/\/www.instagram.com\/judasgaleria\" target=\"_blank\" rel=\"noreferrer noopener\">Judas Galer\u00eda<\/a>, lugar dedicado al arte contempor\u00e1neo y la promoci\u00f3n de talentos nacionales, para despu\u00e9s descansar y almorzar en el restaurante&nbsp;<a href=\"https:\/\/www.instagram.com\/versohotel\/\" target=\"_blank\" rel=\"noreferrer noopener\">Verso<\/a>, donde disfrutar\u00e1n no solo de su gastronom\u00eda, sino de una vista panor\u00e1mica a la bah\u00eda de la ciudad.<\/p>\n\n\n\n<p>Finalmente, a las 15:45 horas llegar\u00e1n al Campus Valpara\u00edso de&nbsp;<a href=\"https:\/\/www.arcos.cl\/\" target=\"_blank\" rel=\"noreferrer noopener\">I.P. ARCOS<\/a>, donde se llevar\u00e1 a cabo una reuni\u00f3n con agentes de industria y econom\u00eda creativa local, pero donde tambi\u00e9n disfrutar\u00e1n de un showcase de m\u00fasica en vivo a cargo de artistas regionales como&nbsp;<a href=\"https:\/\/www.instagram.com\/mora_lucay\/\" target=\"_blank\" rel=\"noreferrer noopener\">Mora Lucay<\/a>&nbsp;y&nbsp;<a href=\"https:\/\/www.instagram.com\/zencillaa\/\" target=\"_blank\" rel=\"noreferrer noopener\">Zencilla<\/a>.<\/p>\n\n\n\n<p><br>Tom\u00e1s Albagly, director de I.P. ARCOS regi\u00f3n de Valpara\u00edso indica que \u00abdesde que supimos que Chile ser\u00eda la sede MICSUR 2024, estuvimos muy atentos desde Valpara\u00edso, territorio creativo por excelencia, para sumarnos y aportar a la descentralizaci\u00f3n de las econom\u00edas creativas. Y esto se har\u00e1 realidad este domingo 21, en que invitados internacionales y la comunidad art\u00edstica local de la regi\u00f3n de Valpara\u00edso se encontrar\u00e1n para compartir visiones y generar alianzas y redes. Y&nbsp;esto solo ha sido posible gracias a la virtuosa alianza entre&nbsp;<a href=\"https:\/\/www.instagram.com\/valpocreativo\/\" target=\"_blank\" rel=\"noreferrer noopener\">Valpara\u00edso Creativo<\/a>, VAC, MINCAP y el Instituto Profesional ARCOS\u00bb.<\/p>\n","protected":false},"excerpt":{"rendered":"<p>MICSUR, Mercado de Industrias Culturales del Sur, inaugurado ayer por el presidente Gabriel Boric, se realiza por vez primera en Chile entre el 17 y 20 de abril en el Museo Nacional de Bellas Artes y el Museo de Arte Contempor\u00e1neo, ubicados en el Palacio de Bellas Artes del Parque Forestal y, entre sus variadas [&hellip;]<\/p>\n","protected":false},"author":1,"featured_media":18928,"comment_status":"closed","ping_status":"closed","sticky":false,"template":"","format":"standard","meta":{"_acf_changed":false,"footnotes":""},"categories":[218],"tags":[],"class_list":["post-18927","post","type-post","status-publish","format-standard","has-post-thumbnail","hentry","category-blog"],"acf":[],"yoast_head":"<!-- This site is optimized with the Yoast SEO plugin v27.1.1 - https:\/\/yoast.com\/product\/yoast-seo-wordpress\/ -->\n<title>INVITADOS INTERNACIONALES DE MICSUR CHILE 2024 RECORRER\u00c1N VALPARA\u00cdSO ESTE DOMINGO - Valpara\u00ed\u00adso Creativo<\/title>\n<meta name=\"robots\" content=\"index, follow, max-snippet:-1, max-image-preview:large, max-video-preview:-1\" \/>\n<link rel=\"canonical\" href=\"https:\/\/dev.antudigital.cl\/sites\/vc\/invitados-internacionales-de-micsur-chile-2024-recorreran-valparaiso-este-domingo\/\" \/>\n<meta property=\"og:locale\" content=\"es_ES\" \/>\n<meta property=\"og:type\" content=\"article\" \/>\n<meta property=\"og:title\" content=\"INVITADOS INTERNACIONALES DE MICSUR CHILE 2024 RECORRER\u00c1N VALPARA\u00cdSO ESTE DOMINGO - Valpara\u00ed\u00adso Creativo\" \/>\n<meta property=\"og:description\" content=\"MICSUR, Mercado de Industrias Culturales del Sur, inaugurado ayer por el presidente Gabriel Boric, se realiza por vez primera en Chile entre el 17 y 20 de abril en el Museo Nacional de Bellas Artes y el Museo de Arte Contempor\u00e1neo, ubicados en el Palacio de Bellas Artes del Parque Forestal y, entre sus variadas [&hellip;]\" \/>\n<meta property=\"og:url\" content=\"https:\/\/dev.antudigital.cl\/sites\/vc\/invitados-internacionales-de-micsur-chile-2024-recorreran-valparaiso-este-domingo\/\" \/>\n<meta property=\"og:site_name\" content=\"Valpara\u00ed\u00adso Creativo\" \/>\n<meta property=\"article:published_time\" content=\"2024-04-18T13:27:39+00:00\" \/>\n<meta property=\"article:modified_time\" content=\"2024-04-22T13:28:21+00:00\" \/>\n<meta property=\"og:image\" content=\"https:\/\/dev.antudigital.cl\/sites\/vc\/wp-content\/uploads\/2024\/04\/MICSUR-INAUGURA-PTE-G-BORIC-foto-Constanza-Miranda-scaled.jpg\" \/>\n\t<meta property=\"og:image:width\" content=\"2560\" \/>\n\t<meta property=\"og:image:height\" content=\"1707\" \/>\n\t<meta property=\"og:image:type\" content=\"image\/jpeg\" \/>\n<meta name=\"author\" content=\"Valpara\u00edso Creativo\" \/>\n<meta name=\"twitter:card\" content=\"summary_large_image\" \/>\n<meta name=\"twitter:label1\" content=\"Escrito por\" \/>\n\t<meta name=\"twitter:data1\" content=\"Valpara\u00edso Creativo\" \/>\n\t<meta name=\"twitter:label2\" content=\"Tiempo de lectura\" \/>\n\t<meta name=\"twitter:data2\" content=\"3 minutos\" \/>\n<script type=\"application\/ld+json\" class=\"yoast-schema-graph\">{\"@context\":\"https:\/\/schema.org\",\"@graph\":[{\"@type\":\"Article\",\"@id\":\"https:\/\/dev.antudigital.cl\/sites\/vc\/invitados-internacionales-de-micsur-chile-2024-recorreran-valparaiso-este-domingo\/#article\",\"isPartOf\":{\"@id\":\"https:\/\/dev.antudigital.cl\/sites\/vc\/invitados-internacionales-de-micsur-chile-2024-recorreran-valparaiso-este-domingo\/\"},\"author\":{\"name\":\"Valpara\u00edso Creativo\",\"@id\":\"https:\/\/dev.antudigital.cl\/sites\/vc\/#\/schema\/person\/c2b9da8dd545e27166fc5ab232837318\"},\"headline\":\"INVITADOS INTERNACIONALES DE MICSUR CHILE 2024 RECORRER\u00c1N VALPARA\u00cdSO ESTE DOMINGO\",\"datePublished\":\"2024-04-18T13:27:39+00:00\",\"dateModified\":\"2024-04-22T13:28:21+00:00\",\"mainEntityOfPage\":{\"@id\":\"https:\/\/dev.antudigital.cl\/sites\/vc\/invitados-internacionales-de-micsur-chile-2024-recorreran-valparaiso-este-domingo\/\"},\"wordCount\":501,\"image\":{\"@id\":\"https:\/\/dev.antudigital.cl\/sites\/vc\/invitados-internacionales-de-micsur-chile-2024-recorreran-valparaiso-este-domingo\/#primaryimage\"},\"thumbnailUrl\":\"https:\/\/dev.antudigital.cl\/sites\/vc\/wp-content\/uploads\/2024\/04\/MICSUR-INAUGURA-PTE-G-BORIC-foto-Constanza-Miranda-scaled.jpg\",\"articleSection\":[\"Blog\"],\"inLanguage\":\"es\"},{\"@type\":\"WebPage\",\"@id\":\"https:\/\/dev.antudigital.cl\/sites\/vc\/invitados-internacionales-de-micsur-chile-2024-recorreran-valparaiso-este-domingo\/\",\"url\":\"https:\/\/dev.antudigital.cl\/sites\/vc\/invitados-internacionales-de-micsur-chile-2024-recorreran-valparaiso-este-domingo\/\",\"name\":\"INVITADOS INTERNACIONALES DE MICSUR CHILE 2024 RECORRER\u00c1N VALPARA\u00cdSO ESTE DOMINGO - Valpara\u00ed\u00adso Creativo\",\"isPartOf\":{\"@id\":\"https:\/\/dev.antudigital.cl\/sites\/vc\/#website\"},\"primaryImageOfPage\":{\"@id\":\"https:\/\/dev.antudigital.cl\/sites\/vc\/invitados-internacionales-de-micsur-chile-2024-recorreran-valparaiso-este-domingo\/#primaryimage\"},\"image\":{\"@id\":\"https:\/\/dev.antudigital.cl\/sites\/vc\/invitados-internacionales-de-micsur-chile-2024-recorreran-valparaiso-este-domingo\/#primaryimage\"},\"thumbnailUrl\":\"https:\/\/dev.antudigital.cl\/sites\/vc\/wp-content\/uploads\/2024\/04\/MICSUR-INAUGURA-PTE-G-BORIC-foto-Constanza-Miranda-scaled.jpg\",\"datePublished\":\"2024-04-18T13:27:39+00:00\",\"dateModified\":\"2024-04-22T13:28:21+00:00\",\"author\":{\"@id\":\"https:\/\/dev.antudigital.cl\/sites\/vc\/#\/schema\/person\/c2b9da8dd545e27166fc5ab232837318\"},\"breadcrumb\":{\"@id\":\"https:\/\/dev.antudigital.cl\/sites\/vc\/invitados-internacionales-de-micsur-chile-2024-recorreran-valparaiso-este-domingo\/#breadcrumb\"},\"inLanguage\":\"es\",\"potentialAction\":[{\"@type\":\"ReadAction\",\"target\":[\"https:\/\/dev.antudigital.cl\/sites\/vc\/invitados-internacionales-de-micsur-chile-2024-recorreran-valparaiso-este-domingo\/\"]}]},{\"@type\":\"ImageObject\",\"inLanguage\":\"es\",\"@id\":\"https:\/\/dev.antudigital.cl\/sites\/vc\/invitados-internacionales-de-micsur-chile-2024-recorreran-valparaiso-este-domingo\/#primaryimage\",\"url\":\"https:\/\/dev.antudigital.cl\/sites\/vc\/wp-content\/uploads\/2024\/04\/MICSUR-INAUGURA-PTE-G-BORIC-foto-Constanza-Miranda-scaled.jpg\",\"contentUrl\":\"https:\/\/dev.antudigital.cl\/sites\/vc\/wp-content\/uploads\/2024\/04\/MICSUR-INAUGURA-PTE-G-BORIC-foto-Constanza-Miranda-scaled.jpg\",\"width\":2560,\"height\":1707},{\"@type\":\"BreadcrumbList\",\"@id\":\"https:\/\/dev.antudigital.cl\/sites\/vc\/invitados-internacionales-de-micsur-chile-2024-recorreran-valparaiso-este-domingo\/#breadcrumb\",\"itemListElement\":[{\"@type\":\"ListItem\",\"position\":1,\"name\":\"Home\",\"item\":\"https:\/\/dev.antudigital.cl\/sites\/vc\/\"},{\"@type\":\"ListItem\",\"position\":2,\"name\":\"INVITADOS INTERNACIONALES DE MICSUR CHILE 2024 RECORRER\u00c1N VALPARA\u00cdSO ESTE DOMINGO\"}]},{\"@type\":\"WebSite\",\"@id\":\"https:\/\/dev.antudigital.cl\/sites\/vc\/#website\",\"url\":\"https:\/\/dev.antudigital.cl\/sites\/vc\/\",\"name\":\"Valpara\u00ed\u00adso Creativo\",\"description\":\"\",\"potentialAction\":[{\"@type\":\"SearchAction\",\"target\":{\"@type\":\"EntryPoint\",\"urlTemplate\":\"https:\/\/dev.antudigital.cl\/sites\/vc\/?s={search_term_string}\"},\"query-input\":{\"@type\":\"PropertyValueSpecification\",\"valueRequired\":true,\"valueName\":\"search_term_string\"}}],\"inLanguage\":\"es\"},{\"@type\":\"Person\",\"@id\":\"https:\/\/dev.antudigital.cl\/sites\/vc\/#\/schema\/person\/c2b9da8dd545e27166fc5ab232837318\",\"name\":\"Valpara\u00edso Creativo\",\"description\":\"Periodista de cultura en la Regi\u00f3n de Valpara\u00edso.\",\"url\":\"https:\/\/dev.antudigital.cl\/sites\/vc\/author\/valpoadmin\/\"}]}<\/script>\n<!-- \/ Yoast SEO plugin. -->","yoast_head_json":{"title":"INVITADOS INTERNACIONALES DE MICSUR CHILE 2024 RECORRER\u00c1N VALPARA\u00cdSO ESTE DOMINGO - Valpara\u00ed\u00adso Creativo","robots":{"index":"index","follow":"follow","max-snippet":"max-snippet:-1","max-image-preview":"max-image-preview:large","max-video-preview":"max-video-preview:-1"},"canonical":"https:\/\/dev.antudigital.cl\/sites\/vc\/invitados-internacionales-de-micsur-chile-2024-recorreran-valparaiso-este-domingo\/","og_locale":"es_ES","og_type":"article","og_title":"INVITADOS INTERNACIONALES DE MICSUR CHILE 2024 RECORRER\u00c1N VALPARA\u00cdSO ESTE DOMINGO - Valpara\u00ed\u00adso Creativo","og_description":"MICSUR, Mercado de Industrias Culturales del Sur, inaugurado ayer por el presidente Gabriel Boric, se realiza por vez primera en Chile entre el 17 y 20 de abril en el Museo Nacional de Bellas Artes y el Museo de Arte Contempor\u00e1neo, ubicados en el Palacio de Bellas Artes del Parque Forestal y, entre sus variadas [&hellip;]","og_url":"https:\/\/dev.antudigital.cl\/sites\/vc\/invitados-internacionales-de-micsur-chile-2024-recorreran-valparaiso-este-domingo\/","og_site_name":"Valpara\u00ed\u00adso Creativo","article_published_time":"2024-04-18T13:27:39+00:00","article_modified_time":"2024-04-22T13:28:21+00:00","og_image":[{"width":2560,"height":1707,"url":"https:\/\/dev.antudigital.cl\/sites\/vc\/wp-content\/uploads\/2024\/04\/MICSUR-INAUGURA-PTE-G-BORIC-foto-Constanza-Miranda-scaled.jpg","type":"image\/jpeg"}],"author":"Valpara\u00edso Creativo","twitter_card":"summary_large_image","twitter_misc":{"Escrito por":"Valpara\u00edso Creativo","Tiempo de lectura":"3 minutos"},"schema":{"@context":"https:\/\/schema.org","@graph":[{"@type":"Article","@id":"https:\/\/dev.antudigital.cl\/sites\/vc\/invitados-internacionales-de-micsur-chile-2024-recorreran-valparaiso-este-domingo\/#article","isPartOf":{"@id":"https:\/\/dev.antudigital.cl\/sites\/vc\/invitados-internacionales-de-micsur-chile-2024-recorreran-valparaiso-este-domingo\/"},"author":{"name":"Valpara\u00edso Creativo","@id":"https:\/\/dev.antudigital.cl\/sites\/vc\/#\/schema\/person\/c2b9da8dd545e27166fc5ab232837318"},"headline":"INVITADOS INTERNACIONALES DE MICSUR CHILE 2024 RECORRER\u00c1N VALPARA\u00cdSO ESTE DOMINGO","datePublished":"2024-04-18T13:27:39+00:00","dateModified":"2024-04-22T13:28:21+00:00","mainEntityOfPage":{"@id":"https:\/\/dev.antudigital.cl\/sites\/vc\/invitados-internacionales-de-micsur-chile-2024-recorreran-valparaiso-este-domingo\/"},"wordCount":501,"image":{"@id":"https:\/\/dev.antudigital.cl\/sites\/vc\/invitados-internacionales-de-micsur-chile-2024-recorreran-valparaiso-este-domingo\/#primaryimage"},"thumbnailUrl":"https:\/\/dev.antudigital.cl\/sites\/vc\/wp-content\/uploads\/2024\/04\/MICSUR-INAUGURA-PTE-G-BORIC-foto-Constanza-Miranda-scaled.jpg","articleSection":["Blog"],"inLanguage":"es"},{"@type":"WebPage","@id":"https:\/\/dev.antudigital.cl\/sites\/vc\/invitados-internacionales-de-micsur-chile-2024-recorreran-valparaiso-este-domingo\/","url":"https:\/\/dev.antudigital.cl\/sites\/vc\/invitados-internacionales-de-micsur-chile-2024-recorreran-valparaiso-este-domingo\/","name":"INVITADOS INTERNACIONALES DE MICSUR CHILE 2024 RECORRER\u00c1N VALPARA\u00cdSO ESTE DOMINGO - Valpara\u00ed\u00adso Creativo","isPartOf":{"@id":"https:\/\/dev.antudigital.cl\/sites\/vc\/#website"},"primaryImageOfPage":{"@id":"https:\/\/dev.antudigital.cl\/sites\/vc\/invitados-internacionales-de-micsur-chile-2024-recorreran-valparaiso-este-domingo\/#primaryimage"},"image":{"@id":"https:\/\/dev.antudigital.cl\/sites\/vc\/invitados-internacionales-de-micsur-chile-2024-recorreran-valparaiso-este-domingo\/#primaryimage"},"thumbnailUrl":"https:\/\/dev.antudigital.cl\/sites\/vc\/wp-content\/uploads\/2024\/04\/MICSUR-INAUGURA-PTE-G-BORIC-foto-Constanza-Miranda-scaled.jpg","datePublished":"2024-04-18T13:27:39+00:00","dateModified":"2024-04-22T13:28:21+00:00","author":{"@id":"https:\/\/dev.antudigital.cl\/sites\/vc\/#\/schema\/person\/c2b9da8dd545e27166fc5ab232837318"},"breadcrumb":{"@id":"https:\/\/dev.antudigital.cl\/sites\/vc\/invitados-internacionales-de-micsur-chile-2024-recorreran-valparaiso-este-domingo\/#breadcrumb"},"inLanguage":"es","potentialAction":[{"@type":"ReadAction","target":["https:\/\/dev.antudigital.cl\/sites\/vc\/invitados-internacionales-de-micsur-chile-2024-recorreran-valparaiso-este-domingo\/"]}]},{"@type":"ImageObject","inLanguage":"es","@id":"https:\/\/dev.antudigital.cl\/sites\/vc\/invitados-internacionales-de-micsur-chile-2024-recorreran-valparaiso-este-domingo\/#primaryimage","url":"https:\/\/dev.antudigital.cl\/sites\/vc\/wp-content\/uploads\/2024\/04\/MICSUR-INAUGURA-PTE-G-BORIC-foto-Constanza-Miranda-scaled.jpg","contentUrl":"https:\/\/dev.antudigital.cl\/sites\/vc\/wp-content\/uploads\/2024\/04\/MICSUR-INAUGURA-PTE-G-BORIC-foto-Constanza-Miranda-scaled.jpg","width":2560,"height":1707},{"@type":"BreadcrumbList","@id":"https:\/\/dev.antudigital.cl\/sites\/vc\/invitados-internacionales-de-micsur-chile-2024-recorreran-valparaiso-este-domingo\/#breadcrumb","itemListElement":[{"@type":"ListItem","position":1,"name":"Home","item":"https:\/\/dev.antudigital.cl\/sites\/vc\/"},{"@type":"ListItem","position":2,"name":"INVITADOS INTERNACIONALES DE MICSUR CHILE 2024 RECORRER\u00c1N VALPARA\u00cdSO ESTE DOMINGO"}]},{"@type":"WebSite","@id":"https:\/\/dev.antudigital.cl\/sites\/vc\/#website","url":"https:\/\/dev.antudigital.cl\/sites\/vc\/","name":"Valpara\u00ed\u00adso Creativo","description":"","potentialAction":[{"@type":"SearchAction","target":{"@type":"EntryPoint","urlTemplate":"https:\/\/dev.antudigital.cl\/sites\/vc\/?s={search_term_string}"},"query-input":{"@type":"PropertyValueSpecification","valueRequired":true,"valueName":"search_term_string"}}],"inLanguage":"es"},{"@type":"Person","@id":"https:\/\/dev.antudigital.cl\/sites\/vc\/#\/schema\/person\/c2b9da8dd545e27166fc5ab232837318","name":"Valpara\u00edso Creativo","description":"Periodista de cultura en la Regi\u00f3n de Valpara\u00edso.","url":"https:\/\/dev.antudigital.cl\/sites\/vc\/author\/valpoadmin\/"}]}},"_links":{"self":[{"href":"https:\/\/dev.antudigital.cl\/sites\/vc\/wp-json\/wp\/v2\/posts\/18927","targetHints":{"allow":["GET"]}}],"collection":[{"href":"https:\/\/dev.antudigital.cl\/sites\/vc\/wp-json\/wp\/v2\/posts"}],"about":[{"href":"https:\/\/dev.antudigital.cl\/sites\/vc\/wp-json\/wp\/v2\/types\/post"}],"author":[{"embeddable":true,"href":"https:\/\/dev.antudigital.cl\/sites\/vc\/wp-json\/wp\/v2\/users\/1"}],"replies":[{"embeddable":true,"href":"https:\/\/dev.antudigital.cl\/sites\/vc\/wp-json\/wp\/v2\/comments?post=18927"}],"version-history":[{"count":1,"href":"https:\/\/dev.antudigital.cl\/sites\/vc\/wp-json\/wp\/v2\/posts\/18927\/revisions"}],"predecessor-version":[{"id":18929,"href":"https:\/\/dev.antudigital.cl\/sites\/vc\/wp-json\/wp\/v2\/posts\/18927\/revisions\/18929"}],"wp:featuredmedia":[{"embeddable":true,"href":"https:\/\/dev.antudigital.cl\/sites\/vc\/wp-json\/wp\/v2\/media\/18928"}],"wp:attachment":[{"href":"https:\/\/dev.antudigital.cl\/sites\/vc\/wp-json\/wp\/v2\/media?parent=18927"}],"wp:term":[{"taxonomy":"category","embeddable":true,"href":"https:\/\/dev.antudigital.cl\/sites\/vc\/wp-json\/wp\/v2\/categories?post=18927"},{"taxonomy":"post_tag","embeddable":true,"href":"https:\/\/dev.antudigital.cl\/sites\/vc\/wp-json\/wp\/v2\/tags?post=18927"}],"curies":[{"name":"wp","href":"https:\/\/api.w.org\/{rel}","templated":true}]}}