{"id":18931,"date":"2024-04-18T20:54:07","date_gmt":"2024-04-18T20:54:07","guid":{"rendered":"https:\/\/www.valparaisocreativo.cl\/?p=18931"},"modified":"2024-04-22T20:57:15","modified_gmt":"2024-04-22T20:57:15","slug":"lanzamiento-temporada-teatral-sala-negra-crisis-esperanza-y-lucha-social","status":"publish","type":"post","link":"https:\/\/dev.antudigital.cl\/sites\/vc\/lanzamiento-temporada-teatral-sala-negra-crisis-esperanza-y-lucha-social\/","title":{"rendered":"LANZAMIENTO TEMPORADA TEATRAL SALA NEGRA: Crisis, esperanza y lucha social"},"content":{"rendered":"\n<p><strong>El viernes 19 de abril a las 19:00 horas es el Lanzamiento de la Temporada Teatral Anual Sala Negra 2024<\/strong>, compuesta por siete obras seleccionadas por el Comit\u00e9 de P\u00fablicos Programadores, cuatro obras de circulaci\u00f3n FONDART, proyectos emblem\u00e1ticos como lo es el Festival de Creaci\u00f3n Juan Barattini Carvelli, El Encuentro Interdisciplinario en torno al Cuerpo NAVICULAR, el proyecto de vinculaci\u00f3n territorial Escalera Arriba y otras sorpresas.<\/p>\n\n\n\n<p>Neoliberalismo, identidad, memoria, futuro, lucha medioambiental y disidencia sexual son algunos de los temas que componen la cartelera. Las funciones ser\u00e1n viernes y s\u00e1bados a las 19:00 horas en Av. Brasil 1647, Valpara\u00edso. <strong>\u201cK\/ONFERENCIA\u201d<\/strong>, de la Ruleta Teatro, es la obra que abre la Temporada los d\u00edas 26 y 27 de abril, seguida por <strong>\u201cRomeo y Julieta de la Caleta\u201d<\/strong>,<strong> <\/strong>de Teatro Chile-No, el 3 y 4 de mayo, llegando a celebrar el D\u00eda Nacional del Teatro los d\u00edas 10 y 11 de mayo con <strong>\u201cANDAR. Prueba esc\u00e9nica de imaginarios\u201d<\/strong>, de Denisse Duarte Medina.\u00a0<\/p>\n\n\n\n<figure class=\"wp-block-image size-large\"><img fetchpriority=\"high\" decoding=\"async\" width=\"1024\" height=\"612\" src=\"https:\/\/www.valparaisocreativo.cl\/wp-content\/uploads\/2024\/04\/Captura-de-Pantalla-2024-04-22-a-las-16.51.34-1024x612.png\" alt=\"\" class=\"wp-image-18934\" srcset=\"https:\/\/dev.antudigital.cl\/sites\/vc\/wp-content\/uploads\/2024\/04\/Captura-de-Pantalla-2024-04-22-a-las-16.51.34-1024x612.png 1024w, https:\/\/dev.antudigital.cl\/sites\/vc\/wp-content\/uploads\/2024\/04\/Captura-de-Pantalla-2024-04-22-a-las-16.51.34-300x179.png 300w, https:\/\/dev.antudigital.cl\/sites\/vc\/wp-content\/uploads\/2024\/04\/Captura-de-Pantalla-2024-04-22-a-las-16.51.34-768x459.png 768w, https:\/\/dev.antudigital.cl\/sites\/vc\/wp-content\/uploads\/2024\/04\/Captura-de-Pantalla-2024-04-22-a-las-16.51.34-980x586.png 980w, https:\/\/dev.antudigital.cl\/sites\/vc\/wp-content\/uploads\/2024\/04\/Captura-de-Pantalla-2024-04-22-a-las-16.51.34-480x287.png 480w, https:\/\/dev.antudigital.cl\/sites\/vc\/wp-content\/uploads\/2024\/04\/Captura-de-Pantalla-2024-04-22-a-las-16.51.34-24x14.png 24w, https:\/\/dev.antudigital.cl\/sites\/vc\/wp-content\/uploads\/2024\/04\/Captura-de-Pantalla-2024-04-22-a-las-16.51.34-36x22.png 36w, https:\/\/dev.antudigital.cl\/sites\/vc\/wp-content\/uploads\/2024\/04\/Captura-de-Pantalla-2024-04-22-a-las-16.51.34-48x29.png 48w, https:\/\/dev.antudigital.cl\/sites\/vc\/wp-content\/uploads\/2024\/04\/Captura-de-Pantalla-2024-04-22-a-las-16.51.34.png 1047w\" sizes=\"(max-width: 1024px) 100vw, 1024px\" \/><\/figure>\n\n\n\n<p><strong>Mediaci\u00f3n<\/strong><\/p>\n\n\n\n<p><strong>Los viernes a las 12:00, previo a cada funci\u00f3n, se realizar\u00e1 una actividad de mediaci\u00f3n entre las compa\u00f1\u00edas y otras instituciones.<\/strong> Mediar se vuelve un eje fundamental para establecer v\u00ednculos entre diversas comunidades y fortalecer el circuito art\u00edstico. <strong>Stella Z\u00fa\u00f1iga<\/strong> y <strong>Camila Flores<\/strong> son tituladas de la Escuela de Teatro UV y Encargadas del \u00c1rea de Mediaci\u00f3n. Stella comparte:<\/p>\n\n\n\n<p>\u201cEstamos trabajando en el Programa de Mediaci\u00f3n para vincular a la Escuela con distintos espacios, haciendo un cruce entre las compa\u00f1\u00edas, colegios, organizaciones comunitarias, para acercar a\u00fan m\u00e1s a las personas al universo de las artes esc\u00e9nicas. El arte es colaborativo y la cultura de un espacio se construye en base a las comunidades que lo habitan. Es importante seguir apropi\u00e1ndonos de la cultura de nuestro territorio y conocer el trabajo que hay detr\u00e1s de cada obra\u201d.<\/p>\n\n\n\n<p>Camila se\u00f1ala que: \u201cqueremos generar instancias de convivencia y creaci\u00f3n para motivar a las personas a venir a la Sala, que inviten a su familia, que disfruten la experiencia teatral con m\u00e1s herramientas para su interpretaci\u00f3n. Vamos a intervenir en comunidades a trav\u00e9s del teatro, de la dramaturgia, de la danza, de la m\u00fasica, del arte en general, para abrir espacios de la mente, de la memoria, y generar puentes\u201d.\u00a0<\/p>\n\n\n\n<figure class=\"wp-block-image size-large\"><img decoding=\"async\" width=\"1024\" height=\"574\" src=\"https:\/\/www.valparaisocreativo.cl\/wp-content\/uploads\/2024\/04\/Captura-de-Pantalla-2024-04-22-a-las-16.51.41-1024x574.png\" alt=\"\" class=\"wp-image-18935\" srcset=\"https:\/\/dev.antudigital.cl\/sites\/vc\/wp-content\/uploads\/2024\/04\/Captura-de-Pantalla-2024-04-22-a-las-16.51.41-1024x574.png 1024w, https:\/\/dev.antudigital.cl\/sites\/vc\/wp-content\/uploads\/2024\/04\/Captura-de-Pantalla-2024-04-22-a-las-16.51.41-300x168.png 300w, https:\/\/dev.antudigital.cl\/sites\/vc\/wp-content\/uploads\/2024\/04\/Captura-de-Pantalla-2024-04-22-a-las-16.51.41-768x431.png 768w, https:\/\/dev.antudigital.cl\/sites\/vc\/wp-content\/uploads\/2024\/04\/Captura-de-Pantalla-2024-04-22-a-las-16.51.41-1080x606.png 1080w, https:\/\/dev.antudigital.cl\/sites\/vc\/wp-content\/uploads\/2024\/04\/Captura-de-Pantalla-2024-04-22-a-las-16.51.41-980x550.png 980w, https:\/\/dev.antudigital.cl\/sites\/vc\/wp-content\/uploads\/2024\/04\/Captura-de-Pantalla-2024-04-22-a-las-16.51.41-480x269.png 480w, https:\/\/dev.antudigital.cl\/sites\/vc\/wp-content\/uploads\/2024\/04\/Captura-de-Pantalla-2024-04-22-a-las-16.51.41-24x13.png 24w, https:\/\/dev.antudigital.cl\/sites\/vc\/wp-content\/uploads\/2024\/04\/Captura-de-Pantalla-2024-04-22-a-las-16.51.41-36x20.png 36w, https:\/\/dev.antudigital.cl\/sites\/vc\/wp-content\/uploads\/2024\/04\/Captura-de-Pantalla-2024-04-22-a-las-16.51.41-48x27.png 48w, https:\/\/dev.antudigital.cl\/sites\/vc\/wp-content\/uploads\/2024\/04\/Captura-de-Pantalla-2024-04-22-a-las-16.51.41.png 1209w\" sizes=\"(max-width: 1024px) 100vw, 1024px\" \/><\/figure>\n\n\n\n<p><strong>Comit\u00e9 de P\u00fablicos Programadores<\/strong><\/p>\n\n\n\n<p><strong>Paolo Vallan<\/strong>, estudiante de Teatro, comenta: \u201cEs un honor que me hayan invitado a conformar el Comit\u00e9 de P\u00fablicos Programadores. Es una instancia que me parece muy importante, de gran magnitud, primero que nada por ser un espacio para conversar de teatro con personas que admiro y, luego, poder ver de primera fuente las propuestas de las compa\u00f1\u00edas de distintas regiones\u201d.<\/p>\n\n\n\n<p><strong>Cristian Lagreze<\/strong>, acad\u00e9mico de la Escuela, se\u00f1ala: \u201cMe llam\u00f3 la atenci\u00f3n la diversidad de propuestas, siempre con una tendencia mayor a espacios performativos dentro de la puesta en escena en t\u00e9rminos actorales. Hay un marcado \u00e9nfasis en tem\u00e1ticas contingentes. Me parece muy interesante que la producci\u00f3n de la Sala haya tomado la decisi\u00f3n de conformar un Comit\u00e9 diverso, compuesto por docentes, estudiantes, tituladas, titulados y p\u00fablico que suele venir a nuestra programaci\u00f3n, haciendo de la l\u00ednea editorial una posibilidad de apertura que no responda a los par\u00e1metros est\u00e9ticos y discursivos de un grupo reducido de personas\u201d.<\/p>\n\n\n\n<p>Para m\u00e1s informaci\u00f3n seguir a @escuelateatrouv en Instagram y Facebook.<\/p>\n","protected":false},"excerpt":{"rendered":"<p>El viernes 19 de abril a las 19:00 horas es el Lanzamiento de la Temporada Teatral Anual Sala Negra 2024, compuesta por siete obras seleccionadas por el Comit\u00e9 de P\u00fablicos Programadores, cuatro obras de circulaci\u00f3n FONDART, proyectos emblem\u00e1ticos como lo es el Festival de Creaci\u00f3n Juan Barattini Carvelli, El Encuentro Interdisciplinario en torno al Cuerpo [&hellip;]<\/p>\n","protected":false},"author":1,"featured_media":18933,"comment_status":"closed","ping_status":"closed","sticky":false,"template":"","format":"standard","meta":{"_acf_changed":false,"footnotes":""},"categories":[8],"tags":[],"class_list":["post-18931","post","type-post","status-publish","format-standard","has-post-thumbnail","hentry","category-noticia"],"acf":[],"yoast_head":"<!-- This site is optimized with the Yoast SEO plugin v27.1.1 - https:\/\/yoast.com\/product\/yoast-seo-wordpress\/ -->\n<title>LANZAMIENTO TEMPORADA TEATRAL SALA NEGRA: Crisis, esperanza y lucha social - Valpara\u00ed\u00adso Creativo<\/title>\n<meta name=\"robots\" content=\"index, follow, max-snippet:-1, max-image-preview:large, max-video-preview:-1\" \/>\n<link rel=\"canonical\" href=\"https:\/\/dev.antudigital.cl\/sites\/vc\/lanzamiento-temporada-teatral-sala-negra-crisis-esperanza-y-lucha-social\/\" \/>\n<meta property=\"og:locale\" content=\"es_ES\" \/>\n<meta property=\"og:type\" content=\"article\" \/>\n<meta property=\"og:title\" content=\"LANZAMIENTO TEMPORADA TEATRAL SALA NEGRA: Crisis, esperanza y lucha social - Valpara\u00ed\u00adso Creativo\" \/>\n<meta property=\"og:description\" content=\"El viernes 19 de abril a las 19:00 horas es el Lanzamiento de la Temporada Teatral Anual Sala Negra 2024, compuesta por siete obras seleccionadas por el Comit\u00e9 de P\u00fablicos Programadores, cuatro obras de circulaci\u00f3n FONDART, proyectos emblem\u00e1ticos como lo es el Festival de Creaci\u00f3n Juan Barattini Carvelli, El Encuentro Interdisciplinario en torno al Cuerpo [&hellip;]\" \/>\n<meta property=\"og:url\" content=\"https:\/\/dev.antudigital.cl\/sites\/vc\/lanzamiento-temporada-teatral-sala-negra-crisis-esperanza-y-lucha-social\/\" \/>\n<meta property=\"og:site_name\" content=\"Valpara\u00ed\u00adso Creativo\" \/>\n<meta property=\"article:published_time\" content=\"2024-04-18T20:54:07+00:00\" \/>\n<meta property=\"article:modified_time\" content=\"2024-04-22T20:57:15+00:00\" \/>\n<meta property=\"og:image\" content=\"https:\/\/dev.antudigital.cl\/sites\/vc\/wp-content\/uploads\/2024\/04\/Captura-de-Pantalla-2024-04-22-a-las-16.51.28.png\" \/>\n\t<meta property=\"og:image:width\" content=\"970\" \/>\n\t<meta property=\"og:image:height\" content=\"672\" \/>\n\t<meta property=\"og:image:type\" content=\"image\/png\" \/>\n<meta name=\"author\" content=\"Valpara\u00edso Creativo\" \/>\n<meta name=\"twitter:card\" content=\"summary_large_image\" \/>\n<meta name=\"twitter:label1\" content=\"Escrito por\" \/>\n\t<meta name=\"twitter:data1\" content=\"Valpara\u00edso Creativo\" \/>\n\t<meta name=\"twitter:label2\" content=\"Tiempo de lectura\" \/>\n\t<meta name=\"twitter:data2\" content=\"4 minutos\" \/>\n<script type=\"application\/ld+json\" class=\"yoast-schema-graph\">{\"@context\":\"https:\/\/schema.org\",\"@graph\":[{\"@type\":\"Article\",\"@id\":\"https:\/\/dev.antudigital.cl\/sites\/vc\/lanzamiento-temporada-teatral-sala-negra-crisis-esperanza-y-lucha-social\/#article\",\"isPartOf\":{\"@id\":\"https:\/\/dev.antudigital.cl\/sites\/vc\/lanzamiento-temporada-teatral-sala-negra-crisis-esperanza-y-lucha-social\/\"},\"author\":{\"name\":\"Valpara\u00edso Creativo\",\"@id\":\"https:\/\/dev.antudigital.cl\/sites\/vc\/#\/schema\/person\/c2b9da8dd545e27166fc5ab232837318\"},\"headline\":\"LANZAMIENTO TEMPORADA TEATRAL SALA NEGRA: Crisis, esperanza y lucha social\",\"datePublished\":\"2024-04-18T20:54:07+00:00\",\"dateModified\":\"2024-04-22T20:57:15+00:00\",\"mainEntityOfPage\":{\"@id\":\"https:\/\/dev.antudigital.cl\/sites\/vc\/lanzamiento-temporada-teatral-sala-negra-crisis-esperanza-y-lucha-social\/\"},\"wordCount\":587,\"image\":{\"@id\":\"https:\/\/dev.antudigital.cl\/sites\/vc\/lanzamiento-temporada-teatral-sala-negra-crisis-esperanza-y-lucha-social\/#primaryimage\"},\"thumbnailUrl\":\"https:\/\/dev.antudigital.cl\/sites\/vc\/wp-content\/uploads\/2024\/04\/Captura-de-Pantalla-2024-04-22-a-las-16.51.28.png\",\"articleSection\":[\"Noticia\"],\"inLanguage\":\"es\"},{\"@type\":\"WebPage\",\"@id\":\"https:\/\/dev.antudigital.cl\/sites\/vc\/lanzamiento-temporada-teatral-sala-negra-crisis-esperanza-y-lucha-social\/\",\"url\":\"https:\/\/dev.antudigital.cl\/sites\/vc\/lanzamiento-temporada-teatral-sala-negra-crisis-esperanza-y-lucha-social\/\",\"name\":\"LANZAMIENTO TEMPORADA TEATRAL SALA NEGRA: Crisis, esperanza y lucha social - Valpara\u00ed\u00adso Creativo\",\"isPartOf\":{\"@id\":\"https:\/\/dev.antudigital.cl\/sites\/vc\/#website\"},\"primaryImageOfPage\":{\"@id\":\"https:\/\/dev.antudigital.cl\/sites\/vc\/lanzamiento-temporada-teatral-sala-negra-crisis-esperanza-y-lucha-social\/#primaryimage\"},\"image\":{\"@id\":\"https:\/\/dev.antudigital.cl\/sites\/vc\/lanzamiento-temporada-teatral-sala-negra-crisis-esperanza-y-lucha-social\/#primaryimage\"},\"thumbnailUrl\":\"https:\/\/dev.antudigital.cl\/sites\/vc\/wp-content\/uploads\/2024\/04\/Captura-de-Pantalla-2024-04-22-a-las-16.51.28.png\",\"datePublished\":\"2024-04-18T20:54:07+00:00\",\"dateModified\":\"2024-04-22T20:57:15+00:00\",\"author\":{\"@id\":\"https:\/\/dev.antudigital.cl\/sites\/vc\/#\/schema\/person\/c2b9da8dd545e27166fc5ab232837318\"},\"breadcrumb\":{\"@id\":\"https:\/\/dev.antudigital.cl\/sites\/vc\/lanzamiento-temporada-teatral-sala-negra-crisis-esperanza-y-lucha-social\/#breadcrumb\"},\"inLanguage\":\"es\",\"potentialAction\":[{\"@type\":\"ReadAction\",\"target\":[\"https:\/\/dev.antudigital.cl\/sites\/vc\/lanzamiento-temporada-teatral-sala-negra-crisis-esperanza-y-lucha-social\/\"]}]},{\"@type\":\"ImageObject\",\"inLanguage\":\"es\",\"@id\":\"https:\/\/dev.antudigital.cl\/sites\/vc\/lanzamiento-temporada-teatral-sala-negra-crisis-esperanza-y-lucha-social\/#primaryimage\",\"url\":\"https:\/\/dev.antudigital.cl\/sites\/vc\/wp-content\/uploads\/2024\/04\/Captura-de-Pantalla-2024-04-22-a-las-16.51.28.png\",\"contentUrl\":\"https:\/\/dev.antudigital.cl\/sites\/vc\/wp-content\/uploads\/2024\/04\/Captura-de-Pantalla-2024-04-22-a-las-16.51.28.png\",\"width\":970,\"height\":672},{\"@type\":\"BreadcrumbList\",\"@id\":\"https:\/\/dev.antudigital.cl\/sites\/vc\/lanzamiento-temporada-teatral-sala-negra-crisis-esperanza-y-lucha-social\/#breadcrumb\",\"itemListElement\":[{\"@type\":\"ListItem\",\"position\":1,\"name\":\"Home\",\"item\":\"https:\/\/dev.antudigital.cl\/sites\/vc\/\"},{\"@type\":\"ListItem\",\"position\":2,\"name\":\"LANZAMIENTO TEMPORADA TEATRAL SALA NEGRA: Crisis, esperanza y lucha social\"}]},{\"@type\":\"WebSite\",\"@id\":\"https:\/\/dev.antudigital.cl\/sites\/vc\/#website\",\"url\":\"https:\/\/dev.antudigital.cl\/sites\/vc\/\",\"name\":\"Valpara\u00ed\u00adso Creativo\",\"description\":\"\",\"potentialAction\":[{\"@type\":\"SearchAction\",\"target\":{\"@type\":\"EntryPoint\",\"urlTemplate\":\"https:\/\/dev.antudigital.cl\/sites\/vc\/?s={search_term_string}\"},\"query-input\":{\"@type\":\"PropertyValueSpecification\",\"valueRequired\":true,\"valueName\":\"search_term_string\"}}],\"inLanguage\":\"es\"},{\"@type\":\"Person\",\"@id\":\"https:\/\/dev.antudigital.cl\/sites\/vc\/#\/schema\/person\/c2b9da8dd545e27166fc5ab232837318\",\"name\":\"Valpara\u00edso Creativo\",\"description\":\"Periodista de cultura en la Regi\u00f3n de Valpara\u00edso.\",\"url\":\"https:\/\/dev.antudigital.cl\/sites\/vc\/author\/valpoadmin\/\"}]}<\/script>\n<!-- \/ Yoast SEO plugin. -->","yoast_head_json":{"title":"LANZAMIENTO TEMPORADA TEATRAL SALA NEGRA: Crisis, esperanza y lucha social - Valpara\u00ed\u00adso Creativo","robots":{"index":"index","follow":"follow","max-snippet":"max-snippet:-1","max-image-preview":"max-image-preview:large","max-video-preview":"max-video-preview:-1"},"canonical":"https:\/\/dev.antudigital.cl\/sites\/vc\/lanzamiento-temporada-teatral-sala-negra-crisis-esperanza-y-lucha-social\/","og_locale":"es_ES","og_type":"article","og_title":"LANZAMIENTO TEMPORADA TEATRAL SALA NEGRA: Crisis, esperanza y lucha social - Valpara\u00ed\u00adso Creativo","og_description":"El viernes 19 de abril a las 19:00 horas es el Lanzamiento de la Temporada Teatral Anual Sala Negra 2024, compuesta por siete obras seleccionadas por el Comit\u00e9 de P\u00fablicos Programadores, cuatro obras de circulaci\u00f3n FONDART, proyectos emblem\u00e1ticos como lo es el Festival de Creaci\u00f3n Juan Barattini Carvelli, El Encuentro Interdisciplinario en torno al Cuerpo [&hellip;]","og_url":"https:\/\/dev.antudigital.cl\/sites\/vc\/lanzamiento-temporada-teatral-sala-negra-crisis-esperanza-y-lucha-social\/","og_site_name":"Valpara\u00ed\u00adso Creativo","article_published_time":"2024-04-18T20:54:07+00:00","article_modified_time":"2024-04-22T20:57:15+00:00","og_image":[{"width":970,"height":672,"url":"https:\/\/dev.antudigital.cl\/sites\/vc\/wp-content\/uploads\/2024\/04\/Captura-de-Pantalla-2024-04-22-a-las-16.51.28.png","type":"image\/png"}],"author":"Valpara\u00edso Creativo","twitter_card":"summary_large_image","twitter_misc":{"Escrito por":"Valpara\u00edso Creativo","Tiempo de lectura":"4 minutos"},"schema":{"@context":"https:\/\/schema.org","@graph":[{"@type":"Article","@id":"https:\/\/dev.antudigital.cl\/sites\/vc\/lanzamiento-temporada-teatral-sala-negra-crisis-esperanza-y-lucha-social\/#article","isPartOf":{"@id":"https:\/\/dev.antudigital.cl\/sites\/vc\/lanzamiento-temporada-teatral-sala-negra-crisis-esperanza-y-lucha-social\/"},"author":{"name":"Valpara\u00edso Creativo","@id":"https:\/\/dev.antudigital.cl\/sites\/vc\/#\/schema\/person\/c2b9da8dd545e27166fc5ab232837318"},"headline":"LANZAMIENTO TEMPORADA TEATRAL SALA NEGRA: Crisis, esperanza y lucha social","datePublished":"2024-04-18T20:54:07+00:00","dateModified":"2024-04-22T20:57:15+00:00","mainEntityOfPage":{"@id":"https:\/\/dev.antudigital.cl\/sites\/vc\/lanzamiento-temporada-teatral-sala-negra-crisis-esperanza-y-lucha-social\/"},"wordCount":587,"image":{"@id":"https:\/\/dev.antudigital.cl\/sites\/vc\/lanzamiento-temporada-teatral-sala-negra-crisis-esperanza-y-lucha-social\/#primaryimage"},"thumbnailUrl":"https:\/\/dev.antudigital.cl\/sites\/vc\/wp-content\/uploads\/2024\/04\/Captura-de-Pantalla-2024-04-22-a-las-16.51.28.png","articleSection":["Noticia"],"inLanguage":"es"},{"@type":"WebPage","@id":"https:\/\/dev.antudigital.cl\/sites\/vc\/lanzamiento-temporada-teatral-sala-negra-crisis-esperanza-y-lucha-social\/","url":"https:\/\/dev.antudigital.cl\/sites\/vc\/lanzamiento-temporada-teatral-sala-negra-crisis-esperanza-y-lucha-social\/","name":"LANZAMIENTO TEMPORADA TEATRAL SALA NEGRA: Crisis, esperanza y lucha social - Valpara\u00ed\u00adso Creativo","isPartOf":{"@id":"https:\/\/dev.antudigital.cl\/sites\/vc\/#website"},"primaryImageOfPage":{"@id":"https:\/\/dev.antudigital.cl\/sites\/vc\/lanzamiento-temporada-teatral-sala-negra-crisis-esperanza-y-lucha-social\/#primaryimage"},"image":{"@id":"https:\/\/dev.antudigital.cl\/sites\/vc\/lanzamiento-temporada-teatral-sala-negra-crisis-esperanza-y-lucha-social\/#primaryimage"},"thumbnailUrl":"https:\/\/dev.antudigital.cl\/sites\/vc\/wp-content\/uploads\/2024\/04\/Captura-de-Pantalla-2024-04-22-a-las-16.51.28.png","datePublished":"2024-04-18T20:54:07+00:00","dateModified":"2024-04-22T20:57:15+00:00","author":{"@id":"https:\/\/dev.antudigital.cl\/sites\/vc\/#\/schema\/person\/c2b9da8dd545e27166fc5ab232837318"},"breadcrumb":{"@id":"https:\/\/dev.antudigital.cl\/sites\/vc\/lanzamiento-temporada-teatral-sala-negra-crisis-esperanza-y-lucha-social\/#breadcrumb"},"inLanguage":"es","potentialAction":[{"@type":"ReadAction","target":["https:\/\/dev.antudigital.cl\/sites\/vc\/lanzamiento-temporada-teatral-sala-negra-crisis-esperanza-y-lucha-social\/"]}]},{"@type":"ImageObject","inLanguage":"es","@id":"https:\/\/dev.antudigital.cl\/sites\/vc\/lanzamiento-temporada-teatral-sala-negra-crisis-esperanza-y-lucha-social\/#primaryimage","url":"https:\/\/dev.antudigital.cl\/sites\/vc\/wp-content\/uploads\/2024\/04\/Captura-de-Pantalla-2024-04-22-a-las-16.51.28.png","contentUrl":"https:\/\/dev.antudigital.cl\/sites\/vc\/wp-content\/uploads\/2024\/04\/Captura-de-Pantalla-2024-04-22-a-las-16.51.28.png","width":970,"height":672},{"@type":"BreadcrumbList","@id":"https:\/\/dev.antudigital.cl\/sites\/vc\/lanzamiento-temporada-teatral-sala-negra-crisis-esperanza-y-lucha-social\/#breadcrumb","itemListElement":[{"@type":"ListItem","position":1,"name":"Home","item":"https:\/\/dev.antudigital.cl\/sites\/vc\/"},{"@type":"ListItem","position":2,"name":"LANZAMIENTO TEMPORADA TEATRAL SALA NEGRA: Crisis, esperanza y lucha social"}]},{"@type":"WebSite","@id":"https:\/\/dev.antudigital.cl\/sites\/vc\/#website","url":"https:\/\/dev.antudigital.cl\/sites\/vc\/","name":"Valpara\u00ed\u00adso Creativo","description":"","potentialAction":[{"@type":"SearchAction","target":{"@type":"EntryPoint","urlTemplate":"https:\/\/dev.antudigital.cl\/sites\/vc\/?s={search_term_string}"},"query-input":{"@type":"PropertyValueSpecification","valueRequired":true,"valueName":"search_term_string"}}],"inLanguage":"es"},{"@type":"Person","@id":"https:\/\/dev.antudigital.cl\/sites\/vc\/#\/schema\/person\/c2b9da8dd545e27166fc5ab232837318","name":"Valpara\u00edso Creativo","description":"Periodista de cultura en la Regi\u00f3n de Valpara\u00edso.","url":"https:\/\/dev.antudigital.cl\/sites\/vc\/author\/valpoadmin\/"}]}},"_links":{"self":[{"href":"https:\/\/dev.antudigital.cl\/sites\/vc\/wp-json\/wp\/v2\/posts\/18931","targetHints":{"allow":["GET"]}}],"collection":[{"href":"https:\/\/dev.antudigital.cl\/sites\/vc\/wp-json\/wp\/v2\/posts"}],"about":[{"href":"https:\/\/dev.antudigital.cl\/sites\/vc\/wp-json\/wp\/v2\/types\/post"}],"author":[{"embeddable":true,"href":"https:\/\/dev.antudigital.cl\/sites\/vc\/wp-json\/wp\/v2\/users\/1"}],"replies":[{"embeddable":true,"href":"https:\/\/dev.antudigital.cl\/sites\/vc\/wp-json\/wp\/v2\/comments?post=18931"}],"version-history":[{"count":2,"href":"https:\/\/dev.antudigital.cl\/sites\/vc\/wp-json\/wp\/v2\/posts\/18931\/revisions"}],"predecessor-version":[{"id":18936,"href":"https:\/\/dev.antudigital.cl\/sites\/vc\/wp-json\/wp\/v2\/posts\/18931\/revisions\/18936"}],"wp:featuredmedia":[{"embeddable":true,"href":"https:\/\/dev.antudigital.cl\/sites\/vc\/wp-json\/wp\/v2\/media\/18933"}],"wp:attachment":[{"href":"https:\/\/dev.antudigital.cl\/sites\/vc\/wp-json\/wp\/v2\/media?parent=18931"}],"wp:term":[{"taxonomy":"category","embeddable":true,"href":"https:\/\/dev.antudigital.cl\/sites\/vc\/wp-json\/wp\/v2\/categories?post=18931"},{"taxonomy":"post_tag","embeddable":true,"href":"https:\/\/dev.antudigital.cl\/sites\/vc\/wp-json\/wp\/v2\/tags?post=18931"}],"curies":[{"name":"wp","href":"https:\/\/api.w.org\/{rel}","templated":true}]}}