{"id":18938,"date":"2024-04-22T21:06:23","date_gmt":"2024-04-22T21:06:23","guid":{"rendered":"https:\/\/www.valparaisocreativo.cl\/?p=18938"},"modified":"2024-04-22T21:06:42","modified_gmt":"2024-04-22T21:06:42","slug":"insomnia-estrena-pelicula-chilena-historia-y-geografia-y-el-drama-distopico-estadounidense-guerra-civil","status":"publish","type":"post","link":"https:\/\/dev.antudigital.cl\/sites\/vc\/insomnia-estrena-pelicula-chilena-historia-y-geografia-y-el-drama-distopico-estadounidense-guerra-civil\/","title":{"rendered":"INSOMNIA estrena pel\u00edcula chilena \u201cHistoria y geograf\u00eda\u201d y el drama dist\u00f3pico estadounidense \u201cGuerra civil\u201d"},"content":{"rendered":"\n<p>INSOMNIA Teatro Condell prepar\u00f3 dos estrenos imperdibles para esta semana: Historia y Geograf\u00eda del director Bernardo Quesney (Efectos especiales, Vida sexual de las plantas) y Guerra Civil de Alex Garland (Ex machina, La Playa). El primero es un estreno nacional protagonizado por las destacadas actrices Amparo Noguera y Catalina Saavedra quienes interpretan a unas hermanas actrices de personalidades opuestas que intentan montar la obra \u201cLa Araucana\u201d de Alonso de Ercilla junto a un elenco amateur. En Guerra&nbsp;Civil, un equipo de reporteros de guerra cruza Estados Unidos en medio de una guerra civil para impedir un golpe de Estado.<\/p>\n\n\n\n<p>\u00a0\u201cGuerra Civil\u201d es una pel\u00edcula \u00e9pica y dist\u00f3pica escrita y dirigida por Alex Garland, que se aleja de todas sus obras anteriores, siendo calificada por la cr\u00edtica como una de las pel\u00edculas m\u00e1s controvertidas del a\u00f1o. Protagonizada por Kirsten Dunst, Wagner Moura, Stephen McKinley Henderson, Cailee Spaeny y Nick Offerman, en el rol del presidente de los Estados Unidos, se estrena en INSOMNIA este jueves 18 a las 21:00 hrs.<\/p>\n\n\n\n<figure class=\"wp-block-image size-large\"><img fetchpriority=\"high\" decoding=\"async\" width=\"1024\" height=\"576\" src=\"https:\/\/www.valparaisocreativo.cl\/wp-content\/uploads\/2024\/04\/Civil-War-1024x576.jpg\" alt=\"\" class=\"wp-image-18939\" srcset=\"https:\/\/dev.antudigital.cl\/sites\/vc\/wp-content\/uploads\/2024\/04\/Civil-War-1024x576.jpg 1024w, https:\/\/dev.antudigital.cl\/sites\/vc\/wp-content\/uploads\/2024\/04\/Civil-War-300x169.jpg 300w, https:\/\/dev.antudigital.cl\/sites\/vc\/wp-content\/uploads\/2024\/04\/Civil-War-768x432.jpg 768w, https:\/\/dev.antudigital.cl\/sites\/vc\/wp-content\/uploads\/2024\/04\/Civil-War-1080x608.jpg 1080w, https:\/\/dev.antudigital.cl\/sites\/vc\/wp-content\/uploads\/2024\/04\/Civil-War-1280x720.jpg 1280w, https:\/\/dev.antudigital.cl\/sites\/vc\/wp-content\/uploads\/2024\/04\/Civil-War-980x551.jpg 980w, https:\/\/dev.antudigital.cl\/sites\/vc\/wp-content\/uploads\/2024\/04\/Civil-War-480x270.jpg 480w, https:\/\/dev.antudigital.cl\/sites\/vc\/wp-content\/uploads\/2024\/04\/Civil-War-24x14.jpg 24w, https:\/\/dev.antudigital.cl\/sites\/vc\/wp-content\/uploads\/2024\/04\/Civil-War-36x20.jpg 36w, https:\/\/dev.antudigital.cl\/sites\/vc\/wp-content\/uploads\/2024\/04\/Civil-War-48x27.jpg 48w, https:\/\/dev.antudigital.cl\/sites\/vc\/wp-content\/uploads\/2024\/04\/Civil-War.jpg 1500w\" sizes=\"(max-width: 1024px) 100vw, 1024px\" \/><\/figure>\n\n\n\n<p>El film nos transporta a un futuro cercano donde Estados Unidos est\u00e1 sumido en una cruenta guerra civil. Un equipo de periodistas y fot\u00f3grafos de guerra emprender\u00e1 un viaje por carretera en direcci\u00f3n a Washington DC. Su misi\u00f3n: llegar antes de que las fuerzas rebeldes asalten la Casa Blanca y arrebaten el control al presidente de los Estados Unidos. Guerra Civil tendr\u00e1 m\u00e1s proyecciones los d\u00edas viernes 19 (15:00), s\u00e1bado 20 (21:30), domingo 21 (20:00), mi\u00e9rcoles 24 (21:00) y domingo 28 (15:00).<\/p>\n\n\n\n<p><strong>Historia y Geograf\u00eda se estrena junto a su director Bernardo Quesney<\/strong><\/p>\n\n\n\n<p>La s\u00e1tira de Bernardo Quesney \u201cHistoria y geograf\u00eda\u201d se estrena este viernes 19 a las 19:00 hrs. con la presencia de su director y de los productores Tom\u00e1s Alzamora y Pablo Calisto, quienes compartir\u00e1n su trabajo junto a los presentes en el cine foro posterior. Cabe destacar que ya est\u00e1 al aire el Podcast INSOMNES, segunda temporada. En su cap\u00edtulo 2 Valentina Tagle y Dafne Moncada conversan todos los detalles de esta pel\u00edcula junto a su realizador. El podcast est\u00e1 disponible en Spotify y Apple Podcast.<\/p>\n\n\n\n<p>\u201cHistoria y geograf\u00eda\u201d es una incorrecta comedia que aborda los or\u00edgenes de Chile y su identidad actual a trav\u00e9s del mundo del teatro. La cinta tuvo su debut en Sanfic 2023 obteniendo el premio a la Mejor Direcci\u00f3n para Bernardo Quesney y Mejor Interpretaci\u00f3n para Amparo Noguera.&nbsp;<\/p>\n\n\n\n<p>Para Bernardo Quesney trabajar su pel\u00edcula desde el humor negro y la s\u00e1tira fue algo muy natural: \u201ca m\u00ed me gusta trabajar la comedia, todos los problemas yo los veo desde un punto de vista m\u00e1s ir\u00f3nico. M\u00e1s que afrontarlos y hablar desde las tripas. Yo siento que los chilenos pasamos por tantas cosas d\u00eda a d\u00eda atroces y de todas maneras somos ir\u00f3nicos. Es oscuro el humor del chileno, la gente no se da cuenta tanto, pero cuando yo leo comentarios de Instagram de gente x, son oscuros y muy originales, de verdad tenemos un humor muy bueno y no nos damos cuenta\u201d.<\/p>\n\n\n\n<figure class=\"wp-block-image size-large\"><img decoding=\"async\" width=\"1024\" height=\"768\" src=\"https:\/\/www.valparaisocreativo.cl\/wp-content\/uploads\/2024\/04\/Still-03-1024x768.jpg\" alt=\"\" class=\"wp-image-18942\" srcset=\"https:\/\/dev.antudigital.cl\/sites\/vc\/wp-content\/uploads\/2024\/04\/Still-03-1024x768.jpg 1024w, https:\/\/dev.antudigital.cl\/sites\/vc\/wp-content\/uploads\/2024\/04\/Still-03-300x225.jpg 300w, https:\/\/dev.antudigital.cl\/sites\/vc\/wp-content\/uploads\/2024\/04\/Still-03-768x576.jpg 768w, https:\/\/dev.antudigital.cl\/sites\/vc\/wp-content\/uploads\/2024\/04\/Still-03-1536x1152.jpg 1536w, https:\/\/dev.antudigital.cl\/sites\/vc\/wp-content\/uploads\/2024\/04\/Still-03-510x382.jpg 510w, https:\/\/dev.antudigital.cl\/sites\/vc\/wp-content\/uploads\/2024\/04\/Still-03-1080x810.jpg 1080w, https:\/\/dev.antudigital.cl\/sites\/vc\/wp-content\/uploads\/2024\/04\/Still-03-1280x960.jpg 1280w, https:\/\/dev.antudigital.cl\/sites\/vc\/wp-content\/uploads\/2024\/04\/Still-03-980x735.jpg 980w, https:\/\/dev.antudigital.cl\/sites\/vc\/wp-content\/uploads\/2024\/04\/Still-03-480x360.jpg 480w, https:\/\/dev.antudigital.cl\/sites\/vc\/wp-content\/uploads\/2024\/04\/Still-03-24x18.jpg 24w, https:\/\/dev.antudigital.cl\/sites\/vc\/wp-content\/uploads\/2024\/04\/Still-03-36x27.jpg 36w, https:\/\/dev.antudigital.cl\/sites\/vc\/wp-content\/uploads\/2024\/04\/Still-03-48x36.jpg 48w, https:\/\/dev.antudigital.cl\/sites\/vc\/wp-content\/uploads\/2024\/04\/Still-03.jpg 1800w\" sizes=\"(max-width: 1024px) 100vw, 1024px\" \/><\/figure>\n\n\n\n<p>La pel\u00edcula cuenta la historia de Gioconda Mart\u00ednez (Amparo Noguera), una recordada actriz de televisi\u00f3n c\u00f3mica, que decide volver a su ciudad natal a montar una obra de teatro sobre la conquista de Chile, con esto espera recuperar el reconocimiento art\u00edstico que crey\u00f3 haber perdido, pero que nunca tuvo. Esta obra, emplazada en la ciudad de San Felipe, al igual que los personajes de la pel\u00edcula, representan la idiosincrasia de un pa\u00eds que a m\u00e1s de 500 a\u00f1os de la conquista espa\u00f1ola a\u00fan deambula en busca de su identidad.<\/p>\n\n\n\n<p>Adem\u00e1s de Amparo Noguera, Historia y Geograf\u00eda cuenta con las actuaciones de importantes actrices y actores de gran reconocimiento, como Catalina Saavedra, Pablo Schwarz, Paloma Moreno, Paulina Urrutia y Steevens Benjamin.<\/p>\n\n\n\n<p>Bernardo Quesney tuvo su debut como director a los 22 a\u00f1os con \u201cEfectos Especiales\u201d, (Mejor largometraje en el Festival de Cine Digital de Lima). En 2014 escribe y dirige \u201cDesastres Naturales\u201d, largometraje estrenado en SANFIC, luego internacionalmente en La Habana y Chicago. Ha dirigido m\u00e1s de 30 videoclips en Chile, Argentina, M\u00e9xico y Espa\u00f1a, para artistas como Javiera Mena, Gepe, Colombia Parra, entre otros.<\/p>\n","protected":false},"excerpt":{"rendered":"<p>INSOMNIA Teatro Condell prepar\u00f3 dos estrenos imperdibles para esta semana: Historia y Geograf\u00eda del director Bernardo Quesney (Efectos especiales, Vida sexual de las plantas) y Guerra Civil de Alex Garland (Ex machina, La Playa). El primero es un estreno nacional protagonizado por las destacadas actrices Amparo Noguera y Catalina Saavedra quienes interpretan a unas hermanas [&hellip;]<\/p>\n","protected":false},"author":1,"featured_media":18941,"comment_status":"closed","ping_status":"closed","sticky":false,"template":"","format":"standard","meta":{"_acf_changed":false,"footnotes":""},"categories":[8],"tags":[],"class_list":["post-18938","post","type-post","status-publish","format-standard","has-post-thumbnail","hentry","category-noticia"],"acf":[],"yoast_head":"<!-- This site is optimized with the Yoast SEO plugin v27.1.1 - https:\/\/yoast.com\/product\/yoast-seo-wordpress\/ -->\n<title>INSOMNIA estrena pel\u00edcula chilena \u201cHistoria y geograf\u00eda\u201d y el drama dist\u00f3pico estadounidense \u201cGuerra civil\u201d - Valpara\u00ed\u00adso Creativo<\/title>\n<meta name=\"robots\" content=\"index, follow, max-snippet:-1, max-image-preview:large, max-video-preview:-1\" \/>\n<link rel=\"canonical\" href=\"https:\/\/dev.antudigital.cl\/sites\/vc\/insomnia-estrena-pelicula-chilena-historia-y-geografia-y-el-drama-distopico-estadounidense-guerra-civil\/\" \/>\n<meta property=\"og:locale\" content=\"es_ES\" \/>\n<meta property=\"og:type\" content=\"article\" \/>\n<meta property=\"og:title\" content=\"INSOMNIA estrena pel\u00edcula chilena \u201cHistoria y geograf\u00eda\u201d y el drama dist\u00f3pico estadounidense \u201cGuerra civil\u201d - Valpara\u00ed\u00adso Creativo\" \/>\n<meta property=\"og:description\" content=\"INSOMNIA Teatro Condell prepar\u00f3 dos estrenos imperdibles para esta semana: Historia y Geograf\u00eda del director Bernardo Quesney (Efectos especiales, Vida sexual de las plantas) y Guerra Civil de Alex Garland (Ex machina, La Playa). El primero es un estreno nacional protagonizado por las destacadas actrices Amparo Noguera y Catalina Saavedra quienes interpretan a unas hermanas [&hellip;]\" \/>\n<meta property=\"og:url\" content=\"https:\/\/dev.antudigital.cl\/sites\/vc\/insomnia-estrena-pelicula-chilena-historia-y-geografia-y-el-drama-distopico-estadounidense-guerra-civil\/\" \/>\n<meta property=\"og:site_name\" content=\"Valpara\u00ed\u00adso Creativo\" \/>\n<meta property=\"article:published_time\" content=\"2024-04-22T21:06:23+00:00\" \/>\n<meta property=\"article:modified_time\" content=\"2024-04-22T21:06:42+00:00\" \/>\n<meta property=\"og:image\" content=\"https:\/\/dev.antudigital.cl\/sites\/vc\/wp-content\/uploads\/2024\/04\/Still-02.jpg\" \/>\n\t<meta property=\"og:image:width\" content=\"1800\" \/>\n\t<meta property=\"og:image:height\" content=\"1350\" \/>\n\t<meta property=\"og:image:type\" content=\"image\/jpeg\" \/>\n<meta name=\"author\" content=\"Valpara\u00edso Creativo\" \/>\n<meta name=\"twitter:card\" content=\"summary_large_image\" \/>\n<meta name=\"twitter:label1\" content=\"Escrito por\" \/>\n\t<meta name=\"twitter:data1\" content=\"Valpara\u00edso Creativo\" \/>\n\t<meta name=\"twitter:label2\" content=\"Tiempo de lectura\" \/>\n\t<meta name=\"twitter:data2\" content=\"4 minutos\" \/>\n<script type=\"application\/ld+json\" class=\"yoast-schema-graph\">{\"@context\":\"https:\/\/schema.org\",\"@graph\":[{\"@type\":\"Article\",\"@id\":\"https:\/\/dev.antudigital.cl\/sites\/vc\/insomnia-estrena-pelicula-chilena-historia-y-geografia-y-el-drama-distopico-estadounidense-guerra-civil\/#article\",\"isPartOf\":{\"@id\":\"https:\/\/dev.antudigital.cl\/sites\/vc\/insomnia-estrena-pelicula-chilena-historia-y-geografia-y-el-drama-distopico-estadounidense-guerra-civil\/\"},\"author\":{\"name\":\"Valpara\u00edso Creativo\",\"@id\":\"https:\/\/dev.antudigital.cl\/sites\/vc\/#\/schema\/person\/c2b9da8dd545e27166fc5ab232837318\"},\"headline\":\"INSOMNIA estrena pel\u00edcula chilena \u201cHistoria y geograf\u00eda\u201d y el drama dist\u00f3pico estadounidense \u201cGuerra civil\u201d\",\"datePublished\":\"2024-04-22T21:06:23+00:00\",\"dateModified\":\"2024-04-22T21:06:42+00:00\",\"mainEntityOfPage\":{\"@id\":\"https:\/\/dev.antudigital.cl\/sites\/vc\/insomnia-estrena-pelicula-chilena-historia-y-geografia-y-el-drama-distopico-estadounidense-guerra-civil\/\"},\"wordCount\":733,\"image\":{\"@id\":\"https:\/\/dev.antudigital.cl\/sites\/vc\/insomnia-estrena-pelicula-chilena-historia-y-geografia-y-el-drama-distopico-estadounidense-guerra-civil\/#primaryimage\"},\"thumbnailUrl\":\"https:\/\/dev.antudigital.cl\/sites\/vc\/wp-content\/uploads\/2024\/04\/Still-02.jpg\",\"articleSection\":[\"Noticia\"],\"inLanguage\":\"es\"},{\"@type\":\"WebPage\",\"@id\":\"https:\/\/dev.antudigital.cl\/sites\/vc\/insomnia-estrena-pelicula-chilena-historia-y-geografia-y-el-drama-distopico-estadounidense-guerra-civil\/\",\"url\":\"https:\/\/dev.antudigital.cl\/sites\/vc\/insomnia-estrena-pelicula-chilena-historia-y-geografia-y-el-drama-distopico-estadounidense-guerra-civil\/\",\"name\":\"INSOMNIA estrena pel\u00edcula chilena \u201cHistoria y geograf\u00eda\u201d y el drama dist\u00f3pico estadounidense \u201cGuerra civil\u201d - Valpara\u00ed\u00adso Creativo\",\"isPartOf\":{\"@id\":\"https:\/\/dev.antudigital.cl\/sites\/vc\/#website\"},\"primaryImageOfPage\":{\"@id\":\"https:\/\/dev.antudigital.cl\/sites\/vc\/insomnia-estrena-pelicula-chilena-historia-y-geografia-y-el-drama-distopico-estadounidense-guerra-civil\/#primaryimage\"},\"image\":{\"@id\":\"https:\/\/dev.antudigital.cl\/sites\/vc\/insomnia-estrena-pelicula-chilena-historia-y-geografia-y-el-drama-distopico-estadounidense-guerra-civil\/#primaryimage\"},\"thumbnailUrl\":\"https:\/\/dev.antudigital.cl\/sites\/vc\/wp-content\/uploads\/2024\/04\/Still-02.jpg\",\"datePublished\":\"2024-04-22T21:06:23+00:00\",\"dateModified\":\"2024-04-22T21:06:42+00:00\",\"author\":{\"@id\":\"https:\/\/dev.antudigital.cl\/sites\/vc\/#\/schema\/person\/c2b9da8dd545e27166fc5ab232837318\"},\"breadcrumb\":{\"@id\":\"https:\/\/dev.antudigital.cl\/sites\/vc\/insomnia-estrena-pelicula-chilena-historia-y-geografia-y-el-drama-distopico-estadounidense-guerra-civil\/#breadcrumb\"},\"inLanguage\":\"es\",\"potentialAction\":[{\"@type\":\"ReadAction\",\"target\":[\"https:\/\/dev.antudigital.cl\/sites\/vc\/insomnia-estrena-pelicula-chilena-historia-y-geografia-y-el-drama-distopico-estadounidense-guerra-civil\/\"]}]},{\"@type\":\"ImageObject\",\"inLanguage\":\"es\",\"@id\":\"https:\/\/dev.antudigital.cl\/sites\/vc\/insomnia-estrena-pelicula-chilena-historia-y-geografia-y-el-drama-distopico-estadounidense-guerra-civil\/#primaryimage\",\"url\":\"https:\/\/dev.antudigital.cl\/sites\/vc\/wp-content\/uploads\/2024\/04\/Still-02.jpg\",\"contentUrl\":\"https:\/\/dev.antudigital.cl\/sites\/vc\/wp-content\/uploads\/2024\/04\/Still-02.jpg\",\"width\":1800,\"height\":1350},{\"@type\":\"BreadcrumbList\",\"@id\":\"https:\/\/dev.antudigital.cl\/sites\/vc\/insomnia-estrena-pelicula-chilena-historia-y-geografia-y-el-drama-distopico-estadounidense-guerra-civil\/#breadcrumb\",\"itemListElement\":[{\"@type\":\"ListItem\",\"position\":1,\"name\":\"Home\",\"item\":\"https:\/\/dev.antudigital.cl\/sites\/vc\/\"},{\"@type\":\"ListItem\",\"position\":2,\"name\":\"INSOMNIA estrena pel\u00edcula chilena \u201cHistoria y geograf\u00eda\u201d y el drama dist\u00f3pico estadounidense \u201cGuerra civil\u201d\"}]},{\"@type\":\"WebSite\",\"@id\":\"https:\/\/dev.antudigital.cl\/sites\/vc\/#website\",\"url\":\"https:\/\/dev.antudigital.cl\/sites\/vc\/\",\"name\":\"Valpara\u00ed\u00adso Creativo\",\"description\":\"\",\"potentialAction\":[{\"@type\":\"SearchAction\",\"target\":{\"@type\":\"EntryPoint\",\"urlTemplate\":\"https:\/\/dev.antudigital.cl\/sites\/vc\/?s={search_term_string}\"},\"query-input\":{\"@type\":\"PropertyValueSpecification\",\"valueRequired\":true,\"valueName\":\"search_term_string\"}}],\"inLanguage\":\"es\"},{\"@type\":\"Person\",\"@id\":\"https:\/\/dev.antudigital.cl\/sites\/vc\/#\/schema\/person\/c2b9da8dd545e27166fc5ab232837318\",\"name\":\"Valpara\u00edso Creativo\",\"description\":\"Periodista de cultura en la Regi\u00f3n de Valpara\u00edso.\",\"url\":\"https:\/\/dev.antudigital.cl\/sites\/vc\/author\/valpoadmin\/\"}]}<\/script>\n<!-- \/ Yoast SEO plugin. -->","yoast_head_json":{"title":"INSOMNIA estrena pel\u00edcula chilena \u201cHistoria y geograf\u00eda\u201d y el drama dist\u00f3pico estadounidense \u201cGuerra civil\u201d - Valpara\u00ed\u00adso Creativo","robots":{"index":"index","follow":"follow","max-snippet":"max-snippet:-1","max-image-preview":"max-image-preview:large","max-video-preview":"max-video-preview:-1"},"canonical":"https:\/\/dev.antudigital.cl\/sites\/vc\/insomnia-estrena-pelicula-chilena-historia-y-geografia-y-el-drama-distopico-estadounidense-guerra-civil\/","og_locale":"es_ES","og_type":"article","og_title":"INSOMNIA estrena pel\u00edcula chilena \u201cHistoria y geograf\u00eda\u201d y el drama dist\u00f3pico estadounidense \u201cGuerra civil\u201d - Valpara\u00ed\u00adso Creativo","og_description":"INSOMNIA Teatro Condell prepar\u00f3 dos estrenos imperdibles para esta semana: Historia y Geograf\u00eda del director Bernardo Quesney (Efectos especiales, Vida sexual de las plantas) y Guerra Civil de Alex Garland (Ex machina, La Playa). El primero es un estreno nacional protagonizado por las destacadas actrices Amparo Noguera y Catalina Saavedra quienes interpretan a unas hermanas [&hellip;]","og_url":"https:\/\/dev.antudigital.cl\/sites\/vc\/insomnia-estrena-pelicula-chilena-historia-y-geografia-y-el-drama-distopico-estadounidense-guerra-civil\/","og_site_name":"Valpara\u00ed\u00adso Creativo","article_published_time":"2024-04-22T21:06:23+00:00","article_modified_time":"2024-04-22T21:06:42+00:00","og_image":[{"width":1800,"height":1350,"url":"https:\/\/dev.antudigital.cl\/sites\/vc\/wp-content\/uploads\/2024\/04\/Still-02.jpg","type":"image\/jpeg"}],"author":"Valpara\u00edso Creativo","twitter_card":"summary_large_image","twitter_misc":{"Escrito por":"Valpara\u00edso Creativo","Tiempo de lectura":"4 minutos"},"schema":{"@context":"https:\/\/schema.org","@graph":[{"@type":"Article","@id":"https:\/\/dev.antudigital.cl\/sites\/vc\/insomnia-estrena-pelicula-chilena-historia-y-geografia-y-el-drama-distopico-estadounidense-guerra-civil\/#article","isPartOf":{"@id":"https:\/\/dev.antudigital.cl\/sites\/vc\/insomnia-estrena-pelicula-chilena-historia-y-geografia-y-el-drama-distopico-estadounidense-guerra-civil\/"},"author":{"name":"Valpara\u00edso Creativo","@id":"https:\/\/dev.antudigital.cl\/sites\/vc\/#\/schema\/person\/c2b9da8dd545e27166fc5ab232837318"},"headline":"INSOMNIA estrena pel\u00edcula chilena \u201cHistoria y geograf\u00eda\u201d y el drama dist\u00f3pico estadounidense \u201cGuerra civil\u201d","datePublished":"2024-04-22T21:06:23+00:00","dateModified":"2024-04-22T21:06:42+00:00","mainEntityOfPage":{"@id":"https:\/\/dev.antudigital.cl\/sites\/vc\/insomnia-estrena-pelicula-chilena-historia-y-geografia-y-el-drama-distopico-estadounidense-guerra-civil\/"},"wordCount":733,"image":{"@id":"https:\/\/dev.antudigital.cl\/sites\/vc\/insomnia-estrena-pelicula-chilena-historia-y-geografia-y-el-drama-distopico-estadounidense-guerra-civil\/#primaryimage"},"thumbnailUrl":"https:\/\/dev.antudigital.cl\/sites\/vc\/wp-content\/uploads\/2024\/04\/Still-02.jpg","articleSection":["Noticia"],"inLanguage":"es"},{"@type":"WebPage","@id":"https:\/\/dev.antudigital.cl\/sites\/vc\/insomnia-estrena-pelicula-chilena-historia-y-geografia-y-el-drama-distopico-estadounidense-guerra-civil\/","url":"https:\/\/dev.antudigital.cl\/sites\/vc\/insomnia-estrena-pelicula-chilena-historia-y-geografia-y-el-drama-distopico-estadounidense-guerra-civil\/","name":"INSOMNIA estrena pel\u00edcula chilena \u201cHistoria y geograf\u00eda\u201d y el drama dist\u00f3pico estadounidense \u201cGuerra civil\u201d - Valpara\u00ed\u00adso Creativo","isPartOf":{"@id":"https:\/\/dev.antudigital.cl\/sites\/vc\/#website"},"primaryImageOfPage":{"@id":"https:\/\/dev.antudigital.cl\/sites\/vc\/insomnia-estrena-pelicula-chilena-historia-y-geografia-y-el-drama-distopico-estadounidense-guerra-civil\/#primaryimage"},"image":{"@id":"https:\/\/dev.antudigital.cl\/sites\/vc\/insomnia-estrena-pelicula-chilena-historia-y-geografia-y-el-drama-distopico-estadounidense-guerra-civil\/#primaryimage"},"thumbnailUrl":"https:\/\/dev.antudigital.cl\/sites\/vc\/wp-content\/uploads\/2024\/04\/Still-02.jpg","datePublished":"2024-04-22T21:06:23+00:00","dateModified":"2024-04-22T21:06:42+00:00","author":{"@id":"https:\/\/dev.antudigital.cl\/sites\/vc\/#\/schema\/person\/c2b9da8dd545e27166fc5ab232837318"},"breadcrumb":{"@id":"https:\/\/dev.antudigital.cl\/sites\/vc\/insomnia-estrena-pelicula-chilena-historia-y-geografia-y-el-drama-distopico-estadounidense-guerra-civil\/#breadcrumb"},"inLanguage":"es","potentialAction":[{"@type":"ReadAction","target":["https:\/\/dev.antudigital.cl\/sites\/vc\/insomnia-estrena-pelicula-chilena-historia-y-geografia-y-el-drama-distopico-estadounidense-guerra-civil\/"]}]},{"@type":"ImageObject","inLanguage":"es","@id":"https:\/\/dev.antudigital.cl\/sites\/vc\/insomnia-estrena-pelicula-chilena-historia-y-geografia-y-el-drama-distopico-estadounidense-guerra-civil\/#primaryimage","url":"https:\/\/dev.antudigital.cl\/sites\/vc\/wp-content\/uploads\/2024\/04\/Still-02.jpg","contentUrl":"https:\/\/dev.antudigital.cl\/sites\/vc\/wp-content\/uploads\/2024\/04\/Still-02.jpg","width":1800,"height":1350},{"@type":"BreadcrumbList","@id":"https:\/\/dev.antudigital.cl\/sites\/vc\/insomnia-estrena-pelicula-chilena-historia-y-geografia-y-el-drama-distopico-estadounidense-guerra-civil\/#breadcrumb","itemListElement":[{"@type":"ListItem","position":1,"name":"Home","item":"https:\/\/dev.antudigital.cl\/sites\/vc\/"},{"@type":"ListItem","position":2,"name":"INSOMNIA estrena pel\u00edcula chilena \u201cHistoria y geograf\u00eda\u201d y el drama dist\u00f3pico estadounidense \u201cGuerra civil\u201d"}]},{"@type":"WebSite","@id":"https:\/\/dev.antudigital.cl\/sites\/vc\/#website","url":"https:\/\/dev.antudigital.cl\/sites\/vc\/","name":"Valpara\u00ed\u00adso Creativo","description":"","potentialAction":[{"@type":"SearchAction","target":{"@type":"EntryPoint","urlTemplate":"https:\/\/dev.antudigital.cl\/sites\/vc\/?s={search_term_string}"},"query-input":{"@type":"PropertyValueSpecification","valueRequired":true,"valueName":"search_term_string"}}],"inLanguage":"es"},{"@type":"Person","@id":"https:\/\/dev.antudigital.cl\/sites\/vc\/#\/schema\/person\/c2b9da8dd545e27166fc5ab232837318","name":"Valpara\u00edso Creativo","description":"Periodista de cultura en la Regi\u00f3n de Valpara\u00edso.","url":"https:\/\/dev.antudigital.cl\/sites\/vc\/author\/valpoadmin\/"}]}},"_links":{"self":[{"href":"https:\/\/dev.antudigital.cl\/sites\/vc\/wp-json\/wp\/v2\/posts\/18938","targetHints":{"allow":["GET"]}}],"collection":[{"href":"https:\/\/dev.antudigital.cl\/sites\/vc\/wp-json\/wp\/v2\/posts"}],"about":[{"href":"https:\/\/dev.antudigital.cl\/sites\/vc\/wp-json\/wp\/v2\/types\/post"}],"author":[{"embeddable":true,"href":"https:\/\/dev.antudigital.cl\/sites\/vc\/wp-json\/wp\/v2\/users\/1"}],"replies":[{"embeddable":true,"href":"https:\/\/dev.antudigital.cl\/sites\/vc\/wp-json\/wp\/v2\/comments?post=18938"}],"version-history":[{"count":1,"href":"https:\/\/dev.antudigital.cl\/sites\/vc\/wp-json\/wp\/v2\/posts\/18938\/revisions"}],"predecessor-version":[{"id":18944,"href":"https:\/\/dev.antudigital.cl\/sites\/vc\/wp-json\/wp\/v2\/posts\/18938\/revisions\/18944"}],"wp:featuredmedia":[{"embeddable":true,"href":"https:\/\/dev.antudigital.cl\/sites\/vc\/wp-json\/wp\/v2\/media\/18941"}],"wp:attachment":[{"href":"https:\/\/dev.antudigital.cl\/sites\/vc\/wp-json\/wp\/v2\/media?parent=18938"}],"wp:term":[{"taxonomy":"category","embeddable":true,"href":"https:\/\/dev.antudigital.cl\/sites\/vc\/wp-json\/wp\/v2\/categories?post=18938"},{"taxonomy":"post_tag","embeddable":true,"href":"https:\/\/dev.antudigital.cl\/sites\/vc\/wp-json\/wp\/v2\/tags?post=18938"}],"curies":[{"name":"wp","href":"https:\/\/api.w.org\/{rel}","templated":true}]}}