{"id":18953,"date":"2024-04-22T23:35:26","date_gmt":"2024-04-22T23:35:26","guid":{"rendered":"https:\/\/www.valparaisocreativo.cl\/?p=18953"},"modified":"2024-04-22T23:35:46","modified_gmt":"2024-04-22T23:35:46","slug":"artistas-emergentes-chilenos-y-colombianos-se-reunen-en-las-residencias-trenzando-el-sur","status":"publish","type":"post","link":"https:\/\/dev.antudigital.cl\/sites\/vc\/artistas-emergentes-chilenos-y-colombianos-se-reunen-en-las-residencias-trenzando-el-sur\/","title":{"rendered":"Artistas emergentes chilenos y colombianos se re\u00fanen en las residencias Trenzando el Sur"},"content":{"rendered":"\n<p>Con la colaboraci\u00f3n como emblema, Trenzando presenta un programa de residencias art\u00edsticas junto al Centro Cultural Bodega\/Comfama y Proyecto Descomunal, desde Colombia. Los encuentros buscan potenciar la profesionalizaci\u00f3n y proyecci\u00f3n de un grupo de artistas emergentes de Chile y Colombia.<\/p>\n\n\n\n<p>El Centro Cultural Itinerante Trenzando es el escenario de la primera etapa de un programa de intercambio, formaci\u00f3n, creaci\u00f3n y difusi\u00f3n, que reunir\u00e1 a seis nuevas voces del g\u00e9nero urbano de Chile y Colombia hasta el s\u00e1bado 20 de abril en Rungue, comuna de Til Til. El proceso culminar\u00e1 en junio, con la grabaci\u00f3n de un EP colaborativo en el Estudio<br>Perpetuo Socorro en Medell\u00edn, junto a grandes exponentes y productores del g\u00e9nero urbano local.<br>Las residencias compartidas entre Chile y Colombia tienen por objetivo que artistas emergentes de ambos pa\u00edses se re\u00fanan para intercambiar experiencias y adquirir nuevas herramientas de profesionalizaci\u00f3n.<\/p>\n\n\n\n<p>Tras convocatorias que estuvieron a cargo de Trenzando, Bodega\/Comfama y Proyecto Descomunal, fueron seleccionados seis proyectos musicales, representantes del g\u00e9nero urbano, que ya son parte de los procesos creativos de cada organizaci\u00f3n<br>vinculada: Adobleene (Anita Bahamonde), FranEnemy (Francisco Bustamante) y Rahces (C\u00e9sar Rodr\u00edguez) por Chile, y Toti MD (Tom\u00e1s Sierra), Laurett (Laura Mazo) y Bnik (Johan Barreto) desde Colombia.<br><\/p>\n\n\n\n<p>Mediante una residencia por pa\u00eds, cada participante tendr\u00e1 la oportunidad de convivir, aprender y potenciar sus habilidades musicales, con contenidos que les permitan fortalecer sus procesos creativos, junto a destacados profesionales de la industria creativa de la m\u00fasica, dise\u00f1o, fotograf\u00eda y audiovisual.<br><\/p>\n\n\n\n<p>En Chile, los artistas residentes ser\u00e1n parte de MICSUR 2024 (Mercado de Industrias Culturales del Sur), entre el 17 y 20 de abril en el Museo Bellas Artes, encuentro donde podr\u00e1n aplicar las habilidades aprendidas, as\u00ed como generar contactos y alianzas entre actores de la industria musical, favoreciendo su crecimiento y desarrollo profesional.<br><\/p>\n\n\n\n<p>Las residencias art\u00edsticas Trenzando el Sur nacen a partir del IX Encuentro de Distritos Creativos y Culturales de Am\u00e9rica y Europa, organizado por Conexiones Creativas el 2023 en Medell\u00edn, donde estrecharon v\u00ednculos y dieron forma a un programa que busca asegurar un impacto duradero y positivo entre los participantes y las comunidades involucradas, promoviendo el intercambio continuo y la colaboraci\u00f3n futura.<br><\/p>\n\n\n\n<p>Las actividades tambi\u00e9n son parte del Programa de Fomento a Artistas Locales 2024\/2025 de Trenzando, l\u00ednea fundamental del Centro Cultural Itinerante que busca aportar desde distintos \u00e1mbitos, al desarrollo de la econom\u00eda creativa de la m\u00fasica en las zonas no metropolitanas donde trabaja en conjunto con las comunidades. <\/p>\n\n\n\n<p>Trenzando el Sur, Residencias Compartidas de Artistas Emergentes Latinoamericanos, es organizado por Trenzando, Bodega\/Comfama y Proyecto Descomunal, y financiado por el Ministerio de las Culturas, las Artes y el Patrimonio, a trav\u00e9s de su Programa de Apoyo a Organizaciones Culturales Colaboradoras (PAOCC), Convocatoria 2022\/2023.<br><\/p>\n\n\n\n<p>Adem\u00e1s, cuenta con el patrocinio de FEPASA (Ferrocarril del Pac\u00edfico S.A.), filial del Grupo Sigdo Koppers, y una de las principales empresas de transporte de carga ferroviaria en Chile, cubriendo siete regiones desde La Calera hasta Puerto Montt. La compa\u00f1\u00eda aporta con las locomotoras y carros necesarios para realizar el desplazamiento de la Nave Trenzando a las distintas estaciones, y sus comunidades, integrando el modo ferroviario con la cultura en sus diversos \u00e1mbitos. <\/p>\n\n\n\n<p>Asimismo, colaboran la Ilustre Municipalidad de Til Til, el Centro Cultural de Til Til, y EFE.<\/p>\n\n\n\n<p><br>M\u00e1s informaci\u00f3n en www.trenzando.com <\/p>\n","protected":false},"excerpt":{"rendered":"<p>Con la colaboraci\u00f3n como emblema, Trenzando presenta un programa de residencias art\u00edsticas junto al Centro Cultural Bodega\/Comfama y Proyecto Descomunal, desde Colombia. Los encuentros buscan potenciar la profesionalizaci\u00f3n y proyecci\u00f3n de un grupo de artistas emergentes de Chile y Colombia. El Centro Cultural Itinerante Trenzando es el escenario de la primera etapa de un programa [&hellip;]<\/p>\n","protected":false},"author":1,"featured_media":18956,"comment_status":"closed","ping_status":"closed","sticky":false,"template":"","format":"standard","meta":{"_acf_changed":false,"footnotes":""},"categories":[8],"tags":[],"class_list":["post-18953","post","type-post","status-publish","format-standard","has-post-thumbnail","hentry","category-noticia"],"acf":[],"yoast_head":"<!-- This site is optimized with the Yoast SEO plugin v27.1.1 - https:\/\/yoast.com\/product\/yoast-seo-wordpress\/ -->\n<title>Artistas emergentes chilenos y colombianos se re\u00fanen en las residencias Trenzando el Sur - Valpara\u00ed\u00adso Creativo<\/title>\n<meta name=\"robots\" content=\"index, follow, max-snippet:-1, max-image-preview:large, max-video-preview:-1\" \/>\n<link rel=\"canonical\" href=\"https:\/\/dev.antudigital.cl\/sites\/vc\/artistas-emergentes-chilenos-y-colombianos-se-reunen-en-las-residencias-trenzando-el-sur\/\" \/>\n<meta property=\"og:locale\" content=\"es_ES\" \/>\n<meta property=\"og:type\" content=\"article\" \/>\n<meta property=\"og:title\" content=\"Artistas emergentes chilenos y colombianos se re\u00fanen en las residencias Trenzando el Sur - Valpara\u00ed\u00adso Creativo\" \/>\n<meta property=\"og:description\" content=\"Con la colaboraci\u00f3n como emblema, Trenzando presenta un programa de residencias art\u00edsticas junto al Centro Cultural Bodega\/Comfama y Proyecto Descomunal, desde Colombia. Los encuentros buscan potenciar la profesionalizaci\u00f3n y proyecci\u00f3n de un grupo de artistas emergentes de Chile y Colombia. El Centro Cultural Itinerante Trenzando es el escenario de la primera etapa de un programa [&hellip;]\" \/>\n<meta property=\"og:url\" content=\"https:\/\/dev.antudigital.cl\/sites\/vc\/artistas-emergentes-chilenos-y-colombianos-se-reunen-en-las-residencias-trenzando-el-sur\/\" \/>\n<meta property=\"og:site_name\" content=\"Valpara\u00ed\u00adso Creativo\" \/>\n<meta property=\"article:published_time\" content=\"2024-04-22T23:35:26+00:00\" \/>\n<meta property=\"article:modified_time\" content=\"2024-04-22T23:35:46+00:00\" \/>\n<meta property=\"og:image\" content=\"https:\/\/dev.antudigital.cl\/sites\/vc\/wp-content\/uploads\/2024\/04\/Artistas-por-Nathaly-Arancibia-horizontal.jpg\" \/>\n\t<meta property=\"og:image:width\" content=\"1080\" \/>\n\t<meta property=\"og:image:height\" content=\"694\" \/>\n\t<meta property=\"og:image:type\" content=\"image\/jpeg\" \/>\n<meta name=\"author\" content=\"Valpara\u00edso Creativo\" \/>\n<meta name=\"twitter:card\" content=\"summary_large_image\" \/>\n<meta name=\"twitter:label1\" content=\"Escrito por\" \/>\n\t<meta name=\"twitter:data1\" content=\"Valpara\u00edso Creativo\" \/>\n\t<meta name=\"twitter:label2\" content=\"Tiempo de lectura\" \/>\n\t<meta name=\"twitter:data2\" content=\"3 minutos\" \/>\n<script type=\"application\/ld+json\" class=\"yoast-schema-graph\">{\"@context\":\"https:\/\/schema.org\",\"@graph\":[{\"@type\":\"Article\",\"@id\":\"https:\/\/dev.antudigital.cl\/sites\/vc\/artistas-emergentes-chilenos-y-colombianos-se-reunen-en-las-residencias-trenzando-el-sur\/#article\",\"isPartOf\":{\"@id\":\"https:\/\/dev.antudigital.cl\/sites\/vc\/artistas-emergentes-chilenos-y-colombianos-se-reunen-en-las-residencias-trenzando-el-sur\/\"},\"author\":{\"name\":\"Valpara\u00edso Creativo\",\"@id\":\"https:\/\/dev.antudigital.cl\/sites\/vc\/#\/schema\/person\/c2b9da8dd545e27166fc5ab232837318\"},\"headline\":\"Artistas emergentes chilenos y colombianos se re\u00fanen en las residencias Trenzando el Sur\",\"datePublished\":\"2024-04-22T23:35:26+00:00\",\"dateModified\":\"2024-04-22T23:35:46+00:00\",\"mainEntityOfPage\":{\"@id\":\"https:\/\/dev.antudigital.cl\/sites\/vc\/artistas-emergentes-chilenos-y-colombianos-se-reunen-en-las-residencias-trenzando-el-sur\/\"},\"wordCount\":594,\"image\":{\"@id\":\"https:\/\/dev.antudigital.cl\/sites\/vc\/artistas-emergentes-chilenos-y-colombianos-se-reunen-en-las-residencias-trenzando-el-sur\/#primaryimage\"},\"thumbnailUrl\":\"https:\/\/dev.antudigital.cl\/sites\/vc\/wp-content\/uploads\/2024\/04\/Artistas-por-Nathaly-Arancibia-horizontal.jpg\",\"articleSection\":[\"Noticia\"],\"inLanguage\":\"es\"},{\"@type\":\"WebPage\",\"@id\":\"https:\/\/dev.antudigital.cl\/sites\/vc\/artistas-emergentes-chilenos-y-colombianos-se-reunen-en-las-residencias-trenzando-el-sur\/\",\"url\":\"https:\/\/dev.antudigital.cl\/sites\/vc\/artistas-emergentes-chilenos-y-colombianos-se-reunen-en-las-residencias-trenzando-el-sur\/\",\"name\":\"Artistas emergentes chilenos y colombianos se re\u00fanen en las residencias Trenzando el Sur - Valpara\u00ed\u00adso Creativo\",\"isPartOf\":{\"@id\":\"https:\/\/dev.antudigital.cl\/sites\/vc\/#website\"},\"primaryImageOfPage\":{\"@id\":\"https:\/\/dev.antudigital.cl\/sites\/vc\/artistas-emergentes-chilenos-y-colombianos-se-reunen-en-las-residencias-trenzando-el-sur\/#primaryimage\"},\"image\":{\"@id\":\"https:\/\/dev.antudigital.cl\/sites\/vc\/artistas-emergentes-chilenos-y-colombianos-se-reunen-en-las-residencias-trenzando-el-sur\/#primaryimage\"},\"thumbnailUrl\":\"https:\/\/dev.antudigital.cl\/sites\/vc\/wp-content\/uploads\/2024\/04\/Artistas-por-Nathaly-Arancibia-horizontal.jpg\",\"datePublished\":\"2024-04-22T23:35:26+00:00\",\"dateModified\":\"2024-04-22T23:35:46+00:00\",\"author\":{\"@id\":\"https:\/\/dev.antudigital.cl\/sites\/vc\/#\/schema\/person\/c2b9da8dd545e27166fc5ab232837318\"},\"breadcrumb\":{\"@id\":\"https:\/\/dev.antudigital.cl\/sites\/vc\/artistas-emergentes-chilenos-y-colombianos-se-reunen-en-las-residencias-trenzando-el-sur\/#breadcrumb\"},\"inLanguage\":\"es\",\"potentialAction\":[{\"@type\":\"ReadAction\",\"target\":[\"https:\/\/dev.antudigital.cl\/sites\/vc\/artistas-emergentes-chilenos-y-colombianos-se-reunen-en-las-residencias-trenzando-el-sur\/\"]}]},{\"@type\":\"ImageObject\",\"inLanguage\":\"es\",\"@id\":\"https:\/\/dev.antudigital.cl\/sites\/vc\/artistas-emergentes-chilenos-y-colombianos-se-reunen-en-las-residencias-trenzando-el-sur\/#primaryimage\",\"url\":\"https:\/\/dev.antudigital.cl\/sites\/vc\/wp-content\/uploads\/2024\/04\/Artistas-por-Nathaly-Arancibia-horizontal.jpg\",\"contentUrl\":\"https:\/\/dev.antudigital.cl\/sites\/vc\/wp-content\/uploads\/2024\/04\/Artistas-por-Nathaly-Arancibia-horizontal.jpg\",\"width\":1080,\"height\":694},{\"@type\":\"BreadcrumbList\",\"@id\":\"https:\/\/dev.antudigital.cl\/sites\/vc\/artistas-emergentes-chilenos-y-colombianos-se-reunen-en-las-residencias-trenzando-el-sur\/#breadcrumb\",\"itemListElement\":[{\"@type\":\"ListItem\",\"position\":1,\"name\":\"Home\",\"item\":\"https:\/\/dev.antudigital.cl\/sites\/vc\/\"},{\"@type\":\"ListItem\",\"position\":2,\"name\":\"Artistas emergentes chilenos y colombianos se re\u00fanen en las residencias Trenzando el Sur\"}]},{\"@type\":\"WebSite\",\"@id\":\"https:\/\/dev.antudigital.cl\/sites\/vc\/#website\",\"url\":\"https:\/\/dev.antudigital.cl\/sites\/vc\/\",\"name\":\"Valpara\u00ed\u00adso Creativo\",\"description\":\"\",\"potentialAction\":[{\"@type\":\"SearchAction\",\"target\":{\"@type\":\"EntryPoint\",\"urlTemplate\":\"https:\/\/dev.antudigital.cl\/sites\/vc\/?s={search_term_string}\"},\"query-input\":{\"@type\":\"PropertyValueSpecification\",\"valueRequired\":true,\"valueName\":\"search_term_string\"}}],\"inLanguage\":\"es\"},{\"@type\":\"Person\",\"@id\":\"https:\/\/dev.antudigital.cl\/sites\/vc\/#\/schema\/person\/c2b9da8dd545e27166fc5ab232837318\",\"name\":\"Valpara\u00edso Creativo\",\"description\":\"Periodista de cultura en la Regi\u00f3n de Valpara\u00edso.\",\"url\":\"https:\/\/dev.antudigital.cl\/sites\/vc\/author\/valpoadmin\/\"}]}<\/script>\n<!-- \/ Yoast SEO plugin. -->","yoast_head_json":{"title":"Artistas emergentes chilenos y colombianos se re\u00fanen en las residencias Trenzando el Sur - Valpara\u00ed\u00adso Creativo","robots":{"index":"index","follow":"follow","max-snippet":"max-snippet:-1","max-image-preview":"max-image-preview:large","max-video-preview":"max-video-preview:-1"},"canonical":"https:\/\/dev.antudigital.cl\/sites\/vc\/artistas-emergentes-chilenos-y-colombianos-se-reunen-en-las-residencias-trenzando-el-sur\/","og_locale":"es_ES","og_type":"article","og_title":"Artistas emergentes chilenos y colombianos se re\u00fanen en las residencias Trenzando el Sur - Valpara\u00ed\u00adso Creativo","og_description":"Con la colaboraci\u00f3n como emblema, Trenzando presenta un programa de residencias art\u00edsticas junto al Centro Cultural Bodega\/Comfama y Proyecto Descomunal, desde Colombia. Los encuentros buscan potenciar la profesionalizaci\u00f3n y proyecci\u00f3n de un grupo de artistas emergentes de Chile y Colombia. El Centro Cultural Itinerante Trenzando es el escenario de la primera etapa de un programa [&hellip;]","og_url":"https:\/\/dev.antudigital.cl\/sites\/vc\/artistas-emergentes-chilenos-y-colombianos-se-reunen-en-las-residencias-trenzando-el-sur\/","og_site_name":"Valpara\u00ed\u00adso Creativo","article_published_time":"2024-04-22T23:35:26+00:00","article_modified_time":"2024-04-22T23:35:46+00:00","og_image":[{"width":1080,"height":694,"url":"https:\/\/dev.antudigital.cl\/sites\/vc\/wp-content\/uploads\/2024\/04\/Artistas-por-Nathaly-Arancibia-horizontal.jpg","type":"image\/jpeg"}],"author":"Valpara\u00edso Creativo","twitter_card":"summary_large_image","twitter_misc":{"Escrito por":"Valpara\u00edso Creativo","Tiempo de lectura":"3 minutos"},"schema":{"@context":"https:\/\/schema.org","@graph":[{"@type":"Article","@id":"https:\/\/dev.antudigital.cl\/sites\/vc\/artistas-emergentes-chilenos-y-colombianos-se-reunen-en-las-residencias-trenzando-el-sur\/#article","isPartOf":{"@id":"https:\/\/dev.antudigital.cl\/sites\/vc\/artistas-emergentes-chilenos-y-colombianos-se-reunen-en-las-residencias-trenzando-el-sur\/"},"author":{"name":"Valpara\u00edso Creativo","@id":"https:\/\/dev.antudigital.cl\/sites\/vc\/#\/schema\/person\/c2b9da8dd545e27166fc5ab232837318"},"headline":"Artistas emergentes chilenos y colombianos se re\u00fanen en las residencias Trenzando el Sur","datePublished":"2024-04-22T23:35:26+00:00","dateModified":"2024-04-22T23:35:46+00:00","mainEntityOfPage":{"@id":"https:\/\/dev.antudigital.cl\/sites\/vc\/artistas-emergentes-chilenos-y-colombianos-se-reunen-en-las-residencias-trenzando-el-sur\/"},"wordCount":594,"image":{"@id":"https:\/\/dev.antudigital.cl\/sites\/vc\/artistas-emergentes-chilenos-y-colombianos-se-reunen-en-las-residencias-trenzando-el-sur\/#primaryimage"},"thumbnailUrl":"https:\/\/dev.antudigital.cl\/sites\/vc\/wp-content\/uploads\/2024\/04\/Artistas-por-Nathaly-Arancibia-horizontal.jpg","articleSection":["Noticia"],"inLanguage":"es"},{"@type":"WebPage","@id":"https:\/\/dev.antudigital.cl\/sites\/vc\/artistas-emergentes-chilenos-y-colombianos-se-reunen-en-las-residencias-trenzando-el-sur\/","url":"https:\/\/dev.antudigital.cl\/sites\/vc\/artistas-emergentes-chilenos-y-colombianos-se-reunen-en-las-residencias-trenzando-el-sur\/","name":"Artistas emergentes chilenos y colombianos se re\u00fanen en las residencias Trenzando el Sur - Valpara\u00ed\u00adso Creativo","isPartOf":{"@id":"https:\/\/dev.antudigital.cl\/sites\/vc\/#website"},"primaryImageOfPage":{"@id":"https:\/\/dev.antudigital.cl\/sites\/vc\/artistas-emergentes-chilenos-y-colombianos-se-reunen-en-las-residencias-trenzando-el-sur\/#primaryimage"},"image":{"@id":"https:\/\/dev.antudigital.cl\/sites\/vc\/artistas-emergentes-chilenos-y-colombianos-se-reunen-en-las-residencias-trenzando-el-sur\/#primaryimage"},"thumbnailUrl":"https:\/\/dev.antudigital.cl\/sites\/vc\/wp-content\/uploads\/2024\/04\/Artistas-por-Nathaly-Arancibia-horizontal.jpg","datePublished":"2024-04-22T23:35:26+00:00","dateModified":"2024-04-22T23:35:46+00:00","author":{"@id":"https:\/\/dev.antudigital.cl\/sites\/vc\/#\/schema\/person\/c2b9da8dd545e27166fc5ab232837318"},"breadcrumb":{"@id":"https:\/\/dev.antudigital.cl\/sites\/vc\/artistas-emergentes-chilenos-y-colombianos-se-reunen-en-las-residencias-trenzando-el-sur\/#breadcrumb"},"inLanguage":"es","potentialAction":[{"@type":"ReadAction","target":["https:\/\/dev.antudigital.cl\/sites\/vc\/artistas-emergentes-chilenos-y-colombianos-se-reunen-en-las-residencias-trenzando-el-sur\/"]}]},{"@type":"ImageObject","inLanguage":"es","@id":"https:\/\/dev.antudigital.cl\/sites\/vc\/artistas-emergentes-chilenos-y-colombianos-se-reunen-en-las-residencias-trenzando-el-sur\/#primaryimage","url":"https:\/\/dev.antudigital.cl\/sites\/vc\/wp-content\/uploads\/2024\/04\/Artistas-por-Nathaly-Arancibia-horizontal.jpg","contentUrl":"https:\/\/dev.antudigital.cl\/sites\/vc\/wp-content\/uploads\/2024\/04\/Artistas-por-Nathaly-Arancibia-horizontal.jpg","width":1080,"height":694},{"@type":"BreadcrumbList","@id":"https:\/\/dev.antudigital.cl\/sites\/vc\/artistas-emergentes-chilenos-y-colombianos-se-reunen-en-las-residencias-trenzando-el-sur\/#breadcrumb","itemListElement":[{"@type":"ListItem","position":1,"name":"Home","item":"https:\/\/dev.antudigital.cl\/sites\/vc\/"},{"@type":"ListItem","position":2,"name":"Artistas emergentes chilenos y colombianos se re\u00fanen en las residencias Trenzando el Sur"}]},{"@type":"WebSite","@id":"https:\/\/dev.antudigital.cl\/sites\/vc\/#website","url":"https:\/\/dev.antudigital.cl\/sites\/vc\/","name":"Valpara\u00ed\u00adso Creativo","description":"","potentialAction":[{"@type":"SearchAction","target":{"@type":"EntryPoint","urlTemplate":"https:\/\/dev.antudigital.cl\/sites\/vc\/?s={search_term_string}"},"query-input":{"@type":"PropertyValueSpecification","valueRequired":true,"valueName":"search_term_string"}}],"inLanguage":"es"},{"@type":"Person","@id":"https:\/\/dev.antudigital.cl\/sites\/vc\/#\/schema\/person\/c2b9da8dd545e27166fc5ab232837318","name":"Valpara\u00edso Creativo","description":"Periodista de cultura en la Regi\u00f3n de Valpara\u00edso.","url":"https:\/\/dev.antudigital.cl\/sites\/vc\/author\/valpoadmin\/"}]}},"_links":{"self":[{"href":"https:\/\/dev.antudigital.cl\/sites\/vc\/wp-json\/wp\/v2\/posts\/18953","targetHints":{"allow":["GET"]}}],"collection":[{"href":"https:\/\/dev.antudigital.cl\/sites\/vc\/wp-json\/wp\/v2\/posts"}],"about":[{"href":"https:\/\/dev.antudigital.cl\/sites\/vc\/wp-json\/wp\/v2\/types\/post"}],"author":[{"embeddable":true,"href":"https:\/\/dev.antudigital.cl\/sites\/vc\/wp-json\/wp\/v2\/users\/1"}],"replies":[{"embeddable":true,"href":"https:\/\/dev.antudigital.cl\/sites\/vc\/wp-json\/wp\/v2\/comments?post=18953"}],"version-history":[{"count":1,"href":"https:\/\/dev.antudigital.cl\/sites\/vc\/wp-json\/wp\/v2\/posts\/18953\/revisions"}],"predecessor-version":[{"id":18957,"href":"https:\/\/dev.antudigital.cl\/sites\/vc\/wp-json\/wp\/v2\/posts\/18953\/revisions\/18957"}],"wp:featuredmedia":[{"embeddable":true,"href":"https:\/\/dev.antudigital.cl\/sites\/vc\/wp-json\/wp\/v2\/media\/18956"}],"wp:attachment":[{"href":"https:\/\/dev.antudigital.cl\/sites\/vc\/wp-json\/wp\/v2\/media?parent=18953"}],"wp:term":[{"taxonomy":"category","embeddable":true,"href":"https:\/\/dev.antudigital.cl\/sites\/vc\/wp-json\/wp\/v2\/categories?post=18953"},{"taxonomy":"post_tag","embeddable":true,"href":"https:\/\/dev.antudigital.cl\/sites\/vc\/wp-json\/wp\/v2\/tags?post=18953"}],"curies":[{"name":"wp","href":"https:\/\/api.w.org\/{rel}","templated":true}]}}