{"id":18958,"date":"2024-04-23T00:28:02","date_gmt":"2024-04-23T00:28:02","guid":{"rendered":"https:\/\/www.valparaisocreativo.cl\/?p=18958"},"modified":"2024-05-23T15:05:29","modified_gmt":"2024-05-23T15:05:29","slug":"entrevista-a-cami-gallardo-por-su-tour-anna-esta-alucinada","status":"publish","type":"post","link":"https:\/\/dev.antudigital.cl\/sites\/vc\/entrevista-a-cami-gallardo-por-su-tour-anna-esta-alucinada\/","title":{"rendered":"Entrevista a CAMI Gallardo por su tour \u00abAnna est\u00e1 alucinada\u00bb"},"content":{"rendered":"\n<p><a href=\"https:\/\/www.instagram.com\/cami\/\"><strong>Camila \u201cCAMI\u201d Gallardo<\/strong><\/a><strong> <\/strong>es una artista en llamas: tiene mucha energ\u00eda creativa y dentro de todo lo que est\u00e1 armando, tuvimos la oportunidad de conocerla de manera virtual, donde transmiti\u00f3 su \u00edmpetu y qu\u00e9 es lo que est\u00e1 haciendo con su gira actual \u201cAnna est\u00e1 alucinada\u201d, donde se deja llevar y transformar por este impulso que la posee. Su trayectoria la ha llevado hasta aqu\u00ed, a un nuevo punto de creatividad y transformaci\u00f3n.<\/p>\n\n\n\n<p>Descubramos m\u00e1s de su nueva propuesta que la trae el pr\u00f3ximo 20 de mayo al Teatro Municipal de Vi\u00f1a del Mar.<\/p>\n\n\n\n<p><strong>\u00bfQui\u00e9n es \u201cAnna\u201d, qu\u00e9 hay detr\u00e1s de este concepto y etapa que enmarca el show que vienes a presentar a Vi\u00f1a del Mar? \u00bfPor qu\u00e9 la creas?<\/strong><\/p>\n\n\n\n<p>&#8211; Ufff. Anna ya estaba creada, viene de mi segundo nombre, Anastasia, que significa resurrecci\u00f3n (como se llama mi \u00faltimo disco) y despu\u00e9s de eso, viene la vida. Anna en ese sentido es \u201cdespu\u00e9s de la muerte\u201d.&nbsp;<\/p>\n\n\n\n<p>Tuve la gran experiencia de estar dos meses grabando en el sur de Chile, componiendo, produciendo y aprendiendo de la naturaleza, lo que me inspir\u00f3 en ese sentido. Ver de cerca la hermosa capacidad que tiene todo lo que vive de mutar, cambiar, transformarse como las estaciones del a\u00f1o. Me reson\u00f3 algo tan cotidiano como es la naturaleza, que est\u00e1 tan presente que a veces no le tomamos el peso a la tremenda musa inspiradora que es. Estuve absorta en eso, conmigo y con mi equipo, claramente siendo aprendiz adem\u00e1s de ejecutora.<\/p>\n\n\n\n<p>La m\u00fasica es como una fuente de energ\u00eda, se te ocurren las melod\u00edas y las letras, el camino. \u201dSe me ocurre\u201d, digo, pero es parte de un proceso. Anna tiene canciones que est\u00e1n s\u00faper conectadas las unas con las otras, a la vez muy distintas, que hacen referencia a lo que me estaba y est\u00e1 pasando.&nbsp;<\/p>\n\n\n\n<p><strong>En este sentido, \u00bfqu\u00e9 es lo que te importa transmitir con la m\u00fasica que est\u00e1s creando ahora?<\/strong><\/p>\n\n\n\n<p>&#8211; Creo que si hay algo que me gustar\u00eda traspasar y entregar es justamente esta importancia del cambio, del ver qu\u00e9 pasa despu\u00e9s de estas \u201cmuertes\u201d: entender que hay cosas en nuestro d\u00eda a d\u00eda que van muriendo, no s\u00f3lo f\u00edsicamente, es algo tambi\u00e9n espiritual en todos nosotros. Es parte de crecer, del dolor, qu\u00e9 nos duele para quebrar y recomponer eso mismo. El sistema de valores que cada uno construye y adquiere tiene un contexto, afecta mucho a estos cambios, y la m\u00fasica es parte de esos contextos. Es un espacio recreativo del d\u00eda a d\u00eda al que a veces no le tomamos el peso hist\u00f3rico que tiene para la humanidad. Las modas actuales son muy cortas, por lo que no nos permite el desarrollo de un concepto creativo, sino que s\u00f3lo agrada el algoritmo y eso es s\u00faper da\u00f1ino para un mercado, ya que la identidad est\u00e1 en constante mutaci\u00f3n.&nbsp;<\/p>\n\n\n\n<p><strong>\u00bfCu\u00e1l es tu mirada de esto \u00faltimo que mencionas, lo que provoca el algoritmo en la m\u00fasica?<\/strong><\/p>\n\n\n\n<p>&#8211; La m\u00fasica es de f\u00e1cil acceso y por eso es clave, y&nbsp; hoy en d\u00eda est\u00e1 en un momento de crisis muy intenso, con cosas que se imponen o desaparecen de manera forzosa. Actualmente la manera de entrar a un mercado es lo que prima, lo que va condicionando el algoritmo y entreg\u00e1ndole este espacio vicioso que no nos damos cuenta lo peligroso que es.&nbsp;<\/p>\n\n\n\n<p>Es dif\u00edcil hablar de las d\u00e9cadas hist\u00f3ricas y musicales, no tenemos un entendimiento adecuado de la temporalidad que estamos viviendo, qu\u00e9 artistas marcan &#8211; de distintas maneras &#8211; y activan a la comunidad. Esas son las inc\u00f3gnitas que tengo como oyente. No digo que toda la m\u00fasica deba ser de una forma, hay para todos los gustos, pero en el mainstream hay una imposici\u00f3n de estilos y falta de tolerancia al cambio, como si las audiencias fueran el artista\u2026 bueno, es una cr\u00edtica que tengo hacia mi propio mercado e industria y espero que ocurran cambios en el oyente, que son realmente&nbsp; los que deben ir sugiriendo y reencontr\u00e1ndose con el espacio cat\u00e1rtico y ritual que es un concierto, por ejemplo. Ah\u00ed hay euforia colectiva, que es tremendamente m\u00e1gica.&nbsp;<\/p>\n\n\n\n<p><strong>Volvamos a \u201cAnna\u201d, que de todos modos tiene que ver con esta mirada cr\u00edtica que compartes\u2026<\/strong><\/p>\n\n\n\n<p>&#8211; S\u00ed. En mi b\u00fasqueda\u2026 Anna es todo esto: es una construcci\u00f3n rebelde de m\u00ed misma, una gu\u00eda, una mentora, la que me exige tambi\u00e9n. Ya no puedo hacer o\u00eddos sordos a lo que ya he visto y conozco, ni a la tremenda fuente de energ\u00eda que es la m\u00fasica, no la puedo obviar. He visto el impacto de las canciones en la gente y eso lo he vivido. Es impresionante la cantidad de historias que hay detras de canciones como \u201cRosa\u201d, las personas almacenan su propia historia en una canci\u00f3n y eso es la m\u00fasica en su m\u00e1xima expresi\u00f3n.&nbsp;<\/p>\n\n\n\n<p>Hoy, en ese sentido, me pienso como una trabajadora de la m\u00fasica, estoy al servicio de ella y \u201cAnna\u201d Fue eso: darme cuenta de que soy una canalizadora de algo que est\u00e1 muy arriba, no s\u00e9 de d\u00f3nde viene, pero es una responsabilidad para ir siempre proponiendo y probando otros canales para transmitir mi m\u00fasica.<\/p>\n\n\n\n<p><strong>\u00bfMe puedes contar un poco m\u00e1s de la propuesta art\u00edstica de tu actual show, que te trae al Teatro Municipal de Vi\u00f1a del Mar?<\/strong><\/p>\n\n\n\n<p>&#8211; Bueno, primero, yo bailo ballet desde chica, por lo que el escenario lo he visto como algo m\u00e1s teatral. En la medida que he ido creciendo, me voy encontrando con mi propio escenario, tambi\u00e9n es algo que me ha llamado siempre la atenci\u00f3n, hacer un espect\u00e1culo m\u00e1s cinematogr\u00e1fico, invitando a algo m\u00e1s sensorial e inmersivo, por as\u00ed decirlo.&nbsp;<\/p>\n\n\n\n<p>Cuando veo a la gente desde el escenario, los veo tan \u201cmetidos\u201d en la canci\u00f3n, est\u00e1n en un estado de alerta absoluto donde todo lo que pasa es parte de la experiencia: las luces, el ritmo de la m\u00fasica, el m\u00edo, cu\u00e1nto me abro a la vulnerabilidad, es abrir un cofre hermoso. El show parte muy en\u00e9rgico y dominante y luego voy a esta vulnerabilidad, veo que se genera un ambiente \u00fanico donde todos hacen lo mismo, de mucha entrega mutua. S\u00e9 que sentimos nuestra energ\u00eda mutuamente. Quiz\u00e1s suena muy \u201chippie\u201d, pero no puedo negar que se siente as\u00ed.&nbsp;<\/p>\n\n\n\n<p>Hay mucho movimiento, ya que tengo mucha energ\u00eda. Hay vulnerabilidad, puesta en escena y elementos perform\u00e1ticos\u2026 tiene que ver con una profundidad de la experiencia, fortaleciendo un relato del show, que son varios actos y escenas diferentes. Ha sido muy entretenido escribirlo y visualizarlo en el escenario.<\/p>\n\n\n\n<p><strong>Finalmente, \u00bfqu\u00e9 te obsesiona escuchar hoy por hoy? Musicalmente hablando.<\/strong><\/p>\n\n\n\n<p>&#8211; Justo tengo mi Spotify abierto, veamos. Est\u00e1 la artista Robyn que me encanta. El jazz tambi\u00e9n es un espacio o lugar muy alucin\u00f3geno para m\u00ed, despierta motivos art\u00edsticos muy interesantes. Tambi\u00e9n la argentina Juana Molina, me fascina su trabajo, es una gran referente. Olivia Dean, Slowly Rollin\u2019 Camera, que es como jazz progresivo, medio cinematogr\u00e1fico, lo que me quita el sue\u00f1o. Me encantar\u00eda ser productora musical en una pel\u00edcula, tengo muchas ideas en ese sentido. \u00a1Eso!<\/p>\n\n\n\n<figure class=\"wp-block-image size-large\"><img fetchpriority=\"high\" decoding=\"async\" width=\"1024\" height=\"1024\" src=\"https:\/\/www.valparaisocreativo.cl\/wp-content\/uploads\/2024\/04\/unnamed-4-1024x1024.png\" alt=\"\" class=\"wp-image-18959\" srcset=\"https:\/\/dev.antudigital.cl\/sites\/vc\/wp-content\/uploads\/2024\/04\/unnamed-4-1024x1024.png 1024w, https:\/\/dev.antudigital.cl\/sites\/vc\/wp-content\/uploads\/2024\/04\/unnamed-4-300x300.png 300w, https:\/\/dev.antudigital.cl\/sites\/vc\/wp-content\/uploads\/2024\/04\/unnamed-4-150x150.png 150w, https:\/\/dev.antudigital.cl\/sites\/vc\/wp-content\/uploads\/2024\/04\/unnamed-4-768x768.png 768w, https:\/\/dev.antudigital.cl\/sites\/vc\/wp-content\/uploads\/2024\/04\/unnamed-4-980x980.png 980w, https:\/\/dev.antudigital.cl\/sites\/vc\/wp-content\/uploads\/2024\/04\/unnamed-4-480x480.png 480w, https:\/\/dev.antudigital.cl\/sites\/vc\/wp-content\/uploads\/2024\/04\/unnamed-4-24x24.png 24w, https:\/\/dev.antudigital.cl\/sites\/vc\/wp-content\/uploads\/2024\/04\/unnamed-4-36x36.png 36w, https:\/\/dev.antudigital.cl\/sites\/vc\/wp-content\/uploads\/2024\/04\/unnamed-4-48x48.png 48w, https:\/\/dev.antudigital.cl\/sites\/vc\/wp-content\/uploads\/2024\/04\/unnamed-4.png 1080w\" sizes=\"(max-width: 1024px) 100vw, 1024px\" \/><\/figure>\n\n\n\n<p><a href=\"https:\/\/www.passline.com\/eventos-plano\/cami-en-vina-del-mar\">Encuentra aqu\u00ed las entradas para \u201cAnna est\u00e1 alucinada\u201d en Vi\u00f1a del Mar.<\/a><\/p>\n","protected":false},"excerpt":{"rendered":"<p>Camila \u201cCAMI\u201d Gallardo es una artista en llamas: tiene mucha energ\u00eda creativa y dentro de todo lo que est\u00e1 armando, tuvimos la oportunidad de conocerla de manera virtual, donde transmiti\u00f3 su \u00edmpetu y qu\u00e9 es lo que est\u00e1 haciendo con su gira actual \u201cAnna est\u00e1 alucinada\u201d, donde se deja llevar y transformar por este impulso [&hellip;]<\/p>\n","protected":false},"author":1,"featured_media":18961,"comment_status":"closed","ping_status":"closed","sticky":false,"template":"","format":"standard","meta":{"_acf_changed":false,"footnotes":""},"categories":[218],"tags":[],"class_list":["post-18958","post","type-post","status-publish","format-standard","has-post-thumbnail","hentry","category-blog"],"acf":[],"yoast_head":"<!-- This site is optimized with the Yoast SEO plugin v27.1.1 - https:\/\/yoast.com\/product\/yoast-seo-wordpress\/ -->\n<title>Entrevista a CAMI Gallardo por su tour &quot;Anna est\u00e1 alucinada&quot; - Valpara\u00ed\u00adso Creativo<\/title>\n<meta name=\"robots\" content=\"index, follow, max-snippet:-1, max-image-preview:large, max-video-preview:-1\" \/>\n<link rel=\"canonical\" href=\"https:\/\/dev.antudigital.cl\/sites\/vc\/entrevista-a-cami-gallardo-por-su-tour-anna-esta-alucinada\/\" \/>\n<meta property=\"og:locale\" content=\"es_ES\" \/>\n<meta property=\"og:type\" content=\"article\" \/>\n<meta property=\"og:title\" content=\"Entrevista a CAMI Gallardo por su tour &quot;Anna est\u00e1 alucinada&quot; - Valpara\u00ed\u00adso Creativo\" \/>\n<meta property=\"og:description\" content=\"Camila \u201cCAMI\u201d Gallardo es una artista en llamas: tiene mucha energ\u00eda creativa y dentro de todo lo que est\u00e1 armando, tuvimos la oportunidad de conocerla de manera virtual, donde transmiti\u00f3 su \u00edmpetu y qu\u00e9 es lo que est\u00e1 haciendo con su gira actual \u201cAnna est\u00e1 alucinada\u201d, donde se deja llevar y transformar por este impulso [&hellip;]\" \/>\n<meta property=\"og:url\" content=\"https:\/\/dev.antudigital.cl\/sites\/vc\/entrevista-a-cami-gallardo-por-su-tour-anna-esta-alucinada\/\" \/>\n<meta property=\"og:site_name\" content=\"Valpara\u00ed\u00adso Creativo\" \/>\n<meta property=\"article:published_time\" content=\"2024-04-23T00:28:02+00:00\" \/>\n<meta property=\"article:modified_time\" content=\"2024-05-23T15:05:29+00:00\" \/>\n<meta property=\"og:image\" content=\"https:\/\/dev.antudigital.cl\/sites\/vc\/wp-content\/uploads\/2024\/04\/unnamed-2-scaled.jpg\" \/>\n\t<meta property=\"og:image:width\" content=\"2560\" \/>\n\t<meta property=\"og:image:height\" content=\"1343\" \/>\n\t<meta property=\"og:image:type\" content=\"image\/jpeg\" \/>\n<meta name=\"author\" content=\"Valpara\u00edso Creativo\" \/>\n<meta name=\"twitter:card\" content=\"summary_large_image\" \/>\n<meta name=\"twitter:label1\" content=\"Escrito por\" \/>\n\t<meta name=\"twitter:data1\" content=\"Valpara\u00edso Creativo\" \/>\n\t<meta name=\"twitter:label2\" content=\"Tiempo de lectura\" \/>\n\t<meta name=\"twitter:data2\" content=\"6 minutos\" \/>\n<script type=\"application\/ld+json\" class=\"yoast-schema-graph\">{\"@context\":\"https:\/\/schema.org\",\"@graph\":[{\"@type\":\"Article\",\"@id\":\"https:\/\/dev.antudigital.cl\/sites\/vc\/entrevista-a-cami-gallardo-por-su-tour-anna-esta-alucinada\/#article\",\"isPartOf\":{\"@id\":\"https:\/\/dev.antudigital.cl\/sites\/vc\/entrevista-a-cami-gallardo-por-su-tour-anna-esta-alucinada\/\"},\"author\":{\"name\":\"Valpara\u00edso Creativo\",\"@id\":\"https:\/\/dev.antudigital.cl\/sites\/vc\/#\/schema\/person\/c2b9da8dd545e27166fc5ab232837318\"},\"headline\":\"Entrevista a CAMI Gallardo por su tour \u00abAnna est\u00e1 alucinada\u00bb\",\"datePublished\":\"2024-04-23T00:28:02+00:00\",\"dateModified\":\"2024-05-23T15:05:29+00:00\",\"mainEntityOfPage\":{\"@id\":\"https:\/\/dev.antudigital.cl\/sites\/vc\/entrevista-a-cami-gallardo-por-su-tour-anna-esta-alucinada\/\"},\"wordCount\":1300,\"image\":{\"@id\":\"https:\/\/dev.antudigital.cl\/sites\/vc\/entrevista-a-cami-gallardo-por-su-tour-anna-esta-alucinada\/#primaryimage\"},\"thumbnailUrl\":\"https:\/\/dev.antudigital.cl\/sites\/vc\/wp-content\/uploads\/2024\/04\/unnamed-2-scaled.jpg\",\"articleSection\":[\"Blog\"],\"inLanguage\":\"es\"},{\"@type\":\"WebPage\",\"@id\":\"https:\/\/dev.antudigital.cl\/sites\/vc\/entrevista-a-cami-gallardo-por-su-tour-anna-esta-alucinada\/\",\"url\":\"https:\/\/dev.antudigital.cl\/sites\/vc\/entrevista-a-cami-gallardo-por-su-tour-anna-esta-alucinada\/\",\"name\":\"Entrevista a CAMI Gallardo por su tour \\\"Anna est\u00e1 alucinada\\\" - Valpara\u00ed\u00adso Creativo\",\"isPartOf\":{\"@id\":\"https:\/\/dev.antudigital.cl\/sites\/vc\/#website\"},\"primaryImageOfPage\":{\"@id\":\"https:\/\/dev.antudigital.cl\/sites\/vc\/entrevista-a-cami-gallardo-por-su-tour-anna-esta-alucinada\/#primaryimage\"},\"image\":{\"@id\":\"https:\/\/dev.antudigital.cl\/sites\/vc\/entrevista-a-cami-gallardo-por-su-tour-anna-esta-alucinada\/#primaryimage\"},\"thumbnailUrl\":\"https:\/\/dev.antudigital.cl\/sites\/vc\/wp-content\/uploads\/2024\/04\/unnamed-2-scaled.jpg\",\"datePublished\":\"2024-04-23T00:28:02+00:00\",\"dateModified\":\"2024-05-23T15:05:29+00:00\",\"author\":{\"@id\":\"https:\/\/dev.antudigital.cl\/sites\/vc\/#\/schema\/person\/c2b9da8dd545e27166fc5ab232837318\"},\"breadcrumb\":{\"@id\":\"https:\/\/dev.antudigital.cl\/sites\/vc\/entrevista-a-cami-gallardo-por-su-tour-anna-esta-alucinada\/#breadcrumb\"},\"inLanguage\":\"es\",\"potentialAction\":[{\"@type\":\"ReadAction\",\"target\":[\"https:\/\/dev.antudigital.cl\/sites\/vc\/entrevista-a-cami-gallardo-por-su-tour-anna-esta-alucinada\/\"]}]},{\"@type\":\"ImageObject\",\"inLanguage\":\"es\",\"@id\":\"https:\/\/dev.antudigital.cl\/sites\/vc\/entrevista-a-cami-gallardo-por-su-tour-anna-esta-alucinada\/#primaryimage\",\"url\":\"https:\/\/dev.antudigital.cl\/sites\/vc\/wp-content\/uploads\/2024\/04\/unnamed-2-scaled.jpg\",\"contentUrl\":\"https:\/\/dev.antudigital.cl\/sites\/vc\/wp-content\/uploads\/2024\/04\/unnamed-2-scaled.jpg\",\"width\":2560,\"height\":1343},{\"@type\":\"BreadcrumbList\",\"@id\":\"https:\/\/dev.antudigital.cl\/sites\/vc\/entrevista-a-cami-gallardo-por-su-tour-anna-esta-alucinada\/#breadcrumb\",\"itemListElement\":[{\"@type\":\"ListItem\",\"position\":1,\"name\":\"Home\",\"item\":\"https:\/\/dev.antudigital.cl\/sites\/vc\/\"},{\"@type\":\"ListItem\",\"position\":2,\"name\":\"Entrevista a CAMI Gallardo por su tour \u00abAnna est\u00e1 alucinada\u00bb\"}]},{\"@type\":\"WebSite\",\"@id\":\"https:\/\/dev.antudigital.cl\/sites\/vc\/#website\",\"url\":\"https:\/\/dev.antudigital.cl\/sites\/vc\/\",\"name\":\"Valpara\u00ed\u00adso Creativo\",\"description\":\"\",\"potentialAction\":[{\"@type\":\"SearchAction\",\"target\":{\"@type\":\"EntryPoint\",\"urlTemplate\":\"https:\/\/dev.antudigital.cl\/sites\/vc\/?s={search_term_string}\"},\"query-input\":{\"@type\":\"PropertyValueSpecification\",\"valueRequired\":true,\"valueName\":\"search_term_string\"}}],\"inLanguage\":\"es\"},{\"@type\":\"Person\",\"@id\":\"https:\/\/dev.antudigital.cl\/sites\/vc\/#\/schema\/person\/c2b9da8dd545e27166fc5ab232837318\",\"name\":\"Valpara\u00edso Creativo\",\"description\":\"Periodista de cultura en la Regi\u00f3n de Valpara\u00edso.\",\"url\":\"https:\/\/dev.antudigital.cl\/sites\/vc\/author\/valpoadmin\/\"}]}<\/script>\n<!-- \/ Yoast SEO plugin. -->","yoast_head_json":{"title":"Entrevista a CAMI Gallardo por su tour \"Anna est\u00e1 alucinada\" - Valpara\u00ed\u00adso Creativo","robots":{"index":"index","follow":"follow","max-snippet":"max-snippet:-1","max-image-preview":"max-image-preview:large","max-video-preview":"max-video-preview:-1"},"canonical":"https:\/\/dev.antudigital.cl\/sites\/vc\/entrevista-a-cami-gallardo-por-su-tour-anna-esta-alucinada\/","og_locale":"es_ES","og_type":"article","og_title":"Entrevista a CAMI Gallardo por su tour \"Anna est\u00e1 alucinada\" - Valpara\u00ed\u00adso Creativo","og_description":"Camila \u201cCAMI\u201d Gallardo es una artista en llamas: tiene mucha energ\u00eda creativa y dentro de todo lo que est\u00e1 armando, tuvimos la oportunidad de conocerla de manera virtual, donde transmiti\u00f3 su \u00edmpetu y qu\u00e9 es lo que est\u00e1 haciendo con su gira actual \u201cAnna est\u00e1 alucinada\u201d, donde se deja llevar y transformar por este impulso [&hellip;]","og_url":"https:\/\/dev.antudigital.cl\/sites\/vc\/entrevista-a-cami-gallardo-por-su-tour-anna-esta-alucinada\/","og_site_name":"Valpara\u00ed\u00adso Creativo","article_published_time":"2024-04-23T00:28:02+00:00","article_modified_time":"2024-05-23T15:05:29+00:00","og_image":[{"width":2560,"height":1343,"url":"https:\/\/dev.antudigital.cl\/sites\/vc\/wp-content\/uploads\/2024\/04\/unnamed-2-scaled.jpg","type":"image\/jpeg"}],"author":"Valpara\u00edso Creativo","twitter_card":"summary_large_image","twitter_misc":{"Escrito por":"Valpara\u00edso Creativo","Tiempo de lectura":"6 minutos"},"schema":{"@context":"https:\/\/schema.org","@graph":[{"@type":"Article","@id":"https:\/\/dev.antudigital.cl\/sites\/vc\/entrevista-a-cami-gallardo-por-su-tour-anna-esta-alucinada\/#article","isPartOf":{"@id":"https:\/\/dev.antudigital.cl\/sites\/vc\/entrevista-a-cami-gallardo-por-su-tour-anna-esta-alucinada\/"},"author":{"name":"Valpara\u00edso Creativo","@id":"https:\/\/dev.antudigital.cl\/sites\/vc\/#\/schema\/person\/c2b9da8dd545e27166fc5ab232837318"},"headline":"Entrevista a CAMI Gallardo por su tour \u00abAnna est\u00e1 alucinada\u00bb","datePublished":"2024-04-23T00:28:02+00:00","dateModified":"2024-05-23T15:05:29+00:00","mainEntityOfPage":{"@id":"https:\/\/dev.antudigital.cl\/sites\/vc\/entrevista-a-cami-gallardo-por-su-tour-anna-esta-alucinada\/"},"wordCount":1300,"image":{"@id":"https:\/\/dev.antudigital.cl\/sites\/vc\/entrevista-a-cami-gallardo-por-su-tour-anna-esta-alucinada\/#primaryimage"},"thumbnailUrl":"https:\/\/dev.antudigital.cl\/sites\/vc\/wp-content\/uploads\/2024\/04\/unnamed-2-scaled.jpg","articleSection":["Blog"],"inLanguage":"es"},{"@type":"WebPage","@id":"https:\/\/dev.antudigital.cl\/sites\/vc\/entrevista-a-cami-gallardo-por-su-tour-anna-esta-alucinada\/","url":"https:\/\/dev.antudigital.cl\/sites\/vc\/entrevista-a-cami-gallardo-por-su-tour-anna-esta-alucinada\/","name":"Entrevista a CAMI Gallardo por su tour \"Anna est\u00e1 alucinada\" - Valpara\u00ed\u00adso Creativo","isPartOf":{"@id":"https:\/\/dev.antudigital.cl\/sites\/vc\/#website"},"primaryImageOfPage":{"@id":"https:\/\/dev.antudigital.cl\/sites\/vc\/entrevista-a-cami-gallardo-por-su-tour-anna-esta-alucinada\/#primaryimage"},"image":{"@id":"https:\/\/dev.antudigital.cl\/sites\/vc\/entrevista-a-cami-gallardo-por-su-tour-anna-esta-alucinada\/#primaryimage"},"thumbnailUrl":"https:\/\/dev.antudigital.cl\/sites\/vc\/wp-content\/uploads\/2024\/04\/unnamed-2-scaled.jpg","datePublished":"2024-04-23T00:28:02+00:00","dateModified":"2024-05-23T15:05:29+00:00","author":{"@id":"https:\/\/dev.antudigital.cl\/sites\/vc\/#\/schema\/person\/c2b9da8dd545e27166fc5ab232837318"},"breadcrumb":{"@id":"https:\/\/dev.antudigital.cl\/sites\/vc\/entrevista-a-cami-gallardo-por-su-tour-anna-esta-alucinada\/#breadcrumb"},"inLanguage":"es","potentialAction":[{"@type":"ReadAction","target":["https:\/\/dev.antudigital.cl\/sites\/vc\/entrevista-a-cami-gallardo-por-su-tour-anna-esta-alucinada\/"]}]},{"@type":"ImageObject","inLanguage":"es","@id":"https:\/\/dev.antudigital.cl\/sites\/vc\/entrevista-a-cami-gallardo-por-su-tour-anna-esta-alucinada\/#primaryimage","url":"https:\/\/dev.antudigital.cl\/sites\/vc\/wp-content\/uploads\/2024\/04\/unnamed-2-scaled.jpg","contentUrl":"https:\/\/dev.antudigital.cl\/sites\/vc\/wp-content\/uploads\/2024\/04\/unnamed-2-scaled.jpg","width":2560,"height":1343},{"@type":"BreadcrumbList","@id":"https:\/\/dev.antudigital.cl\/sites\/vc\/entrevista-a-cami-gallardo-por-su-tour-anna-esta-alucinada\/#breadcrumb","itemListElement":[{"@type":"ListItem","position":1,"name":"Home","item":"https:\/\/dev.antudigital.cl\/sites\/vc\/"},{"@type":"ListItem","position":2,"name":"Entrevista a CAMI Gallardo por su tour \u00abAnna est\u00e1 alucinada\u00bb"}]},{"@type":"WebSite","@id":"https:\/\/dev.antudigital.cl\/sites\/vc\/#website","url":"https:\/\/dev.antudigital.cl\/sites\/vc\/","name":"Valpara\u00ed\u00adso Creativo","description":"","potentialAction":[{"@type":"SearchAction","target":{"@type":"EntryPoint","urlTemplate":"https:\/\/dev.antudigital.cl\/sites\/vc\/?s={search_term_string}"},"query-input":{"@type":"PropertyValueSpecification","valueRequired":true,"valueName":"search_term_string"}}],"inLanguage":"es"},{"@type":"Person","@id":"https:\/\/dev.antudigital.cl\/sites\/vc\/#\/schema\/person\/c2b9da8dd545e27166fc5ab232837318","name":"Valpara\u00edso Creativo","description":"Periodista de cultura en la Regi\u00f3n de Valpara\u00edso.","url":"https:\/\/dev.antudigital.cl\/sites\/vc\/author\/valpoadmin\/"}]}},"_links":{"self":[{"href":"https:\/\/dev.antudigital.cl\/sites\/vc\/wp-json\/wp\/v2\/posts\/18958","targetHints":{"allow":["GET"]}}],"collection":[{"href":"https:\/\/dev.antudigital.cl\/sites\/vc\/wp-json\/wp\/v2\/posts"}],"about":[{"href":"https:\/\/dev.antudigital.cl\/sites\/vc\/wp-json\/wp\/v2\/types\/post"}],"author":[{"embeddable":true,"href":"https:\/\/dev.antudigital.cl\/sites\/vc\/wp-json\/wp\/v2\/users\/1"}],"replies":[{"embeddable":true,"href":"https:\/\/dev.antudigital.cl\/sites\/vc\/wp-json\/wp\/v2\/comments?post=18958"}],"version-history":[{"count":1,"href":"https:\/\/dev.antudigital.cl\/sites\/vc\/wp-json\/wp\/v2\/posts\/18958\/revisions"}],"predecessor-version":[{"id":18962,"href":"https:\/\/dev.antudigital.cl\/sites\/vc\/wp-json\/wp\/v2\/posts\/18958\/revisions\/18962"}],"wp:featuredmedia":[{"embeddable":true,"href":"https:\/\/dev.antudigital.cl\/sites\/vc\/wp-json\/wp\/v2\/media\/18961"}],"wp:attachment":[{"href":"https:\/\/dev.antudigital.cl\/sites\/vc\/wp-json\/wp\/v2\/media?parent=18958"}],"wp:term":[{"taxonomy":"category","embeddable":true,"href":"https:\/\/dev.antudigital.cl\/sites\/vc\/wp-json\/wp\/v2\/categories?post=18958"},{"taxonomy":"post_tag","embeddable":true,"href":"https:\/\/dev.antudigital.cl\/sites\/vc\/wp-json\/wp\/v2\/tags?post=18958"}],"curies":[{"name":"wp","href":"https:\/\/api.w.org\/{rel}","templated":true}]}}