{"id":18977,"date":"2024-04-29T12:43:55","date_gmt":"2024-04-29T12:43:55","guid":{"rendered":"https:\/\/www.valparaisocreativo.cl\/?p=18977"},"modified":"2024-08-19T20:26:03","modified_gmt":"2024-08-19T20:26:03","slug":"lucybell-visitara-valparaiso-con-su-gira-nacional-sesion-3000","status":"publish","type":"post","link":"https:\/\/dev.antudigital.cl\/sites\/vc\/lucybell-visitara-valparaiso-con-su-gira-nacional-sesion-3000\/","title":{"rendered":"Lucybell visitar\u00e1 Valpara\u00edso con su gira nacional Sesi\u00f3n 3000"},"content":{"rendered":"\n<p>La emblem\u00e1tica banda nacional visitar\u00e1 teatros del norte, centro y sur del pa\u00eds entre julio y agosto.&nbsp;<strong>Las entradas ya est\u00e1n disponibles.<\/strong><\/p>\n\n\n\n<p>Con un total de 17 fechas a lo largo del norte, centro y sur,&nbsp;<strong>Lucybell&nbsp;<\/strong>se prepara para recorrer el pa\u00eds con su&nbsp;<strong>esperado tour \u201cSesi\u00f3n 3000\u201d,&nbsp;<\/strong>donde su fanaticada<strong>&nbsp;<\/strong>podr\u00e1&nbsp;disfrutar de nuevas reediciones y temas in\u00e9ditos.<\/p>\n\n\n\n<p>En la antesala de este recorrido, que comenzar\u00e1 el 11 de julio en Curic\u00f3, sus integrantes comentan que&nbsp;<em>\u00abes&nbsp;una sensaci\u00f3n de c\u00e1psula de tiempo que va entreg\u00e1ndose a las personas, y que el p\u00fablico nos va entregando tambi\u00e9n, con esa nostalgia, ese lazo, ese puente, entre las vivencias de cada uno, y con&nbsp;esas canciones que van conect\u00e1ndonos. Siempre hemos dicho que el p\u00fablico es como un cuarto integrante, que hacen los shows y creemos que esta vez no ser\u00e1 la excepci\u00f3n\u00bb.<\/em><\/p>\n\n\n\n<p>Es en este contexto que tambi\u00e9n llegar\u00e1n a&nbsp;<strong>Valpara\u00edso, el 25&nbsp;de agosto, present\u00e1ndose en el Teatro Parque Cultural Ex C\u00e1rcel.<\/strong><em>\u00abValparaiso ha sido,&nbsp;desde hace un tiempo, una parada obligada en nuestras exitosas giras.&nbsp;Eso nos llena de orgullo por el apoyo y la fidelidad que nuestro publico tiene para con nosotros. Ser\u00e1&nbsp;una noche&nbsp;incre\u00edble,&nbsp;en que estaremos repasando nuestros cl\u00e1sicos, adem\u00e1s de nuevas canciones que seguro ser\u00e1n las nuevas favoritas\u00bb<\/em>, cuentan.<\/p>\n\n\n\n<p>Y es que el concepto de las&nbsp;<strong>sesiones en Lucybell han significado un punto c\u00falmine en diversas etapas que han transcurrido a trav\u00e9s de la banda<\/strong>. Y si ahora se trata de la&nbsp;<em><strong>Sesi\u00f3n 3000<\/strong><\/em>, anteriormente grabaron y editaron&nbsp;<em><strong>Sesi\u00f3n Futura&nbsp;<\/strong><\/em>(2001) y&nbsp;<em><strong>Sesi\u00f3n Primitiva&nbsp;<\/strong><\/em>(2008), instancias que fueron aprovechadas para la reedici\u00f3n de temas nunca antes escuchados en vivo, y que ahora, con esta tercera sesi\u00f3n, pretende continuar la tradici\u00f3n.<\/p>\n\n\n\n<p><strong>Las entradas para Sesi\u00f3n 3000 est\u00e1n disponibles desde el sitio oficial de Lucybell.<\/strong><\/p>\n\n\n\n<p><strong>* Obt\u00e9n un 20% descuento ingresando el c\u00f3digo VALPARAISOCREATIVO<\/strong><\/p>\n\n\n\n<p><strong><a href=\"https:\/\/www.passline.com\/eventos-plano\/lucybell-sesion-3000-valparaiso\">\u00a1CONSIGUE TUS ENTRADAS AQU\u00cd!<\/a><\/strong><\/p>\n\n\n\n<figure class=\"wp-block-image size-large\"><img fetchpriority=\"high\" decoding=\"async\" width=\"1024\" height=\"1024\" src=\"https:\/\/www.valparaisocreativo.cl\/wp-content\/uploads\/2024\/04\/unnamed-7-1024x1024.jpg\" alt=\"\" class=\"wp-image-18980\" srcset=\"https:\/\/dev.antudigital.cl\/sites\/vc\/wp-content\/uploads\/2024\/04\/unnamed-7-1024x1024.jpg 1024w, https:\/\/dev.antudigital.cl\/sites\/vc\/wp-content\/uploads\/2024\/04\/unnamed-7-300x300.jpg 300w, https:\/\/dev.antudigital.cl\/sites\/vc\/wp-content\/uploads\/2024\/04\/unnamed-7-150x150.jpg 150w, https:\/\/dev.antudigital.cl\/sites\/vc\/wp-content\/uploads\/2024\/04\/unnamed-7-768x768.jpg 768w, https:\/\/dev.antudigital.cl\/sites\/vc\/wp-content\/uploads\/2024\/04\/unnamed-7-980x980.jpg 980w, https:\/\/dev.antudigital.cl\/sites\/vc\/wp-content\/uploads\/2024\/04\/unnamed-7-480x480.jpg 480w, https:\/\/dev.antudigital.cl\/sites\/vc\/wp-content\/uploads\/2024\/04\/unnamed-7-24x24.jpg 24w, https:\/\/dev.antudigital.cl\/sites\/vc\/wp-content\/uploads\/2024\/04\/unnamed-7-36x36.jpg 36w, https:\/\/dev.antudigital.cl\/sites\/vc\/wp-content\/uploads\/2024\/04\/unnamed-7-48x48.jpg 48w, https:\/\/dev.antudigital.cl\/sites\/vc\/wp-content\/uploads\/2024\/04\/unnamed-7.jpg 1080w\" sizes=\"(max-width: 1024px) 100vw, 1024px\" \/><\/figure>\n","protected":false},"excerpt":{"rendered":"<p>La emblem\u00e1tica banda nacional visitar\u00e1 teatros del norte, centro y sur del pa\u00eds entre julio y agosto.&nbsp;Las entradas ya est\u00e1n disponibles. Con un total de 17 fechas a lo largo del norte, centro y sur,&nbsp;Lucybell&nbsp;se prepara para recorrer el pa\u00eds con su&nbsp;esperado tour \u201cSesi\u00f3n 3000\u201d,&nbsp;donde su fanaticada&nbsp;podr\u00e1&nbsp;disfrutar de nuevas reediciones y temas in\u00e9ditos. En la [&hellip;]<\/p>\n","protected":false},"author":1,"featured_media":18978,"comment_status":"closed","ping_status":"closed","sticky":false,"template":"","format":"standard","meta":{"_acf_changed":false,"footnotes":""},"categories":[8],"tags":[],"class_list":["post-18977","post","type-post","status-publish","format-standard","has-post-thumbnail","hentry","category-noticia"],"acf":[],"yoast_head":"<!-- This site is optimized with the Yoast SEO plugin v27.1.1 - https:\/\/yoast.com\/product\/yoast-seo-wordpress\/ -->\n<title>Lucybell visitar\u00e1 Valpara\u00edso con su gira nacional Sesi\u00f3n 3000 - Valpara\u00ed\u00adso Creativo<\/title>\n<meta name=\"robots\" content=\"index, follow, max-snippet:-1, max-image-preview:large, max-video-preview:-1\" \/>\n<link rel=\"canonical\" href=\"https:\/\/dev.antudigital.cl\/sites\/vc\/lucybell-visitara-valparaiso-con-su-gira-nacional-sesion-3000\/\" \/>\n<meta property=\"og:locale\" content=\"es_ES\" \/>\n<meta property=\"og:type\" content=\"article\" \/>\n<meta property=\"og:title\" content=\"Lucybell visitar\u00e1 Valpara\u00edso con su gira nacional Sesi\u00f3n 3000 - Valpara\u00ed\u00adso Creativo\" \/>\n<meta property=\"og:description\" content=\"La emblem\u00e1tica banda nacional visitar\u00e1 teatros del norte, centro y sur del pa\u00eds entre julio y agosto.&nbsp;Las entradas ya est\u00e1n disponibles. Con un total de 17 fechas a lo largo del norte, centro y sur,&nbsp;Lucybell&nbsp;se prepara para recorrer el pa\u00eds con su&nbsp;esperado tour \u201cSesi\u00f3n 3000\u201d,&nbsp;donde su fanaticada&nbsp;podr\u00e1&nbsp;disfrutar de nuevas reediciones y temas in\u00e9ditos. En la [&hellip;]\" \/>\n<meta property=\"og:url\" content=\"https:\/\/dev.antudigital.cl\/sites\/vc\/lucybell-visitara-valparaiso-con-su-gira-nacional-sesion-3000\/\" \/>\n<meta property=\"og:site_name\" content=\"Valpara\u00ed\u00adso Creativo\" \/>\n<meta property=\"article:published_time\" content=\"2024-04-29T12:43:55+00:00\" \/>\n<meta property=\"article:modified_time\" content=\"2024-08-19T20:26:03+00:00\" \/>\n<meta property=\"og:image\" content=\"https:\/\/dev.antudigital.cl\/sites\/vc\/wp-content\/uploads\/2024\/04\/unnamed-5-1024x682.png\" \/>\n\t<meta property=\"og:image:width\" content=\"1024\" \/>\n\t<meta property=\"og:image:height\" content=\"682\" \/>\n\t<meta property=\"og:image:type\" content=\"image\/png\" \/>\n<meta name=\"author\" content=\"Valpara\u00edso Creativo\" \/>\n<meta name=\"twitter:card\" content=\"summary_large_image\" \/>\n<meta name=\"twitter:label1\" content=\"Escrito por\" \/>\n\t<meta name=\"twitter:data1\" content=\"Valpara\u00edso Creativo\" \/>\n\t<meta name=\"twitter:label2\" content=\"Tiempo de lectura\" \/>\n\t<meta name=\"twitter:data2\" content=\"2 minutos\" \/>\n<script type=\"application\/ld+json\" class=\"yoast-schema-graph\">{\"@context\":\"https:\/\/schema.org\",\"@graph\":[{\"@type\":\"Article\",\"@id\":\"https:\/\/dev.antudigital.cl\/sites\/vc\/lucybell-visitara-valparaiso-con-su-gira-nacional-sesion-3000\/#article\",\"isPartOf\":{\"@id\":\"https:\/\/dev.antudigital.cl\/sites\/vc\/lucybell-visitara-valparaiso-con-su-gira-nacional-sesion-3000\/\"},\"author\":{\"name\":\"Valpara\u00edso Creativo\",\"@id\":\"https:\/\/dev.antudigital.cl\/sites\/vc\/#\/schema\/person\/c2b9da8dd545e27166fc5ab232837318\"},\"headline\":\"Lucybell visitar\u00e1 Valpara\u00edso con su gira nacional Sesi\u00f3n 3000\",\"datePublished\":\"2024-04-29T12:43:55+00:00\",\"dateModified\":\"2024-08-19T20:26:03+00:00\",\"mainEntityOfPage\":{\"@id\":\"https:\/\/dev.antudigital.cl\/sites\/vc\/lucybell-visitara-valparaiso-con-su-gira-nacional-sesion-3000\/\"},\"wordCount\":372,\"image\":{\"@id\":\"https:\/\/dev.antudigital.cl\/sites\/vc\/lucybell-visitara-valparaiso-con-su-gira-nacional-sesion-3000\/#primaryimage\"},\"thumbnailUrl\":\"https:\/\/dev.antudigital.cl\/sites\/vc\/wp-content\/uploads\/2024\/04\/unnamed-5.png\",\"articleSection\":[\"Noticia\"],\"inLanguage\":\"es\"},{\"@type\":\"WebPage\",\"@id\":\"https:\/\/dev.antudigital.cl\/sites\/vc\/lucybell-visitara-valparaiso-con-su-gira-nacional-sesion-3000\/\",\"url\":\"https:\/\/dev.antudigital.cl\/sites\/vc\/lucybell-visitara-valparaiso-con-su-gira-nacional-sesion-3000\/\",\"name\":\"Lucybell visitar\u00e1 Valpara\u00edso con su gira nacional Sesi\u00f3n 3000 - Valpara\u00ed\u00adso Creativo\",\"isPartOf\":{\"@id\":\"https:\/\/dev.antudigital.cl\/sites\/vc\/#website\"},\"primaryImageOfPage\":{\"@id\":\"https:\/\/dev.antudigital.cl\/sites\/vc\/lucybell-visitara-valparaiso-con-su-gira-nacional-sesion-3000\/#primaryimage\"},\"image\":{\"@id\":\"https:\/\/dev.antudigital.cl\/sites\/vc\/lucybell-visitara-valparaiso-con-su-gira-nacional-sesion-3000\/#primaryimage\"},\"thumbnailUrl\":\"https:\/\/dev.antudigital.cl\/sites\/vc\/wp-content\/uploads\/2024\/04\/unnamed-5.png\",\"datePublished\":\"2024-04-29T12:43:55+00:00\",\"dateModified\":\"2024-08-19T20:26:03+00:00\",\"author\":{\"@id\":\"https:\/\/dev.antudigital.cl\/sites\/vc\/#\/schema\/person\/c2b9da8dd545e27166fc5ab232837318\"},\"breadcrumb\":{\"@id\":\"https:\/\/dev.antudigital.cl\/sites\/vc\/lucybell-visitara-valparaiso-con-su-gira-nacional-sesion-3000\/#breadcrumb\"},\"inLanguage\":\"es\",\"potentialAction\":[{\"@type\":\"ReadAction\",\"target\":[\"https:\/\/dev.antudigital.cl\/sites\/vc\/lucybell-visitara-valparaiso-con-su-gira-nacional-sesion-3000\/\"]}]},{\"@type\":\"ImageObject\",\"inLanguage\":\"es\",\"@id\":\"https:\/\/dev.antudigital.cl\/sites\/vc\/lucybell-visitara-valparaiso-con-su-gira-nacional-sesion-3000\/#primaryimage\",\"url\":\"https:\/\/dev.antudigital.cl\/sites\/vc\/wp-content\/uploads\/2024\/04\/unnamed-5.png\",\"contentUrl\":\"https:\/\/dev.antudigital.cl\/sites\/vc\/wp-content\/uploads\/2024\/04\/unnamed-5.png\",\"width\":2698,\"height\":1796},{\"@type\":\"BreadcrumbList\",\"@id\":\"https:\/\/dev.antudigital.cl\/sites\/vc\/lucybell-visitara-valparaiso-con-su-gira-nacional-sesion-3000\/#breadcrumb\",\"itemListElement\":[{\"@type\":\"ListItem\",\"position\":1,\"name\":\"Home\",\"item\":\"https:\/\/dev.antudigital.cl\/sites\/vc\/\"},{\"@type\":\"ListItem\",\"position\":2,\"name\":\"Lucybell visitar\u00e1 Valpara\u00edso con su gira nacional Sesi\u00f3n 3000\"}]},{\"@type\":\"WebSite\",\"@id\":\"https:\/\/dev.antudigital.cl\/sites\/vc\/#website\",\"url\":\"https:\/\/dev.antudigital.cl\/sites\/vc\/\",\"name\":\"Valpara\u00ed\u00adso Creativo\",\"description\":\"\",\"potentialAction\":[{\"@type\":\"SearchAction\",\"target\":{\"@type\":\"EntryPoint\",\"urlTemplate\":\"https:\/\/dev.antudigital.cl\/sites\/vc\/?s={search_term_string}\"},\"query-input\":{\"@type\":\"PropertyValueSpecification\",\"valueRequired\":true,\"valueName\":\"search_term_string\"}}],\"inLanguage\":\"es\"},{\"@type\":\"Person\",\"@id\":\"https:\/\/dev.antudigital.cl\/sites\/vc\/#\/schema\/person\/c2b9da8dd545e27166fc5ab232837318\",\"name\":\"Valpara\u00edso Creativo\",\"description\":\"Periodista de cultura en la Regi\u00f3n de Valpara\u00edso.\",\"url\":\"https:\/\/dev.antudigital.cl\/sites\/vc\/author\/valpoadmin\/\"}]}<\/script>\n<!-- \/ Yoast SEO plugin. -->","yoast_head_json":{"title":"Lucybell visitar\u00e1 Valpara\u00edso con su gira nacional Sesi\u00f3n 3000 - Valpara\u00ed\u00adso Creativo","robots":{"index":"index","follow":"follow","max-snippet":"max-snippet:-1","max-image-preview":"max-image-preview:large","max-video-preview":"max-video-preview:-1"},"canonical":"https:\/\/dev.antudigital.cl\/sites\/vc\/lucybell-visitara-valparaiso-con-su-gira-nacional-sesion-3000\/","og_locale":"es_ES","og_type":"article","og_title":"Lucybell visitar\u00e1 Valpara\u00edso con su gira nacional Sesi\u00f3n 3000 - Valpara\u00ed\u00adso Creativo","og_description":"La emblem\u00e1tica banda nacional visitar\u00e1 teatros del norte, centro y sur del pa\u00eds entre julio y agosto.&nbsp;Las entradas ya est\u00e1n disponibles. Con un total de 17 fechas a lo largo del norte, centro y sur,&nbsp;Lucybell&nbsp;se prepara para recorrer el pa\u00eds con su&nbsp;esperado tour \u201cSesi\u00f3n 3000\u201d,&nbsp;donde su fanaticada&nbsp;podr\u00e1&nbsp;disfrutar de nuevas reediciones y temas in\u00e9ditos. En la [&hellip;]","og_url":"https:\/\/dev.antudigital.cl\/sites\/vc\/lucybell-visitara-valparaiso-con-su-gira-nacional-sesion-3000\/","og_site_name":"Valpara\u00ed\u00adso Creativo","article_published_time":"2024-04-29T12:43:55+00:00","article_modified_time":"2024-08-19T20:26:03+00:00","og_image":[{"width":1024,"height":682,"url":"https:\/\/dev.antudigital.cl\/sites\/vc\/wp-content\/uploads\/2024\/04\/unnamed-5-1024x682.png","type":"image\/png"}],"author":"Valpara\u00edso Creativo","twitter_card":"summary_large_image","twitter_misc":{"Escrito por":"Valpara\u00edso Creativo","Tiempo de lectura":"2 minutos"},"schema":{"@context":"https:\/\/schema.org","@graph":[{"@type":"Article","@id":"https:\/\/dev.antudigital.cl\/sites\/vc\/lucybell-visitara-valparaiso-con-su-gira-nacional-sesion-3000\/#article","isPartOf":{"@id":"https:\/\/dev.antudigital.cl\/sites\/vc\/lucybell-visitara-valparaiso-con-su-gira-nacional-sesion-3000\/"},"author":{"name":"Valpara\u00edso Creativo","@id":"https:\/\/dev.antudigital.cl\/sites\/vc\/#\/schema\/person\/c2b9da8dd545e27166fc5ab232837318"},"headline":"Lucybell visitar\u00e1 Valpara\u00edso con su gira nacional Sesi\u00f3n 3000","datePublished":"2024-04-29T12:43:55+00:00","dateModified":"2024-08-19T20:26:03+00:00","mainEntityOfPage":{"@id":"https:\/\/dev.antudigital.cl\/sites\/vc\/lucybell-visitara-valparaiso-con-su-gira-nacional-sesion-3000\/"},"wordCount":372,"image":{"@id":"https:\/\/dev.antudigital.cl\/sites\/vc\/lucybell-visitara-valparaiso-con-su-gira-nacional-sesion-3000\/#primaryimage"},"thumbnailUrl":"https:\/\/dev.antudigital.cl\/sites\/vc\/wp-content\/uploads\/2024\/04\/unnamed-5.png","articleSection":["Noticia"],"inLanguage":"es"},{"@type":"WebPage","@id":"https:\/\/dev.antudigital.cl\/sites\/vc\/lucybell-visitara-valparaiso-con-su-gira-nacional-sesion-3000\/","url":"https:\/\/dev.antudigital.cl\/sites\/vc\/lucybell-visitara-valparaiso-con-su-gira-nacional-sesion-3000\/","name":"Lucybell visitar\u00e1 Valpara\u00edso con su gira nacional Sesi\u00f3n 3000 - Valpara\u00ed\u00adso Creativo","isPartOf":{"@id":"https:\/\/dev.antudigital.cl\/sites\/vc\/#website"},"primaryImageOfPage":{"@id":"https:\/\/dev.antudigital.cl\/sites\/vc\/lucybell-visitara-valparaiso-con-su-gira-nacional-sesion-3000\/#primaryimage"},"image":{"@id":"https:\/\/dev.antudigital.cl\/sites\/vc\/lucybell-visitara-valparaiso-con-su-gira-nacional-sesion-3000\/#primaryimage"},"thumbnailUrl":"https:\/\/dev.antudigital.cl\/sites\/vc\/wp-content\/uploads\/2024\/04\/unnamed-5.png","datePublished":"2024-04-29T12:43:55+00:00","dateModified":"2024-08-19T20:26:03+00:00","author":{"@id":"https:\/\/dev.antudigital.cl\/sites\/vc\/#\/schema\/person\/c2b9da8dd545e27166fc5ab232837318"},"breadcrumb":{"@id":"https:\/\/dev.antudigital.cl\/sites\/vc\/lucybell-visitara-valparaiso-con-su-gira-nacional-sesion-3000\/#breadcrumb"},"inLanguage":"es","potentialAction":[{"@type":"ReadAction","target":["https:\/\/dev.antudigital.cl\/sites\/vc\/lucybell-visitara-valparaiso-con-su-gira-nacional-sesion-3000\/"]}]},{"@type":"ImageObject","inLanguage":"es","@id":"https:\/\/dev.antudigital.cl\/sites\/vc\/lucybell-visitara-valparaiso-con-su-gira-nacional-sesion-3000\/#primaryimage","url":"https:\/\/dev.antudigital.cl\/sites\/vc\/wp-content\/uploads\/2024\/04\/unnamed-5.png","contentUrl":"https:\/\/dev.antudigital.cl\/sites\/vc\/wp-content\/uploads\/2024\/04\/unnamed-5.png","width":2698,"height":1796},{"@type":"BreadcrumbList","@id":"https:\/\/dev.antudigital.cl\/sites\/vc\/lucybell-visitara-valparaiso-con-su-gira-nacional-sesion-3000\/#breadcrumb","itemListElement":[{"@type":"ListItem","position":1,"name":"Home","item":"https:\/\/dev.antudigital.cl\/sites\/vc\/"},{"@type":"ListItem","position":2,"name":"Lucybell visitar\u00e1 Valpara\u00edso con su gira nacional Sesi\u00f3n 3000"}]},{"@type":"WebSite","@id":"https:\/\/dev.antudigital.cl\/sites\/vc\/#website","url":"https:\/\/dev.antudigital.cl\/sites\/vc\/","name":"Valpara\u00ed\u00adso Creativo","description":"","potentialAction":[{"@type":"SearchAction","target":{"@type":"EntryPoint","urlTemplate":"https:\/\/dev.antudigital.cl\/sites\/vc\/?s={search_term_string}"},"query-input":{"@type":"PropertyValueSpecification","valueRequired":true,"valueName":"search_term_string"}}],"inLanguage":"es"},{"@type":"Person","@id":"https:\/\/dev.antudigital.cl\/sites\/vc\/#\/schema\/person\/c2b9da8dd545e27166fc5ab232837318","name":"Valpara\u00edso Creativo","description":"Periodista de cultura en la Regi\u00f3n de Valpara\u00edso.","url":"https:\/\/dev.antudigital.cl\/sites\/vc\/author\/valpoadmin\/"}]}},"_links":{"self":[{"href":"https:\/\/dev.antudigital.cl\/sites\/vc\/wp-json\/wp\/v2\/posts\/18977","targetHints":{"allow":["GET"]}}],"collection":[{"href":"https:\/\/dev.antudigital.cl\/sites\/vc\/wp-json\/wp\/v2\/posts"}],"about":[{"href":"https:\/\/dev.antudigital.cl\/sites\/vc\/wp-json\/wp\/v2\/types\/post"}],"author":[{"embeddable":true,"href":"https:\/\/dev.antudigital.cl\/sites\/vc\/wp-json\/wp\/v2\/users\/1"}],"replies":[{"embeddable":true,"href":"https:\/\/dev.antudigital.cl\/sites\/vc\/wp-json\/wp\/v2\/comments?post=18977"}],"version-history":[{"count":2,"href":"https:\/\/dev.antudigital.cl\/sites\/vc\/wp-json\/wp\/v2\/posts\/18977\/revisions"}],"predecessor-version":[{"id":20051,"href":"https:\/\/dev.antudigital.cl\/sites\/vc\/wp-json\/wp\/v2\/posts\/18977\/revisions\/20051"}],"wp:featuredmedia":[{"embeddable":true,"href":"https:\/\/dev.antudigital.cl\/sites\/vc\/wp-json\/wp\/v2\/media\/18978"}],"wp:attachment":[{"href":"https:\/\/dev.antudigital.cl\/sites\/vc\/wp-json\/wp\/v2\/media?parent=18977"}],"wp:term":[{"taxonomy":"category","embeddable":true,"href":"https:\/\/dev.antudigital.cl\/sites\/vc\/wp-json\/wp\/v2\/categories?post=18977"},{"taxonomy":"post_tag","embeddable":true,"href":"https:\/\/dev.antudigital.cl\/sites\/vc\/wp-json\/wp\/v2\/tags?post=18977"}],"curies":[{"name":"wp","href":"https:\/\/api.w.org\/{rel}","templated":true}]}}