{"id":18982,"date":"2024-04-30T02:38:29","date_gmt":"2024-04-30T02:38:29","guid":{"rendered":"https:\/\/www.valparaisocreativo.cl\/?p=18982"},"modified":"2024-04-30T02:38:46","modified_gmt":"2024-04-30T02:38:46","slug":"cinta-inspirada-en-la-vida-y-obra-de-cecilia-dio-inicio-a-la-cartelera-anual-de-cine-chileno-en-quilpue","status":"publish","type":"post","link":"https:\/\/dev.antudigital.cl\/sites\/vc\/cinta-inspirada-en-la-vida-y-obra-de-cecilia-dio-inicio-a-la-cartelera-anual-de-cine-chileno-en-quilpue\/","title":{"rendered":"Cinta inspirada en la vida y obra de \u201cCecilia\u201d dio inicio a la cartelera anual de cine chileno en Quilpu\u00e9"},"content":{"rendered":"\n<p>Con la presencia de un centenar de personas, el d\u00eda de ayer en el&nbsp;<strong>Teatro Municipal Juan Bustos Ram\u00edrez<\/strong>, el&nbsp;<strong>Centro Cultural Quilpu\u00e9 Audiovisual<\/strong>&nbsp;en colaboraci\u00f3n con la&nbsp;<strong>Municipalidad de Quilpu\u00e9<\/strong>, dieron inicio a la&nbsp;<strong>Cartelera Anual de Cine Chileno<\/strong>, actividad que se lleva realizando por tercer a\u00f1o consecutivo en la comuna.<\/p>\n\n\n\n<p>En la instancia, se exhibi\u00f3&nbsp;<strong>\u201cCecilia, la incomparable\u201d<\/strong>, pel\u00edcula dirigida por Vanessa Miller y protagonizada por Amaya Forch. Y para presentar y conversar sobre la cinta, se cont\u00f3 con la&nbsp;<strong>destacada participaci\u00f3n&nbsp;<\/strong>del actor y sobrino de Cecilia,&nbsp;<strong>Erto Pantoja<\/strong>, quien afirm\u00f3:&nbsp;<em>\u201cEl p\u00fablico fue maravilloso. Tanto cari\u00f1o, gente de distintas generaciones, adem\u00e1s se llen\u00f3 el teatro, inconcebible. Las personas se quedaron hasta el final y conversamos muy amablemente. Me voy con el coraz\u00f3n lleno y mi t\u00eda tambi\u00e9n, est\u00e1 feliz\u201d.<\/em><\/p>\n\n\n\n<p>Asimismo,\u00a0<strong>Gloria<\/strong>, asistente a la funci\u00f3n se refiri\u00f3 a la importancia de que estas actividades se realicen:\u00a0<em>\u201cNos encanta porque es una posibilidad de ver cine, de culto y gratis. Para nosotros los pensionados, todo lo que es diversi\u00f3n, se hace dif\u00edcil desde la movilizaci\u00f3n. Entonces, somos privilegiadas de tener esta oportunidad\u201d.<\/em><\/p>\n\n\n\n<figure class=\"wp-block-image size-large\"><img fetchpriority=\"high\" decoding=\"async\" width=\"1024\" height=\"683\" src=\"https:\/\/www.valparaisocreativo.cl\/wp-content\/uploads\/2024\/04\/Abril-24-QP_CCQA-3-1024x683.jpg\" alt=\"\" class=\"wp-image-18990\" srcset=\"https:\/\/dev.antudigital.cl\/sites\/vc\/wp-content\/uploads\/2024\/04\/Abril-24-QP_CCQA-3-1024x683.jpg 1024w, https:\/\/dev.antudigital.cl\/sites\/vc\/wp-content\/uploads\/2024\/04\/Abril-24-QP_CCQA-3-300x200.jpg 300w, https:\/\/dev.antudigital.cl\/sites\/vc\/wp-content\/uploads\/2024\/04\/Abril-24-QP_CCQA-3-768x512.jpg 768w, https:\/\/dev.antudigital.cl\/sites\/vc\/wp-content\/uploads\/2024\/04\/Abril-24-QP_CCQA-3-1536x1024.jpg 1536w, https:\/\/dev.antudigital.cl\/sites\/vc\/wp-content\/uploads\/2024\/04\/Abril-24-QP_CCQA-3-1080x720.jpg 1080w, https:\/\/dev.antudigital.cl\/sites\/vc\/wp-content\/uploads\/2024\/04\/Abril-24-QP_CCQA-3-1280x853.jpg 1280w, https:\/\/dev.antudigital.cl\/sites\/vc\/wp-content\/uploads\/2024\/04\/Abril-24-QP_CCQA-3-980x653.jpg 980w, https:\/\/dev.antudigital.cl\/sites\/vc\/wp-content\/uploads\/2024\/04\/Abril-24-QP_CCQA-3-480x320.jpg 480w, https:\/\/dev.antudigital.cl\/sites\/vc\/wp-content\/uploads\/2024\/04\/Abril-24-QP_CCQA-3-24x16.jpg 24w, https:\/\/dev.antudigital.cl\/sites\/vc\/wp-content\/uploads\/2024\/04\/Abril-24-QP_CCQA-3-36x24.jpg 36w, https:\/\/dev.antudigital.cl\/sites\/vc\/wp-content\/uploads\/2024\/04\/Abril-24-QP_CCQA-3-48x32.jpg 48w, https:\/\/dev.antudigital.cl\/sites\/vc\/wp-content\/uploads\/2024\/04\/Abril-24-QP_CCQA-3.jpg 2048w\" sizes=\"(max-width: 1024px) 100vw, 1024px\" \/><\/figure>\n\n\n\n<p>Por su parte,&nbsp;<strong>Ricardo Riquelme<\/strong>, quien es de Santiago pero andaba de visita en Quilpu\u00e9, expres\u00f3:<em>&nbsp;\u201cCreo que es tan importante tener esa visi\u00f3n personal de quienes participan directamente en la cinematograf\u00eda, que es un agrado poder compartir algunas ideas\u2026Gracias a ustedes y mis felicitaciones para quienes hacen esto posible este tipo de actividades\u201d.<\/em><\/p>\n\n\n\n<p><strong>Esta iniciativa cuenta con el financiamiento del Ministerio de las Culturas, las Artes y el Patrimonio<\/strong>&nbsp;a trav\u00e9s de su Programa de Apoyo a Organizaciones Culturales Colaboradoras. Es auspiciada por la Municipalidad de Quilpu\u00e9 y cuenta con la colaboraci\u00f3n de EFE Trenes Valpara\u00edso, Portal Belloto, Duoc Vi\u00f1a del Mar y las municipalidades de Villa Alemana, Quillota, Quintero, Llay Llay, Algarrobo, La Ligua y Cabildo en conjunto con Servicio Pa\u00eds.<\/p>\n\n\n\n<p>La Cartelera Anual de Cine Chileno del CC Quilpu\u00e9 Audiovisual es completamente gratuita y se extender\u00e1 hasta noviembre con funciones todos los&nbsp;<strong>mi\u00e9rcoles<\/strong>&nbsp;a las&nbsp;<strong>19:00 horas&nbsp;<\/strong>en el&nbsp;<strong>Teatro Juan Bustos Ram\u00edrez<\/strong>. Y tambi\u00e9n se realizar\u00e1 en otras siete comunas de la regi\u00f3n de Valpara\u00edso: Villa Alemana, Quillota, Quintero, Llay Llay, Algarrobo, Cabildo y La Ligua.<\/p>\n\n\n\n<p>Dentro de la programaci\u00f3n se contar\u00e1 con&nbsp;<strong>estrenos nacionales<\/strong>,&nbsp;<strong>funciones dirigidas al p\u00fablico escolar y personas mayores<\/strong>, adem\u00e1s de funciones en&nbsp;<strong>formato autocine<\/strong>&nbsp;\u00fanicamente para Villa Alemana, Quilpu\u00e9 y Quillota.<\/p>\n\n\n\n<p>Para mayo, la cartelera contin\u00faa con la proyecci\u00f3n de las pel\u00edculas \u201cLos Colonos\u201d, \u201cEn septiembre canta el gallo\u201d, \u201cHistoria y Geograf\u00eda\u201d, \u201cPadre Nuestro\u201d y \u201cAn\u00e1logos\u201d. Todas las funciones siempre ser\u00e1n acompa\u00f1adas de conversatorios mediados.<\/p>\n\n\n\n<p>El Centro Cultural Quilpu\u00e9 Audiovisual forma parte del Programa de Apoyo a Organizaciones Culturales Colaboradoras del Ministerio de las Culturas, las Artes y el Patrimonio, que busca fortalecer y dar continuidad a instituciones y organizaciones culturales de derecho privado y sin fines de lucro. Este programa adem\u00e1s es parte del Sistema de Financiamiento a Organizaciones e Infraestructura Cultural del Ministerio de las Culturas, las Artes y el Patrimonio que integra, articula y coordina de forma transversal los planes, programas y fondos orientados al fomento y apoyo de las organizaciones, de la infraestructura cultural, y de la mediaci\u00f3n art\u00edstica. Todo esto con una vocaci\u00f3n descentralizada, mecanismos participativos, y la promoci\u00f3n de la creaci\u00f3n de redes y asociaciones.<\/p>\n\n\n\n<p>Para m\u00e1s detalles sobre la cartelera mensual revisar&nbsp;<a href=\"http:\/\/www.quilpueaudiovisual.cl\/\" target=\"_blank\" rel=\"noreferrer noopener\">www.quilpueaudiovisual.cl<\/a><\/p>\n\n\n\n<p><strong>Redes sociales: @ccquilpueaudiovisual<\/strong><\/p>\n\n\n\n<p><strong><u>Fotograf\u00edas: Eduardo Vargas.\u00a0<\/u><\/strong><\/p>\n\n\n\n<figure class=\"wp-block-image size-large\"><img decoding=\"async\" width=\"1024\" height=\"683\" src=\"https:\/\/www.valparaisocreativo.cl\/wp-content\/uploads\/2024\/04\/Abril-24-QP_CCQA-1-1024x683.jpg\" alt=\"\" class=\"wp-image-18988\" srcset=\"https:\/\/dev.antudigital.cl\/sites\/vc\/wp-content\/uploads\/2024\/04\/Abril-24-QP_CCQA-1-1024x683.jpg 1024w, https:\/\/dev.antudigital.cl\/sites\/vc\/wp-content\/uploads\/2024\/04\/Abril-24-QP_CCQA-1-300x200.jpg 300w, https:\/\/dev.antudigital.cl\/sites\/vc\/wp-content\/uploads\/2024\/04\/Abril-24-QP_CCQA-1-768x512.jpg 768w, https:\/\/dev.antudigital.cl\/sites\/vc\/wp-content\/uploads\/2024\/04\/Abril-24-QP_CCQA-1-1536x1024.jpg 1536w, https:\/\/dev.antudigital.cl\/sites\/vc\/wp-content\/uploads\/2024\/04\/Abril-24-QP_CCQA-1-1080x720.jpg 1080w, https:\/\/dev.antudigital.cl\/sites\/vc\/wp-content\/uploads\/2024\/04\/Abril-24-QP_CCQA-1-1280x853.jpg 1280w, https:\/\/dev.antudigital.cl\/sites\/vc\/wp-content\/uploads\/2024\/04\/Abril-24-QP_CCQA-1-980x653.jpg 980w, https:\/\/dev.antudigital.cl\/sites\/vc\/wp-content\/uploads\/2024\/04\/Abril-24-QP_CCQA-1-480x320.jpg 480w, https:\/\/dev.antudigital.cl\/sites\/vc\/wp-content\/uploads\/2024\/04\/Abril-24-QP_CCQA-1-24x16.jpg 24w, https:\/\/dev.antudigital.cl\/sites\/vc\/wp-content\/uploads\/2024\/04\/Abril-24-QP_CCQA-1-36x24.jpg 36w, https:\/\/dev.antudigital.cl\/sites\/vc\/wp-content\/uploads\/2024\/04\/Abril-24-QP_CCQA-1-48x32.jpg 48w, https:\/\/dev.antudigital.cl\/sites\/vc\/wp-content\/uploads\/2024\/04\/Abril-24-QP_CCQA-1.jpg 2048w\" sizes=\"(max-width: 1024px) 100vw, 1024px\" \/><\/figure>\n","protected":false},"excerpt":{"rendered":"<p>Con la presencia de un centenar de personas, el d\u00eda de ayer en el&nbsp;Teatro Municipal Juan Bustos Ram\u00edrez, el&nbsp;Centro Cultural Quilpu\u00e9 Audiovisual&nbsp;en colaboraci\u00f3n con la&nbsp;Municipalidad de Quilpu\u00e9, dieron inicio a la&nbsp;Cartelera Anual de Cine Chileno, actividad que se lleva realizando por tercer a\u00f1o consecutivo en la comuna. En la instancia, se exhibi\u00f3&nbsp;\u201cCecilia, la incomparable\u201d, pel\u00edcula [&hellip;]<\/p>\n","protected":false},"author":1,"featured_media":18991,"comment_status":"closed","ping_status":"closed","sticky":false,"template":"","format":"standard","meta":{"_acf_changed":false,"footnotes":""},"categories":[8],"tags":[],"class_list":["post-18982","post","type-post","status-publish","format-standard","has-post-thumbnail","hentry","category-noticia"],"acf":[],"yoast_head":"<!-- This site is optimized with the Yoast SEO plugin v27.1.1 - https:\/\/yoast.com\/product\/yoast-seo-wordpress\/ -->\n<title>Cinta inspirada en la vida y obra de \u201cCecilia\u201d dio inicio a la cartelera anual de cine chileno en Quilpu\u00e9 - Valpara\u00ed\u00adso Creativo<\/title>\n<meta name=\"robots\" content=\"index, follow, max-snippet:-1, max-image-preview:large, max-video-preview:-1\" \/>\n<link rel=\"canonical\" href=\"https:\/\/dev.antudigital.cl\/sites\/vc\/cinta-inspirada-en-la-vida-y-obra-de-cecilia-dio-inicio-a-la-cartelera-anual-de-cine-chileno-en-quilpue\/\" \/>\n<meta property=\"og:locale\" content=\"es_ES\" \/>\n<meta property=\"og:type\" content=\"article\" \/>\n<meta property=\"og:title\" content=\"Cinta inspirada en la vida y obra de \u201cCecilia\u201d dio inicio a la cartelera anual de cine chileno en Quilpu\u00e9 - Valpara\u00ed\u00adso Creativo\" \/>\n<meta property=\"og:description\" content=\"Con la presencia de un centenar de personas, el d\u00eda de ayer en el&nbsp;Teatro Municipal Juan Bustos Ram\u00edrez, el&nbsp;Centro Cultural Quilpu\u00e9 Audiovisual&nbsp;en colaboraci\u00f3n con la&nbsp;Municipalidad de Quilpu\u00e9, dieron inicio a la&nbsp;Cartelera Anual de Cine Chileno, actividad que se lleva realizando por tercer a\u00f1o consecutivo en la comuna. En la instancia, se exhibi\u00f3&nbsp;\u201cCecilia, la incomparable\u201d, pel\u00edcula [&hellip;]\" \/>\n<meta property=\"og:url\" content=\"https:\/\/dev.antudigital.cl\/sites\/vc\/cinta-inspirada-en-la-vida-y-obra-de-cecilia-dio-inicio-a-la-cartelera-anual-de-cine-chileno-en-quilpue\/\" \/>\n<meta property=\"og:site_name\" content=\"Valpara\u00ed\u00adso Creativo\" \/>\n<meta property=\"article:published_time\" content=\"2024-04-30T02:38:29+00:00\" \/>\n<meta property=\"article:modified_time\" content=\"2024-04-30T02:38:46+00:00\" \/>\n<meta property=\"og:image\" content=\"https:\/\/dev.antudigital.cl\/sites\/vc\/wp-content\/uploads\/2024\/04\/Abril-24-QP_CCQA-4.jpg\" \/>\n\t<meta property=\"og:image:width\" content=\"2048\" \/>\n\t<meta property=\"og:image:height\" content=\"1365\" \/>\n\t<meta property=\"og:image:type\" content=\"image\/jpeg\" \/>\n<meta name=\"author\" content=\"Valpara\u00edso Creativo\" \/>\n<meta name=\"twitter:card\" content=\"summary_large_image\" \/>\n<meta name=\"twitter:label1\" content=\"Escrito por\" \/>\n\t<meta name=\"twitter:data1\" content=\"Valpara\u00edso Creativo\" \/>\n\t<meta name=\"twitter:label2\" content=\"Tiempo de lectura\" \/>\n\t<meta name=\"twitter:data2\" content=\"4 minutos\" \/>\n<script type=\"application\/ld+json\" class=\"yoast-schema-graph\">{\"@context\":\"https:\/\/schema.org\",\"@graph\":[{\"@type\":\"Article\",\"@id\":\"https:\/\/dev.antudigital.cl\/sites\/vc\/cinta-inspirada-en-la-vida-y-obra-de-cecilia-dio-inicio-a-la-cartelera-anual-de-cine-chileno-en-quilpue\/#article\",\"isPartOf\":{\"@id\":\"https:\/\/dev.antudigital.cl\/sites\/vc\/cinta-inspirada-en-la-vida-y-obra-de-cecilia-dio-inicio-a-la-cartelera-anual-de-cine-chileno-en-quilpue\/\"},\"author\":{\"name\":\"Valpara\u00edso Creativo\",\"@id\":\"https:\/\/dev.antudigital.cl\/sites\/vc\/#\/schema\/person\/c2b9da8dd545e27166fc5ab232837318\"},\"headline\":\"Cinta inspirada en la vida y obra de \u201cCecilia\u201d dio inicio a la cartelera anual de cine chileno en Quilpu\u00e9\",\"datePublished\":\"2024-04-30T02:38:29+00:00\",\"dateModified\":\"2024-04-30T02:38:46+00:00\",\"mainEntityOfPage\":{\"@id\":\"https:\/\/dev.antudigital.cl\/sites\/vc\/cinta-inspirada-en-la-vida-y-obra-de-cecilia-dio-inicio-a-la-cartelera-anual-de-cine-chileno-en-quilpue\/\"},\"wordCount\":651,\"image\":{\"@id\":\"https:\/\/dev.antudigital.cl\/sites\/vc\/cinta-inspirada-en-la-vida-y-obra-de-cecilia-dio-inicio-a-la-cartelera-anual-de-cine-chileno-en-quilpue\/#primaryimage\"},\"thumbnailUrl\":\"https:\/\/dev.antudigital.cl\/sites\/vc\/wp-content\/uploads\/2024\/04\/Abril-24-QP_CCQA-4.jpg\",\"articleSection\":[\"Noticia\"],\"inLanguage\":\"es\"},{\"@type\":\"WebPage\",\"@id\":\"https:\/\/dev.antudigital.cl\/sites\/vc\/cinta-inspirada-en-la-vida-y-obra-de-cecilia-dio-inicio-a-la-cartelera-anual-de-cine-chileno-en-quilpue\/\",\"url\":\"https:\/\/dev.antudigital.cl\/sites\/vc\/cinta-inspirada-en-la-vida-y-obra-de-cecilia-dio-inicio-a-la-cartelera-anual-de-cine-chileno-en-quilpue\/\",\"name\":\"Cinta inspirada en la vida y obra de \u201cCecilia\u201d dio inicio a la cartelera anual de cine chileno en Quilpu\u00e9 - Valpara\u00ed\u00adso Creativo\",\"isPartOf\":{\"@id\":\"https:\/\/dev.antudigital.cl\/sites\/vc\/#website\"},\"primaryImageOfPage\":{\"@id\":\"https:\/\/dev.antudigital.cl\/sites\/vc\/cinta-inspirada-en-la-vida-y-obra-de-cecilia-dio-inicio-a-la-cartelera-anual-de-cine-chileno-en-quilpue\/#primaryimage\"},\"image\":{\"@id\":\"https:\/\/dev.antudigital.cl\/sites\/vc\/cinta-inspirada-en-la-vida-y-obra-de-cecilia-dio-inicio-a-la-cartelera-anual-de-cine-chileno-en-quilpue\/#primaryimage\"},\"thumbnailUrl\":\"https:\/\/dev.antudigital.cl\/sites\/vc\/wp-content\/uploads\/2024\/04\/Abril-24-QP_CCQA-4.jpg\",\"datePublished\":\"2024-04-30T02:38:29+00:00\",\"dateModified\":\"2024-04-30T02:38:46+00:00\",\"author\":{\"@id\":\"https:\/\/dev.antudigital.cl\/sites\/vc\/#\/schema\/person\/c2b9da8dd545e27166fc5ab232837318\"},\"breadcrumb\":{\"@id\":\"https:\/\/dev.antudigital.cl\/sites\/vc\/cinta-inspirada-en-la-vida-y-obra-de-cecilia-dio-inicio-a-la-cartelera-anual-de-cine-chileno-en-quilpue\/#breadcrumb\"},\"inLanguage\":\"es\",\"potentialAction\":[{\"@type\":\"ReadAction\",\"target\":[\"https:\/\/dev.antudigital.cl\/sites\/vc\/cinta-inspirada-en-la-vida-y-obra-de-cecilia-dio-inicio-a-la-cartelera-anual-de-cine-chileno-en-quilpue\/\"]}]},{\"@type\":\"ImageObject\",\"inLanguage\":\"es\",\"@id\":\"https:\/\/dev.antudigital.cl\/sites\/vc\/cinta-inspirada-en-la-vida-y-obra-de-cecilia-dio-inicio-a-la-cartelera-anual-de-cine-chileno-en-quilpue\/#primaryimage\",\"url\":\"https:\/\/dev.antudigital.cl\/sites\/vc\/wp-content\/uploads\/2024\/04\/Abril-24-QP_CCQA-4.jpg\",\"contentUrl\":\"https:\/\/dev.antudigital.cl\/sites\/vc\/wp-content\/uploads\/2024\/04\/Abril-24-QP_CCQA-4.jpg\",\"width\":2048,\"height\":1365},{\"@type\":\"BreadcrumbList\",\"@id\":\"https:\/\/dev.antudigital.cl\/sites\/vc\/cinta-inspirada-en-la-vida-y-obra-de-cecilia-dio-inicio-a-la-cartelera-anual-de-cine-chileno-en-quilpue\/#breadcrumb\",\"itemListElement\":[{\"@type\":\"ListItem\",\"position\":1,\"name\":\"Home\",\"item\":\"https:\/\/dev.antudigital.cl\/sites\/vc\/\"},{\"@type\":\"ListItem\",\"position\":2,\"name\":\"Cinta inspirada en la vida y obra de \u201cCecilia\u201d dio inicio a la cartelera anual de cine chileno en Quilpu\u00e9\"}]},{\"@type\":\"WebSite\",\"@id\":\"https:\/\/dev.antudigital.cl\/sites\/vc\/#website\",\"url\":\"https:\/\/dev.antudigital.cl\/sites\/vc\/\",\"name\":\"Valpara\u00ed\u00adso Creativo\",\"description\":\"\",\"potentialAction\":[{\"@type\":\"SearchAction\",\"target\":{\"@type\":\"EntryPoint\",\"urlTemplate\":\"https:\/\/dev.antudigital.cl\/sites\/vc\/?s={search_term_string}\"},\"query-input\":{\"@type\":\"PropertyValueSpecification\",\"valueRequired\":true,\"valueName\":\"search_term_string\"}}],\"inLanguage\":\"es\"},{\"@type\":\"Person\",\"@id\":\"https:\/\/dev.antudigital.cl\/sites\/vc\/#\/schema\/person\/c2b9da8dd545e27166fc5ab232837318\",\"name\":\"Valpara\u00edso Creativo\",\"description\":\"Periodista de cultura en la Regi\u00f3n de Valpara\u00edso.\",\"url\":\"https:\/\/dev.antudigital.cl\/sites\/vc\/author\/valpoadmin\/\"}]}<\/script>\n<!-- \/ Yoast SEO plugin. -->","yoast_head_json":{"title":"Cinta inspirada en la vida y obra de \u201cCecilia\u201d dio inicio a la cartelera anual de cine chileno en Quilpu\u00e9 - Valpara\u00ed\u00adso Creativo","robots":{"index":"index","follow":"follow","max-snippet":"max-snippet:-1","max-image-preview":"max-image-preview:large","max-video-preview":"max-video-preview:-1"},"canonical":"https:\/\/dev.antudigital.cl\/sites\/vc\/cinta-inspirada-en-la-vida-y-obra-de-cecilia-dio-inicio-a-la-cartelera-anual-de-cine-chileno-en-quilpue\/","og_locale":"es_ES","og_type":"article","og_title":"Cinta inspirada en la vida y obra de \u201cCecilia\u201d dio inicio a la cartelera anual de cine chileno en Quilpu\u00e9 - Valpara\u00ed\u00adso Creativo","og_description":"Con la presencia de un centenar de personas, el d\u00eda de ayer en el&nbsp;Teatro Municipal Juan Bustos Ram\u00edrez, el&nbsp;Centro Cultural Quilpu\u00e9 Audiovisual&nbsp;en colaboraci\u00f3n con la&nbsp;Municipalidad de Quilpu\u00e9, dieron inicio a la&nbsp;Cartelera Anual de Cine Chileno, actividad que se lleva realizando por tercer a\u00f1o consecutivo en la comuna. En la instancia, se exhibi\u00f3&nbsp;\u201cCecilia, la incomparable\u201d, pel\u00edcula [&hellip;]","og_url":"https:\/\/dev.antudigital.cl\/sites\/vc\/cinta-inspirada-en-la-vida-y-obra-de-cecilia-dio-inicio-a-la-cartelera-anual-de-cine-chileno-en-quilpue\/","og_site_name":"Valpara\u00ed\u00adso Creativo","article_published_time":"2024-04-30T02:38:29+00:00","article_modified_time":"2024-04-30T02:38:46+00:00","og_image":[{"width":2048,"height":1365,"url":"https:\/\/dev.antudigital.cl\/sites\/vc\/wp-content\/uploads\/2024\/04\/Abril-24-QP_CCQA-4.jpg","type":"image\/jpeg"}],"author":"Valpara\u00edso Creativo","twitter_card":"summary_large_image","twitter_misc":{"Escrito por":"Valpara\u00edso Creativo","Tiempo de lectura":"4 minutos"},"schema":{"@context":"https:\/\/schema.org","@graph":[{"@type":"Article","@id":"https:\/\/dev.antudigital.cl\/sites\/vc\/cinta-inspirada-en-la-vida-y-obra-de-cecilia-dio-inicio-a-la-cartelera-anual-de-cine-chileno-en-quilpue\/#article","isPartOf":{"@id":"https:\/\/dev.antudigital.cl\/sites\/vc\/cinta-inspirada-en-la-vida-y-obra-de-cecilia-dio-inicio-a-la-cartelera-anual-de-cine-chileno-en-quilpue\/"},"author":{"name":"Valpara\u00edso Creativo","@id":"https:\/\/dev.antudigital.cl\/sites\/vc\/#\/schema\/person\/c2b9da8dd545e27166fc5ab232837318"},"headline":"Cinta inspirada en la vida y obra de \u201cCecilia\u201d dio inicio a la cartelera anual de cine chileno en Quilpu\u00e9","datePublished":"2024-04-30T02:38:29+00:00","dateModified":"2024-04-30T02:38:46+00:00","mainEntityOfPage":{"@id":"https:\/\/dev.antudigital.cl\/sites\/vc\/cinta-inspirada-en-la-vida-y-obra-de-cecilia-dio-inicio-a-la-cartelera-anual-de-cine-chileno-en-quilpue\/"},"wordCount":651,"image":{"@id":"https:\/\/dev.antudigital.cl\/sites\/vc\/cinta-inspirada-en-la-vida-y-obra-de-cecilia-dio-inicio-a-la-cartelera-anual-de-cine-chileno-en-quilpue\/#primaryimage"},"thumbnailUrl":"https:\/\/dev.antudigital.cl\/sites\/vc\/wp-content\/uploads\/2024\/04\/Abril-24-QP_CCQA-4.jpg","articleSection":["Noticia"],"inLanguage":"es"},{"@type":"WebPage","@id":"https:\/\/dev.antudigital.cl\/sites\/vc\/cinta-inspirada-en-la-vida-y-obra-de-cecilia-dio-inicio-a-la-cartelera-anual-de-cine-chileno-en-quilpue\/","url":"https:\/\/dev.antudigital.cl\/sites\/vc\/cinta-inspirada-en-la-vida-y-obra-de-cecilia-dio-inicio-a-la-cartelera-anual-de-cine-chileno-en-quilpue\/","name":"Cinta inspirada en la vida y obra de \u201cCecilia\u201d dio inicio a la cartelera anual de cine chileno en Quilpu\u00e9 - Valpara\u00ed\u00adso Creativo","isPartOf":{"@id":"https:\/\/dev.antudigital.cl\/sites\/vc\/#website"},"primaryImageOfPage":{"@id":"https:\/\/dev.antudigital.cl\/sites\/vc\/cinta-inspirada-en-la-vida-y-obra-de-cecilia-dio-inicio-a-la-cartelera-anual-de-cine-chileno-en-quilpue\/#primaryimage"},"image":{"@id":"https:\/\/dev.antudigital.cl\/sites\/vc\/cinta-inspirada-en-la-vida-y-obra-de-cecilia-dio-inicio-a-la-cartelera-anual-de-cine-chileno-en-quilpue\/#primaryimage"},"thumbnailUrl":"https:\/\/dev.antudigital.cl\/sites\/vc\/wp-content\/uploads\/2024\/04\/Abril-24-QP_CCQA-4.jpg","datePublished":"2024-04-30T02:38:29+00:00","dateModified":"2024-04-30T02:38:46+00:00","author":{"@id":"https:\/\/dev.antudigital.cl\/sites\/vc\/#\/schema\/person\/c2b9da8dd545e27166fc5ab232837318"},"breadcrumb":{"@id":"https:\/\/dev.antudigital.cl\/sites\/vc\/cinta-inspirada-en-la-vida-y-obra-de-cecilia-dio-inicio-a-la-cartelera-anual-de-cine-chileno-en-quilpue\/#breadcrumb"},"inLanguage":"es","potentialAction":[{"@type":"ReadAction","target":["https:\/\/dev.antudigital.cl\/sites\/vc\/cinta-inspirada-en-la-vida-y-obra-de-cecilia-dio-inicio-a-la-cartelera-anual-de-cine-chileno-en-quilpue\/"]}]},{"@type":"ImageObject","inLanguage":"es","@id":"https:\/\/dev.antudigital.cl\/sites\/vc\/cinta-inspirada-en-la-vida-y-obra-de-cecilia-dio-inicio-a-la-cartelera-anual-de-cine-chileno-en-quilpue\/#primaryimage","url":"https:\/\/dev.antudigital.cl\/sites\/vc\/wp-content\/uploads\/2024\/04\/Abril-24-QP_CCQA-4.jpg","contentUrl":"https:\/\/dev.antudigital.cl\/sites\/vc\/wp-content\/uploads\/2024\/04\/Abril-24-QP_CCQA-4.jpg","width":2048,"height":1365},{"@type":"BreadcrumbList","@id":"https:\/\/dev.antudigital.cl\/sites\/vc\/cinta-inspirada-en-la-vida-y-obra-de-cecilia-dio-inicio-a-la-cartelera-anual-de-cine-chileno-en-quilpue\/#breadcrumb","itemListElement":[{"@type":"ListItem","position":1,"name":"Home","item":"https:\/\/dev.antudigital.cl\/sites\/vc\/"},{"@type":"ListItem","position":2,"name":"Cinta inspirada en la vida y obra de \u201cCecilia\u201d dio inicio a la cartelera anual de cine chileno en Quilpu\u00e9"}]},{"@type":"WebSite","@id":"https:\/\/dev.antudigital.cl\/sites\/vc\/#website","url":"https:\/\/dev.antudigital.cl\/sites\/vc\/","name":"Valpara\u00ed\u00adso Creativo","description":"","potentialAction":[{"@type":"SearchAction","target":{"@type":"EntryPoint","urlTemplate":"https:\/\/dev.antudigital.cl\/sites\/vc\/?s={search_term_string}"},"query-input":{"@type":"PropertyValueSpecification","valueRequired":true,"valueName":"search_term_string"}}],"inLanguage":"es"},{"@type":"Person","@id":"https:\/\/dev.antudigital.cl\/sites\/vc\/#\/schema\/person\/c2b9da8dd545e27166fc5ab232837318","name":"Valpara\u00edso Creativo","description":"Periodista de cultura en la Regi\u00f3n de Valpara\u00edso.","url":"https:\/\/dev.antudigital.cl\/sites\/vc\/author\/valpoadmin\/"}]}},"_links":{"self":[{"href":"https:\/\/dev.antudigital.cl\/sites\/vc\/wp-json\/wp\/v2\/posts\/18982","targetHints":{"allow":["GET"]}}],"collection":[{"href":"https:\/\/dev.antudigital.cl\/sites\/vc\/wp-json\/wp\/v2\/posts"}],"about":[{"href":"https:\/\/dev.antudigital.cl\/sites\/vc\/wp-json\/wp\/v2\/types\/post"}],"author":[{"embeddable":true,"href":"https:\/\/dev.antudigital.cl\/sites\/vc\/wp-json\/wp\/v2\/users\/1"}],"replies":[{"embeddable":true,"href":"https:\/\/dev.antudigital.cl\/sites\/vc\/wp-json\/wp\/v2\/comments?post=18982"}],"version-history":[{"count":2,"href":"https:\/\/dev.antudigital.cl\/sites\/vc\/wp-json\/wp\/v2\/posts\/18982\/revisions"}],"predecessor-version":[{"id":18993,"href":"https:\/\/dev.antudigital.cl\/sites\/vc\/wp-json\/wp\/v2\/posts\/18982\/revisions\/18993"}],"wp:featuredmedia":[{"embeddable":true,"href":"https:\/\/dev.antudigital.cl\/sites\/vc\/wp-json\/wp\/v2\/media\/18991"}],"wp:attachment":[{"href":"https:\/\/dev.antudigital.cl\/sites\/vc\/wp-json\/wp\/v2\/media?parent=18982"}],"wp:term":[{"taxonomy":"category","embeddable":true,"href":"https:\/\/dev.antudigital.cl\/sites\/vc\/wp-json\/wp\/v2\/categories?post=18982"},{"taxonomy":"post_tag","embeddable":true,"href":"https:\/\/dev.antudigital.cl\/sites\/vc\/wp-json\/wp\/v2\/tags?post=18982"}],"curies":[{"name":"wp","href":"https:\/\/api.w.org\/{rel}","templated":true}]}}