{"id":18994,"date":"2024-04-30T02:49:57","date_gmt":"2024-04-30T02:49:57","guid":{"rendered":"https:\/\/www.valparaisocreativo.cl\/?p=18994"},"modified":"2024-04-30T02:50:18","modified_gmt":"2024-04-30T02:50:18","slug":"con-el-estreno-de-historia-y-geografia-pelicula-protagonizada-por-amparo-noguera-y-catalina-saavedra-vuelve-el-cine-chileno-a-quintero","status":"publish","type":"post","link":"https:\/\/dev.antudigital.cl\/sites\/vc\/con-el-estreno-de-historia-y-geografia-pelicula-protagonizada-por-amparo-noguera-y-catalina-saavedra-vuelve-el-cine-chileno-a-quintero\/","title":{"rendered":"Con el estreno de \u00abHistoria y geograf\u00eda\u00bb, pel\u00edcula protagonizada por Amparo Noguera y Catalina Saavedra vuelve el cine chileno a Quintero"},"content":{"rendered":"\n<p>\u25cf&nbsp;&nbsp;&nbsp;&nbsp;&nbsp;&nbsp;&nbsp;<em>La comedia chilena se sit\u00faa en San Felipe y aborda los or\u00edgenes de Chile y su identidad actual a trav\u00e9s del mundo del teatro.<\/em><\/p>\n\n\n\n<p>\u25cf&nbsp; &nbsp;<em>Esta iniciativa cuenta con el financiamiento del Ministerio de las Culturas, las Artes y el Patrimonio a trav\u00e9s de su Programa de Apoyo a Organizaciones Culturales Colaboradoras.<\/em><\/p>\n\n\n\n<p>El pr\u00f3ximo&nbsp;<strong>jueves 2<\/strong>&nbsp;<strong>de mayo<\/strong>, el&nbsp;<strong>Centro Cultural Quilpu\u00e9 Audiovisual&nbsp;<\/strong>regresa a Quintero con una cartelera de cine chileno para personas mayores y p\u00fablico en general. Las funciones ser\u00e1n con&nbsp;<strong>entrada liberada<\/strong>&nbsp;y se realizar\u00e1n&nbsp;<strong>los primeros cuatro jueves de mayo<\/strong>&nbsp;a las&nbsp;<strong>18:00 horas<\/strong>&nbsp;en el<strong>&nbsp;Auditorio Lidia Iratchet, edificio DAEM.<\/strong><\/p>\n\n\n\n<p>Y para dar inicio al ciclo de cine, se contar\u00e1 con el&nbsp;<strong>estreno nacional&nbsp;<\/strong>de la comedia&nbsp;<strong>\u201cHistoria y geograf\u00eda\u201d<\/strong>, del director Bernardo Quesney. La pel\u00edcula cuenta c\u00f3mo Gioconda Mart\u00ednez, una recordada actriz de televisi\u00f3n c\u00f3mica, decide volver a su ciudad natal a montar una obra de teatro sobre la conquista de Chile.<\/p>\n\n\n\n<p>Esta atrevida comedia es protagonizada por Amparo Noguera junto a Catalina Saavedra, Pablo Schwarz, Paulina Urrutia, Steevens Benjamin y Paloma Moreno.&nbsp;<strong>Despu\u00e9s de la funci\u00f3n habr\u00e1 un conversatorio presencial con Amparo Noguera y el productor de la pel\u00edcula, Tom\u00e1s Alzamora.<\/strong><\/p>\n\n\n\n<p><strong>Esta iniciativa cuenta con el financiamiento del Ministerio de las Culturas, las Artes y el Patrimonio<\/strong>\u00a0a trav\u00e9s de su Programa de Apoyo a Organizaciones Culturales Colaboradoras\u00a0y cuenta con la colaboraci\u00f3n de la\u00a0<strong>Municipalidad de Quintero y la Corporaci\u00f3n Municipal de Cultura y Turismo.<\/strong><\/p>\n\n\n\n<figure class=\"wp-block-image size-large\"><img fetchpriority=\"high\" decoding=\"async\" width=\"819\" height=\"1024\" src=\"https:\/\/www.valparaisocreativo.cl\/wp-content\/uploads\/2024\/04\/afiche-IG-819x1024.jpg\" alt=\"\" class=\"wp-image-18996\" srcset=\"https:\/\/dev.antudigital.cl\/sites\/vc\/wp-content\/uploads\/2024\/04\/afiche-IG-819x1024.jpg 819w, https:\/\/dev.antudigital.cl\/sites\/vc\/wp-content\/uploads\/2024\/04\/afiche-IG-240x300.jpg 240w, https:\/\/dev.antudigital.cl\/sites\/vc\/wp-content\/uploads\/2024\/04\/afiche-IG-768x960.jpg 768w, https:\/\/dev.antudigital.cl\/sites\/vc\/wp-content\/uploads\/2024\/04\/afiche-IG-1229x1536.jpg 1229w, https:\/\/dev.antudigital.cl\/sites\/vc\/wp-content\/uploads\/2024\/04\/afiche-IG-1639x2048.jpg 1639w, https:\/\/dev.antudigital.cl\/sites\/vc\/wp-content\/uploads\/2024\/04\/afiche-IG-1080x1350.jpg 1080w, https:\/\/dev.antudigital.cl\/sites\/vc\/wp-content\/uploads\/2024\/04\/afiche-IG-1280x1600.jpg 1280w, https:\/\/dev.antudigital.cl\/sites\/vc\/wp-content\/uploads\/2024\/04\/afiche-IG-980x1225.jpg 980w, https:\/\/dev.antudigital.cl\/sites\/vc\/wp-content\/uploads\/2024\/04\/afiche-IG-480x600.jpg 480w, https:\/\/dev.antudigital.cl\/sites\/vc\/wp-content\/uploads\/2024\/04\/afiche-IG-19x24.jpg 19w, https:\/\/dev.antudigital.cl\/sites\/vc\/wp-content\/uploads\/2024\/04\/afiche-IG-29x36.jpg 29w, https:\/\/dev.antudigital.cl\/sites\/vc\/wp-content\/uploads\/2024\/04\/afiche-IG-38x48.jpg 38w, https:\/\/dev.antudigital.cl\/sites\/vc\/wp-content\/uploads\/2024\/04\/afiche-IG-scaled.jpg 2048w\" sizes=\"(max-width: 819px) 100vw, 819px\" \/><\/figure>\n\n\n\n<p>Al respecto,&nbsp;<strong>Magdalena Torres<\/strong>, encargada de cultura de la Corporaci\u00f3n Municipal de Cultura y Turismo de Quintero afirma:&nbsp;<em>\u201cPara la corporaci\u00f3n es tremendamente importante y por supuesto agradecemos el trabajo desvinculaci\u00f3n y colaborativo que llevamos realizando desde hace tiempo con el CC Quilpu\u00e9 Audiovisual, ya que esta estrategia de trabajo nos ha permitido poder acercar a nuestro territorio cine chileno y quienes son mayoritariamente beneficiados, es nuestra poblaci\u00f3n de adultos mayores. Es un tremendo proyecto, que es liderado por grandes profesionales, as\u00ed que estamos muy agradecidos por eso y por supuesto, dispuestos a seguir desarrollando estas iniciativas de descentralizaci\u00f3n del arte y de la cultura hacia los territorios m\u00e1s apartados de la Regi\u00f3n de Valpara\u00edso\u201d.<\/em><\/p>\n\n\n\n<p>Por su parte,&nbsp;<strong>Laura Espinoza<\/strong>, encargada de mediaci\u00f3n y p\u00fablicos de CC Quilpu\u00e9 Audiovisual, expresa que como organizaci\u00f3n est\u00e1n contentos de seguir difundiendo el cine para la comunidad de Quintero:&nbsp;<em>\u201cEstamos muy felices de volver por tercer a\u00f1o consecutivo a Quintero con esta cartelera mensual y as\u00ed brindarles a los vecinos y vecinas la oportunidad de ver lo mejor del cine chileno y poder compartir en comunidad en torno al cine, adem\u00e1s de conversar y reflexionar sobre nuestra cinematograf\u00eda nacional\u201d.<\/em><\/p>\n\n\n\n<p>Seguido, el&nbsp;<strong>jueves 9<\/strong>, ser\u00e1 el turno de&nbsp;<strong>\u201cAn\u00e1logos\u201d<\/strong>, la \u00faltima pel\u00edcula del director Jorge Olgu\u00edn. Protagonizada por los actores&nbsp;<strong>M\u00f3nica Carrasco y Jorge Gajardo<\/strong>&nbsp;(Los Venegas), a trav\u00e9s de la ciencia ficci\u00f3n, la historia se centra en una pareja de ancianos solitarios que quedan aislados mientras un cometa se aproxima a la Tierra. La pel\u00edcula habla de los cuidados, la vejez y la salud mental.<\/p>\n\n\n\n<p>Luego, el&nbsp;<strong>jueves 16<\/strong>&nbsp;se exhibir\u00e1 el drama c\u00f3mico&nbsp;<strong>\u201cPadre Nuestro\u201d<\/strong>, pel\u00edcula protagonizada por Jaime Vadell y Francisco P\u00e9rez-Bannen que cuenta c\u00f3mo Caco, un anciano muy enfermo, decide terminar sus d\u00edas en compa\u00f1\u00eda de sus hijos y de las personas de las que lleva a\u00f1os distanciado. La acci\u00f3n transcurre en Valpara\u00edso y en Quintero, donde la familia tiene una casa en la playa. Despu\u00e9s de la funci\u00f3n se sostendr\u00e1 un&nbsp;<strong>conversatorio presencial&nbsp;<\/strong>con el director de la cinta,&nbsp;<strong>Rodrigo Sep\u00falveda<\/strong>.<\/p>\n\n\n\n<p>Y para cerrar el ciclo, el&nbsp;<strong>jueves 23<\/strong>&nbsp;se proyectar\u00e1&nbsp;<strong>\u201cLos Colonos\u201d<\/strong>&nbsp;\u00f3pera prima de Felipe G\u00e1lvez, quien a trav\u00e9s de un un western patag\u00f3nico estremecedor, retrata el genocidio Selk\u2019nam.&nbsp;Al terminar la pel\u00edcula,&nbsp;<strong>se conversar\u00e1 presencialmente con Camilo Arancibia<\/strong>, actor protagonista de la cinta.<\/p>\n\n\n\n<p>La cartelera anual de cine chileno del CC Quilpu\u00e9 Audiovisual tambi\u00e9n se extiende a otras siete comunas de la regi\u00f3n de Valpara\u00edso: Quilpu\u00e9, Quillota, Villa Alemana, Llay Llay, Algarrobo, Cabildo y La Ligua. Y la programaci\u00f3n contar\u00e1 con&nbsp;<strong>estrenos nacionales<\/strong>,&nbsp;<strong>funciones dirigidas al p\u00fablico escolar y personas mayores<\/strong>, adem\u00e1s de funciones en&nbsp;<strong>formato autocine<\/strong>&nbsp;\u00fanicamente para Villa Alemana, Quilpu\u00e9 y Quillota.<\/p>\n\n\n\n<p>El Centro Cultural Quilpu\u00e9 Audiovisual forma parte del Programa de Apoyo a Organizaciones Culturales Colaboradoras del Ministerio de las Culturas, las Artes y el Patrimonio, que busca fortalecer y dar continuidad a instituciones y organizaciones culturales de derecho privado y sin fines de lucro. Este programa adem\u00e1s es parte del Sistema de Financiamiento a Organizaciones e Infraestructura Cultural del Ministerio de las Culturas, las Artes y el Patrimonio que integra, articula y coordina de forma transversal los planes, programas y fondos orientados al fomento y apoyo de las organizaciones, de la infraestructura cultural, y de la mediaci\u00f3n art\u00edstica. Todo esto con una vocaci\u00f3n descentralizada, mecanismos participativos, y la promoci\u00f3n de la creaci\u00f3n de redes y asociaciones.<\/p>\n\n\n\n<p>Para m\u00e1s detalles sobre la cartelera mensual revisar&nbsp;<a href=\"http:\/\/www.quilpueaudiovisual.cl\/\" target=\"_blank\" rel=\"noreferrer noopener\">www.quilpueaudiovisual.cl<\/a><\/p>\n\n\n\n<p><strong>Redes sociales: @ccquilpueaudiovisual<\/strong><\/p>\n\n\n\n<figure class=\"wp-block-image size-large\"><img decoding=\"async\" width=\"819\" height=\"1024\" src=\"https:\/\/www.valparaisocreativo.cl\/wp-content\/uploads\/2024\/04\/CCQA-QRO_Cartelera-Cine-Chileno-2024-819x1024.jpg\" alt=\"\" class=\"wp-image-18998\" srcset=\"https:\/\/dev.antudigital.cl\/sites\/vc\/wp-content\/uploads\/2024\/04\/CCQA-QRO_Cartelera-Cine-Chileno-2024-819x1024.jpg 819w, https:\/\/dev.antudigital.cl\/sites\/vc\/wp-content\/uploads\/2024\/04\/CCQA-QRO_Cartelera-Cine-Chileno-2024-240x300.jpg 240w, https:\/\/dev.antudigital.cl\/sites\/vc\/wp-content\/uploads\/2024\/04\/CCQA-QRO_Cartelera-Cine-Chileno-2024-768x960.jpg 768w, https:\/\/dev.antudigital.cl\/sites\/vc\/wp-content\/uploads\/2024\/04\/CCQA-QRO_Cartelera-Cine-Chileno-2024-980x1225.jpg 980w, https:\/\/dev.antudigital.cl\/sites\/vc\/wp-content\/uploads\/2024\/04\/CCQA-QRO_Cartelera-Cine-Chileno-2024-480x600.jpg 480w, https:\/\/dev.antudigital.cl\/sites\/vc\/wp-content\/uploads\/2024\/04\/CCQA-QRO_Cartelera-Cine-Chileno-2024-19x24.jpg 19w, https:\/\/dev.antudigital.cl\/sites\/vc\/wp-content\/uploads\/2024\/04\/CCQA-QRO_Cartelera-Cine-Chileno-2024-29x36.jpg 29w, https:\/\/dev.antudigital.cl\/sites\/vc\/wp-content\/uploads\/2024\/04\/CCQA-QRO_Cartelera-Cine-Chileno-2024-38x48.jpg 38w, https:\/\/dev.antudigital.cl\/sites\/vc\/wp-content\/uploads\/2024\/04\/CCQA-QRO_Cartelera-Cine-Chileno-2024.jpg 1080w\" sizes=\"(max-width: 819px) 100vw, 819px\" \/><\/figure>\n","protected":false},"excerpt":{"rendered":"<p>\u25cf&nbsp;&nbsp;&nbsp;&nbsp;&nbsp;&nbsp;&nbsp;La comedia chilena se sit\u00faa en San Felipe y aborda los or\u00edgenes de Chile y su identidad actual a trav\u00e9s del mundo del teatro. \u25cf&nbsp; &nbsp;Esta iniciativa cuenta con el financiamiento del Ministerio de las Culturas, las Artes y el Patrimonio a trav\u00e9s de su Programa de Apoyo a Organizaciones Culturales Colaboradoras. El pr\u00f3ximo&nbsp;jueves 2&nbsp;de [&hellip;]<\/p>\n","protected":false},"author":1,"featured_media":18997,"comment_status":"closed","ping_status":"closed","sticky":false,"template":"","format":"standard","meta":{"_acf_changed":false,"footnotes":""},"categories":[8],"tags":[],"class_list":["post-18994","post","type-post","status-publish","format-standard","has-post-thumbnail","hentry","category-noticia"],"acf":[],"yoast_head":"<!-- This site is optimized with the Yoast SEO plugin v27.1.1 - https:\/\/yoast.com\/product\/yoast-seo-wordpress\/ -->\n<title>Con el estreno de &quot;Historia y geograf\u00eda&quot;, pel\u00edcula protagonizada por Amparo Noguera y Catalina Saavedra vuelve el cine chileno a Quintero - Valpara\u00ed\u00adso Creativo<\/title>\n<meta name=\"robots\" content=\"index, follow, max-snippet:-1, max-image-preview:large, max-video-preview:-1\" \/>\n<link rel=\"canonical\" href=\"https:\/\/dev.antudigital.cl\/sites\/vc\/con-el-estreno-de-historia-y-geografia-pelicula-protagonizada-por-amparo-noguera-y-catalina-saavedra-vuelve-el-cine-chileno-a-quintero\/\" \/>\n<meta property=\"og:locale\" content=\"es_ES\" \/>\n<meta property=\"og:type\" content=\"article\" \/>\n<meta property=\"og:title\" content=\"Con el estreno de &quot;Historia y geograf\u00eda&quot;, pel\u00edcula protagonizada por Amparo Noguera y Catalina Saavedra vuelve el cine chileno a Quintero - Valpara\u00ed\u00adso Creativo\" \/>\n<meta property=\"og:description\" content=\"\u25cf&nbsp;&nbsp;&nbsp;&nbsp;&nbsp;&nbsp;&nbsp;La comedia chilena se sit\u00faa en San Felipe y aborda los or\u00edgenes de Chile y su identidad actual a trav\u00e9s del mundo del teatro. \u25cf&nbsp; &nbsp;Esta iniciativa cuenta con el financiamiento del Ministerio de las Culturas, las Artes y el Patrimonio a trav\u00e9s de su Programa de Apoyo a Organizaciones Culturales Colaboradoras. El pr\u00f3ximo&nbsp;jueves 2&nbsp;de [&hellip;]\" \/>\n<meta property=\"og:url\" content=\"https:\/\/dev.antudigital.cl\/sites\/vc\/con-el-estreno-de-historia-y-geografia-pelicula-protagonizada-por-amparo-noguera-y-catalina-saavedra-vuelve-el-cine-chileno-a-quintero\/\" \/>\n<meta property=\"og:site_name\" content=\"Valpara\u00ed\u00adso Creativo\" \/>\n<meta property=\"article:published_time\" content=\"2024-04-30T02:49:57+00:00\" \/>\n<meta property=\"article:modified_time\" content=\"2024-04-30T02:50:18+00:00\" \/>\n<meta property=\"og:image\" content=\"https:\/\/dev.antudigital.cl\/sites\/vc\/wp-content\/uploads\/2024\/04\/Still-02-1.jpg\" \/>\n\t<meta property=\"og:image:width\" content=\"1800\" \/>\n\t<meta property=\"og:image:height\" content=\"1350\" \/>\n\t<meta property=\"og:image:type\" content=\"image\/jpeg\" \/>\n<meta name=\"author\" content=\"Valpara\u00edso Creativo\" \/>\n<meta name=\"twitter:card\" content=\"summary_large_image\" \/>\n<meta name=\"twitter:label1\" content=\"Escrito por\" \/>\n\t<meta name=\"twitter:data1\" content=\"Valpara\u00edso Creativo\" \/>\n\t<meta name=\"twitter:label2\" content=\"Tiempo de lectura\" \/>\n\t<meta name=\"twitter:data2\" content=\"5 minutos\" \/>\n<script type=\"application\/ld+json\" class=\"yoast-schema-graph\">{\"@context\":\"https:\/\/schema.org\",\"@graph\":[{\"@type\":\"Article\",\"@id\":\"https:\/\/dev.antudigital.cl\/sites\/vc\/con-el-estreno-de-historia-y-geografia-pelicula-protagonizada-por-amparo-noguera-y-catalina-saavedra-vuelve-el-cine-chileno-a-quintero\/#article\",\"isPartOf\":{\"@id\":\"https:\/\/dev.antudigital.cl\/sites\/vc\/con-el-estreno-de-historia-y-geografia-pelicula-protagonizada-por-amparo-noguera-y-catalina-saavedra-vuelve-el-cine-chileno-a-quintero\/\"},\"author\":{\"name\":\"Valpara\u00edso Creativo\",\"@id\":\"https:\/\/dev.antudigital.cl\/sites\/vc\/#\/schema\/person\/c2b9da8dd545e27166fc5ab232837318\"},\"headline\":\"Con el estreno de \u00abHistoria y geograf\u00eda\u00bb, pel\u00edcula protagonizada por Amparo Noguera y Catalina Saavedra vuelve el cine chileno a Quintero\",\"datePublished\":\"2024-04-30T02:49:57+00:00\",\"dateModified\":\"2024-04-30T02:50:18+00:00\",\"mainEntityOfPage\":{\"@id\":\"https:\/\/dev.antudigital.cl\/sites\/vc\/con-el-estreno-de-historia-y-geografia-pelicula-protagonizada-por-amparo-noguera-y-catalina-saavedra-vuelve-el-cine-chileno-a-quintero\/\"},\"wordCount\":959,\"image\":{\"@id\":\"https:\/\/dev.antudigital.cl\/sites\/vc\/con-el-estreno-de-historia-y-geografia-pelicula-protagonizada-por-amparo-noguera-y-catalina-saavedra-vuelve-el-cine-chileno-a-quintero\/#primaryimage\"},\"thumbnailUrl\":\"https:\/\/dev.antudigital.cl\/sites\/vc\/wp-content\/uploads\/2024\/04\/Still-02-1.jpg\",\"articleSection\":[\"Noticia\"],\"inLanguage\":\"es\"},{\"@type\":\"WebPage\",\"@id\":\"https:\/\/dev.antudigital.cl\/sites\/vc\/con-el-estreno-de-historia-y-geografia-pelicula-protagonizada-por-amparo-noguera-y-catalina-saavedra-vuelve-el-cine-chileno-a-quintero\/\",\"url\":\"https:\/\/dev.antudigital.cl\/sites\/vc\/con-el-estreno-de-historia-y-geografia-pelicula-protagonizada-por-amparo-noguera-y-catalina-saavedra-vuelve-el-cine-chileno-a-quintero\/\",\"name\":\"Con el estreno de \\\"Historia y geograf\u00eda\\\", pel\u00edcula protagonizada por Amparo Noguera y Catalina Saavedra vuelve el cine chileno a Quintero - Valpara\u00ed\u00adso Creativo\",\"isPartOf\":{\"@id\":\"https:\/\/dev.antudigital.cl\/sites\/vc\/#website\"},\"primaryImageOfPage\":{\"@id\":\"https:\/\/dev.antudigital.cl\/sites\/vc\/con-el-estreno-de-historia-y-geografia-pelicula-protagonizada-por-amparo-noguera-y-catalina-saavedra-vuelve-el-cine-chileno-a-quintero\/#primaryimage\"},\"image\":{\"@id\":\"https:\/\/dev.antudigital.cl\/sites\/vc\/con-el-estreno-de-historia-y-geografia-pelicula-protagonizada-por-amparo-noguera-y-catalina-saavedra-vuelve-el-cine-chileno-a-quintero\/#primaryimage\"},\"thumbnailUrl\":\"https:\/\/dev.antudigital.cl\/sites\/vc\/wp-content\/uploads\/2024\/04\/Still-02-1.jpg\",\"datePublished\":\"2024-04-30T02:49:57+00:00\",\"dateModified\":\"2024-04-30T02:50:18+00:00\",\"author\":{\"@id\":\"https:\/\/dev.antudigital.cl\/sites\/vc\/#\/schema\/person\/c2b9da8dd545e27166fc5ab232837318\"},\"breadcrumb\":{\"@id\":\"https:\/\/dev.antudigital.cl\/sites\/vc\/con-el-estreno-de-historia-y-geografia-pelicula-protagonizada-por-amparo-noguera-y-catalina-saavedra-vuelve-el-cine-chileno-a-quintero\/#breadcrumb\"},\"inLanguage\":\"es\",\"potentialAction\":[{\"@type\":\"ReadAction\",\"target\":[\"https:\/\/dev.antudigital.cl\/sites\/vc\/con-el-estreno-de-historia-y-geografia-pelicula-protagonizada-por-amparo-noguera-y-catalina-saavedra-vuelve-el-cine-chileno-a-quintero\/\"]}]},{\"@type\":\"ImageObject\",\"inLanguage\":\"es\",\"@id\":\"https:\/\/dev.antudigital.cl\/sites\/vc\/con-el-estreno-de-historia-y-geografia-pelicula-protagonizada-por-amparo-noguera-y-catalina-saavedra-vuelve-el-cine-chileno-a-quintero\/#primaryimage\",\"url\":\"https:\/\/dev.antudigital.cl\/sites\/vc\/wp-content\/uploads\/2024\/04\/Still-02-1.jpg\",\"contentUrl\":\"https:\/\/dev.antudigital.cl\/sites\/vc\/wp-content\/uploads\/2024\/04\/Still-02-1.jpg\",\"width\":1800,\"height\":1350},{\"@type\":\"BreadcrumbList\",\"@id\":\"https:\/\/dev.antudigital.cl\/sites\/vc\/con-el-estreno-de-historia-y-geografia-pelicula-protagonizada-por-amparo-noguera-y-catalina-saavedra-vuelve-el-cine-chileno-a-quintero\/#breadcrumb\",\"itemListElement\":[{\"@type\":\"ListItem\",\"position\":1,\"name\":\"Home\",\"item\":\"https:\/\/dev.antudigital.cl\/sites\/vc\/\"},{\"@type\":\"ListItem\",\"position\":2,\"name\":\"Con el estreno de \u00abHistoria y geograf\u00eda\u00bb, pel\u00edcula protagonizada por Amparo Noguera y Catalina Saavedra vuelve el cine chileno a Quintero\"}]},{\"@type\":\"WebSite\",\"@id\":\"https:\/\/dev.antudigital.cl\/sites\/vc\/#website\",\"url\":\"https:\/\/dev.antudigital.cl\/sites\/vc\/\",\"name\":\"Valpara\u00ed\u00adso Creativo\",\"description\":\"\",\"potentialAction\":[{\"@type\":\"SearchAction\",\"target\":{\"@type\":\"EntryPoint\",\"urlTemplate\":\"https:\/\/dev.antudigital.cl\/sites\/vc\/?s={search_term_string}\"},\"query-input\":{\"@type\":\"PropertyValueSpecification\",\"valueRequired\":true,\"valueName\":\"search_term_string\"}}],\"inLanguage\":\"es\"},{\"@type\":\"Person\",\"@id\":\"https:\/\/dev.antudigital.cl\/sites\/vc\/#\/schema\/person\/c2b9da8dd545e27166fc5ab232837318\",\"name\":\"Valpara\u00edso Creativo\",\"description\":\"Periodista de cultura en la Regi\u00f3n de Valpara\u00edso.\",\"url\":\"https:\/\/dev.antudigital.cl\/sites\/vc\/author\/valpoadmin\/\"}]}<\/script>\n<!-- \/ Yoast SEO plugin. -->","yoast_head_json":{"title":"Con el estreno de \"Historia y geograf\u00eda\", pel\u00edcula protagonizada por Amparo Noguera y Catalina Saavedra vuelve el cine chileno a Quintero - Valpara\u00ed\u00adso Creativo","robots":{"index":"index","follow":"follow","max-snippet":"max-snippet:-1","max-image-preview":"max-image-preview:large","max-video-preview":"max-video-preview:-1"},"canonical":"https:\/\/dev.antudigital.cl\/sites\/vc\/con-el-estreno-de-historia-y-geografia-pelicula-protagonizada-por-amparo-noguera-y-catalina-saavedra-vuelve-el-cine-chileno-a-quintero\/","og_locale":"es_ES","og_type":"article","og_title":"Con el estreno de \"Historia y geograf\u00eda\", pel\u00edcula protagonizada por Amparo Noguera y Catalina Saavedra vuelve el cine chileno a Quintero - Valpara\u00ed\u00adso Creativo","og_description":"\u25cf&nbsp;&nbsp;&nbsp;&nbsp;&nbsp;&nbsp;&nbsp;La comedia chilena se sit\u00faa en San Felipe y aborda los or\u00edgenes de Chile y su identidad actual a trav\u00e9s del mundo del teatro. \u25cf&nbsp; &nbsp;Esta iniciativa cuenta con el financiamiento del Ministerio de las Culturas, las Artes y el Patrimonio a trav\u00e9s de su Programa de Apoyo a Organizaciones Culturales Colaboradoras. El pr\u00f3ximo&nbsp;jueves 2&nbsp;de [&hellip;]","og_url":"https:\/\/dev.antudigital.cl\/sites\/vc\/con-el-estreno-de-historia-y-geografia-pelicula-protagonizada-por-amparo-noguera-y-catalina-saavedra-vuelve-el-cine-chileno-a-quintero\/","og_site_name":"Valpara\u00ed\u00adso Creativo","article_published_time":"2024-04-30T02:49:57+00:00","article_modified_time":"2024-04-30T02:50:18+00:00","og_image":[{"width":1800,"height":1350,"url":"https:\/\/dev.antudigital.cl\/sites\/vc\/wp-content\/uploads\/2024\/04\/Still-02-1.jpg","type":"image\/jpeg"}],"author":"Valpara\u00edso Creativo","twitter_card":"summary_large_image","twitter_misc":{"Escrito por":"Valpara\u00edso Creativo","Tiempo de lectura":"5 minutos"},"schema":{"@context":"https:\/\/schema.org","@graph":[{"@type":"Article","@id":"https:\/\/dev.antudigital.cl\/sites\/vc\/con-el-estreno-de-historia-y-geografia-pelicula-protagonizada-por-amparo-noguera-y-catalina-saavedra-vuelve-el-cine-chileno-a-quintero\/#article","isPartOf":{"@id":"https:\/\/dev.antudigital.cl\/sites\/vc\/con-el-estreno-de-historia-y-geografia-pelicula-protagonizada-por-amparo-noguera-y-catalina-saavedra-vuelve-el-cine-chileno-a-quintero\/"},"author":{"name":"Valpara\u00edso Creativo","@id":"https:\/\/dev.antudigital.cl\/sites\/vc\/#\/schema\/person\/c2b9da8dd545e27166fc5ab232837318"},"headline":"Con el estreno de \u00abHistoria y geograf\u00eda\u00bb, pel\u00edcula protagonizada por Amparo Noguera y Catalina Saavedra vuelve el cine chileno a Quintero","datePublished":"2024-04-30T02:49:57+00:00","dateModified":"2024-04-30T02:50:18+00:00","mainEntityOfPage":{"@id":"https:\/\/dev.antudigital.cl\/sites\/vc\/con-el-estreno-de-historia-y-geografia-pelicula-protagonizada-por-amparo-noguera-y-catalina-saavedra-vuelve-el-cine-chileno-a-quintero\/"},"wordCount":959,"image":{"@id":"https:\/\/dev.antudigital.cl\/sites\/vc\/con-el-estreno-de-historia-y-geografia-pelicula-protagonizada-por-amparo-noguera-y-catalina-saavedra-vuelve-el-cine-chileno-a-quintero\/#primaryimage"},"thumbnailUrl":"https:\/\/dev.antudigital.cl\/sites\/vc\/wp-content\/uploads\/2024\/04\/Still-02-1.jpg","articleSection":["Noticia"],"inLanguage":"es"},{"@type":"WebPage","@id":"https:\/\/dev.antudigital.cl\/sites\/vc\/con-el-estreno-de-historia-y-geografia-pelicula-protagonizada-por-amparo-noguera-y-catalina-saavedra-vuelve-el-cine-chileno-a-quintero\/","url":"https:\/\/dev.antudigital.cl\/sites\/vc\/con-el-estreno-de-historia-y-geografia-pelicula-protagonizada-por-amparo-noguera-y-catalina-saavedra-vuelve-el-cine-chileno-a-quintero\/","name":"Con el estreno de \"Historia y geograf\u00eda\", pel\u00edcula protagonizada por Amparo Noguera y Catalina Saavedra vuelve el cine chileno a Quintero - Valpara\u00ed\u00adso Creativo","isPartOf":{"@id":"https:\/\/dev.antudigital.cl\/sites\/vc\/#website"},"primaryImageOfPage":{"@id":"https:\/\/dev.antudigital.cl\/sites\/vc\/con-el-estreno-de-historia-y-geografia-pelicula-protagonizada-por-amparo-noguera-y-catalina-saavedra-vuelve-el-cine-chileno-a-quintero\/#primaryimage"},"image":{"@id":"https:\/\/dev.antudigital.cl\/sites\/vc\/con-el-estreno-de-historia-y-geografia-pelicula-protagonizada-por-amparo-noguera-y-catalina-saavedra-vuelve-el-cine-chileno-a-quintero\/#primaryimage"},"thumbnailUrl":"https:\/\/dev.antudigital.cl\/sites\/vc\/wp-content\/uploads\/2024\/04\/Still-02-1.jpg","datePublished":"2024-04-30T02:49:57+00:00","dateModified":"2024-04-30T02:50:18+00:00","author":{"@id":"https:\/\/dev.antudigital.cl\/sites\/vc\/#\/schema\/person\/c2b9da8dd545e27166fc5ab232837318"},"breadcrumb":{"@id":"https:\/\/dev.antudigital.cl\/sites\/vc\/con-el-estreno-de-historia-y-geografia-pelicula-protagonizada-por-amparo-noguera-y-catalina-saavedra-vuelve-el-cine-chileno-a-quintero\/#breadcrumb"},"inLanguage":"es","potentialAction":[{"@type":"ReadAction","target":["https:\/\/dev.antudigital.cl\/sites\/vc\/con-el-estreno-de-historia-y-geografia-pelicula-protagonizada-por-amparo-noguera-y-catalina-saavedra-vuelve-el-cine-chileno-a-quintero\/"]}]},{"@type":"ImageObject","inLanguage":"es","@id":"https:\/\/dev.antudigital.cl\/sites\/vc\/con-el-estreno-de-historia-y-geografia-pelicula-protagonizada-por-amparo-noguera-y-catalina-saavedra-vuelve-el-cine-chileno-a-quintero\/#primaryimage","url":"https:\/\/dev.antudigital.cl\/sites\/vc\/wp-content\/uploads\/2024\/04\/Still-02-1.jpg","contentUrl":"https:\/\/dev.antudigital.cl\/sites\/vc\/wp-content\/uploads\/2024\/04\/Still-02-1.jpg","width":1800,"height":1350},{"@type":"BreadcrumbList","@id":"https:\/\/dev.antudigital.cl\/sites\/vc\/con-el-estreno-de-historia-y-geografia-pelicula-protagonizada-por-amparo-noguera-y-catalina-saavedra-vuelve-el-cine-chileno-a-quintero\/#breadcrumb","itemListElement":[{"@type":"ListItem","position":1,"name":"Home","item":"https:\/\/dev.antudigital.cl\/sites\/vc\/"},{"@type":"ListItem","position":2,"name":"Con el estreno de \u00abHistoria y geograf\u00eda\u00bb, pel\u00edcula protagonizada por Amparo Noguera y Catalina Saavedra vuelve el cine chileno a Quintero"}]},{"@type":"WebSite","@id":"https:\/\/dev.antudigital.cl\/sites\/vc\/#website","url":"https:\/\/dev.antudigital.cl\/sites\/vc\/","name":"Valpara\u00ed\u00adso Creativo","description":"","potentialAction":[{"@type":"SearchAction","target":{"@type":"EntryPoint","urlTemplate":"https:\/\/dev.antudigital.cl\/sites\/vc\/?s={search_term_string}"},"query-input":{"@type":"PropertyValueSpecification","valueRequired":true,"valueName":"search_term_string"}}],"inLanguage":"es"},{"@type":"Person","@id":"https:\/\/dev.antudigital.cl\/sites\/vc\/#\/schema\/person\/c2b9da8dd545e27166fc5ab232837318","name":"Valpara\u00edso Creativo","description":"Periodista de cultura en la Regi\u00f3n de Valpara\u00edso.","url":"https:\/\/dev.antudigital.cl\/sites\/vc\/author\/valpoadmin\/"}]}},"_links":{"self":[{"href":"https:\/\/dev.antudigital.cl\/sites\/vc\/wp-json\/wp\/v2\/posts\/18994","targetHints":{"allow":["GET"]}}],"collection":[{"href":"https:\/\/dev.antudigital.cl\/sites\/vc\/wp-json\/wp\/v2\/posts"}],"about":[{"href":"https:\/\/dev.antudigital.cl\/sites\/vc\/wp-json\/wp\/v2\/types\/post"}],"author":[{"embeddable":true,"href":"https:\/\/dev.antudigital.cl\/sites\/vc\/wp-json\/wp\/v2\/users\/1"}],"replies":[{"embeddable":true,"href":"https:\/\/dev.antudigital.cl\/sites\/vc\/wp-json\/wp\/v2\/comments?post=18994"}],"version-history":[{"count":1,"href":"https:\/\/dev.antudigital.cl\/sites\/vc\/wp-json\/wp\/v2\/posts\/18994\/revisions"}],"predecessor-version":[{"id":18999,"href":"https:\/\/dev.antudigital.cl\/sites\/vc\/wp-json\/wp\/v2\/posts\/18994\/revisions\/18999"}],"wp:featuredmedia":[{"embeddable":true,"href":"https:\/\/dev.antudigital.cl\/sites\/vc\/wp-json\/wp\/v2\/media\/18997"}],"wp:attachment":[{"href":"https:\/\/dev.antudigital.cl\/sites\/vc\/wp-json\/wp\/v2\/media?parent=18994"}],"wp:term":[{"taxonomy":"category","embeddable":true,"href":"https:\/\/dev.antudigital.cl\/sites\/vc\/wp-json\/wp\/v2\/categories?post=18994"},{"taxonomy":"post_tag","embeddable":true,"href":"https:\/\/dev.antudigital.cl\/sites\/vc\/wp-json\/wp\/v2\/tags?post=18994"}],"curies":[{"name":"wp","href":"https:\/\/api.w.org\/{rel}","templated":true}]}}