{"id":19000,"date":"2024-04-30T02:57:48","date_gmt":"2024-04-30T02:57:48","guid":{"rendered":"https:\/\/www.valparaisocreativo.cl\/?p=19000"},"modified":"2024-04-30T02:58:05","modified_gmt":"2024-04-30T02:58:05","slug":"postula-al-7o-laboratorio-de-escritura-territorial-en-baj-valpo","status":"publish","type":"post","link":"https:\/\/dev.antudigital.cl\/sites\/vc\/postula-al-7o-laboratorio-de-escritura-territorial-en-baj-valpo\/","title":{"rendered":"POSTULA AL 7\u00ba LABORATORIO DE ESCRITURA TERRITORIAL EN BAJ VALPO"},"content":{"rendered":"\n<p><strong>Hasta el 19 de mayo se encuentra abierta la nueva convocatoria al<\/strong>&nbsp;<strong>Laboratorio<\/strong> <strong>de<\/strong> <strong>Escritura Territorial (LET)&nbsp;organizado por Balmaceda Arte Joven Valpara\u00edso, el cual representa una oportunidad significativa para la comunidad literaria joven, al promover la actualizaci\u00f3n de Valpara\u00edso como un territorio de importancia para la literatura en prosa.<\/strong><\/p>\n\n\n\n<p>En los \u00faltimos seis a\u00f1os, se ha llevado a cabo un intenso trabajo junto al escritor y coordinador&nbsp;<strong>Crist\u00f3bal Gaete&nbsp;<\/strong>para impulsar el Laboratorio de Escritura Territorial. Este programa tiene como objetivo principal potenciar la habilidad narrativa de j\u00f3venes de entre 18 y 29 a\u00f1os.<\/p>\n\n\n\n<p>El prop\u00f3sito fundamental de este espacio es servir como una voz que represente nuestras autor\u00edas individuales. Invita a cada participante a entablar un di\u00e1logo con su entorno y su propio lenguaje, sirviendo como un medio para conectarlos con la din\u00e1mica de la vida dentro de la ciudad. Se reconoce que este ejercicio requiere del reconocimiento de la memoria, la trayectoria y la experiencia, las cuales est\u00e1n inevitablemente influenciadas por antiguos referentes, susceptibles de ser reinterpretados.<\/p>\n\n\n\n<p>Con un historial que comprende la publicaci\u00f3n de seis obras literarias impresas, este laboratorio busca enfrentar de manera directa su entorno inmediato: Valpara\u00edso y Vi\u00f1a del Mar. Contar\u00e1 con la participaci\u00f3n de escritores especialistas en diversos g\u00e9neros literarios quienes guiar\u00e1n a los participantes en un viaje entre la literatura y la reflexi\u00f3n dentro del marco de nuestra l\u00ednea curatorial.<\/p>\n\n\n\n<p>Las clases se realizar\u00e1n de manera presencial todos los mi\u00e9rcoles, desde las 17:00 a 20:00 hrs en la sede Balmaceda Arte Joven de Valpara\u00edso, ubicada en Santa Isabel 739, cerro Alegre, Valpara\u00edso. Inician el 29 de mayo y finalizan el 28 de agosto del 2024.<\/p>\n\n\n\n<p><strong>En tanto, las postulaciones estar\u00e1n abiertas hasta el 19 de mayo. Toda la informaci\u00f3n, bases y formulario de postulaci\u00f3n se encuentran disponibles en baj.cl<\/strong><\/p>\n\n\n\n<figure class=\"wp-block-image size-full\"><img fetchpriority=\"high\" decoding=\"async\" width=\"626\" height=\"624\" src=\"https:\/\/www.valparaisocreativo.cl\/wp-content\/uploads\/2024\/04\/Captura-de-Pantalla-2024-04-29-a-las-22.57.24.png\" alt=\"\" class=\"wp-image-19002\" srcset=\"https:\/\/dev.antudigital.cl\/sites\/vc\/wp-content\/uploads\/2024\/04\/Captura-de-Pantalla-2024-04-29-a-las-22.57.24.png 626w, https:\/\/dev.antudigital.cl\/sites\/vc\/wp-content\/uploads\/2024\/04\/Captura-de-Pantalla-2024-04-29-a-las-22.57.24-300x300.png 300w, https:\/\/dev.antudigital.cl\/sites\/vc\/wp-content\/uploads\/2024\/04\/Captura-de-Pantalla-2024-04-29-a-las-22.57.24-150x150.png 150w, https:\/\/dev.antudigital.cl\/sites\/vc\/wp-content\/uploads\/2024\/04\/Captura-de-Pantalla-2024-04-29-a-las-22.57.24-480x478.png 480w, https:\/\/dev.antudigital.cl\/sites\/vc\/wp-content\/uploads\/2024\/04\/Captura-de-Pantalla-2024-04-29-a-las-22.57.24-24x24.png 24w, https:\/\/dev.antudigital.cl\/sites\/vc\/wp-content\/uploads\/2024\/04\/Captura-de-Pantalla-2024-04-29-a-las-22.57.24-36x36.png 36w, https:\/\/dev.antudigital.cl\/sites\/vc\/wp-content\/uploads\/2024\/04\/Captura-de-Pantalla-2024-04-29-a-las-22.57.24-48x48.png 48w\" sizes=\"(max-width: 626px) 100vw, 626px\" \/><\/figure>\n","protected":false},"excerpt":{"rendered":"<p>Hasta el 19 de mayo se encuentra abierta la nueva convocatoria al&nbsp;Laboratorio de Escritura Territorial (LET)&nbsp;organizado por Balmaceda Arte Joven Valpara\u00edso, el cual representa una oportunidad significativa para la comunidad literaria joven, al promover la actualizaci\u00f3n de Valpara\u00edso como un territorio de importancia para la literatura en prosa. En los \u00faltimos seis a\u00f1os, se ha [&hellip;]<\/p>\n","protected":false},"author":1,"featured_media":19001,"comment_status":"closed","ping_status":"closed","sticky":false,"template":"","format":"standard","meta":{"_acf_changed":false,"footnotes":""},"categories":[1],"tags":[],"class_list":["post-19000","post","type-post","status-publish","format-standard","has-post-thumbnail","hentry","category-uncategorized"],"acf":[],"yoast_head":"<!-- This site is optimized with the Yoast SEO plugin v27.1.1 - https:\/\/yoast.com\/product\/yoast-seo-wordpress\/ -->\n<title>POSTULA AL 7\u00ba LABORATORIO DE ESCRITURA TERRITORIAL EN BAJ VALPO - Valpara\u00ed\u00adso Creativo<\/title>\n<meta name=\"robots\" content=\"index, follow, max-snippet:-1, max-image-preview:large, max-video-preview:-1\" \/>\n<link rel=\"canonical\" href=\"https:\/\/dev.antudigital.cl\/sites\/vc\/postula-al-7o-laboratorio-de-escritura-territorial-en-baj-valpo\/\" \/>\n<meta property=\"og:locale\" content=\"es_ES\" \/>\n<meta property=\"og:type\" content=\"article\" \/>\n<meta property=\"og:title\" content=\"POSTULA AL 7\u00ba LABORATORIO DE ESCRITURA TERRITORIAL EN BAJ VALPO - Valpara\u00ed\u00adso Creativo\" \/>\n<meta property=\"og:description\" content=\"Hasta el 19 de mayo se encuentra abierta la nueva convocatoria al&nbsp;Laboratorio de Escritura Territorial (LET)&nbsp;organizado por Balmaceda Arte Joven Valpara\u00edso, el cual representa una oportunidad significativa para la comunidad literaria joven, al promover la actualizaci\u00f3n de Valpara\u00edso como un territorio de importancia para la literatura en prosa. En los \u00faltimos seis a\u00f1os, se ha [&hellip;]\" \/>\n<meta property=\"og:url\" content=\"https:\/\/dev.antudigital.cl\/sites\/vc\/postula-al-7o-laboratorio-de-escritura-territorial-en-baj-valpo\/\" \/>\n<meta property=\"og:site_name\" content=\"Valpara\u00ed\u00adso Creativo\" \/>\n<meta property=\"article:published_time\" content=\"2024-04-30T02:57:48+00:00\" \/>\n<meta property=\"article:modified_time\" content=\"2024-04-30T02:58:05+00:00\" \/>\n<meta property=\"og:image\" content=\"https:\/\/dev.antudigital.cl\/sites\/vc\/wp-content\/uploads\/2024\/04\/ALVARO-ROJAS-REYES.jpg\" \/>\n\t<meta property=\"og:image:width\" content=\"1181\" \/>\n\t<meta property=\"og:image:height\" content=\"787\" \/>\n\t<meta property=\"og:image:type\" content=\"image\/jpeg\" \/>\n<meta name=\"author\" content=\"Valpara\u00edso Creativo\" \/>\n<meta name=\"twitter:card\" content=\"summary_large_image\" \/>\n<meta name=\"twitter:label1\" content=\"Escrito por\" \/>\n\t<meta name=\"twitter:data1\" content=\"Valpara\u00edso Creativo\" \/>\n\t<meta name=\"twitter:label2\" content=\"Tiempo de lectura\" \/>\n\t<meta name=\"twitter:data2\" content=\"2 minutos\" \/>\n<script type=\"application\/ld+json\" class=\"yoast-schema-graph\">{\"@context\":\"https:\/\/schema.org\",\"@graph\":[{\"@type\":\"Article\",\"@id\":\"https:\/\/dev.antudigital.cl\/sites\/vc\/postula-al-7o-laboratorio-de-escritura-territorial-en-baj-valpo\/#article\",\"isPartOf\":{\"@id\":\"https:\/\/dev.antudigital.cl\/sites\/vc\/postula-al-7o-laboratorio-de-escritura-territorial-en-baj-valpo\/\"},\"author\":{\"name\":\"Valpara\u00edso Creativo\",\"@id\":\"https:\/\/dev.antudigital.cl\/sites\/vc\/#\/schema\/person\/c2b9da8dd545e27166fc5ab232837318\"},\"headline\":\"POSTULA AL 7\u00ba LABORATORIO DE ESCRITURA TERRITORIAL EN BAJ VALPO\",\"datePublished\":\"2024-04-30T02:57:48+00:00\",\"dateModified\":\"2024-04-30T02:58:05+00:00\",\"mainEntityOfPage\":{\"@id\":\"https:\/\/dev.antudigital.cl\/sites\/vc\/postula-al-7o-laboratorio-de-escritura-territorial-en-baj-valpo\/\"},\"wordCount\":329,\"image\":{\"@id\":\"https:\/\/dev.antudigital.cl\/sites\/vc\/postula-al-7o-laboratorio-de-escritura-territorial-en-baj-valpo\/#primaryimage\"},\"thumbnailUrl\":\"https:\/\/dev.antudigital.cl\/sites\/vc\/wp-content\/uploads\/2024\/04\/ALVARO-ROJAS-REYES.jpg\",\"articleSection\":[\"Uncategorized\"],\"inLanguage\":\"es\"},{\"@type\":\"WebPage\",\"@id\":\"https:\/\/dev.antudigital.cl\/sites\/vc\/postula-al-7o-laboratorio-de-escritura-territorial-en-baj-valpo\/\",\"url\":\"https:\/\/dev.antudigital.cl\/sites\/vc\/postula-al-7o-laboratorio-de-escritura-territorial-en-baj-valpo\/\",\"name\":\"POSTULA AL 7\u00ba LABORATORIO DE ESCRITURA TERRITORIAL EN BAJ VALPO - Valpara\u00ed\u00adso Creativo\",\"isPartOf\":{\"@id\":\"https:\/\/dev.antudigital.cl\/sites\/vc\/#website\"},\"primaryImageOfPage\":{\"@id\":\"https:\/\/dev.antudigital.cl\/sites\/vc\/postula-al-7o-laboratorio-de-escritura-territorial-en-baj-valpo\/#primaryimage\"},\"image\":{\"@id\":\"https:\/\/dev.antudigital.cl\/sites\/vc\/postula-al-7o-laboratorio-de-escritura-territorial-en-baj-valpo\/#primaryimage\"},\"thumbnailUrl\":\"https:\/\/dev.antudigital.cl\/sites\/vc\/wp-content\/uploads\/2024\/04\/ALVARO-ROJAS-REYES.jpg\",\"datePublished\":\"2024-04-30T02:57:48+00:00\",\"dateModified\":\"2024-04-30T02:58:05+00:00\",\"author\":{\"@id\":\"https:\/\/dev.antudigital.cl\/sites\/vc\/#\/schema\/person\/c2b9da8dd545e27166fc5ab232837318\"},\"breadcrumb\":{\"@id\":\"https:\/\/dev.antudigital.cl\/sites\/vc\/postula-al-7o-laboratorio-de-escritura-territorial-en-baj-valpo\/#breadcrumb\"},\"inLanguage\":\"es\",\"potentialAction\":[{\"@type\":\"ReadAction\",\"target\":[\"https:\/\/dev.antudigital.cl\/sites\/vc\/postula-al-7o-laboratorio-de-escritura-territorial-en-baj-valpo\/\"]}]},{\"@type\":\"ImageObject\",\"inLanguage\":\"es\",\"@id\":\"https:\/\/dev.antudigital.cl\/sites\/vc\/postula-al-7o-laboratorio-de-escritura-territorial-en-baj-valpo\/#primaryimage\",\"url\":\"https:\/\/dev.antudigital.cl\/sites\/vc\/wp-content\/uploads\/2024\/04\/ALVARO-ROJAS-REYES.jpg\",\"contentUrl\":\"https:\/\/dev.antudigital.cl\/sites\/vc\/wp-content\/uploads\/2024\/04\/ALVARO-ROJAS-REYES.jpg\",\"width\":1181,\"height\":787,\"caption\":\"24 mayo 2022 - Es una madrugada fr\u00eda y con mucha niebla en la estaci\u00f3n Portales ubicada junto al mar en Valpara\u00edso, Chile. Personas a las tenues luces del lugar, esperan el tren para ir a sus trabajos en la zona interior de la regi\u00f3n.\"},{\"@type\":\"BreadcrumbList\",\"@id\":\"https:\/\/dev.antudigital.cl\/sites\/vc\/postula-al-7o-laboratorio-de-escritura-territorial-en-baj-valpo\/#breadcrumb\",\"itemListElement\":[{\"@type\":\"ListItem\",\"position\":1,\"name\":\"Home\",\"item\":\"https:\/\/dev.antudigital.cl\/sites\/vc\/\"},{\"@type\":\"ListItem\",\"position\":2,\"name\":\"POSTULA AL 7\u00ba LABORATORIO DE ESCRITURA TERRITORIAL EN BAJ VALPO\"}]},{\"@type\":\"WebSite\",\"@id\":\"https:\/\/dev.antudigital.cl\/sites\/vc\/#website\",\"url\":\"https:\/\/dev.antudigital.cl\/sites\/vc\/\",\"name\":\"Valpara\u00ed\u00adso Creativo\",\"description\":\"\",\"potentialAction\":[{\"@type\":\"SearchAction\",\"target\":{\"@type\":\"EntryPoint\",\"urlTemplate\":\"https:\/\/dev.antudigital.cl\/sites\/vc\/?s={search_term_string}\"},\"query-input\":{\"@type\":\"PropertyValueSpecification\",\"valueRequired\":true,\"valueName\":\"search_term_string\"}}],\"inLanguage\":\"es\"},{\"@type\":\"Person\",\"@id\":\"https:\/\/dev.antudigital.cl\/sites\/vc\/#\/schema\/person\/c2b9da8dd545e27166fc5ab232837318\",\"name\":\"Valpara\u00edso Creativo\",\"description\":\"Periodista de cultura en la Regi\u00f3n de Valpara\u00edso.\",\"url\":\"https:\/\/dev.antudigital.cl\/sites\/vc\/author\/valpoadmin\/\"}]}<\/script>\n<!-- \/ Yoast SEO plugin. -->","yoast_head_json":{"title":"POSTULA AL 7\u00ba LABORATORIO DE ESCRITURA TERRITORIAL EN BAJ VALPO - Valpara\u00ed\u00adso Creativo","robots":{"index":"index","follow":"follow","max-snippet":"max-snippet:-1","max-image-preview":"max-image-preview:large","max-video-preview":"max-video-preview:-1"},"canonical":"https:\/\/dev.antudigital.cl\/sites\/vc\/postula-al-7o-laboratorio-de-escritura-territorial-en-baj-valpo\/","og_locale":"es_ES","og_type":"article","og_title":"POSTULA AL 7\u00ba LABORATORIO DE ESCRITURA TERRITORIAL EN BAJ VALPO - Valpara\u00ed\u00adso Creativo","og_description":"Hasta el 19 de mayo se encuentra abierta la nueva convocatoria al&nbsp;Laboratorio de Escritura Territorial (LET)&nbsp;organizado por Balmaceda Arte Joven Valpara\u00edso, el cual representa una oportunidad significativa para la comunidad literaria joven, al promover la actualizaci\u00f3n de Valpara\u00edso como un territorio de importancia para la literatura en prosa. En los \u00faltimos seis a\u00f1os, se ha [&hellip;]","og_url":"https:\/\/dev.antudigital.cl\/sites\/vc\/postula-al-7o-laboratorio-de-escritura-territorial-en-baj-valpo\/","og_site_name":"Valpara\u00ed\u00adso Creativo","article_published_time":"2024-04-30T02:57:48+00:00","article_modified_time":"2024-04-30T02:58:05+00:00","og_image":[{"width":1181,"height":787,"url":"https:\/\/dev.antudigital.cl\/sites\/vc\/wp-content\/uploads\/2024\/04\/ALVARO-ROJAS-REYES.jpg","type":"image\/jpeg"}],"author":"Valpara\u00edso Creativo","twitter_card":"summary_large_image","twitter_misc":{"Escrito por":"Valpara\u00edso Creativo","Tiempo de lectura":"2 minutos"},"schema":{"@context":"https:\/\/schema.org","@graph":[{"@type":"Article","@id":"https:\/\/dev.antudigital.cl\/sites\/vc\/postula-al-7o-laboratorio-de-escritura-territorial-en-baj-valpo\/#article","isPartOf":{"@id":"https:\/\/dev.antudigital.cl\/sites\/vc\/postula-al-7o-laboratorio-de-escritura-territorial-en-baj-valpo\/"},"author":{"name":"Valpara\u00edso Creativo","@id":"https:\/\/dev.antudigital.cl\/sites\/vc\/#\/schema\/person\/c2b9da8dd545e27166fc5ab232837318"},"headline":"POSTULA AL 7\u00ba LABORATORIO DE ESCRITURA TERRITORIAL EN BAJ VALPO","datePublished":"2024-04-30T02:57:48+00:00","dateModified":"2024-04-30T02:58:05+00:00","mainEntityOfPage":{"@id":"https:\/\/dev.antudigital.cl\/sites\/vc\/postula-al-7o-laboratorio-de-escritura-territorial-en-baj-valpo\/"},"wordCount":329,"image":{"@id":"https:\/\/dev.antudigital.cl\/sites\/vc\/postula-al-7o-laboratorio-de-escritura-territorial-en-baj-valpo\/#primaryimage"},"thumbnailUrl":"https:\/\/dev.antudigital.cl\/sites\/vc\/wp-content\/uploads\/2024\/04\/ALVARO-ROJAS-REYES.jpg","articleSection":["Uncategorized"],"inLanguage":"es"},{"@type":"WebPage","@id":"https:\/\/dev.antudigital.cl\/sites\/vc\/postula-al-7o-laboratorio-de-escritura-territorial-en-baj-valpo\/","url":"https:\/\/dev.antudigital.cl\/sites\/vc\/postula-al-7o-laboratorio-de-escritura-territorial-en-baj-valpo\/","name":"POSTULA AL 7\u00ba LABORATORIO DE ESCRITURA TERRITORIAL EN BAJ VALPO - Valpara\u00ed\u00adso Creativo","isPartOf":{"@id":"https:\/\/dev.antudigital.cl\/sites\/vc\/#website"},"primaryImageOfPage":{"@id":"https:\/\/dev.antudigital.cl\/sites\/vc\/postula-al-7o-laboratorio-de-escritura-territorial-en-baj-valpo\/#primaryimage"},"image":{"@id":"https:\/\/dev.antudigital.cl\/sites\/vc\/postula-al-7o-laboratorio-de-escritura-territorial-en-baj-valpo\/#primaryimage"},"thumbnailUrl":"https:\/\/dev.antudigital.cl\/sites\/vc\/wp-content\/uploads\/2024\/04\/ALVARO-ROJAS-REYES.jpg","datePublished":"2024-04-30T02:57:48+00:00","dateModified":"2024-04-30T02:58:05+00:00","author":{"@id":"https:\/\/dev.antudigital.cl\/sites\/vc\/#\/schema\/person\/c2b9da8dd545e27166fc5ab232837318"},"breadcrumb":{"@id":"https:\/\/dev.antudigital.cl\/sites\/vc\/postula-al-7o-laboratorio-de-escritura-territorial-en-baj-valpo\/#breadcrumb"},"inLanguage":"es","potentialAction":[{"@type":"ReadAction","target":["https:\/\/dev.antudigital.cl\/sites\/vc\/postula-al-7o-laboratorio-de-escritura-territorial-en-baj-valpo\/"]}]},{"@type":"ImageObject","inLanguage":"es","@id":"https:\/\/dev.antudigital.cl\/sites\/vc\/postula-al-7o-laboratorio-de-escritura-territorial-en-baj-valpo\/#primaryimage","url":"https:\/\/dev.antudigital.cl\/sites\/vc\/wp-content\/uploads\/2024\/04\/ALVARO-ROJAS-REYES.jpg","contentUrl":"https:\/\/dev.antudigital.cl\/sites\/vc\/wp-content\/uploads\/2024\/04\/ALVARO-ROJAS-REYES.jpg","width":1181,"height":787,"caption":"24 mayo 2022 - Es una madrugada fr\u00eda y con mucha niebla en la estaci\u00f3n Portales ubicada junto al mar en Valpara\u00edso, Chile. Personas a las tenues luces del lugar, esperan el tren para ir a sus trabajos en la zona interior de la regi\u00f3n."},{"@type":"BreadcrumbList","@id":"https:\/\/dev.antudigital.cl\/sites\/vc\/postula-al-7o-laboratorio-de-escritura-territorial-en-baj-valpo\/#breadcrumb","itemListElement":[{"@type":"ListItem","position":1,"name":"Home","item":"https:\/\/dev.antudigital.cl\/sites\/vc\/"},{"@type":"ListItem","position":2,"name":"POSTULA AL 7\u00ba LABORATORIO DE ESCRITURA TERRITORIAL EN BAJ VALPO"}]},{"@type":"WebSite","@id":"https:\/\/dev.antudigital.cl\/sites\/vc\/#website","url":"https:\/\/dev.antudigital.cl\/sites\/vc\/","name":"Valpara\u00ed\u00adso Creativo","description":"","potentialAction":[{"@type":"SearchAction","target":{"@type":"EntryPoint","urlTemplate":"https:\/\/dev.antudigital.cl\/sites\/vc\/?s={search_term_string}"},"query-input":{"@type":"PropertyValueSpecification","valueRequired":true,"valueName":"search_term_string"}}],"inLanguage":"es"},{"@type":"Person","@id":"https:\/\/dev.antudigital.cl\/sites\/vc\/#\/schema\/person\/c2b9da8dd545e27166fc5ab232837318","name":"Valpara\u00edso Creativo","description":"Periodista de cultura en la Regi\u00f3n de Valpara\u00edso.","url":"https:\/\/dev.antudigital.cl\/sites\/vc\/author\/valpoadmin\/"}]}},"_links":{"self":[{"href":"https:\/\/dev.antudigital.cl\/sites\/vc\/wp-json\/wp\/v2\/posts\/19000","targetHints":{"allow":["GET"]}}],"collection":[{"href":"https:\/\/dev.antudigital.cl\/sites\/vc\/wp-json\/wp\/v2\/posts"}],"about":[{"href":"https:\/\/dev.antudigital.cl\/sites\/vc\/wp-json\/wp\/v2\/types\/post"}],"author":[{"embeddable":true,"href":"https:\/\/dev.antudigital.cl\/sites\/vc\/wp-json\/wp\/v2\/users\/1"}],"replies":[{"embeddable":true,"href":"https:\/\/dev.antudigital.cl\/sites\/vc\/wp-json\/wp\/v2\/comments?post=19000"}],"version-history":[{"count":1,"href":"https:\/\/dev.antudigital.cl\/sites\/vc\/wp-json\/wp\/v2\/posts\/19000\/revisions"}],"predecessor-version":[{"id":19003,"href":"https:\/\/dev.antudigital.cl\/sites\/vc\/wp-json\/wp\/v2\/posts\/19000\/revisions\/19003"}],"wp:featuredmedia":[{"embeddable":true,"href":"https:\/\/dev.antudigital.cl\/sites\/vc\/wp-json\/wp\/v2\/media\/19001"}],"wp:attachment":[{"href":"https:\/\/dev.antudigital.cl\/sites\/vc\/wp-json\/wp\/v2\/media?parent=19000"}],"wp:term":[{"taxonomy":"category","embeddable":true,"href":"https:\/\/dev.antudigital.cl\/sites\/vc\/wp-json\/wp\/v2\/categories?post=19000"},{"taxonomy":"post_tag","embeddable":true,"href":"https:\/\/dev.antudigital.cl\/sites\/vc\/wp-json\/wp\/v2\/tags?post=19000"}],"curies":[{"name":"wp","href":"https:\/\/api.w.org\/{rel}","templated":true}]}}