{"id":19004,"date":"2024-04-30T03:02:31","date_gmt":"2024-04-30T03:02:31","guid":{"rendered":"https:\/\/www.valparaisocreativo.cl\/?p=19004"},"modified":"2024-04-30T03:02:50","modified_gmt":"2024-04-30T03:02:50","slug":"nuevo-estreno-en-sala-de-artes-escenicas-rodelillo","status":"publish","type":"post","link":"https:\/\/dev.antudigital.cl\/sites\/vc\/nuevo-estreno-en-sala-de-artes-escenicas-rodelillo\/","title":{"rendered":"Nuevo estreno en Sala de Artes Esc\u00e9nicas Rodelillo"},"content":{"rendered":"\n<p><strong>\u201cProyecto Bucle\u201d estrenar\u00e1 su nuevo montaje el S\u00e1bado 04 y Domingo 05 de Mayo en la Sala de Artes Esc\u00e9nicas Rodelillo en Valpara\u00edso.<\/strong><\/p>\n\n\n\n<p>Proyecto Bucle es la primera creaci\u00f3n de un grupo de profesionales y artistas que desde Enero a la fecha trabajan en un proceso de residencia e investigaci\u00f3n dentro de la Sala de Artes Esc\u00e9nicas Rodelillo. Un trabajo con est\u00e9tica futurista, que desde un comienzo busc\u00f3 rescatar los imaginarios locales de sus integrantes para abordar tem\u00e1ticas complejas como el VIH, la inteligencia artificial y la muerte.Una puesta en escena atractiva, con arrojo actoral y que dialoga interdisciplinariamente con el mundo audiovisual.&nbsp;<\/p>\n\n\n\n<p>Acerca de la obra, su director Diego Poblete relata: \u201cLa historia cuenta la experiencia de una actriz que es contactada a trav\u00e9s de una llamada para matar al Presidente. Frente a aqu\u00e9l conflicto, la mujer sufre la tensi\u00f3n de sus propios valores y los de una agenda global que siente que exige y reprime. La puesta en escena nos permite cuestionar aspectos como el higienismo puro de la sociedad en la que sobrevivimos, adem\u00e1s de reflexionar sobre los mecanismos y alternativas que nos facilitan, en el presente y futuro, las pol\u00e9micas inteligencias artificiales (ia).\u201d<\/p>\n\n\n\n<p>El estreno de Proyecto Bucle ser\u00e1 el pr\u00f3ximo fin de semana, siendo las funciones el <strong>S\u00e1bado 04 de Mayo a las 19:30 hrs y el Domingo 05 mayo a las 18 hrs en la Sala de Artes Esc\u00e9nicas Rodelillo<\/strong>, ubicada dentro de las dependencias del CECO en Av. Rodelillo #2277. Las entradas son bajo la modalidad de \u201cpaga lo que puedas\u201d ($5.000, $7.000 y\/o $10.000) y se adquieren en el correo: <strong>cooperativateatralvalparaiso@gmail.com\u00a0<\/strong><\/p>\n\n\n\n<figure class=\"wp-block-image size-large\"><img fetchpriority=\"high\" decoding=\"async\" width=\"734\" height=\"1024\" src=\"https:\/\/www.valparaisocreativo.cl\/wp-content\/uploads\/2024\/04\/IMG_6261-734x1024.jpg\" alt=\"\" class=\"wp-image-19006\" srcset=\"https:\/\/dev.antudigital.cl\/sites\/vc\/wp-content\/uploads\/2024\/04\/IMG_6261-734x1024.jpg 734w, https:\/\/dev.antudigital.cl\/sites\/vc\/wp-content\/uploads\/2024\/04\/IMG_6261-215x300.jpg 215w, https:\/\/dev.antudigital.cl\/sites\/vc\/wp-content\/uploads\/2024\/04\/IMG_6261-768x1071.jpg 768w, https:\/\/dev.antudigital.cl\/sites\/vc\/wp-content\/uploads\/2024\/04\/IMG_6261-1101x1536.jpg 1101w, https:\/\/dev.antudigital.cl\/sites\/vc\/wp-content\/uploads\/2024\/04\/IMG_6261-1468x2048.jpg 1468w, https:\/\/dev.antudigital.cl\/sites\/vc\/wp-content\/uploads\/2024\/04\/IMG_6261-1080x1507.jpg 1080w, https:\/\/dev.antudigital.cl\/sites\/vc\/wp-content\/uploads\/2024\/04\/IMG_6261-1280x1786.jpg 1280w, https:\/\/dev.antudigital.cl\/sites\/vc\/wp-content\/uploads\/2024\/04\/IMG_6261-980x1367.jpg 980w, https:\/\/dev.antudigital.cl\/sites\/vc\/wp-content\/uploads\/2024\/04\/IMG_6261-480x670.jpg 480w, https:\/\/dev.antudigital.cl\/sites\/vc\/wp-content\/uploads\/2024\/04\/IMG_6261-17x24.jpg 17w, https:\/\/dev.antudigital.cl\/sites\/vc\/wp-content\/uploads\/2024\/04\/IMG_6261-26x36.jpg 26w, https:\/\/dev.antudigital.cl\/sites\/vc\/wp-content\/uploads\/2024\/04\/IMG_6261-34x48.jpg 34w, https:\/\/dev.antudigital.cl\/sites\/vc\/wp-content\/uploads\/2024\/04\/IMG_6261-scaled.jpg 1835w\" sizes=\"(max-width: 734px) 100vw, 734px\" \/><\/figure>\n\n\n\n<p><strong>Ficha Art\u00edstica<\/strong><\/p>\n\n\n\n<p>Direcci\u00f3n: Diego Poblete Mella<\/p>\n\n\n\n<p>Asistencia de Direcci\u00f3n: Luc\u00eda Mundaca Castillo<\/p>\n\n\n\n<p>Int\u00e9rpretes: Agust\u00edn Flores-Mu\u00f1oz &amp; Michael Araya Irribarren&nbsp;<\/p>\n\n\n\n<p>Direcci\u00f3n de Arte y Visuales: Javiera \u00c1guila&nbsp;<\/p>\n\n\n\n<p>Dise\u00f1o Escenogr\u00e1fico: Davor Koscina Del Valle<\/p>\n\n\n\n<p>Dise\u00f1o Universo Sonoro: Nelson Jaramillo&nbsp;<\/p>\n\n\n\n<p>Dise\u00f1o Coreogr\u00e1fico: Dani Buend\u00eda&nbsp;<\/p>\n\n\n\n<p>Dise\u00f1o de Vestuario: Luc\u00eda Mundaca Castillo&nbsp;<\/p>\n\n\n\n<p>Asistencia de Investigaci\u00f3n: Franco Artigas<\/p>\n\n\n\n<p>Gesti\u00f3n y Producci\u00f3n: Diego Poblete Mella<\/p>\n\n\n\n<p>Dramaturgia: Agust\u00edn Flores-Mu\u00f1oz<\/p>\n\n\n\n<p><strong>Duraci\u00f3n:<\/strong> 40 minutos.<\/p>\n\n\n\n<p><strong>P\u00fablico Objetivo:<\/strong> +12 a\u00f1os<\/p>\n\n\n\n<p><strong>Contacto: <\/strong><a href=\"mailto:Cooperativateatralvalparaiso@gmail.com\"><strong>Cooperativateatralvalparaiso@gmail.com<\/strong><\/a><strong>&nbsp;&nbsp;<\/strong><\/p>\n","protected":false},"excerpt":{"rendered":"<p>\u201cProyecto Bucle\u201d estrenar\u00e1 su nuevo montaje el S\u00e1bado 04 y Domingo 05 de Mayo en la Sala de Artes Esc\u00e9nicas Rodelillo en Valpara\u00edso. Proyecto Bucle es la primera creaci\u00f3n de un grupo de profesionales y artistas que desde Enero a la fecha trabajan en un proceso de residencia e investigaci\u00f3n dentro de la Sala de [&hellip;]<\/p>\n","protected":false},"author":1,"featured_media":19005,"comment_status":"closed","ping_status":"closed","sticky":false,"template":"","format":"standard","meta":{"_acf_changed":false,"footnotes":""},"categories":[8],"tags":[],"class_list":["post-19004","post","type-post","status-publish","format-standard","has-post-thumbnail","hentry","category-noticia"],"acf":[],"yoast_head":"<!-- This site is optimized with the Yoast SEO plugin v27.1.1 - https:\/\/yoast.com\/product\/yoast-seo-wordpress\/ -->\n<title>Nuevo estreno en Sala de Artes Esc\u00e9nicas Rodelillo - Valpara\u00ed\u00adso Creativo<\/title>\n<meta name=\"robots\" content=\"index, follow, max-snippet:-1, max-image-preview:large, max-video-preview:-1\" \/>\n<link rel=\"canonical\" href=\"https:\/\/dev.antudigital.cl\/sites\/vc\/nuevo-estreno-en-sala-de-artes-escenicas-rodelillo\/\" \/>\n<meta property=\"og:locale\" content=\"es_ES\" \/>\n<meta property=\"og:type\" content=\"article\" \/>\n<meta property=\"og:title\" content=\"Nuevo estreno en Sala de Artes Esc\u00e9nicas Rodelillo - Valpara\u00ed\u00adso Creativo\" \/>\n<meta property=\"og:description\" content=\"\u201cProyecto Bucle\u201d estrenar\u00e1 su nuevo montaje el S\u00e1bado 04 y Domingo 05 de Mayo en la Sala de Artes Esc\u00e9nicas Rodelillo en Valpara\u00edso. Proyecto Bucle es la primera creaci\u00f3n de un grupo de profesionales y artistas que desde Enero a la fecha trabajan en un proceso de residencia e investigaci\u00f3n dentro de la Sala de [&hellip;]\" \/>\n<meta property=\"og:url\" content=\"https:\/\/dev.antudigital.cl\/sites\/vc\/nuevo-estreno-en-sala-de-artes-escenicas-rodelillo\/\" \/>\n<meta property=\"og:site_name\" content=\"Valpara\u00ed\u00adso Creativo\" \/>\n<meta property=\"article:published_time\" content=\"2024-04-30T03:02:31+00:00\" \/>\n<meta property=\"article:modified_time\" content=\"2024-04-30T03:02:50+00:00\" \/>\n<meta property=\"og:image\" content=\"https:\/\/dev.antudigital.cl\/sites\/vc\/wp-content\/uploads\/2024\/04\/IMG_6202-scaled.jpg\" \/>\n\t<meta property=\"og:image:width\" content=\"2560\" \/>\n\t<meta property=\"og:image:height\" content=\"1707\" \/>\n\t<meta property=\"og:image:type\" content=\"image\/jpeg\" \/>\n<meta name=\"author\" content=\"Valpara\u00edso Creativo\" \/>\n<meta name=\"twitter:card\" content=\"summary_large_image\" \/>\n<meta name=\"twitter:label1\" content=\"Escrito por\" \/>\n\t<meta name=\"twitter:data1\" content=\"Valpara\u00edso Creativo\" \/>\n\t<meta name=\"twitter:label2\" content=\"Tiempo de lectura\" \/>\n\t<meta name=\"twitter:data2\" content=\"2 minutos\" \/>\n<script type=\"application\/ld+json\" class=\"yoast-schema-graph\">{\"@context\":\"https:\/\/schema.org\",\"@graph\":[{\"@type\":\"Article\",\"@id\":\"https:\/\/dev.antudigital.cl\/sites\/vc\/nuevo-estreno-en-sala-de-artes-escenicas-rodelillo\/#article\",\"isPartOf\":{\"@id\":\"https:\/\/dev.antudigital.cl\/sites\/vc\/nuevo-estreno-en-sala-de-artes-escenicas-rodelillo\/\"},\"author\":{\"name\":\"Valpara\u00edso Creativo\",\"@id\":\"https:\/\/dev.antudigital.cl\/sites\/vc\/#\/schema\/person\/c2b9da8dd545e27166fc5ab232837318\"},\"headline\":\"Nuevo estreno en Sala de Artes Esc\u00e9nicas Rodelillo\",\"datePublished\":\"2024-04-30T03:02:31+00:00\",\"dateModified\":\"2024-04-30T03:02:50+00:00\",\"mainEntityOfPage\":{\"@id\":\"https:\/\/dev.antudigital.cl\/sites\/vc\/nuevo-estreno-en-sala-de-artes-escenicas-rodelillo\/\"},\"wordCount\":390,\"image\":{\"@id\":\"https:\/\/dev.antudigital.cl\/sites\/vc\/nuevo-estreno-en-sala-de-artes-escenicas-rodelillo\/#primaryimage\"},\"thumbnailUrl\":\"https:\/\/dev.antudigital.cl\/sites\/vc\/wp-content\/uploads\/2024\/04\/IMG_6202-scaled.jpg\",\"articleSection\":[\"Noticia\"],\"inLanguage\":\"es\"},{\"@type\":\"WebPage\",\"@id\":\"https:\/\/dev.antudigital.cl\/sites\/vc\/nuevo-estreno-en-sala-de-artes-escenicas-rodelillo\/\",\"url\":\"https:\/\/dev.antudigital.cl\/sites\/vc\/nuevo-estreno-en-sala-de-artes-escenicas-rodelillo\/\",\"name\":\"Nuevo estreno en Sala de Artes Esc\u00e9nicas Rodelillo - Valpara\u00ed\u00adso Creativo\",\"isPartOf\":{\"@id\":\"https:\/\/dev.antudigital.cl\/sites\/vc\/#website\"},\"primaryImageOfPage\":{\"@id\":\"https:\/\/dev.antudigital.cl\/sites\/vc\/nuevo-estreno-en-sala-de-artes-escenicas-rodelillo\/#primaryimage\"},\"image\":{\"@id\":\"https:\/\/dev.antudigital.cl\/sites\/vc\/nuevo-estreno-en-sala-de-artes-escenicas-rodelillo\/#primaryimage\"},\"thumbnailUrl\":\"https:\/\/dev.antudigital.cl\/sites\/vc\/wp-content\/uploads\/2024\/04\/IMG_6202-scaled.jpg\",\"datePublished\":\"2024-04-30T03:02:31+00:00\",\"dateModified\":\"2024-04-30T03:02:50+00:00\",\"author\":{\"@id\":\"https:\/\/dev.antudigital.cl\/sites\/vc\/#\/schema\/person\/c2b9da8dd545e27166fc5ab232837318\"},\"breadcrumb\":{\"@id\":\"https:\/\/dev.antudigital.cl\/sites\/vc\/nuevo-estreno-en-sala-de-artes-escenicas-rodelillo\/#breadcrumb\"},\"inLanguage\":\"es\",\"potentialAction\":[{\"@type\":\"ReadAction\",\"target\":[\"https:\/\/dev.antudigital.cl\/sites\/vc\/nuevo-estreno-en-sala-de-artes-escenicas-rodelillo\/\"]}]},{\"@type\":\"ImageObject\",\"inLanguage\":\"es\",\"@id\":\"https:\/\/dev.antudigital.cl\/sites\/vc\/nuevo-estreno-en-sala-de-artes-escenicas-rodelillo\/#primaryimage\",\"url\":\"https:\/\/dev.antudigital.cl\/sites\/vc\/wp-content\/uploads\/2024\/04\/IMG_6202-scaled.jpg\",\"contentUrl\":\"https:\/\/dev.antudigital.cl\/sites\/vc\/wp-content\/uploads\/2024\/04\/IMG_6202-scaled.jpg\",\"width\":2560,\"height\":1707},{\"@type\":\"BreadcrumbList\",\"@id\":\"https:\/\/dev.antudigital.cl\/sites\/vc\/nuevo-estreno-en-sala-de-artes-escenicas-rodelillo\/#breadcrumb\",\"itemListElement\":[{\"@type\":\"ListItem\",\"position\":1,\"name\":\"Home\",\"item\":\"https:\/\/dev.antudigital.cl\/sites\/vc\/\"},{\"@type\":\"ListItem\",\"position\":2,\"name\":\"Nuevo estreno en Sala de Artes Esc\u00e9nicas Rodelillo\"}]},{\"@type\":\"WebSite\",\"@id\":\"https:\/\/dev.antudigital.cl\/sites\/vc\/#website\",\"url\":\"https:\/\/dev.antudigital.cl\/sites\/vc\/\",\"name\":\"Valpara\u00ed\u00adso Creativo\",\"description\":\"\",\"potentialAction\":[{\"@type\":\"SearchAction\",\"target\":{\"@type\":\"EntryPoint\",\"urlTemplate\":\"https:\/\/dev.antudigital.cl\/sites\/vc\/?s={search_term_string}\"},\"query-input\":{\"@type\":\"PropertyValueSpecification\",\"valueRequired\":true,\"valueName\":\"search_term_string\"}}],\"inLanguage\":\"es\"},{\"@type\":\"Person\",\"@id\":\"https:\/\/dev.antudigital.cl\/sites\/vc\/#\/schema\/person\/c2b9da8dd545e27166fc5ab232837318\",\"name\":\"Valpara\u00edso Creativo\",\"description\":\"Periodista de cultura en la Regi\u00f3n de Valpara\u00edso.\",\"url\":\"https:\/\/dev.antudigital.cl\/sites\/vc\/author\/valpoadmin\/\"}]}<\/script>\n<!-- \/ Yoast SEO plugin. -->","yoast_head_json":{"title":"Nuevo estreno en Sala de Artes Esc\u00e9nicas Rodelillo - Valpara\u00ed\u00adso Creativo","robots":{"index":"index","follow":"follow","max-snippet":"max-snippet:-1","max-image-preview":"max-image-preview:large","max-video-preview":"max-video-preview:-1"},"canonical":"https:\/\/dev.antudigital.cl\/sites\/vc\/nuevo-estreno-en-sala-de-artes-escenicas-rodelillo\/","og_locale":"es_ES","og_type":"article","og_title":"Nuevo estreno en Sala de Artes Esc\u00e9nicas Rodelillo - Valpara\u00ed\u00adso Creativo","og_description":"\u201cProyecto Bucle\u201d estrenar\u00e1 su nuevo montaje el S\u00e1bado 04 y Domingo 05 de Mayo en la Sala de Artes Esc\u00e9nicas Rodelillo en Valpara\u00edso. Proyecto Bucle es la primera creaci\u00f3n de un grupo de profesionales y artistas que desde Enero a la fecha trabajan en un proceso de residencia e investigaci\u00f3n dentro de la Sala de [&hellip;]","og_url":"https:\/\/dev.antudigital.cl\/sites\/vc\/nuevo-estreno-en-sala-de-artes-escenicas-rodelillo\/","og_site_name":"Valpara\u00ed\u00adso Creativo","article_published_time":"2024-04-30T03:02:31+00:00","article_modified_time":"2024-04-30T03:02:50+00:00","og_image":[{"width":2560,"height":1707,"url":"https:\/\/dev.antudigital.cl\/sites\/vc\/wp-content\/uploads\/2024\/04\/IMG_6202-scaled.jpg","type":"image\/jpeg"}],"author":"Valpara\u00edso Creativo","twitter_card":"summary_large_image","twitter_misc":{"Escrito por":"Valpara\u00edso Creativo","Tiempo de lectura":"2 minutos"},"schema":{"@context":"https:\/\/schema.org","@graph":[{"@type":"Article","@id":"https:\/\/dev.antudigital.cl\/sites\/vc\/nuevo-estreno-en-sala-de-artes-escenicas-rodelillo\/#article","isPartOf":{"@id":"https:\/\/dev.antudigital.cl\/sites\/vc\/nuevo-estreno-en-sala-de-artes-escenicas-rodelillo\/"},"author":{"name":"Valpara\u00edso Creativo","@id":"https:\/\/dev.antudigital.cl\/sites\/vc\/#\/schema\/person\/c2b9da8dd545e27166fc5ab232837318"},"headline":"Nuevo estreno en Sala de Artes Esc\u00e9nicas Rodelillo","datePublished":"2024-04-30T03:02:31+00:00","dateModified":"2024-04-30T03:02:50+00:00","mainEntityOfPage":{"@id":"https:\/\/dev.antudigital.cl\/sites\/vc\/nuevo-estreno-en-sala-de-artes-escenicas-rodelillo\/"},"wordCount":390,"image":{"@id":"https:\/\/dev.antudigital.cl\/sites\/vc\/nuevo-estreno-en-sala-de-artes-escenicas-rodelillo\/#primaryimage"},"thumbnailUrl":"https:\/\/dev.antudigital.cl\/sites\/vc\/wp-content\/uploads\/2024\/04\/IMG_6202-scaled.jpg","articleSection":["Noticia"],"inLanguage":"es"},{"@type":"WebPage","@id":"https:\/\/dev.antudigital.cl\/sites\/vc\/nuevo-estreno-en-sala-de-artes-escenicas-rodelillo\/","url":"https:\/\/dev.antudigital.cl\/sites\/vc\/nuevo-estreno-en-sala-de-artes-escenicas-rodelillo\/","name":"Nuevo estreno en Sala de Artes Esc\u00e9nicas Rodelillo - Valpara\u00ed\u00adso Creativo","isPartOf":{"@id":"https:\/\/dev.antudigital.cl\/sites\/vc\/#website"},"primaryImageOfPage":{"@id":"https:\/\/dev.antudigital.cl\/sites\/vc\/nuevo-estreno-en-sala-de-artes-escenicas-rodelillo\/#primaryimage"},"image":{"@id":"https:\/\/dev.antudigital.cl\/sites\/vc\/nuevo-estreno-en-sala-de-artes-escenicas-rodelillo\/#primaryimage"},"thumbnailUrl":"https:\/\/dev.antudigital.cl\/sites\/vc\/wp-content\/uploads\/2024\/04\/IMG_6202-scaled.jpg","datePublished":"2024-04-30T03:02:31+00:00","dateModified":"2024-04-30T03:02:50+00:00","author":{"@id":"https:\/\/dev.antudigital.cl\/sites\/vc\/#\/schema\/person\/c2b9da8dd545e27166fc5ab232837318"},"breadcrumb":{"@id":"https:\/\/dev.antudigital.cl\/sites\/vc\/nuevo-estreno-en-sala-de-artes-escenicas-rodelillo\/#breadcrumb"},"inLanguage":"es","potentialAction":[{"@type":"ReadAction","target":["https:\/\/dev.antudigital.cl\/sites\/vc\/nuevo-estreno-en-sala-de-artes-escenicas-rodelillo\/"]}]},{"@type":"ImageObject","inLanguage":"es","@id":"https:\/\/dev.antudigital.cl\/sites\/vc\/nuevo-estreno-en-sala-de-artes-escenicas-rodelillo\/#primaryimage","url":"https:\/\/dev.antudigital.cl\/sites\/vc\/wp-content\/uploads\/2024\/04\/IMG_6202-scaled.jpg","contentUrl":"https:\/\/dev.antudigital.cl\/sites\/vc\/wp-content\/uploads\/2024\/04\/IMG_6202-scaled.jpg","width":2560,"height":1707},{"@type":"BreadcrumbList","@id":"https:\/\/dev.antudigital.cl\/sites\/vc\/nuevo-estreno-en-sala-de-artes-escenicas-rodelillo\/#breadcrumb","itemListElement":[{"@type":"ListItem","position":1,"name":"Home","item":"https:\/\/dev.antudigital.cl\/sites\/vc\/"},{"@type":"ListItem","position":2,"name":"Nuevo estreno en Sala de Artes Esc\u00e9nicas Rodelillo"}]},{"@type":"WebSite","@id":"https:\/\/dev.antudigital.cl\/sites\/vc\/#website","url":"https:\/\/dev.antudigital.cl\/sites\/vc\/","name":"Valpara\u00ed\u00adso Creativo","description":"","potentialAction":[{"@type":"SearchAction","target":{"@type":"EntryPoint","urlTemplate":"https:\/\/dev.antudigital.cl\/sites\/vc\/?s={search_term_string}"},"query-input":{"@type":"PropertyValueSpecification","valueRequired":true,"valueName":"search_term_string"}}],"inLanguage":"es"},{"@type":"Person","@id":"https:\/\/dev.antudigital.cl\/sites\/vc\/#\/schema\/person\/c2b9da8dd545e27166fc5ab232837318","name":"Valpara\u00edso Creativo","description":"Periodista de cultura en la Regi\u00f3n de Valpara\u00edso.","url":"https:\/\/dev.antudigital.cl\/sites\/vc\/author\/valpoadmin\/"}]}},"_links":{"self":[{"href":"https:\/\/dev.antudigital.cl\/sites\/vc\/wp-json\/wp\/v2\/posts\/19004","targetHints":{"allow":["GET"]}}],"collection":[{"href":"https:\/\/dev.antudigital.cl\/sites\/vc\/wp-json\/wp\/v2\/posts"}],"about":[{"href":"https:\/\/dev.antudigital.cl\/sites\/vc\/wp-json\/wp\/v2\/types\/post"}],"author":[{"embeddable":true,"href":"https:\/\/dev.antudigital.cl\/sites\/vc\/wp-json\/wp\/v2\/users\/1"}],"replies":[{"embeddable":true,"href":"https:\/\/dev.antudigital.cl\/sites\/vc\/wp-json\/wp\/v2\/comments?post=19004"}],"version-history":[{"count":1,"href":"https:\/\/dev.antudigital.cl\/sites\/vc\/wp-json\/wp\/v2\/posts\/19004\/revisions"}],"predecessor-version":[{"id":19007,"href":"https:\/\/dev.antudigital.cl\/sites\/vc\/wp-json\/wp\/v2\/posts\/19004\/revisions\/19007"}],"wp:featuredmedia":[{"embeddable":true,"href":"https:\/\/dev.antudigital.cl\/sites\/vc\/wp-json\/wp\/v2\/media\/19005"}],"wp:attachment":[{"href":"https:\/\/dev.antudigital.cl\/sites\/vc\/wp-json\/wp\/v2\/media?parent=19004"}],"wp:term":[{"taxonomy":"category","embeddable":true,"href":"https:\/\/dev.antudigital.cl\/sites\/vc\/wp-json\/wp\/v2\/categories?post=19004"},{"taxonomy":"post_tag","embeddable":true,"href":"https:\/\/dev.antudigital.cl\/sites\/vc\/wp-json\/wp\/v2\/tags?post=19004"}],"curies":[{"name":"wp","href":"https:\/\/api.w.org\/{rel}","templated":true}]}}