{"id":19008,"date":"2024-04-30T03:08:07","date_gmt":"2024-04-30T03:08:07","guid":{"rendered":"https:\/\/www.valparaisocreativo.cl\/?p=19008"},"modified":"2024-04-30T03:08:26","modified_gmt":"2024-04-30T03:08:26","slug":"vuelven-los-premios-literarios","status":"publish","type":"post","link":"https:\/\/dev.antudigital.cl\/sites\/vc\/vuelven-los-premios-literarios\/","title":{"rendered":"Vuelven los Premios Literarios"},"content":{"rendered":"\n<p>&#x1f4c5; Del 26 de abril al 30 de mayo, tienes la oportunidad de postular tus obras publicadas e in\u00e9ditas en las ocho categor\u00edas que premian lo mejor de la creaci\u00f3n literaria nacional. \u00a1Prep\u00e1rate para brillar!<\/p>\n\n\n\n<p>&#x1f517; \u00bfC\u00f3mo participar? Es f\u00e1cil, solo visita www.premiosliterarios.cultura.gob.cl y sigue las instrucciones para inscribirte.<\/p>\n\n\n\n<figure class=\"wp-block-image size-full\"><img fetchpriority=\"high\" decoding=\"async\" width=\"628\" height=\"628\" src=\"https:\/\/www.valparaisocreativo.cl\/wp-content\/uploads\/2024\/04\/Captura-de-Pantalla-2024-04-29-a-las-23.07.11.png\" alt=\"\" class=\"wp-image-19009\" srcset=\"https:\/\/dev.antudigital.cl\/sites\/vc\/wp-content\/uploads\/2024\/04\/Captura-de-Pantalla-2024-04-29-a-las-23.07.11.png 628w, https:\/\/dev.antudigital.cl\/sites\/vc\/wp-content\/uploads\/2024\/04\/Captura-de-Pantalla-2024-04-29-a-las-23.07.11-300x300.png 300w, https:\/\/dev.antudigital.cl\/sites\/vc\/wp-content\/uploads\/2024\/04\/Captura-de-Pantalla-2024-04-29-a-las-23.07.11-150x150.png 150w, https:\/\/dev.antudigital.cl\/sites\/vc\/wp-content\/uploads\/2024\/04\/Captura-de-Pantalla-2024-04-29-a-las-23.07.11-480x480.png 480w, https:\/\/dev.antudigital.cl\/sites\/vc\/wp-content\/uploads\/2024\/04\/Captura-de-Pantalla-2024-04-29-a-las-23.07.11-24x24.png 24w, https:\/\/dev.antudigital.cl\/sites\/vc\/wp-content\/uploads\/2024\/04\/Captura-de-Pantalla-2024-04-29-a-las-23.07.11-36x36.png 36w, https:\/\/dev.antudigital.cl\/sites\/vc\/wp-content\/uploads\/2024\/04\/Captura-de-Pantalla-2024-04-29-a-las-23.07.11-48x48.png 48w\" sizes=\"(max-width: 628px) 100vw, 628px\" \/><\/figure>\n","protected":false},"excerpt":{"rendered":"<p>&#x1f4c5; Del 26 de abril al 30 de mayo, tienes la oportunidad de postular tus obras publicadas e in\u00e9ditas en las ocho categor\u00edas que premian lo mejor de la creaci\u00f3n literaria nacional. \u00a1Prep\u00e1rate para brillar! &#x1f517; \u00bfC\u00f3mo participar? Es f\u00e1cil, solo visita www.premiosliterarios.cultura.gob.cl y sigue las instrucciones para inscribirte.<\/p>\n","protected":false},"author":1,"featured_media":0,"comment_status":"closed","ping_status":"closed","sticky":false,"template":"","format":"standard","meta":{"_acf_changed":false,"footnotes":""},"categories":[1],"tags":[],"class_list":["post-19008","post","type-post","status-publish","format-standard","hentry","category-uncategorized"],"acf":[],"yoast_head":"<!-- This site is optimized with the Yoast SEO plugin v27.1.1 - https:\/\/yoast.com\/product\/yoast-seo-wordpress\/ -->\n<title>Vuelven los Premios Literarios - Valpara\u00ed\u00adso Creativo<\/title>\n<meta name=\"robots\" content=\"index, follow, max-snippet:-1, max-image-preview:large, max-video-preview:-1\" \/>\n<link rel=\"canonical\" href=\"https:\/\/dev.antudigital.cl\/sites\/vc\/vuelven-los-premios-literarios\/\" \/>\n<meta property=\"og:locale\" content=\"es_ES\" \/>\n<meta property=\"og:type\" content=\"article\" \/>\n<meta property=\"og:title\" content=\"Vuelven los Premios Literarios - Valpara\u00ed\u00adso Creativo\" \/>\n<meta property=\"og:description\" content=\"&#x1f4c5; Del 26 de abril al 30 de mayo, tienes la oportunidad de postular tus obras publicadas e in\u00e9ditas en las ocho categor\u00edas que premian lo mejor de la creaci\u00f3n literaria nacional. \u00a1Prep\u00e1rate para brillar! &#x1f517; \u00bfC\u00f3mo participar? Es f\u00e1cil, solo visita www.premiosliterarios.cultura.gob.cl y sigue las instrucciones para inscribirte.\" \/>\n<meta property=\"og:url\" content=\"https:\/\/dev.antudigital.cl\/sites\/vc\/vuelven-los-premios-literarios\/\" \/>\n<meta property=\"og:site_name\" content=\"Valpara\u00ed\u00adso Creativo\" \/>\n<meta property=\"article:published_time\" content=\"2024-04-30T03:08:07+00:00\" \/>\n<meta property=\"article:modified_time\" content=\"2024-04-30T03:08:26+00:00\" \/>\n<meta property=\"og:image\" content=\"https:\/\/www.valparaisocreativo.cl\/wp-content\/uploads\/2024\/04\/Captura-de-Pantalla-2024-04-29-a-las-23.07.11.png\" \/>\n<meta name=\"author\" content=\"Valpara\u00edso Creativo\" \/>\n<meta name=\"twitter:card\" content=\"summary_large_image\" \/>\n<meta name=\"twitter:label1\" content=\"Escrito por\" \/>\n\t<meta name=\"twitter:data1\" content=\"Valpara\u00edso Creativo\" \/>\n\t<meta name=\"twitter:label2\" content=\"Tiempo de lectura\" \/>\n\t<meta name=\"twitter:data2\" content=\"1 minuto\" \/>\n<script type=\"application\/ld+json\" class=\"yoast-schema-graph\">{\"@context\":\"https:\/\/schema.org\",\"@graph\":[{\"@type\":\"Article\",\"@id\":\"https:\/\/dev.antudigital.cl\/sites\/vc\/vuelven-los-premios-literarios\/#article\",\"isPartOf\":{\"@id\":\"https:\/\/dev.antudigital.cl\/sites\/vc\/vuelven-los-premios-literarios\/\"},\"author\":{\"name\":\"Valpara\u00edso Creativo\",\"@id\":\"https:\/\/dev.antudigital.cl\/sites\/vc\/#\/schema\/person\/c2b9da8dd545e27166fc5ab232837318\"},\"headline\":\"Vuelven los Premios Literarios\",\"datePublished\":\"2024-04-30T03:08:07+00:00\",\"dateModified\":\"2024-04-30T03:08:26+00:00\",\"mainEntityOfPage\":{\"@id\":\"https:\/\/dev.antudigital.cl\/sites\/vc\/vuelven-los-premios-literarios\/\"},\"wordCount\":64,\"image\":{\"@id\":\"https:\/\/dev.antudigital.cl\/sites\/vc\/vuelven-los-premios-literarios\/#primaryimage\"},\"thumbnailUrl\":\"https:\/\/www.valparaisocreativo.cl\/wp-content\/uploads\/2024\/04\/Captura-de-Pantalla-2024-04-29-a-las-23.07.11.png\",\"articleSection\":[\"Uncategorized\"],\"inLanguage\":\"es\"},{\"@type\":\"WebPage\",\"@id\":\"https:\/\/dev.antudigital.cl\/sites\/vc\/vuelven-los-premios-literarios\/\",\"url\":\"https:\/\/dev.antudigital.cl\/sites\/vc\/vuelven-los-premios-literarios\/\",\"name\":\"Vuelven los Premios Literarios - Valpara\u00ed\u00adso Creativo\",\"isPartOf\":{\"@id\":\"https:\/\/dev.antudigital.cl\/sites\/vc\/#website\"},\"primaryImageOfPage\":{\"@id\":\"https:\/\/dev.antudigital.cl\/sites\/vc\/vuelven-los-premios-literarios\/#primaryimage\"},\"image\":{\"@id\":\"https:\/\/dev.antudigital.cl\/sites\/vc\/vuelven-los-premios-literarios\/#primaryimage\"},\"thumbnailUrl\":\"https:\/\/www.valparaisocreativo.cl\/wp-content\/uploads\/2024\/04\/Captura-de-Pantalla-2024-04-29-a-las-23.07.11.png\",\"datePublished\":\"2024-04-30T03:08:07+00:00\",\"dateModified\":\"2024-04-30T03:08:26+00:00\",\"author\":{\"@id\":\"https:\/\/dev.antudigital.cl\/sites\/vc\/#\/schema\/person\/c2b9da8dd545e27166fc5ab232837318\"},\"breadcrumb\":{\"@id\":\"https:\/\/dev.antudigital.cl\/sites\/vc\/vuelven-los-premios-literarios\/#breadcrumb\"},\"inLanguage\":\"es\",\"potentialAction\":[{\"@type\":\"ReadAction\",\"target\":[\"https:\/\/dev.antudigital.cl\/sites\/vc\/vuelven-los-premios-literarios\/\"]}]},{\"@type\":\"ImageObject\",\"inLanguage\":\"es\",\"@id\":\"https:\/\/dev.antudigital.cl\/sites\/vc\/vuelven-los-premios-literarios\/#primaryimage\",\"url\":\"https:\/\/www.valparaisocreativo.cl\/wp-content\/uploads\/2024\/04\/Captura-de-Pantalla-2024-04-29-a-las-23.07.11.png\",\"contentUrl\":\"https:\/\/www.valparaisocreativo.cl\/wp-content\/uploads\/2024\/04\/Captura-de-Pantalla-2024-04-29-a-las-23.07.11.png\"},{\"@type\":\"BreadcrumbList\",\"@id\":\"https:\/\/dev.antudigital.cl\/sites\/vc\/vuelven-los-premios-literarios\/#breadcrumb\",\"itemListElement\":[{\"@type\":\"ListItem\",\"position\":1,\"name\":\"Home\",\"item\":\"https:\/\/dev.antudigital.cl\/sites\/vc\/\"},{\"@type\":\"ListItem\",\"position\":2,\"name\":\"Vuelven los Premios Literarios\"}]},{\"@type\":\"WebSite\",\"@id\":\"https:\/\/dev.antudigital.cl\/sites\/vc\/#website\",\"url\":\"https:\/\/dev.antudigital.cl\/sites\/vc\/\",\"name\":\"Valpara\u00ed\u00adso Creativo\",\"description\":\"\",\"potentialAction\":[{\"@type\":\"SearchAction\",\"target\":{\"@type\":\"EntryPoint\",\"urlTemplate\":\"https:\/\/dev.antudigital.cl\/sites\/vc\/?s={search_term_string}\"},\"query-input\":{\"@type\":\"PropertyValueSpecification\",\"valueRequired\":true,\"valueName\":\"search_term_string\"}}],\"inLanguage\":\"es\"},{\"@type\":\"Person\",\"@id\":\"https:\/\/dev.antudigital.cl\/sites\/vc\/#\/schema\/person\/c2b9da8dd545e27166fc5ab232837318\",\"name\":\"Valpara\u00edso Creativo\",\"description\":\"Periodista de cultura en la Regi\u00f3n de Valpara\u00edso.\",\"url\":\"https:\/\/dev.antudigital.cl\/sites\/vc\/author\/valpoadmin\/\"}]}<\/script>\n<!-- \/ Yoast SEO plugin. -->","yoast_head_json":{"title":"Vuelven los Premios Literarios - Valpara\u00ed\u00adso Creativo","robots":{"index":"index","follow":"follow","max-snippet":"max-snippet:-1","max-image-preview":"max-image-preview:large","max-video-preview":"max-video-preview:-1"},"canonical":"https:\/\/dev.antudigital.cl\/sites\/vc\/vuelven-los-premios-literarios\/","og_locale":"es_ES","og_type":"article","og_title":"Vuelven los Premios Literarios - Valpara\u00ed\u00adso Creativo","og_description":"&#x1f4c5; Del 26 de abril al 30 de mayo, tienes la oportunidad de postular tus obras publicadas e in\u00e9ditas en las ocho categor\u00edas que premian lo mejor de la creaci\u00f3n literaria nacional. \u00a1Prep\u00e1rate para brillar! &#x1f517; \u00bfC\u00f3mo participar? Es f\u00e1cil, solo visita www.premiosliterarios.cultura.gob.cl y sigue las instrucciones para inscribirte.","og_url":"https:\/\/dev.antudigital.cl\/sites\/vc\/vuelven-los-premios-literarios\/","og_site_name":"Valpara\u00ed\u00adso Creativo","article_published_time":"2024-04-30T03:08:07+00:00","article_modified_time":"2024-04-30T03:08:26+00:00","og_image":[{"url":"https:\/\/www.valparaisocreativo.cl\/wp-content\/uploads\/2024\/04\/Captura-de-Pantalla-2024-04-29-a-las-23.07.11.png","type":"","width":"","height":""}],"author":"Valpara\u00edso Creativo","twitter_card":"summary_large_image","twitter_misc":{"Escrito por":"Valpara\u00edso Creativo","Tiempo de lectura":"1 minuto"},"schema":{"@context":"https:\/\/schema.org","@graph":[{"@type":"Article","@id":"https:\/\/dev.antudigital.cl\/sites\/vc\/vuelven-los-premios-literarios\/#article","isPartOf":{"@id":"https:\/\/dev.antudigital.cl\/sites\/vc\/vuelven-los-premios-literarios\/"},"author":{"name":"Valpara\u00edso Creativo","@id":"https:\/\/dev.antudigital.cl\/sites\/vc\/#\/schema\/person\/c2b9da8dd545e27166fc5ab232837318"},"headline":"Vuelven los Premios Literarios","datePublished":"2024-04-30T03:08:07+00:00","dateModified":"2024-04-30T03:08:26+00:00","mainEntityOfPage":{"@id":"https:\/\/dev.antudigital.cl\/sites\/vc\/vuelven-los-premios-literarios\/"},"wordCount":64,"image":{"@id":"https:\/\/dev.antudigital.cl\/sites\/vc\/vuelven-los-premios-literarios\/#primaryimage"},"thumbnailUrl":"https:\/\/www.valparaisocreativo.cl\/wp-content\/uploads\/2024\/04\/Captura-de-Pantalla-2024-04-29-a-las-23.07.11.png","articleSection":["Uncategorized"],"inLanguage":"es"},{"@type":"WebPage","@id":"https:\/\/dev.antudigital.cl\/sites\/vc\/vuelven-los-premios-literarios\/","url":"https:\/\/dev.antudigital.cl\/sites\/vc\/vuelven-los-premios-literarios\/","name":"Vuelven los Premios Literarios - Valpara\u00ed\u00adso Creativo","isPartOf":{"@id":"https:\/\/dev.antudigital.cl\/sites\/vc\/#website"},"primaryImageOfPage":{"@id":"https:\/\/dev.antudigital.cl\/sites\/vc\/vuelven-los-premios-literarios\/#primaryimage"},"image":{"@id":"https:\/\/dev.antudigital.cl\/sites\/vc\/vuelven-los-premios-literarios\/#primaryimage"},"thumbnailUrl":"https:\/\/www.valparaisocreativo.cl\/wp-content\/uploads\/2024\/04\/Captura-de-Pantalla-2024-04-29-a-las-23.07.11.png","datePublished":"2024-04-30T03:08:07+00:00","dateModified":"2024-04-30T03:08:26+00:00","author":{"@id":"https:\/\/dev.antudigital.cl\/sites\/vc\/#\/schema\/person\/c2b9da8dd545e27166fc5ab232837318"},"breadcrumb":{"@id":"https:\/\/dev.antudigital.cl\/sites\/vc\/vuelven-los-premios-literarios\/#breadcrumb"},"inLanguage":"es","potentialAction":[{"@type":"ReadAction","target":["https:\/\/dev.antudigital.cl\/sites\/vc\/vuelven-los-premios-literarios\/"]}]},{"@type":"ImageObject","inLanguage":"es","@id":"https:\/\/dev.antudigital.cl\/sites\/vc\/vuelven-los-premios-literarios\/#primaryimage","url":"https:\/\/www.valparaisocreativo.cl\/wp-content\/uploads\/2024\/04\/Captura-de-Pantalla-2024-04-29-a-las-23.07.11.png","contentUrl":"https:\/\/www.valparaisocreativo.cl\/wp-content\/uploads\/2024\/04\/Captura-de-Pantalla-2024-04-29-a-las-23.07.11.png"},{"@type":"BreadcrumbList","@id":"https:\/\/dev.antudigital.cl\/sites\/vc\/vuelven-los-premios-literarios\/#breadcrumb","itemListElement":[{"@type":"ListItem","position":1,"name":"Home","item":"https:\/\/dev.antudigital.cl\/sites\/vc\/"},{"@type":"ListItem","position":2,"name":"Vuelven los Premios Literarios"}]},{"@type":"WebSite","@id":"https:\/\/dev.antudigital.cl\/sites\/vc\/#website","url":"https:\/\/dev.antudigital.cl\/sites\/vc\/","name":"Valpara\u00ed\u00adso Creativo","description":"","potentialAction":[{"@type":"SearchAction","target":{"@type":"EntryPoint","urlTemplate":"https:\/\/dev.antudigital.cl\/sites\/vc\/?s={search_term_string}"},"query-input":{"@type":"PropertyValueSpecification","valueRequired":true,"valueName":"search_term_string"}}],"inLanguage":"es"},{"@type":"Person","@id":"https:\/\/dev.antudigital.cl\/sites\/vc\/#\/schema\/person\/c2b9da8dd545e27166fc5ab232837318","name":"Valpara\u00edso Creativo","description":"Periodista de cultura en la Regi\u00f3n de Valpara\u00edso.","url":"https:\/\/dev.antudigital.cl\/sites\/vc\/author\/valpoadmin\/"}]}},"_links":{"self":[{"href":"https:\/\/dev.antudigital.cl\/sites\/vc\/wp-json\/wp\/v2\/posts\/19008","targetHints":{"allow":["GET"]}}],"collection":[{"href":"https:\/\/dev.antudigital.cl\/sites\/vc\/wp-json\/wp\/v2\/posts"}],"about":[{"href":"https:\/\/dev.antudigital.cl\/sites\/vc\/wp-json\/wp\/v2\/types\/post"}],"author":[{"embeddable":true,"href":"https:\/\/dev.antudigital.cl\/sites\/vc\/wp-json\/wp\/v2\/users\/1"}],"replies":[{"embeddable":true,"href":"https:\/\/dev.antudigital.cl\/sites\/vc\/wp-json\/wp\/v2\/comments?post=19008"}],"version-history":[{"count":1,"href":"https:\/\/dev.antudigital.cl\/sites\/vc\/wp-json\/wp\/v2\/posts\/19008\/revisions"}],"predecessor-version":[{"id":19010,"href":"https:\/\/dev.antudigital.cl\/sites\/vc\/wp-json\/wp\/v2\/posts\/19008\/revisions\/19010"}],"wp:attachment":[{"href":"https:\/\/dev.antudigital.cl\/sites\/vc\/wp-json\/wp\/v2\/media?parent=19008"}],"wp:term":[{"taxonomy":"category","embeddable":true,"href":"https:\/\/dev.antudigital.cl\/sites\/vc\/wp-json\/wp\/v2\/categories?post=19008"},{"taxonomy":"post_tag","embeddable":true,"href":"https:\/\/dev.antudigital.cl\/sites\/vc\/wp-json\/wp\/v2\/tags?post=19008"}],"curies":[{"name":"wp","href":"https:\/\/api.w.org\/{rel}","templated":true}]}}