{"id":19012,"date":"2024-04-30T03:19:13","date_gmt":"2024-04-30T03:19:13","guid":{"rendered":"https:\/\/www.valparaisocreativo.cl\/?p=19012"},"modified":"2024-04-30T19:56:08","modified_gmt":"2024-04-30T19:56:08","slug":"valparaiso-creativo-apoya-el-proyecto-de-trenzando-y-efe-para-la-promocion-de-productos-y-servicios-creativos-en-el-interior-de-la-region-de-valparaiso","status":"publish","type":"post","link":"https:\/\/dev.antudigital.cl\/sites\/vc\/valparaiso-creativo-apoya-el-proyecto-de-trenzando-y-efe-para-la-promocion-de-productos-y-servicios-creativos-en-el-interior-de-la-region-de-valparaiso\/","title":{"rendered":"Valpara\u00edso Creativo apoya el proyecto de Trenzando y EFE para\u00a0 la promoci\u00f3n de productos y servicios creativos en el interior de la Regi\u00f3n de Valpara\u00edso"},"content":{"rendered":"\n<h2 class=\"wp-block-heading\">A trav\u00e9s del Comit\u00e9 Gestor de Patrimonio de Valpara\u00edso Creativo, del que el Instituto es parte, la&nbsp;<a href=\"https:\/\/www.trenzando.com\/\" target=\"_blank\" rel=\"noreferrer noopener\">Fundaci\u00f3n Trenzando<\/a>&nbsp;postul\u00f3 a financiamiento del dise\u00f1o de una ruta&nbsp;de actividades tur\u00edsticas para los pasajeros del tren del recuerdo que visitar\u00e1n el interior de la regi\u00f3n.<\/h2>\n\n\n\n<figure class=\"wp-block-image size-large\"><img fetchpriority=\"high\" decoding=\"async\" width=\"1024\" height=\"768\" src=\"https:\/\/www.valparaisocreativo.cl\/wp-content\/uploads\/2024\/04\/WhatsApp-Image-2024-04-26-at-16.41.12-1024x768.jpeg\" alt=\"\" class=\"wp-image-19014\" srcset=\"https:\/\/dev.antudigital.cl\/sites\/vc\/wp-content\/uploads\/2024\/04\/WhatsApp-Image-2024-04-26-at-16.41.12-1024x768.jpeg 1024w, https:\/\/dev.antudigital.cl\/sites\/vc\/wp-content\/uploads\/2024\/04\/WhatsApp-Image-2024-04-26-at-16.41.12-300x225.jpeg 300w, https:\/\/dev.antudigital.cl\/sites\/vc\/wp-content\/uploads\/2024\/04\/WhatsApp-Image-2024-04-26-at-16.41.12-768x576.jpeg 768w, https:\/\/dev.antudigital.cl\/sites\/vc\/wp-content\/uploads\/2024\/04\/WhatsApp-Image-2024-04-26-at-16.41.12-1536x1152.jpeg 1536w, https:\/\/dev.antudigital.cl\/sites\/vc\/wp-content\/uploads\/2024\/04\/WhatsApp-Image-2024-04-26-at-16.41.12-510x382.jpeg 510w, https:\/\/dev.antudigital.cl\/sites\/vc\/wp-content\/uploads\/2024\/04\/WhatsApp-Image-2024-04-26-at-16.41.12-1080x810.jpeg 1080w, https:\/\/dev.antudigital.cl\/sites\/vc\/wp-content\/uploads\/2024\/04\/WhatsApp-Image-2024-04-26-at-16.41.12-1280x960.jpeg 1280w, https:\/\/dev.antudigital.cl\/sites\/vc\/wp-content\/uploads\/2024\/04\/WhatsApp-Image-2024-04-26-at-16.41.12-980x735.jpeg 980w, https:\/\/dev.antudigital.cl\/sites\/vc\/wp-content\/uploads\/2024\/04\/WhatsApp-Image-2024-04-26-at-16.41.12-480x360.jpeg 480w, https:\/\/dev.antudigital.cl\/sites\/vc\/wp-content\/uploads\/2024\/04\/WhatsApp-Image-2024-04-26-at-16.41.12-24x18.jpeg 24w, https:\/\/dev.antudigital.cl\/sites\/vc\/wp-content\/uploads\/2024\/04\/WhatsApp-Image-2024-04-26-at-16.41.12-36x27.jpeg 36w, https:\/\/dev.antudigital.cl\/sites\/vc\/wp-content\/uploads\/2024\/04\/WhatsApp-Image-2024-04-26-at-16.41.12-48x36.jpeg 48w, https:\/\/dev.antudigital.cl\/sites\/vc\/wp-content\/uploads\/2024\/04\/WhatsApp-Image-2024-04-26-at-16.41.12.jpeg 1600w\" sizes=\"(max-width: 1024px) 100vw, 1024px\" \/><\/figure>\n\n\n\n<p><a href=\"https:\/\/www.trenzando.com\/\" target=\"_blank\" rel=\"noreferrer noopener\">Trenzando<\/a>, en conjunto con la corporaci\u00f3n de turismo de Hijuelas y en coordinaci\u00f3n con EFE,&nbsp;proponen rutas de turismo especializado para activar y articular la econom\u00eda creativa de las comunas que componen este recorrido: Ocoa, Llay-Llay, Catemu en la Regi\u00f3n de Valpara\u00edso, y Rungue en la Regi\u00f3n Metropolitana.<\/p>\n\n\n\n<p><em>\u201cNos encontramos financiando un proyecto para Trenzando con los trenes tur\u00edsticos culturales de EFE\u201d<\/em>, menciona<strong>&nbsp;Alexandra Gar\u00edn<\/strong>, quien lleva el proyecto en su rol como Ejecutiva Territorial de Valpara\u00edso Creativo.<\/p>\n\n\n\n<p>En este contexto, el viernes se desarroll\u00f3 un recorrido por&nbsp;Llay-llay, su estaci\u00f3n ferroviaria y Catemu, como pilotaje de lo que ser\u00e1 la actividad del pr\u00f3ximo 1 de junio, cuando salga el tren del recuerdo desde Estaci\u00f3n Central.<\/p>\n\n\n\n<figure class=\"wp-block-image size-large\"><img decoding=\"async\" width=\"1024\" height=\"768\" src=\"https:\/\/www.valparaisocreativo.cl\/wp-content\/uploads\/2024\/04\/WhatsApp-Image-2024-04-26-at-16.34.45-1024x768.jpeg\" alt=\"\" class=\"wp-image-19015\" srcset=\"https:\/\/dev.antudigital.cl\/sites\/vc\/wp-content\/uploads\/2024\/04\/WhatsApp-Image-2024-04-26-at-16.34.45-1024x768.jpeg 1024w, https:\/\/dev.antudigital.cl\/sites\/vc\/wp-content\/uploads\/2024\/04\/WhatsApp-Image-2024-04-26-at-16.34.45-300x225.jpeg 300w, https:\/\/dev.antudigital.cl\/sites\/vc\/wp-content\/uploads\/2024\/04\/WhatsApp-Image-2024-04-26-at-16.34.45-768x576.jpeg 768w, https:\/\/dev.antudigital.cl\/sites\/vc\/wp-content\/uploads\/2024\/04\/WhatsApp-Image-2024-04-26-at-16.34.45-1536x1152.jpeg 1536w, https:\/\/dev.antudigital.cl\/sites\/vc\/wp-content\/uploads\/2024\/04\/WhatsApp-Image-2024-04-26-at-16.34.45-510x382.jpeg 510w, https:\/\/dev.antudigital.cl\/sites\/vc\/wp-content\/uploads\/2024\/04\/WhatsApp-Image-2024-04-26-at-16.34.45-1080x810.jpeg 1080w, https:\/\/dev.antudigital.cl\/sites\/vc\/wp-content\/uploads\/2024\/04\/WhatsApp-Image-2024-04-26-at-16.34.45-1280x960.jpeg 1280w, https:\/\/dev.antudigital.cl\/sites\/vc\/wp-content\/uploads\/2024\/04\/WhatsApp-Image-2024-04-26-at-16.34.45-980x735.jpeg 980w, https:\/\/dev.antudigital.cl\/sites\/vc\/wp-content\/uploads\/2024\/04\/WhatsApp-Image-2024-04-26-at-16.34.45-480x360.jpeg 480w, https:\/\/dev.antudigital.cl\/sites\/vc\/wp-content\/uploads\/2024\/04\/WhatsApp-Image-2024-04-26-at-16.34.45-24x18.jpeg 24w, https:\/\/dev.antudigital.cl\/sites\/vc\/wp-content\/uploads\/2024\/04\/WhatsApp-Image-2024-04-26-at-16.34.45-36x27.jpeg 36w, https:\/\/dev.antudigital.cl\/sites\/vc\/wp-content\/uploads\/2024\/04\/WhatsApp-Image-2024-04-26-at-16.34.45-48x36.jpeg 48w, https:\/\/dev.antudigital.cl\/sites\/vc\/wp-content\/uploads\/2024\/04\/WhatsApp-Image-2024-04-26-at-16.34.45.jpeg 1600w\" sizes=\"(max-width: 1024px) 100vw, 1024px\" \/><\/figure>\n\n\n\n<p>\u201c<em>Con el programa Trenzando ya tenemos una relaci\u00f3n consolidada en el tiempo y con muy buenos resultados. Agradezco la oportunidad que Valpara\u00edso Creativo y Trenzando nos entregan de vivir la experiencia del Tren del Recuerdo y poder observar en primera persona el aporte al turismo que dicho tren realiza para nuestro pa\u00eds. Desde ARCOS seguiremos aportando a que eso contin\u00fae ocurriendo<\/em>\u201d, indic\u00f3&nbsp;<strong>Tom\u00e1s Albagly<\/strong>, director regional de I.P. ARCOS, que adem\u00e1s es el presidente del Comit\u00e9 Ejecutivo de&nbsp;<a href=\"https:\/\/www.valparaisocreativo.cl\/\" target=\"_blank\" rel=\"noreferrer noopener\">Valpara\u00edso Creativo<\/a>, en un claro respaldo de estas activaciones en torno al patrimonio ferroviario.<\/p>\n\n\n\n<p>En la visita a Llay-llay, el trayecto incluye primero una muestra fotogr\u00e1fica en la Estaci\u00f3n de Ferrocarril, un recorrido por el centro de la ciudad, incluyendo el teatro y la casa que habit\u00f3 Violeta Parra cuando estuvo casada, para luego trasladarse a una granja educativa con talleres que finalizan con una muestra de cerveza y gastronom\u00eda local.<\/p>\n\n\n\n<p>La segunda opci\u00f3n de este circuito incluye la comuna de Catemu, donde se recorre la Granja Educativa Edelweiss, con una visita guiada a sus huertos y saberes, vinculados al cultivo de plantas medicinales como el Goji. M\u00e1s tarde, almorzar en el restor\u00e1n El Arado y, posteriormente, ir a Eka Chakra, comunidad Krishna que ofrece una experiencia de terapia sonora, conocer sus productos naturales y el huerto org\u00e1nico, adem\u00e1s de la venta de productos locales.<\/p>\n\n\n\n<p>Este recorrido que saldr\u00e1 de Estaci\u00f3n Central estima la visita de 330 pasajeros que podr\u00e1n elegir entre las rutas de Rungue, Catemu, Ocoa y Llay-llay.<\/p>\n\n\n\n<p>Sobre la importancia de esta instancia,&nbsp;<strong>Alexandra Gar\u00edn<\/strong>, de Valpara\u00edso Creativo, comenta que&nbsp;\u201c<em>lo que nosotros aportamos a trav\u00e9s del financiamiento es el dise\u00f1o y la implementaci\u00f3n de un prototipo de una ruta de tren tur\u00edstico cultural que articule ciertos servicios, como creativos que hay en las comunas de Hijuelas con Ocoa, Llay-llay y Tiltil (\u2026) Esto ayuda a diversificar la audiencia de estos trenes tur\u00edsticos. Buscamos articular estos servicios de la comuna y poner en valor esa oferta cultural y creativa que representa a cada territorio<\/em>\u201d.<\/p>\n","protected":false},"excerpt":{"rendered":"<p>A trav\u00e9s del Comit\u00e9 Gestor de Patrimonio de Valpara\u00edso Creativo, del que el Instituto es parte, la&nbsp;Fundaci\u00f3n Trenzando&nbsp;postul\u00f3 a financiamiento del dise\u00f1o de una ruta&nbsp;de actividades tur\u00edsticas para los pasajeros del tren del recuerdo que visitar\u00e1n el interior de la regi\u00f3n. Trenzando, en conjunto con la corporaci\u00f3n de turismo de Hijuelas y en coordinaci\u00f3n con [&hellip;]<\/p>\n","protected":false},"author":1,"featured_media":19013,"comment_status":"closed","ping_status":"closed","sticky":false,"template":"","format":"standard","meta":{"_acf_changed":false,"footnotes":""},"categories":[218],"tags":[],"class_list":["post-19012","post","type-post","status-publish","format-standard","has-post-thumbnail","hentry","category-blog"],"acf":[],"yoast_head":"<!-- This site is optimized with the Yoast SEO plugin v27.1.1 - https:\/\/yoast.com\/product\/yoast-seo-wordpress\/ -->\n<title>Valpara\u00edso Creativo apoya el proyecto de Trenzando y EFE para\u00a0 la promoci\u00f3n de productos y servicios creativos en el interior de la Regi\u00f3n de Valpara\u00edso - Valpara\u00ed\u00adso Creativo<\/title>\n<meta name=\"robots\" content=\"index, follow, max-snippet:-1, max-image-preview:large, max-video-preview:-1\" \/>\n<link rel=\"canonical\" href=\"https:\/\/dev.antudigital.cl\/sites\/vc\/valparaiso-creativo-apoya-el-proyecto-de-trenzando-y-efe-para-la-promocion-de-productos-y-servicios-creativos-en-el-interior-de-la-region-de-valparaiso\/\" \/>\n<meta property=\"og:locale\" content=\"es_ES\" \/>\n<meta property=\"og:type\" content=\"article\" \/>\n<meta property=\"og:title\" content=\"Valpara\u00edso Creativo apoya el proyecto de Trenzando y EFE para\u00a0 la promoci\u00f3n de productos y servicios creativos en el interior de la Regi\u00f3n de Valpara\u00edso - Valpara\u00ed\u00adso Creativo\" \/>\n<meta property=\"og:description\" content=\"A trav\u00e9s del Comit\u00e9 Gestor de Patrimonio de Valpara\u00edso Creativo, del que el Instituto es parte, la&nbsp;Fundaci\u00f3n Trenzando&nbsp;postul\u00f3 a financiamiento del dise\u00f1o de una ruta&nbsp;de actividades tur\u00edsticas para los pasajeros del tren del recuerdo que visitar\u00e1n el interior de la regi\u00f3n. Trenzando, en conjunto con la corporaci\u00f3n de turismo de Hijuelas y en coordinaci\u00f3n con [&hellip;]\" \/>\n<meta property=\"og:url\" content=\"https:\/\/dev.antudigital.cl\/sites\/vc\/valparaiso-creativo-apoya-el-proyecto-de-trenzando-y-efe-para-la-promocion-de-productos-y-servicios-creativos-en-el-interior-de-la-region-de-valparaiso\/\" \/>\n<meta property=\"og:site_name\" content=\"Valpara\u00ed\u00adso Creativo\" \/>\n<meta property=\"article:published_time\" content=\"2024-04-30T03:19:13+00:00\" \/>\n<meta property=\"article:modified_time\" content=\"2024-04-30T19:56:08+00:00\" \/>\n<meta property=\"og:image\" content=\"https:\/\/dev.antudigital.cl\/sites\/vc\/wp-content\/uploads\/2024\/04\/WhatsApp-Image-2024-04-26-at-16.34.08.jpeg\" \/>\n\t<meta property=\"og:image:width\" content=\"1600\" \/>\n\t<meta property=\"og:image:height\" content=\"1200\" \/>\n\t<meta property=\"og:image:type\" content=\"image\/jpeg\" \/>\n<meta name=\"author\" content=\"Valpara\u00edso Creativo\" \/>\n<meta name=\"twitter:card\" content=\"summary_large_image\" \/>\n<meta name=\"twitter:label1\" content=\"Escrito por\" \/>\n\t<meta name=\"twitter:data1\" content=\"Valpara\u00edso Creativo\" \/>\n\t<meta name=\"twitter:label2\" content=\"Tiempo de lectura\" \/>\n\t<meta name=\"twitter:data2\" content=\"3 minutos\" \/>\n<script type=\"application\/ld+json\" class=\"yoast-schema-graph\">{\"@context\":\"https:\/\/schema.org\",\"@graph\":[{\"@type\":\"Article\",\"@id\":\"https:\/\/dev.antudigital.cl\/sites\/vc\/valparaiso-creativo-apoya-el-proyecto-de-trenzando-y-efe-para-la-promocion-de-productos-y-servicios-creativos-en-el-interior-de-la-region-de-valparaiso\/#article\",\"isPartOf\":{\"@id\":\"https:\/\/dev.antudigital.cl\/sites\/vc\/valparaiso-creativo-apoya-el-proyecto-de-trenzando-y-efe-para-la-promocion-de-productos-y-servicios-creativos-en-el-interior-de-la-region-de-valparaiso\/\"},\"author\":{\"name\":\"Valpara\u00edso Creativo\",\"@id\":\"https:\/\/dev.antudigital.cl\/sites\/vc\/#\/schema\/person\/c2b9da8dd545e27166fc5ab232837318\"},\"headline\":\"Valpara\u00edso Creativo apoya el proyecto de Trenzando y EFE para\u00a0 la promoci\u00f3n de productos y servicios creativos en el interior de la Regi\u00f3n de Valpara\u00edso\",\"datePublished\":\"2024-04-30T03:19:13+00:00\",\"dateModified\":\"2024-04-30T19:56:08+00:00\",\"mainEntityOfPage\":{\"@id\":\"https:\/\/dev.antudigital.cl\/sites\/vc\/valparaiso-creativo-apoya-el-proyecto-de-trenzando-y-efe-para-la-promocion-de-productos-y-servicios-creativos-en-el-interior-de-la-region-de-valparaiso\/\"},\"wordCount\":575,\"image\":{\"@id\":\"https:\/\/dev.antudigital.cl\/sites\/vc\/valparaiso-creativo-apoya-el-proyecto-de-trenzando-y-efe-para-la-promocion-de-productos-y-servicios-creativos-en-el-interior-de-la-region-de-valparaiso\/#primaryimage\"},\"thumbnailUrl\":\"https:\/\/dev.antudigital.cl\/sites\/vc\/wp-content\/uploads\/2024\/04\/WhatsApp-Image-2024-04-26-at-16.34.08.jpeg\",\"articleSection\":[\"Blog\"],\"inLanguage\":\"es\"},{\"@type\":\"WebPage\",\"@id\":\"https:\/\/dev.antudigital.cl\/sites\/vc\/valparaiso-creativo-apoya-el-proyecto-de-trenzando-y-efe-para-la-promocion-de-productos-y-servicios-creativos-en-el-interior-de-la-region-de-valparaiso\/\",\"url\":\"https:\/\/dev.antudigital.cl\/sites\/vc\/valparaiso-creativo-apoya-el-proyecto-de-trenzando-y-efe-para-la-promocion-de-productos-y-servicios-creativos-en-el-interior-de-la-region-de-valparaiso\/\",\"name\":\"Valpara\u00edso Creativo apoya el proyecto de Trenzando y EFE para\u00a0 la promoci\u00f3n de productos y servicios creativos en el interior de la Regi\u00f3n de Valpara\u00edso - Valpara\u00ed\u00adso Creativo\",\"isPartOf\":{\"@id\":\"https:\/\/dev.antudigital.cl\/sites\/vc\/#website\"},\"primaryImageOfPage\":{\"@id\":\"https:\/\/dev.antudigital.cl\/sites\/vc\/valparaiso-creativo-apoya-el-proyecto-de-trenzando-y-efe-para-la-promocion-de-productos-y-servicios-creativos-en-el-interior-de-la-region-de-valparaiso\/#primaryimage\"},\"image\":{\"@id\":\"https:\/\/dev.antudigital.cl\/sites\/vc\/valparaiso-creativo-apoya-el-proyecto-de-trenzando-y-efe-para-la-promocion-de-productos-y-servicios-creativos-en-el-interior-de-la-region-de-valparaiso\/#primaryimage\"},\"thumbnailUrl\":\"https:\/\/dev.antudigital.cl\/sites\/vc\/wp-content\/uploads\/2024\/04\/WhatsApp-Image-2024-04-26-at-16.34.08.jpeg\",\"datePublished\":\"2024-04-30T03:19:13+00:00\",\"dateModified\":\"2024-04-30T19:56:08+00:00\",\"author\":{\"@id\":\"https:\/\/dev.antudigital.cl\/sites\/vc\/#\/schema\/person\/c2b9da8dd545e27166fc5ab232837318\"},\"breadcrumb\":{\"@id\":\"https:\/\/dev.antudigital.cl\/sites\/vc\/valparaiso-creativo-apoya-el-proyecto-de-trenzando-y-efe-para-la-promocion-de-productos-y-servicios-creativos-en-el-interior-de-la-region-de-valparaiso\/#breadcrumb\"},\"inLanguage\":\"es\",\"potentialAction\":[{\"@type\":\"ReadAction\",\"target\":[\"https:\/\/dev.antudigital.cl\/sites\/vc\/valparaiso-creativo-apoya-el-proyecto-de-trenzando-y-efe-para-la-promocion-de-productos-y-servicios-creativos-en-el-interior-de-la-region-de-valparaiso\/\"]}]},{\"@type\":\"ImageObject\",\"inLanguage\":\"es\",\"@id\":\"https:\/\/dev.antudigital.cl\/sites\/vc\/valparaiso-creativo-apoya-el-proyecto-de-trenzando-y-efe-para-la-promocion-de-productos-y-servicios-creativos-en-el-interior-de-la-region-de-valparaiso\/#primaryimage\",\"url\":\"https:\/\/dev.antudigital.cl\/sites\/vc\/wp-content\/uploads\/2024\/04\/WhatsApp-Image-2024-04-26-at-16.34.08.jpeg\",\"contentUrl\":\"https:\/\/dev.antudigital.cl\/sites\/vc\/wp-content\/uploads\/2024\/04\/WhatsApp-Image-2024-04-26-at-16.34.08.jpeg\",\"width\":1600,\"height\":1200},{\"@type\":\"BreadcrumbList\",\"@id\":\"https:\/\/dev.antudigital.cl\/sites\/vc\/valparaiso-creativo-apoya-el-proyecto-de-trenzando-y-efe-para-la-promocion-de-productos-y-servicios-creativos-en-el-interior-de-la-region-de-valparaiso\/#breadcrumb\",\"itemListElement\":[{\"@type\":\"ListItem\",\"position\":1,\"name\":\"Home\",\"item\":\"https:\/\/dev.antudigital.cl\/sites\/vc\/\"},{\"@type\":\"ListItem\",\"position\":2,\"name\":\"Valpara\u00edso Creativo apoya el proyecto de Trenzando y EFE para\u00a0 la promoci\u00f3n de productos y servicios creativos en el interior de la Regi\u00f3n de Valpara\u00edso\"}]},{\"@type\":\"WebSite\",\"@id\":\"https:\/\/dev.antudigital.cl\/sites\/vc\/#website\",\"url\":\"https:\/\/dev.antudigital.cl\/sites\/vc\/\",\"name\":\"Valpara\u00ed\u00adso Creativo\",\"description\":\"\",\"potentialAction\":[{\"@type\":\"SearchAction\",\"target\":{\"@type\":\"EntryPoint\",\"urlTemplate\":\"https:\/\/dev.antudigital.cl\/sites\/vc\/?s={search_term_string}\"},\"query-input\":{\"@type\":\"PropertyValueSpecification\",\"valueRequired\":true,\"valueName\":\"search_term_string\"}}],\"inLanguage\":\"es\"},{\"@type\":\"Person\",\"@id\":\"https:\/\/dev.antudigital.cl\/sites\/vc\/#\/schema\/person\/c2b9da8dd545e27166fc5ab232837318\",\"name\":\"Valpara\u00edso Creativo\",\"description\":\"Periodista de cultura en la Regi\u00f3n de Valpara\u00edso.\",\"url\":\"https:\/\/dev.antudigital.cl\/sites\/vc\/author\/valpoadmin\/\"}]}<\/script>\n<!-- \/ Yoast SEO plugin. -->","yoast_head_json":{"title":"Valpara\u00edso Creativo apoya el proyecto de Trenzando y EFE para\u00a0 la promoci\u00f3n de productos y servicios creativos en el interior de la Regi\u00f3n de Valpara\u00edso - Valpara\u00ed\u00adso Creativo","robots":{"index":"index","follow":"follow","max-snippet":"max-snippet:-1","max-image-preview":"max-image-preview:large","max-video-preview":"max-video-preview:-1"},"canonical":"https:\/\/dev.antudigital.cl\/sites\/vc\/valparaiso-creativo-apoya-el-proyecto-de-trenzando-y-efe-para-la-promocion-de-productos-y-servicios-creativos-en-el-interior-de-la-region-de-valparaiso\/","og_locale":"es_ES","og_type":"article","og_title":"Valpara\u00edso Creativo apoya el proyecto de Trenzando y EFE para\u00a0 la promoci\u00f3n de productos y servicios creativos en el interior de la Regi\u00f3n de Valpara\u00edso - Valpara\u00ed\u00adso Creativo","og_description":"A trav\u00e9s del Comit\u00e9 Gestor de Patrimonio de Valpara\u00edso Creativo, del que el Instituto es parte, la&nbsp;Fundaci\u00f3n Trenzando&nbsp;postul\u00f3 a financiamiento del dise\u00f1o de una ruta&nbsp;de actividades tur\u00edsticas para los pasajeros del tren del recuerdo que visitar\u00e1n el interior de la regi\u00f3n. Trenzando, en conjunto con la corporaci\u00f3n de turismo de Hijuelas y en coordinaci\u00f3n con [&hellip;]","og_url":"https:\/\/dev.antudigital.cl\/sites\/vc\/valparaiso-creativo-apoya-el-proyecto-de-trenzando-y-efe-para-la-promocion-de-productos-y-servicios-creativos-en-el-interior-de-la-region-de-valparaiso\/","og_site_name":"Valpara\u00ed\u00adso Creativo","article_published_time":"2024-04-30T03:19:13+00:00","article_modified_time":"2024-04-30T19:56:08+00:00","og_image":[{"width":1600,"height":1200,"url":"https:\/\/dev.antudigital.cl\/sites\/vc\/wp-content\/uploads\/2024\/04\/WhatsApp-Image-2024-04-26-at-16.34.08.jpeg","type":"image\/jpeg"}],"author":"Valpara\u00edso Creativo","twitter_card":"summary_large_image","twitter_misc":{"Escrito por":"Valpara\u00edso Creativo","Tiempo de lectura":"3 minutos"},"schema":{"@context":"https:\/\/schema.org","@graph":[{"@type":"Article","@id":"https:\/\/dev.antudigital.cl\/sites\/vc\/valparaiso-creativo-apoya-el-proyecto-de-trenzando-y-efe-para-la-promocion-de-productos-y-servicios-creativos-en-el-interior-de-la-region-de-valparaiso\/#article","isPartOf":{"@id":"https:\/\/dev.antudigital.cl\/sites\/vc\/valparaiso-creativo-apoya-el-proyecto-de-trenzando-y-efe-para-la-promocion-de-productos-y-servicios-creativos-en-el-interior-de-la-region-de-valparaiso\/"},"author":{"name":"Valpara\u00edso Creativo","@id":"https:\/\/dev.antudigital.cl\/sites\/vc\/#\/schema\/person\/c2b9da8dd545e27166fc5ab232837318"},"headline":"Valpara\u00edso Creativo apoya el proyecto de Trenzando y EFE para\u00a0 la promoci\u00f3n de productos y servicios creativos en el interior de la Regi\u00f3n de Valpara\u00edso","datePublished":"2024-04-30T03:19:13+00:00","dateModified":"2024-04-30T19:56:08+00:00","mainEntityOfPage":{"@id":"https:\/\/dev.antudigital.cl\/sites\/vc\/valparaiso-creativo-apoya-el-proyecto-de-trenzando-y-efe-para-la-promocion-de-productos-y-servicios-creativos-en-el-interior-de-la-region-de-valparaiso\/"},"wordCount":575,"image":{"@id":"https:\/\/dev.antudigital.cl\/sites\/vc\/valparaiso-creativo-apoya-el-proyecto-de-trenzando-y-efe-para-la-promocion-de-productos-y-servicios-creativos-en-el-interior-de-la-region-de-valparaiso\/#primaryimage"},"thumbnailUrl":"https:\/\/dev.antudigital.cl\/sites\/vc\/wp-content\/uploads\/2024\/04\/WhatsApp-Image-2024-04-26-at-16.34.08.jpeg","articleSection":["Blog"],"inLanguage":"es"},{"@type":"WebPage","@id":"https:\/\/dev.antudigital.cl\/sites\/vc\/valparaiso-creativo-apoya-el-proyecto-de-trenzando-y-efe-para-la-promocion-de-productos-y-servicios-creativos-en-el-interior-de-la-region-de-valparaiso\/","url":"https:\/\/dev.antudigital.cl\/sites\/vc\/valparaiso-creativo-apoya-el-proyecto-de-trenzando-y-efe-para-la-promocion-de-productos-y-servicios-creativos-en-el-interior-de-la-region-de-valparaiso\/","name":"Valpara\u00edso Creativo apoya el proyecto de Trenzando y EFE para\u00a0 la promoci\u00f3n de productos y servicios creativos en el interior de la Regi\u00f3n de Valpara\u00edso - Valpara\u00ed\u00adso Creativo","isPartOf":{"@id":"https:\/\/dev.antudigital.cl\/sites\/vc\/#website"},"primaryImageOfPage":{"@id":"https:\/\/dev.antudigital.cl\/sites\/vc\/valparaiso-creativo-apoya-el-proyecto-de-trenzando-y-efe-para-la-promocion-de-productos-y-servicios-creativos-en-el-interior-de-la-region-de-valparaiso\/#primaryimage"},"image":{"@id":"https:\/\/dev.antudigital.cl\/sites\/vc\/valparaiso-creativo-apoya-el-proyecto-de-trenzando-y-efe-para-la-promocion-de-productos-y-servicios-creativos-en-el-interior-de-la-region-de-valparaiso\/#primaryimage"},"thumbnailUrl":"https:\/\/dev.antudigital.cl\/sites\/vc\/wp-content\/uploads\/2024\/04\/WhatsApp-Image-2024-04-26-at-16.34.08.jpeg","datePublished":"2024-04-30T03:19:13+00:00","dateModified":"2024-04-30T19:56:08+00:00","author":{"@id":"https:\/\/dev.antudigital.cl\/sites\/vc\/#\/schema\/person\/c2b9da8dd545e27166fc5ab232837318"},"breadcrumb":{"@id":"https:\/\/dev.antudigital.cl\/sites\/vc\/valparaiso-creativo-apoya-el-proyecto-de-trenzando-y-efe-para-la-promocion-de-productos-y-servicios-creativos-en-el-interior-de-la-region-de-valparaiso\/#breadcrumb"},"inLanguage":"es","potentialAction":[{"@type":"ReadAction","target":["https:\/\/dev.antudigital.cl\/sites\/vc\/valparaiso-creativo-apoya-el-proyecto-de-trenzando-y-efe-para-la-promocion-de-productos-y-servicios-creativos-en-el-interior-de-la-region-de-valparaiso\/"]}]},{"@type":"ImageObject","inLanguage":"es","@id":"https:\/\/dev.antudigital.cl\/sites\/vc\/valparaiso-creativo-apoya-el-proyecto-de-trenzando-y-efe-para-la-promocion-de-productos-y-servicios-creativos-en-el-interior-de-la-region-de-valparaiso\/#primaryimage","url":"https:\/\/dev.antudigital.cl\/sites\/vc\/wp-content\/uploads\/2024\/04\/WhatsApp-Image-2024-04-26-at-16.34.08.jpeg","contentUrl":"https:\/\/dev.antudigital.cl\/sites\/vc\/wp-content\/uploads\/2024\/04\/WhatsApp-Image-2024-04-26-at-16.34.08.jpeg","width":1600,"height":1200},{"@type":"BreadcrumbList","@id":"https:\/\/dev.antudigital.cl\/sites\/vc\/valparaiso-creativo-apoya-el-proyecto-de-trenzando-y-efe-para-la-promocion-de-productos-y-servicios-creativos-en-el-interior-de-la-region-de-valparaiso\/#breadcrumb","itemListElement":[{"@type":"ListItem","position":1,"name":"Home","item":"https:\/\/dev.antudigital.cl\/sites\/vc\/"},{"@type":"ListItem","position":2,"name":"Valpara\u00edso Creativo apoya el proyecto de Trenzando y EFE para\u00a0 la promoci\u00f3n de productos y servicios creativos en el interior de la Regi\u00f3n de Valpara\u00edso"}]},{"@type":"WebSite","@id":"https:\/\/dev.antudigital.cl\/sites\/vc\/#website","url":"https:\/\/dev.antudigital.cl\/sites\/vc\/","name":"Valpara\u00ed\u00adso Creativo","description":"","potentialAction":[{"@type":"SearchAction","target":{"@type":"EntryPoint","urlTemplate":"https:\/\/dev.antudigital.cl\/sites\/vc\/?s={search_term_string}"},"query-input":{"@type":"PropertyValueSpecification","valueRequired":true,"valueName":"search_term_string"}}],"inLanguage":"es"},{"@type":"Person","@id":"https:\/\/dev.antudigital.cl\/sites\/vc\/#\/schema\/person\/c2b9da8dd545e27166fc5ab232837318","name":"Valpara\u00edso Creativo","description":"Periodista de cultura en la Regi\u00f3n de Valpara\u00edso.","url":"https:\/\/dev.antudigital.cl\/sites\/vc\/author\/valpoadmin\/"}]}},"_links":{"self":[{"href":"https:\/\/dev.antudigital.cl\/sites\/vc\/wp-json\/wp\/v2\/posts\/19012","targetHints":{"allow":["GET"]}}],"collection":[{"href":"https:\/\/dev.antudigital.cl\/sites\/vc\/wp-json\/wp\/v2\/posts"}],"about":[{"href":"https:\/\/dev.antudigital.cl\/sites\/vc\/wp-json\/wp\/v2\/types\/post"}],"author":[{"embeddable":true,"href":"https:\/\/dev.antudigital.cl\/sites\/vc\/wp-json\/wp\/v2\/users\/1"}],"replies":[{"embeddable":true,"href":"https:\/\/dev.antudigital.cl\/sites\/vc\/wp-json\/wp\/v2\/comments?post=19012"}],"version-history":[{"count":2,"href":"https:\/\/dev.antudigital.cl\/sites\/vc\/wp-json\/wp\/v2\/posts\/19012\/revisions"}],"predecessor-version":[{"id":19026,"href":"https:\/\/dev.antudigital.cl\/sites\/vc\/wp-json\/wp\/v2\/posts\/19012\/revisions\/19026"}],"wp:featuredmedia":[{"embeddable":true,"href":"https:\/\/dev.antudigital.cl\/sites\/vc\/wp-json\/wp\/v2\/media\/19013"}],"wp:attachment":[{"href":"https:\/\/dev.antudigital.cl\/sites\/vc\/wp-json\/wp\/v2\/media?parent=19012"}],"wp:term":[{"taxonomy":"category","embeddable":true,"href":"https:\/\/dev.antudigital.cl\/sites\/vc\/wp-json\/wp\/v2\/categories?post=19012"},{"taxonomy":"post_tag","embeddable":true,"href":"https:\/\/dev.antudigital.cl\/sites\/vc\/wp-json\/wp\/v2\/tags?post=19012"}],"curies":[{"name":"wp","href":"https:\/\/api.w.org\/{rel}","templated":true}]}}