{"id":19017,"date":"2024-07-01T03:40:00","date_gmt":"2024-07-01T03:40:00","guid":{"rendered":"https:\/\/www.valparaisocreativo.cl\/?p=19017"},"modified":"2024-07-03T14:36:02","modified_gmt":"2024-07-03T14:36:02","slug":"recorriendo-la-region-con-enfoque-medioambiental-valparaiso-trekking","status":"publish","type":"post","link":"https:\/\/dev.antudigital.cl\/sites\/vc\/recorriendo-la-region-con-enfoque-medioambiental-valparaiso-trekking\/","title":{"rendered":"Recorriendo la Regi\u00f3n con enfoque medioambiental: Valpara\u00edso Trekking"},"content":{"rendered":"\n<p>Diego V\u00e1squez es arquitecto y emprendedor, quien est\u00e1 detr\u00e1s de todo el contenido de Valpara\u00edso Trekking, liderando un equipo que no solo realiza senderos cada fin de semana, sino que tambi\u00e9n se dedican a la difusi\u00f3n de medioambiente y de informaci\u00f3n acerca de nuestros bienes naturales.\u00a0<\/p>\n\n\n\n<p>A trav\u00e9s de distintos productos, que se concentran en sus diversas cuentas de redes sociales y publicaciones, buscan generar una mayor conciencia acerca del valor del territorio y generar insumos para quienes realizan senderismo.<\/p>\n\n\n\n<p>Conversamos sobre todo lo que hacen en la siguiente entrevista:<\/p>\n\n\n\n<p><strong>Diego, \u00bfcu\u00e1nta gente hay tras Valpara\u00edso Trekking actualmente?<\/strong><\/p>\n\n\n\n<ul class=\"wp-block-list\">\n<li>Somos 7 personas, de diversas \u00e1reas: kinesi\u00f3loga, un fot\u00f3grafo, prevencionista de riesgo, gente que trabaja en turismo y yo que soy arquitecto. Trabajamos los fines de semana enfocados en el turismo, haciendo gu\u00edas de campo y expediciones. Esto para m\u00ed es un trabajo de tiempo completo, el resto tiene sus trabajos y el fin de semana est\u00e1n en el equipo.&nbsp;<\/li>\n<\/ul>\n\n\n\n<p><strong>\u00bfC\u00f3mo se te ocurri\u00f3 la idea de Valpara\u00edso Trekking?<\/strong><\/p>\n\n\n\n<ul class=\"wp-block-list\">\n<li>He le\u00eddo que en lugares donde se ha sufrido salen grandes ideas, y esta precisamente fue porque no encontraba trabajo. En la universidad me fue s\u00faper bien, pero me cost\u00f3 mucho encontrar oportunidades laborales y un amigo me insisti\u00f3 en hacer trekking, porque siempre sub\u00eda cerros. Y as\u00ed empez\u00f3 todo. Fue s\u00faper pobre el branding y la marca al principio, hasta que fui mejor\u00e1ndolo con el tiempo. Comenc\u00e9 con un post de Instagram, a ver qu\u00e9 pasaba, eran gratis y estaba probando si funcionaba. Claro que hab\u00eda p\u00fablico, me funcion\u00f3 y de ah\u00ed continu\u00e9.<\/li>\n<\/ul>\n\n\n\n<figure class=\"wp-block-image size-full\"><img fetchpriority=\"high\" decoding=\"async\" width=\"673\" height=\"665\" src=\"https:\/\/www.valparaisocreativo.cl\/wp-content\/uploads\/2024\/04\/Captura-de-Pantalla-2024-04-29-a-las-23.35.33.png\" alt=\"\" class=\"wp-image-19022\" srcset=\"https:\/\/dev.antudigital.cl\/sites\/vc\/wp-content\/uploads\/2024\/04\/Captura-de-Pantalla-2024-04-29-a-las-23.35.33.png 673w, https:\/\/dev.antudigital.cl\/sites\/vc\/wp-content\/uploads\/2024\/04\/Captura-de-Pantalla-2024-04-29-a-las-23.35.33-300x296.png 300w, https:\/\/dev.antudigital.cl\/sites\/vc\/wp-content\/uploads\/2024\/04\/Captura-de-Pantalla-2024-04-29-a-las-23.35.33-480x474.png 480w, https:\/\/dev.antudigital.cl\/sites\/vc\/wp-content\/uploads\/2024\/04\/Captura-de-Pantalla-2024-04-29-a-las-23.35.33-24x24.png 24w, https:\/\/dev.antudigital.cl\/sites\/vc\/wp-content\/uploads\/2024\/04\/Captura-de-Pantalla-2024-04-29-a-las-23.35.33-36x36.png 36w, https:\/\/dev.antudigital.cl\/sites\/vc\/wp-content\/uploads\/2024\/04\/Captura-de-Pantalla-2024-04-29-a-las-23.35.33-48x48.png 48w\" sizes=\"(max-width: 673px) 100vw, 673px\" \/><\/figure>\n\n\n\n<p><strong>Cu\u00e9ntame c\u00f3mo naci\u00f3 este gusto por el trekking<\/strong><\/p>\n\n\n\n<ul class=\"wp-block-list\">\n<li>En arquitectura fui a muchos cerros para saber c\u00f3mo construir, ver las condiciones del terreno, observar. Entonces yo creo que ah\u00ed a varios nos naci\u00f3 el gusto por estar afuera, subir senderos. Tambi\u00e9n es un escape a la naturaleza, en una carrera muy demandante.<\/li>\n<\/ul>\n\n\n\n<p><strong>\u00bfCu\u00e1ndo comenz\u00f3 Valpara\u00edso Trekking?<\/strong><\/p>\n\n\n\n<ul class=\"wp-block-list\">\n<li>Esto comenz\u00f3 en pleno COVID, a fines del 2021. En un contexto de angustia y ansiedad, pens\u00e9 en un trabajo que me obligara a salir s\u00ed o s\u00ed de la casa para pasar esta situaci\u00f3n. En marzo de 2022 empez\u00f3 a funcionar mejor. Estuve unas dos semanas solo y sent\u00eda que la gente ped\u00eda una persona m\u00e1s que integrara las rutas. Necesitaba a alguien que me apoyara en caso de emergencia y ah\u00ed se sum\u00f3 el primer gu\u00eda, a quien conoc\u00eda de subir cerros precisamente y fue como mi \u201cprofesor\u201d. La mayor\u00eda de los gu\u00edas han sido personas que se suman a las visitas y luego se suman al equipo, se motivan.<\/li>\n<\/ul>\n\n\n\n<p><strong>\u00bfCu\u00e1l fue tu idea inicial al comenzar esto?<\/strong><\/p>\n\n\n\n<ul class=\"wp-block-list\">\n<li>La verdad fuimos probando durante un a\u00f1o completo c\u00f3mo se daba hasta comprender que menos oferta es m\u00e1s y mejores resultados. Tener menos d\u00edas para personalizar mejor el servicio, lo que nos ha resultado bastante bien (como estamos funcionando ahora).<\/li>\n<\/ul>\n\n\n\n<p><strong>En ese mismo sentido, \u00bfcu\u00e1l es el criterio para elegir las rutas?<\/strong><\/p>\n\n\n\n<ul class=\"wp-block-list\">\n<li>El criterio n\u00famero uno es la temporada y qu\u00e9 es mejor seg\u00fan las condiciones de la misma. En verano no hay que ir a la cordillera por ejemplo; sino que desarrollar rutas en la costa y viceversa. Vamos viendo lo que proponen los turistas tambi\u00e9n e incorpor\u00e1ndolo a nuestra propuesta.<\/li>\n<\/ul>\n\n\n\n<figure class=\"wp-block-image size-full\"><img decoding=\"async\" width=\"672\" height=\"662\" src=\"https:\/\/www.valparaisocreativo.cl\/wp-content\/uploads\/2024\/04\/Captura-de-Pantalla-2024-04-29-a-las-23.36.53.png\" alt=\"\" class=\"wp-image-19023\" srcset=\"https:\/\/dev.antudigital.cl\/sites\/vc\/wp-content\/uploads\/2024\/04\/Captura-de-Pantalla-2024-04-29-a-las-23.36.53.png 672w, https:\/\/dev.antudigital.cl\/sites\/vc\/wp-content\/uploads\/2024\/04\/Captura-de-Pantalla-2024-04-29-a-las-23.36.53-300x296.png 300w, https:\/\/dev.antudigital.cl\/sites\/vc\/wp-content\/uploads\/2024\/04\/Captura-de-Pantalla-2024-04-29-a-las-23.36.53-480x473.png 480w, https:\/\/dev.antudigital.cl\/sites\/vc\/wp-content\/uploads\/2024\/04\/Captura-de-Pantalla-2024-04-29-a-las-23.36.53-24x24.png 24w, https:\/\/dev.antudigital.cl\/sites\/vc\/wp-content\/uploads\/2024\/04\/Captura-de-Pantalla-2024-04-29-a-las-23.36.53-36x36.png 36w, https:\/\/dev.antudigital.cl\/sites\/vc\/wp-content\/uploads\/2024\/04\/Captura-de-Pantalla-2024-04-29-a-las-23.36.53-48x48.png 48w\" sizes=\"(max-width: 672px) 100vw, 672px\" \/><\/figure>\n\n\n\n<p><strong>\u00bfSientes que tu trabajo entonces es algo terap\u00e9utico?<\/strong><\/p>\n\n\n\n<ul class=\"wp-block-list\">\n<li>S\u00ed\u2026 La mayor\u00eda de los que hacen trekking, son personas que buscan salir de la rutina, desconectar y distraerse. Es divertido. Cuando est\u00e1s concentrado en no morir, el cerebro est\u00e1 ah\u00ed y no piensa en el estr\u00e9s. Eso es como meditar de alguna forma, estar en el momento presente, descargar todo. Y al final del d\u00eda tu energ\u00eda se fue en otra cosa, en sobrevivir y estar presente en el lugar. Genera una desconexi\u00f3n.<\/li>\n<\/ul>\n\n\n\n<p><strong>\u00bfC\u00f3mo es el p\u00fablico, se atreve al trekking?<\/strong><\/p>\n\n\n\n<ul class=\"wp-block-list\">\n<li>La misma gente se siente excluida a veces, temerosa, pero da para todos. Esto es de 0 a 100 a\u00f1os, aunque hay algunos filtros, como cuando es de mucho riesgo. En casi todos los equipos de trekking hay buena onda.&nbsp;<\/li>\n<\/ul>\n\n\n\n<p><strong>\u00bfC\u00f3mo fue para ti ir conociendo m\u00e1s profundamente la Regi\u00f3n a trav\u00e9s de este ejercicio?<\/strong><\/p>\n\n\n\n<ul class=\"wp-block-list\">\n<li>Es s\u00faper rico ir a lugares con otras personas, porque cada quien va por algo distinto: distracci\u00f3n, fotograf\u00eda o deporte. Esto es lo que desarrollamos para cada perfil de usuario y es muy divertido hacerlo. Por otro lado lo triste es ver c\u00f3mo se ha secado exponencialmente la regi\u00f3n completa, se nota demasiado la falta de agua, de norte a sur, vemos menos \u00e1rboles, m\u00e1s mineras, eso lo observamos todo el tiempo. De hecho en el parque Juncal, se est\u00e1 metiendo una empresa que quiere sacar cobre en los glaciares, y se nota el avance, es surrealista. Siento que es como una lucha el ir haciendo el trekking, ya que sirve para catastrar el territorio de la Regi\u00f3n. Yo llevo mi croquera para hacer dibujos y hay otras personas que hacen fotograf\u00edas, as\u00ed vamos haciendo diferentes tipos de registros que son importantes.<\/li>\n<\/ul>\n\n\n\n<p>Vemos en el trekking algunas luchas territoriales, que se vuelve una acci\u00f3n para juntar diversos territorios en nuestro discurso, que ser\u00edan las salidas, las publicaciones, las redes sociales\u2026 Lo que siempre decimos es que nosotros somos como una empresa eco-social. No ganamos mucho con lo que hacemos, pero s\u00ed se difunde c\u00f3mo est\u00e1 la Regi\u00f3n.<\/p>\n\n\n\n<figure class=\"wp-block-image size-large\"><img decoding=\"async\" width=\"1024\" height=\"291\" src=\"https:\/\/www.valparaisocreativo.cl\/wp-content\/uploads\/2024\/04\/Captura-de-Pantalla-2024-04-29-a-las-23.34.14-1024x291.png\" alt=\"\" class=\"wp-image-19024\" srcset=\"https:\/\/dev.antudigital.cl\/sites\/vc\/wp-content\/uploads\/2024\/04\/Captura-de-Pantalla-2024-04-29-a-las-23.34.14-1024x291.png 1024w, https:\/\/dev.antudigital.cl\/sites\/vc\/wp-content\/uploads\/2024\/04\/Captura-de-Pantalla-2024-04-29-a-las-23.34.14-300x85.png 300w, https:\/\/dev.antudigital.cl\/sites\/vc\/wp-content\/uploads\/2024\/04\/Captura-de-Pantalla-2024-04-29-a-las-23.34.14-768x218.png 768w, https:\/\/dev.antudigital.cl\/sites\/vc\/wp-content\/uploads\/2024\/04\/Captura-de-Pantalla-2024-04-29-a-las-23.34.14-1080x307.png 1080w, https:\/\/dev.antudigital.cl\/sites\/vc\/wp-content\/uploads\/2024\/04\/Captura-de-Pantalla-2024-04-29-a-las-23.34.14-980x279.png 980w, https:\/\/dev.antudigital.cl\/sites\/vc\/wp-content\/uploads\/2024\/04\/Captura-de-Pantalla-2024-04-29-a-las-23.34.14-480x136.png 480w, https:\/\/dev.antudigital.cl\/sites\/vc\/wp-content\/uploads\/2024\/04\/Captura-de-Pantalla-2024-04-29-a-las-23.34.14-24x7.png 24w, https:\/\/dev.antudigital.cl\/sites\/vc\/wp-content\/uploads\/2024\/04\/Captura-de-Pantalla-2024-04-29-a-las-23.34.14-36x10.png 36w, https:\/\/dev.antudigital.cl\/sites\/vc\/wp-content\/uploads\/2024\/04\/Captura-de-Pantalla-2024-04-29-a-las-23.34.14-48x14.png 48w, https:\/\/dev.antudigital.cl\/sites\/vc\/wp-content\/uploads\/2024\/04\/Captura-de-Pantalla-2024-04-29-a-las-23.34.14.png 1196w\" sizes=\"(max-width: 1024px) 100vw, 1024px\" \/><\/figure>\n\n\n\n<p><strong>\u00bfEn qu\u00e9 momento te diste cuenta de eso?<\/strong><\/p>\n\n\n\n<ul class=\"wp-block-list\">\n<li>En nuestras distintas cuentas de Instagram, tenemos siete, entre ellas @valparaiso_trekking, donde vamos mostrando diferentes cosas. Tenemos reuniones los d\u00edas mi\u00e9rcoles viendo qu\u00e9 vamos a mostrar, qu\u00e9 es sensible, como una reuni\u00f3n de pauta. Es importante no dispersarse.<\/li>\n<\/ul>\n\n\n\n<p><strong>\u00bfCu\u00e1l crees que es su prop\u00f3sito actual?<\/strong><\/p>\n\n\n\n<ul class=\"wp-block-list\">\n<li>Justo me estoy haciendo este tipo de preguntas. Creo que nos vamos a ir especializando en la meteorolog\u00eda y el trekking. Hemos visto que a la gente le sirve y le interesa. Vemos que ocurren a\u00fan varias muertes por falta de informaci\u00f3n, por lo que nos parece que la difusi\u00f3n de la seguridad es importante. Queremos hacer muchas cosas, pero vamos encontrando de a poco nuestro norte.<\/li>\n<\/ul>\n\n\n\n<p><strong>Comenzaron una serie de publicaciones, cu\u00e9ntanos m\u00e1s de aquello.<\/strong><\/p>\n\n\n\n<ul class=\"wp-block-list\">\n<li>Me pas\u00f3 de nuevo estar en un mal momento y que la vida me desafiara, llev\u00e1bamos un a\u00f1o, pero no sal\u00edan muchos trekking debido a las lluvias. Estaba complicado el asunto. Y ah\u00ed me puse a pensar que desde chico me gustaban las nubes, y un amigo me dijo: haz una gu\u00eda de nubes, y ah\u00ed la hice. Fue nuevamente desde la complejidad, que naci\u00f3 esta idea. Y as\u00ed seguimos aventur\u00e1ndonos con las otras gu\u00edas, que responden al cielo nocturno y las flores silvestres, por ejemplo.<\/li>\n<\/ul>\n\n\n\n<p><strong>Quisiera saber un poco m\u00e1s sobre lo que hay detr\u00e1s de la edici\u00f3n. \u00bfC\u00f3mo decidieron hacer estas publicaciones?<\/strong><\/p>\n\n\n\n<ul class=\"wp-block-list\">\n<li>El formato que estamos implementando viene de afuera, un amigo me lo ense\u00f1\u00f3 y decidimos seguir ese formato ya que es muy amigable, bien resumido, accesible y no requiere, por ejemplo, saber de ciencia o de f\u00f3rmulas f\u00edsicas en cuanto al contenido, es como para mirar al cielo, identificar las nubes y ser feliz en el caso de la gu\u00eda de nubes.&nbsp;<\/li>\n<\/ul>\n\n\n\n<p>Hemos hecho varias ediciones, porque vamos mejorando cosas. Ahora trabajamos con Travel Books, quienes distribuyen las gu\u00edas por todo Chile, lo que nos permite acercarnos a m\u00e1s p\u00fablicos. Y pronto queremos hacer una de flora y fauna para mostrar lo mejor de la Regi\u00f3n de Valpara\u00edso. Adem\u00e1s todas estas gu\u00edas son para aplicarlas en terreno, para experimentar con ellas. Queremos hacer una gu\u00eda m\u00e1s de mam\u00edferos extintos, de humedales y tenemos otra de rocas, que acaba de salir. Es una veta que buscamos seguir desarrollando m\u00e1s profundamente.&nbsp;<\/p>\n\n\n\n<p><\/p>\n\n\n\n<p>S\u00edguelos en sus diversas cuentas, tales como: <a href=\"https:\/\/www.instagram.com\/valparaiso_trekking\/?hl=es\">https:\/\/www.instagram.com\/valparaiso_trekking\/<\/a><\/p>\n\n\n\n<p><a href=\"https:\/\/www.instagram.com\/tienda_valparaisotrekking\/?hl=es\">https:\/\/www.instagram.com\/tienda_valparaisotrekking\/?hl=es<\/a><\/p>\n\n\n\n<p><a href=\"https:\/\/valparaisotrekking.cl\">https:\/\/valparaisotrekking.cl<\/a><\/p>\n","protected":false},"excerpt":{"rendered":"<p>Diego V\u00e1squez es arquitecto y emprendedor, quien est\u00e1 detr\u00e1s de todo el contenido de Valpara\u00edso Trekking, liderando un equipo que no solo realiza senderos cada fin de semana, sino que tambi\u00e9n se dedican a la difusi\u00f3n de medioambiente y de informaci\u00f3n acerca de nuestros bienes naturales.\u00a0 A trav\u00e9s de distintos productos, que se concentran en [&hellip;]<\/p>\n","protected":false},"author":1,"featured_media":19021,"comment_status":"closed","ping_status":"closed","sticky":false,"template":"","format":"standard","meta":{"_acf_changed":false,"footnotes":""},"categories":[218],"tags":[],"class_list":["post-19017","post","type-post","status-publish","format-standard","has-post-thumbnail","hentry","category-blog"],"acf":[],"yoast_head":"<!-- This site is optimized with the Yoast SEO plugin v27.1.1 - https:\/\/yoast.com\/product\/yoast-seo-wordpress\/ -->\n<title>Recorriendo la Regi\u00f3n con enfoque medioambiental: Valpara\u00edso Trekking - Valpara\u00ed\u00adso Creativo<\/title>\n<meta name=\"robots\" content=\"index, follow, max-snippet:-1, max-image-preview:large, max-video-preview:-1\" \/>\n<link rel=\"canonical\" href=\"https:\/\/dev.antudigital.cl\/sites\/vc\/recorriendo-la-region-con-enfoque-medioambiental-valparaiso-trekking\/\" \/>\n<meta property=\"og:locale\" content=\"es_ES\" \/>\n<meta property=\"og:type\" content=\"article\" \/>\n<meta property=\"og:title\" content=\"Recorriendo la Regi\u00f3n con enfoque medioambiental: Valpara\u00edso Trekking - Valpara\u00ed\u00adso Creativo\" \/>\n<meta property=\"og:description\" content=\"Diego V\u00e1squez es arquitecto y emprendedor, quien est\u00e1 detr\u00e1s de todo el contenido de Valpara\u00edso Trekking, liderando un equipo que no solo realiza senderos cada fin de semana, sino que tambi\u00e9n se dedican a la difusi\u00f3n de medioambiente y de informaci\u00f3n acerca de nuestros bienes naturales.\u00a0 A trav\u00e9s de distintos productos, que se concentran en [&hellip;]\" \/>\n<meta property=\"og:url\" content=\"https:\/\/dev.antudigital.cl\/sites\/vc\/recorriendo-la-region-con-enfoque-medioambiental-valparaiso-trekking\/\" \/>\n<meta property=\"og:site_name\" content=\"Valpara\u00ed\u00adso Creativo\" \/>\n<meta property=\"article:published_time\" content=\"2024-07-01T03:40:00+00:00\" \/>\n<meta property=\"article:modified_time\" content=\"2024-07-03T14:36:02+00:00\" \/>\n<meta property=\"og:image\" content=\"https:\/\/dev.antudigital.cl\/sites\/vc\/wp-content\/uploads\/2024\/04\/Captura-de-Pantalla-2024-04-29-a-las-23.34.55.png\" \/>\n\t<meta property=\"og:image:width\" content=\"844\" \/>\n\t<meta property=\"og:image:height\" content=\"432\" \/>\n\t<meta property=\"og:image:type\" content=\"image\/png\" \/>\n<meta name=\"author\" content=\"Valpara\u00edso Creativo\" \/>\n<meta name=\"twitter:card\" content=\"summary_large_image\" \/>\n<meta name=\"twitter:label1\" content=\"Escrito por\" \/>\n\t<meta name=\"twitter:data1\" content=\"Valpara\u00edso Creativo\" \/>\n\t<meta name=\"twitter:label2\" content=\"Tiempo de lectura\" \/>\n\t<meta name=\"twitter:data2\" content=\"7 minutos\" \/>\n<script type=\"application\/ld+json\" class=\"yoast-schema-graph\">{\"@context\":\"https:\/\/schema.org\",\"@graph\":[{\"@type\":\"Article\",\"@id\":\"https:\/\/dev.antudigital.cl\/sites\/vc\/recorriendo-la-region-con-enfoque-medioambiental-valparaiso-trekking\/#article\",\"isPartOf\":{\"@id\":\"https:\/\/dev.antudigital.cl\/sites\/vc\/recorriendo-la-region-con-enfoque-medioambiental-valparaiso-trekking\/\"},\"author\":{\"name\":\"Valpara\u00edso Creativo\",\"@id\":\"https:\/\/dev.antudigital.cl\/sites\/vc\/#\/schema\/person\/c2b9da8dd545e27166fc5ab232837318\"},\"headline\":\"Recorriendo la Regi\u00f3n con enfoque medioambiental: Valpara\u00edso Trekking\",\"datePublished\":\"2024-07-01T03:40:00+00:00\",\"dateModified\":\"2024-07-03T14:36:02+00:00\",\"mainEntityOfPage\":{\"@id\":\"https:\/\/dev.antudigital.cl\/sites\/vc\/recorriendo-la-region-con-enfoque-medioambiental-valparaiso-trekking\/\"},\"wordCount\":1405,\"image\":{\"@id\":\"https:\/\/dev.antudigital.cl\/sites\/vc\/recorriendo-la-region-con-enfoque-medioambiental-valparaiso-trekking\/#primaryimage\"},\"thumbnailUrl\":\"https:\/\/dev.antudigital.cl\/sites\/vc\/wp-content\/uploads\/2024\/04\/Captura-de-Pantalla-2024-04-29-a-las-23.34.55.png\",\"articleSection\":[\"Blog\"],\"inLanguage\":\"es\"},{\"@type\":\"WebPage\",\"@id\":\"https:\/\/dev.antudigital.cl\/sites\/vc\/recorriendo-la-region-con-enfoque-medioambiental-valparaiso-trekking\/\",\"url\":\"https:\/\/dev.antudigital.cl\/sites\/vc\/recorriendo-la-region-con-enfoque-medioambiental-valparaiso-trekking\/\",\"name\":\"Recorriendo la Regi\u00f3n con enfoque medioambiental: Valpara\u00edso Trekking - Valpara\u00ed\u00adso Creativo\",\"isPartOf\":{\"@id\":\"https:\/\/dev.antudigital.cl\/sites\/vc\/#website\"},\"primaryImageOfPage\":{\"@id\":\"https:\/\/dev.antudigital.cl\/sites\/vc\/recorriendo-la-region-con-enfoque-medioambiental-valparaiso-trekking\/#primaryimage\"},\"image\":{\"@id\":\"https:\/\/dev.antudigital.cl\/sites\/vc\/recorriendo-la-region-con-enfoque-medioambiental-valparaiso-trekking\/#primaryimage\"},\"thumbnailUrl\":\"https:\/\/dev.antudigital.cl\/sites\/vc\/wp-content\/uploads\/2024\/04\/Captura-de-Pantalla-2024-04-29-a-las-23.34.55.png\",\"datePublished\":\"2024-07-01T03:40:00+00:00\",\"dateModified\":\"2024-07-03T14:36:02+00:00\",\"author\":{\"@id\":\"https:\/\/dev.antudigital.cl\/sites\/vc\/#\/schema\/person\/c2b9da8dd545e27166fc5ab232837318\"},\"breadcrumb\":{\"@id\":\"https:\/\/dev.antudigital.cl\/sites\/vc\/recorriendo-la-region-con-enfoque-medioambiental-valparaiso-trekking\/#breadcrumb\"},\"inLanguage\":\"es\",\"potentialAction\":[{\"@type\":\"ReadAction\",\"target\":[\"https:\/\/dev.antudigital.cl\/sites\/vc\/recorriendo-la-region-con-enfoque-medioambiental-valparaiso-trekking\/\"]}]},{\"@type\":\"ImageObject\",\"inLanguage\":\"es\",\"@id\":\"https:\/\/dev.antudigital.cl\/sites\/vc\/recorriendo-la-region-con-enfoque-medioambiental-valparaiso-trekking\/#primaryimage\",\"url\":\"https:\/\/dev.antudigital.cl\/sites\/vc\/wp-content\/uploads\/2024\/04\/Captura-de-Pantalla-2024-04-29-a-las-23.34.55.png\",\"contentUrl\":\"https:\/\/dev.antudigital.cl\/sites\/vc\/wp-content\/uploads\/2024\/04\/Captura-de-Pantalla-2024-04-29-a-las-23.34.55.png\",\"width\":844,\"height\":432},{\"@type\":\"BreadcrumbList\",\"@id\":\"https:\/\/dev.antudigital.cl\/sites\/vc\/recorriendo-la-region-con-enfoque-medioambiental-valparaiso-trekking\/#breadcrumb\",\"itemListElement\":[{\"@type\":\"ListItem\",\"position\":1,\"name\":\"Home\",\"item\":\"https:\/\/dev.antudigital.cl\/sites\/vc\/\"},{\"@type\":\"ListItem\",\"position\":2,\"name\":\"Recorriendo la Regi\u00f3n con enfoque medioambiental: Valpara\u00edso Trekking\"}]},{\"@type\":\"WebSite\",\"@id\":\"https:\/\/dev.antudigital.cl\/sites\/vc\/#website\",\"url\":\"https:\/\/dev.antudigital.cl\/sites\/vc\/\",\"name\":\"Valpara\u00ed\u00adso Creativo\",\"description\":\"\",\"potentialAction\":[{\"@type\":\"SearchAction\",\"target\":{\"@type\":\"EntryPoint\",\"urlTemplate\":\"https:\/\/dev.antudigital.cl\/sites\/vc\/?s={search_term_string}\"},\"query-input\":{\"@type\":\"PropertyValueSpecification\",\"valueRequired\":true,\"valueName\":\"search_term_string\"}}],\"inLanguage\":\"es\"},{\"@type\":\"Person\",\"@id\":\"https:\/\/dev.antudigital.cl\/sites\/vc\/#\/schema\/person\/c2b9da8dd545e27166fc5ab232837318\",\"name\":\"Valpara\u00edso Creativo\",\"description\":\"Periodista de cultura en la Regi\u00f3n de Valpara\u00edso.\",\"url\":\"https:\/\/dev.antudigital.cl\/sites\/vc\/author\/valpoadmin\/\"}]}<\/script>\n<!-- \/ Yoast SEO plugin. -->","yoast_head_json":{"title":"Recorriendo la Regi\u00f3n con enfoque medioambiental: Valpara\u00edso Trekking - Valpara\u00ed\u00adso Creativo","robots":{"index":"index","follow":"follow","max-snippet":"max-snippet:-1","max-image-preview":"max-image-preview:large","max-video-preview":"max-video-preview:-1"},"canonical":"https:\/\/dev.antudigital.cl\/sites\/vc\/recorriendo-la-region-con-enfoque-medioambiental-valparaiso-trekking\/","og_locale":"es_ES","og_type":"article","og_title":"Recorriendo la Regi\u00f3n con enfoque medioambiental: Valpara\u00edso Trekking - Valpara\u00ed\u00adso Creativo","og_description":"Diego V\u00e1squez es arquitecto y emprendedor, quien est\u00e1 detr\u00e1s de todo el contenido de Valpara\u00edso Trekking, liderando un equipo que no solo realiza senderos cada fin de semana, sino que tambi\u00e9n se dedican a la difusi\u00f3n de medioambiente y de informaci\u00f3n acerca de nuestros bienes naturales.\u00a0 A trav\u00e9s de distintos productos, que se concentran en [&hellip;]","og_url":"https:\/\/dev.antudigital.cl\/sites\/vc\/recorriendo-la-region-con-enfoque-medioambiental-valparaiso-trekking\/","og_site_name":"Valpara\u00ed\u00adso Creativo","article_published_time":"2024-07-01T03:40:00+00:00","article_modified_time":"2024-07-03T14:36:02+00:00","og_image":[{"width":844,"height":432,"url":"https:\/\/dev.antudigital.cl\/sites\/vc\/wp-content\/uploads\/2024\/04\/Captura-de-Pantalla-2024-04-29-a-las-23.34.55.png","type":"image\/png"}],"author":"Valpara\u00edso Creativo","twitter_card":"summary_large_image","twitter_misc":{"Escrito por":"Valpara\u00edso Creativo","Tiempo de lectura":"7 minutos"},"schema":{"@context":"https:\/\/schema.org","@graph":[{"@type":"Article","@id":"https:\/\/dev.antudigital.cl\/sites\/vc\/recorriendo-la-region-con-enfoque-medioambiental-valparaiso-trekking\/#article","isPartOf":{"@id":"https:\/\/dev.antudigital.cl\/sites\/vc\/recorriendo-la-region-con-enfoque-medioambiental-valparaiso-trekking\/"},"author":{"name":"Valpara\u00edso Creativo","@id":"https:\/\/dev.antudigital.cl\/sites\/vc\/#\/schema\/person\/c2b9da8dd545e27166fc5ab232837318"},"headline":"Recorriendo la Regi\u00f3n con enfoque medioambiental: Valpara\u00edso Trekking","datePublished":"2024-07-01T03:40:00+00:00","dateModified":"2024-07-03T14:36:02+00:00","mainEntityOfPage":{"@id":"https:\/\/dev.antudigital.cl\/sites\/vc\/recorriendo-la-region-con-enfoque-medioambiental-valparaiso-trekking\/"},"wordCount":1405,"image":{"@id":"https:\/\/dev.antudigital.cl\/sites\/vc\/recorriendo-la-region-con-enfoque-medioambiental-valparaiso-trekking\/#primaryimage"},"thumbnailUrl":"https:\/\/dev.antudigital.cl\/sites\/vc\/wp-content\/uploads\/2024\/04\/Captura-de-Pantalla-2024-04-29-a-las-23.34.55.png","articleSection":["Blog"],"inLanguage":"es"},{"@type":"WebPage","@id":"https:\/\/dev.antudigital.cl\/sites\/vc\/recorriendo-la-region-con-enfoque-medioambiental-valparaiso-trekking\/","url":"https:\/\/dev.antudigital.cl\/sites\/vc\/recorriendo-la-region-con-enfoque-medioambiental-valparaiso-trekking\/","name":"Recorriendo la Regi\u00f3n con enfoque medioambiental: Valpara\u00edso Trekking - Valpara\u00ed\u00adso Creativo","isPartOf":{"@id":"https:\/\/dev.antudigital.cl\/sites\/vc\/#website"},"primaryImageOfPage":{"@id":"https:\/\/dev.antudigital.cl\/sites\/vc\/recorriendo-la-region-con-enfoque-medioambiental-valparaiso-trekking\/#primaryimage"},"image":{"@id":"https:\/\/dev.antudigital.cl\/sites\/vc\/recorriendo-la-region-con-enfoque-medioambiental-valparaiso-trekking\/#primaryimage"},"thumbnailUrl":"https:\/\/dev.antudigital.cl\/sites\/vc\/wp-content\/uploads\/2024\/04\/Captura-de-Pantalla-2024-04-29-a-las-23.34.55.png","datePublished":"2024-07-01T03:40:00+00:00","dateModified":"2024-07-03T14:36:02+00:00","author":{"@id":"https:\/\/dev.antudigital.cl\/sites\/vc\/#\/schema\/person\/c2b9da8dd545e27166fc5ab232837318"},"breadcrumb":{"@id":"https:\/\/dev.antudigital.cl\/sites\/vc\/recorriendo-la-region-con-enfoque-medioambiental-valparaiso-trekking\/#breadcrumb"},"inLanguage":"es","potentialAction":[{"@type":"ReadAction","target":["https:\/\/dev.antudigital.cl\/sites\/vc\/recorriendo-la-region-con-enfoque-medioambiental-valparaiso-trekking\/"]}]},{"@type":"ImageObject","inLanguage":"es","@id":"https:\/\/dev.antudigital.cl\/sites\/vc\/recorriendo-la-region-con-enfoque-medioambiental-valparaiso-trekking\/#primaryimage","url":"https:\/\/dev.antudigital.cl\/sites\/vc\/wp-content\/uploads\/2024\/04\/Captura-de-Pantalla-2024-04-29-a-las-23.34.55.png","contentUrl":"https:\/\/dev.antudigital.cl\/sites\/vc\/wp-content\/uploads\/2024\/04\/Captura-de-Pantalla-2024-04-29-a-las-23.34.55.png","width":844,"height":432},{"@type":"BreadcrumbList","@id":"https:\/\/dev.antudigital.cl\/sites\/vc\/recorriendo-la-region-con-enfoque-medioambiental-valparaiso-trekking\/#breadcrumb","itemListElement":[{"@type":"ListItem","position":1,"name":"Home","item":"https:\/\/dev.antudigital.cl\/sites\/vc\/"},{"@type":"ListItem","position":2,"name":"Recorriendo la Regi\u00f3n con enfoque medioambiental: Valpara\u00edso Trekking"}]},{"@type":"WebSite","@id":"https:\/\/dev.antudigital.cl\/sites\/vc\/#website","url":"https:\/\/dev.antudigital.cl\/sites\/vc\/","name":"Valpara\u00ed\u00adso Creativo","description":"","potentialAction":[{"@type":"SearchAction","target":{"@type":"EntryPoint","urlTemplate":"https:\/\/dev.antudigital.cl\/sites\/vc\/?s={search_term_string}"},"query-input":{"@type":"PropertyValueSpecification","valueRequired":true,"valueName":"search_term_string"}}],"inLanguage":"es"},{"@type":"Person","@id":"https:\/\/dev.antudigital.cl\/sites\/vc\/#\/schema\/person\/c2b9da8dd545e27166fc5ab232837318","name":"Valpara\u00edso Creativo","description":"Periodista de cultura en la Regi\u00f3n de Valpara\u00edso.","url":"https:\/\/dev.antudigital.cl\/sites\/vc\/author\/valpoadmin\/"}]}},"_links":{"self":[{"href":"https:\/\/dev.antudigital.cl\/sites\/vc\/wp-json\/wp\/v2\/posts\/19017","targetHints":{"allow":["GET"]}}],"collection":[{"href":"https:\/\/dev.antudigital.cl\/sites\/vc\/wp-json\/wp\/v2\/posts"}],"about":[{"href":"https:\/\/dev.antudigital.cl\/sites\/vc\/wp-json\/wp\/v2\/types\/post"}],"author":[{"embeddable":true,"href":"https:\/\/dev.antudigital.cl\/sites\/vc\/wp-json\/wp\/v2\/users\/1"}],"replies":[{"embeddable":true,"href":"https:\/\/dev.antudigital.cl\/sites\/vc\/wp-json\/wp\/v2\/comments?post=19017"}],"version-history":[{"count":4,"href":"https:\/\/dev.antudigital.cl\/sites\/vc\/wp-json\/wp\/v2\/posts\/19017\/revisions"}],"predecessor-version":[{"id":19617,"href":"https:\/\/dev.antudigital.cl\/sites\/vc\/wp-json\/wp\/v2\/posts\/19017\/revisions\/19617"}],"wp:featuredmedia":[{"embeddable":true,"href":"https:\/\/dev.antudigital.cl\/sites\/vc\/wp-json\/wp\/v2\/media\/19021"}],"wp:attachment":[{"href":"https:\/\/dev.antudigital.cl\/sites\/vc\/wp-json\/wp\/v2\/media?parent=19017"}],"wp:term":[{"taxonomy":"category","embeddable":true,"href":"https:\/\/dev.antudigital.cl\/sites\/vc\/wp-json\/wp\/v2\/categories?post=19017"},{"taxonomy":"post_tag","embeddable":true,"href":"https:\/\/dev.antudigital.cl\/sites\/vc\/wp-json\/wp\/v2\/tags?post=19017"}],"curies":[{"name":"wp","href":"https:\/\/api.w.org\/{rel}","templated":true}]}}