{"id":19046,"date":"2024-05-06T17:34:41","date_gmt":"2024-05-06T17:34:41","guid":{"rendered":"https:\/\/www.valparaisocreativo.cl\/?p=19046"},"modified":"2024-05-06T17:35:00","modified_gmt":"2024-05-06T17:35:00","slug":"gisselle-avila-inaugura-exposicion-de-esculturas-madre-y-tierra-en-el-ascensor-concepcion","status":"publish","type":"post","link":"https:\/\/dev.antudigital.cl\/sites\/vc\/gisselle-avila-inaugura-exposicion-de-esculturas-madre-y-tierra-en-el-ascensor-concepcion\/","title":{"rendered":"Gisselle \u00c1vila inaugura exposici\u00f3n de esculturas \u201cMadre y Tierra\u201d en el ascensor Concepci\u00f3n"},"content":{"rendered":"\n<p>Materiales rescatados de escombros, maderas y arcillas que se quiebran y se vuelven a reparar constituyen la obra escult\u00f3rica de la artista Gisselle \u00c1vila quien, desde una mirada del contexto sociopol\u00edtico, aborda la explosi\u00f3n de movimientos sociales emergentes desde el 2011 y pretende dar visibilidad a los sectores de la sociedad marginados, uniendo elementos del eco feminismo y la filosof\u00eda japonesa del kintsugi. As\u00ed nace la muestra \u201cMadre y Tierra\u201d que se inaugurar\u00e1 este viernes 3 de mayo a las 17:00 horas en el Centro Comunitario Ascensor Concepci\u00f3n y estar\u00e1 abierta al p\u00fablico hasta el 19 de mayo.<\/p>\n\n\n\n<p>Gisselle \u00c1vila es dise\u00f1adora, licenciada en arte y escultora. Desarrolla su trabajo con sus manos, pr\u00e1cticamente sin instrumentos, para sentir la materialidad con la que trabaja. El eco feminismo es una de sus inspiraciones ya que reivindica la lucha liderada por mujeres en toda Am\u00e9rica Latina que luchan por la defensa de los territorios en zonas de sacrificio.<\/p>\n\n\n\n<p>Para la artista, una de las b\u00fasquedas en su trabajo es: \u201cdar importancia a la mujer, tanto en su labor diaria social y p\u00fablica, reconoci\u00e9ndola como un eje primordial de nuestra cultura. A trav\u00e9s de las piezas que desarrollo busco resignificar su rol hist\u00f3rico y cultural en relaci\u00f3n con el trabajo que realiza como protectora de la naturaleza. Esto implica dignificar y apreciar las labores de cuidado, la preservaci\u00f3n de la cultura y el resguardo de tradiciones ancestrales\u201d.<\/p>\n\n\n\n<figure class=\"wp-block-image size-large\"><img fetchpriority=\"high\" decoding=\"async\" width=\"1024\" height=\"1024\" src=\"https:\/\/www.valparaisocreativo.cl\/wp-content\/uploads\/2024\/05\/Madre-y-tierra-2-1024x1024.jpeg\" alt=\"\" class=\"wp-image-19048\" srcset=\"https:\/\/dev.antudigital.cl\/sites\/vc\/wp-content\/uploads\/2024\/05\/Madre-y-tierra-2-1024x1024.jpeg 1024w, https:\/\/dev.antudigital.cl\/sites\/vc\/wp-content\/uploads\/2024\/05\/Madre-y-tierra-2-300x300.jpeg 300w, https:\/\/dev.antudigital.cl\/sites\/vc\/wp-content\/uploads\/2024\/05\/Madre-y-tierra-2-150x150.jpeg 150w, https:\/\/dev.antudigital.cl\/sites\/vc\/wp-content\/uploads\/2024\/05\/Madre-y-tierra-2-768x768.jpeg 768w, https:\/\/dev.antudigital.cl\/sites\/vc\/wp-content\/uploads\/2024\/05\/Madre-y-tierra-2-980x980.jpeg 980w, https:\/\/dev.antudigital.cl\/sites\/vc\/wp-content\/uploads\/2024\/05\/Madre-y-tierra-2-480x480.jpeg 480w, https:\/\/dev.antudigital.cl\/sites\/vc\/wp-content\/uploads\/2024\/05\/Madre-y-tierra-2-24x24.jpeg 24w, https:\/\/dev.antudigital.cl\/sites\/vc\/wp-content\/uploads\/2024\/05\/Madre-y-tierra-2-36x36.jpeg 36w, https:\/\/dev.antudigital.cl\/sites\/vc\/wp-content\/uploads\/2024\/05\/Madre-y-tierra-2-48x48.jpeg 48w, https:\/\/dev.antudigital.cl\/sites\/vc\/wp-content\/uploads\/2024\/05\/Madre-y-tierra-2.jpeg 1080w\" sizes=\"(max-width: 1024px) 100vw, 1024px\" \/><\/figure>\n\n\n\n<p>Todos estos conceptos reunidos por la artista son visibles sobre la \u201cpiel o capas\u201d de sus trabajos, las cuales interviene y vincula con texturas org\u00e1nicas, colores, formas y materialidades tales como maderas rescatadas de escombros y arcillas. Las obras, posterior a su g\u00e9nesis, son quebradas, bas\u00e1ndose en la filosof\u00eda japonesa del Kintsugi. Seg\u00fan el kintsugi, adem\u00e1s de la importancia de la recuperaci\u00f3n funcional del objeto, su valor m\u00e1s grande radica en la aceptaci\u00f3n de lo que se ha roto como parte de su historia. Las roturas y las reparaciones forman parte de esta historia y tienen que ser mostradas en lugar de esconderlas.<\/p>\n\n\n\n<p>\u201cLas grietas se realzan y devienen en la parte m\u00e1s valiosa de la pieza, puesto que se han convertido en una muestra de la imperfecci\u00f3n y la fragilidad. De este modo, la reparaci\u00f3n es una forma de revalorizar el objeto a partir de su historia \u00fanica y la celebraci\u00f3n de sus defectos. Ahora, la pieza tiene valor por lo que fue y por lo que es, poniendo de manifiesto su transformaci\u00f3n. Ha dejado de ser convencional para convertirse en algo m\u00e1s. Tiene un valor a\u00f1adido que da un significado nuevo y esencial al concepto de reparaci\u00f3n\u201d, explica Gisselle \u00c1vila.<\/p>\n\n\n\n<p>A nivel mundial las comunidades sufren la devastaci\u00f3n de sus territorios transformados en zonas de sacrificio, teniendo que enfrentar fen\u00f3menos provocados por la acci\u00f3n humana como la escasez h\u00eddrica, la contaminaci\u00f3n, la destrucci\u00f3n de entornos naturales.&nbsp; Para Gisselle \u00c1vila es importante que el arte se haga presente y posicione en estas luchas, por lo mismo, busca lugares de exhibici\u00f3n que sean abiertos al p\u00fablico y gratuitos, posibilitando el pensamiento reflexivo y la instalaci\u00f3n de un debate que es urgente y necesario: \u201ces hoy que debemos recuperar los saberes ancestrales, reparar y proteger el medio ambiente y sus habitantes y tomar el peso de lo que significa esto para nuestro futuro\u201d.<\/p>\n\n\n\n<p>La muestra estar\u00e1 abierta al p\u00fablico en horario continuado del 3 al 19 de mayo y el d\u00eda de la inauguraci\u00f3n se realizar\u00e1 un cocktail para los presentes. Para m\u00e1s informaci\u00f3n el Instagram de la artista es&nbsp;@gavila.art.<\/p>\n","protected":false},"excerpt":{"rendered":"<p>Materiales rescatados de escombros, maderas y arcillas que se quiebran y se vuelven a reparar constituyen la obra escult\u00f3rica de la artista Gisselle \u00c1vila quien, desde una mirada del contexto sociopol\u00edtico, aborda la explosi\u00f3n de movimientos sociales emergentes desde el 2011 y pretende dar visibilidad a los sectores de la sociedad marginados, uniendo elementos del [&hellip;]<\/p>\n","protected":false},"author":1,"featured_media":19047,"comment_status":"closed","ping_status":"closed","sticky":false,"template":"","format":"standard","meta":{"_acf_changed":false,"footnotes":""},"categories":[8],"tags":[],"class_list":["post-19046","post","type-post","status-publish","format-standard","has-post-thumbnail","hentry","category-noticia"],"acf":[],"yoast_head":"<!-- This site is optimized with the Yoast SEO plugin v27.1.1 - https:\/\/yoast.com\/product\/yoast-seo-wordpress\/ -->\n<title>Gisselle \u00c1vila inaugura exposici\u00f3n de esculturas \u201cMadre y Tierra\u201d en el ascensor Concepci\u00f3n - Valpara\u00ed\u00adso Creativo<\/title>\n<meta name=\"robots\" content=\"index, follow, max-snippet:-1, max-image-preview:large, max-video-preview:-1\" \/>\n<link rel=\"canonical\" href=\"https:\/\/dev.antudigital.cl\/sites\/vc\/gisselle-avila-inaugura-exposicion-de-esculturas-madre-y-tierra-en-el-ascensor-concepcion\/\" \/>\n<meta property=\"og:locale\" content=\"es_ES\" \/>\n<meta property=\"og:type\" content=\"article\" \/>\n<meta property=\"og:title\" content=\"Gisselle \u00c1vila inaugura exposici\u00f3n de esculturas \u201cMadre y Tierra\u201d en el ascensor Concepci\u00f3n - Valpara\u00ed\u00adso Creativo\" \/>\n<meta property=\"og:description\" content=\"Materiales rescatados de escombros, maderas y arcillas que se quiebran y se vuelven a reparar constituyen la obra escult\u00f3rica de la artista Gisselle \u00c1vila quien, desde una mirada del contexto sociopol\u00edtico, aborda la explosi\u00f3n de movimientos sociales emergentes desde el 2011 y pretende dar visibilidad a los sectores de la sociedad marginados, uniendo elementos del [&hellip;]\" \/>\n<meta property=\"og:url\" content=\"https:\/\/dev.antudigital.cl\/sites\/vc\/gisselle-avila-inaugura-exposicion-de-esculturas-madre-y-tierra-en-el-ascensor-concepcion\/\" \/>\n<meta property=\"og:site_name\" content=\"Valpara\u00ed\u00adso Creativo\" \/>\n<meta property=\"article:published_time\" content=\"2024-05-06T17:34:41+00:00\" \/>\n<meta property=\"article:modified_time\" content=\"2024-05-06T17:35:00+00:00\" \/>\n<meta property=\"og:image\" content=\"https:\/\/dev.antudigital.cl\/sites\/vc\/wp-content\/uploads\/2024\/05\/Madre-y-tierra-1.jpeg\" \/>\n\t<meta property=\"og:image:width\" content=\"1080\" \/>\n\t<meta property=\"og:image:height\" content=\"1080\" \/>\n\t<meta property=\"og:image:type\" content=\"image\/jpeg\" \/>\n<meta name=\"author\" content=\"Valpara\u00edso Creativo\" \/>\n<meta name=\"twitter:card\" content=\"summary_large_image\" \/>\n<meta name=\"twitter:label1\" content=\"Escrito por\" \/>\n\t<meta name=\"twitter:data1\" content=\"Valpara\u00edso Creativo\" \/>\n\t<meta name=\"twitter:label2\" content=\"Tiempo de lectura\" \/>\n\t<meta name=\"twitter:data2\" content=\"4 minutos\" \/>\n<script type=\"application\/ld+json\" class=\"yoast-schema-graph\">{\"@context\":\"https:\/\/schema.org\",\"@graph\":[{\"@type\":\"Article\",\"@id\":\"https:\/\/dev.antudigital.cl\/sites\/vc\/gisselle-avila-inaugura-exposicion-de-esculturas-madre-y-tierra-en-el-ascensor-concepcion\/#article\",\"isPartOf\":{\"@id\":\"https:\/\/dev.antudigital.cl\/sites\/vc\/gisselle-avila-inaugura-exposicion-de-esculturas-madre-y-tierra-en-el-ascensor-concepcion\/\"},\"author\":{\"name\":\"Valpara\u00edso Creativo\",\"@id\":\"https:\/\/dev.antudigital.cl\/sites\/vc\/#\/schema\/person\/c2b9da8dd545e27166fc5ab232837318\"},\"headline\":\"Gisselle \u00c1vila inaugura exposici\u00f3n de esculturas \u201cMadre y Tierra\u201d en el ascensor Concepci\u00f3n\",\"datePublished\":\"2024-05-06T17:34:41+00:00\",\"dateModified\":\"2024-05-06T17:35:00+00:00\",\"mainEntityOfPage\":{\"@id\":\"https:\/\/dev.antudigital.cl\/sites\/vc\/gisselle-avila-inaugura-exposicion-de-esculturas-madre-y-tierra-en-el-ascensor-concepcion\/\"},\"wordCount\":643,\"image\":{\"@id\":\"https:\/\/dev.antudigital.cl\/sites\/vc\/gisselle-avila-inaugura-exposicion-de-esculturas-madre-y-tierra-en-el-ascensor-concepcion\/#primaryimage\"},\"thumbnailUrl\":\"https:\/\/dev.antudigital.cl\/sites\/vc\/wp-content\/uploads\/2024\/05\/Madre-y-tierra-1.jpeg\",\"articleSection\":[\"Noticia\"],\"inLanguage\":\"es\"},{\"@type\":\"WebPage\",\"@id\":\"https:\/\/dev.antudigital.cl\/sites\/vc\/gisselle-avila-inaugura-exposicion-de-esculturas-madre-y-tierra-en-el-ascensor-concepcion\/\",\"url\":\"https:\/\/dev.antudigital.cl\/sites\/vc\/gisselle-avila-inaugura-exposicion-de-esculturas-madre-y-tierra-en-el-ascensor-concepcion\/\",\"name\":\"Gisselle \u00c1vila inaugura exposici\u00f3n de esculturas \u201cMadre y Tierra\u201d en el ascensor Concepci\u00f3n - Valpara\u00ed\u00adso Creativo\",\"isPartOf\":{\"@id\":\"https:\/\/dev.antudigital.cl\/sites\/vc\/#website\"},\"primaryImageOfPage\":{\"@id\":\"https:\/\/dev.antudigital.cl\/sites\/vc\/gisselle-avila-inaugura-exposicion-de-esculturas-madre-y-tierra-en-el-ascensor-concepcion\/#primaryimage\"},\"image\":{\"@id\":\"https:\/\/dev.antudigital.cl\/sites\/vc\/gisselle-avila-inaugura-exposicion-de-esculturas-madre-y-tierra-en-el-ascensor-concepcion\/#primaryimage\"},\"thumbnailUrl\":\"https:\/\/dev.antudigital.cl\/sites\/vc\/wp-content\/uploads\/2024\/05\/Madre-y-tierra-1.jpeg\",\"datePublished\":\"2024-05-06T17:34:41+00:00\",\"dateModified\":\"2024-05-06T17:35:00+00:00\",\"author\":{\"@id\":\"https:\/\/dev.antudigital.cl\/sites\/vc\/#\/schema\/person\/c2b9da8dd545e27166fc5ab232837318\"},\"breadcrumb\":{\"@id\":\"https:\/\/dev.antudigital.cl\/sites\/vc\/gisselle-avila-inaugura-exposicion-de-esculturas-madre-y-tierra-en-el-ascensor-concepcion\/#breadcrumb\"},\"inLanguage\":\"es\",\"potentialAction\":[{\"@type\":\"ReadAction\",\"target\":[\"https:\/\/dev.antudigital.cl\/sites\/vc\/gisselle-avila-inaugura-exposicion-de-esculturas-madre-y-tierra-en-el-ascensor-concepcion\/\"]}]},{\"@type\":\"ImageObject\",\"inLanguage\":\"es\",\"@id\":\"https:\/\/dev.antudigital.cl\/sites\/vc\/gisselle-avila-inaugura-exposicion-de-esculturas-madre-y-tierra-en-el-ascensor-concepcion\/#primaryimage\",\"url\":\"https:\/\/dev.antudigital.cl\/sites\/vc\/wp-content\/uploads\/2024\/05\/Madre-y-tierra-1.jpeg\",\"contentUrl\":\"https:\/\/dev.antudigital.cl\/sites\/vc\/wp-content\/uploads\/2024\/05\/Madre-y-tierra-1.jpeg\",\"width\":1080,\"height\":1080},{\"@type\":\"BreadcrumbList\",\"@id\":\"https:\/\/dev.antudigital.cl\/sites\/vc\/gisselle-avila-inaugura-exposicion-de-esculturas-madre-y-tierra-en-el-ascensor-concepcion\/#breadcrumb\",\"itemListElement\":[{\"@type\":\"ListItem\",\"position\":1,\"name\":\"Home\",\"item\":\"https:\/\/dev.antudigital.cl\/sites\/vc\/\"},{\"@type\":\"ListItem\",\"position\":2,\"name\":\"Gisselle \u00c1vila inaugura exposici\u00f3n de esculturas \u201cMadre y Tierra\u201d en el ascensor Concepci\u00f3n\"}]},{\"@type\":\"WebSite\",\"@id\":\"https:\/\/dev.antudigital.cl\/sites\/vc\/#website\",\"url\":\"https:\/\/dev.antudigital.cl\/sites\/vc\/\",\"name\":\"Valpara\u00ed\u00adso Creativo\",\"description\":\"\",\"potentialAction\":[{\"@type\":\"SearchAction\",\"target\":{\"@type\":\"EntryPoint\",\"urlTemplate\":\"https:\/\/dev.antudigital.cl\/sites\/vc\/?s={search_term_string}\"},\"query-input\":{\"@type\":\"PropertyValueSpecification\",\"valueRequired\":true,\"valueName\":\"search_term_string\"}}],\"inLanguage\":\"es\"},{\"@type\":\"Person\",\"@id\":\"https:\/\/dev.antudigital.cl\/sites\/vc\/#\/schema\/person\/c2b9da8dd545e27166fc5ab232837318\",\"name\":\"Valpara\u00edso Creativo\",\"description\":\"Periodista de cultura en la Regi\u00f3n de Valpara\u00edso.\",\"url\":\"https:\/\/dev.antudigital.cl\/sites\/vc\/author\/valpoadmin\/\"}]}<\/script>\n<!-- \/ Yoast SEO plugin. -->","yoast_head_json":{"title":"Gisselle \u00c1vila inaugura exposici\u00f3n de esculturas \u201cMadre y Tierra\u201d en el ascensor Concepci\u00f3n - Valpara\u00ed\u00adso Creativo","robots":{"index":"index","follow":"follow","max-snippet":"max-snippet:-1","max-image-preview":"max-image-preview:large","max-video-preview":"max-video-preview:-1"},"canonical":"https:\/\/dev.antudigital.cl\/sites\/vc\/gisselle-avila-inaugura-exposicion-de-esculturas-madre-y-tierra-en-el-ascensor-concepcion\/","og_locale":"es_ES","og_type":"article","og_title":"Gisselle \u00c1vila inaugura exposici\u00f3n de esculturas \u201cMadre y Tierra\u201d en el ascensor Concepci\u00f3n - Valpara\u00ed\u00adso Creativo","og_description":"Materiales rescatados de escombros, maderas y arcillas que se quiebran y se vuelven a reparar constituyen la obra escult\u00f3rica de la artista Gisselle \u00c1vila quien, desde una mirada del contexto sociopol\u00edtico, aborda la explosi\u00f3n de movimientos sociales emergentes desde el 2011 y pretende dar visibilidad a los sectores de la sociedad marginados, uniendo elementos del [&hellip;]","og_url":"https:\/\/dev.antudigital.cl\/sites\/vc\/gisselle-avila-inaugura-exposicion-de-esculturas-madre-y-tierra-en-el-ascensor-concepcion\/","og_site_name":"Valpara\u00ed\u00adso Creativo","article_published_time":"2024-05-06T17:34:41+00:00","article_modified_time":"2024-05-06T17:35:00+00:00","og_image":[{"width":1080,"height":1080,"url":"https:\/\/dev.antudigital.cl\/sites\/vc\/wp-content\/uploads\/2024\/05\/Madre-y-tierra-1.jpeg","type":"image\/jpeg"}],"author":"Valpara\u00edso Creativo","twitter_card":"summary_large_image","twitter_misc":{"Escrito por":"Valpara\u00edso Creativo","Tiempo de lectura":"4 minutos"},"schema":{"@context":"https:\/\/schema.org","@graph":[{"@type":"Article","@id":"https:\/\/dev.antudigital.cl\/sites\/vc\/gisselle-avila-inaugura-exposicion-de-esculturas-madre-y-tierra-en-el-ascensor-concepcion\/#article","isPartOf":{"@id":"https:\/\/dev.antudigital.cl\/sites\/vc\/gisselle-avila-inaugura-exposicion-de-esculturas-madre-y-tierra-en-el-ascensor-concepcion\/"},"author":{"name":"Valpara\u00edso Creativo","@id":"https:\/\/dev.antudigital.cl\/sites\/vc\/#\/schema\/person\/c2b9da8dd545e27166fc5ab232837318"},"headline":"Gisselle \u00c1vila inaugura exposici\u00f3n de esculturas \u201cMadre y Tierra\u201d en el ascensor Concepci\u00f3n","datePublished":"2024-05-06T17:34:41+00:00","dateModified":"2024-05-06T17:35:00+00:00","mainEntityOfPage":{"@id":"https:\/\/dev.antudigital.cl\/sites\/vc\/gisselle-avila-inaugura-exposicion-de-esculturas-madre-y-tierra-en-el-ascensor-concepcion\/"},"wordCount":643,"image":{"@id":"https:\/\/dev.antudigital.cl\/sites\/vc\/gisselle-avila-inaugura-exposicion-de-esculturas-madre-y-tierra-en-el-ascensor-concepcion\/#primaryimage"},"thumbnailUrl":"https:\/\/dev.antudigital.cl\/sites\/vc\/wp-content\/uploads\/2024\/05\/Madre-y-tierra-1.jpeg","articleSection":["Noticia"],"inLanguage":"es"},{"@type":"WebPage","@id":"https:\/\/dev.antudigital.cl\/sites\/vc\/gisselle-avila-inaugura-exposicion-de-esculturas-madre-y-tierra-en-el-ascensor-concepcion\/","url":"https:\/\/dev.antudigital.cl\/sites\/vc\/gisselle-avila-inaugura-exposicion-de-esculturas-madre-y-tierra-en-el-ascensor-concepcion\/","name":"Gisselle \u00c1vila inaugura exposici\u00f3n de esculturas \u201cMadre y Tierra\u201d en el ascensor Concepci\u00f3n - Valpara\u00ed\u00adso Creativo","isPartOf":{"@id":"https:\/\/dev.antudigital.cl\/sites\/vc\/#website"},"primaryImageOfPage":{"@id":"https:\/\/dev.antudigital.cl\/sites\/vc\/gisselle-avila-inaugura-exposicion-de-esculturas-madre-y-tierra-en-el-ascensor-concepcion\/#primaryimage"},"image":{"@id":"https:\/\/dev.antudigital.cl\/sites\/vc\/gisselle-avila-inaugura-exposicion-de-esculturas-madre-y-tierra-en-el-ascensor-concepcion\/#primaryimage"},"thumbnailUrl":"https:\/\/dev.antudigital.cl\/sites\/vc\/wp-content\/uploads\/2024\/05\/Madre-y-tierra-1.jpeg","datePublished":"2024-05-06T17:34:41+00:00","dateModified":"2024-05-06T17:35:00+00:00","author":{"@id":"https:\/\/dev.antudigital.cl\/sites\/vc\/#\/schema\/person\/c2b9da8dd545e27166fc5ab232837318"},"breadcrumb":{"@id":"https:\/\/dev.antudigital.cl\/sites\/vc\/gisselle-avila-inaugura-exposicion-de-esculturas-madre-y-tierra-en-el-ascensor-concepcion\/#breadcrumb"},"inLanguage":"es","potentialAction":[{"@type":"ReadAction","target":["https:\/\/dev.antudigital.cl\/sites\/vc\/gisselle-avila-inaugura-exposicion-de-esculturas-madre-y-tierra-en-el-ascensor-concepcion\/"]}]},{"@type":"ImageObject","inLanguage":"es","@id":"https:\/\/dev.antudigital.cl\/sites\/vc\/gisselle-avila-inaugura-exposicion-de-esculturas-madre-y-tierra-en-el-ascensor-concepcion\/#primaryimage","url":"https:\/\/dev.antudigital.cl\/sites\/vc\/wp-content\/uploads\/2024\/05\/Madre-y-tierra-1.jpeg","contentUrl":"https:\/\/dev.antudigital.cl\/sites\/vc\/wp-content\/uploads\/2024\/05\/Madre-y-tierra-1.jpeg","width":1080,"height":1080},{"@type":"BreadcrumbList","@id":"https:\/\/dev.antudigital.cl\/sites\/vc\/gisselle-avila-inaugura-exposicion-de-esculturas-madre-y-tierra-en-el-ascensor-concepcion\/#breadcrumb","itemListElement":[{"@type":"ListItem","position":1,"name":"Home","item":"https:\/\/dev.antudigital.cl\/sites\/vc\/"},{"@type":"ListItem","position":2,"name":"Gisselle \u00c1vila inaugura exposici\u00f3n de esculturas \u201cMadre y Tierra\u201d en el ascensor Concepci\u00f3n"}]},{"@type":"WebSite","@id":"https:\/\/dev.antudigital.cl\/sites\/vc\/#website","url":"https:\/\/dev.antudigital.cl\/sites\/vc\/","name":"Valpara\u00ed\u00adso Creativo","description":"","potentialAction":[{"@type":"SearchAction","target":{"@type":"EntryPoint","urlTemplate":"https:\/\/dev.antudigital.cl\/sites\/vc\/?s={search_term_string}"},"query-input":{"@type":"PropertyValueSpecification","valueRequired":true,"valueName":"search_term_string"}}],"inLanguage":"es"},{"@type":"Person","@id":"https:\/\/dev.antudigital.cl\/sites\/vc\/#\/schema\/person\/c2b9da8dd545e27166fc5ab232837318","name":"Valpara\u00edso Creativo","description":"Periodista de cultura en la Regi\u00f3n de Valpara\u00edso.","url":"https:\/\/dev.antudigital.cl\/sites\/vc\/author\/valpoadmin\/"}]}},"_links":{"self":[{"href":"https:\/\/dev.antudigital.cl\/sites\/vc\/wp-json\/wp\/v2\/posts\/19046","targetHints":{"allow":["GET"]}}],"collection":[{"href":"https:\/\/dev.antudigital.cl\/sites\/vc\/wp-json\/wp\/v2\/posts"}],"about":[{"href":"https:\/\/dev.antudigital.cl\/sites\/vc\/wp-json\/wp\/v2\/types\/post"}],"author":[{"embeddable":true,"href":"https:\/\/dev.antudigital.cl\/sites\/vc\/wp-json\/wp\/v2\/users\/1"}],"replies":[{"embeddable":true,"href":"https:\/\/dev.antudigital.cl\/sites\/vc\/wp-json\/wp\/v2\/comments?post=19046"}],"version-history":[{"count":1,"href":"https:\/\/dev.antudigital.cl\/sites\/vc\/wp-json\/wp\/v2\/posts\/19046\/revisions"}],"predecessor-version":[{"id":19050,"href":"https:\/\/dev.antudigital.cl\/sites\/vc\/wp-json\/wp\/v2\/posts\/19046\/revisions\/19050"}],"wp:featuredmedia":[{"embeddable":true,"href":"https:\/\/dev.antudigital.cl\/sites\/vc\/wp-json\/wp\/v2\/media\/19047"}],"wp:attachment":[{"href":"https:\/\/dev.antudigital.cl\/sites\/vc\/wp-json\/wp\/v2\/media?parent=19046"}],"wp:term":[{"taxonomy":"category","embeddable":true,"href":"https:\/\/dev.antudigital.cl\/sites\/vc\/wp-json\/wp\/v2\/categories?post=19046"},{"taxonomy":"post_tag","embeddable":true,"href":"https:\/\/dev.antudigital.cl\/sites\/vc\/wp-json\/wp\/v2\/tags?post=19046"}],"curies":[{"name":"wp","href":"https:\/\/api.w.org\/{rel}","templated":true}]}}