{"id":19051,"date":"2024-05-06T17:50:15","date_gmt":"2024-05-06T17:50:15","guid":{"rendered":"https:\/\/www.valparaisocreativo.cl\/?p=19051"},"modified":"2024-05-06T17:50:32","modified_gmt":"2024-05-06T17:50:32","slug":"quilpue-audiovisual-continua-su-cartelera-de-mayo-con-las-destacadas-peliculas-cecilia-la-incomparable-los-colonos-e-historia-y-geografia","status":"publish","type":"post","link":"https:\/\/dev.antudigital.cl\/sites\/vc\/quilpue-audiovisual-continua-su-cartelera-de-mayo-con-las-destacadas-peliculas-cecilia-la-incomparable-los-colonos-e-historia-y-geografia\/","title":{"rendered":"Quilpu\u00e9 Audiovisual contin\u00faa su cartelera de mayo con las destacadas pel\u00edculas \u201cCecilia, la incomparable\u201d, \u201cLos Colonos\u201d e \u201cHistoria y geograf\u00eda\u201d"},"content":{"rendered":"\n<p><em>Todas las exhibiciones son con entrada liberada y consideran conversatorios despu\u00e9s de las pel\u00edculas.<\/em><\/p>\n\n\n\n<p>Para seguir difundiendo el cine chileno, el&nbsp;<strong>Centro Cultural Quilpu\u00e9 Audiovisual&nbsp;<\/strong>presenta su cartelera de mayo con funcionestodos los<strong>&nbsp;martes en Villa Alemana<\/strong>&nbsp;y los&nbsp;<strong>mi\u00e9rcoles en Quilpu\u00e9.<\/strong><\/p>\n\n\n\n<p><strong>Esta iniciativa cuenta con el financiamiento del Ministerio de las Culturas, las Artes y el Patrimonio<\/strong>&nbsp;a trav\u00e9s de su Programa de Apoyo a Organizaciones Culturales Colaboradoras. Es auspiciada por la Municipalidad de Quilpu\u00e9 y cuenta con la colaboraci\u00f3n de EFE Trenes Valpara\u00edso, Portal Belloto, Duoc Vi\u00f1a del Mar y las municipalidades de Villa Alemana, Quillota, Quintero, Llay Llay, Algarrobo, La Ligua y Cabildo en conjunto con Servicio Pa\u00eds.<\/p>\n\n\n\n<p>Al respecto a la cartelera de mayo,<strong>\u00a0Sebasti\u00e1n Cartajena, director art\u00edstico programador del CC Quilpu\u00e9 Audiovisual\u00a0<\/strong>expresa:\u00a0<em>\u201cEste mes de mayo estamos presentando una programaci\u00f3n muy diversa, con pel\u00edculas de diferentes estilos y para todos los gustos. Y tambi\u00e9n damos inicio a las funciones para personas mayores con un horario c\u00f3modo a las 16hrs para que las personas puedan asistir sin preocuparse de salir tarde o a oscuras. As\u00ed que desde ya les invitamos a seguir descubriendo el cine chileno en la pantalla grande con entrada completamente liberada\u201d.<\/em><\/p>\n\n\n\n<figure class=\"wp-block-image size-large\"><img fetchpriority=\"high\" decoding=\"async\" width=\"1024\" height=\"768\" src=\"https:\/\/www.valparaisocreativo.cl\/wp-content\/uploads\/2024\/05\/HYG-Villa-Alemana-1024x768.jpg\" alt=\"\" class=\"wp-image-19054\" srcset=\"https:\/\/dev.antudigital.cl\/sites\/vc\/wp-content\/uploads\/2024\/05\/HYG-Villa-Alemana-1024x768.jpg 1024w, https:\/\/dev.antudigital.cl\/sites\/vc\/wp-content\/uploads\/2024\/05\/HYG-Villa-Alemana-300x225.jpg 300w, https:\/\/dev.antudigital.cl\/sites\/vc\/wp-content\/uploads\/2024\/05\/HYG-Villa-Alemana-768x576.jpg 768w, https:\/\/dev.antudigital.cl\/sites\/vc\/wp-content\/uploads\/2024\/05\/HYG-Villa-Alemana-510x382.jpg 510w, https:\/\/dev.antudigital.cl\/sites\/vc\/wp-content\/uploads\/2024\/05\/HYG-Villa-Alemana-1080x810.jpg 1080w, https:\/\/dev.antudigital.cl\/sites\/vc\/wp-content\/uploads\/2024\/05\/HYG-Villa-Alemana-1280x960.jpg 1280w, https:\/\/dev.antudigital.cl\/sites\/vc\/wp-content\/uploads\/2024\/05\/HYG-Villa-Alemana-980x735.jpg 980w, https:\/\/dev.antudigital.cl\/sites\/vc\/wp-content\/uploads\/2024\/05\/HYG-Villa-Alemana-480x360.jpg 480w, https:\/\/dev.antudigital.cl\/sites\/vc\/wp-content\/uploads\/2024\/05\/HYG-Villa-Alemana-24x18.jpg 24w, https:\/\/dev.antudigital.cl\/sites\/vc\/wp-content\/uploads\/2024\/05\/HYG-Villa-Alemana-36x27.jpg 36w, https:\/\/dev.antudigital.cl\/sites\/vc\/wp-content\/uploads\/2024\/05\/HYG-Villa-Alemana-48x36.jpg 48w, https:\/\/dev.antudigital.cl\/sites\/vc\/wp-content\/uploads\/2024\/05\/HYG-Villa-Alemana.jpg 1440w\" sizes=\"(max-width: 1024px) 100vw, 1024px\" \/><\/figure>\n\n\n\n<p><strong>Programaci\u00f3n Villa Alemana<\/strong><\/p>\n\n\n\n<p>Las funciones se realizar\u00e1n a&nbsp;<strong>las 18:30 horas<\/strong>&nbsp;en el&nbsp;<strong>Teatro Municipal Pompeya.<\/strong><\/p>\n\n\n\n<p>El&nbsp;<strong>martes 7<\/strong>&nbsp;la pel\u00edcula que abrir\u00e1 la parrilla ser\u00e1&nbsp;<strong>\u201cCecilia, la incomparable\u201d<\/strong>&nbsp;de la directora Vanessa Miller. Protagonizada por Amaya Forch, el largometraje musical cuenta la historia de la afamada cantante chilena, Cecilia, sus amores, desamores y conflictos. Y para conversar sobre la pel\u00edcula,&nbsp;<strong>despu\u00e9s de la funci\u00f3n estar\u00e1 presente la actriz Nathalia Aragonese.<\/strong><\/p>\n\n\n\n<p>Luego, el&nbsp;<strong>martes 14<\/strong>&nbsp;har\u00e1 su estreno nacional en la comuna,&nbsp;<strong>\u201cHistoria y geograf\u00eda\u201d,<\/strong>&nbsp;pel\u00edcula dirigida por Bernardo Quesney y protagonizada por Amparo Noguera junto a Catalina Saavedra, Pablo Schwarz, Paulina Urrutia, Steevens Benjamin y Paloma Moreno.<\/p>\n\n\n\n<p>La \u00faltima funci\u00f3n, ser\u00e1 el\u00a0<strong>martes 28<\/strong>\u00a0con\u00a0<strong>\u201cIsla Alien\u201d<\/strong>\u00a0del director Crist\u00f3bal Valenzuela. Este documental de ciencia ficci\u00f3n narra la historia de c\u00f3mo en los a\u00f1os 80 un grupo de personas se comunic\u00f3 por radio con seres desconocidos que dec\u00edan habitar un lugar llamado Isla Friendship, ubicada en el sur de Chile.<\/p>\n\n\n\n<figure class=\"wp-block-image size-large\"><img decoding=\"async\" width=\"1024\" height=\"576\" src=\"https:\/\/www.valparaisocreativo.cl\/wp-content\/uploads\/2024\/05\/Cecilia-La-incomparable-QP_VA-1024x576.png\" alt=\"\" class=\"wp-image-19052\" srcset=\"https:\/\/dev.antudigital.cl\/sites\/vc\/wp-content\/uploads\/2024\/05\/Cecilia-La-incomparable-QP_VA-1024x576.png 1024w, https:\/\/dev.antudigital.cl\/sites\/vc\/wp-content\/uploads\/2024\/05\/Cecilia-La-incomparable-QP_VA-300x169.png 300w, https:\/\/dev.antudigital.cl\/sites\/vc\/wp-content\/uploads\/2024\/05\/Cecilia-La-incomparable-QP_VA-768x432.png 768w, https:\/\/dev.antudigital.cl\/sites\/vc\/wp-content\/uploads\/2024\/05\/Cecilia-La-incomparable-QP_VA-1536x863.png 1536w, https:\/\/dev.antudigital.cl\/sites\/vc\/wp-content\/uploads\/2024\/05\/Cecilia-La-incomparable-QP_VA-2048x1151.png 2048w, https:\/\/dev.antudigital.cl\/sites\/vc\/wp-content\/uploads\/2024\/05\/Cecilia-La-incomparable-QP_VA-1080x607.png 1080w, https:\/\/dev.antudigital.cl\/sites\/vc\/wp-content\/uploads\/2024\/05\/Cecilia-La-incomparable-QP_VA-1280x720.png 1280w, https:\/\/dev.antudigital.cl\/sites\/vc\/wp-content\/uploads\/2024\/05\/Cecilia-La-incomparable-QP_VA-980x551.png 980w, https:\/\/dev.antudigital.cl\/sites\/vc\/wp-content\/uploads\/2024\/05\/Cecilia-La-incomparable-QP_VA-480x270.png 480w, https:\/\/dev.antudigital.cl\/sites\/vc\/wp-content\/uploads\/2024\/05\/Cecilia-La-incomparable-QP_VA-24x13.png 24w, https:\/\/dev.antudigital.cl\/sites\/vc\/wp-content\/uploads\/2024\/05\/Cecilia-La-incomparable-QP_VA-36x20.png 36w, https:\/\/dev.antudigital.cl\/sites\/vc\/wp-content\/uploads\/2024\/05\/Cecilia-La-incomparable-QP_VA-48x27.png 48w\" sizes=\"(max-width: 1024px) 100vw, 1024px\" \/><\/figure>\n\n\n\n<p><strong>Programaci\u00f3n Quilpu\u00e9<\/strong><\/p>\n\n\n\n<p>Las funciones se realizar\u00e1n a&nbsp;<strong>las 19:00 horas<\/strong>&nbsp;en el&nbsp;<strong>Teatro Municipal Juan Bustos Ram\u00edrez.<\/strong><\/p>\n\n\n\n<p>El&nbsp;<strong>mi\u00e9rcoles 8<\/strong>&nbsp;se exhibir\u00e1<strong>&nbsp;\u201cLos Colonos\u201d&nbsp;<\/strong>del director Felipe G\u00e1lvez. Un western patag\u00f3nico estremecedor que relata el genocidio del pueblo Selk\u2019nam en Tierra del Fuego.<\/p>\n\n\n\n<p>El&nbsp;<strong>mi\u00e9rcoles 15<\/strong>&nbsp;es el turno de \u201c<strong>En septiembre canta el gallo\u201d,<\/strong>&nbsp;un documental de Nano Stern y Luis Emilio Brice\u00f1o, en d\u00f3nde m\u00fasica, poes\u00eda, im\u00e1genes de archivo y animaci\u00f3n acompa\u00f1an testimonios nuevos de un amplio abanico de cantoras y cantores populares activos a comienzos de la d\u00e9cada del 70.<\/p>\n\n\n\n<p>El&nbsp;<strong>mi\u00e9rcoles 22&nbsp;<\/strong>se proyectar\u00e1<strong>&nbsp;\u201cHistoria y Geograf\u00eda\u201d<\/strong>&nbsp;y para hablar sobre la pel\u00edcula, estar\u00e1 presente el director&nbsp;<strong>Bernardo Quesney y el productor Pablo Calisto.<\/strong><\/p>\n\n\n\n<p>Y el\u00a0<strong>mi\u00e9rcoles 28<\/strong>\u00a0cierra el ciclo de cine del mes\u00a0<strong>\u201cAn\u00e1logos\u201d<\/strong>, la \u00faltima pel\u00edcula del director Jorge Olgu\u00edn. Protagonizada por los actores\u00a0<strong>M\u00f3nica Carrasco y Jorge Gajardo<\/strong>\u00a0(Los Venegas), la historia de la pel\u00edcula se centra en una pareja de ancianos solitarios que quedan aislados mientras un cometa se aproxima a la Tierra hablando de los cuidados, la vejez y la salud mental.<\/p>\n\n\n\n<figure class=\"wp-block-image size-large\"><img decoding=\"async\" width=\"1024\" height=\"576\" src=\"https:\/\/www.valparaisocreativo.cl\/wp-content\/uploads\/2024\/05\/En-septiembre-canta-el-gallo-QP-1024x576.jpg\" alt=\"\" class=\"wp-image-19053\" srcset=\"https:\/\/dev.antudigital.cl\/sites\/vc\/wp-content\/uploads\/2024\/05\/En-septiembre-canta-el-gallo-QP-1024x576.jpg 1024w, https:\/\/dev.antudigital.cl\/sites\/vc\/wp-content\/uploads\/2024\/05\/En-septiembre-canta-el-gallo-QP-300x169.jpg 300w, https:\/\/dev.antudigital.cl\/sites\/vc\/wp-content\/uploads\/2024\/05\/En-septiembre-canta-el-gallo-QP-768x432.jpg 768w, https:\/\/dev.antudigital.cl\/sites\/vc\/wp-content\/uploads\/2024\/05\/En-septiembre-canta-el-gallo-QP-1536x864.jpg 1536w, https:\/\/dev.antudigital.cl\/sites\/vc\/wp-content\/uploads\/2024\/05\/En-septiembre-canta-el-gallo-QP-1080x608.jpg 1080w, https:\/\/dev.antudigital.cl\/sites\/vc\/wp-content\/uploads\/2024\/05\/En-septiembre-canta-el-gallo-QP-1280x720.jpg 1280w, https:\/\/dev.antudigital.cl\/sites\/vc\/wp-content\/uploads\/2024\/05\/En-septiembre-canta-el-gallo-QP-980x551.jpg 980w, https:\/\/dev.antudigital.cl\/sites\/vc\/wp-content\/uploads\/2024\/05\/En-septiembre-canta-el-gallo-QP-480x270.jpg 480w, https:\/\/dev.antudigital.cl\/sites\/vc\/wp-content\/uploads\/2024\/05\/En-septiembre-canta-el-gallo-QP-24x14.jpg 24w, https:\/\/dev.antudigital.cl\/sites\/vc\/wp-content\/uploads\/2024\/05\/En-septiembre-canta-el-gallo-QP-36x20.jpg 36w, https:\/\/dev.antudigital.cl\/sites\/vc\/wp-content\/uploads\/2024\/05\/En-septiembre-canta-el-gallo-QP-48x27.jpg 48w, https:\/\/dev.antudigital.cl\/sites\/vc\/wp-content\/uploads\/2024\/05\/En-septiembre-canta-el-gallo-QP.jpg 1920w\" sizes=\"(max-width: 1024px) 100vw, 1024px\" \/><\/figure>\n\n\n\n<p><strong>Funciones Personas Mayores<\/strong><em><\/em><\/p>\n\n\n\n<p>Con el objetivo de brindarles un espacio para ver y conversar en torno al cine chileno, es que hay programadas, una vez al mes hasta octubre, muestras para las personas mayores en horario especial de las&nbsp;<strong>16:00 horas<\/strong>&nbsp;tanto en Villa Alemana como Quilpu\u00e9<strong>.<\/strong><\/p>\n\n\n\n<p>Y para mayo, la pel\u00edcula que se exhibir\u00e1 en ambas comunas ser\u00e1&nbsp;<strong>\u201cPadre Nuestro\u201d<\/strong>&nbsp;del director Rodrigo Sep\u00falveda. La cinta es protagonizada por Jaime Vadell, Cecilia Roth, Amparo Noguera, Luis Gnecco, Francisco Perez Bannen y Coca Guazzini.<\/p>\n\n\n\n<p>El filme cuenta la historia de Caco, un vividor empedernido, que abandon\u00f3 a su familia 9 a\u00f1os atr\u00e1s. Y mientras pasa su \u00faltimo d\u00eda de vida en un hospital de Valpara\u00edso, le pide a sus hijos que lo saquen de ah\u00ed. Ellos no sospechan que ese viejo divertido, alegre y exc\u00e9ntrico de anta\u00f1o, esta vez habla en serio y va a hacer todo lo posible para reunir a su familia, aun cuando esto le lleve la vida.<\/p>\n\n\n\n<p>Para m\u00e1s detalles sobre la cartelera mensual revisar&nbsp;<a href=\"http:\/\/www.quilpueaudiovisual.cl\/\" target=\"_blank\" rel=\"noreferrer noopener\">www.quilpueaudiovisual.cl<\/a><\/p>\n\n\n\n<p><strong>Redes sociales: @ccquilpueaudiovisua<\/strong><\/p>\n","protected":false},"excerpt":{"rendered":"<p>Todas las exhibiciones son con entrada liberada y consideran conversatorios despu\u00e9s de las pel\u00edculas. Para seguir difundiendo el cine chileno, el&nbsp;Centro Cultural Quilpu\u00e9 Audiovisual&nbsp;presenta su cartelera de mayo con funcionestodos los&nbsp;martes en Villa Alemana&nbsp;y los&nbsp;mi\u00e9rcoles en Quilpu\u00e9. Esta iniciativa cuenta con el financiamiento del Ministerio de las Culturas, las Artes y el Patrimonio&nbsp;a trav\u00e9s de [&hellip;]<\/p>\n","protected":false},"author":1,"featured_media":19055,"comment_status":"closed","ping_status":"closed","sticky":false,"template":"","format":"standard","meta":{"_acf_changed":false,"footnotes":""},"categories":[8],"tags":[],"class_list":["post-19051","post","type-post","status-publish","format-standard","has-post-thumbnail","hentry","category-noticia"],"acf":[],"yoast_head":"<!-- This site is optimized with the Yoast SEO plugin v27.1.1 - https:\/\/yoast.com\/product\/yoast-seo-wordpress\/ -->\n<title>Quilpu\u00e9 Audiovisual contin\u00faa su cartelera de mayo con las destacadas pel\u00edculas \u201cCecilia, la incomparable\u201d, \u201cLos Colonos\u201d e \u201cHistoria y geograf\u00eda\u201d - Valpara\u00ed\u00adso Creativo<\/title>\n<meta name=\"robots\" content=\"index, follow, max-snippet:-1, max-image-preview:large, max-video-preview:-1\" \/>\n<link rel=\"canonical\" href=\"https:\/\/dev.antudigital.cl\/sites\/vc\/quilpue-audiovisual-continua-su-cartelera-de-mayo-con-las-destacadas-peliculas-cecilia-la-incomparable-los-colonos-e-historia-y-geografia\/\" \/>\n<meta property=\"og:locale\" content=\"es_ES\" \/>\n<meta property=\"og:type\" content=\"article\" \/>\n<meta property=\"og:title\" content=\"Quilpu\u00e9 Audiovisual contin\u00faa su cartelera de mayo con las destacadas pel\u00edculas \u201cCecilia, la incomparable\u201d, \u201cLos Colonos\u201d e \u201cHistoria y geograf\u00eda\u201d - Valpara\u00ed\u00adso Creativo\" \/>\n<meta property=\"og:description\" content=\"Todas las exhibiciones son con entrada liberada y consideran conversatorios despu\u00e9s de las pel\u00edculas. Para seguir difundiendo el cine chileno, el&nbsp;Centro Cultural Quilpu\u00e9 Audiovisual&nbsp;presenta su cartelera de mayo con funcionestodos los&nbsp;martes en Villa Alemana&nbsp;y los&nbsp;mi\u00e9rcoles en Quilpu\u00e9. Esta iniciativa cuenta con el financiamiento del Ministerio de las Culturas, las Artes y el Patrimonio&nbsp;a trav\u00e9s de [&hellip;]\" \/>\n<meta property=\"og:url\" content=\"https:\/\/dev.antudigital.cl\/sites\/vc\/quilpue-audiovisual-continua-su-cartelera-de-mayo-con-las-destacadas-peliculas-cecilia-la-incomparable-los-colonos-e-historia-y-geografia\/\" \/>\n<meta property=\"og:site_name\" content=\"Valpara\u00ed\u00adso Creativo\" \/>\n<meta property=\"article:published_time\" content=\"2024-05-06T17:50:15+00:00\" \/>\n<meta property=\"article:modified_time\" content=\"2024-05-06T17:50:32+00:00\" \/>\n<meta property=\"og:image\" content=\"https:\/\/dev.antudigital.cl\/sites\/vc\/wp-content\/uploads\/2024\/05\/Los-Colonos-QP-scaled.jpg\" \/>\n\t<meta property=\"og:image:width\" content=\"2560\" \/>\n\t<meta property=\"og:image:height\" content=\"1707\" \/>\n\t<meta property=\"og:image:type\" content=\"image\/jpeg\" \/>\n<meta name=\"author\" content=\"Valpara\u00edso Creativo\" \/>\n<meta name=\"twitter:card\" content=\"summary_large_image\" \/>\n<meta name=\"twitter:label1\" content=\"Escrito por\" \/>\n\t<meta name=\"twitter:data1\" content=\"Valpara\u00edso Creativo\" \/>\n\t<meta name=\"twitter:label2\" content=\"Tiempo de lectura\" \/>\n\t<meta name=\"twitter:data2\" content=\"4 minutos\" \/>\n<script type=\"application\/ld+json\" class=\"yoast-schema-graph\">{\"@context\":\"https:\/\/schema.org\",\"@graph\":[{\"@type\":\"Article\",\"@id\":\"https:\/\/dev.antudigital.cl\/sites\/vc\/quilpue-audiovisual-continua-su-cartelera-de-mayo-con-las-destacadas-peliculas-cecilia-la-incomparable-los-colonos-e-historia-y-geografia\/#article\",\"isPartOf\":{\"@id\":\"https:\/\/dev.antudigital.cl\/sites\/vc\/quilpue-audiovisual-continua-su-cartelera-de-mayo-con-las-destacadas-peliculas-cecilia-la-incomparable-los-colonos-e-historia-y-geografia\/\"},\"author\":{\"name\":\"Valpara\u00edso Creativo\",\"@id\":\"https:\/\/dev.antudigital.cl\/sites\/vc\/#\/schema\/person\/c2b9da8dd545e27166fc5ab232837318\"},\"headline\":\"Quilpu\u00e9 Audiovisual contin\u00faa su cartelera de mayo con las destacadas pel\u00edculas \u201cCecilia, la incomparable\u201d, \u201cLos Colonos\u201d e \u201cHistoria y geograf\u00eda\u201d\",\"datePublished\":\"2024-05-06T17:50:15+00:00\",\"dateModified\":\"2024-05-06T17:50:32+00:00\",\"mainEntityOfPage\":{\"@id\":\"https:\/\/dev.antudigital.cl\/sites\/vc\/quilpue-audiovisual-continua-su-cartelera-de-mayo-con-las-destacadas-peliculas-cecilia-la-incomparable-los-colonos-e-historia-y-geografia\/\"},\"wordCount\":827,\"image\":{\"@id\":\"https:\/\/dev.antudigital.cl\/sites\/vc\/quilpue-audiovisual-continua-su-cartelera-de-mayo-con-las-destacadas-peliculas-cecilia-la-incomparable-los-colonos-e-historia-y-geografia\/#primaryimage\"},\"thumbnailUrl\":\"https:\/\/dev.antudigital.cl\/sites\/vc\/wp-content\/uploads\/2024\/05\/Los-Colonos-QP-scaled.jpg\",\"articleSection\":[\"Noticia\"],\"inLanguage\":\"es\"},{\"@type\":\"WebPage\",\"@id\":\"https:\/\/dev.antudigital.cl\/sites\/vc\/quilpue-audiovisual-continua-su-cartelera-de-mayo-con-las-destacadas-peliculas-cecilia-la-incomparable-los-colonos-e-historia-y-geografia\/\",\"url\":\"https:\/\/dev.antudigital.cl\/sites\/vc\/quilpue-audiovisual-continua-su-cartelera-de-mayo-con-las-destacadas-peliculas-cecilia-la-incomparable-los-colonos-e-historia-y-geografia\/\",\"name\":\"Quilpu\u00e9 Audiovisual contin\u00faa su cartelera de mayo con las destacadas pel\u00edculas \u201cCecilia, la incomparable\u201d, \u201cLos Colonos\u201d e \u201cHistoria y geograf\u00eda\u201d - Valpara\u00ed\u00adso Creativo\",\"isPartOf\":{\"@id\":\"https:\/\/dev.antudigital.cl\/sites\/vc\/#website\"},\"primaryImageOfPage\":{\"@id\":\"https:\/\/dev.antudigital.cl\/sites\/vc\/quilpue-audiovisual-continua-su-cartelera-de-mayo-con-las-destacadas-peliculas-cecilia-la-incomparable-los-colonos-e-historia-y-geografia\/#primaryimage\"},\"image\":{\"@id\":\"https:\/\/dev.antudigital.cl\/sites\/vc\/quilpue-audiovisual-continua-su-cartelera-de-mayo-con-las-destacadas-peliculas-cecilia-la-incomparable-los-colonos-e-historia-y-geografia\/#primaryimage\"},\"thumbnailUrl\":\"https:\/\/dev.antudigital.cl\/sites\/vc\/wp-content\/uploads\/2024\/05\/Los-Colonos-QP-scaled.jpg\",\"datePublished\":\"2024-05-06T17:50:15+00:00\",\"dateModified\":\"2024-05-06T17:50:32+00:00\",\"author\":{\"@id\":\"https:\/\/dev.antudigital.cl\/sites\/vc\/#\/schema\/person\/c2b9da8dd545e27166fc5ab232837318\"},\"breadcrumb\":{\"@id\":\"https:\/\/dev.antudigital.cl\/sites\/vc\/quilpue-audiovisual-continua-su-cartelera-de-mayo-con-las-destacadas-peliculas-cecilia-la-incomparable-los-colonos-e-historia-y-geografia\/#breadcrumb\"},\"inLanguage\":\"es\",\"potentialAction\":[{\"@type\":\"ReadAction\",\"target\":[\"https:\/\/dev.antudigital.cl\/sites\/vc\/quilpue-audiovisual-continua-su-cartelera-de-mayo-con-las-destacadas-peliculas-cecilia-la-incomparable-los-colonos-e-historia-y-geografia\/\"]}]},{\"@type\":\"ImageObject\",\"inLanguage\":\"es\",\"@id\":\"https:\/\/dev.antudigital.cl\/sites\/vc\/quilpue-audiovisual-continua-su-cartelera-de-mayo-con-las-destacadas-peliculas-cecilia-la-incomparable-los-colonos-e-historia-y-geografia\/#primaryimage\",\"url\":\"https:\/\/dev.antudigital.cl\/sites\/vc\/wp-content\/uploads\/2024\/05\/Los-Colonos-QP-scaled.jpg\",\"contentUrl\":\"https:\/\/dev.antudigital.cl\/sites\/vc\/wp-content\/uploads\/2024\/05\/Los-Colonos-QP-scaled.jpg\",\"width\":2560,\"height\":1707},{\"@type\":\"BreadcrumbList\",\"@id\":\"https:\/\/dev.antudigital.cl\/sites\/vc\/quilpue-audiovisual-continua-su-cartelera-de-mayo-con-las-destacadas-peliculas-cecilia-la-incomparable-los-colonos-e-historia-y-geografia\/#breadcrumb\",\"itemListElement\":[{\"@type\":\"ListItem\",\"position\":1,\"name\":\"Home\",\"item\":\"https:\/\/dev.antudigital.cl\/sites\/vc\/\"},{\"@type\":\"ListItem\",\"position\":2,\"name\":\"Quilpu\u00e9 Audiovisual contin\u00faa su cartelera de mayo con las destacadas pel\u00edculas \u201cCecilia, la incomparable\u201d, \u201cLos Colonos\u201d e \u201cHistoria y geograf\u00eda\u201d\"}]},{\"@type\":\"WebSite\",\"@id\":\"https:\/\/dev.antudigital.cl\/sites\/vc\/#website\",\"url\":\"https:\/\/dev.antudigital.cl\/sites\/vc\/\",\"name\":\"Valpara\u00ed\u00adso Creativo\",\"description\":\"\",\"potentialAction\":[{\"@type\":\"SearchAction\",\"target\":{\"@type\":\"EntryPoint\",\"urlTemplate\":\"https:\/\/dev.antudigital.cl\/sites\/vc\/?s={search_term_string}\"},\"query-input\":{\"@type\":\"PropertyValueSpecification\",\"valueRequired\":true,\"valueName\":\"search_term_string\"}}],\"inLanguage\":\"es\"},{\"@type\":\"Person\",\"@id\":\"https:\/\/dev.antudigital.cl\/sites\/vc\/#\/schema\/person\/c2b9da8dd545e27166fc5ab232837318\",\"name\":\"Valpara\u00edso Creativo\",\"description\":\"Periodista de cultura en la Regi\u00f3n de Valpara\u00edso.\",\"url\":\"https:\/\/dev.antudigital.cl\/sites\/vc\/author\/valpoadmin\/\"}]}<\/script>\n<!-- \/ Yoast SEO plugin. -->","yoast_head_json":{"title":"Quilpu\u00e9 Audiovisual contin\u00faa su cartelera de mayo con las destacadas pel\u00edculas \u201cCecilia, la incomparable\u201d, \u201cLos Colonos\u201d e \u201cHistoria y geograf\u00eda\u201d - Valpara\u00ed\u00adso Creativo","robots":{"index":"index","follow":"follow","max-snippet":"max-snippet:-1","max-image-preview":"max-image-preview:large","max-video-preview":"max-video-preview:-1"},"canonical":"https:\/\/dev.antudigital.cl\/sites\/vc\/quilpue-audiovisual-continua-su-cartelera-de-mayo-con-las-destacadas-peliculas-cecilia-la-incomparable-los-colonos-e-historia-y-geografia\/","og_locale":"es_ES","og_type":"article","og_title":"Quilpu\u00e9 Audiovisual contin\u00faa su cartelera de mayo con las destacadas pel\u00edculas \u201cCecilia, la incomparable\u201d, \u201cLos Colonos\u201d e \u201cHistoria y geograf\u00eda\u201d - Valpara\u00ed\u00adso Creativo","og_description":"Todas las exhibiciones son con entrada liberada y consideran conversatorios despu\u00e9s de las pel\u00edculas. Para seguir difundiendo el cine chileno, el&nbsp;Centro Cultural Quilpu\u00e9 Audiovisual&nbsp;presenta su cartelera de mayo con funcionestodos los&nbsp;martes en Villa Alemana&nbsp;y los&nbsp;mi\u00e9rcoles en Quilpu\u00e9. Esta iniciativa cuenta con el financiamiento del Ministerio de las Culturas, las Artes y el Patrimonio&nbsp;a trav\u00e9s de [&hellip;]","og_url":"https:\/\/dev.antudigital.cl\/sites\/vc\/quilpue-audiovisual-continua-su-cartelera-de-mayo-con-las-destacadas-peliculas-cecilia-la-incomparable-los-colonos-e-historia-y-geografia\/","og_site_name":"Valpara\u00ed\u00adso Creativo","article_published_time":"2024-05-06T17:50:15+00:00","article_modified_time":"2024-05-06T17:50:32+00:00","og_image":[{"width":2560,"height":1707,"url":"https:\/\/dev.antudigital.cl\/sites\/vc\/wp-content\/uploads\/2024\/05\/Los-Colonos-QP-scaled.jpg","type":"image\/jpeg"}],"author":"Valpara\u00edso Creativo","twitter_card":"summary_large_image","twitter_misc":{"Escrito por":"Valpara\u00edso Creativo","Tiempo de lectura":"4 minutos"},"schema":{"@context":"https:\/\/schema.org","@graph":[{"@type":"Article","@id":"https:\/\/dev.antudigital.cl\/sites\/vc\/quilpue-audiovisual-continua-su-cartelera-de-mayo-con-las-destacadas-peliculas-cecilia-la-incomparable-los-colonos-e-historia-y-geografia\/#article","isPartOf":{"@id":"https:\/\/dev.antudigital.cl\/sites\/vc\/quilpue-audiovisual-continua-su-cartelera-de-mayo-con-las-destacadas-peliculas-cecilia-la-incomparable-los-colonos-e-historia-y-geografia\/"},"author":{"name":"Valpara\u00edso Creativo","@id":"https:\/\/dev.antudigital.cl\/sites\/vc\/#\/schema\/person\/c2b9da8dd545e27166fc5ab232837318"},"headline":"Quilpu\u00e9 Audiovisual contin\u00faa su cartelera de mayo con las destacadas pel\u00edculas \u201cCecilia, la incomparable\u201d, \u201cLos Colonos\u201d e \u201cHistoria y geograf\u00eda\u201d","datePublished":"2024-05-06T17:50:15+00:00","dateModified":"2024-05-06T17:50:32+00:00","mainEntityOfPage":{"@id":"https:\/\/dev.antudigital.cl\/sites\/vc\/quilpue-audiovisual-continua-su-cartelera-de-mayo-con-las-destacadas-peliculas-cecilia-la-incomparable-los-colonos-e-historia-y-geografia\/"},"wordCount":827,"image":{"@id":"https:\/\/dev.antudigital.cl\/sites\/vc\/quilpue-audiovisual-continua-su-cartelera-de-mayo-con-las-destacadas-peliculas-cecilia-la-incomparable-los-colonos-e-historia-y-geografia\/#primaryimage"},"thumbnailUrl":"https:\/\/dev.antudigital.cl\/sites\/vc\/wp-content\/uploads\/2024\/05\/Los-Colonos-QP-scaled.jpg","articleSection":["Noticia"],"inLanguage":"es"},{"@type":"WebPage","@id":"https:\/\/dev.antudigital.cl\/sites\/vc\/quilpue-audiovisual-continua-su-cartelera-de-mayo-con-las-destacadas-peliculas-cecilia-la-incomparable-los-colonos-e-historia-y-geografia\/","url":"https:\/\/dev.antudigital.cl\/sites\/vc\/quilpue-audiovisual-continua-su-cartelera-de-mayo-con-las-destacadas-peliculas-cecilia-la-incomparable-los-colonos-e-historia-y-geografia\/","name":"Quilpu\u00e9 Audiovisual contin\u00faa su cartelera de mayo con las destacadas pel\u00edculas \u201cCecilia, la incomparable\u201d, \u201cLos Colonos\u201d e \u201cHistoria y geograf\u00eda\u201d - Valpara\u00ed\u00adso Creativo","isPartOf":{"@id":"https:\/\/dev.antudigital.cl\/sites\/vc\/#website"},"primaryImageOfPage":{"@id":"https:\/\/dev.antudigital.cl\/sites\/vc\/quilpue-audiovisual-continua-su-cartelera-de-mayo-con-las-destacadas-peliculas-cecilia-la-incomparable-los-colonos-e-historia-y-geografia\/#primaryimage"},"image":{"@id":"https:\/\/dev.antudigital.cl\/sites\/vc\/quilpue-audiovisual-continua-su-cartelera-de-mayo-con-las-destacadas-peliculas-cecilia-la-incomparable-los-colonos-e-historia-y-geografia\/#primaryimage"},"thumbnailUrl":"https:\/\/dev.antudigital.cl\/sites\/vc\/wp-content\/uploads\/2024\/05\/Los-Colonos-QP-scaled.jpg","datePublished":"2024-05-06T17:50:15+00:00","dateModified":"2024-05-06T17:50:32+00:00","author":{"@id":"https:\/\/dev.antudigital.cl\/sites\/vc\/#\/schema\/person\/c2b9da8dd545e27166fc5ab232837318"},"breadcrumb":{"@id":"https:\/\/dev.antudigital.cl\/sites\/vc\/quilpue-audiovisual-continua-su-cartelera-de-mayo-con-las-destacadas-peliculas-cecilia-la-incomparable-los-colonos-e-historia-y-geografia\/#breadcrumb"},"inLanguage":"es","potentialAction":[{"@type":"ReadAction","target":["https:\/\/dev.antudigital.cl\/sites\/vc\/quilpue-audiovisual-continua-su-cartelera-de-mayo-con-las-destacadas-peliculas-cecilia-la-incomparable-los-colonos-e-historia-y-geografia\/"]}]},{"@type":"ImageObject","inLanguage":"es","@id":"https:\/\/dev.antudigital.cl\/sites\/vc\/quilpue-audiovisual-continua-su-cartelera-de-mayo-con-las-destacadas-peliculas-cecilia-la-incomparable-los-colonos-e-historia-y-geografia\/#primaryimage","url":"https:\/\/dev.antudigital.cl\/sites\/vc\/wp-content\/uploads\/2024\/05\/Los-Colonos-QP-scaled.jpg","contentUrl":"https:\/\/dev.antudigital.cl\/sites\/vc\/wp-content\/uploads\/2024\/05\/Los-Colonos-QP-scaled.jpg","width":2560,"height":1707},{"@type":"BreadcrumbList","@id":"https:\/\/dev.antudigital.cl\/sites\/vc\/quilpue-audiovisual-continua-su-cartelera-de-mayo-con-las-destacadas-peliculas-cecilia-la-incomparable-los-colonos-e-historia-y-geografia\/#breadcrumb","itemListElement":[{"@type":"ListItem","position":1,"name":"Home","item":"https:\/\/dev.antudigital.cl\/sites\/vc\/"},{"@type":"ListItem","position":2,"name":"Quilpu\u00e9 Audiovisual contin\u00faa su cartelera de mayo con las destacadas pel\u00edculas \u201cCecilia, la incomparable\u201d, \u201cLos Colonos\u201d e \u201cHistoria y geograf\u00eda\u201d"}]},{"@type":"WebSite","@id":"https:\/\/dev.antudigital.cl\/sites\/vc\/#website","url":"https:\/\/dev.antudigital.cl\/sites\/vc\/","name":"Valpara\u00ed\u00adso Creativo","description":"","potentialAction":[{"@type":"SearchAction","target":{"@type":"EntryPoint","urlTemplate":"https:\/\/dev.antudigital.cl\/sites\/vc\/?s={search_term_string}"},"query-input":{"@type":"PropertyValueSpecification","valueRequired":true,"valueName":"search_term_string"}}],"inLanguage":"es"},{"@type":"Person","@id":"https:\/\/dev.antudigital.cl\/sites\/vc\/#\/schema\/person\/c2b9da8dd545e27166fc5ab232837318","name":"Valpara\u00edso Creativo","description":"Periodista de cultura en la Regi\u00f3n de Valpara\u00edso.","url":"https:\/\/dev.antudigital.cl\/sites\/vc\/author\/valpoadmin\/"}]}},"_links":{"self":[{"href":"https:\/\/dev.antudigital.cl\/sites\/vc\/wp-json\/wp\/v2\/posts\/19051","targetHints":{"allow":["GET"]}}],"collection":[{"href":"https:\/\/dev.antudigital.cl\/sites\/vc\/wp-json\/wp\/v2\/posts"}],"about":[{"href":"https:\/\/dev.antudigital.cl\/sites\/vc\/wp-json\/wp\/v2\/types\/post"}],"author":[{"embeddable":true,"href":"https:\/\/dev.antudigital.cl\/sites\/vc\/wp-json\/wp\/v2\/users\/1"}],"replies":[{"embeddable":true,"href":"https:\/\/dev.antudigital.cl\/sites\/vc\/wp-json\/wp\/v2\/comments?post=19051"}],"version-history":[{"count":1,"href":"https:\/\/dev.antudigital.cl\/sites\/vc\/wp-json\/wp\/v2\/posts\/19051\/revisions"}],"predecessor-version":[{"id":19056,"href":"https:\/\/dev.antudigital.cl\/sites\/vc\/wp-json\/wp\/v2\/posts\/19051\/revisions\/19056"}],"wp:featuredmedia":[{"embeddable":true,"href":"https:\/\/dev.antudigital.cl\/sites\/vc\/wp-json\/wp\/v2\/media\/19055"}],"wp:attachment":[{"href":"https:\/\/dev.antudigital.cl\/sites\/vc\/wp-json\/wp\/v2\/media?parent=19051"}],"wp:term":[{"taxonomy":"category","embeddable":true,"href":"https:\/\/dev.antudigital.cl\/sites\/vc\/wp-json\/wp\/v2\/categories?post=19051"},{"taxonomy":"post_tag","embeddable":true,"href":"https:\/\/dev.antudigital.cl\/sites\/vc\/wp-json\/wp\/v2\/tags?post=19051"}],"curies":[{"name":"wp","href":"https:\/\/api.w.org\/{rel}","templated":true}]}}