{"id":19063,"date":"2024-05-06T17:59:23","date_gmt":"2024-05-06T17:59:23","guid":{"rendered":"https:\/\/www.valparaisocreativo.cl\/?p=19063"},"modified":"2024-05-06T17:59:39","modified_gmt":"2024-05-06T17:59:39","slug":"electrodomesticos-comienza-la-cuenta-regresiva-para-la-primera-presentacion-en-vivo-de-su-nuevo-disco","status":"publish","type":"post","link":"https:\/\/dev.antudigital.cl\/sites\/vc\/electrodomesticos-comienza-la-cuenta-regresiva-para-la-primera-presentacion-en-vivo-de-su-nuevo-disco\/","title":{"rendered":"Electrodom\u00e9sticos: Comienza la cuenta regresiva para la primera presentaci\u00f3n en vivo de su\u00a0nuevo disco"},"content":{"rendered":"\n<p><strong>Ya quedan s\u00f3lo un par de d\u00edas<\/strong>&nbsp;para el show de lanzamiento del nuevo disco&nbsp;<em>\u00abMirar la Luz\u00bb<\/em>&nbsp;de Electrodom\u00e9sticos.<\/p>\n\n\n\n<p>Siendo la noche de este&nbsp;<strong>11 de mayo en Teatro Oriente, Santiago<\/strong>, la banda liderada por Carlos Cabezas inicia a las&nbsp;<strong>20.00 hrs<\/strong>&nbsp;un espect\u00e1culo musical que ve la luz por primera vez.<\/p>\n\n\n\n<p>Acompa\u00f1ado por elementos visuales nuevos, el show contar\u00e1 adem\u00e1s con invitados sorpresa. La invitaci\u00f3n es a compartir momentos musicales a lo largo de un setlist que recorrer\u00e1 no s\u00f3lo el nuevo disco en su totalidad, sino tambi\u00e9n traer\u00e1 de vuelta piezas del repertorio que estaban esperando su momento para volver a sonar en vivo. Desde el trabajo sonoro dise\u00f1ado para esa noche se presentar\u00e1 un&nbsp;<strong>sistema envolvente<\/strong>, que lo diferencia las anteriores puestas en escena de la banda.<\/p>\n\n\n\n<p>Por otro lado,&nbsp;<em>\u00abMirar la Luz\u00bb&nbsp;<\/em>estar\u00e1 disponible para comprar en&nbsp;<strong>disco f\u00edsico<\/strong>, junto con los nuevos dise\u00f1os de&nbsp;<strong>merchandising oficial<\/strong>&nbsp;de la banda en el acceso del evento.&nbsp;<\/p>\n\n\n\n<p>Las entradas se pueden adquirir a trav\u00e9s de\u00a0<a href=\"https:\/\/facebook.us13.list-manage.com\/track\/click?u=d9cda49066bce1836ecbd39e7&amp;id=f0ac3c3e28&amp;e=40134195ff\" target=\"_blank\" rel=\"noreferrer noopener\">PuntoTicket<\/a>.\u00a0<\/p>\n\n\n\n<p><strong><a href=\"https:\/\/www.passline.com\/eventos-plano\/electrodomesticos-en-quilpue?utm_source=brevo&amp;utm_campaign=Electro%2019&amp;utm_medium=email\">Ingresa ac\u00e1 por las entradas de Quilpu\u00e9<\/a><\/strong><\/p>\n","protected":false},"excerpt":{"rendered":"<p>Ya quedan s\u00f3lo un par de d\u00edas&nbsp;para el show de lanzamiento del nuevo disco&nbsp;\u00abMirar la Luz\u00bb&nbsp;de Electrodom\u00e9sticos. Siendo la noche de este&nbsp;11 de mayo en Teatro Oriente, Santiago, la banda liderada por Carlos Cabezas inicia a las&nbsp;20.00 hrs&nbsp;un espect\u00e1culo musical que ve la luz por primera vez. Acompa\u00f1ado por elementos visuales nuevos, el show contar\u00e1 [&hellip;]<\/p>\n","protected":false},"author":1,"featured_media":19064,"comment_status":"closed","ping_status":"closed","sticky":false,"template":"","format":"standard","meta":{"_acf_changed":false,"footnotes":""},"categories":[8],"tags":[],"class_list":["post-19063","post","type-post","status-publish","format-standard","has-post-thumbnail","hentry","category-noticia"],"acf":[],"yoast_head":"<!-- This site is optimized with the Yoast SEO plugin v27.1.1 - https:\/\/yoast.com\/product\/yoast-seo-wordpress\/ -->\n<title>Electrodom\u00e9sticos: Comienza la cuenta regresiva para la primera presentaci\u00f3n en vivo de su\u00a0nuevo disco - Valpara\u00ed\u00adso Creativo<\/title>\n<meta name=\"robots\" content=\"index, follow, max-snippet:-1, max-image-preview:large, max-video-preview:-1\" \/>\n<link rel=\"canonical\" href=\"https:\/\/dev.antudigital.cl\/sites\/vc\/electrodomesticos-comienza-la-cuenta-regresiva-para-la-primera-presentacion-en-vivo-de-su-nuevo-disco\/\" \/>\n<meta property=\"og:locale\" content=\"es_ES\" \/>\n<meta property=\"og:type\" content=\"article\" \/>\n<meta property=\"og:title\" content=\"Electrodom\u00e9sticos: Comienza la cuenta regresiva para la primera presentaci\u00f3n en vivo de su\u00a0nuevo disco - Valpara\u00ed\u00adso Creativo\" \/>\n<meta property=\"og:description\" content=\"Ya quedan s\u00f3lo un par de d\u00edas&nbsp;para el show de lanzamiento del nuevo disco&nbsp;\u00abMirar la Luz\u00bb&nbsp;de Electrodom\u00e9sticos. Siendo la noche de este&nbsp;11 de mayo en Teatro Oriente, Santiago, la banda liderada por Carlos Cabezas inicia a las&nbsp;20.00 hrs&nbsp;un espect\u00e1culo musical que ve la luz por primera vez. Acompa\u00f1ado por elementos visuales nuevos, el show contar\u00e1 [&hellip;]\" \/>\n<meta property=\"og:url\" content=\"https:\/\/dev.antudigital.cl\/sites\/vc\/electrodomesticos-comienza-la-cuenta-regresiva-para-la-primera-presentacion-en-vivo-de-su-nuevo-disco\/\" \/>\n<meta property=\"og:site_name\" content=\"Valpara\u00ed\u00adso Creativo\" \/>\n<meta property=\"article:published_time\" content=\"2024-05-06T17:59:23+00:00\" \/>\n<meta property=\"article:modified_time\" content=\"2024-05-06T17:59:39+00:00\" \/>\n<meta property=\"og:image\" content=\"https:\/\/dev.antudigital.cl\/sites\/vc\/wp-content\/uploads\/2024\/05\/unnamed-9-scaled.jpg\" \/>\n\t<meta property=\"og:image:width\" content=\"2560\" \/>\n\t<meta property=\"og:image:height\" content=\"1629\" \/>\n\t<meta property=\"og:image:type\" content=\"image\/jpeg\" \/>\n<meta name=\"author\" content=\"Valpara\u00edso Creativo\" \/>\n<meta name=\"twitter:card\" content=\"summary_large_image\" \/>\n<meta name=\"twitter:label1\" content=\"Escrito por\" \/>\n\t<meta name=\"twitter:data1\" content=\"Valpara\u00edso Creativo\" \/>\n\t<meta name=\"twitter:label2\" content=\"Tiempo de lectura\" \/>\n\t<meta name=\"twitter:data2\" content=\"2 minutos\" \/>\n<script type=\"application\/ld+json\" class=\"yoast-schema-graph\">{\"@context\":\"https:\/\/schema.org\",\"@graph\":[{\"@type\":\"Article\",\"@id\":\"https:\/\/dev.antudigital.cl\/sites\/vc\/electrodomesticos-comienza-la-cuenta-regresiva-para-la-primera-presentacion-en-vivo-de-su-nuevo-disco\/#article\",\"isPartOf\":{\"@id\":\"https:\/\/dev.antudigital.cl\/sites\/vc\/electrodomesticos-comienza-la-cuenta-regresiva-para-la-primera-presentacion-en-vivo-de-su-nuevo-disco\/\"},\"author\":{\"name\":\"Valpara\u00edso Creativo\",\"@id\":\"https:\/\/dev.antudigital.cl\/sites\/vc\/#\/schema\/person\/c2b9da8dd545e27166fc5ab232837318\"},\"headline\":\"Electrodom\u00e9sticos: Comienza la cuenta regresiva para la primera presentaci\u00f3n en vivo de su\u00a0nuevo disco\",\"datePublished\":\"2024-05-06T17:59:23+00:00\",\"dateModified\":\"2024-05-06T17:59:39+00:00\",\"mainEntityOfPage\":{\"@id\":\"https:\/\/dev.antudigital.cl\/sites\/vc\/electrodomesticos-comienza-la-cuenta-regresiva-para-la-primera-presentacion-en-vivo-de-su-nuevo-disco\/\"},\"wordCount\":217,\"image\":{\"@id\":\"https:\/\/dev.antudigital.cl\/sites\/vc\/electrodomesticos-comienza-la-cuenta-regresiva-para-la-primera-presentacion-en-vivo-de-su-nuevo-disco\/#primaryimage\"},\"thumbnailUrl\":\"https:\/\/dev.antudigital.cl\/sites\/vc\/wp-content\/uploads\/2024\/05\/unnamed-9-scaled.jpg\",\"articleSection\":[\"Noticia\"],\"inLanguage\":\"es\"},{\"@type\":\"WebPage\",\"@id\":\"https:\/\/dev.antudigital.cl\/sites\/vc\/electrodomesticos-comienza-la-cuenta-regresiva-para-la-primera-presentacion-en-vivo-de-su-nuevo-disco\/\",\"url\":\"https:\/\/dev.antudigital.cl\/sites\/vc\/electrodomesticos-comienza-la-cuenta-regresiva-para-la-primera-presentacion-en-vivo-de-su-nuevo-disco\/\",\"name\":\"Electrodom\u00e9sticos: Comienza la cuenta regresiva para la primera presentaci\u00f3n en vivo de su\u00a0nuevo disco - Valpara\u00ed\u00adso Creativo\",\"isPartOf\":{\"@id\":\"https:\/\/dev.antudigital.cl\/sites\/vc\/#website\"},\"primaryImageOfPage\":{\"@id\":\"https:\/\/dev.antudigital.cl\/sites\/vc\/electrodomesticos-comienza-la-cuenta-regresiva-para-la-primera-presentacion-en-vivo-de-su-nuevo-disco\/#primaryimage\"},\"image\":{\"@id\":\"https:\/\/dev.antudigital.cl\/sites\/vc\/electrodomesticos-comienza-la-cuenta-regresiva-para-la-primera-presentacion-en-vivo-de-su-nuevo-disco\/#primaryimage\"},\"thumbnailUrl\":\"https:\/\/dev.antudigital.cl\/sites\/vc\/wp-content\/uploads\/2024\/05\/unnamed-9-scaled.jpg\",\"datePublished\":\"2024-05-06T17:59:23+00:00\",\"dateModified\":\"2024-05-06T17:59:39+00:00\",\"author\":{\"@id\":\"https:\/\/dev.antudigital.cl\/sites\/vc\/#\/schema\/person\/c2b9da8dd545e27166fc5ab232837318\"},\"breadcrumb\":{\"@id\":\"https:\/\/dev.antudigital.cl\/sites\/vc\/electrodomesticos-comienza-la-cuenta-regresiva-para-la-primera-presentacion-en-vivo-de-su-nuevo-disco\/#breadcrumb\"},\"inLanguage\":\"es\",\"potentialAction\":[{\"@type\":\"ReadAction\",\"target\":[\"https:\/\/dev.antudigital.cl\/sites\/vc\/electrodomesticos-comienza-la-cuenta-regresiva-para-la-primera-presentacion-en-vivo-de-su-nuevo-disco\/\"]}]},{\"@type\":\"ImageObject\",\"inLanguage\":\"es\",\"@id\":\"https:\/\/dev.antudigital.cl\/sites\/vc\/electrodomesticos-comienza-la-cuenta-regresiva-para-la-primera-presentacion-en-vivo-de-su-nuevo-disco\/#primaryimage\",\"url\":\"https:\/\/dev.antudigital.cl\/sites\/vc\/wp-content\/uploads\/2024\/05\/unnamed-9-scaled.jpg\",\"contentUrl\":\"https:\/\/dev.antudigital.cl\/sites\/vc\/wp-content\/uploads\/2024\/05\/unnamed-9-scaled.jpg\",\"width\":2560,\"height\":1629},{\"@type\":\"BreadcrumbList\",\"@id\":\"https:\/\/dev.antudigital.cl\/sites\/vc\/electrodomesticos-comienza-la-cuenta-regresiva-para-la-primera-presentacion-en-vivo-de-su-nuevo-disco\/#breadcrumb\",\"itemListElement\":[{\"@type\":\"ListItem\",\"position\":1,\"name\":\"Home\",\"item\":\"https:\/\/dev.antudigital.cl\/sites\/vc\/\"},{\"@type\":\"ListItem\",\"position\":2,\"name\":\"Electrodom\u00e9sticos: Comienza la cuenta regresiva para la primera presentaci\u00f3n en vivo de su\u00a0nuevo disco\"}]},{\"@type\":\"WebSite\",\"@id\":\"https:\/\/dev.antudigital.cl\/sites\/vc\/#website\",\"url\":\"https:\/\/dev.antudigital.cl\/sites\/vc\/\",\"name\":\"Valpara\u00ed\u00adso Creativo\",\"description\":\"\",\"potentialAction\":[{\"@type\":\"SearchAction\",\"target\":{\"@type\":\"EntryPoint\",\"urlTemplate\":\"https:\/\/dev.antudigital.cl\/sites\/vc\/?s={search_term_string}\"},\"query-input\":{\"@type\":\"PropertyValueSpecification\",\"valueRequired\":true,\"valueName\":\"search_term_string\"}}],\"inLanguage\":\"es\"},{\"@type\":\"Person\",\"@id\":\"https:\/\/dev.antudigital.cl\/sites\/vc\/#\/schema\/person\/c2b9da8dd545e27166fc5ab232837318\",\"name\":\"Valpara\u00edso Creativo\",\"description\":\"Periodista de cultura en la Regi\u00f3n de Valpara\u00edso.\",\"url\":\"https:\/\/dev.antudigital.cl\/sites\/vc\/author\/valpoadmin\/\"}]}<\/script>\n<!-- \/ Yoast SEO plugin. -->","yoast_head_json":{"title":"Electrodom\u00e9sticos: Comienza la cuenta regresiva para la primera presentaci\u00f3n en vivo de su\u00a0nuevo disco - Valpara\u00ed\u00adso Creativo","robots":{"index":"index","follow":"follow","max-snippet":"max-snippet:-1","max-image-preview":"max-image-preview:large","max-video-preview":"max-video-preview:-1"},"canonical":"https:\/\/dev.antudigital.cl\/sites\/vc\/electrodomesticos-comienza-la-cuenta-regresiva-para-la-primera-presentacion-en-vivo-de-su-nuevo-disco\/","og_locale":"es_ES","og_type":"article","og_title":"Electrodom\u00e9sticos: Comienza la cuenta regresiva para la primera presentaci\u00f3n en vivo de su\u00a0nuevo disco - Valpara\u00ed\u00adso Creativo","og_description":"Ya quedan s\u00f3lo un par de d\u00edas&nbsp;para el show de lanzamiento del nuevo disco&nbsp;\u00abMirar la Luz\u00bb&nbsp;de Electrodom\u00e9sticos. Siendo la noche de este&nbsp;11 de mayo en Teatro Oriente, Santiago, la banda liderada por Carlos Cabezas inicia a las&nbsp;20.00 hrs&nbsp;un espect\u00e1culo musical que ve la luz por primera vez. Acompa\u00f1ado por elementos visuales nuevos, el show contar\u00e1 [&hellip;]","og_url":"https:\/\/dev.antudigital.cl\/sites\/vc\/electrodomesticos-comienza-la-cuenta-regresiva-para-la-primera-presentacion-en-vivo-de-su-nuevo-disco\/","og_site_name":"Valpara\u00ed\u00adso Creativo","article_published_time":"2024-05-06T17:59:23+00:00","article_modified_time":"2024-05-06T17:59:39+00:00","og_image":[{"width":2560,"height":1629,"url":"https:\/\/dev.antudigital.cl\/sites\/vc\/wp-content\/uploads\/2024\/05\/unnamed-9-scaled.jpg","type":"image\/jpeg"}],"author":"Valpara\u00edso Creativo","twitter_card":"summary_large_image","twitter_misc":{"Escrito por":"Valpara\u00edso Creativo","Tiempo de lectura":"2 minutos"},"schema":{"@context":"https:\/\/schema.org","@graph":[{"@type":"Article","@id":"https:\/\/dev.antudigital.cl\/sites\/vc\/electrodomesticos-comienza-la-cuenta-regresiva-para-la-primera-presentacion-en-vivo-de-su-nuevo-disco\/#article","isPartOf":{"@id":"https:\/\/dev.antudigital.cl\/sites\/vc\/electrodomesticos-comienza-la-cuenta-regresiva-para-la-primera-presentacion-en-vivo-de-su-nuevo-disco\/"},"author":{"name":"Valpara\u00edso Creativo","@id":"https:\/\/dev.antudigital.cl\/sites\/vc\/#\/schema\/person\/c2b9da8dd545e27166fc5ab232837318"},"headline":"Electrodom\u00e9sticos: Comienza la cuenta regresiva para la primera presentaci\u00f3n en vivo de su\u00a0nuevo disco","datePublished":"2024-05-06T17:59:23+00:00","dateModified":"2024-05-06T17:59:39+00:00","mainEntityOfPage":{"@id":"https:\/\/dev.antudigital.cl\/sites\/vc\/electrodomesticos-comienza-la-cuenta-regresiva-para-la-primera-presentacion-en-vivo-de-su-nuevo-disco\/"},"wordCount":217,"image":{"@id":"https:\/\/dev.antudigital.cl\/sites\/vc\/electrodomesticos-comienza-la-cuenta-regresiva-para-la-primera-presentacion-en-vivo-de-su-nuevo-disco\/#primaryimage"},"thumbnailUrl":"https:\/\/dev.antudigital.cl\/sites\/vc\/wp-content\/uploads\/2024\/05\/unnamed-9-scaled.jpg","articleSection":["Noticia"],"inLanguage":"es"},{"@type":"WebPage","@id":"https:\/\/dev.antudigital.cl\/sites\/vc\/electrodomesticos-comienza-la-cuenta-regresiva-para-la-primera-presentacion-en-vivo-de-su-nuevo-disco\/","url":"https:\/\/dev.antudigital.cl\/sites\/vc\/electrodomesticos-comienza-la-cuenta-regresiva-para-la-primera-presentacion-en-vivo-de-su-nuevo-disco\/","name":"Electrodom\u00e9sticos: Comienza la cuenta regresiva para la primera presentaci\u00f3n en vivo de su\u00a0nuevo disco - Valpara\u00ed\u00adso Creativo","isPartOf":{"@id":"https:\/\/dev.antudigital.cl\/sites\/vc\/#website"},"primaryImageOfPage":{"@id":"https:\/\/dev.antudigital.cl\/sites\/vc\/electrodomesticos-comienza-la-cuenta-regresiva-para-la-primera-presentacion-en-vivo-de-su-nuevo-disco\/#primaryimage"},"image":{"@id":"https:\/\/dev.antudigital.cl\/sites\/vc\/electrodomesticos-comienza-la-cuenta-regresiva-para-la-primera-presentacion-en-vivo-de-su-nuevo-disco\/#primaryimage"},"thumbnailUrl":"https:\/\/dev.antudigital.cl\/sites\/vc\/wp-content\/uploads\/2024\/05\/unnamed-9-scaled.jpg","datePublished":"2024-05-06T17:59:23+00:00","dateModified":"2024-05-06T17:59:39+00:00","author":{"@id":"https:\/\/dev.antudigital.cl\/sites\/vc\/#\/schema\/person\/c2b9da8dd545e27166fc5ab232837318"},"breadcrumb":{"@id":"https:\/\/dev.antudigital.cl\/sites\/vc\/electrodomesticos-comienza-la-cuenta-regresiva-para-la-primera-presentacion-en-vivo-de-su-nuevo-disco\/#breadcrumb"},"inLanguage":"es","potentialAction":[{"@type":"ReadAction","target":["https:\/\/dev.antudigital.cl\/sites\/vc\/electrodomesticos-comienza-la-cuenta-regresiva-para-la-primera-presentacion-en-vivo-de-su-nuevo-disco\/"]}]},{"@type":"ImageObject","inLanguage":"es","@id":"https:\/\/dev.antudigital.cl\/sites\/vc\/electrodomesticos-comienza-la-cuenta-regresiva-para-la-primera-presentacion-en-vivo-de-su-nuevo-disco\/#primaryimage","url":"https:\/\/dev.antudigital.cl\/sites\/vc\/wp-content\/uploads\/2024\/05\/unnamed-9-scaled.jpg","contentUrl":"https:\/\/dev.antudigital.cl\/sites\/vc\/wp-content\/uploads\/2024\/05\/unnamed-9-scaled.jpg","width":2560,"height":1629},{"@type":"BreadcrumbList","@id":"https:\/\/dev.antudigital.cl\/sites\/vc\/electrodomesticos-comienza-la-cuenta-regresiva-para-la-primera-presentacion-en-vivo-de-su-nuevo-disco\/#breadcrumb","itemListElement":[{"@type":"ListItem","position":1,"name":"Home","item":"https:\/\/dev.antudigital.cl\/sites\/vc\/"},{"@type":"ListItem","position":2,"name":"Electrodom\u00e9sticos: Comienza la cuenta regresiva para la primera presentaci\u00f3n en vivo de su\u00a0nuevo disco"}]},{"@type":"WebSite","@id":"https:\/\/dev.antudigital.cl\/sites\/vc\/#website","url":"https:\/\/dev.antudigital.cl\/sites\/vc\/","name":"Valpara\u00ed\u00adso Creativo","description":"","potentialAction":[{"@type":"SearchAction","target":{"@type":"EntryPoint","urlTemplate":"https:\/\/dev.antudigital.cl\/sites\/vc\/?s={search_term_string}"},"query-input":{"@type":"PropertyValueSpecification","valueRequired":true,"valueName":"search_term_string"}}],"inLanguage":"es"},{"@type":"Person","@id":"https:\/\/dev.antudigital.cl\/sites\/vc\/#\/schema\/person\/c2b9da8dd545e27166fc5ab232837318","name":"Valpara\u00edso Creativo","description":"Periodista de cultura en la Regi\u00f3n de Valpara\u00edso.","url":"https:\/\/dev.antudigital.cl\/sites\/vc\/author\/valpoadmin\/"}]}},"_links":{"self":[{"href":"https:\/\/dev.antudigital.cl\/sites\/vc\/wp-json\/wp\/v2\/posts\/19063","targetHints":{"allow":["GET"]}}],"collection":[{"href":"https:\/\/dev.antudigital.cl\/sites\/vc\/wp-json\/wp\/v2\/posts"}],"about":[{"href":"https:\/\/dev.antudigital.cl\/sites\/vc\/wp-json\/wp\/v2\/types\/post"}],"author":[{"embeddable":true,"href":"https:\/\/dev.antudigital.cl\/sites\/vc\/wp-json\/wp\/v2\/users\/1"}],"replies":[{"embeddable":true,"href":"https:\/\/dev.antudigital.cl\/sites\/vc\/wp-json\/wp\/v2\/comments?post=19063"}],"version-history":[{"count":1,"href":"https:\/\/dev.antudigital.cl\/sites\/vc\/wp-json\/wp\/v2\/posts\/19063\/revisions"}],"predecessor-version":[{"id":19065,"href":"https:\/\/dev.antudigital.cl\/sites\/vc\/wp-json\/wp\/v2\/posts\/19063\/revisions\/19065"}],"wp:featuredmedia":[{"embeddable":true,"href":"https:\/\/dev.antudigital.cl\/sites\/vc\/wp-json\/wp\/v2\/media\/19064"}],"wp:attachment":[{"href":"https:\/\/dev.antudigital.cl\/sites\/vc\/wp-json\/wp\/v2\/media?parent=19063"}],"wp:term":[{"taxonomy":"category","embeddable":true,"href":"https:\/\/dev.antudigital.cl\/sites\/vc\/wp-json\/wp\/v2\/categories?post=19063"},{"taxonomy":"post_tag","embeddable":true,"href":"https:\/\/dev.antudigital.cl\/sites\/vc\/wp-json\/wp\/v2\/tags?post=19063"}],"curies":[{"name":"wp","href":"https:\/\/api.w.org\/{rel}","templated":true}]}}