{"id":19066,"date":"2024-05-15T04:12:22","date_gmt":"2024-05-15T04:12:22","guid":{"rendered":"https:\/\/www.valparaisocreativo.cl\/?p=19066"},"modified":"2024-06-11T19:18:40","modified_gmt":"2024-06-11T19:18:40","slug":"un-espacimuravexplora-la-escena-local-de-la-moda-en-casa-murav-mas-que-una-tienda-una-experiencia","status":"publish","type":"post","link":"https:\/\/dev.antudigital.cl\/sites\/vc\/un-espacimuravexplora-la-escena-local-de-la-moda-en-casa-murav-mas-que-una-tienda-una-experiencia\/","title":{"rendered":"Explora la Escena Local de la Moda en Casa\u00a0Murav: M\u00e1s que una Tienda, una Experiencia"},"content":{"rendered":"\n<p>En el coraz\u00f3n del transitado&nbsp;centro comercial de Vi\u00f1a del Mar, se alza Casa&nbsp;Murav, un oasis de creatividad y estilo que ha llegado para redefinir el panorama de la moda en&nbsp;nuestra encantadora ciudad costera. Detr\u00e1s de este proyecto innovador se encuentra Jocelyn \u00abJo\u00bb Rabanal Betancur, quien lidera esta iniciativa con una visi\u00f3n audaz y determinaci\u00f3n de promover la diversidad de propuestas.&nbsp;<\/p>\n\n\n\n<p>Casa&nbsp;Murav&nbsp;no es solo una tienda de moda, es un espacio din\u00e1mico que busca transformar a Vi\u00f1a del Mar en un epicentro de la moda a trav\u00e9s de la colaboraci\u00f3n y la asociatividad. Esta casa de dise\u00f1o, situada en 12 norte 818, acoge una impresionante variedad de marcas y creadores exclusivos que comparten su visi\u00f3n de la moda como expresi\u00f3n de identidad y creatividad.&nbsp;<\/p>\n\n\n\n<p>\u00abEs importante para nosotros diferenciarnos\u00bb, comparte Jo, la mente maestra detr\u00e1s de Casa\u00a0Murav. \u00abAqu\u00ed, solo encontrar\u00e1s dise\u00f1o de autor en indumentaria\u00bb. Desde vestidos a accesorios, trabajamos con una amplia gama de dise\u00f1adores locales, ofreciendo una selecci\u00f3n \u00fanica que no se encuentra en ning\u00fan otro lugar. Casa\u00a0Murav\u00a0es mucho m\u00e1s que una tienda, es una vitrina para la escena creativa de la regi\u00f3n.\u00a0<\/p>\n\n\n\n<figure class=\"wp-block-image size-large\"><img fetchpriority=\"high\" decoding=\"async\" width=\"819\" height=\"1024\" src=\"https:\/\/www.valparaisocreativo.cl\/wp-content\/uploads\/2024\/05\/casa-5-819x1024.jpg\" alt=\"\" class=\"wp-image-19360\" srcset=\"https:\/\/dev.antudigital.cl\/sites\/vc\/wp-content\/uploads\/2024\/05\/casa-5-819x1024.jpg 819w, https:\/\/dev.antudigital.cl\/sites\/vc\/wp-content\/uploads\/2024\/05\/casa-5-240x300.jpg 240w, https:\/\/dev.antudigital.cl\/sites\/vc\/wp-content\/uploads\/2024\/05\/casa-5-768x960.jpg 768w, https:\/\/dev.antudigital.cl\/sites\/vc\/wp-content\/uploads\/2024\/05\/casa-5-1229x1536.jpg 1229w, https:\/\/dev.antudigital.cl\/sites\/vc\/wp-content\/uploads\/2024\/05\/casa-5-1638x2048.jpg 1638w, https:\/\/dev.antudigital.cl\/sites\/vc\/wp-content\/uploads\/2024\/05\/casa-5-1080x1350.jpg 1080w, https:\/\/dev.antudigital.cl\/sites\/vc\/wp-content\/uploads\/2024\/05\/casa-5-1280x1600.jpg 1280w, https:\/\/dev.antudigital.cl\/sites\/vc\/wp-content\/uploads\/2024\/05\/casa-5-980x1225.jpg 980w, https:\/\/dev.antudigital.cl\/sites\/vc\/wp-content\/uploads\/2024\/05\/casa-5-480x600.jpg 480w, https:\/\/dev.antudigital.cl\/sites\/vc\/wp-content\/uploads\/2024\/05\/casa-5-19x24.jpg 19w, https:\/\/dev.antudigital.cl\/sites\/vc\/wp-content\/uploads\/2024\/05\/casa-5-29x36.jpg 29w, https:\/\/dev.antudigital.cl\/sites\/vc\/wp-content\/uploads\/2024\/05\/casa-5-38x48.jpg 38w, https:\/\/dev.antudigital.cl\/sites\/vc\/wp-content\/uploads\/2024\/05\/casa-5.jpg 2000w\" sizes=\"(max-width: 819px) 100vw, 819px\" \/><\/figure>\n\n\n\n<p>Al indagar sobre su visi\u00f3n del rubro de la moda en la Regi\u00f3n de Valpara\u00edso, Jo enfatiza la importancia de unir fuerzas y crear propuestas innovadoras. \u00abEstamos dispuestos a colaborar y unir fuerzas con otros rubros, como&nbsp;la hoteler\u00eda\u00bb, explica. \u00abCreemos en el poder de la moda para impulsar el turismo y posicionar a Vi\u00f1a del Mar como Ciudad de la Moda. Nuestro objetivo es hacer de la moda una parte integral de la comunidad, involucrando a estudiantes de moda y aprovechando el potencial del turismo de moda para beneficiar a la ciudad y a sus habitantes\u00bb&nbsp;<\/p>\n\n\n\n<p>\u00abSin colaboraci\u00f3n no hay gestiones ni logros\u00bb. Con una visi\u00f3n clara de promover sinergias entre diferentes sectores, Casa&nbsp;Murav&nbsp;busca convertirse en un centro neur\u00e1lgico para el turismo de la moda en la ciudad.&nbsp;<\/p>\n\n\n\n<p>La propuesta de la primera casa de dise\u00f1o de autor de la regi\u00f3n va m\u00e1s all\u00e1 de ser una tienda de moda; es una experiencia \u00fanica que destaca el dise\u00f1o local y la autenticidad de cada prenda. \u00abTienes una prenda original, \u00fanica que est\u00e1 hecha por alguien de donde est\u00e1s: ah\u00ed pagas historia\u00bb, explica. Con esta premisa, la tienda busca diversificar la oferta de moda para los turistas, ofreciendo alternativas que reflejen verdaderamente el esp\u00edritu local.&nbsp;<\/p>\n\n\n\n<p>El pasado 10 de mayo Casa&nbsp;Murav&nbsp;realiz\u00f3 el lanzamiento de la temporada oto\u00f1o-invierno, ocasi\u00f3n donde se congregaron dise\u00f1adores,&nbsp;influencers&nbsp;y figuras ligadas a la moda de nuestra regi\u00f3n. Cabe mencionar que es el segundo evento que realizan, y esperan que de ahora en adelante se realicen con una periodicidad frecuente \u201cNuestro objetivo es tejer una red de eventos que abarquen todo el a\u00f1o, creando una instancia&nbsp;de diversi\u00f3n y descubrimiento para todos los que nos visiten. Desde exhibiciones de arte hasta mercados de dise\u00f1o, cada evento es una ventana a la riqueza cultural y creativa de nuestra Regi\u00f3n\u201d&nbsp;<\/p>\n\n\n\n<p>Retomando el rubro de la moda, Jo nos menciona que \u201cLa moda no solo viste cuerpos, sino que tambi\u00e9n habla por ellos. Es una industria creativa en auge, con un potencial gigantesco para impulsar el turismo y la identidad personal. Sin embargo, muchos a\u00fan se aferran a lo tradicional, lo que resalta la importancia de ofrecer opciones originales a nivel local\u00bb.<\/p>\n\n\n\n<p>Vi\u00f1a del Mar, conocida por sus encantadoras playas y vibrante vida nocturna, ahora busca consolidarse como un epicentro de la moda. Para aquellos que a\u00fan no han visitado Casa&nbsp;Murav, la invitaci\u00f3n es clara: venir a vivir una experiencia de moda \u00fanica. M\u00e1s que solo una tienda, nos ofrece la oportunidad de sumergirse en salones tem\u00e1ticos y descubrir tanto el talento local como el nacional.&nbsp;<\/p>\n\n\n\n<p><\/p>\n\n\n\n<p><a href=\"https:\/\/www.instagram.com\/casamurav.cl\/\">S\u00edguelos en sus redes sociales<\/a><\/p>\n","protected":false},"excerpt":{"rendered":"<p>En el coraz\u00f3n del transitado&nbsp;centro comercial de Vi\u00f1a del Mar, se alza Casa&nbsp;Murav, un oasis de creatividad y estilo que ha llegado para redefinir el panorama de la moda en&nbsp;nuestra encantadora ciudad costera. Detr\u00e1s de este proyecto innovador se encuentra Jocelyn \u00abJo\u00bb Rabanal Betancur, quien lidera esta iniciativa con una visi\u00f3n audaz y determinaci\u00f3n de [&hellip;]<\/p>\n","protected":false},"author":1,"featured_media":19361,"comment_status":"closed","ping_status":"closed","sticky":false,"template":"","format":"standard","meta":{"_acf_changed":false,"footnotes":""},"categories":[218],"tags":[],"class_list":["post-19066","post","type-post","status-publish","format-standard","has-post-thumbnail","hentry","category-blog"],"acf":[],"yoast_head":"<!-- This site is optimized with the Yoast SEO plugin v27.1.1 - https:\/\/yoast.com\/product\/yoast-seo-wordpress\/ -->\n<title>Explora la Escena Local de la Moda en Casa\u00a0Murav: M\u00e1s que una Tienda, una Experiencia - Valpara\u00ed\u00adso Creativo<\/title>\n<meta name=\"robots\" content=\"index, follow, max-snippet:-1, max-image-preview:large, max-video-preview:-1\" \/>\n<link rel=\"canonical\" href=\"https:\/\/dev.antudigital.cl\/sites\/vc\/un-espacimuravexplora-la-escena-local-de-la-moda-en-casa-murav-mas-que-una-tienda-una-experiencia\/\" \/>\n<meta property=\"og:locale\" content=\"es_ES\" \/>\n<meta property=\"og:type\" content=\"article\" \/>\n<meta property=\"og:title\" content=\"Explora la Escena Local de la Moda en Casa\u00a0Murav: M\u00e1s que una Tienda, una Experiencia - Valpara\u00ed\u00adso Creativo\" \/>\n<meta property=\"og:description\" content=\"En el coraz\u00f3n del transitado&nbsp;centro comercial de Vi\u00f1a del Mar, se alza Casa&nbsp;Murav, un oasis de creatividad y estilo que ha llegado para redefinir el panorama de la moda en&nbsp;nuestra encantadora ciudad costera. Detr\u00e1s de este proyecto innovador se encuentra Jocelyn \u00abJo\u00bb Rabanal Betancur, quien lidera esta iniciativa con una visi\u00f3n audaz y determinaci\u00f3n de [&hellip;]\" \/>\n<meta property=\"og:url\" content=\"https:\/\/dev.antudigital.cl\/sites\/vc\/un-espacimuravexplora-la-escena-local-de-la-moda-en-casa-murav-mas-que-una-tienda-una-experiencia\/\" \/>\n<meta property=\"og:site_name\" content=\"Valpara\u00ed\u00adso Creativo\" \/>\n<meta property=\"article:published_time\" content=\"2024-05-15T04:12:22+00:00\" \/>\n<meta property=\"article:modified_time\" content=\"2024-06-11T19:18:40+00:00\" \/>\n<meta property=\"og:image\" content=\"https:\/\/dev.antudigital.cl\/sites\/vc\/wp-content\/uploads\/2024\/05\/casa-13.jpg\" \/>\n\t<meta property=\"og:image:width\" content=\"2000\" \/>\n\t<meta property=\"og:image:height\" content=\"2500\" \/>\n\t<meta property=\"og:image:type\" content=\"image\/jpeg\" \/>\n<meta name=\"author\" content=\"Valpara\u00edso Creativo\" \/>\n<meta name=\"twitter:card\" content=\"summary_large_image\" \/>\n<meta name=\"twitter:label1\" content=\"Escrito por\" \/>\n\t<meta name=\"twitter:data1\" content=\"Valpara\u00edso Creativo\" \/>\n\t<meta name=\"twitter:label2\" content=\"Tiempo de lectura\" \/>\n\t<meta name=\"twitter:data2\" content=\"4 minutos\" \/>\n<script type=\"application\/ld+json\" class=\"yoast-schema-graph\">{\"@context\":\"https:\/\/schema.org\",\"@graph\":[{\"@type\":\"Article\",\"@id\":\"https:\/\/dev.antudigital.cl\/sites\/vc\/un-espacimuravexplora-la-escena-local-de-la-moda-en-casa-murav-mas-que-una-tienda-una-experiencia\/#article\",\"isPartOf\":{\"@id\":\"https:\/\/dev.antudigital.cl\/sites\/vc\/un-espacimuravexplora-la-escena-local-de-la-moda-en-casa-murav-mas-que-una-tienda-una-experiencia\/\"},\"author\":{\"name\":\"Valpara\u00edso Creativo\",\"@id\":\"https:\/\/dev.antudigital.cl\/sites\/vc\/#\/schema\/person\/c2b9da8dd545e27166fc5ab232837318\"},\"headline\":\"Explora la Escena Local de la Moda en Casa\u00a0Murav: M\u00e1s que una Tienda, una Experiencia\",\"datePublished\":\"2024-05-15T04:12:22+00:00\",\"dateModified\":\"2024-06-11T19:18:40+00:00\",\"mainEntityOfPage\":{\"@id\":\"https:\/\/dev.antudigital.cl\/sites\/vc\/un-espacimuravexplora-la-escena-local-de-la-moda-en-casa-murav-mas-que-una-tienda-una-experiencia\/\"},\"wordCount\":714,\"image\":{\"@id\":\"https:\/\/dev.antudigital.cl\/sites\/vc\/un-espacimuravexplora-la-escena-local-de-la-moda-en-casa-murav-mas-que-una-tienda-una-experiencia\/#primaryimage\"},\"thumbnailUrl\":\"https:\/\/dev.antudigital.cl\/sites\/vc\/wp-content\/uploads\/2024\/05\/casa-13.jpg\",\"articleSection\":[\"Blog\"],\"inLanguage\":\"es\"},{\"@type\":\"WebPage\",\"@id\":\"https:\/\/dev.antudigital.cl\/sites\/vc\/un-espacimuravexplora-la-escena-local-de-la-moda-en-casa-murav-mas-que-una-tienda-una-experiencia\/\",\"url\":\"https:\/\/dev.antudigital.cl\/sites\/vc\/un-espacimuravexplora-la-escena-local-de-la-moda-en-casa-murav-mas-que-una-tienda-una-experiencia\/\",\"name\":\"Explora la Escena Local de la Moda en Casa\u00a0Murav: M\u00e1s que una Tienda, una Experiencia - Valpara\u00ed\u00adso Creativo\",\"isPartOf\":{\"@id\":\"https:\/\/dev.antudigital.cl\/sites\/vc\/#website\"},\"primaryImageOfPage\":{\"@id\":\"https:\/\/dev.antudigital.cl\/sites\/vc\/un-espacimuravexplora-la-escena-local-de-la-moda-en-casa-murav-mas-que-una-tienda-una-experiencia\/#primaryimage\"},\"image\":{\"@id\":\"https:\/\/dev.antudigital.cl\/sites\/vc\/un-espacimuravexplora-la-escena-local-de-la-moda-en-casa-murav-mas-que-una-tienda-una-experiencia\/#primaryimage\"},\"thumbnailUrl\":\"https:\/\/dev.antudigital.cl\/sites\/vc\/wp-content\/uploads\/2024\/05\/casa-13.jpg\",\"datePublished\":\"2024-05-15T04:12:22+00:00\",\"dateModified\":\"2024-06-11T19:18:40+00:00\",\"author\":{\"@id\":\"https:\/\/dev.antudigital.cl\/sites\/vc\/#\/schema\/person\/c2b9da8dd545e27166fc5ab232837318\"},\"breadcrumb\":{\"@id\":\"https:\/\/dev.antudigital.cl\/sites\/vc\/un-espacimuravexplora-la-escena-local-de-la-moda-en-casa-murav-mas-que-una-tienda-una-experiencia\/#breadcrumb\"},\"inLanguage\":\"es\",\"potentialAction\":[{\"@type\":\"ReadAction\",\"target\":[\"https:\/\/dev.antudigital.cl\/sites\/vc\/un-espacimuravexplora-la-escena-local-de-la-moda-en-casa-murav-mas-que-una-tienda-una-experiencia\/\"]}]},{\"@type\":\"ImageObject\",\"inLanguage\":\"es\",\"@id\":\"https:\/\/dev.antudigital.cl\/sites\/vc\/un-espacimuravexplora-la-escena-local-de-la-moda-en-casa-murav-mas-que-una-tienda-una-experiencia\/#primaryimage\",\"url\":\"https:\/\/dev.antudigital.cl\/sites\/vc\/wp-content\/uploads\/2024\/05\/casa-13.jpg\",\"contentUrl\":\"https:\/\/dev.antudigital.cl\/sites\/vc\/wp-content\/uploads\/2024\/05\/casa-13.jpg\",\"width\":2000,\"height\":2500},{\"@type\":\"BreadcrumbList\",\"@id\":\"https:\/\/dev.antudigital.cl\/sites\/vc\/un-espacimuravexplora-la-escena-local-de-la-moda-en-casa-murav-mas-que-una-tienda-una-experiencia\/#breadcrumb\",\"itemListElement\":[{\"@type\":\"ListItem\",\"position\":1,\"name\":\"Home\",\"item\":\"https:\/\/dev.antudigital.cl\/sites\/vc\/\"},{\"@type\":\"ListItem\",\"position\":2,\"name\":\"Explora la Escena Local de la Moda en Casa\u00a0Murav: M\u00e1s que una Tienda, una Experiencia\"}]},{\"@type\":\"WebSite\",\"@id\":\"https:\/\/dev.antudigital.cl\/sites\/vc\/#website\",\"url\":\"https:\/\/dev.antudigital.cl\/sites\/vc\/\",\"name\":\"Valpara\u00ed\u00adso Creativo\",\"description\":\"\",\"potentialAction\":[{\"@type\":\"SearchAction\",\"target\":{\"@type\":\"EntryPoint\",\"urlTemplate\":\"https:\/\/dev.antudigital.cl\/sites\/vc\/?s={search_term_string}\"},\"query-input\":{\"@type\":\"PropertyValueSpecification\",\"valueRequired\":true,\"valueName\":\"search_term_string\"}}],\"inLanguage\":\"es\"},{\"@type\":\"Person\",\"@id\":\"https:\/\/dev.antudigital.cl\/sites\/vc\/#\/schema\/person\/c2b9da8dd545e27166fc5ab232837318\",\"name\":\"Valpara\u00edso Creativo\",\"description\":\"Periodista de cultura en la Regi\u00f3n de Valpara\u00edso.\",\"url\":\"https:\/\/dev.antudigital.cl\/sites\/vc\/author\/valpoadmin\/\"}]}<\/script>\n<!-- \/ Yoast SEO plugin. -->","yoast_head_json":{"title":"Explora la Escena Local de la Moda en Casa\u00a0Murav: M\u00e1s que una Tienda, una Experiencia - Valpara\u00ed\u00adso Creativo","robots":{"index":"index","follow":"follow","max-snippet":"max-snippet:-1","max-image-preview":"max-image-preview:large","max-video-preview":"max-video-preview:-1"},"canonical":"https:\/\/dev.antudigital.cl\/sites\/vc\/un-espacimuravexplora-la-escena-local-de-la-moda-en-casa-murav-mas-que-una-tienda-una-experiencia\/","og_locale":"es_ES","og_type":"article","og_title":"Explora la Escena Local de la Moda en Casa\u00a0Murav: M\u00e1s que una Tienda, una Experiencia - Valpara\u00ed\u00adso Creativo","og_description":"En el coraz\u00f3n del transitado&nbsp;centro comercial de Vi\u00f1a del Mar, se alza Casa&nbsp;Murav, un oasis de creatividad y estilo que ha llegado para redefinir el panorama de la moda en&nbsp;nuestra encantadora ciudad costera. Detr\u00e1s de este proyecto innovador se encuentra Jocelyn \u00abJo\u00bb Rabanal Betancur, quien lidera esta iniciativa con una visi\u00f3n audaz y determinaci\u00f3n de [&hellip;]","og_url":"https:\/\/dev.antudigital.cl\/sites\/vc\/un-espacimuravexplora-la-escena-local-de-la-moda-en-casa-murav-mas-que-una-tienda-una-experiencia\/","og_site_name":"Valpara\u00ed\u00adso Creativo","article_published_time":"2024-05-15T04:12:22+00:00","article_modified_time":"2024-06-11T19:18:40+00:00","og_image":[{"width":2000,"height":2500,"url":"https:\/\/dev.antudigital.cl\/sites\/vc\/wp-content\/uploads\/2024\/05\/casa-13.jpg","type":"image\/jpeg"}],"author":"Valpara\u00edso Creativo","twitter_card":"summary_large_image","twitter_misc":{"Escrito por":"Valpara\u00edso Creativo","Tiempo de lectura":"4 minutos"},"schema":{"@context":"https:\/\/schema.org","@graph":[{"@type":"Article","@id":"https:\/\/dev.antudigital.cl\/sites\/vc\/un-espacimuravexplora-la-escena-local-de-la-moda-en-casa-murav-mas-que-una-tienda-una-experiencia\/#article","isPartOf":{"@id":"https:\/\/dev.antudigital.cl\/sites\/vc\/un-espacimuravexplora-la-escena-local-de-la-moda-en-casa-murav-mas-que-una-tienda-una-experiencia\/"},"author":{"name":"Valpara\u00edso Creativo","@id":"https:\/\/dev.antudigital.cl\/sites\/vc\/#\/schema\/person\/c2b9da8dd545e27166fc5ab232837318"},"headline":"Explora la Escena Local de la Moda en Casa\u00a0Murav: M\u00e1s que una Tienda, una Experiencia","datePublished":"2024-05-15T04:12:22+00:00","dateModified":"2024-06-11T19:18:40+00:00","mainEntityOfPage":{"@id":"https:\/\/dev.antudigital.cl\/sites\/vc\/un-espacimuravexplora-la-escena-local-de-la-moda-en-casa-murav-mas-que-una-tienda-una-experiencia\/"},"wordCount":714,"image":{"@id":"https:\/\/dev.antudigital.cl\/sites\/vc\/un-espacimuravexplora-la-escena-local-de-la-moda-en-casa-murav-mas-que-una-tienda-una-experiencia\/#primaryimage"},"thumbnailUrl":"https:\/\/dev.antudigital.cl\/sites\/vc\/wp-content\/uploads\/2024\/05\/casa-13.jpg","articleSection":["Blog"],"inLanguage":"es"},{"@type":"WebPage","@id":"https:\/\/dev.antudigital.cl\/sites\/vc\/un-espacimuravexplora-la-escena-local-de-la-moda-en-casa-murav-mas-que-una-tienda-una-experiencia\/","url":"https:\/\/dev.antudigital.cl\/sites\/vc\/un-espacimuravexplora-la-escena-local-de-la-moda-en-casa-murav-mas-que-una-tienda-una-experiencia\/","name":"Explora la Escena Local de la Moda en Casa\u00a0Murav: M\u00e1s que una Tienda, una Experiencia - Valpara\u00ed\u00adso Creativo","isPartOf":{"@id":"https:\/\/dev.antudigital.cl\/sites\/vc\/#website"},"primaryImageOfPage":{"@id":"https:\/\/dev.antudigital.cl\/sites\/vc\/un-espacimuravexplora-la-escena-local-de-la-moda-en-casa-murav-mas-que-una-tienda-una-experiencia\/#primaryimage"},"image":{"@id":"https:\/\/dev.antudigital.cl\/sites\/vc\/un-espacimuravexplora-la-escena-local-de-la-moda-en-casa-murav-mas-que-una-tienda-una-experiencia\/#primaryimage"},"thumbnailUrl":"https:\/\/dev.antudigital.cl\/sites\/vc\/wp-content\/uploads\/2024\/05\/casa-13.jpg","datePublished":"2024-05-15T04:12:22+00:00","dateModified":"2024-06-11T19:18:40+00:00","author":{"@id":"https:\/\/dev.antudigital.cl\/sites\/vc\/#\/schema\/person\/c2b9da8dd545e27166fc5ab232837318"},"breadcrumb":{"@id":"https:\/\/dev.antudigital.cl\/sites\/vc\/un-espacimuravexplora-la-escena-local-de-la-moda-en-casa-murav-mas-que-una-tienda-una-experiencia\/#breadcrumb"},"inLanguage":"es","potentialAction":[{"@type":"ReadAction","target":["https:\/\/dev.antudigital.cl\/sites\/vc\/un-espacimuravexplora-la-escena-local-de-la-moda-en-casa-murav-mas-que-una-tienda-una-experiencia\/"]}]},{"@type":"ImageObject","inLanguage":"es","@id":"https:\/\/dev.antudigital.cl\/sites\/vc\/un-espacimuravexplora-la-escena-local-de-la-moda-en-casa-murav-mas-que-una-tienda-una-experiencia\/#primaryimage","url":"https:\/\/dev.antudigital.cl\/sites\/vc\/wp-content\/uploads\/2024\/05\/casa-13.jpg","contentUrl":"https:\/\/dev.antudigital.cl\/sites\/vc\/wp-content\/uploads\/2024\/05\/casa-13.jpg","width":2000,"height":2500},{"@type":"BreadcrumbList","@id":"https:\/\/dev.antudigital.cl\/sites\/vc\/un-espacimuravexplora-la-escena-local-de-la-moda-en-casa-murav-mas-que-una-tienda-una-experiencia\/#breadcrumb","itemListElement":[{"@type":"ListItem","position":1,"name":"Home","item":"https:\/\/dev.antudigital.cl\/sites\/vc\/"},{"@type":"ListItem","position":2,"name":"Explora la Escena Local de la Moda en Casa\u00a0Murav: M\u00e1s que una Tienda, una Experiencia"}]},{"@type":"WebSite","@id":"https:\/\/dev.antudigital.cl\/sites\/vc\/#website","url":"https:\/\/dev.antudigital.cl\/sites\/vc\/","name":"Valpara\u00ed\u00adso Creativo","description":"","potentialAction":[{"@type":"SearchAction","target":{"@type":"EntryPoint","urlTemplate":"https:\/\/dev.antudigital.cl\/sites\/vc\/?s={search_term_string}"},"query-input":{"@type":"PropertyValueSpecification","valueRequired":true,"valueName":"search_term_string"}}],"inLanguage":"es"},{"@type":"Person","@id":"https:\/\/dev.antudigital.cl\/sites\/vc\/#\/schema\/person\/c2b9da8dd545e27166fc5ab232837318","name":"Valpara\u00edso Creativo","description":"Periodista de cultura en la Regi\u00f3n de Valpara\u00edso.","url":"https:\/\/dev.antudigital.cl\/sites\/vc\/author\/valpoadmin\/"}]}},"_links":{"self":[{"href":"https:\/\/dev.antudigital.cl\/sites\/vc\/wp-json\/wp\/v2\/posts\/19066","targetHints":{"allow":["GET"]}}],"collection":[{"href":"https:\/\/dev.antudigital.cl\/sites\/vc\/wp-json\/wp\/v2\/posts"}],"about":[{"href":"https:\/\/dev.antudigital.cl\/sites\/vc\/wp-json\/wp\/v2\/types\/post"}],"author":[{"embeddable":true,"href":"https:\/\/dev.antudigital.cl\/sites\/vc\/wp-json\/wp\/v2\/users\/1"}],"replies":[{"embeddable":true,"href":"https:\/\/dev.antudigital.cl\/sites\/vc\/wp-json\/wp\/v2\/comments?post=19066"}],"version-history":[{"count":4,"href":"https:\/\/dev.antudigital.cl\/sites\/vc\/wp-json\/wp\/v2\/posts\/19066\/revisions"}],"predecessor-version":[{"id":19362,"href":"https:\/\/dev.antudigital.cl\/sites\/vc\/wp-json\/wp\/v2\/posts\/19066\/revisions\/19362"}],"wp:featuredmedia":[{"embeddable":true,"href":"https:\/\/dev.antudigital.cl\/sites\/vc\/wp-json\/wp\/v2\/media\/19361"}],"wp:attachment":[{"href":"https:\/\/dev.antudigital.cl\/sites\/vc\/wp-json\/wp\/v2\/media?parent=19066"}],"wp:term":[{"taxonomy":"category","embeddable":true,"href":"https:\/\/dev.antudigital.cl\/sites\/vc\/wp-json\/wp\/v2\/categories?post=19066"},{"taxonomy":"post_tag","embeddable":true,"href":"https:\/\/dev.antudigital.cl\/sites\/vc\/wp-json\/wp\/v2\/tags?post=19066"}],"curies":[{"name":"wp","href":"https:\/\/api.w.org\/{rel}","templated":true}]}}