{"id":19079,"date":"2024-05-07T04:15:15","date_gmt":"2024-05-07T04:15:15","guid":{"rendered":"https:\/\/www.valparaisocreativo.cl\/?p=19079"},"modified":"2024-05-07T04:15:36","modified_gmt":"2024-05-07T04:15:36","slug":"arcos-destaca-labor-colaborativa-en-cierre-de-comite-gestores-de-valparaiso-creativo","status":"publish","type":"post","link":"https:\/\/dev.antudigital.cl\/sites\/vc\/arcos-destaca-labor-colaborativa-en-cierre-de-comite-gestores-de-valparaiso-creativo\/","title":{"rendered":"ARCOS DESTACA LABOR COLABORATIVA EN CIERRE DE COMIT\u00c9 GESTORES DE VALPARA\u00cdSO CREATIVO"},"content":{"rendered":"\n<p>El pasado martes 30 de abril se dio paso al cierre de ciclo n\u00famero 7 con los\/as integrantes de los Comit\u00e9 Gestores que ejercen en cuatro l\u00edneas, seg\u00fan la Hoja de Ruta de Valpara\u00edso Creativo: patrimonio, ciudad creativa de la m\u00fasica, servicios creativos, y turismo creativo y cultural. Adem\u00e1s, acompa\u00f1aron representantes de sectores con los que se ha trabajado durante el \u00faltimo a\u00f1o.<\/p>\n\n\n\n<p>Es as\u00ed como en el Espacio La Compa\u00f1\u00eda de Valpara\u00edso, iglesia de la Compa\u00f1\u00eda de Jes\u00fas que est\u00e1 siendo restaurada por el Colegio de Arquitectos de Valpara\u00edso, se encontraron diversas entidades y organizaciones gremiales del \u00e1rea creativa de la regi\u00f3n de Valpara\u00edso.<\/p>\n\n\n\n<p>Fueron 70 personas quienes acompa\u00f1aron al equipo de trabajo de Valpara\u00edso Creativo, donde se rindi\u00f3 la cuenta p\u00fablica de las actividades e inversiones realizadas durante el s\u00e9ptimo ciclo de funcionamiento, adem\u00e1s de una din\u00e1mica de presentaci\u00f3n donde el equipo present\u00f3 sus indicadores y avances.<\/p>\n\n\n\n<figure class=\"wp-block-image size-large\"><img fetchpriority=\"high\" decoding=\"async\" width=\"1024\" height=\"768\" src=\"https:\/\/www.valparaisocreativo.cl\/wp-content\/uploads\/2024\/05\/IMG-20240430-WA0003-1024x768.jpg\" alt=\"\" class=\"wp-image-19080\" srcset=\"https:\/\/dev.antudigital.cl\/sites\/vc\/wp-content\/uploads\/2024\/05\/IMG-20240430-WA0003-1024x768.jpg 1024w, https:\/\/dev.antudigital.cl\/sites\/vc\/wp-content\/uploads\/2024\/05\/IMG-20240430-WA0003-300x225.jpg 300w, https:\/\/dev.antudigital.cl\/sites\/vc\/wp-content\/uploads\/2024\/05\/IMG-20240430-WA0003-768x576.jpg 768w, https:\/\/dev.antudigital.cl\/sites\/vc\/wp-content\/uploads\/2024\/05\/IMG-20240430-WA0003-510x382.jpg 510w, https:\/\/dev.antudigital.cl\/sites\/vc\/wp-content\/uploads\/2024\/05\/IMG-20240430-WA0003-1080x810.jpg 1080w, https:\/\/dev.antudigital.cl\/sites\/vc\/wp-content\/uploads\/2024\/05\/IMG-20240430-WA0003-980x735.jpg 980w, https:\/\/dev.antudigital.cl\/sites\/vc\/wp-content\/uploads\/2024\/05\/IMG-20240430-WA0003-480x360.jpg 480w, https:\/\/dev.antudigital.cl\/sites\/vc\/wp-content\/uploads\/2024\/05\/IMG-20240430-WA0003-24x18.jpg 24w, https:\/\/dev.antudigital.cl\/sites\/vc\/wp-content\/uploads\/2024\/05\/IMG-20240430-WA0003-36x27.jpg 36w, https:\/\/dev.antudigital.cl\/sites\/vc\/wp-content\/uploads\/2024\/05\/IMG-20240430-WA0003-48x36.jpg 48w, https:\/\/dev.antudigital.cl\/sites\/vc\/wp-content\/uploads\/2024\/05\/IMG-20240430-WA0003.jpg 1280w\" sizes=\"(max-width: 1024px) 100vw, 1024px\" \/><\/figure>\n\n\n\n<p><a href=\"mailto:TOMAS.ALBAGLY@arcos.cl\" target=\"_blank\" rel=\"noreferrer noopener\">Tom\u00e1s Albagly<\/a>,&nbsp;presidente del Comit\u00e9 Ejecutivo&nbsp;y director regional de I.P. ARCOS, coment\u00f3 que este a\u00f1o \u201ces un momento propicio para reflexionar sobre los logros que hemos alcanzado juntos y agradecer a cada uno de ustedes por su compromiso y dedicaci\u00f3n\u201d,.<\/p>\n\n\n\n<p>\u201cDesde el inicio de Valpara\u00edso Creativo hemos estado unidos por una visi\u00f3n compartida: fortalecer y dinamizar nuestra regi\u00f3n a trav\u00e9s de la Econom\u00eda Creativa. Gracias a los esfuerzos conjuntos de nuestros comit\u00e9s gestores, hemos podido trabajar en los territorios con un enfoque integral en cuatro ejes fundamentales: Turismo Cultural y Creativo, Servicios Creativos, Patrimonio Urbano y Valpara\u00edso ciudad creativa de la m\u00fasica UNESCO, agreg\u00f3.<\/p>\n\n\n\n<p>En este sentido, hay cuatro ejes de trabajo seg\u00fan la Hoja de Ruta de Valpara\u00edso Creativo, potenciando estas cuatro \u00e1reas por igual a trav\u00e9s de la creaci\u00f3n de experiencias mediante la colaboraci\u00f3n, y sembrando un camino com\u00fan para impulsar la Econom\u00eda Creativa de manera cada vez m\u00e1s regional.<\/p>\n\n\n\n<p>A ra\u00edz de lo mismo, Tom\u00e1s Albagly agradeci\u00f3 a todos \u201clos que han hecho posible estos logros: a los miembros del comit\u00e9 gestor por su liderazgo, a los colaboradores por su incansable trabajo y a la comunidad, por su participaci\u00f3n activa y entusiasta. Mirando hacia el futuro, el desaf\u00edo es grande, pero tambi\u00e9n lo es nuestra motivaci\u00f3n para seguir trabajando. Juntos, continuaremos promoviendo la innovaci\u00f3n y la creatividad, pilares de nuestro desarrollo regional. \u00a1Sigamos adelante!\u201d.<\/p>\n\n\n\n<figure class=\"wp-block-image size-large\"><img decoding=\"async\" width=\"1024\" height=\"768\" src=\"https:\/\/www.valparaisocreativo.cl\/wp-content\/uploads\/2024\/05\/IMG-20240430-WA0002-1024x768.jpg\" alt=\"\" class=\"wp-image-19081\" srcset=\"https:\/\/dev.antudigital.cl\/sites\/vc\/wp-content\/uploads\/2024\/05\/IMG-20240430-WA0002-1024x768.jpg 1024w, https:\/\/dev.antudigital.cl\/sites\/vc\/wp-content\/uploads\/2024\/05\/IMG-20240430-WA0002-300x225.jpg 300w, https:\/\/dev.antudigital.cl\/sites\/vc\/wp-content\/uploads\/2024\/05\/IMG-20240430-WA0002-768x576.jpg 768w, https:\/\/dev.antudigital.cl\/sites\/vc\/wp-content\/uploads\/2024\/05\/IMG-20240430-WA0002-510x382.jpg 510w, https:\/\/dev.antudigital.cl\/sites\/vc\/wp-content\/uploads\/2024\/05\/IMG-20240430-WA0002-1080x810.jpg 1080w, https:\/\/dev.antudigital.cl\/sites\/vc\/wp-content\/uploads\/2024\/05\/IMG-20240430-WA0002-980x735.jpg 980w, https:\/\/dev.antudigital.cl\/sites\/vc\/wp-content\/uploads\/2024\/05\/IMG-20240430-WA0002-480x360.jpg 480w, https:\/\/dev.antudigital.cl\/sites\/vc\/wp-content\/uploads\/2024\/05\/IMG-20240430-WA0002-24x18.jpg 24w, https:\/\/dev.antudigital.cl\/sites\/vc\/wp-content\/uploads\/2024\/05\/IMG-20240430-WA0002-36x27.jpg 36w, https:\/\/dev.antudigital.cl\/sites\/vc\/wp-content\/uploads\/2024\/05\/IMG-20240430-WA0002-48x36.jpg 48w, https:\/\/dev.antudigital.cl\/sites\/vc\/wp-content\/uploads\/2024\/05\/IMG-20240430-WA0002.jpg 1280w\" sizes=\"(max-width: 1024px) 100vw, 1024px\" \/><\/figure>\n\n\n\n<p>Tras la presentaci\u00f3n, los asistentes fueron part\u00edcipes de una experiencia creativa: una obra de parkour liderada por Sala Pascal 79 que llev\u00f3 a cuestionar el v\u00ednculo con los dispositivos electr\u00f3nicos que tanto se usan hoy. Sin duda, una interesante pieza que permiti\u00f3 compartir en torno a la creaci\u00f3n local.<\/p>\n\n\n\n<p>Luego de este cierre de ciclo, hay un breve receso hasta retomar los nuevos comit\u00e9 gestores 2024 de Valpara\u00edso Creativo, integrando a nuevos\/as integrantes y representantes de gremios.<\/p>\n","protected":false},"excerpt":{"rendered":"<p>El pasado martes 30 de abril se dio paso al cierre de ciclo n\u00famero 7 con los\/as integrantes de los Comit\u00e9 Gestores que ejercen en cuatro l\u00edneas, seg\u00fan la Hoja de Ruta de Valpara\u00edso Creativo: patrimonio, ciudad creativa de la m\u00fasica, servicios creativos, y turismo creativo y cultural. Adem\u00e1s, acompa\u00f1aron representantes de sectores con los [&hellip;]<\/p>\n","protected":false},"author":1,"featured_media":19082,"comment_status":"closed","ping_status":"closed","sticky":false,"template":"","format":"standard","meta":{"_acf_changed":false,"footnotes":""},"categories":[218],"tags":[],"class_list":["post-19079","post","type-post","status-publish","format-standard","has-post-thumbnail","hentry","category-blog"],"acf":[],"yoast_head":"<!-- This site is optimized with the Yoast SEO plugin v27.1.1 - https:\/\/yoast.com\/product\/yoast-seo-wordpress\/ -->\n<title>ARCOS DESTACA LABOR COLABORATIVA EN CIERRE DE COMIT\u00c9 GESTORES DE VALPARA\u00cdSO CREATIVO - Valpara\u00ed\u00adso Creativo<\/title>\n<meta name=\"robots\" content=\"index, follow, max-snippet:-1, max-image-preview:large, max-video-preview:-1\" \/>\n<link rel=\"canonical\" href=\"https:\/\/dev.antudigital.cl\/sites\/vc\/arcos-destaca-labor-colaborativa-en-cierre-de-comite-gestores-de-valparaiso-creativo\/\" \/>\n<meta property=\"og:locale\" content=\"es_ES\" \/>\n<meta property=\"og:type\" content=\"article\" \/>\n<meta property=\"og:title\" content=\"ARCOS DESTACA LABOR COLABORATIVA EN CIERRE DE COMIT\u00c9 GESTORES DE VALPARA\u00cdSO CREATIVO - Valpara\u00ed\u00adso Creativo\" \/>\n<meta property=\"og:description\" content=\"El pasado martes 30 de abril se dio paso al cierre de ciclo n\u00famero 7 con los\/as integrantes de los Comit\u00e9 Gestores que ejercen en cuatro l\u00edneas, seg\u00fan la Hoja de Ruta de Valpara\u00edso Creativo: patrimonio, ciudad creativa de la m\u00fasica, servicios creativos, y turismo creativo y cultural. Adem\u00e1s, acompa\u00f1aron representantes de sectores con los [&hellip;]\" \/>\n<meta property=\"og:url\" content=\"https:\/\/dev.antudigital.cl\/sites\/vc\/arcos-destaca-labor-colaborativa-en-cierre-de-comite-gestores-de-valparaiso-creativo\/\" \/>\n<meta property=\"og:site_name\" content=\"Valpara\u00ed\u00adso Creativo\" \/>\n<meta property=\"article:published_time\" content=\"2024-05-07T04:15:15+00:00\" \/>\n<meta property=\"article:modified_time\" content=\"2024-05-07T04:15:36+00:00\" \/>\n<meta property=\"og:image\" content=\"https:\/\/dev.antudigital.cl\/sites\/vc\/wp-content\/uploads\/2024\/05\/IMG-20240430-WA0004.jpg\" \/>\n\t<meta property=\"og:image:width\" content=\"1280\" \/>\n\t<meta property=\"og:image:height\" content=\"960\" \/>\n\t<meta property=\"og:image:type\" content=\"image\/jpeg\" \/>\n<meta name=\"author\" content=\"Valpara\u00edso Creativo\" \/>\n<meta name=\"twitter:card\" content=\"summary_large_image\" \/>\n<meta name=\"twitter:label1\" content=\"Escrito por\" \/>\n\t<meta name=\"twitter:data1\" content=\"Valpara\u00edso Creativo\" \/>\n\t<meta name=\"twitter:label2\" content=\"Tiempo de lectura\" \/>\n\t<meta name=\"twitter:data2\" content=\"3 minutos\" \/>\n<script type=\"application\/ld+json\" class=\"yoast-schema-graph\">{\"@context\":\"https:\/\/schema.org\",\"@graph\":[{\"@type\":\"Article\",\"@id\":\"https:\/\/dev.antudigital.cl\/sites\/vc\/arcos-destaca-labor-colaborativa-en-cierre-de-comite-gestores-de-valparaiso-creativo\/#article\",\"isPartOf\":{\"@id\":\"https:\/\/dev.antudigital.cl\/sites\/vc\/arcos-destaca-labor-colaborativa-en-cierre-de-comite-gestores-de-valparaiso-creativo\/\"},\"author\":{\"name\":\"Valpara\u00edso Creativo\",\"@id\":\"https:\/\/dev.antudigital.cl\/sites\/vc\/#\/schema\/person\/c2b9da8dd545e27166fc5ab232837318\"},\"headline\":\"ARCOS DESTACA LABOR COLABORATIVA EN CIERRE DE COMIT\u00c9 GESTORES DE VALPARA\u00cdSO CREATIVO\",\"datePublished\":\"2024-05-07T04:15:15+00:00\",\"dateModified\":\"2024-05-07T04:15:36+00:00\",\"mainEntityOfPage\":{\"@id\":\"https:\/\/dev.antudigital.cl\/sites\/vc\/arcos-destaca-labor-colaborativa-en-cierre-de-comite-gestores-de-valparaiso-creativo\/\"},\"wordCount\":521,\"image\":{\"@id\":\"https:\/\/dev.antudigital.cl\/sites\/vc\/arcos-destaca-labor-colaborativa-en-cierre-de-comite-gestores-de-valparaiso-creativo\/#primaryimage\"},\"thumbnailUrl\":\"https:\/\/dev.antudigital.cl\/sites\/vc\/wp-content\/uploads\/2024\/05\/IMG-20240430-WA0004.jpg\",\"articleSection\":[\"Blog\"],\"inLanguage\":\"es\"},{\"@type\":\"WebPage\",\"@id\":\"https:\/\/dev.antudigital.cl\/sites\/vc\/arcos-destaca-labor-colaborativa-en-cierre-de-comite-gestores-de-valparaiso-creativo\/\",\"url\":\"https:\/\/dev.antudigital.cl\/sites\/vc\/arcos-destaca-labor-colaborativa-en-cierre-de-comite-gestores-de-valparaiso-creativo\/\",\"name\":\"ARCOS DESTACA LABOR COLABORATIVA EN CIERRE DE COMIT\u00c9 GESTORES DE VALPARA\u00cdSO CREATIVO - Valpara\u00ed\u00adso Creativo\",\"isPartOf\":{\"@id\":\"https:\/\/dev.antudigital.cl\/sites\/vc\/#website\"},\"primaryImageOfPage\":{\"@id\":\"https:\/\/dev.antudigital.cl\/sites\/vc\/arcos-destaca-labor-colaborativa-en-cierre-de-comite-gestores-de-valparaiso-creativo\/#primaryimage\"},\"image\":{\"@id\":\"https:\/\/dev.antudigital.cl\/sites\/vc\/arcos-destaca-labor-colaborativa-en-cierre-de-comite-gestores-de-valparaiso-creativo\/#primaryimage\"},\"thumbnailUrl\":\"https:\/\/dev.antudigital.cl\/sites\/vc\/wp-content\/uploads\/2024\/05\/IMG-20240430-WA0004.jpg\",\"datePublished\":\"2024-05-07T04:15:15+00:00\",\"dateModified\":\"2024-05-07T04:15:36+00:00\",\"author\":{\"@id\":\"https:\/\/dev.antudigital.cl\/sites\/vc\/#\/schema\/person\/c2b9da8dd545e27166fc5ab232837318\"},\"breadcrumb\":{\"@id\":\"https:\/\/dev.antudigital.cl\/sites\/vc\/arcos-destaca-labor-colaborativa-en-cierre-de-comite-gestores-de-valparaiso-creativo\/#breadcrumb\"},\"inLanguage\":\"es\",\"potentialAction\":[{\"@type\":\"ReadAction\",\"target\":[\"https:\/\/dev.antudigital.cl\/sites\/vc\/arcos-destaca-labor-colaborativa-en-cierre-de-comite-gestores-de-valparaiso-creativo\/\"]}]},{\"@type\":\"ImageObject\",\"inLanguage\":\"es\",\"@id\":\"https:\/\/dev.antudigital.cl\/sites\/vc\/arcos-destaca-labor-colaborativa-en-cierre-de-comite-gestores-de-valparaiso-creativo\/#primaryimage\",\"url\":\"https:\/\/dev.antudigital.cl\/sites\/vc\/wp-content\/uploads\/2024\/05\/IMG-20240430-WA0004.jpg\",\"contentUrl\":\"https:\/\/dev.antudigital.cl\/sites\/vc\/wp-content\/uploads\/2024\/05\/IMG-20240430-WA0004.jpg\",\"width\":1280,\"height\":960},{\"@type\":\"BreadcrumbList\",\"@id\":\"https:\/\/dev.antudigital.cl\/sites\/vc\/arcos-destaca-labor-colaborativa-en-cierre-de-comite-gestores-de-valparaiso-creativo\/#breadcrumb\",\"itemListElement\":[{\"@type\":\"ListItem\",\"position\":1,\"name\":\"Home\",\"item\":\"https:\/\/dev.antudigital.cl\/sites\/vc\/\"},{\"@type\":\"ListItem\",\"position\":2,\"name\":\"ARCOS DESTACA LABOR COLABORATIVA EN CIERRE DE COMIT\u00c9 GESTORES DE VALPARA\u00cdSO CREATIVO\"}]},{\"@type\":\"WebSite\",\"@id\":\"https:\/\/dev.antudigital.cl\/sites\/vc\/#website\",\"url\":\"https:\/\/dev.antudigital.cl\/sites\/vc\/\",\"name\":\"Valpara\u00ed\u00adso Creativo\",\"description\":\"\",\"potentialAction\":[{\"@type\":\"SearchAction\",\"target\":{\"@type\":\"EntryPoint\",\"urlTemplate\":\"https:\/\/dev.antudigital.cl\/sites\/vc\/?s={search_term_string}\"},\"query-input\":{\"@type\":\"PropertyValueSpecification\",\"valueRequired\":true,\"valueName\":\"search_term_string\"}}],\"inLanguage\":\"es\"},{\"@type\":\"Person\",\"@id\":\"https:\/\/dev.antudigital.cl\/sites\/vc\/#\/schema\/person\/c2b9da8dd545e27166fc5ab232837318\",\"name\":\"Valpara\u00edso Creativo\",\"description\":\"Periodista de cultura en la Regi\u00f3n de Valpara\u00edso.\",\"url\":\"https:\/\/dev.antudigital.cl\/sites\/vc\/author\/valpoadmin\/\"}]}<\/script>\n<!-- \/ Yoast SEO plugin. -->","yoast_head_json":{"title":"ARCOS DESTACA LABOR COLABORATIVA EN CIERRE DE COMIT\u00c9 GESTORES DE VALPARA\u00cdSO CREATIVO - Valpara\u00ed\u00adso Creativo","robots":{"index":"index","follow":"follow","max-snippet":"max-snippet:-1","max-image-preview":"max-image-preview:large","max-video-preview":"max-video-preview:-1"},"canonical":"https:\/\/dev.antudigital.cl\/sites\/vc\/arcos-destaca-labor-colaborativa-en-cierre-de-comite-gestores-de-valparaiso-creativo\/","og_locale":"es_ES","og_type":"article","og_title":"ARCOS DESTACA LABOR COLABORATIVA EN CIERRE DE COMIT\u00c9 GESTORES DE VALPARA\u00cdSO CREATIVO - Valpara\u00ed\u00adso Creativo","og_description":"El pasado martes 30 de abril se dio paso al cierre de ciclo n\u00famero 7 con los\/as integrantes de los Comit\u00e9 Gestores que ejercen en cuatro l\u00edneas, seg\u00fan la Hoja de Ruta de Valpara\u00edso Creativo: patrimonio, ciudad creativa de la m\u00fasica, servicios creativos, y turismo creativo y cultural. Adem\u00e1s, acompa\u00f1aron representantes de sectores con los [&hellip;]","og_url":"https:\/\/dev.antudigital.cl\/sites\/vc\/arcos-destaca-labor-colaborativa-en-cierre-de-comite-gestores-de-valparaiso-creativo\/","og_site_name":"Valpara\u00ed\u00adso Creativo","article_published_time":"2024-05-07T04:15:15+00:00","article_modified_time":"2024-05-07T04:15:36+00:00","og_image":[{"width":1280,"height":960,"url":"https:\/\/dev.antudigital.cl\/sites\/vc\/wp-content\/uploads\/2024\/05\/IMG-20240430-WA0004.jpg","type":"image\/jpeg"}],"author":"Valpara\u00edso Creativo","twitter_card":"summary_large_image","twitter_misc":{"Escrito por":"Valpara\u00edso Creativo","Tiempo de lectura":"3 minutos"},"schema":{"@context":"https:\/\/schema.org","@graph":[{"@type":"Article","@id":"https:\/\/dev.antudigital.cl\/sites\/vc\/arcos-destaca-labor-colaborativa-en-cierre-de-comite-gestores-de-valparaiso-creativo\/#article","isPartOf":{"@id":"https:\/\/dev.antudigital.cl\/sites\/vc\/arcos-destaca-labor-colaborativa-en-cierre-de-comite-gestores-de-valparaiso-creativo\/"},"author":{"name":"Valpara\u00edso Creativo","@id":"https:\/\/dev.antudigital.cl\/sites\/vc\/#\/schema\/person\/c2b9da8dd545e27166fc5ab232837318"},"headline":"ARCOS DESTACA LABOR COLABORATIVA EN CIERRE DE COMIT\u00c9 GESTORES DE VALPARA\u00cdSO CREATIVO","datePublished":"2024-05-07T04:15:15+00:00","dateModified":"2024-05-07T04:15:36+00:00","mainEntityOfPage":{"@id":"https:\/\/dev.antudigital.cl\/sites\/vc\/arcos-destaca-labor-colaborativa-en-cierre-de-comite-gestores-de-valparaiso-creativo\/"},"wordCount":521,"image":{"@id":"https:\/\/dev.antudigital.cl\/sites\/vc\/arcos-destaca-labor-colaborativa-en-cierre-de-comite-gestores-de-valparaiso-creativo\/#primaryimage"},"thumbnailUrl":"https:\/\/dev.antudigital.cl\/sites\/vc\/wp-content\/uploads\/2024\/05\/IMG-20240430-WA0004.jpg","articleSection":["Blog"],"inLanguage":"es"},{"@type":"WebPage","@id":"https:\/\/dev.antudigital.cl\/sites\/vc\/arcos-destaca-labor-colaborativa-en-cierre-de-comite-gestores-de-valparaiso-creativo\/","url":"https:\/\/dev.antudigital.cl\/sites\/vc\/arcos-destaca-labor-colaborativa-en-cierre-de-comite-gestores-de-valparaiso-creativo\/","name":"ARCOS DESTACA LABOR COLABORATIVA EN CIERRE DE COMIT\u00c9 GESTORES DE VALPARA\u00cdSO CREATIVO - Valpara\u00ed\u00adso Creativo","isPartOf":{"@id":"https:\/\/dev.antudigital.cl\/sites\/vc\/#website"},"primaryImageOfPage":{"@id":"https:\/\/dev.antudigital.cl\/sites\/vc\/arcos-destaca-labor-colaborativa-en-cierre-de-comite-gestores-de-valparaiso-creativo\/#primaryimage"},"image":{"@id":"https:\/\/dev.antudigital.cl\/sites\/vc\/arcos-destaca-labor-colaborativa-en-cierre-de-comite-gestores-de-valparaiso-creativo\/#primaryimage"},"thumbnailUrl":"https:\/\/dev.antudigital.cl\/sites\/vc\/wp-content\/uploads\/2024\/05\/IMG-20240430-WA0004.jpg","datePublished":"2024-05-07T04:15:15+00:00","dateModified":"2024-05-07T04:15:36+00:00","author":{"@id":"https:\/\/dev.antudigital.cl\/sites\/vc\/#\/schema\/person\/c2b9da8dd545e27166fc5ab232837318"},"breadcrumb":{"@id":"https:\/\/dev.antudigital.cl\/sites\/vc\/arcos-destaca-labor-colaborativa-en-cierre-de-comite-gestores-de-valparaiso-creativo\/#breadcrumb"},"inLanguage":"es","potentialAction":[{"@type":"ReadAction","target":["https:\/\/dev.antudigital.cl\/sites\/vc\/arcos-destaca-labor-colaborativa-en-cierre-de-comite-gestores-de-valparaiso-creativo\/"]}]},{"@type":"ImageObject","inLanguage":"es","@id":"https:\/\/dev.antudigital.cl\/sites\/vc\/arcos-destaca-labor-colaborativa-en-cierre-de-comite-gestores-de-valparaiso-creativo\/#primaryimage","url":"https:\/\/dev.antudigital.cl\/sites\/vc\/wp-content\/uploads\/2024\/05\/IMG-20240430-WA0004.jpg","contentUrl":"https:\/\/dev.antudigital.cl\/sites\/vc\/wp-content\/uploads\/2024\/05\/IMG-20240430-WA0004.jpg","width":1280,"height":960},{"@type":"BreadcrumbList","@id":"https:\/\/dev.antudigital.cl\/sites\/vc\/arcos-destaca-labor-colaborativa-en-cierre-de-comite-gestores-de-valparaiso-creativo\/#breadcrumb","itemListElement":[{"@type":"ListItem","position":1,"name":"Home","item":"https:\/\/dev.antudigital.cl\/sites\/vc\/"},{"@type":"ListItem","position":2,"name":"ARCOS DESTACA LABOR COLABORATIVA EN CIERRE DE COMIT\u00c9 GESTORES DE VALPARA\u00cdSO CREATIVO"}]},{"@type":"WebSite","@id":"https:\/\/dev.antudigital.cl\/sites\/vc\/#website","url":"https:\/\/dev.antudigital.cl\/sites\/vc\/","name":"Valpara\u00ed\u00adso Creativo","description":"","potentialAction":[{"@type":"SearchAction","target":{"@type":"EntryPoint","urlTemplate":"https:\/\/dev.antudigital.cl\/sites\/vc\/?s={search_term_string}"},"query-input":{"@type":"PropertyValueSpecification","valueRequired":true,"valueName":"search_term_string"}}],"inLanguage":"es"},{"@type":"Person","@id":"https:\/\/dev.antudigital.cl\/sites\/vc\/#\/schema\/person\/c2b9da8dd545e27166fc5ab232837318","name":"Valpara\u00edso Creativo","description":"Periodista de cultura en la Regi\u00f3n de Valpara\u00edso.","url":"https:\/\/dev.antudigital.cl\/sites\/vc\/author\/valpoadmin\/"}]}},"_links":{"self":[{"href":"https:\/\/dev.antudigital.cl\/sites\/vc\/wp-json\/wp\/v2\/posts\/19079","targetHints":{"allow":["GET"]}}],"collection":[{"href":"https:\/\/dev.antudigital.cl\/sites\/vc\/wp-json\/wp\/v2\/posts"}],"about":[{"href":"https:\/\/dev.antudigital.cl\/sites\/vc\/wp-json\/wp\/v2\/types\/post"}],"author":[{"embeddable":true,"href":"https:\/\/dev.antudigital.cl\/sites\/vc\/wp-json\/wp\/v2\/users\/1"}],"replies":[{"embeddable":true,"href":"https:\/\/dev.antudigital.cl\/sites\/vc\/wp-json\/wp\/v2\/comments?post=19079"}],"version-history":[{"count":1,"href":"https:\/\/dev.antudigital.cl\/sites\/vc\/wp-json\/wp\/v2\/posts\/19079\/revisions"}],"predecessor-version":[{"id":19083,"href":"https:\/\/dev.antudigital.cl\/sites\/vc\/wp-json\/wp\/v2\/posts\/19079\/revisions\/19083"}],"wp:featuredmedia":[{"embeddable":true,"href":"https:\/\/dev.antudigital.cl\/sites\/vc\/wp-json\/wp\/v2\/media\/19082"}],"wp:attachment":[{"href":"https:\/\/dev.antudigital.cl\/sites\/vc\/wp-json\/wp\/v2\/media?parent=19079"}],"wp:term":[{"taxonomy":"category","embeddable":true,"href":"https:\/\/dev.antudigital.cl\/sites\/vc\/wp-json\/wp\/v2\/categories?post=19079"},{"taxonomy":"post_tag","embeddable":true,"href":"https:\/\/dev.antudigital.cl\/sites\/vc\/wp-json\/wp\/v2\/tags?post=19079"}],"curies":[{"name":"wp","href":"https:\/\/api.w.org\/{rel}","templated":true}]}}