{"id":19086,"date":"2024-05-07T04:20:50","date_gmt":"2024-05-07T04:20:50","guid":{"rendered":"https:\/\/www.valparaisocreativo.cl\/?p=19086"},"modified":"2024-05-07T04:21:08","modified_gmt":"2024-05-07T04:21:08","slug":"capital-semilla-region-de-valparaiso","status":"publish","type":"post","link":"https:\/\/dev.antudigital.cl\/sites\/vc\/capital-semilla-region-de-valparaiso\/","title":{"rendered":"Capital semilla Regi\u00f3n de Valpara\u00edso"},"content":{"rendered":"\n<h3 class=\"wp-block-heading\">\u00bfQu\u00e9 es?<\/h3>\n\n\n\n<p>Es un fondo concursable que promueve la creaci\u00f3n de nuevos negocios, con oportunidad de participar en el mercado a trav\u00e9s de su formalizaci\u00f3n.<br>Para implementar el proyecto de negocio, cofinancia un plan de trabajo que incluye acciones de gesti\u00f3n empresarial e inversiones en bienes necesarios para cumplir el objetivo del proyecto.<\/p>\n\n\n\n<p>\u00bf<\/p>\n\n\n\n<h3 class=\"wp-block-heading\">Qu\u00e9 apoyo entrega?<\/h3>\n\n\n\n<p>Otorga un subsidio de&nbsp;<strong>$3.500.000<\/strong>&nbsp;para concretar las actividades detalladas en el plan de trabajo. De estos:<\/p>\n\n\n\n<ul class=\"wp-block-list\">\n<li>Un m\u00ednimo de\u00a0<strong>$200 mil<\/strong>\u00a0y un m\u00e1ximo de\u00a0<strong>$500 mil<\/strong>\u00a0pueden destinarse a acciones de gesti\u00f3n empresarial, tales como asistencia t\u00e9cnica, capacitaci\u00f3n marketing y gastos para la formalizaci\u00f3n de la nueva empresa.<\/li>\n\n\n\n<li>Desde\u00a0<strong>$3 millones<\/strong>\u00a0hasta\u00a0<strong>$3,3 millones<\/strong>\u00a0pueden destinarse a inversiones en activos, habilitaci\u00f3n de infraestructura y capital de trabajo.<\/li>\n<\/ul>\n\n\n\n<p>Cada emprendedor o emprendedora seleccionado\/a deber\u00e1 entregar un aporte equivalente al&nbsp;<strong>3%<\/strong>&nbsp;del monto del subsidio de Sercotec y financiar cualquier impuesto asociado a su proyecto.<\/p>\n\n\n\n<figure class=\"wp-block-image aligncenter\"><img decoding=\"async\" src=\"https:\/\/www.sercotec.cl\/wp-content\/uploads\/2018\/08\/persona2222.png\" alt=\"\"\/><\/figure>\n\n\n\n<h3 class=\"wp-block-heading\">\u00bfQui\u00e9nes pueden acceder?<\/h3>\n\n\n\n<p>Emprendedores y emprendedoras mayores de edad (igual o mayor a 18 a\u00f1os), sin inicio de actividades en primera categor\u00eda ante el Servicio de Impuestos Internos, que presenten un proyecto de negocio que cumpla con el foco definido por la convocatoria de Sercotec en su regi\u00f3n, seg\u00fan lo se\u00f1alado en las bases de postulaci\u00f3n.<\/p>\n\n\n\n<p>Para postular, la persona no puede tener deudas laborales, previsionales ni tributarias, y no debe figurar en el Registro Nacional de Deudores de Pensiones de Alimentos.<\/p>\n\n\n\n<h3 class=\"wp-block-heading\">\u00bfC\u00f3mo Postular?<\/h3>\n\n\n\n<p><strong>Paso 1.<\/strong>&nbsp;Registrarse como usuario\/a en&nbsp;<a href=\"http:\/\/www.sercotec.cl\/\" target=\"_blank\" rel=\"noreferrer noopener\">www.sercotec.cl<\/a><br><strong>Paso 2.<\/strong>&nbsp;Descargar y leer detenidamente las bases y anexos de la convocatoria.<br><strong>Paso 3.<\/strong>&nbsp;Completar el formulario de postulaci\u00f3n, para lo cual se debe responder un test de preselecci\u00f3n y enviar un video de presentaci\u00f3n junto con los documentos requeridos, verificando que cumplan con el formato y contenido solicitados, en el plazo establecido.<\/p>\n\n\n\n<p>El n\u00famero estimado de postulantes que ser\u00e1n beneficiarios y beneficiarias de esta convocatoria es de\u00a0<strong>68<\/strong>\u00a0a nivel regional.<\/p>\n\n\n\n<p><a href=\"https:\/\/www.sercotec.cl\/capital-semilla-emprende-region-de-valparaiso-provincias-de-valparaiso-marga-marga-san-antonio-los-andes-e-isla-de-pascua-2024\/\"><strong>Revisa las bases y postula aqu\u00ed<\/strong><\/a><\/p>\n","protected":false},"excerpt":{"rendered":"<p>\u00bfQu\u00e9 es? Es un fondo concursable que promueve la creaci\u00f3n de nuevos negocios, con oportunidad de participar en el mercado a trav\u00e9s de su formalizaci\u00f3n.Para implementar el proyecto de negocio, cofinancia un plan de trabajo que incluye acciones de gesti\u00f3n empresarial e inversiones en bienes necesarios para cumplir el objetivo del proyecto. \u00bf Qu\u00e9 apoyo [&hellip;]<\/p>\n","protected":false},"author":1,"featured_media":18964,"comment_status":"closed","ping_status":"closed","sticky":false,"template":"","format":"standard","meta":{"_acf_changed":false,"footnotes":""},"categories":[8],"tags":[],"class_list":["post-19086","post","type-post","status-publish","format-standard","has-post-thumbnail","hentry","category-noticia"],"acf":[],"yoast_head":"<!-- This site is optimized with the Yoast SEO plugin v27.1.1 - https:\/\/yoast.com\/product\/yoast-seo-wordpress\/ -->\n<title>Capital semilla Regi\u00f3n de Valpara\u00edso - Valpara\u00ed\u00adso Creativo<\/title>\n<meta name=\"robots\" content=\"index, follow, max-snippet:-1, max-image-preview:large, max-video-preview:-1\" \/>\n<link rel=\"canonical\" href=\"https:\/\/dev.antudigital.cl\/sites\/vc\/capital-semilla-region-de-valparaiso\/\" \/>\n<meta property=\"og:locale\" content=\"es_ES\" \/>\n<meta property=\"og:type\" content=\"article\" \/>\n<meta property=\"og:title\" content=\"Capital semilla Regi\u00f3n de Valpara\u00edso - Valpara\u00ed\u00adso Creativo\" \/>\n<meta property=\"og:description\" content=\"\u00bfQu\u00e9 es? Es un fondo concursable que promueve la creaci\u00f3n de nuevos negocios, con oportunidad de participar en el mercado a trav\u00e9s de su formalizaci\u00f3n.Para implementar el proyecto de negocio, cofinancia un plan de trabajo que incluye acciones de gesti\u00f3n empresarial e inversiones en bienes necesarios para cumplir el objetivo del proyecto. \u00bf Qu\u00e9 apoyo [&hellip;]\" \/>\n<meta property=\"og:url\" content=\"https:\/\/dev.antudigital.cl\/sites\/vc\/capital-semilla-region-de-valparaiso\/\" \/>\n<meta property=\"og:site_name\" content=\"Valpara\u00ed\u00adso Creativo\" \/>\n<meta property=\"article:published_time\" content=\"2024-05-07T04:20:50+00:00\" \/>\n<meta property=\"article:modified_time\" content=\"2024-05-07T04:21:08+00:00\" \/>\n<meta property=\"og:image\" content=\"https:\/\/dev.antudigital.cl\/sites\/vc\/wp-content\/uploads\/2024\/04\/10435759.png\" \/>\n\t<meta property=\"og:image:width\" content=\"820\" \/>\n\t<meta property=\"og:image:height\" content=\"304\" \/>\n\t<meta property=\"og:image:type\" content=\"image\/png\" \/>\n<meta name=\"author\" content=\"Valpara\u00edso Creativo\" \/>\n<meta name=\"twitter:card\" content=\"summary_large_image\" \/>\n<meta name=\"twitter:label1\" content=\"Escrito por\" \/>\n\t<meta name=\"twitter:data1\" content=\"Valpara\u00edso Creativo\" \/>\n\t<meta name=\"twitter:label2\" content=\"Tiempo de lectura\" \/>\n\t<meta name=\"twitter:data2\" content=\"2 minutos\" \/>\n<script type=\"application\/ld+json\" class=\"yoast-schema-graph\">{\"@context\":\"https:\/\/schema.org\",\"@graph\":[{\"@type\":\"Article\",\"@id\":\"https:\/\/dev.antudigital.cl\/sites\/vc\/capital-semilla-region-de-valparaiso\/#article\",\"isPartOf\":{\"@id\":\"https:\/\/dev.antudigital.cl\/sites\/vc\/capital-semilla-region-de-valparaiso\/\"},\"author\":{\"name\":\"Valpara\u00edso Creativo\",\"@id\":\"https:\/\/dev.antudigital.cl\/sites\/vc\/#\/schema\/person\/c2b9da8dd545e27166fc5ab232837318\"},\"headline\":\"Capital semilla Regi\u00f3n de Valpara\u00edso\",\"datePublished\":\"2024-05-07T04:20:50+00:00\",\"dateModified\":\"2024-05-07T04:21:08+00:00\",\"mainEntityOfPage\":{\"@id\":\"https:\/\/dev.antudigital.cl\/sites\/vc\/capital-semilla-region-de-valparaiso\/\"},\"wordCount\":353,\"image\":{\"@id\":\"https:\/\/dev.antudigital.cl\/sites\/vc\/capital-semilla-region-de-valparaiso\/#primaryimage\"},\"thumbnailUrl\":\"https:\/\/dev.antudigital.cl\/sites\/vc\/wp-content\/uploads\/2024\/04\/10435759.png\",\"articleSection\":[\"Noticia\"],\"inLanguage\":\"es\"},{\"@type\":\"WebPage\",\"@id\":\"https:\/\/dev.antudigital.cl\/sites\/vc\/capital-semilla-region-de-valparaiso\/\",\"url\":\"https:\/\/dev.antudigital.cl\/sites\/vc\/capital-semilla-region-de-valparaiso\/\",\"name\":\"Capital semilla Regi\u00f3n de Valpara\u00edso - Valpara\u00ed\u00adso Creativo\",\"isPartOf\":{\"@id\":\"https:\/\/dev.antudigital.cl\/sites\/vc\/#website\"},\"primaryImageOfPage\":{\"@id\":\"https:\/\/dev.antudigital.cl\/sites\/vc\/capital-semilla-region-de-valparaiso\/#primaryimage\"},\"image\":{\"@id\":\"https:\/\/dev.antudigital.cl\/sites\/vc\/capital-semilla-region-de-valparaiso\/#primaryimage\"},\"thumbnailUrl\":\"https:\/\/dev.antudigital.cl\/sites\/vc\/wp-content\/uploads\/2024\/04\/10435759.png\",\"datePublished\":\"2024-05-07T04:20:50+00:00\",\"dateModified\":\"2024-05-07T04:21:08+00:00\",\"author\":{\"@id\":\"https:\/\/dev.antudigital.cl\/sites\/vc\/#\/schema\/person\/c2b9da8dd545e27166fc5ab232837318\"},\"breadcrumb\":{\"@id\":\"https:\/\/dev.antudigital.cl\/sites\/vc\/capital-semilla-region-de-valparaiso\/#breadcrumb\"},\"inLanguage\":\"es\",\"potentialAction\":[{\"@type\":\"ReadAction\",\"target\":[\"https:\/\/dev.antudigital.cl\/sites\/vc\/capital-semilla-region-de-valparaiso\/\"]}]},{\"@type\":\"ImageObject\",\"inLanguage\":\"es\",\"@id\":\"https:\/\/dev.antudigital.cl\/sites\/vc\/capital-semilla-region-de-valparaiso\/#primaryimage\",\"url\":\"https:\/\/dev.antudigital.cl\/sites\/vc\/wp-content\/uploads\/2024\/04\/10435759.png\",\"contentUrl\":\"https:\/\/dev.antudigital.cl\/sites\/vc\/wp-content\/uploads\/2024\/04\/10435759.png\",\"width\":820,\"height\":304},{\"@type\":\"BreadcrumbList\",\"@id\":\"https:\/\/dev.antudigital.cl\/sites\/vc\/capital-semilla-region-de-valparaiso\/#breadcrumb\",\"itemListElement\":[{\"@type\":\"ListItem\",\"position\":1,\"name\":\"Home\",\"item\":\"https:\/\/dev.antudigital.cl\/sites\/vc\/\"},{\"@type\":\"ListItem\",\"position\":2,\"name\":\"Capital semilla Regi\u00f3n de Valpara\u00edso\"}]},{\"@type\":\"WebSite\",\"@id\":\"https:\/\/dev.antudigital.cl\/sites\/vc\/#website\",\"url\":\"https:\/\/dev.antudigital.cl\/sites\/vc\/\",\"name\":\"Valpara\u00ed\u00adso Creativo\",\"description\":\"\",\"potentialAction\":[{\"@type\":\"SearchAction\",\"target\":{\"@type\":\"EntryPoint\",\"urlTemplate\":\"https:\/\/dev.antudigital.cl\/sites\/vc\/?s={search_term_string}\"},\"query-input\":{\"@type\":\"PropertyValueSpecification\",\"valueRequired\":true,\"valueName\":\"search_term_string\"}}],\"inLanguage\":\"es\"},{\"@type\":\"Person\",\"@id\":\"https:\/\/dev.antudigital.cl\/sites\/vc\/#\/schema\/person\/c2b9da8dd545e27166fc5ab232837318\",\"name\":\"Valpara\u00edso Creativo\",\"description\":\"Periodista de cultura en la Regi\u00f3n de Valpara\u00edso.\",\"url\":\"https:\/\/dev.antudigital.cl\/sites\/vc\/author\/valpoadmin\/\"}]}<\/script>\n<!-- \/ Yoast SEO plugin. -->","yoast_head_json":{"title":"Capital semilla Regi\u00f3n de Valpara\u00edso - Valpara\u00ed\u00adso Creativo","robots":{"index":"index","follow":"follow","max-snippet":"max-snippet:-1","max-image-preview":"max-image-preview:large","max-video-preview":"max-video-preview:-1"},"canonical":"https:\/\/dev.antudigital.cl\/sites\/vc\/capital-semilla-region-de-valparaiso\/","og_locale":"es_ES","og_type":"article","og_title":"Capital semilla Regi\u00f3n de Valpara\u00edso - Valpara\u00ed\u00adso Creativo","og_description":"\u00bfQu\u00e9 es? Es un fondo concursable que promueve la creaci\u00f3n de nuevos negocios, con oportunidad de participar en el mercado a trav\u00e9s de su formalizaci\u00f3n.Para implementar el proyecto de negocio, cofinancia un plan de trabajo que incluye acciones de gesti\u00f3n empresarial e inversiones en bienes necesarios para cumplir el objetivo del proyecto. \u00bf Qu\u00e9 apoyo [&hellip;]","og_url":"https:\/\/dev.antudigital.cl\/sites\/vc\/capital-semilla-region-de-valparaiso\/","og_site_name":"Valpara\u00ed\u00adso Creativo","article_published_time":"2024-05-07T04:20:50+00:00","article_modified_time":"2024-05-07T04:21:08+00:00","og_image":[{"width":820,"height":304,"url":"https:\/\/dev.antudigital.cl\/sites\/vc\/wp-content\/uploads\/2024\/04\/10435759.png","type":"image\/png"}],"author":"Valpara\u00edso Creativo","twitter_card":"summary_large_image","twitter_misc":{"Escrito por":"Valpara\u00edso Creativo","Tiempo de lectura":"2 minutos"},"schema":{"@context":"https:\/\/schema.org","@graph":[{"@type":"Article","@id":"https:\/\/dev.antudigital.cl\/sites\/vc\/capital-semilla-region-de-valparaiso\/#article","isPartOf":{"@id":"https:\/\/dev.antudigital.cl\/sites\/vc\/capital-semilla-region-de-valparaiso\/"},"author":{"name":"Valpara\u00edso Creativo","@id":"https:\/\/dev.antudigital.cl\/sites\/vc\/#\/schema\/person\/c2b9da8dd545e27166fc5ab232837318"},"headline":"Capital semilla Regi\u00f3n de Valpara\u00edso","datePublished":"2024-05-07T04:20:50+00:00","dateModified":"2024-05-07T04:21:08+00:00","mainEntityOfPage":{"@id":"https:\/\/dev.antudigital.cl\/sites\/vc\/capital-semilla-region-de-valparaiso\/"},"wordCount":353,"image":{"@id":"https:\/\/dev.antudigital.cl\/sites\/vc\/capital-semilla-region-de-valparaiso\/#primaryimage"},"thumbnailUrl":"https:\/\/dev.antudigital.cl\/sites\/vc\/wp-content\/uploads\/2024\/04\/10435759.png","articleSection":["Noticia"],"inLanguage":"es"},{"@type":"WebPage","@id":"https:\/\/dev.antudigital.cl\/sites\/vc\/capital-semilla-region-de-valparaiso\/","url":"https:\/\/dev.antudigital.cl\/sites\/vc\/capital-semilla-region-de-valparaiso\/","name":"Capital semilla Regi\u00f3n de Valpara\u00edso - Valpara\u00ed\u00adso Creativo","isPartOf":{"@id":"https:\/\/dev.antudigital.cl\/sites\/vc\/#website"},"primaryImageOfPage":{"@id":"https:\/\/dev.antudigital.cl\/sites\/vc\/capital-semilla-region-de-valparaiso\/#primaryimage"},"image":{"@id":"https:\/\/dev.antudigital.cl\/sites\/vc\/capital-semilla-region-de-valparaiso\/#primaryimage"},"thumbnailUrl":"https:\/\/dev.antudigital.cl\/sites\/vc\/wp-content\/uploads\/2024\/04\/10435759.png","datePublished":"2024-05-07T04:20:50+00:00","dateModified":"2024-05-07T04:21:08+00:00","author":{"@id":"https:\/\/dev.antudigital.cl\/sites\/vc\/#\/schema\/person\/c2b9da8dd545e27166fc5ab232837318"},"breadcrumb":{"@id":"https:\/\/dev.antudigital.cl\/sites\/vc\/capital-semilla-region-de-valparaiso\/#breadcrumb"},"inLanguage":"es","potentialAction":[{"@type":"ReadAction","target":["https:\/\/dev.antudigital.cl\/sites\/vc\/capital-semilla-region-de-valparaiso\/"]}]},{"@type":"ImageObject","inLanguage":"es","@id":"https:\/\/dev.antudigital.cl\/sites\/vc\/capital-semilla-region-de-valparaiso\/#primaryimage","url":"https:\/\/dev.antudigital.cl\/sites\/vc\/wp-content\/uploads\/2024\/04\/10435759.png","contentUrl":"https:\/\/dev.antudigital.cl\/sites\/vc\/wp-content\/uploads\/2024\/04\/10435759.png","width":820,"height":304},{"@type":"BreadcrumbList","@id":"https:\/\/dev.antudigital.cl\/sites\/vc\/capital-semilla-region-de-valparaiso\/#breadcrumb","itemListElement":[{"@type":"ListItem","position":1,"name":"Home","item":"https:\/\/dev.antudigital.cl\/sites\/vc\/"},{"@type":"ListItem","position":2,"name":"Capital semilla Regi\u00f3n de Valpara\u00edso"}]},{"@type":"WebSite","@id":"https:\/\/dev.antudigital.cl\/sites\/vc\/#website","url":"https:\/\/dev.antudigital.cl\/sites\/vc\/","name":"Valpara\u00ed\u00adso Creativo","description":"","potentialAction":[{"@type":"SearchAction","target":{"@type":"EntryPoint","urlTemplate":"https:\/\/dev.antudigital.cl\/sites\/vc\/?s={search_term_string}"},"query-input":{"@type":"PropertyValueSpecification","valueRequired":true,"valueName":"search_term_string"}}],"inLanguage":"es"},{"@type":"Person","@id":"https:\/\/dev.antudigital.cl\/sites\/vc\/#\/schema\/person\/c2b9da8dd545e27166fc5ab232837318","name":"Valpara\u00edso Creativo","description":"Periodista de cultura en la Regi\u00f3n de Valpara\u00edso.","url":"https:\/\/dev.antudigital.cl\/sites\/vc\/author\/valpoadmin\/"}]}},"_links":{"self":[{"href":"https:\/\/dev.antudigital.cl\/sites\/vc\/wp-json\/wp\/v2\/posts\/19086","targetHints":{"allow":["GET"]}}],"collection":[{"href":"https:\/\/dev.antudigital.cl\/sites\/vc\/wp-json\/wp\/v2\/posts"}],"about":[{"href":"https:\/\/dev.antudigital.cl\/sites\/vc\/wp-json\/wp\/v2\/types\/post"}],"author":[{"embeddable":true,"href":"https:\/\/dev.antudigital.cl\/sites\/vc\/wp-json\/wp\/v2\/users\/1"}],"replies":[{"embeddable":true,"href":"https:\/\/dev.antudigital.cl\/sites\/vc\/wp-json\/wp\/v2\/comments?post=19086"}],"version-history":[{"count":1,"href":"https:\/\/dev.antudigital.cl\/sites\/vc\/wp-json\/wp\/v2\/posts\/19086\/revisions"}],"predecessor-version":[{"id":19087,"href":"https:\/\/dev.antudigital.cl\/sites\/vc\/wp-json\/wp\/v2\/posts\/19086\/revisions\/19087"}],"wp:featuredmedia":[{"embeddable":true,"href":"https:\/\/dev.antudigital.cl\/sites\/vc\/wp-json\/wp\/v2\/media\/18964"}],"wp:attachment":[{"href":"https:\/\/dev.antudigital.cl\/sites\/vc\/wp-json\/wp\/v2\/media?parent=19086"}],"wp:term":[{"taxonomy":"category","embeddable":true,"href":"https:\/\/dev.antudigital.cl\/sites\/vc\/wp-json\/wp\/v2\/categories?post=19086"},{"taxonomy":"post_tag","embeddable":true,"href":"https:\/\/dev.antudigital.cl\/sites\/vc\/wp-json\/wp\/v2\/tags?post=19086"}],"curies":[{"name":"wp","href":"https:\/\/api.w.org\/{rel}","templated":true}]}}