{"id":19106,"date":"2024-05-13T13:45:51","date_gmt":"2024-05-13T13:45:51","guid":{"rendered":"https:\/\/www.valparaisocreativo.cl\/?p=19106"},"modified":"2024-05-13T13:46:12","modified_gmt":"2024-05-13T13:46:12","slug":"en-el-parque-cultural-de-valparaiso-se-conmemora-el-dia-nacional-del-teatro","status":"publish","type":"post","link":"https:\/\/dev.antudigital.cl\/sites\/vc\/en-el-parque-cultural-de-valparaiso-se-conmemora-el-dia-nacional-del-teatro\/","title":{"rendered":"En el Parque Cultural de Valpara\u00edso se conmemora el D\u00eda Nacional del Teatro"},"content":{"rendered":"\n<p>Con el argumento que el teatro chileno \u00abse merece tener una fecha en la que se testimonie su aporte al pa\u00eds y la cultura\u00bb, el a\u00f1o 2006 se instaur\u00f3 el D\u00eda Nacional del Teatro en la fecha del natalicio de Andr\u00e9s P\u00e9rez Araya, quien destac\u00f3 como actor, dramaturgo y director teatral. As\u00ed entonces y transcurridos 18 a\u00f1os desde que se conmemora al teatro nacional, la Secretar\u00eda Regional Ministerial de las Culturas, las Artes y el Patrimonio de la Regi\u00f3n de Valpara\u00edso en conjunto con el Parque Cultural celebrar\u00e1n este significativo hito con dos obras de la compa\u00f1\u00eda Teatro LaWasha como son \u201cHoguera\u201d y \u201cVaiv\u00e9n\u201d.&nbsp;<\/p>\n\n\n\n<p><strong>Erick Fuentes G\u00f3ngora<\/strong>, director ejecutivo (i) del Parque Cultural de Valpara\u00edso al respecto se\u00f1al\u00f3 que&nbsp;<em>\u201cel teatro nacional ha sido fuente fecunda del reflejo y las a\u00f1oranzas del pa\u00eds, as\u00ed tambi\u00e9n lo ha sido el teatro porte\u00f1o y regional que, constantemente y a trav\u00e9s de sus creadores e int\u00e9rpretes, impulsa imaginarios y desaf\u00edos. Como instituci\u00f3n que colabora con el Estado de Chile en la implementaci\u00f3n de las pol\u00edticas culturales, trabajamos de forma continua promoviendo y fomentando la exhibici\u00f3n de este arte dentro de este espacio p\u00fablico, sitio de memoria y centro cultural como es la Ex C\u00e1rcel de Valpara\u00edso. Entonces abrimos nuestras puertas para celebrar en conjunto a la Seremi de las Culturas, las Artes y el Patrimonio de Valpara\u00edso una nuevo festejo para el D\u00eda Nacional del Teatro\u201d.<\/em><\/p>\n\n\n\n<p>A su vez el Secretario Regional Ministerial de la Cultura, las Artes y el Patrimonio de Valpara\u00edso,\u00a0<strong>Javier Esnaola Vidal<\/strong>, indic\u00f3 que\u00a0<em>\u201ccada 11 de mayo celebramos el D\u00eda Nacional del Teatro en nuestra regi\u00f3n, conmemorando el natalicio del maestro Andr\u00e9s P\u00e9rez, el mayor referente del teatro de calle en Chile. Es a trav\u00e9s de \u00e9l, que celebramos a todas las personas y artistas que dedican su vida al Teatro, en sus diversas dimensiones y montajes, quienes nos hacen reflexionar y maravillarnos con sus talentos y formas de percibir la realidad. Para este importante d\u00eda, contaremos con la destacada participaci\u00f3n de Teatro LaWasha, compa\u00f1\u00eda porte\u00f1a con m\u00e1s de 10 a\u00f1os de trayectoria en nuestra regi\u00f3n, quienes en sus obras relevan nuestra identidad local\u201d.\u00a0<\/em><\/p>\n\n\n\n<figure class=\"wp-block-image size-large\"><img fetchpriority=\"high\" decoding=\"async\" width=\"1024\" height=\"576\" src=\"https:\/\/www.valparaisocreativo.cl\/wp-content\/uploads\/2024\/05\/Vaiven_Teatro_LaWasha_PCdV_Dia_Nacional_del_Teatro_2024_01-1024x576.jpg\" alt=\"\" class=\"wp-image-19107\" srcset=\"https:\/\/dev.antudigital.cl\/sites\/vc\/wp-content\/uploads\/2024\/05\/Vaiven_Teatro_LaWasha_PCdV_Dia_Nacional_del_Teatro_2024_01-1024x576.jpg 1024w, https:\/\/dev.antudigital.cl\/sites\/vc\/wp-content\/uploads\/2024\/05\/Vaiven_Teatro_LaWasha_PCdV_Dia_Nacional_del_Teatro_2024_01-300x169.jpg 300w, https:\/\/dev.antudigital.cl\/sites\/vc\/wp-content\/uploads\/2024\/05\/Vaiven_Teatro_LaWasha_PCdV_Dia_Nacional_del_Teatro_2024_01-768x432.jpg 768w, https:\/\/dev.antudigital.cl\/sites\/vc\/wp-content\/uploads\/2024\/05\/Vaiven_Teatro_LaWasha_PCdV_Dia_Nacional_del_Teatro_2024_01-1536x864.jpg 1536w, https:\/\/dev.antudigital.cl\/sites\/vc\/wp-content\/uploads\/2024\/05\/Vaiven_Teatro_LaWasha_PCdV_Dia_Nacional_del_Teatro_2024_01-2048x1152.jpg 2048w, https:\/\/dev.antudigital.cl\/sites\/vc\/wp-content\/uploads\/2024\/05\/Vaiven_Teatro_LaWasha_PCdV_Dia_Nacional_del_Teatro_2024_01-1080x608.jpg 1080w, https:\/\/dev.antudigital.cl\/sites\/vc\/wp-content\/uploads\/2024\/05\/Vaiven_Teatro_LaWasha_PCdV_Dia_Nacional_del_Teatro_2024_01-1280x720.jpg 1280w, https:\/\/dev.antudigital.cl\/sites\/vc\/wp-content\/uploads\/2024\/05\/Vaiven_Teatro_LaWasha_PCdV_Dia_Nacional_del_Teatro_2024_01-980x551.jpg 980w, https:\/\/dev.antudigital.cl\/sites\/vc\/wp-content\/uploads\/2024\/05\/Vaiven_Teatro_LaWasha_PCdV_Dia_Nacional_del_Teatro_2024_01-480x270.jpg 480w, https:\/\/dev.antudigital.cl\/sites\/vc\/wp-content\/uploads\/2024\/05\/Vaiven_Teatro_LaWasha_PCdV_Dia_Nacional_del_Teatro_2024_01-24x14.jpg 24w, https:\/\/dev.antudigital.cl\/sites\/vc\/wp-content\/uploads\/2024\/05\/Vaiven_Teatro_LaWasha_PCdV_Dia_Nacional_del_Teatro_2024_01-36x20.jpg 36w, https:\/\/dev.antudigital.cl\/sites\/vc\/wp-content\/uploads\/2024\/05\/Vaiven_Teatro_LaWasha_PCdV_Dia_Nacional_del_Teatro_2024_01-48x27.jpg 48w\" sizes=\"(max-width: 1024px) 100vw, 1024px\" \/><\/figure>\n\n\n\n<p>La invitaci\u00f3n es a celebrar el D\u00eda del Teatro con la obra \u201cHoguera\u201d que se presentar\u00e1 este domingo 12 de mayo a las 18:00 hrs. y que aborda la historia del desalojo de un hogar, reventando profundos deseos y memorias en sus habitantes. Luego, el viernes 17 de mayo a las 18:30 hrs., ser\u00e1 el turno del montaje inmersivo \u201cVaiv\u00e9n\u201d que surge&nbsp;a partir de un estudio antropol\u00f3gico sobre el concepto de la muerte para la cultura Changa.&nbsp;Ambas piezas teatrales se presentar\u00e1n de forma gratuita en el Parque Cultural de Valpara\u00edso\u201d.&nbsp;<\/p>\n\n\n\n<p><strong>Encuentro de Compa\u00f1\u00edas y Agentes del Teatro<\/strong><strong><br><\/strong>Provocar la Memoria\/Trazar Nuevos Cielos&nbsp;<\/p>\n\n\n\n<p>El viernes 17 de mayo a partir de las 15:00 hrs., en la Sala de Lectura del Parque Cultural de Valpara\u00edso, se llevar\u00e1 a cabo el realizar\u00e1 este encuentro, que forma parte de las celebraciones del Mes del Teatro en la regi\u00f3n, y que convoca a:&nbsp; actrices, actores, agentes, agrupaciones y compa\u00f1\u00edas de Teatro de la Regi\u00f3n de Valpara\u00edso, con vinculaci\u00f3n disciplinar, formativa o territorial y que actualmente se encuentren vigentes y activas en su quehacer esc\u00e9nico.<\/p>\n","protected":false},"excerpt":{"rendered":"<p>Con el argumento que el teatro chileno \u00abse merece tener una fecha en la que se testimonie su aporte al pa\u00eds y la cultura\u00bb, el a\u00f1o 2006 se instaur\u00f3 el D\u00eda Nacional del Teatro en la fecha del natalicio de Andr\u00e9s P\u00e9rez Araya, quien destac\u00f3 como actor, dramaturgo y director teatral. As\u00ed entonces y transcurridos [&hellip;]<\/p>\n","protected":false},"author":1,"featured_media":19108,"comment_status":"closed","ping_status":"closed","sticky":false,"template":"","format":"standard","meta":{"_acf_changed":false,"footnotes":""},"categories":[8],"tags":[],"class_list":["post-19106","post","type-post","status-publish","format-standard","has-post-thumbnail","hentry","category-noticia"],"acf":[],"yoast_head":"<!-- This site is optimized with the Yoast SEO plugin v27.1.1 - https:\/\/yoast.com\/product\/yoast-seo-wordpress\/ -->\n<title>En el Parque Cultural de Valpara\u00edso se conmemora el D\u00eda Nacional del Teatro - Valpara\u00ed\u00adso Creativo<\/title>\n<meta name=\"robots\" content=\"index, follow, max-snippet:-1, max-image-preview:large, max-video-preview:-1\" \/>\n<link rel=\"canonical\" href=\"https:\/\/dev.antudigital.cl\/sites\/vc\/en-el-parque-cultural-de-valparaiso-se-conmemora-el-dia-nacional-del-teatro\/\" \/>\n<meta property=\"og:locale\" content=\"es_ES\" \/>\n<meta property=\"og:type\" content=\"article\" \/>\n<meta property=\"og:title\" content=\"En el Parque Cultural de Valpara\u00edso se conmemora el D\u00eda Nacional del Teatro - Valpara\u00ed\u00adso Creativo\" \/>\n<meta property=\"og:description\" content=\"Con el argumento que el teatro chileno \u00abse merece tener una fecha en la que se testimonie su aporte al pa\u00eds y la cultura\u00bb, el a\u00f1o 2006 se instaur\u00f3 el D\u00eda Nacional del Teatro en la fecha del natalicio de Andr\u00e9s P\u00e9rez Araya, quien destac\u00f3 como actor, dramaturgo y director teatral. As\u00ed entonces y transcurridos [&hellip;]\" \/>\n<meta property=\"og:url\" content=\"https:\/\/dev.antudigital.cl\/sites\/vc\/en-el-parque-cultural-de-valparaiso-se-conmemora-el-dia-nacional-del-teatro\/\" \/>\n<meta property=\"og:site_name\" content=\"Valpara\u00ed\u00adso Creativo\" \/>\n<meta property=\"article:published_time\" content=\"2024-05-13T13:45:51+00:00\" \/>\n<meta property=\"article:modified_time\" content=\"2024-05-13T13:46:12+00:00\" \/>\n<meta property=\"og:image\" content=\"https:\/\/dev.antudigital.cl\/sites\/vc\/wp-content\/uploads\/2024\/05\/Vaiven_Teatro_LaWasha_PCdV_Dia_Nacional_del_Teatro_2024_02-scaled.jpg\" \/>\n\t<meta property=\"og:image:width\" content=\"2560\" \/>\n\t<meta property=\"og:image:height\" content=\"1441\" \/>\n\t<meta property=\"og:image:type\" content=\"image\/jpeg\" \/>\n<meta name=\"author\" content=\"Valpara\u00edso Creativo\" \/>\n<meta name=\"twitter:card\" content=\"summary_large_image\" \/>\n<meta name=\"twitter:label1\" content=\"Escrito por\" \/>\n\t<meta name=\"twitter:data1\" content=\"Valpara\u00edso Creativo\" \/>\n\t<meta name=\"twitter:label2\" content=\"Tiempo de lectura\" \/>\n\t<meta name=\"twitter:data2\" content=\"3 minutos\" \/>\n<script type=\"application\/ld+json\" class=\"yoast-schema-graph\">{\"@context\":\"https:\/\/schema.org\",\"@graph\":[{\"@type\":\"Article\",\"@id\":\"https:\/\/dev.antudigital.cl\/sites\/vc\/en-el-parque-cultural-de-valparaiso-se-conmemora-el-dia-nacional-del-teatro\/#article\",\"isPartOf\":{\"@id\":\"https:\/\/dev.antudigital.cl\/sites\/vc\/en-el-parque-cultural-de-valparaiso-se-conmemora-el-dia-nacional-del-teatro\/\"},\"author\":{\"name\":\"Valpara\u00edso Creativo\",\"@id\":\"https:\/\/dev.antudigital.cl\/sites\/vc\/#\/schema\/person\/c2b9da8dd545e27166fc5ab232837318\"},\"headline\":\"En el Parque Cultural de Valpara\u00edso se conmemora el D\u00eda Nacional del Teatro\",\"datePublished\":\"2024-05-13T13:45:51+00:00\",\"dateModified\":\"2024-05-13T13:46:12+00:00\",\"mainEntityOfPage\":{\"@id\":\"https:\/\/dev.antudigital.cl\/sites\/vc\/en-el-parque-cultural-de-valparaiso-se-conmemora-el-dia-nacional-del-teatro\/\"},\"wordCount\":608,\"image\":{\"@id\":\"https:\/\/dev.antudigital.cl\/sites\/vc\/en-el-parque-cultural-de-valparaiso-se-conmemora-el-dia-nacional-del-teatro\/#primaryimage\"},\"thumbnailUrl\":\"https:\/\/dev.antudigital.cl\/sites\/vc\/wp-content\/uploads\/2024\/05\/Vaiven_Teatro_LaWasha_PCdV_Dia_Nacional_del_Teatro_2024_02-scaled.jpg\",\"articleSection\":[\"Noticia\"],\"inLanguage\":\"es\"},{\"@type\":\"WebPage\",\"@id\":\"https:\/\/dev.antudigital.cl\/sites\/vc\/en-el-parque-cultural-de-valparaiso-se-conmemora-el-dia-nacional-del-teatro\/\",\"url\":\"https:\/\/dev.antudigital.cl\/sites\/vc\/en-el-parque-cultural-de-valparaiso-se-conmemora-el-dia-nacional-del-teatro\/\",\"name\":\"En el Parque Cultural de Valpara\u00edso se conmemora el D\u00eda Nacional del Teatro - Valpara\u00ed\u00adso Creativo\",\"isPartOf\":{\"@id\":\"https:\/\/dev.antudigital.cl\/sites\/vc\/#website\"},\"primaryImageOfPage\":{\"@id\":\"https:\/\/dev.antudigital.cl\/sites\/vc\/en-el-parque-cultural-de-valparaiso-se-conmemora-el-dia-nacional-del-teatro\/#primaryimage\"},\"image\":{\"@id\":\"https:\/\/dev.antudigital.cl\/sites\/vc\/en-el-parque-cultural-de-valparaiso-se-conmemora-el-dia-nacional-del-teatro\/#primaryimage\"},\"thumbnailUrl\":\"https:\/\/dev.antudigital.cl\/sites\/vc\/wp-content\/uploads\/2024\/05\/Vaiven_Teatro_LaWasha_PCdV_Dia_Nacional_del_Teatro_2024_02-scaled.jpg\",\"datePublished\":\"2024-05-13T13:45:51+00:00\",\"dateModified\":\"2024-05-13T13:46:12+00:00\",\"author\":{\"@id\":\"https:\/\/dev.antudigital.cl\/sites\/vc\/#\/schema\/person\/c2b9da8dd545e27166fc5ab232837318\"},\"breadcrumb\":{\"@id\":\"https:\/\/dev.antudigital.cl\/sites\/vc\/en-el-parque-cultural-de-valparaiso-se-conmemora-el-dia-nacional-del-teatro\/#breadcrumb\"},\"inLanguage\":\"es\",\"potentialAction\":[{\"@type\":\"ReadAction\",\"target\":[\"https:\/\/dev.antudigital.cl\/sites\/vc\/en-el-parque-cultural-de-valparaiso-se-conmemora-el-dia-nacional-del-teatro\/\"]}]},{\"@type\":\"ImageObject\",\"inLanguage\":\"es\",\"@id\":\"https:\/\/dev.antudigital.cl\/sites\/vc\/en-el-parque-cultural-de-valparaiso-se-conmemora-el-dia-nacional-del-teatro\/#primaryimage\",\"url\":\"https:\/\/dev.antudigital.cl\/sites\/vc\/wp-content\/uploads\/2024\/05\/Vaiven_Teatro_LaWasha_PCdV_Dia_Nacional_del_Teatro_2024_02-scaled.jpg\",\"contentUrl\":\"https:\/\/dev.antudigital.cl\/sites\/vc\/wp-content\/uploads\/2024\/05\/Vaiven_Teatro_LaWasha_PCdV_Dia_Nacional_del_Teatro_2024_02-scaled.jpg\",\"width\":2560,\"height\":1441},{\"@type\":\"BreadcrumbList\",\"@id\":\"https:\/\/dev.antudigital.cl\/sites\/vc\/en-el-parque-cultural-de-valparaiso-se-conmemora-el-dia-nacional-del-teatro\/#breadcrumb\",\"itemListElement\":[{\"@type\":\"ListItem\",\"position\":1,\"name\":\"Home\",\"item\":\"https:\/\/dev.antudigital.cl\/sites\/vc\/\"},{\"@type\":\"ListItem\",\"position\":2,\"name\":\"En el Parque Cultural de Valpara\u00edso se conmemora el D\u00eda Nacional del Teatro\"}]},{\"@type\":\"WebSite\",\"@id\":\"https:\/\/dev.antudigital.cl\/sites\/vc\/#website\",\"url\":\"https:\/\/dev.antudigital.cl\/sites\/vc\/\",\"name\":\"Valpara\u00ed\u00adso Creativo\",\"description\":\"\",\"potentialAction\":[{\"@type\":\"SearchAction\",\"target\":{\"@type\":\"EntryPoint\",\"urlTemplate\":\"https:\/\/dev.antudigital.cl\/sites\/vc\/?s={search_term_string}\"},\"query-input\":{\"@type\":\"PropertyValueSpecification\",\"valueRequired\":true,\"valueName\":\"search_term_string\"}}],\"inLanguage\":\"es\"},{\"@type\":\"Person\",\"@id\":\"https:\/\/dev.antudigital.cl\/sites\/vc\/#\/schema\/person\/c2b9da8dd545e27166fc5ab232837318\",\"name\":\"Valpara\u00edso Creativo\",\"description\":\"Periodista de cultura en la Regi\u00f3n de Valpara\u00edso.\",\"url\":\"https:\/\/dev.antudigital.cl\/sites\/vc\/author\/valpoadmin\/\"}]}<\/script>\n<!-- \/ Yoast SEO plugin. -->","yoast_head_json":{"title":"En el Parque Cultural de Valpara\u00edso se conmemora el D\u00eda Nacional del Teatro - Valpara\u00ed\u00adso Creativo","robots":{"index":"index","follow":"follow","max-snippet":"max-snippet:-1","max-image-preview":"max-image-preview:large","max-video-preview":"max-video-preview:-1"},"canonical":"https:\/\/dev.antudigital.cl\/sites\/vc\/en-el-parque-cultural-de-valparaiso-se-conmemora-el-dia-nacional-del-teatro\/","og_locale":"es_ES","og_type":"article","og_title":"En el Parque Cultural de Valpara\u00edso se conmemora el D\u00eda Nacional del Teatro - Valpara\u00ed\u00adso Creativo","og_description":"Con el argumento que el teatro chileno \u00abse merece tener una fecha en la que se testimonie su aporte al pa\u00eds y la cultura\u00bb, el a\u00f1o 2006 se instaur\u00f3 el D\u00eda Nacional del Teatro en la fecha del natalicio de Andr\u00e9s P\u00e9rez Araya, quien destac\u00f3 como actor, dramaturgo y director teatral. As\u00ed entonces y transcurridos [&hellip;]","og_url":"https:\/\/dev.antudigital.cl\/sites\/vc\/en-el-parque-cultural-de-valparaiso-se-conmemora-el-dia-nacional-del-teatro\/","og_site_name":"Valpara\u00ed\u00adso Creativo","article_published_time":"2024-05-13T13:45:51+00:00","article_modified_time":"2024-05-13T13:46:12+00:00","og_image":[{"width":2560,"height":1441,"url":"https:\/\/dev.antudigital.cl\/sites\/vc\/wp-content\/uploads\/2024\/05\/Vaiven_Teatro_LaWasha_PCdV_Dia_Nacional_del_Teatro_2024_02-scaled.jpg","type":"image\/jpeg"}],"author":"Valpara\u00edso Creativo","twitter_card":"summary_large_image","twitter_misc":{"Escrito por":"Valpara\u00edso Creativo","Tiempo de lectura":"3 minutos"},"schema":{"@context":"https:\/\/schema.org","@graph":[{"@type":"Article","@id":"https:\/\/dev.antudigital.cl\/sites\/vc\/en-el-parque-cultural-de-valparaiso-se-conmemora-el-dia-nacional-del-teatro\/#article","isPartOf":{"@id":"https:\/\/dev.antudigital.cl\/sites\/vc\/en-el-parque-cultural-de-valparaiso-se-conmemora-el-dia-nacional-del-teatro\/"},"author":{"name":"Valpara\u00edso Creativo","@id":"https:\/\/dev.antudigital.cl\/sites\/vc\/#\/schema\/person\/c2b9da8dd545e27166fc5ab232837318"},"headline":"En el Parque Cultural de Valpara\u00edso se conmemora el D\u00eda Nacional del Teatro","datePublished":"2024-05-13T13:45:51+00:00","dateModified":"2024-05-13T13:46:12+00:00","mainEntityOfPage":{"@id":"https:\/\/dev.antudigital.cl\/sites\/vc\/en-el-parque-cultural-de-valparaiso-se-conmemora-el-dia-nacional-del-teatro\/"},"wordCount":608,"image":{"@id":"https:\/\/dev.antudigital.cl\/sites\/vc\/en-el-parque-cultural-de-valparaiso-se-conmemora-el-dia-nacional-del-teatro\/#primaryimage"},"thumbnailUrl":"https:\/\/dev.antudigital.cl\/sites\/vc\/wp-content\/uploads\/2024\/05\/Vaiven_Teatro_LaWasha_PCdV_Dia_Nacional_del_Teatro_2024_02-scaled.jpg","articleSection":["Noticia"],"inLanguage":"es"},{"@type":"WebPage","@id":"https:\/\/dev.antudigital.cl\/sites\/vc\/en-el-parque-cultural-de-valparaiso-se-conmemora-el-dia-nacional-del-teatro\/","url":"https:\/\/dev.antudigital.cl\/sites\/vc\/en-el-parque-cultural-de-valparaiso-se-conmemora-el-dia-nacional-del-teatro\/","name":"En el Parque Cultural de Valpara\u00edso se conmemora el D\u00eda Nacional del Teatro - Valpara\u00ed\u00adso Creativo","isPartOf":{"@id":"https:\/\/dev.antudigital.cl\/sites\/vc\/#website"},"primaryImageOfPage":{"@id":"https:\/\/dev.antudigital.cl\/sites\/vc\/en-el-parque-cultural-de-valparaiso-se-conmemora-el-dia-nacional-del-teatro\/#primaryimage"},"image":{"@id":"https:\/\/dev.antudigital.cl\/sites\/vc\/en-el-parque-cultural-de-valparaiso-se-conmemora-el-dia-nacional-del-teatro\/#primaryimage"},"thumbnailUrl":"https:\/\/dev.antudigital.cl\/sites\/vc\/wp-content\/uploads\/2024\/05\/Vaiven_Teatro_LaWasha_PCdV_Dia_Nacional_del_Teatro_2024_02-scaled.jpg","datePublished":"2024-05-13T13:45:51+00:00","dateModified":"2024-05-13T13:46:12+00:00","author":{"@id":"https:\/\/dev.antudigital.cl\/sites\/vc\/#\/schema\/person\/c2b9da8dd545e27166fc5ab232837318"},"breadcrumb":{"@id":"https:\/\/dev.antudigital.cl\/sites\/vc\/en-el-parque-cultural-de-valparaiso-se-conmemora-el-dia-nacional-del-teatro\/#breadcrumb"},"inLanguage":"es","potentialAction":[{"@type":"ReadAction","target":["https:\/\/dev.antudigital.cl\/sites\/vc\/en-el-parque-cultural-de-valparaiso-se-conmemora-el-dia-nacional-del-teatro\/"]}]},{"@type":"ImageObject","inLanguage":"es","@id":"https:\/\/dev.antudigital.cl\/sites\/vc\/en-el-parque-cultural-de-valparaiso-se-conmemora-el-dia-nacional-del-teatro\/#primaryimage","url":"https:\/\/dev.antudigital.cl\/sites\/vc\/wp-content\/uploads\/2024\/05\/Vaiven_Teatro_LaWasha_PCdV_Dia_Nacional_del_Teatro_2024_02-scaled.jpg","contentUrl":"https:\/\/dev.antudigital.cl\/sites\/vc\/wp-content\/uploads\/2024\/05\/Vaiven_Teatro_LaWasha_PCdV_Dia_Nacional_del_Teatro_2024_02-scaled.jpg","width":2560,"height":1441},{"@type":"BreadcrumbList","@id":"https:\/\/dev.antudigital.cl\/sites\/vc\/en-el-parque-cultural-de-valparaiso-se-conmemora-el-dia-nacional-del-teatro\/#breadcrumb","itemListElement":[{"@type":"ListItem","position":1,"name":"Home","item":"https:\/\/dev.antudigital.cl\/sites\/vc\/"},{"@type":"ListItem","position":2,"name":"En el Parque Cultural de Valpara\u00edso se conmemora el D\u00eda Nacional del Teatro"}]},{"@type":"WebSite","@id":"https:\/\/dev.antudigital.cl\/sites\/vc\/#website","url":"https:\/\/dev.antudigital.cl\/sites\/vc\/","name":"Valpara\u00ed\u00adso Creativo","description":"","potentialAction":[{"@type":"SearchAction","target":{"@type":"EntryPoint","urlTemplate":"https:\/\/dev.antudigital.cl\/sites\/vc\/?s={search_term_string}"},"query-input":{"@type":"PropertyValueSpecification","valueRequired":true,"valueName":"search_term_string"}}],"inLanguage":"es"},{"@type":"Person","@id":"https:\/\/dev.antudigital.cl\/sites\/vc\/#\/schema\/person\/c2b9da8dd545e27166fc5ab232837318","name":"Valpara\u00edso Creativo","description":"Periodista de cultura en la Regi\u00f3n de Valpara\u00edso.","url":"https:\/\/dev.antudigital.cl\/sites\/vc\/author\/valpoadmin\/"}]}},"_links":{"self":[{"href":"https:\/\/dev.antudigital.cl\/sites\/vc\/wp-json\/wp\/v2\/posts\/19106","targetHints":{"allow":["GET"]}}],"collection":[{"href":"https:\/\/dev.antudigital.cl\/sites\/vc\/wp-json\/wp\/v2\/posts"}],"about":[{"href":"https:\/\/dev.antudigital.cl\/sites\/vc\/wp-json\/wp\/v2\/types\/post"}],"author":[{"embeddable":true,"href":"https:\/\/dev.antudigital.cl\/sites\/vc\/wp-json\/wp\/v2\/users\/1"}],"replies":[{"embeddable":true,"href":"https:\/\/dev.antudigital.cl\/sites\/vc\/wp-json\/wp\/v2\/comments?post=19106"}],"version-history":[{"count":1,"href":"https:\/\/dev.antudigital.cl\/sites\/vc\/wp-json\/wp\/v2\/posts\/19106\/revisions"}],"predecessor-version":[{"id":19109,"href":"https:\/\/dev.antudigital.cl\/sites\/vc\/wp-json\/wp\/v2\/posts\/19106\/revisions\/19109"}],"wp:featuredmedia":[{"embeddable":true,"href":"https:\/\/dev.antudigital.cl\/sites\/vc\/wp-json\/wp\/v2\/media\/19108"}],"wp:attachment":[{"href":"https:\/\/dev.antudigital.cl\/sites\/vc\/wp-json\/wp\/v2\/media?parent=19106"}],"wp:term":[{"taxonomy":"category","embeddable":true,"href":"https:\/\/dev.antudigital.cl\/sites\/vc\/wp-json\/wp\/v2\/categories?post=19106"},{"taxonomy":"post_tag","embeddable":true,"href":"https:\/\/dev.antudigital.cl\/sites\/vc\/wp-json\/wp\/v2\/tags?post=19106"}],"curies":[{"name":"wp","href":"https:\/\/api.w.org\/{rel}","templated":true}]}}