{"id":19110,"date":"2024-05-13T21:40:21","date_gmt":"2024-05-13T21:40:21","guid":{"rendered":"https:\/\/www.valparaisocreativo.cl\/?p=19110"},"modified":"2024-05-13T21:40:41","modified_gmt":"2024-05-13T21:40:41","slug":"insomnia-estrena-malqueridas-documental-de-tana-gilbert-sobre-madres-privadas-de-libertad","status":"publish","type":"post","link":"https:\/\/dev.antudigital.cl\/sites\/vc\/insomnia-estrena-malqueridas-documental-de-tana-gilbert-sobre-madres-privadas-de-libertad\/","title":{"rendered":"INSOMNIA estrena \u201cMalqueridas\u201d documental de Tana Gilbert sobre madres privadas de libertad"},"content":{"rendered":"\n<p>Malqueridas es un documental que expande el significado de la maternidad al abrir una peque\u00f1a ventana hacia la intimidad de cientos de mujeres que deben ser madres privadas de libertad y en la mayor\u00eda de los casos jefas de familia. La \u00f3pera prima de Tana Gilbert, que ser\u00e1 estrenada en INSOMNIA este jueves 16 de mayo a las 19:00 horas, comenz\u00f3 a ser desarrollada el a\u00f1o 2017 junto a la productora Paola Castillo.<\/p>\n\n\n\n<p>Previo a este trabajo la directora hab\u00eda desarrollado dos cortometrajes vinculados a maternidad: \u201cSigo ac\u00e1\u201d (2017), relaci\u00f3n de una mujer mayor con Alzheimer que cuid\u00f3 toda su vida a su hijo con esquizofrenia y \u201cDescansa Zulema\u201d, sobre una mujer que visita todos los s\u00e1bados a su nieto que se encuentra privado de libertad en la c\u00e1rcel Colina 2 y que adem\u00e1s fue la mujer que la cri\u00f3.<\/p>\n\n\n\n<figure class=\"wp-block-image size-large\"><img fetchpriority=\"high\" decoding=\"async\" width=\"1024\" height=\"576\" src=\"https:\/\/www.valparaisocreativo.cl\/wp-content\/uploads\/2024\/05\/Still-2-MLQ-300dpi-1024x576.jpg\" alt=\"\" class=\"wp-image-19114\" srcset=\"https:\/\/dev.antudigital.cl\/sites\/vc\/wp-content\/uploads\/2024\/05\/Still-2-MLQ-300dpi-1024x576.jpg 1024w, https:\/\/dev.antudigital.cl\/sites\/vc\/wp-content\/uploads\/2024\/05\/Still-2-MLQ-300dpi-300x169.jpg 300w, https:\/\/dev.antudigital.cl\/sites\/vc\/wp-content\/uploads\/2024\/05\/Still-2-MLQ-300dpi-768x432.jpg 768w, https:\/\/dev.antudigital.cl\/sites\/vc\/wp-content\/uploads\/2024\/05\/Still-2-MLQ-300dpi-1536x864.jpg 1536w, https:\/\/dev.antudigital.cl\/sites\/vc\/wp-content\/uploads\/2024\/05\/Still-2-MLQ-300dpi-2048x1152.jpg 2048w, https:\/\/dev.antudigital.cl\/sites\/vc\/wp-content\/uploads\/2024\/05\/Still-2-MLQ-300dpi-1080x608.jpg 1080w, https:\/\/dev.antudigital.cl\/sites\/vc\/wp-content\/uploads\/2024\/05\/Still-2-MLQ-300dpi-1280x720.jpg 1280w, https:\/\/dev.antudigital.cl\/sites\/vc\/wp-content\/uploads\/2024\/05\/Still-2-MLQ-300dpi-980x551.jpg 980w, https:\/\/dev.antudigital.cl\/sites\/vc\/wp-content\/uploads\/2024\/05\/Still-2-MLQ-300dpi-480x270.jpg 480w, https:\/\/dev.antudigital.cl\/sites\/vc\/wp-content\/uploads\/2024\/05\/Still-2-MLQ-300dpi-24x14.jpg 24w, https:\/\/dev.antudigital.cl\/sites\/vc\/wp-content\/uploads\/2024\/05\/Still-2-MLQ-300dpi-36x20.jpg 36w, https:\/\/dev.antudigital.cl\/sites\/vc\/wp-content\/uploads\/2024\/05\/Still-2-MLQ-300dpi-48x27.jpg 48w\" sizes=\"(max-width: 1024px) 100vw, 1024px\" \/><\/figure>\n\n\n\n<p>Para Tana Gilbert, directora de Malqueridas: \u201cno es al azar que yo haya elegido a la Zulema y que despu\u00e9s haya trabajado con Malqueridas y mis otras pel\u00edculas porque todas tienen que ver con c\u00f3mo se articulan las relaciones de g\u00e9nero en las familias y en el fondo qui\u00e9n tiene la carga mental, cu\u00e1les son las funciones de una madre, cu\u00e1les son los l\u00edmites entre la maternidad y el ser mujer, cu\u00e1les son las contradicciones y los malestares. Entonces todas estas pel\u00edculas han rimado con lo que me ha pasado a m\u00ed con mi propia maternidad y ambas cosas est\u00e1n s\u00faper relacionadas\u201d.<\/p>\n\n\n\n<p>Este documental registra la vida de mujeres y madres que cumplen largas condenas mientras sus hijos crecen lejos de ellas. En la c\u00e1rcel, encuentran afecto en otras compa\u00f1eras que comparten su situaci\u00f3n. \u201cMalqueridas\u201d recoge sus historias a trav\u00e9s de im\u00e1genes registradas con celulares clandestinos, reviviendo la memoria colectiva de una comunidad olvidada.<\/p>\n\n\n\n<p>Parte de la investigaci\u00f3n se realiz\u00f3 a trav\u00e9s de una b\u00fasqueda en Facebook, para encontrar registros de mujeres privadas de libertad. Paralelamente Tana Gilbert se vincul\u00f3 con un taller penitenciario en la C\u00e1rcel de San Joaqu\u00edn realizado por la ONG Lea Sur, y as\u00ed conocieron a las mujeres que participan de esta pel\u00edcula.<\/p>\n\n\n\n<figure class=\"wp-block-image size-large\"><img decoding=\"async\" width=\"1024\" height=\"576\" src=\"https:\/\/www.valparaisocreativo.cl\/wp-content\/uploads\/2024\/05\/Malqueridas-1-1024x576.jpeg\" alt=\"\" class=\"wp-image-19111\" srcset=\"https:\/\/dev.antudigital.cl\/sites\/vc\/wp-content\/uploads\/2024\/05\/Malqueridas-1-1024x576.jpeg 1024w, https:\/\/dev.antudigital.cl\/sites\/vc\/wp-content\/uploads\/2024\/05\/Malqueridas-1-300x169.jpeg 300w, https:\/\/dev.antudigital.cl\/sites\/vc\/wp-content\/uploads\/2024\/05\/Malqueridas-1-768x432.jpeg 768w, https:\/\/dev.antudigital.cl\/sites\/vc\/wp-content\/uploads\/2024\/05\/Malqueridas-1-1080x608.jpeg 1080w, https:\/\/dev.antudigital.cl\/sites\/vc\/wp-content\/uploads\/2024\/05\/Malqueridas-1-980x551.jpeg 980w, https:\/\/dev.antudigital.cl\/sites\/vc\/wp-content\/uploads\/2024\/05\/Malqueridas-1-480x270.jpeg 480w, https:\/\/dev.antudigital.cl\/sites\/vc\/wp-content\/uploads\/2024\/05\/Malqueridas-1-24x14.jpeg 24w, https:\/\/dev.antudigital.cl\/sites\/vc\/wp-content\/uploads\/2024\/05\/Malqueridas-1-36x20.jpeg 36w, https:\/\/dev.antudigital.cl\/sites\/vc\/wp-content\/uploads\/2024\/05\/Malqueridas-1-48x27.jpeg 48w, https:\/\/dev.antudigital.cl\/sites\/vc\/wp-content\/uploads\/2024\/05\/Malqueridas-1.jpeg 1280w\" sizes=\"(max-width: 1024px) 100vw, 1024px\" \/><\/figure>\n\n\n\n<p>\u201cYo me encontr\u00e9 con unas im\u00e1genes que estaban registradas por una mujer privada de libertad con su hijo reci\u00e9n nacido dentro de la c\u00e1rcel en \u201cel cuna\u201d, la secci\u00f3n materno infantil de la c\u00e1rcel de San Joaqu\u00edn que es para mujeres condenadas. Ah\u00ed es donde parte la pel\u00edcula en realidad, porque el encuentro con esa imagen fue tan poderoso, la acci\u00f3n de la autorrepresentaci\u00f3n en esa imagen que dijimos, bueno a lo mejor debemos vincular la tem\u00e1tica a las maternidades en la c\u00e1rcel, a esta imagen, a este autorregistro y al poder pol\u00edtico que tienen estas im\u00e1genes\u201d, precis\u00f3 la directora.<\/p>\n\n\n\n<p>La narraci\u00f3n de Malqueridas fue realizada por Karina S\u00e1nchez, una de las protagonistas del documental. El gui\u00f3n fue trabajado colaborativamente con ella, Tana Gilbert, Paola Castillo y Javiera Velozo, quien adem\u00e1s realiz\u00f3 el montaje junto a la directora.<\/p>\n\n\n\n<figure class=\"wp-block-image size-large\"><img decoding=\"async\" width=\"1024\" height=\"576\" src=\"https:\/\/www.valparaisocreativo.cl\/wp-content\/uploads\/2024\/05\/Still-7-MLQ-300dpi-1-1024x576.jpg\" alt=\"\" class=\"wp-image-19116\" srcset=\"https:\/\/dev.antudigital.cl\/sites\/vc\/wp-content\/uploads\/2024\/05\/Still-7-MLQ-300dpi-1-1024x576.jpg 1024w, https:\/\/dev.antudigital.cl\/sites\/vc\/wp-content\/uploads\/2024\/05\/Still-7-MLQ-300dpi-1-300x169.jpg 300w, https:\/\/dev.antudigital.cl\/sites\/vc\/wp-content\/uploads\/2024\/05\/Still-7-MLQ-300dpi-1-768x432.jpg 768w, https:\/\/dev.antudigital.cl\/sites\/vc\/wp-content\/uploads\/2024\/05\/Still-7-MLQ-300dpi-1-1536x864.jpg 1536w, https:\/\/dev.antudigital.cl\/sites\/vc\/wp-content\/uploads\/2024\/05\/Still-7-MLQ-300dpi-1-2048x1153.jpg 2048w, https:\/\/dev.antudigital.cl\/sites\/vc\/wp-content\/uploads\/2024\/05\/Still-7-MLQ-300dpi-1-1080x608.jpg 1080w, https:\/\/dev.antudigital.cl\/sites\/vc\/wp-content\/uploads\/2024\/05\/Still-7-MLQ-300dpi-1-1280x721.jpg 1280w, https:\/\/dev.antudigital.cl\/sites\/vc\/wp-content\/uploads\/2024\/05\/Still-7-MLQ-300dpi-1-980x552.jpg 980w, https:\/\/dev.antudigital.cl\/sites\/vc\/wp-content\/uploads\/2024\/05\/Still-7-MLQ-300dpi-1-480x270.jpg 480w, https:\/\/dev.antudigital.cl\/sites\/vc\/wp-content\/uploads\/2024\/05\/Still-7-MLQ-300dpi-1-24x14.jpg 24w, https:\/\/dev.antudigital.cl\/sites\/vc\/wp-content\/uploads\/2024\/05\/Still-7-MLQ-300dpi-1-36x20.jpg 36w, https:\/\/dev.antudigital.cl\/sites\/vc\/wp-content\/uploads\/2024\/05\/Still-7-MLQ-300dpi-1-48x27.jpg 48w\" sizes=\"(max-width: 1024px) 100vw, 1024px\" \/><\/figure>\n\n\n\n<p>Para conocer m\u00e1s detalles de esta \u00f3pera prima de Tana Gilbert, INSOMNIA prepar\u00f3 un cap\u00edtulo especial en su Podcast Insomnes con una entrevista exclusiva que se estrena este martes 14 de mayo a trav\u00e9s de las plataformas Apple Podcast y Spotify. Este documental se proyectar\u00e1 los d\u00edas jueves 16 de mayo con cine foro (19:00), jueves 23 (19:30) y jueves 30 (17:00). Las entradas pueden adquirirse en boleter\u00eda por un valor de $3500. Para m\u00e1s informaci\u00f3n visita&nbsp;<a href=\"http:\/\/www.insomniacine.cl\/\" target=\"_blank\" rel=\"noreferrer noopener\">www.insomniacine.cl<\/a>.<\/p>\n","protected":false},"excerpt":{"rendered":"<p>Malqueridas es un documental que expande el significado de la maternidad al abrir una peque\u00f1a ventana hacia la intimidad de cientos de mujeres que deben ser madres privadas de libertad y en la mayor\u00eda de los casos jefas de familia. La \u00f3pera prima de Tana Gilbert, que ser\u00e1 estrenada en INSOMNIA este jueves 16 de [&hellip;]<\/p>\n","protected":false},"author":1,"featured_media":19115,"comment_status":"closed","ping_status":"closed","sticky":false,"template":"","format":"standard","meta":{"_acf_changed":false,"footnotes":""},"categories":[8],"tags":[],"class_list":["post-19110","post","type-post","status-publish","format-standard","has-post-thumbnail","hentry","category-noticia"],"acf":[],"yoast_head":"<!-- This site is optimized with the Yoast SEO plugin v27.1.1 - https:\/\/yoast.com\/product\/yoast-seo-wordpress\/ -->\n<title>INSOMNIA estrena \u201cMalqueridas\u201d documental de Tana Gilbert sobre madres privadas de libertad - Valpara\u00ed\u00adso Creativo<\/title>\n<meta name=\"robots\" content=\"index, follow, max-snippet:-1, max-image-preview:large, max-video-preview:-1\" \/>\n<link rel=\"canonical\" href=\"https:\/\/dev.antudigital.cl\/sites\/vc\/insomnia-estrena-malqueridas-documental-de-tana-gilbert-sobre-madres-privadas-de-libertad\/\" \/>\n<meta property=\"og:locale\" content=\"es_ES\" \/>\n<meta property=\"og:type\" content=\"article\" \/>\n<meta property=\"og:title\" content=\"INSOMNIA estrena \u201cMalqueridas\u201d documental de Tana Gilbert sobre madres privadas de libertad - Valpara\u00ed\u00adso Creativo\" \/>\n<meta property=\"og:description\" content=\"Malqueridas es un documental que expande el significado de la maternidad al abrir una peque\u00f1a ventana hacia la intimidad de cientos de mujeres que deben ser madres privadas de libertad y en la mayor\u00eda de los casos jefas de familia. La \u00f3pera prima de Tana Gilbert, que ser\u00e1 estrenada en INSOMNIA este jueves 16 de [&hellip;]\" \/>\n<meta property=\"og:url\" content=\"https:\/\/dev.antudigital.cl\/sites\/vc\/insomnia-estrena-malqueridas-documental-de-tana-gilbert-sobre-madres-privadas-de-libertad\/\" \/>\n<meta property=\"og:site_name\" content=\"Valpara\u00ed\u00adso Creativo\" \/>\n<meta property=\"article:published_time\" content=\"2024-05-13T21:40:21+00:00\" \/>\n<meta property=\"article:modified_time\" content=\"2024-05-13T21:40:41+00:00\" \/>\n<meta property=\"og:image\" content=\"https:\/\/dev.antudigital.cl\/sites\/vc\/wp-content\/uploads\/2024\/05\/Still-6-MLQ-300dpi-scaled.jpg\" \/>\n\t<meta property=\"og:image:width\" content=\"2560\" \/>\n\t<meta property=\"og:image:height\" content=\"1441\" \/>\n\t<meta property=\"og:image:type\" content=\"image\/jpeg\" \/>\n<meta name=\"author\" content=\"Valpara\u00edso Creativo\" \/>\n<meta name=\"twitter:card\" content=\"summary_large_image\" \/>\n<meta name=\"twitter:label1\" content=\"Escrito por\" \/>\n\t<meta name=\"twitter:data1\" content=\"Valpara\u00edso Creativo\" \/>\n\t<meta name=\"twitter:label2\" content=\"Tiempo de lectura\" \/>\n\t<meta name=\"twitter:data2\" content=\"4 minutos\" \/>\n<script type=\"application\/ld+json\" class=\"yoast-schema-graph\">{\"@context\":\"https:\/\/schema.org\",\"@graph\":[{\"@type\":\"Article\",\"@id\":\"https:\/\/dev.antudigital.cl\/sites\/vc\/insomnia-estrena-malqueridas-documental-de-tana-gilbert-sobre-madres-privadas-de-libertad\/#article\",\"isPartOf\":{\"@id\":\"https:\/\/dev.antudigital.cl\/sites\/vc\/insomnia-estrena-malqueridas-documental-de-tana-gilbert-sobre-madres-privadas-de-libertad\/\"},\"author\":{\"name\":\"Valpara\u00edso Creativo\",\"@id\":\"https:\/\/dev.antudigital.cl\/sites\/vc\/#\/schema\/person\/c2b9da8dd545e27166fc5ab232837318\"},\"headline\":\"INSOMNIA estrena \u201cMalqueridas\u201d documental de Tana Gilbert sobre madres privadas de libertad\",\"datePublished\":\"2024-05-13T21:40:21+00:00\",\"dateModified\":\"2024-05-13T21:40:41+00:00\",\"mainEntityOfPage\":{\"@id\":\"https:\/\/dev.antudigital.cl\/sites\/vc\/insomnia-estrena-malqueridas-documental-de-tana-gilbert-sobre-madres-privadas-de-libertad\/\"},\"wordCount\":620,\"image\":{\"@id\":\"https:\/\/dev.antudigital.cl\/sites\/vc\/insomnia-estrena-malqueridas-documental-de-tana-gilbert-sobre-madres-privadas-de-libertad\/#primaryimage\"},\"thumbnailUrl\":\"https:\/\/dev.antudigital.cl\/sites\/vc\/wp-content\/uploads\/2024\/05\/Still-6-MLQ-300dpi-scaled.jpg\",\"articleSection\":[\"Noticia\"],\"inLanguage\":\"es\"},{\"@type\":\"WebPage\",\"@id\":\"https:\/\/dev.antudigital.cl\/sites\/vc\/insomnia-estrena-malqueridas-documental-de-tana-gilbert-sobre-madres-privadas-de-libertad\/\",\"url\":\"https:\/\/dev.antudigital.cl\/sites\/vc\/insomnia-estrena-malqueridas-documental-de-tana-gilbert-sobre-madres-privadas-de-libertad\/\",\"name\":\"INSOMNIA estrena \u201cMalqueridas\u201d documental de Tana Gilbert sobre madres privadas de libertad - Valpara\u00ed\u00adso Creativo\",\"isPartOf\":{\"@id\":\"https:\/\/dev.antudigital.cl\/sites\/vc\/#website\"},\"primaryImageOfPage\":{\"@id\":\"https:\/\/dev.antudigital.cl\/sites\/vc\/insomnia-estrena-malqueridas-documental-de-tana-gilbert-sobre-madres-privadas-de-libertad\/#primaryimage\"},\"image\":{\"@id\":\"https:\/\/dev.antudigital.cl\/sites\/vc\/insomnia-estrena-malqueridas-documental-de-tana-gilbert-sobre-madres-privadas-de-libertad\/#primaryimage\"},\"thumbnailUrl\":\"https:\/\/dev.antudigital.cl\/sites\/vc\/wp-content\/uploads\/2024\/05\/Still-6-MLQ-300dpi-scaled.jpg\",\"datePublished\":\"2024-05-13T21:40:21+00:00\",\"dateModified\":\"2024-05-13T21:40:41+00:00\",\"author\":{\"@id\":\"https:\/\/dev.antudigital.cl\/sites\/vc\/#\/schema\/person\/c2b9da8dd545e27166fc5ab232837318\"},\"breadcrumb\":{\"@id\":\"https:\/\/dev.antudigital.cl\/sites\/vc\/insomnia-estrena-malqueridas-documental-de-tana-gilbert-sobre-madres-privadas-de-libertad\/#breadcrumb\"},\"inLanguage\":\"es\",\"potentialAction\":[{\"@type\":\"ReadAction\",\"target\":[\"https:\/\/dev.antudigital.cl\/sites\/vc\/insomnia-estrena-malqueridas-documental-de-tana-gilbert-sobre-madres-privadas-de-libertad\/\"]}]},{\"@type\":\"ImageObject\",\"inLanguage\":\"es\",\"@id\":\"https:\/\/dev.antudigital.cl\/sites\/vc\/insomnia-estrena-malqueridas-documental-de-tana-gilbert-sobre-madres-privadas-de-libertad\/#primaryimage\",\"url\":\"https:\/\/dev.antudigital.cl\/sites\/vc\/wp-content\/uploads\/2024\/05\/Still-6-MLQ-300dpi-scaled.jpg\",\"contentUrl\":\"https:\/\/dev.antudigital.cl\/sites\/vc\/wp-content\/uploads\/2024\/05\/Still-6-MLQ-300dpi-scaled.jpg\",\"width\":2560,\"height\":1441},{\"@type\":\"BreadcrumbList\",\"@id\":\"https:\/\/dev.antudigital.cl\/sites\/vc\/insomnia-estrena-malqueridas-documental-de-tana-gilbert-sobre-madres-privadas-de-libertad\/#breadcrumb\",\"itemListElement\":[{\"@type\":\"ListItem\",\"position\":1,\"name\":\"Home\",\"item\":\"https:\/\/dev.antudigital.cl\/sites\/vc\/\"},{\"@type\":\"ListItem\",\"position\":2,\"name\":\"INSOMNIA estrena \u201cMalqueridas\u201d documental de Tana Gilbert sobre madres privadas de libertad\"}]},{\"@type\":\"WebSite\",\"@id\":\"https:\/\/dev.antudigital.cl\/sites\/vc\/#website\",\"url\":\"https:\/\/dev.antudigital.cl\/sites\/vc\/\",\"name\":\"Valpara\u00ed\u00adso Creativo\",\"description\":\"\",\"potentialAction\":[{\"@type\":\"SearchAction\",\"target\":{\"@type\":\"EntryPoint\",\"urlTemplate\":\"https:\/\/dev.antudigital.cl\/sites\/vc\/?s={search_term_string}\"},\"query-input\":{\"@type\":\"PropertyValueSpecification\",\"valueRequired\":true,\"valueName\":\"search_term_string\"}}],\"inLanguage\":\"es\"},{\"@type\":\"Person\",\"@id\":\"https:\/\/dev.antudigital.cl\/sites\/vc\/#\/schema\/person\/c2b9da8dd545e27166fc5ab232837318\",\"name\":\"Valpara\u00edso Creativo\",\"description\":\"Periodista de cultura en la Regi\u00f3n de Valpara\u00edso.\",\"url\":\"https:\/\/dev.antudigital.cl\/sites\/vc\/author\/valpoadmin\/\"}]}<\/script>\n<!-- \/ Yoast SEO plugin. -->","yoast_head_json":{"title":"INSOMNIA estrena \u201cMalqueridas\u201d documental de Tana Gilbert sobre madres privadas de libertad - Valpara\u00ed\u00adso Creativo","robots":{"index":"index","follow":"follow","max-snippet":"max-snippet:-1","max-image-preview":"max-image-preview:large","max-video-preview":"max-video-preview:-1"},"canonical":"https:\/\/dev.antudigital.cl\/sites\/vc\/insomnia-estrena-malqueridas-documental-de-tana-gilbert-sobre-madres-privadas-de-libertad\/","og_locale":"es_ES","og_type":"article","og_title":"INSOMNIA estrena \u201cMalqueridas\u201d documental de Tana Gilbert sobre madres privadas de libertad - Valpara\u00ed\u00adso Creativo","og_description":"Malqueridas es un documental que expande el significado de la maternidad al abrir una peque\u00f1a ventana hacia la intimidad de cientos de mujeres que deben ser madres privadas de libertad y en la mayor\u00eda de los casos jefas de familia. La \u00f3pera prima de Tana Gilbert, que ser\u00e1 estrenada en INSOMNIA este jueves 16 de [&hellip;]","og_url":"https:\/\/dev.antudigital.cl\/sites\/vc\/insomnia-estrena-malqueridas-documental-de-tana-gilbert-sobre-madres-privadas-de-libertad\/","og_site_name":"Valpara\u00ed\u00adso Creativo","article_published_time":"2024-05-13T21:40:21+00:00","article_modified_time":"2024-05-13T21:40:41+00:00","og_image":[{"width":2560,"height":1441,"url":"https:\/\/dev.antudigital.cl\/sites\/vc\/wp-content\/uploads\/2024\/05\/Still-6-MLQ-300dpi-scaled.jpg","type":"image\/jpeg"}],"author":"Valpara\u00edso Creativo","twitter_card":"summary_large_image","twitter_misc":{"Escrito por":"Valpara\u00edso Creativo","Tiempo de lectura":"4 minutos"},"schema":{"@context":"https:\/\/schema.org","@graph":[{"@type":"Article","@id":"https:\/\/dev.antudigital.cl\/sites\/vc\/insomnia-estrena-malqueridas-documental-de-tana-gilbert-sobre-madres-privadas-de-libertad\/#article","isPartOf":{"@id":"https:\/\/dev.antudigital.cl\/sites\/vc\/insomnia-estrena-malqueridas-documental-de-tana-gilbert-sobre-madres-privadas-de-libertad\/"},"author":{"name":"Valpara\u00edso Creativo","@id":"https:\/\/dev.antudigital.cl\/sites\/vc\/#\/schema\/person\/c2b9da8dd545e27166fc5ab232837318"},"headline":"INSOMNIA estrena \u201cMalqueridas\u201d documental de Tana Gilbert sobre madres privadas de libertad","datePublished":"2024-05-13T21:40:21+00:00","dateModified":"2024-05-13T21:40:41+00:00","mainEntityOfPage":{"@id":"https:\/\/dev.antudigital.cl\/sites\/vc\/insomnia-estrena-malqueridas-documental-de-tana-gilbert-sobre-madres-privadas-de-libertad\/"},"wordCount":620,"image":{"@id":"https:\/\/dev.antudigital.cl\/sites\/vc\/insomnia-estrena-malqueridas-documental-de-tana-gilbert-sobre-madres-privadas-de-libertad\/#primaryimage"},"thumbnailUrl":"https:\/\/dev.antudigital.cl\/sites\/vc\/wp-content\/uploads\/2024\/05\/Still-6-MLQ-300dpi-scaled.jpg","articleSection":["Noticia"],"inLanguage":"es"},{"@type":"WebPage","@id":"https:\/\/dev.antudigital.cl\/sites\/vc\/insomnia-estrena-malqueridas-documental-de-tana-gilbert-sobre-madres-privadas-de-libertad\/","url":"https:\/\/dev.antudigital.cl\/sites\/vc\/insomnia-estrena-malqueridas-documental-de-tana-gilbert-sobre-madres-privadas-de-libertad\/","name":"INSOMNIA estrena \u201cMalqueridas\u201d documental de Tana Gilbert sobre madres privadas de libertad - Valpara\u00ed\u00adso Creativo","isPartOf":{"@id":"https:\/\/dev.antudigital.cl\/sites\/vc\/#website"},"primaryImageOfPage":{"@id":"https:\/\/dev.antudigital.cl\/sites\/vc\/insomnia-estrena-malqueridas-documental-de-tana-gilbert-sobre-madres-privadas-de-libertad\/#primaryimage"},"image":{"@id":"https:\/\/dev.antudigital.cl\/sites\/vc\/insomnia-estrena-malqueridas-documental-de-tana-gilbert-sobre-madres-privadas-de-libertad\/#primaryimage"},"thumbnailUrl":"https:\/\/dev.antudigital.cl\/sites\/vc\/wp-content\/uploads\/2024\/05\/Still-6-MLQ-300dpi-scaled.jpg","datePublished":"2024-05-13T21:40:21+00:00","dateModified":"2024-05-13T21:40:41+00:00","author":{"@id":"https:\/\/dev.antudigital.cl\/sites\/vc\/#\/schema\/person\/c2b9da8dd545e27166fc5ab232837318"},"breadcrumb":{"@id":"https:\/\/dev.antudigital.cl\/sites\/vc\/insomnia-estrena-malqueridas-documental-de-tana-gilbert-sobre-madres-privadas-de-libertad\/#breadcrumb"},"inLanguage":"es","potentialAction":[{"@type":"ReadAction","target":["https:\/\/dev.antudigital.cl\/sites\/vc\/insomnia-estrena-malqueridas-documental-de-tana-gilbert-sobre-madres-privadas-de-libertad\/"]}]},{"@type":"ImageObject","inLanguage":"es","@id":"https:\/\/dev.antudigital.cl\/sites\/vc\/insomnia-estrena-malqueridas-documental-de-tana-gilbert-sobre-madres-privadas-de-libertad\/#primaryimage","url":"https:\/\/dev.antudigital.cl\/sites\/vc\/wp-content\/uploads\/2024\/05\/Still-6-MLQ-300dpi-scaled.jpg","contentUrl":"https:\/\/dev.antudigital.cl\/sites\/vc\/wp-content\/uploads\/2024\/05\/Still-6-MLQ-300dpi-scaled.jpg","width":2560,"height":1441},{"@type":"BreadcrumbList","@id":"https:\/\/dev.antudigital.cl\/sites\/vc\/insomnia-estrena-malqueridas-documental-de-tana-gilbert-sobre-madres-privadas-de-libertad\/#breadcrumb","itemListElement":[{"@type":"ListItem","position":1,"name":"Home","item":"https:\/\/dev.antudigital.cl\/sites\/vc\/"},{"@type":"ListItem","position":2,"name":"INSOMNIA estrena \u201cMalqueridas\u201d documental de Tana Gilbert sobre madres privadas de libertad"}]},{"@type":"WebSite","@id":"https:\/\/dev.antudigital.cl\/sites\/vc\/#website","url":"https:\/\/dev.antudigital.cl\/sites\/vc\/","name":"Valpara\u00ed\u00adso Creativo","description":"","potentialAction":[{"@type":"SearchAction","target":{"@type":"EntryPoint","urlTemplate":"https:\/\/dev.antudigital.cl\/sites\/vc\/?s={search_term_string}"},"query-input":{"@type":"PropertyValueSpecification","valueRequired":true,"valueName":"search_term_string"}}],"inLanguage":"es"},{"@type":"Person","@id":"https:\/\/dev.antudigital.cl\/sites\/vc\/#\/schema\/person\/c2b9da8dd545e27166fc5ab232837318","name":"Valpara\u00edso Creativo","description":"Periodista de cultura en la Regi\u00f3n de Valpara\u00edso.","url":"https:\/\/dev.antudigital.cl\/sites\/vc\/author\/valpoadmin\/"}]}},"_links":{"self":[{"href":"https:\/\/dev.antudigital.cl\/sites\/vc\/wp-json\/wp\/v2\/posts\/19110","targetHints":{"allow":["GET"]}}],"collection":[{"href":"https:\/\/dev.antudigital.cl\/sites\/vc\/wp-json\/wp\/v2\/posts"}],"about":[{"href":"https:\/\/dev.antudigital.cl\/sites\/vc\/wp-json\/wp\/v2\/types\/post"}],"author":[{"embeddable":true,"href":"https:\/\/dev.antudigital.cl\/sites\/vc\/wp-json\/wp\/v2\/users\/1"}],"replies":[{"embeddable":true,"href":"https:\/\/dev.antudigital.cl\/sites\/vc\/wp-json\/wp\/v2\/comments?post=19110"}],"version-history":[{"count":1,"href":"https:\/\/dev.antudigital.cl\/sites\/vc\/wp-json\/wp\/v2\/posts\/19110\/revisions"}],"predecessor-version":[{"id":19117,"href":"https:\/\/dev.antudigital.cl\/sites\/vc\/wp-json\/wp\/v2\/posts\/19110\/revisions\/19117"}],"wp:featuredmedia":[{"embeddable":true,"href":"https:\/\/dev.antudigital.cl\/sites\/vc\/wp-json\/wp\/v2\/media\/19115"}],"wp:attachment":[{"href":"https:\/\/dev.antudigital.cl\/sites\/vc\/wp-json\/wp\/v2\/media?parent=19110"}],"wp:term":[{"taxonomy":"category","embeddable":true,"href":"https:\/\/dev.antudigital.cl\/sites\/vc\/wp-json\/wp\/v2\/categories?post=19110"},{"taxonomy":"post_tag","embeddable":true,"href":"https:\/\/dev.antudigital.cl\/sites\/vc\/wp-json\/wp\/v2\/tags?post=19110"}],"curies":[{"name":"wp","href":"https:\/\/api.w.org\/{rel}","templated":true}]}}