{"id":19118,"date":"2024-05-13T21:47:11","date_gmt":"2024-05-13T21:47:11","guid":{"rendered":"https:\/\/www.valparaisocreativo.cl\/?p=19118"},"modified":"2024-05-13T21:47:34","modified_gmt":"2024-05-13T21:47:34","slug":"ipa-y-teatro-uv-colaboran-en-la-actividad-de-mediacion-31-anos-de-cia-teatro-ilucion","status":"publish","type":"post","link":"https:\/\/dev.antudigital.cl\/sites\/vc\/ipa-y-teatro-uv-colaboran-en-la-actividad-de-mediacion-31-anos-de-cia-teatro-ilucion\/","title":{"rendered":"IPA y Teatro UV colaboran en la actividad de mediaci\u00f3n \u201c31 a\u00f1os de C\u00cdA. TEATRO ILUci\u00d3N\u201d"},"content":{"rendered":"\n<p><strong>El jueves 16 de mayo a las 18:00 horas se realizar\u00e1 el ENCUENTRO DE MEDIACI\u00d3N EDUCATIVA Y FORMATIVA \u201c31 A\u00d1OS DE TRAYECTORIA DE C\u00cdA. TEATRO ILUcI\u00d3N, modelo de gesti\u00f3n de resistencia\u201d<\/strong>. Esta es la primera actividad colaborativa entre el Centro Cultural IPA y la Escuela de Teatro UV, enmarcada en la conmemoraci\u00f3n del Mes del Teatro y financiada por el Programa de Apoyo a Organizaciones Culturales Colaboradoras del Ministerio de las Culturas, las Artes y el Patrimonio.<\/p>\n\n\n\n<p>Sala Negra Juan Barattini Carvelli, ubicada en Avenida Brasil 1647, ser\u00e1 el lugar de acogida de este Encuentro con entrada liberada. Varios integrantes de la Compa\u00f1\u00eda Teatro IluCi\u00f3n y del equipo de gesti\u00f3n del Centro Cultural IPA son tituladas y titulados de la Escuela de Teatro UV,\u00a0 haciendo de esta actividad un espacio de retroalimentaci\u00f3n y simbiosis, donde se van a cruzar memorias, saberes y experiencias diversas. Para participar hay que inscribirse en el siguiente link <a href=\"https:\/\/forms.gle\/BZ2BmVTXLybs1Ssh9\" target=\"_blank\" rel=\"noreferrer noopener\">https:\/\/forms.gle\/BZ2BmVTXLybs1Ssh9<\/a> o al correo <a href=\"mailto:reservas.teatro.ipa@gmail.com\" target=\"_blank\" rel=\"noreferrer noopener\">reservas.teatro.ipa@gmail.com<\/a><\/p>\n\n\n\n<figure class=\"wp-block-image size-large\"><img fetchpriority=\"high\" decoding=\"async\" width=\"1024\" height=\"683\" src=\"https:\/\/www.valparaisocreativo.cl\/wp-content\/uploads\/2024\/05\/TEATRO-ILUCION-01-1024x683.jpg\" alt=\"\" class=\"wp-image-19119\" srcset=\"https:\/\/dev.antudigital.cl\/sites\/vc\/wp-content\/uploads\/2024\/05\/TEATRO-ILUCION-01-1024x683.jpg 1024w, https:\/\/dev.antudigital.cl\/sites\/vc\/wp-content\/uploads\/2024\/05\/TEATRO-ILUCION-01-300x200.jpg 300w, https:\/\/dev.antudigital.cl\/sites\/vc\/wp-content\/uploads\/2024\/05\/TEATRO-ILUCION-01-768x512.jpg 768w, https:\/\/dev.antudigital.cl\/sites\/vc\/wp-content\/uploads\/2024\/05\/TEATRO-ILUCION-01-1080x720.jpg 1080w, https:\/\/dev.antudigital.cl\/sites\/vc\/wp-content\/uploads\/2024\/05\/TEATRO-ILUCION-01-980x654.jpg 980w, https:\/\/dev.antudigital.cl\/sites\/vc\/wp-content\/uploads\/2024\/05\/TEATRO-ILUCION-01-480x320.jpg 480w, https:\/\/dev.antudigital.cl\/sites\/vc\/wp-content\/uploads\/2024\/05\/TEATRO-ILUCION-01-24x16.jpg 24w, https:\/\/dev.antudigital.cl\/sites\/vc\/wp-content\/uploads\/2024\/05\/TEATRO-ILUCION-01-36x24.jpg 36w, https:\/\/dev.antudigital.cl\/sites\/vc\/wp-content\/uploads\/2024\/05\/TEATRO-ILUCION-01-48x32.jpg 48w, https:\/\/dev.antudigital.cl\/sites\/vc\/wp-content\/uploads\/2024\/05\/TEATRO-ILUCION-01.jpg 1228w\" sizes=\"(max-width: 1024px) 100vw, 1024px\" \/><\/figure>\n\n\n\n<p><strong>Claudio Vidal<\/strong>, Director del Centro Cultural IPA y de la C\u00eda. de Teatro IluCi\u00f3n, se\u00f1ala: \u201cPara nosotros conmemorar 31 a\u00f1os ha sido un camino de mucho aprendizaje, avanzando en el mismo quehacer. Estamos muy felices de vincularnos con la Escuela de Teatro UV. Ahora, con mayor madurez, podemos compartir lo que hemos sido, lo que somos y lo que queremos ser en el futuro\u201d.<\/p>\n\n\n\n<p><strong>Jenny Cort\u00e9s<\/strong>, Productora Ejecutiva Centro Cultural IPA del programa PAOCC, integrante de la Compa\u00f1\u00eda y titulada de la Escuela de Teatro UV, comenta: \u201cHabemos varios profesionales que nos formamos en la Universidad de Valpara\u00edso y que hoy hacemos trabajo de resistencia para el desarrollo de la cultura y el teatro. Una se genera su propio camino, haciendo comunidad con otros. Para m\u00ed es un tremendo orgullo ser parte de esta Compa\u00f1\u00eda de gran trayectoria, Teatro IluCi\u00f3n me brinda un espacio de desarrollo en otra \u00e1rea, que no es la producci\u00f3n propiamente tal, sino que me invita&nbsp; a ser parte de lo art\u00edstico, volver a actuar. Esas instancias de trabajo son las formadoras de lo que soy actualmente como profesional\u201d.&nbsp;<\/p>\n\n\n\n<p><strong>Andr\u00e9s P\u00e9rez<\/strong>, Jefe T\u00e9cnico del Programa PAOCC, integrante de la Compa\u00f1\u00eda de Teatro IluCi\u00f3n y titulado de la Escuela de Teatro UV, comenta: \u201cEste es un v\u00ednculo importante y loco, donde se encuentran dos espacios que he habitado, me he formado y sigo formando. Hace poquito entr\u00e9 a la Compa\u00f1\u00eda, el a\u00f1o 2021, y este cruce es s\u00faper especial, hermoso, una oportunidad \u00fanica de encuentro que ojal\u00e1 se repita de otras maneras\u201d.&nbsp;<\/p>\n\n\n\n<p>\u201cCuando estudiaba teatro no conoc\u00eda a la Compa\u00f1\u00eda, la vine a conocer cuando sal\u00ed de la Escuela. Encuentro genial que estudiantes de la Escuela conozcan de la Compa\u00f1\u00eda, es una forma de ver que s\u00ed se puede trabajar en teatro y desde las artes en Valpara\u00edso, creo que puede ser un granito de fe y esperanza para todos esos estudiantes que pronto ser\u00e1n profesionales de la escena. S\u00ed se puede, de distintas formas y maneras, trabajar de lo que uno estudi\u00f3\u201d, a\u00f1ade Andr\u00e9s.&nbsp;<\/p>\n\n\n\n<p>El proyecto \u201cCONTINUIDAD DE LA PROGRAMACI\u00d3N DE LA SALA DE TEATRO DEL CENTRO CULTURAL IPA: 95 a\u00f1os de arte y cultura local\u201d forma parte del Programa de Apoyo a Organizaciones Culturales Colaboradoras del Ministerio de las Culturas, las Artes y el Patrimonio, que busca fortalecer y dar continuidad a instituciones y organizaciones culturales de derecho privado y sin fines de lucro. Este programa adem\u00e1s es parte del Sistema de Financiamiento a Organizaciones e Infraestructura Cultural del Ministerio de las Culturas, las Artes y el Patrimonio que integra, articula y coordina de forma transversal los planes, programas y fondos orientados al fomento y apoyo de las organizaciones, de la infraestructura cultural, y de la mediaci\u00f3n art\u00edstica. Todo esto con una vocaci\u00f3n descentralizada, mecanismos participativos, y la promoci\u00f3n de la creaci\u00f3n de redes y asociaciones.<\/p>\n\n\n\n<figure class=\"wp-block-image size-full\"><img decoding=\"async\" width=\"453\" height=\"604\" src=\"https:\/\/www.valparaisocreativo.cl\/wp-content\/uploads\/2024\/05\/TEATRO-ILUCION-03.jpg\" alt=\"\" class=\"wp-image-19121\" srcset=\"https:\/\/dev.antudigital.cl\/sites\/vc\/wp-content\/uploads\/2024\/05\/TEATRO-ILUCION-03.jpg 453w, https:\/\/dev.antudigital.cl\/sites\/vc\/wp-content\/uploads\/2024\/05\/TEATRO-ILUCION-03-225x300.jpg 225w, https:\/\/dev.antudigital.cl\/sites\/vc\/wp-content\/uploads\/2024\/05\/TEATRO-ILUCION-03-18x24.jpg 18w, https:\/\/dev.antudigital.cl\/sites\/vc\/wp-content\/uploads\/2024\/05\/TEATRO-ILUCION-03-27x36.jpg 27w, https:\/\/dev.antudigital.cl\/sites\/vc\/wp-content\/uploads\/2024\/05\/TEATRO-ILUCION-03-36x48.jpg 36w\" sizes=\"(max-width: 453px) 100vw, 453px\" \/><\/figure>\n\n\n\n<p><strong>COORDENADAS<\/strong><\/p>\n\n\n\n<p><strong>ENCUENTRO DE MEDIACI\u00d3N EDUCATIVA Y FORMATIVA \u201c31 A\u00d1OS DE TRAYECTORIA DE C\u00cdA. TEATRO ILUcI\u00d3N, modelo de gesti\u00f3n de resistencia\u201d.<\/strong><\/p>\n\n\n\n<p>Jueves 16 de mayo, 18:00 horas.<\/p>\n\n\n\n<p>Sala Negra Juan Barattini Carvelli. Avenida Brasil, 1647, Valpara\u00edso.<\/p>\n\n\n\n<p>Entrada liberada.<\/p>\n\n\n\n<p>Inscripciones en el formulario <a href=\"https:\/\/forms.gle\/BZ2BmVTXLybs1Ssh9\" target=\"_blank\" rel=\"noreferrer noopener\">https:\/\/forms.gle\/BZ2BmVTXLybs1Ssh9<\/a>&nbsp;<\/p>\n\n\n\n<p>o al correo <a href=\"mailto:reservas.teatro.ipa@gmail.com\" target=\"_blank\" rel=\"noreferrer noopener\">reservas.teatro.ipa@gmail.com<\/a><\/p>\n","protected":false},"excerpt":{"rendered":"<p>El jueves 16 de mayo a las 18:00 horas se realizar\u00e1 el ENCUENTRO DE MEDIACI\u00d3N EDUCATIVA Y FORMATIVA \u201c31 A\u00d1OS DE TRAYECTORIA DE C\u00cdA. TEATRO ILUcI\u00d3N, modelo de gesti\u00f3n de resistencia\u201d. Esta es la primera actividad colaborativa entre el Centro Cultural IPA y la Escuela de Teatro UV, enmarcada en la conmemoraci\u00f3n del Mes del [&hellip;]<\/p>\n","protected":false},"author":1,"featured_media":19120,"comment_status":"closed","ping_status":"closed","sticky":false,"template":"","format":"standard","meta":{"_acf_changed":false,"footnotes":""},"categories":[8],"tags":[],"class_list":["post-19118","post","type-post","status-publish","format-standard","has-post-thumbnail","hentry","category-noticia"],"acf":[],"yoast_head":"<!-- This site is optimized with the Yoast SEO plugin v27.1.1 - https:\/\/yoast.com\/product\/yoast-seo-wordpress\/ -->\n<title>IPA y Teatro UV colaboran en la actividad de mediaci\u00f3n \u201c31 a\u00f1os de C\u00cdA. TEATRO ILUci\u00d3N\u201d - Valpara\u00ed\u00adso Creativo<\/title>\n<meta name=\"robots\" content=\"index, follow, max-snippet:-1, max-image-preview:large, max-video-preview:-1\" \/>\n<link rel=\"canonical\" href=\"https:\/\/dev.antudigital.cl\/sites\/vc\/ipa-y-teatro-uv-colaboran-en-la-actividad-de-mediacion-31-anos-de-cia-teatro-ilucion\/\" \/>\n<meta property=\"og:locale\" content=\"es_ES\" \/>\n<meta property=\"og:type\" content=\"article\" \/>\n<meta property=\"og:title\" content=\"IPA y Teatro UV colaboran en la actividad de mediaci\u00f3n \u201c31 a\u00f1os de C\u00cdA. TEATRO ILUci\u00d3N\u201d - Valpara\u00ed\u00adso Creativo\" \/>\n<meta property=\"og:description\" content=\"El jueves 16 de mayo a las 18:00 horas se realizar\u00e1 el ENCUENTRO DE MEDIACI\u00d3N EDUCATIVA Y FORMATIVA \u201c31 A\u00d1OS DE TRAYECTORIA DE C\u00cdA. TEATRO ILUcI\u00d3N, modelo de gesti\u00f3n de resistencia\u201d. Esta es la primera actividad colaborativa entre el Centro Cultural IPA y la Escuela de Teatro UV, enmarcada en la conmemoraci\u00f3n del Mes del [&hellip;]\" \/>\n<meta property=\"og:url\" content=\"https:\/\/dev.antudigital.cl\/sites\/vc\/ipa-y-teatro-uv-colaboran-en-la-actividad-de-mediacion-31-anos-de-cia-teatro-ilucion\/\" \/>\n<meta property=\"og:site_name\" content=\"Valpara\u00ed\u00adso Creativo\" \/>\n<meta property=\"article:published_time\" content=\"2024-05-13T21:47:11+00:00\" \/>\n<meta property=\"article:modified_time\" content=\"2024-05-13T21:47:34+00:00\" \/>\n<meta property=\"og:image\" content=\"https:\/\/dev.antudigital.cl\/sites\/vc\/wp-content\/uploads\/2024\/05\/TEATRO-ILUCION-02.jpg\" \/>\n\t<meta property=\"og:image:width\" content=\"960\" \/>\n\t<meta property=\"og:image:height\" content=\"541\" \/>\n\t<meta property=\"og:image:type\" content=\"image\/jpeg\" \/>\n<meta name=\"author\" content=\"Valpara\u00edso Creativo\" \/>\n<meta name=\"twitter:card\" content=\"summary_large_image\" \/>\n<meta name=\"twitter:label1\" content=\"Escrito por\" \/>\n\t<meta name=\"twitter:data1\" content=\"Valpara\u00edso Creativo\" \/>\n\t<meta name=\"twitter:label2\" content=\"Tiempo de lectura\" \/>\n\t<meta name=\"twitter:data2\" content=\"4 minutos\" \/>\n<script type=\"application\/ld+json\" class=\"yoast-schema-graph\">{\"@context\":\"https:\/\/schema.org\",\"@graph\":[{\"@type\":\"Article\",\"@id\":\"https:\/\/dev.antudigital.cl\/sites\/vc\/ipa-y-teatro-uv-colaboran-en-la-actividad-de-mediacion-31-anos-de-cia-teatro-ilucion\/#article\",\"isPartOf\":{\"@id\":\"https:\/\/dev.antudigital.cl\/sites\/vc\/ipa-y-teatro-uv-colaboran-en-la-actividad-de-mediacion-31-anos-de-cia-teatro-ilucion\/\"},\"author\":{\"name\":\"Valpara\u00edso Creativo\",\"@id\":\"https:\/\/dev.antudigital.cl\/sites\/vc\/#\/schema\/person\/c2b9da8dd545e27166fc5ab232837318\"},\"headline\":\"IPA y Teatro UV colaboran en la actividad de mediaci\u00f3n \u201c31 a\u00f1os de C\u00cdA. TEATRO ILUci\u00d3N\u201d\",\"datePublished\":\"2024-05-13T21:47:11+00:00\",\"dateModified\":\"2024-05-13T21:47:34+00:00\",\"mainEntityOfPage\":{\"@id\":\"https:\/\/dev.antudigital.cl\/sites\/vc\/ipa-y-teatro-uv-colaboran-en-la-actividad-de-mediacion-31-anos-de-cia-teatro-ilucion\/\"},\"wordCount\":757,\"image\":{\"@id\":\"https:\/\/dev.antudigital.cl\/sites\/vc\/ipa-y-teatro-uv-colaboran-en-la-actividad-de-mediacion-31-anos-de-cia-teatro-ilucion\/#primaryimage\"},\"thumbnailUrl\":\"https:\/\/dev.antudigital.cl\/sites\/vc\/wp-content\/uploads\/2024\/05\/TEATRO-ILUCION-02.jpg\",\"articleSection\":[\"Noticia\"],\"inLanguage\":\"es\"},{\"@type\":\"WebPage\",\"@id\":\"https:\/\/dev.antudigital.cl\/sites\/vc\/ipa-y-teatro-uv-colaboran-en-la-actividad-de-mediacion-31-anos-de-cia-teatro-ilucion\/\",\"url\":\"https:\/\/dev.antudigital.cl\/sites\/vc\/ipa-y-teatro-uv-colaboran-en-la-actividad-de-mediacion-31-anos-de-cia-teatro-ilucion\/\",\"name\":\"IPA y Teatro UV colaboran en la actividad de mediaci\u00f3n \u201c31 a\u00f1os de C\u00cdA. TEATRO ILUci\u00d3N\u201d - Valpara\u00ed\u00adso Creativo\",\"isPartOf\":{\"@id\":\"https:\/\/dev.antudigital.cl\/sites\/vc\/#website\"},\"primaryImageOfPage\":{\"@id\":\"https:\/\/dev.antudigital.cl\/sites\/vc\/ipa-y-teatro-uv-colaboran-en-la-actividad-de-mediacion-31-anos-de-cia-teatro-ilucion\/#primaryimage\"},\"image\":{\"@id\":\"https:\/\/dev.antudigital.cl\/sites\/vc\/ipa-y-teatro-uv-colaboran-en-la-actividad-de-mediacion-31-anos-de-cia-teatro-ilucion\/#primaryimage\"},\"thumbnailUrl\":\"https:\/\/dev.antudigital.cl\/sites\/vc\/wp-content\/uploads\/2024\/05\/TEATRO-ILUCION-02.jpg\",\"datePublished\":\"2024-05-13T21:47:11+00:00\",\"dateModified\":\"2024-05-13T21:47:34+00:00\",\"author\":{\"@id\":\"https:\/\/dev.antudigital.cl\/sites\/vc\/#\/schema\/person\/c2b9da8dd545e27166fc5ab232837318\"},\"breadcrumb\":{\"@id\":\"https:\/\/dev.antudigital.cl\/sites\/vc\/ipa-y-teatro-uv-colaboran-en-la-actividad-de-mediacion-31-anos-de-cia-teatro-ilucion\/#breadcrumb\"},\"inLanguage\":\"es\",\"potentialAction\":[{\"@type\":\"ReadAction\",\"target\":[\"https:\/\/dev.antudigital.cl\/sites\/vc\/ipa-y-teatro-uv-colaboran-en-la-actividad-de-mediacion-31-anos-de-cia-teatro-ilucion\/\"]}]},{\"@type\":\"ImageObject\",\"inLanguage\":\"es\",\"@id\":\"https:\/\/dev.antudigital.cl\/sites\/vc\/ipa-y-teatro-uv-colaboran-en-la-actividad-de-mediacion-31-anos-de-cia-teatro-ilucion\/#primaryimage\",\"url\":\"https:\/\/dev.antudigital.cl\/sites\/vc\/wp-content\/uploads\/2024\/05\/TEATRO-ILUCION-02.jpg\",\"contentUrl\":\"https:\/\/dev.antudigital.cl\/sites\/vc\/wp-content\/uploads\/2024\/05\/TEATRO-ILUCION-02.jpg\",\"width\":960,\"height\":541},{\"@type\":\"BreadcrumbList\",\"@id\":\"https:\/\/dev.antudigital.cl\/sites\/vc\/ipa-y-teatro-uv-colaboran-en-la-actividad-de-mediacion-31-anos-de-cia-teatro-ilucion\/#breadcrumb\",\"itemListElement\":[{\"@type\":\"ListItem\",\"position\":1,\"name\":\"Home\",\"item\":\"https:\/\/dev.antudigital.cl\/sites\/vc\/\"},{\"@type\":\"ListItem\",\"position\":2,\"name\":\"IPA y Teatro UV colaboran en la actividad de mediaci\u00f3n \u201c31 a\u00f1os de C\u00cdA. TEATRO ILUci\u00d3N\u201d\"}]},{\"@type\":\"WebSite\",\"@id\":\"https:\/\/dev.antudigital.cl\/sites\/vc\/#website\",\"url\":\"https:\/\/dev.antudigital.cl\/sites\/vc\/\",\"name\":\"Valpara\u00ed\u00adso Creativo\",\"description\":\"\",\"potentialAction\":[{\"@type\":\"SearchAction\",\"target\":{\"@type\":\"EntryPoint\",\"urlTemplate\":\"https:\/\/dev.antudigital.cl\/sites\/vc\/?s={search_term_string}\"},\"query-input\":{\"@type\":\"PropertyValueSpecification\",\"valueRequired\":true,\"valueName\":\"search_term_string\"}}],\"inLanguage\":\"es\"},{\"@type\":\"Person\",\"@id\":\"https:\/\/dev.antudigital.cl\/sites\/vc\/#\/schema\/person\/c2b9da8dd545e27166fc5ab232837318\",\"name\":\"Valpara\u00edso Creativo\",\"description\":\"Periodista de cultura en la Regi\u00f3n de Valpara\u00edso.\",\"url\":\"https:\/\/dev.antudigital.cl\/sites\/vc\/author\/valpoadmin\/\"}]}<\/script>\n<!-- \/ Yoast SEO plugin. -->","yoast_head_json":{"title":"IPA y Teatro UV colaboran en la actividad de mediaci\u00f3n \u201c31 a\u00f1os de C\u00cdA. TEATRO ILUci\u00d3N\u201d - Valpara\u00ed\u00adso Creativo","robots":{"index":"index","follow":"follow","max-snippet":"max-snippet:-1","max-image-preview":"max-image-preview:large","max-video-preview":"max-video-preview:-1"},"canonical":"https:\/\/dev.antudigital.cl\/sites\/vc\/ipa-y-teatro-uv-colaboran-en-la-actividad-de-mediacion-31-anos-de-cia-teatro-ilucion\/","og_locale":"es_ES","og_type":"article","og_title":"IPA y Teatro UV colaboran en la actividad de mediaci\u00f3n \u201c31 a\u00f1os de C\u00cdA. TEATRO ILUci\u00d3N\u201d - Valpara\u00ed\u00adso Creativo","og_description":"El jueves 16 de mayo a las 18:00 horas se realizar\u00e1 el ENCUENTRO DE MEDIACI\u00d3N EDUCATIVA Y FORMATIVA \u201c31 A\u00d1OS DE TRAYECTORIA DE C\u00cdA. TEATRO ILUcI\u00d3N, modelo de gesti\u00f3n de resistencia\u201d. Esta es la primera actividad colaborativa entre el Centro Cultural IPA y la Escuela de Teatro UV, enmarcada en la conmemoraci\u00f3n del Mes del [&hellip;]","og_url":"https:\/\/dev.antudigital.cl\/sites\/vc\/ipa-y-teatro-uv-colaboran-en-la-actividad-de-mediacion-31-anos-de-cia-teatro-ilucion\/","og_site_name":"Valpara\u00ed\u00adso Creativo","article_published_time":"2024-05-13T21:47:11+00:00","article_modified_time":"2024-05-13T21:47:34+00:00","og_image":[{"width":960,"height":541,"url":"https:\/\/dev.antudigital.cl\/sites\/vc\/wp-content\/uploads\/2024\/05\/TEATRO-ILUCION-02.jpg","type":"image\/jpeg"}],"author":"Valpara\u00edso Creativo","twitter_card":"summary_large_image","twitter_misc":{"Escrito por":"Valpara\u00edso Creativo","Tiempo de lectura":"4 minutos"},"schema":{"@context":"https:\/\/schema.org","@graph":[{"@type":"Article","@id":"https:\/\/dev.antudigital.cl\/sites\/vc\/ipa-y-teatro-uv-colaboran-en-la-actividad-de-mediacion-31-anos-de-cia-teatro-ilucion\/#article","isPartOf":{"@id":"https:\/\/dev.antudigital.cl\/sites\/vc\/ipa-y-teatro-uv-colaboran-en-la-actividad-de-mediacion-31-anos-de-cia-teatro-ilucion\/"},"author":{"name":"Valpara\u00edso Creativo","@id":"https:\/\/dev.antudigital.cl\/sites\/vc\/#\/schema\/person\/c2b9da8dd545e27166fc5ab232837318"},"headline":"IPA y Teatro UV colaboran en la actividad de mediaci\u00f3n \u201c31 a\u00f1os de C\u00cdA. TEATRO ILUci\u00d3N\u201d","datePublished":"2024-05-13T21:47:11+00:00","dateModified":"2024-05-13T21:47:34+00:00","mainEntityOfPage":{"@id":"https:\/\/dev.antudigital.cl\/sites\/vc\/ipa-y-teatro-uv-colaboran-en-la-actividad-de-mediacion-31-anos-de-cia-teatro-ilucion\/"},"wordCount":757,"image":{"@id":"https:\/\/dev.antudigital.cl\/sites\/vc\/ipa-y-teatro-uv-colaboran-en-la-actividad-de-mediacion-31-anos-de-cia-teatro-ilucion\/#primaryimage"},"thumbnailUrl":"https:\/\/dev.antudigital.cl\/sites\/vc\/wp-content\/uploads\/2024\/05\/TEATRO-ILUCION-02.jpg","articleSection":["Noticia"],"inLanguage":"es"},{"@type":"WebPage","@id":"https:\/\/dev.antudigital.cl\/sites\/vc\/ipa-y-teatro-uv-colaboran-en-la-actividad-de-mediacion-31-anos-de-cia-teatro-ilucion\/","url":"https:\/\/dev.antudigital.cl\/sites\/vc\/ipa-y-teatro-uv-colaboran-en-la-actividad-de-mediacion-31-anos-de-cia-teatro-ilucion\/","name":"IPA y Teatro UV colaboran en la actividad de mediaci\u00f3n \u201c31 a\u00f1os de C\u00cdA. TEATRO ILUci\u00d3N\u201d - Valpara\u00ed\u00adso Creativo","isPartOf":{"@id":"https:\/\/dev.antudigital.cl\/sites\/vc\/#website"},"primaryImageOfPage":{"@id":"https:\/\/dev.antudigital.cl\/sites\/vc\/ipa-y-teatro-uv-colaboran-en-la-actividad-de-mediacion-31-anos-de-cia-teatro-ilucion\/#primaryimage"},"image":{"@id":"https:\/\/dev.antudigital.cl\/sites\/vc\/ipa-y-teatro-uv-colaboran-en-la-actividad-de-mediacion-31-anos-de-cia-teatro-ilucion\/#primaryimage"},"thumbnailUrl":"https:\/\/dev.antudigital.cl\/sites\/vc\/wp-content\/uploads\/2024\/05\/TEATRO-ILUCION-02.jpg","datePublished":"2024-05-13T21:47:11+00:00","dateModified":"2024-05-13T21:47:34+00:00","author":{"@id":"https:\/\/dev.antudigital.cl\/sites\/vc\/#\/schema\/person\/c2b9da8dd545e27166fc5ab232837318"},"breadcrumb":{"@id":"https:\/\/dev.antudigital.cl\/sites\/vc\/ipa-y-teatro-uv-colaboran-en-la-actividad-de-mediacion-31-anos-de-cia-teatro-ilucion\/#breadcrumb"},"inLanguage":"es","potentialAction":[{"@type":"ReadAction","target":["https:\/\/dev.antudigital.cl\/sites\/vc\/ipa-y-teatro-uv-colaboran-en-la-actividad-de-mediacion-31-anos-de-cia-teatro-ilucion\/"]}]},{"@type":"ImageObject","inLanguage":"es","@id":"https:\/\/dev.antudigital.cl\/sites\/vc\/ipa-y-teatro-uv-colaboran-en-la-actividad-de-mediacion-31-anos-de-cia-teatro-ilucion\/#primaryimage","url":"https:\/\/dev.antudigital.cl\/sites\/vc\/wp-content\/uploads\/2024\/05\/TEATRO-ILUCION-02.jpg","contentUrl":"https:\/\/dev.antudigital.cl\/sites\/vc\/wp-content\/uploads\/2024\/05\/TEATRO-ILUCION-02.jpg","width":960,"height":541},{"@type":"BreadcrumbList","@id":"https:\/\/dev.antudigital.cl\/sites\/vc\/ipa-y-teatro-uv-colaboran-en-la-actividad-de-mediacion-31-anos-de-cia-teatro-ilucion\/#breadcrumb","itemListElement":[{"@type":"ListItem","position":1,"name":"Home","item":"https:\/\/dev.antudigital.cl\/sites\/vc\/"},{"@type":"ListItem","position":2,"name":"IPA y Teatro UV colaboran en la actividad de mediaci\u00f3n \u201c31 a\u00f1os de C\u00cdA. TEATRO ILUci\u00d3N\u201d"}]},{"@type":"WebSite","@id":"https:\/\/dev.antudigital.cl\/sites\/vc\/#website","url":"https:\/\/dev.antudigital.cl\/sites\/vc\/","name":"Valpara\u00ed\u00adso Creativo","description":"","potentialAction":[{"@type":"SearchAction","target":{"@type":"EntryPoint","urlTemplate":"https:\/\/dev.antudigital.cl\/sites\/vc\/?s={search_term_string}"},"query-input":{"@type":"PropertyValueSpecification","valueRequired":true,"valueName":"search_term_string"}}],"inLanguage":"es"},{"@type":"Person","@id":"https:\/\/dev.antudigital.cl\/sites\/vc\/#\/schema\/person\/c2b9da8dd545e27166fc5ab232837318","name":"Valpara\u00edso Creativo","description":"Periodista de cultura en la Regi\u00f3n de Valpara\u00edso.","url":"https:\/\/dev.antudigital.cl\/sites\/vc\/author\/valpoadmin\/"}]}},"_links":{"self":[{"href":"https:\/\/dev.antudigital.cl\/sites\/vc\/wp-json\/wp\/v2\/posts\/19118","targetHints":{"allow":["GET"]}}],"collection":[{"href":"https:\/\/dev.antudigital.cl\/sites\/vc\/wp-json\/wp\/v2\/posts"}],"about":[{"href":"https:\/\/dev.antudigital.cl\/sites\/vc\/wp-json\/wp\/v2\/types\/post"}],"author":[{"embeddable":true,"href":"https:\/\/dev.antudigital.cl\/sites\/vc\/wp-json\/wp\/v2\/users\/1"}],"replies":[{"embeddable":true,"href":"https:\/\/dev.antudigital.cl\/sites\/vc\/wp-json\/wp\/v2\/comments?post=19118"}],"version-history":[{"count":1,"href":"https:\/\/dev.antudigital.cl\/sites\/vc\/wp-json\/wp\/v2\/posts\/19118\/revisions"}],"predecessor-version":[{"id":19122,"href":"https:\/\/dev.antudigital.cl\/sites\/vc\/wp-json\/wp\/v2\/posts\/19118\/revisions\/19122"}],"wp:featuredmedia":[{"embeddable":true,"href":"https:\/\/dev.antudigital.cl\/sites\/vc\/wp-json\/wp\/v2\/media\/19120"}],"wp:attachment":[{"href":"https:\/\/dev.antudigital.cl\/sites\/vc\/wp-json\/wp\/v2\/media?parent=19118"}],"wp:term":[{"taxonomy":"category","embeddable":true,"href":"https:\/\/dev.antudigital.cl\/sites\/vc\/wp-json\/wp\/v2\/categories?post=19118"},{"taxonomy":"post_tag","embeddable":true,"href":"https:\/\/dev.antudigital.cl\/sites\/vc\/wp-json\/wp\/v2\/tags?post=19118"}],"curies":[{"name":"wp","href":"https:\/\/api.w.org\/{rel}","templated":true}]}}