{"id":19126,"date":"2024-05-13T22:08:42","date_gmt":"2024-05-13T22:08:42","guid":{"rendered":"https:\/\/www.valparaisocreativo.cl\/?p=19126"},"modified":"2024-05-13T22:09:01","modified_gmt":"2024-05-13T22:09:01","slug":"farmacos-anuncia-fecha-en-valparaiso-en-vistas-de-presentar-su-proximo-disco","status":"publish","type":"post","link":"https:\/\/dev.antudigital.cl\/sites\/vc\/farmacos-anuncia-fecha-en-valparaiso-en-vistas-de-presentar-su-proximo-disco\/","title":{"rendered":"F\u00e1rmacos anuncia fecha\u00a0en Valpara\u00edso en vistas de presentar su pr\u00f3ximo disco"},"content":{"rendered":"\n<figure class=\"wp-block-table\"><table><tbody><tr><td>Despu\u00e9s de dos a\u00f1os sin presentarse por el pa\u00eds,&nbsp;<strong>F\u00e1rmacos<\/strong>&nbsp;retorna con su&nbsp;<strong>\u00abCuarto Tour\u00bb<\/strong>, que lo tendr\u00e1 girando por M\u00e9xico y Chile. En el pa\u00eds, tendr\u00e1 tres fechas entre agosto y septiembre,&nbsp;en lo que ser\u00e1 un recorrido a efectuar por teatros de Concepci\u00f3n, Santiago y Valpara\u00edso, para mostrar su pr\u00f3ximo \u00e1lbum&nbsp;y parte de su repertorio musical.<br><br>El primer show ser\u00e1 el&nbsp;<strong>29 de agosto en el Teatro Biob\u00edo, de Concepci\u00f3n;<\/strong>&nbsp;para continuar el&nbsp;<strong>30 en el Teatro Coliseo, de Santiago<\/strong>; de manera de finalizar el&nbsp;<strong>1 de septiembre en el Teatro Parque Cultural Ex C\u00e1rcel, de Valpara\u00edso<\/strong>.<br><br><strong>Diego Ridolfi, l\u00edder de F\u00e1rmacos<\/strong>, se refiere a que&nbsp;<em>\u201cva a coincidir con el lanzamiento del disco, el cual presenta una renovaci\u00f3n sonora y una exploraci\u00f3n musical. El \u00e1lbum es bien ecl\u00e9ctico, pasa por muchos estados y a partir de eso, me di cuenta que hay mucha m\u00fasica, e incluso resulta desafiante escoger un set de canciones\u201d<\/em>.&nbsp;<br><br><strong>En torno a su show de Valpara\u00edso<\/strong>,&nbsp;<em>\u00abme emociona mucho, porque he tocado&nbsp;pocas veces en Valpo y siempre han sido buenos recuerdos. La \u00faltima vez que estuve all\u00e1, fue la \u00e9poca de&nbsp;<\/em>Estado de Gracia&nbsp;<em>(2016) y ahora estoy lejos de lo que era en ese momento, musicalmente hablando. Es por eso que tengo ilusi\u00f3n saber que va a pasar con ese p\u00fablico, y con un lugar que no visito hace bastante, considerando que ha pasado mucha m\u00fasica desde entonces\u00bb<\/em>.<br><br><em>\u201cEntonces, lo que me tiene feliz de estos shows, es ir viendo el paso del tiempo, la cantidad de trabajo y energ\u00eda que uno ha invertido, y que se han transformado en una carrera: con discos para poder elegir canciones y hacer conciertos con una diversidad de conceptos\u201d<\/em>, a\u00f1ade.<br><br><strong>Otras fechas de la gira de F\u00e1rmacos ser\u00e1n en M\u00e9xico<\/strong>, lugar de residencia de Ridolfi desde hace casi tres a\u00f1os. En tanto a los conciertos de Chile, las entradas estar\u00e1n pr\u00f3ximamente a la venta y se avisar\u00e1 por las redes de la banda.<br><br>Recordemos que F\u00e1rmacos ha estado desde el a\u00f1o pasado presentando adelantos de su pr\u00f3ximo disco, con cortes tales como&nbsp;<strong>\u00abQue Nunca Pare\u00bb, \u00abC\u00f3mplices\u00bb, \u00abOler a ti\u00bb&nbsp;<\/strong>y<strong>&nbsp;\u201cBesar\u201d,<\/strong>&nbsp;con pronta fecha para su lanzamiento, todo bajo el sello&nbsp;<strong>Virgin Music M\u00e9xico<\/strong>, y&nbsp;<strong>con la producci\u00f3n de Diego Ridolfi y Cristian Heyne en algunos temas.<\/strong><\/td><\/tr><\/tbody><\/table><\/figure>\n\n\n\n<figure class=\"wp-block-table\"><table><tbody><tr><td><\/td><\/tr><\/tbody><\/table><\/figure>\n\n\n\n<p><\/p>\n\n\n\n<figure class=\"wp-block-image size-large\"><img fetchpriority=\"high\" decoding=\"async\" width=\"1024\" height=\"1024\" src=\"https:\/\/www.valparaisocreativo.cl\/wp-content\/uploads\/2024\/05\/ffff-1024x1024.jpeg\" alt=\"\" class=\"wp-image-19128\" srcset=\"https:\/\/dev.antudigital.cl\/sites\/vc\/wp-content\/uploads\/2024\/05\/ffff-1024x1024.jpeg 1024w, https:\/\/dev.antudigital.cl\/sites\/vc\/wp-content\/uploads\/2024\/05\/ffff-300x300.jpeg 300w, https:\/\/dev.antudigital.cl\/sites\/vc\/wp-content\/uploads\/2024\/05\/ffff-150x150.jpeg 150w, https:\/\/dev.antudigital.cl\/sites\/vc\/wp-content\/uploads\/2024\/05\/ffff-768x768.jpeg 768w, https:\/\/dev.antudigital.cl\/sites\/vc\/wp-content\/uploads\/2024\/05\/ffff-980x980.jpeg 980w, https:\/\/dev.antudigital.cl\/sites\/vc\/wp-content\/uploads\/2024\/05\/ffff-480x480.jpeg 480w, https:\/\/dev.antudigital.cl\/sites\/vc\/wp-content\/uploads\/2024\/05\/ffff-24x24.jpeg 24w, https:\/\/dev.antudigital.cl\/sites\/vc\/wp-content\/uploads\/2024\/05\/ffff-36x36.jpeg 36w, https:\/\/dev.antudigital.cl\/sites\/vc\/wp-content\/uploads\/2024\/05\/ffff-48x48.jpeg 48w, https:\/\/dev.antudigital.cl\/sites\/vc\/wp-content\/uploads\/2024\/05\/ffff.jpeg 1080w\" sizes=\"(max-width: 1024px) 100vw, 1024px\" \/><\/figure>\n","protected":false},"excerpt":{"rendered":"<p>Despu\u00e9s de dos a\u00f1os sin presentarse por el pa\u00eds,&nbsp;F\u00e1rmacos&nbsp;retorna con su&nbsp;\u00abCuarto Tour\u00bb, que lo tendr\u00e1 girando por M\u00e9xico y Chile. En el pa\u00eds, tendr\u00e1 tres fechas entre agosto y septiembre,&nbsp;en lo que ser\u00e1 un recorrido a efectuar por teatros de Concepci\u00f3n, Santiago y Valpara\u00edso, para mostrar su pr\u00f3ximo \u00e1lbum&nbsp;y parte de su repertorio musical. El [&hellip;]<\/p>\n","protected":false},"author":1,"featured_media":19127,"comment_status":"closed","ping_status":"closed","sticky":false,"template":"","format":"standard","meta":{"_acf_changed":false,"footnotes":""},"categories":[8],"tags":[],"class_list":["post-19126","post","type-post","status-publish","format-standard","has-post-thumbnail","hentry","category-noticia"],"acf":[],"yoast_head":"<!-- This site is optimized with the Yoast SEO plugin v27.1.1 - https:\/\/yoast.com\/product\/yoast-seo-wordpress\/ -->\n<title>F\u00e1rmacos anuncia fecha\u00a0en Valpara\u00edso en vistas de presentar su pr\u00f3ximo disco - Valpara\u00ed\u00adso Creativo<\/title>\n<meta name=\"robots\" content=\"index, follow, max-snippet:-1, max-image-preview:large, max-video-preview:-1\" \/>\n<link rel=\"canonical\" href=\"https:\/\/dev.antudigital.cl\/sites\/vc\/farmacos-anuncia-fecha-en-valparaiso-en-vistas-de-presentar-su-proximo-disco\/\" \/>\n<meta property=\"og:locale\" content=\"es_ES\" \/>\n<meta property=\"og:type\" content=\"article\" \/>\n<meta property=\"og:title\" content=\"F\u00e1rmacos anuncia fecha\u00a0en Valpara\u00edso en vistas de presentar su pr\u00f3ximo disco - Valpara\u00ed\u00adso Creativo\" \/>\n<meta property=\"og:description\" content=\"Despu\u00e9s de dos a\u00f1os sin presentarse por el pa\u00eds,&nbsp;F\u00e1rmacos&nbsp;retorna con su&nbsp;\u00abCuarto Tour\u00bb, que lo tendr\u00e1 girando por M\u00e9xico y Chile. En el pa\u00eds, tendr\u00e1 tres fechas entre agosto y septiembre,&nbsp;en lo que ser\u00e1 un recorrido a efectuar por teatros de Concepci\u00f3n, Santiago y Valpara\u00edso, para mostrar su pr\u00f3ximo \u00e1lbum&nbsp;y parte de su repertorio musical. El [&hellip;]\" \/>\n<meta property=\"og:url\" content=\"https:\/\/dev.antudigital.cl\/sites\/vc\/farmacos-anuncia-fecha-en-valparaiso-en-vistas-de-presentar-su-proximo-disco\/\" \/>\n<meta property=\"og:site_name\" content=\"Valpara\u00ed\u00adso Creativo\" \/>\n<meta property=\"article:published_time\" content=\"2024-05-13T22:08:42+00:00\" \/>\n<meta property=\"article:modified_time\" content=\"2024-05-13T22:09:01+00:00\" \/>\n<meta property=\"og:image\" content=\"https:\/\/dev.antudigital.cl\/sites\/vc\/wp-content\/uploads\/2024\/05\/1475170181-13987588101535947867461482987796172636526067o.jpg.jpeg\" \/>\n\t<meta property=\"og:image:width\" content=\"713\" \/>\n\t<meta property=\"og:image:height\" content=\"475\" \/>\n\t<meta property=\"og:image:type\" content=\"image\/jpeg\" \/>\n<meta name=\"author\" content=\"Valpara\u00edso Creativo\" \/>\n<meta name=\"twitter:card\" content=\"summary_large_image\" \/>\n<meta name=\"twitter:label1\" content=\"Escrito por\" \/>\n\t<meta name=\"twitter:data1\" content=\"Valpara\u00edso Creativo\" \/>\n\t<meta name=\"twitter:label2\" content=\"Tiempo de lectura\" \/>\n\t<meta name=\"twitter:data2\" content=\"3 minutos\" \/>\n<script type=\"application\/ld+json\" class=\"yoast-schema-graph\">{\"@context\":\"https:\/\/schema.org\",\"@graph\":[{\"@type\":\"Article\",\"@id\":\"https:\/\/dev.antudigital.cl\/sites\/vc\/farmacos-anuncia-fecha-en-valparaiso-en-vistas-de-presentar-su-proximo-disco\/#article\",\"isPartOf\":{\"@id\":\"https:\/\/dev.antudigital.cl\/sites\/vc\/farmacos-anuncia-fecha-en-valparaiso-en-vistas-de-presentar-su-proximo-disco\/\"},\"author\":{\"name\":\"Valpara\u00edso Creativo\",\"@id\":\"https:\/\/dev.antudigital.cl\/sites\/vc\/#\/schema\/person\/c2b9da8dd545e27166fc5ab232837318\"},\"headline\":\"F\u00e1rmacos anuncia fecha\u00a0en Valpara\u00edso en vistas de presentar su pr\u00f3ximo disco\",\"datePublished\":\"2024-05-13T22:08:42+00:00\",\"dateModified\":\"2024-05-13T22:09:01+00:00\",\"mainEntityOfPage\":{\"@id\":\"https:\/\/dev.antudigital.cl\/sites\/vc\/farmacos-anuncia-fecha-en-valparaiso-en-vistas-de-presentar-su-proximo-disco\/\"},\"wordCount\":453,\"image\":{\"@id\":\"https:\/\/dev.antudigital.cl\/sites\/vc\/farmacos-anuncia-fecha-en-valparaiso-en-vistas-de-presentar-su-proximo-disco\/#primaryimage\"},\"thumbnailUrl\":\"https:\/\/dev.antudigital.cl\/sites\/vc\/wp-content\/uploads\/2024\/05\/1475170181-13987588101535947867461482987796172636526067o.jpg.jpeg\",\"articleSection\":[\"Noticia\"],\"inLanguage\":\"es\"},{\"@type\":\"WebPage\",\"@id\":\"https:\/\/dev.antudigital.cl\/sites\/vc\/farmacos-anuncia-fecha-en-valparaiso-en-vistas-de-presentar-su-proximo-disco\/\",\"url\":\"https:\/\/dev.antudigital.cl\/sites\/vc\/farmacos-anuncia-fecha-en-valparaiso-en-vistas-de-presentar-su-proximo-disco\/\",\"name\":\"F\u00e1rmacos anuncia fecha\u00a0en Valpara\u00edso en vistas de presentar su pr\u00f3ximo disco - Valpara\u00ed\u00adso Creativo\",\"isPartOf\":{\"@id\":\"https:\/\/dev.antudigital.cl\/sites\/vc\/#website\"},\"primaryImageOfPage\":{\"@id\":\"https:\/\/dev.antudigital.cl\/sites\/vc\/farmacos-anuncia-fecha-en-valparaiso-en-vistas-de-presentar-su-proximo-disco\/#primaryimage\"},\"image\":{\"@id\":\"https:\/\/dev.antudigital.cl\/sites\/vc\/farmacos-anuncia-fecha-en-valparaiso-en-vistas-de-presentar-su-proximo-disco\/#primaryimage\"},\"thumbnailUrl\":\"https:\/\/dev.antudigital.cl\/sites\/vc\/wp-content\/uploads\/2024\/05\/1475170181-13987588101535947867461482987796172636526067o.jpg.jpeg\",\"datePublished\":\"2024-05-13T22:08:42+00:00\",\"dateModified\":\"2024-05-13T22:09:01+00:00\",\"author\":{\"@id\":\"https:\/\/dev.antudigital.cl\/sites\/vc\/#\/schema\/person\/c2b9da8dd545e27166fc5ab232837318\"},\"breadcrumb\":{\"@id\":\"https:\/\/dev.antudigital.cl\/sites\/vc\/farmacos-anuncia-fecha-en-valparaiso-en-vistas-de-presentar-su-proximo-disco\/#breadcrumb\"},\"inLanguage\":\"es\",\"potentialAction\":[{\"@type\":\"ReadAction\",\"target\":[\"https:\/\/dev.antudigital.cl\/sites\/vc\/farmacos-anuncia-fecha-en-valparaiso-en-vistas-de-presentar-su-proximo-disco\/\"]}]},{\"@type\":\"ImageObject\",\"inLanguage\":\"es\",\"@id\":\"https:\/\/dev.antudigital.cl\/sites\/vc\/farmacos-anuncia-fecha-en-valparaiso-en-vistas-de-presentar-su-proximo-disco\/#primaryimage\",\"url\":\"https:\/\/dev.antudigital.cl\/sites\/vc\/wp-content\/uploads\/2024\/05\/1475170181-13987588101535947867461482987796172636526067o.jpg.jpeg\",\"contentUrl\":\"https:\/\/dev.antudigital.cl\/sites\/vc\/wp-content\/uploads\/2024\/05\/1475170181-13987588101535947867461482987796172636526067o.jpg.jpeg\",\"width\":713,\"height\":475},{\"@type\":\"BreadcrumbList\",\"@id\":\"https:\/\/dev.antudigital.cl\/sites\/vc\/farmacos-anuncia-fecha-en-valparaiso-en-vistas-de-presentar-su-proximo-disco\/#breadcrumb\",\"itemListElement\":[{\"@type\":\"ListItem\",\"position\":1,\"name\":\"Home\",\"item\":\"https:\/\/dev.antudigital.cl\/sites\/vc\/\"},{\"@type\":\"ListItem\",\"position\":2,\"name\":\"F\u00e1rmacos anuncia fecha\u00a0en Valpara\u00edso en vistas de presentar su pr\u00f3ximo disco\"}]},{\"@type\":\"WebSite\",\"@id\":\"https:\/\/dev.antudigital.cl\/sites\/vc\/#website\",\"url\":\"https:\/\/dev.antudigital.cl\/sites\/vc\/\",\"name\":\"Valpara\u00ed\u00adso Creativo\",\"description\":\"\",\"potentialAction\":[{\"@type\":\"SearchAction\",\"target\":{\"@type\":\"EntryPoint\",\"urlTemplate\":\"https:\/\/dev.antudigital.cl\/sites\/vc\/?s={search_term_string}\"},\"query-input\":{\"@type\":\"PropertyValueSpecification\",\"valueRequired\":true,\"valueName\":\"search_term_string\"}}],\"inLanguage\":\"es\"},{\"@type\":\"Person\",\"@id\":\"https:\/\/dev.antudigital.cl\/sites\/vc\/#\/schema\/person\/c2b9da8dd545e27166fc5ab232837318\",\"name\":\"Valpara\u00edso Creativo\",\"description\":\"Periodista de cultura en la Regi\u00f3n de Valpara\u00edso.\",\"url\":\"https:\/\/dev.antudigital.cl\/sites\/vc\/author\/valpoadmin\/\"}]}<\/script>\n<!-- \/ Yoast SEO plugin. -->","yoast_head_json":{"title":"F\u00e1rmacos anuncia fecha\u00a0en Valpara\u00edso en vistas de presentar su pr\u00f3ximo disco - Valpara\u00ed\u00adso Creativo","robots":{"index":"index","follow":"follow","max-snippet":"max-snippet:-1","max-image-preview":"max-image-preview:large","max-video-preview":"max-video-preview:-1"},"canonical":"https:\/\/dev.antudigital.cl\/sites\/vc\/farmacos-anuncia-fecha-en-valparaiso-en-vistas-de-presentar-su-proximo-disco\/","og_locale":"es_ES","og_type":"article","og_title":"F\u00e1rmacos anuncia fecha\u00a0en Valpara\u00edso en vistas de presentar su pr\u00f3ximo disco - Valpara\u00ed\u00adso Creativo","og_description":"Despu\u00e9s de dos a\u00f1os sin presentarse por el pa\u00eds,&nbsp;F\u00e1rmacos&nbsp;retorna con su&nbsp;\u00abCuarto Tour\u00bb, que lo tendr\u00e1 girando por M\u00e9xico y Chile. En el pa\u00eds, tendr\u00e1 tres fechas entre agosto y septiembre,&nbsp;en lo que ser\u00e1 un recorrido a efectuar por teatros de Concepci\u00f3n, Santiago y Valpara\u00edso, para mostrar su pr\u00f3ximo \u00e1lbum&nbsp;y parte de su repertorio musical. El [&hellip;]","og_url":"https:\/\/dev.antudigital.cl\/sites\/vc\/farmacos-anuncia-fecha-en-valparaiso-en-vistas-de-presentar-su-proximo-disco\/","og_site_name":"Valpara\u00ed\u00adso Creativo","article_published_time":"2024-05-13T22:08:42+00:00","article_modified_time":"2024-05-13T22:09:01+00:00","og_image":[{"width":713,"height":475,"url":"https:\/\/dev.antudigital.cl\/sites\/vc\/wp-content\/uploads\/2024\/05\/1475170181-13987588101535947867461482987796172636526067o.jpg.jpeg","type":"image\/jpeg"}],"author":"Valpara\u00edso Creativo","twitter_card":"summary_large_image","twitter_misc":{"Escrito por":"Valpara\u00edso Creativo","Tiempo de lectura":"3 minutos"},"schema":{"@context":"https:\/\/schema.org","@graph":[{"@type":"Article","@id":"https:\/\/dev.antudigital.cl\/sites\/vc\/farmacos-anuncia-fecha-en-valparaiso-en-vistas-de-presentar-su-proximo-disco\/#article","isPartOf":{"@id":"https:\/\/dev.antudigital.cl\/sites\/vc\/farmacos-anuncia-fecha-en-valparaiso-en-vistas-de-presentar-su-proximo-disco\/"},"author":{"name":"Valpara\u00edso Creativo","@id":"https:\/\/dev.antudigital.cl\/sites\/vc\/#\/schema\/person\/c2b9da8dd545e27166fc5ab232837318"},"headline":"F\u00e1rmacos anuncia fecha\u00a0en Valpara\u00edso en vistas de presentar su pr\u00f3ximo disco","datePublished":"2024-05-13T22:08:42+00:00","dateModified":"2024-05-13T22:09:01+00:00","mainEntityOfPage":{"@id":"https:\/\/dev.antudigital.cl\/sites\/vc\/farmacos-anuncia-fecha-en-valparaiso-en-vistas-de-presentar-su-proximo-disco\/"},"wordCount":453,"image":{"@id":"https:\/\/dev.antudigital.cl\/sites\/vc\/farmacos-anuncia-fecha-en-valparaiso-en-vistas-de-presentar-su-proximo-disco\/#primaryimage"},"thumbnailUrl":"https:\/\/dev.antudigital.cl\/sites\/vc\/wp-content\/uploads\/2024\/05\/1475170181-13987588101535947867461482987796172636526067o.jpg.jpeg","articleSection":["Noticia"],"inLanguage":"es"},{"@type":"WebPage","@id":"https:\/\/dev.antudigital.cl\/sites\/vc\/farmacos-anuncia-fecha-en-valparaiso-en-vistas-de-presentar-su-proximo-disco\/","url":"https:\/\/dev.antudigital.cl\/sites\/vc\/farmacos-anuncia-fecha-en-valparaiso-en-vistas-de-presentar-su-proximo-disco\/","name":"F\u00e1rmacos anuncia fecha\u00a0en Valpara\u00edso en vistas de presentar su pr\u00f3ximo disco - Valpara\u00ed\u00adso Creativo","isPartOf":{"@id":"https:\/\/dev.antudigital.cl\/sites\/vc\/#website"},"primaryImageOfPage":{"@id":"https:\/\/dev.antudigital.cl\/sites\/vc\/farmacos-anuncia-fecha-en-valparaiso-en-vistas-de-presentar-su-proximo-disco\/#primaryimage"},"image":{"@id":"https:\/\/dev.antudigital.cl\/sites\/vc\/farmacos-anuncia-fecha-en-valparaiso-en-vistas-de-presentar-su-proximo-disco\/#primaryimage"},"thumbnailUrl":"https:\/\/dev.antudigital.cl\/sites\/vc\/wp-content\/uploads\/2024\/05\/1475170181-13987588101535947867461482987796172636526067o.jpg.jpeg","datePublished":"2024-05-13T22:08:42+00:00","dateModified":"2024-05-13T22:09:01+00:00","author":{"@id":"https:\/\/dev.antudigital.cl\/sites\/vc\/#\/schema\/person\/c2b9da8dd545e27166fc5ab232837318"},"breadcrumb":{"@id":"https:\/\/dev.antudigital.cl\/sites\/vc\/farmacos-anuncia-fecha-en-valparaiso-en-vistas-de-presentar-su-proximo-disco\/#breadcrumb"},"inLanguage":"es","potentialAction":[{"@type":"ReadAction","target":["https:\/\/dev.antudigital.cl\/sites\/vc\/farmacos-anuncia-fecha-en-valparaiso-en-vistas-de-presentar-su-proximo-disco\/"]}]},{"@type":"ImageObject","inLanguage":"es","@id":"https:\/\/dev.antudigital.cl\/sites\/vc\/farmacos-anuncia-fecha-en-valparaiso-en-vistas-de-presentar-su-proximo-disco\/#primaryimage","url":"https:\/\/dev.antudigital.cl\/sites\/vc\/wp-content\/uploads\/2024\/05\/1475170181-13987588101535947867461482987796172636526067o.jpg.jpeg","contentUrl":"https:\/\/dev.antudigital.cl\/sites\/vc\/wp-content\/uploads\/2024\/05\/1475170181-13987588101535947867461482987796172636526067o.jpg.jpeg","width":713,"height":475},{"@type":"BreadcrumbList","@id":"https:\/\/dev.antudigital.cl\/sites\/vc\/farmacos-anuncia-fecha-en-valparaiso-en-vistas-de-presentar-su-proximo-disco\/#breadcrumb","itemListElement":[{"@type":"ListItem","position":1,"name":"Home","item":"https:\/\/dev.antudigital.cl\/sites\/vc\/"},{"@type":"ListItem","position":2,"name":"F\u00e1rmacos anuncia fecha\u00a0en Valpara\u00edso en vistas de presentar su pr\u00f3ximo disco"}]},{"@type":"WebSite","@id":"https:\/\/dev.antudigital.cl\/sites\/vc\/#website","url":"https:\/\/dev.antudigital.cl\/sites\/vc\/","name":"Valpara\u00ed\u00adso Creativo","description":"","potentialAction":[{"@type":"SearchAction","target":{"@type":"EntryPoint","urlTemplate":"https:\/\/dev.antudigital.cl\/sites\/vc\/?s={search_term_string}"},"query-input":{"@type":"PropertyValueSpecification","valueRequired":true,"valueName":"search_term_string"}}],"inLanguage":"es"},{"@type":"Person","@id":"https:\/\/dev.antudigital.cl\/sites\/vc\/#\/schema\/person\/c2b9da8dd545e27166fc5ab232837318","name":"Valpara\u00edso Creativo","description":"Periodista de cultura en la Regi\u00f3n de Valpara\u00edso.","url":"https:\/\/dev.antudigital.cl\/sites\/vc\/author\/valpoadmin\/"}]}},"_links":{"self":[{"href":"https:\/\/dev.antudigital.cl\/sites\/vc\/wp-json\/wp\/v2\/posts\/19126","targetHints":{"allow":["GET"]}}],"collection":[{"href":"https:\/\/dev.antudigital.cl\/sites\/vc\/wp-json\/wp\/v2\/posts"}],"about":[{"href":"https:\/\/dev.antudigital.cl\/sites\/vc\/wp-json\/wp\/v2\/types\/post"}],"author":[{"embeddable":true,"href":"https:\/\/dev.antudigital.cl\/sites\/vc\/wp-json\/wp\/v2\/users\/1"}],"replies":[{"embeddable":true,"href":"https:\/\/dev.antudigital.cl\/sites\/vc\/wp-json\/wp\/v2\/comments?post=19126"}],"version-history":[{"count":1,"href":"https:\/\/dev.antudigital.cl\/sites\/vc\/wp-json\/wp\/v2\/posts\/19126\/revisions"}],"predecessor-version":[{"id":19129,"href":"https:\/\/dev.antudigital.cl\/sites\/vc\/wp-json\/wp\/v2\/posts\/19126\/revisions\/19129"}],"wp:featuredmedia":[{"embeddable":true,"href":"https:\/\/dev.antudigital.cl\/sites\/vc\/wp-json\/wp\/v2\/media\/19127"}],"wp:attachment":[{"href":"https:\/\/dev.antudigital.cl\/sites\/vc\/wp-json\/wp\/v2\/media?parent=19126"}],"wp:term":[{"taxonomy":"category","embeddable":true,"href":"https:\/\/dev.antudigital.cl\/sites\/vc\/wp-json\/wp\/v2\/categories?post=19126"},{"taxonomy":"post_tag","embeddable":true,"href":"https:\/\/dev.antudigital.cl\/sites\/vc\/wp-json\/wp\/v2\/tags?post=19126"}],"curies":[{"name":"wp","href":"https:\/\/api.w.org\/{rel}","templated":true}]}}