{"id":19130,"date":"2024-05-14T02:43:08","date_gmt":"2024-05-14T02:43:08","guid":{"rendered":"https:\/\/www.valparaisocreativo.cl\/?p=19130"},"modified":"2024-05-14T02:43:28","modified_gmt":"2024-05-14T02:43:28","slug":"musica-con-proyeccion-internacional-newen-afrobeat","status":"publish","type":"post","link":"https:\/\/dev.antudigital.cl\/sites\/vc\/musica-con-proyeccion-internacional-newen-afrobeat\/","title":{"rendered":"M\u00fasica con proyecci\u00f3n internacional: Newen Afrobeat"},"content":{"rendered":"\n<p>Ya son 15 a\u00f1os los que Newen Afrobeat lleva en su haber. Esta banda rinde homenaje al estilo y cultura fundados por Fela Kuti en Nigeria, contrastando con letras relativas a las problem\u00e1ticas sociales y ecol\u00f3gicas del territorio Latinoamericano.&nbsp;<\/p>\n\n\n\n<p>Este a\u00f1o Newen Afrobeat lanza \u201cGrietas\u201d, un nuevo trabajo de estudio que propone una nueva apuesta que llevaron de gira por algunas ciudades de Chile &#8211; entre ellas Quilpu\u00e9 ac\u00e1 en la regi\u00f3n -, para ahora realizar una gira por Europa. Su carrera va viento en popa. \u00bfQuieres saber m\u00e1s de ellos? Conversamos con su saxofonista Klaus Brantmayer acerca de su actual momento y procesos creativos.<\/p>\n\n\n\n<p><strong>\u00bfC\u00f3mo llegan al afrobeat, en tu caso personal?<\/strong><\/p>\n\n\n\n<p>&#8211; Yo hace muchos a\u00f1os atr\u00e1s, te dir\u00eda hace unos 12, fui a tocar con unos amigos a una jam y se me acerc\u00f3 un saxofonista, que era el de la banda Newen Afrobeat, quien me dijo que necesitaban un m\u00fasico. Yo no les conoc\u00eda en ese tiempo, ni hab\u00eda tenido mucho acercamiento al afrobeat. Cuando entr\u00e9, me tom\u00f3 un tiempo familiarizarme con toda la cultura m\u00e1s all\u00e1 de la m\u00fasica, as\u00ed fue mi primer acercamiento, una casualidad.<\/p>\n\n\n\n<p><strong>\u00bfCu\u00e1l es la primera experiencia musical que recuerdas?<\/strong><\/p>\n\n\n\n<p>&#8211; Recuerdo de ni\u00f1o estar muy influenciado por lo que escuchaba mi pap\u00e1. Folclore chileno como V\u00edctor Jara, Violeta Parra, Inti Illimani y al mismo tiempo escuchaba m\u00fasica docta como Bach o Mozart. Adem\u00e1s me toc\u00f3 escuchar mucho jazz, como Miles Davis, esas fueron las primeras cosas que escuch\u00e9. Ya interesado por la m\u00fasica, me marc\u00f3 mucho el disco Ser Humano de Tiro de Gracia, Aerol\u00edneas de Makiza, Vivo de Joe Vasconcellos, esa m\u00fasica chilena que viene del funk, el rap y el soul.<\/p>\n\n\n\n<p><strong>\u00bfC\u00f3mo llegaste a ser m\u00fasico?<\/strong><\/p>\n\n\n\n<p>&#8211; Empec\u00e9 interes\u00e1ndome por los derivados de la m\u00fasica negra por as\u00ed decirlo. Recuerdo que cuando chico me juntaba con un vecino a improvisar con lo que tuvi\u00e9ramos, ve\u00edamos hartos videos, escuch\u00e1bamos muchos discos\u2026 y encontramos un video de Miles Davis de un concierto en Francia, del a\u00f1o 1989 aproximadamente, bien groove. \u00c9l tocaba con el saxofonista Kenny Garret, quien es un referente hasta hoy para m\u00ed, pues toca el saxo alto como lo hago yo. Recuerdo ver mucho ese concierto y querer aprender a tocar saxof\u00f3n. Debo haber tenido unos 15 a\u00f1os. De ah\u00ed empec\u00e9 a aprender y no lo dej\u00e9.<\/p>\n\n\n\n<p><strong>\u00bfC\u00f3mo fue la entrada a la banda y estos a\u00f1os que has estado en ella?<\/strong><\/p>\n\n\n\n<p>&#8211; Ha sido todo un viaje, ya que al principio \u00e9ramos muy j\u00f3venes. Comenz\u00f3 siendo algo muy diferente yo creo, ya que en estos a\u00f1os cambiamos de director a directora. Desde ah\u00ed supimos m\u00e1s qu\u00e9 sonoridad quer\u00edamos para el proyecto, qu\u00e9 tipo de afrobeat quer\u00edamos hacer. El 2015 nos invitaron a tocar a Nigeria, con toda la familia de Fela Kuti, quien cre\u00f3 el movimiento. Luego nos invitaron de Felabration en Laos y ah\u00ed conocimos m\u00e1s el afrobeat de ra\u00edz, en torno a eso fue que sacamos el disco Curiche que es un homenaje a un sonido m\u00e1s bien <em>roots <\/em>del afrobeat y a su vez hace referencia a las causas mapuche y a los problemas que hay en el sur de Chile, combinando el funky y los ritmos alegres con estas tem\u00e1ticas m\u00e1s profundas. Conectando m\u00e1s con el sonido que busc\u00e1bamos.&nbsp;<\/p>\n\n\n\n<p>Los dos \u00faltimos a\u00f1os trabajamos en el disco Grietas que lanzamos ahora, que es otra visi\u00f3n m\u00e1s moderna, con m\u00e1s efectos, en el que participan otras leyendas del afrobeat, generando otra sonoridad, quiz\u00e1s un poco m\u00e1s <em>high-fi <\/em>sac\u00e1ndonos un poco del formato de temas tan largos, abordando nuevas tem\u00e1ticas y perspectivas, cosas como los conflictos ecol\u00f3gicos de Chile y Latinoam\u00e9rica y temas m\u00e1s espirituales o relacionados a la m\u00fasica. Tiene adem\u00e1s colaboraciones con Lido pimienta, quien es bien representativa del sonido colombiano; Joe Vasconcellos que nos ha inspirado a todos, Chico C\u00e9sar y otros m\u00e1s.<\/p>\n\n\n\n<figure class=\"wp-block-image size-large\"><img fetchpriority=\"high\" decoding=\"async\" width=\"1024\" height=\"683\" src=\"https:\/\/www.valparaisocreativo.cl\/wp-content\/uploads\/2024\/05\/Newen-Afrobeat-x-Carlos-Poblete1-1-1024x683.jpg\" alt=\"\" class=\"wp-image-19132\" srcset=\"https:\/\/dev.antudigital.cl\/sites\/vc\/wp-content\/uploads\/2024\/05\/Newen-Afrobeat-x-Carlos-Poblete1-1-1024x683.jpg 1024w, https:\/\/dev.antudigital.cl\/sites\/vc\/wp-content\/uploads\/2024\/05\/Newen-Afrobeat-x-Carlos-Poblete1-1-300x200.jpg 300w, https:\/\/dev.antudigital.cl\/sites\/vc\/wp-content\/uploads\/2024\/05\/Newen-Afrobeat-x-Carlos-Poblete1-1-768x512.jpg 768w, https:\/\/dev.antudigital.cl\/sites\/vc\/wp-content\/uploads\/2024\/05\/Newen-Afrobeat-x-Carlos-Poblete1-1-1536x1024.jpg 1536w, https:\/\/dev.antudigital.cl\/sites\/vc\/wp-content\/uploads\/2024\/05\/Newen-Afrobeat-x-Carlos-Poblete1-1-2048x1365.jpg 2048w, https:\/\/dev.antudigital.cl\/sites\/vc\/wp-content\/uploads\/2024\/05\/Newen-Afrobeat-x-Carlos-Poblete1-1-1080x720.jpg 1080w, https:\/\/dev.antudigital.cl\/sites\/vc\/wp-content\/uploads\/2024\/05\/Newen-Afrobeat-x-Carlos-Poblete1-1-1280x854.jpg 1280w, https:\/\/dev.antudigital.cl\/sites\/vc\/wp-content\/uploads\/2024\/05\/Newen-Afrobeat-x-Carlos-Poblete1-1-980x653.jpg 980w, https:\/\/dev.antudigital.cl\/sites\/vc\/wp-content\/uploads\/2024\/05\/Newen-Afrobeat-x-Carlos-Poblete1-1-480x320.jpg 480w, https:\/\/dev.antudigital.cl\/sites\/vc\/wp-content\/uploads\/2024\/05\/Newen-Afrobeat-x-Carlos-Poblete1-1-24x16.jpg 24w, https:\/\/dev.antudigital.cl\/sites\/vc\/wp-content\/uploads\/2024\/05\/Newen-Afrobeat-x-Carlos-Poblete1-1-36x24.jpg 36w, https:\/\/dev.antudigital.cl\/sites\/vc\/wp-content\/uploads\/2024\/05\/Newen-Afrobeat-x-Carlos-Poblete1-1-48x32.jpg 48w\" sizes=\"(max-width: 1024px) 100vw, 1024px\" \/><\/figure>\n\n\n\n<p><strong>\u00bfC\u00f3mo fueron las experiencias de colaboraci\u00f3n que tuvieron para el disco Grietas?<\/strong><\/p>\n\n\n\n<p><strong>&#8211; <\/strong>Fueron s\u00faper buenas experiencias. Viajamos a Londres hace dos a\u00f1os y conocimos al pianista Dele Sosimi quien trabaj\u00f3 con Fela Kuti. Algo pas\u00f3 y conectamos, yo creo que por nuestra trayectoria y propuesta. Enganchamos y grabamos all\u00e1, lo que fue bien directo y s\u00faper bueno.\u00a0<\/p>\n\n\n\n<p>Con Joe Vasconcellos est\u00e1bamos en conversaciones hace a\u00f1os, hab\u00edamos tocado juntos y sabemos que tenemos una sonoridad parecida. A \u00e9l le sorprende lo que hacemos, hemos logrado reconocimiento internacional en el mundo del afrobeat. Joe lleg\u00f3 con una idea que nos gust\u00f3, hablamos profundamente sobre qu\u00e9 quer\u00edamos hacer y fue s\u00faper bac\u00e1n lo que sali\u00f3.<\/p>\n\n\n\n<p>Con Lido pimienta fue una colaboraci\u00f3n remota porque vive en Canad\u00e1. Trajo este sonido m\u00e1s colombiano con su canto agudo bien caracter\u00edstico que tiene ella. Fue muy agradable.<\/p>\n\n\n\n<p><strong>Cu\u00e9ntame sobre la gira que estaban realizando ac\u00e1 en Chile y lo que se viene en Europa, \u00bfc\u00f3mo ves esta internacionalizaci\u00f3n que tienen?<\/strong><\/p>\n\n\n\n<p>&#8211; Ha sido un proceso de varios a\u00f1os muy bacanes, llevamos unos 9 a\u00f1os girando internacionalmente con la banda. Hemos estado en varias partes de Estados Unidos, Brasil y principalmente Europa, donde vamos de nuevo en julio. Ha sido bac\u00e1n, ya que es una gran posibilidad y somos una gran banda, es una aventura constante. Comenz\u00f3 siendo algo muy impulsivo y autogestionado, que de a poco hemos&nbsp; profesionalizado, liderado por nuestro manager, quien nos ayuda a gestionar las fechas y lugares. Tambi\u00e9n hemos tocado en el festival m\u00e1s importante del mundo, el Festival de Jazz de Montreal, lo que nos da un ritmo notable, ya que somos de las pocas bandas chilenas que en verdad tienen un circuito internacional.&nbsp;<\/p>\n\n\n\n<p>En Europa el afrobeat es muy conocido, lo que repercute en nosotros y en el p\u00fablico que generamos. Ac\u00e1 somos m\u00e1s underground la verdad, lo que hacemos es una apuesta orquestal que no es tan pr\u00e1ctico a veces en cuanto a la t\u00e9cnica. Estar rompiendo un poco con el paradigma actual es como una apuesta especial para estos tiempos. Andar de gira nos da experiencia t\u00e9cnica y nos ayuda a afinar un show profesional, un espect\u00e1culo, no solo un concierto. Ha sido un plan a largo plazo, de hecho tocamos m\u00e1s afuera que en Chile por asuntos pr\u00e1cticos y diversas razones, lo que es bien curioso y genial a la vez.<\/p>\n\n\n\n<p><strong>Antes de Europa giraron por Chile, lo que los trajo a Trotamundos Terraza en Quilpu\u00e9. \u00bfC\u00f3mo estuvo eso?<\/strong><\/p>\n\n\n\n<p>&#8211; Estuvo bueno, siempre es bueno ir al <em>Trota, <\/em>es un gran local. Siempre hay gente en la Regi\u00f3n que nos quiere ver, por lo que decidimos lanzar Grietas ah\u00ed. Estuvo muy bueno, con gran energ\u00eda y un show s\u00f3lido, con p\u00fablico que es fiel y acompa\u00f1a la presentaci\u00f3n. Estuvo bien bonito.<\/p>\n\n\n\n<p><strong>\u00bfQu\u00e9 buscan transmitir con su m\u00fasica y su sonoridad e identidad?<\/strong><\/p>\n\n\n\n<p>&#8211; El afrobeat de por s\u00ed es m\u00fasica contestataria, naci\u00f3 originalmente en la revoluci\u00f3n de Nigeria y siento que tenemos mucho que ver con eso. Latinoam\u00e9rica y \u00c1frica tienen mucho en com\u00fan: continentes colonizados, explotados, incluso en la actualidad. Con mucha extracci\u00f3n de recursos naturales y sin beneficios sociales de estas tranzas, con mucha corrupci\u00f3n, por lo que siento que hay muchas tem\u00e1ticas que se cruzan.&nbsp;<\/p>\n\n\n\n<p>Siento que nuestra m\u00fasica tiene dos cosas que se complementan: primero hablamos de cosas que son importantes para nosotros como los conflictos sociales y ecol\u00f3gicos, econ\u00f3micos, que son del territorio. Al mismo tiempo el afrobeat tiene esencia funky y groove, que tienen una energ\u00eda alegre y entusiasta. Es un contraste. La alegr\u00eda e \u00edmpetu est\u00e1n junto a las letras que abordan estas cr\u00edticas sociales y creo que eso es s\u00faper caracter\u00edstico.<\/p>\n","protected":false},"excerpt":{"rendered":"<p>Ya son 15 a\u00f1os los que Newen Afrobeat lleva en su haber. Esta banda rinde homenaje al estilo y cultura fundados por Fela Kuti en Nigeria, contrastando con letras relativas a las problem\u00e1ticas sociales y ecol\u00f3gicas del territorio Latinoamericano.&nbsp; Este a\u00f1o Newen Afrobeat lanza \u201cGrietas\u201d, un nuevo trabajo de estudio que propone una nueva apuesta [&hellip;]<\/p>\n","protected":false},"author":1,"featured_media":19131,"comment_status":"closed","ping_status":"closed","sticky":false,"template":"","format":"standard","meta":{"_acf_changed":false,"footnotes":""},"categories":[218],"tags":[],"class_list":["post-19130","post","type-post","status-publish","format-standard","has-post-thumbnail","hentry","category-blog"],"acf":[],"yoast_head":"<!-- This site is optimized with the Yoast SEO plugin v27.1.1 - https:\/\/yoast.com\/product\/yoast-seo-wordpress\/ -->\n<title>M\u00fasica con proyecci\u00f3n internacional: Newen Afrobeat - Valpara\u00ed\u00adso Creativo<\/title>\n<meta name=\"robots\" content=\"index, follow, max-snippet:-1, max-image-preview:large, max-video-preview:-1\" \/>\n<link rel=\"canonical\" href=\"https:\/\/dev.antudigital.cl\/sites\/vc\/musica-con-proyeccion-internacional-newen-afrobeat\/\" \/>\n<meta property=\"og:locale\" content=\"es_ES\" \/>\n<meta property=\"og:type\" content=\"article\" \/>\n<meta property=\"og:title\" content=\"M\u00fasica con proyecci\u00f3n internacional: Newen Afrobeat - Valpara\u00ed\u00adso Creativo\" \/>\n<meta property=\"og:description\" content=\"Ya son 15 a\u00f1os los que Newen Afrobeat lleva en su haber. Esta banda rinde homenaje al estilo y cultura fundados por Fela Kuti en Nigeria, contrastando con letras relativas a las problem\u00e1ticas sociales y ecol\u00f3gicas del territorio Latinoamericano.&nbsp; Este a\u00f1o Newen Afrobeat lanza \u201cGrietas\u201d, un nuevo trabajo de estudio que propone una nueva apuesta [&hellip;]\" \/>\n<meta property=\"og:url\" content=\"https:\/\/dev.antudigital.cl\/sites\/vc\/musica-con-proyeccion-internacional-newen-afrobeat\/\" \/>\n<meta property=\"og:site_name\" content=\"Valpara\u00ed\u00adso Creativo\" \/>\n<meta property=\"article:published_time\" content=\"2024-05-14T02:43:08+00:00\" \/>\n<meta property=\"article:modified_time\" content=\"2024-05-14T02:43:28+00:00\" \/>\n<meta property=\"og:image\" content=\"https:\/\/dev.antudigital.cl\/sites\/vc\/wp-content\/uploads\/2024\/05\/Newen-Afrobeat-x-Camila-Espinola-1024x683.jpg\" \/>\n\t<meta property=\"og:image:width\" content=\"1024\" \/>\n\t<meta property=\"og:image:height\" content=\"683\" \/>\n\t<meta property=\"og:image:type\" content=\"image\/jpeg\" \/>\n<meta name=\"author\" content=\"Valpara\u00edso Creativo\" \/>\n<meta name=\"twitter:card\" content=\"summary_large_image\" \/>\n<meta name=\"twitter:label1\" content=\"Escrito por\" \/>\n\t<meta name=\"twitter:data1\" content=\"Valpara\u00edso Creativo\" \/>\n\t<meta name=\"twitter:label2\" content=\"Tiempo de lectura\" \/>\n\t<meta name=\"twitter:data2\" content=\"7 minutos\" \/>\n<script type=\"application\/ld+json\" class=\"yoast-schema-graph\">{\"@context\":\"https:\/\/schema.org\",\"@graph\":[{\"@type\":\"Article\",\"@id\":\"https:\/\/dev.antudigital.cl\/sites\/vc\/musica-con-proyeccion-internacional-newen-afrobeat\/#article\",\"isPartOf\":{\"@id\":\"https:\/\/dev.antudigital.cl\/sites\/vc\/musica-con-proyeccion-internacional-newen-afrobeat\/\"},\"author\":{\"name\":\"Valpara\u00edso Creativo\",\"@id\":\"https:\/\/dev.antudigital.cl\/sites\/vc\/#\/schema\/person\/c2b9da8dd545e27166fc5ab232837318\"},\"headline\":\"M\u00fasica con proyecci\u00f3n internacional: Newen Afrobeat\",\"datePublished\":\"2024-05-14T02:43:08+00:00\",\"dateModified\":\"2024-05-14T02:43:28+00:00\",\"mainEntityOfPage\":{\"@id\":\"https:\/\/dev.antudigital.cl\/sites\/vc\/musica-con-proyeccion-internacional-newen-afrobeat\/\"},\"wordCount\":1377,\"image\":{\"@id\":\"https:\/\/dev.antudigital.cl\/sites\/vc\/musica-con-proyeccion-internacional-newen-afrobeat\/#primaryimage\"},\"thumbnailUrl\":\"https:\/\/dev.antudigital.cl\/sites\/vc\/wp-content\/uploads\/2024\/05\/Newen-Afrobeat-x-Camila-Espinola.jpg\",\"articleSection\":[\"Blog\"],\"inLanguage\":\"es\"},{\"@type\":\"WebPage\",\"@id\":\"https:\/\/dev.antudigital.cl\/sites\/vc\/musica-con-proyeccion-internacional-newen-afrobeat\/\",\"url\":\"https:\/\/dev.antudigital.cl\/sites\/vc\/musica-con-proyeccion-internacional-newen-afrobeat\/\",\"name\":\"M\u00fasica con proyecci\u00f3n internacional: Newen Afrobeat - Valpara\u00ed\u00adso Creativo\",\"isPartOf\":{\"@id\":\"https:\/\/dev.antudigital.cl\/sites\/vc\/#website\"},\"primaryImageOfPage\":{\"@id\":\"https:\/\/dev.antudigital.cl\/sites\/vc\/musica-con-proyeccion-internacional-newen-afrobeat\/#primaryimage\"},\"image\":{\"@id\":\"https:\/\/dev.antudigital.cl\/sites\/vc\/musica-con-proyeccion-internacional-newen-afrobeat\/#primaryimage\"},\"thumbnailUrl\":\"https:\/\/dev.antudigital.cl\/sites\/vc\/wp-content\/uploads\/2024\/05\/Newen-Afrobeat-x-Camila-Espinola.jpg\",\"datePublished\":\"2024-05-14T02:43:08+00:00\",\"dateModified\":\"2024-05-14T02:43:28+00:00\",\"author\":{\"@id\":\"https:\/\/dev.antudigital.cl\/sites\/vc\/#\/schema\/person\/c2b9da8dd545e27166fc5ab232837318\"},\"breadcrumb\":{\"@id\":\"https:\/\/dev.antudigital.cl\/sites\/vc\/musica-con-proyeccion-internacional-newen-afrobeat\/#breadcrumb\"},\"inLanguage\":\"es\",\"potentialAction\":[{\"@type\":\"ReadAction\",\"target\":[\"https:\/\/dev.antudigital.cl\/sites\/vc\/musica-con-proyeccion-internacional-newen-afrobeat\/\"]}]},{\"@type\":\"ImageObject\",\"inLanguage\":\"es\",\"@id\":\"https:\/\/dev.antudigital.cl\/sites\/vc\/musica-con-proyeccion-internacional-newen-afrobeat\/#primaryimage\",\"url\":\"https:\/\/dev.antudigital.cl\/sites\/vc\/wp-content\/uploads\/2024\/05\/Newen-Afrobeat-x-Camila-Espinola.jpg\",\"contentUrl\":\"https:\/\/dev.antudigital.cl\/sites\/vc\/wp-content\/uploads\/2024\/05\/Newen-Afrobeat-x-Camila-Espinola.jpg\",\"width\":2400,\"height\":1600},{\"@type\":\"BreadcrumbList\",\"@id\":\"https:\/\/dev.antudigital.cl\/sites\/vc\/musica-con-proyeccion-internacional-newen-afrobeat\/#breadcrumb\",\"itemListElement\":[{\"@type\":\"ListItem\",\"position\":1,\"name\":\"Home\",\"item\":\"https:\/\/dev.antudigital.cl\/sites\/vc\/\"},{\"@type\":\"ListItem\",\"position\":2,\"name\":\"M\u00fasica con proyecci\u00f3n internacional: Newen Afrobeat\"}]},{\"@type\":\"WebSite\",\"@id\":\"https:\/\/dev.antudigital.cl\/sites\/vc\/#website\",\"url\":\"https:\/\/dev.antudigital.cl\/sites\/vc\/\",\"name\":\"Valpara\u00ed\u00adso Creativo\",\"description\":\"\",\"potentialAction\":[{\"@type\":\"SearchAction\",\"target\":{\"@type\":\"EntryPoint\",\"urlTemplate\":\"https:\/\/dev.antudigital.cl\/sites\/vc\/?s={search_term_string}\"},\"query-input\":{\"@type\":\"PropertyValueSpecification\",\"valueRequired\":true,\"valueName\":\"search_term_string\"}}],\"inLanguage\":\"es\"},{\"@type\":\"Person\",\"@id\":\"https:\/\/dev.antudigital.cl\/sites\/vc\/#\/schema\/person\/c2b9da8dd545e27166fc5ab232837318\",\"name\":\"Valpara\u00edso Creativo\",\"description\":\"Periodista de cultura en la Regi\u00f3n de Valpara\u00edso.\",\"url\":\"https:\/\/dev.antudigital.cl\/sites\/vc\/author\/valpoadmin\/\"}]}<\/script>\n<!-- \/ Yoast SEO plugin. -->","yoast_head_json":{"title":"M\u00fasica con proyecci\u00f3n internacional: Newen Afrobeat - Valpara\u00ed\u00adso Creativo","robots":{"index":"index","follow":"follow","max-snippet":"max-snippet:-1","max-image-preview":"max-image-preview:large","max-video-preview":"max-video-preview:-1"},"canonical":"https:\/\/dev.antudigital.cl\/sites\/vc\/musica-con-proyeccion-internacional-newen-afrobeat\/","og_locale":"es_ES","og_type":"article","og_title":"M\u00fasica con proyecci\u00f3n internacional: Newen Afrobeat - Valpara\u00ed\u00adso Creativo","og_description":"Ya son 15 a\u00f1os los que Newen Afrobeat lleva en su haber. Esta banda rinde homenaje al estilo y cultura fundados por Fela Kuti en Nigeria, contrastando con letras relativas a las problem\u00e1ticas sociales y ecol\u00f3gicas del territorio Latinoamericano.&nbsp; Este a\u00f1o Newen Afrobeat lanza \u201cGrietas\u201d, un nuevo trabajo de estudio que propone una nueva apuesta [&hellip;]","og_url":"https:\/\/dev.antudigital.cl\/sites\/vc\/musica-con-proyeccion-internacional-newen-afrobeat\/","og_site_name":"Valpara\u00ed\u00adso Creativo","article_published_time":"2024-05-14T02:43:08+00:00","article_modified_time":"2024-05-14T02:43:28+00:00","og_image":[{"width":1024,"height":683,"url":"https:\/\/dev.antudigital.cl\/sites\/vc\/wp-content\/uploads\/2024\/05\/Newen-Afrobeat-x-Camila-Espinola-1024x683.jpg","type":"image\/jpeg"}],"author":"Valpara\u00edso Creativo","twitter_card":"summary_large_image","twitter_misc":{"Escrito por":"Valpara\u00edso Creativo","Tiempo de lectura":"7 minutos"},"schema":{"@context":"https:\/\/schema.org","@graph":[{"@type":"Article","@id":"https:\/\/dev.antudigital.cl\/sites\/vc\/musica-con-proyeccion-internacional-newen-afrobeat\/#article","isPartOf":{"@id":"https:\/\/dev.antudigital.cl\/sites\/vc\/musica-con-proyeccion-internacional-newen-afrobeat\/"},"author":{"name":"Valpara\u00edso Creativo","@id":"https:\/\/dev.antudigital.cl\/sites\/vc\/#\/schema\/person\/c2b9da8dd545e27166fc5ab232837318"},"headline":"M\u00fasica con proyecci\u00f3n internacional: Newen Afrobeat","datePublished":"2024-05-14T02:43:08+00:00","dateModified":"2024-05-14T02:43:28+00:00","mainEntityOfPage":{"@id":"https:\/\/dev.antudigital.cl\/sites\/vc\/musica-con-proyeccion-internacional-newen-afrobeat\/"},"wordCount":1377,"image":{"@id":"https:\/\/dev.antudigital.cl\/sites\/vc\/musica-con-proyeccion-internacional-newen-afrobeat\/#primaryimage"},"thumbnailUrl":"https:\/\/dev.antudigital.cl\/sites\/vc\/wp-content\/uploads\/2024\/05\/Newen-Afrobeat-x-Camila-Espinola.jpg","articleSection":["Blog"],"inLanguage":"es"},{"@type":"WebPage","@id":"https:\/\/dev.antudigital.cl\/sites\/vc\/musica-con-proyeccion-internacional-newen-afrobeat\/","url":"https:\/\/dev.antudigital.cl\/sites\/vc\/musica-con-proyeccion-internacional-newen-afrobeat\/","name":"M\u00fasica con proyecci\u00f3n internacional: Newen Afrobeat - Valpara\u00ed\u00adso Creativo","isPartOf":{"@id":"https:\/\/dev.antudigital.cl\/sites\/vc\/#website"},"primaryImageOfPage":{"@id":"https:\/\/dev.antudigital.cl\/sites\/vc\/musica-con-proyeccion-internacional-newen-afrobeat\/#primaryimage"},"image":{"@id":"https:\/\/dev.antudigital.cl\/sites\/vc\/musica-con-proyeccion-internacional-newen-afrobeat\/#primaryimage"},"thumbnailUrl":"https:\/\/dev.antudigital.cl\/sites\/vc\/wp-content\/uploads\/2024\/05\/Newen-Afrobeat-x-Camila-Espinola.jpg","datePublished":"2024-05-14T02:43:08+00:00","dateModified":"2024-05-14T02:43:28+00:00","author":{"@id":"https:\/\/dev.antudigital.cl\/sites\/vc\/#\/schema\/person\/c2b9da8dd545e27166fc5ab232837318"},"breadcrumb":{"@id":"https:\/\/dev.antudigital.cl\/sites\/vc\/musica-con-proyeccion-internacional-newen-afrobeat\/#breadcrumb"},"inLanguage":"es","potentialAction":[{"@type":"ReadAction","target":["https:\/\/dev.antudigital.cl\/sites\/vc\/musica-con-proyeccion-internacional-newen-afrobeat\/"]}]},{"@type":"ImageObject","inLanguage":"es","@id":"https:\/\/dev.antudigital.cl\/sites\/vc\/musica-con-proyeccion-internacional-newen-afrobeat\/#primaryimage","url":"https:\/\/dev.antudigital.cl\/sites\/vc\/wp-content\/uploads\/2024\/05\/Newen-Afrobeat-x-Camila-Espinola.jpg","contentUrl":"https:\/\/dev.antudigital.cl\/sites\/vc\/wp-content\/uploads\/2024\/05\/Newen-Afrobeat-x-Camila-Espinola.jpg","width":2400,"height":1600},{"@type":"BreadcrumbList","@id":"https:\/\/dev.antudigital.cl\/sites\/vc\/musica-con-proyeccion-internacional-newen-afrobeat\/#breadcrumb","itemListElement":[{"@type":"ListItem","position":1,"name":"Home","item":"https:\/\/dev.antudigital.cl\/sites\/vc\/"},{"@type":"ListItem","position":2,"name":"M\u00fasica con proyecci\u00f3n internacional: Newen Afrobeat"}]},{"@type":"WebSite","@id":"https:\/\/dev.antudigital.cl\/sites\/vc\/#website","url":"https:\/\/dev.antudigital.cl\/sites\/vc\/","name":"Valpara\u00ed\u00adso Creativo","description":"","potentialAction":[{"@type":"SearchAction","target":{"@type":"EntryPoint","urlTemplate":"https:\/\/dev.antudigital.cl\/sites\/vc\/?s={search_term_string}"},"query-input":{"@type":"PropertyValueSpecification","valueRequired":true,"valueName":"search_term_string"}}],"inLanguage":"es"},{"@type":"Person","@id":"https:\/\/dev.antudigital.cl\/sites\/vc\/#\/schema\/person\/c2b9da8dd545e27166fc5ab232837318","name":"Valpara\u00edso Creativo","description":"Periodista de cultura en la Regi\u00f3n de Valpara\u00edso.","url":"https:\/\/dev.antudigital.cl\/sites\/vc\/author\/valpoadmin\/"}]}},"_links":{"self":[{"href":"https:\/\/dev.antudigital.cl\/sites\/vc\/wp-json\/wp\/v2\/posts\/19130","targetHints":{"allow":["GET"]}}],"collection":[{"href":"https:\/\/dev.antudigital.cl\/sites\/vc\/wp-json\/wp\/v2\/posts"}],"about":[{"href":"https:\/\/dev.antudigital.cl\/sites\/vc\/wp-json\/wp\/v2\/types\/post"}],"author":[{"embeddable":true,"href":"https:\/\/dev.antudigital.cl\/sites\/vc\/wp-json\/wp\/v2\/users\/1"}],"replies":[{"embeddable":true,"href":"https:\/\/dev.antudigital.cl\/sites\/vc\/wp-json\/wp\/v2\/comments?post=19130"}],"version-history":[{"count":1,"href":"https:\/\/dev.antudigital.cl\/sites\/vc\/wp-json\/wp\/v2\/posts\/19130\/revisions"}],"predecessor-version":[{"id":19133,"href":"https:\/\/dev.antudigital.cl\/sites\/vc\/wp-json\/wp\/v2\/posts\/19130\/revisions\/19133"}],"wp:featuredmedia":[{"embeddable":true,"href":"https:\/\/dev.antudigital.cl\/sites\/vc\/wp-json\/wp\/v2\/media\/19131"}],"wp:attachment":[{"href":"https:\/\/dev.antudigital.cl\/sites\/vc\/wp-json\/wp\/v2\/media?parent=19130"}],"wp:term":[{"taxonomy":"category","embeddable":true,"href":"https:\/\/dev.antudigital.cl\/sites\/vc\/wp-json\/wp\/v2\/categories?post=19130"},{"taxonomy":"post_tag","embeddable":true,"href":"https:\/\/dev.antudigital.cl\/sites\/vc\/wp-json\/wp\/v2\/tags?post=19130"}],"curies":[{"name":"wp","href":"https:\/\/api.w.org\/{rel}","templated":true}]}}