{"id":19134,"date":"2024-05-14T03:22:33","date_gmt":"2024-05-14T03:22:33","guid":{"rendered":"https:\/\/www.valparaisocreativo.cl\/?p=19134"},"modified":"2024-05-14T03:22:51","modified_gmt":"2024-05-14T03:22:51","slug":"i-p-arcos-y-valparaiso-creativo-evaluan-de-manera-positiva-micsur-2024","status":"publish","type":"post","link":"https:\/\/dev.antudigital.cl\/sites\/vc\/i-p-arcos-y-valparaiso-creativo-evaluan-de-manera-positiva-micsur-2024\/","title":{"rendered":"I.P. ARCOS Y VALPARA\u00cdSO CREATIVO EVAL\u00daAN DE MANERA POSITIVA MICSUR 2024 \u00a0"},"content":{"rendered":"\n<p><strong>Hace casi 15 d\u00edas cerr\u00f3 la nueva versi\u00f3n del&nbsp;Mercado de Industrias Culturales del Sur, MICSUR,&nbsp;que esta vez se realiz\u00f3 en Chile, en Santiago, principalmente, y con una actividad en Valpara\u00edso.<\/strong><\/p>\n\n\n\n<p>El balance regional es altamente positivo del encuentro que&nbsp;<a href=\"https:\/\/www.arcos.cl\/presidente-boric-inaugura-micsur-chile-2024-donde-arcos-es-colaborador\/\" target=\"_blank\" rel=\"noreferrer noopener\">inaugur\u00f3 el presidente de la Rep\u00fablica Gabriel Boric<\/a>&nbsp;y con alta participaci\u00f3n de Carolina Arredondo, ministra de las Culturas, el Arte y el Patrimonio.<\/p>\n\n\n\n<p>Al finalizar MICSUR, varios de los protagonistas internacionales viajaron a la ciudad puerto invitados por Valpara\u00edso Creativo y ARCOS, entreg\u00e1ndoles un recorrido por la ciudad en hitos culturales y gastron\u00f3micos, como el circuito de la red de galer\u00edas VAC Valpara\u00edso, caf\u00e9 Casa Plan, Bah\u00eda Ut\u00f3pica, C\u00e1mara L\u00facida y Judas, adem\u00e1s de la terraza Verso y el propio Campus Valpara\u00edso del Instituto, donde se disfrut\u00f3 de m\u00fasica en vivo a cargo de\u00a0<strong>Mora Lucay<\/strong> y <strong>Zencilla.<\/strong><\/p>\n\n\n\n<figure class=\"wp-block-image size-large\"><img fetchpriority=\"high\" decoding=\"async\" width=\"1024\" height=\"683\" src=\"https:\/\/www.valparaisocreativo.cl\/wp-content\/uploads\/2024\/05\/MICSUR2024-EN-VALPO-_Foto-NathalyArancibia_28-1024x683.jpg\" alt=\"\" class=\"wp-image-19137\" srcset=\"https:\/\/dev.antudigital.cl\/sites\/vc\/wp-content\/uploads\/2024\/05\/MICSUR2024-EN-VALPO-_Foto-NathalyArancibia_28-1024x683.jpg 1024w, https:\/\/dev.antudigital.cl\/sites\/vc\/wp-content\/uploads\/2024\/05\/MICSUR2024-EN-VALPO-_Foto-NathalyArancibia_28-300x200.jpg 300w, https:\/\/dev.antudigital.cl\/sites\/vc\/wp-content\/uploads\/2024\/05\/MICSUR2024-EN-VALPO-_Foto-NathalyArancibia_28-768x512.jpg 768w, https:\/\/dev.antudigital.cl\/sites\/vc\/wp-content\/uploads\/2024\/05\/MICSUR2024-EN-VALPO-_Foto-NathalyArancibia_28-1536x1024.jpg 1536w, https:\/\/dev.antudigital.cl\/sites\/vc\/wp-content\/uploads\/2024\/05\/MICSUR2024-EN-VALPO-_Foto-NathalyArancibia_28-1080x720.jpg 1080w, https:\/\/dev.antudigital.cl\/sites\/vc\/wp-content\/uploads\/2024\/05\/MICSUR2024-EN-VALPO-_Foto-NathalyArancibia_28-1280x853.jpg 1280w, https:\/\/dev.antudigital.cl\/sites\/vc\/wp-content\/uploads\/2024\/05\/MICSUR2024-EN-VALPO-_Foto-NathalyArancibia_28-980x653.jpg 980w, https:\/\/dev.antudigital.cl\/sites\/vc\/wp-content\/uploads\/2024\/05\/MICSUR2024-EN-VALPO-_Foto-NathalyArancibia_28-480x320.jpg 480w, https:\/\/dev.antudigital.cl\/sites\/vc\/wp-content\/uploads\/2024\/05\/MICSUR2024-EN-VALPO-_Foto-NathalyArancibia_28-24x16.jpg 24w, https:\/\/dev.antudigital.cl\/sites\/vc\/wp-content\/uploads\/2024\/05\/MICSUR2024-EN-VALPO-_Foto-NathalyArancibia_28-36x24.jpg 36w, https:\/\/dev.antudigital.cl\/sites\/vc\/wp-content\/uploads\/2024\/05\/MICSUR2024-EN-VALPO-_Foto-NathalyArancibia_28-48x32.jpg 48w, https:\/\/dev.antudigital.cl\/sites\/vc\/wp-content\/uploads\/2024\/05\/MICSUR2024-EN-VALPO-_Foto-NathalyArancibia_28.jpg 1920w\" sizes=\"(max-width: 1024px) 100vw, 1024px\" \/><\/figure>\n\n\n\n<p>Al pasar los d\u00edas, llega el an\u00e1lisis posterior y las proyecciones.<\/p>\n\n\n\n<p>Para&nbsp;<strong>Tom\u00e1s Albagly, director regional de I.P. ARCOS<\/strong>, por ejemplo, coment\u00f3 que siempre estuvieron atentos \u201ccomo Valpara\u00edso, territorio creativo por excelencia, para sumarnos y aportar a la descentralizaci\u00f3n de las econom\u00edas creativas\u201d.<\/p>\n\n\n\n<p>Mientras que, en palabras de\u00a0<strong>Mauricio Cifuentes,\u00a0Gerente del Programa Estrat\u00e9gico Regional<\/strong>\u00a0<em><strong>Valpara\u00edso Creativo<\/strong><\/em>, \u00abla activaci\u00f3n regional de MICSUR, en conjunto con ARCOS y en coordinaci\u00f3n con la unidad de Econom\u00edas Creativas del Ministerio de las Culturas, las Artes y el Patrimonio, fue un acierto desde el punto de vista del trabajo colaborativo y la atracci\u00f3n de actor\u00edas internacionales a la regi\u00f3n de Valpara\u00edso. Por lo general, las actividades de esta escala se desarrollan en la capital, por m\u00faltiples factores, por lo que la oportunidad de haber contado con\u00a0<a href=\"https:\/\/www.arcos.cl\/i-p-arcos-y-valparaiso-creativo-reciben-a-comitiva-micsur-2024-en-la-ciudad-puerto\/\" target=\"_blank\" rel=\"noreferrer noopener\">27 invitados internacionales y conectarlos con el ecosistema local<\/a>\u00a0fue un gran \u00e9xito para el territorio. Nos gustar\u00eda que este tipo de instancias se sigan repitiendo este 2024 y agradecemos la confianza que deposit\u00f3 el Ministerio en nosotros\u00bb.<\/p>\n\n\n\n<figure class=\"wp-block-image size-large\"><img decoding=\"async\" width=\"1024\" height=\"683\" src=\"https:\/\/www.valparaisocreativo.cl\/wp-content\/uploads\/2024\/05\/MICSUR2024-EN-VALPO-_Foto-NathalyArancibia_12-1024x683.jpg\" alt=\"\" class=\"wp-image-19135\" srcset=\"https:\/\/dev.antudigital.cl\/sites\/vc\/wp-content\/uploads\/2024\/05\/MICSUR2024-EN-VALPO-_Foto-NathalyArancibia_12-1024x683.jpg 1024w, https:\/\/dev.antudigital.cl\/sites\/vc\/wp-content\/uploads\/2024\/05\/MICSUR2024-EN-VALPO-_Foto-NathalyArancibia_12-300x200.jpg 300w, https:\/\/dev.antudigital.cl\/sites\/vc\/wp-content\/uploads\/2024\/05\/MICSUR2024-EN-VALPO-_Foto-NathalyArancibia_12-768x512.jpg 768w, https:\/\/dev.antudigital.cl\/sites\/vc\/wp-content\/uploads\/2024\/05\/MICSUR2024-EN-VALPO-_Foto-NathalyArancibia_12-1536x1024.jpg 1536w, https:\/\/dev.antudigital.cl\/sites\/vc\/wp-content\/uploads\/2024\/05\/MICSUR2024-EN-VALPO-_Foto-NathalyArancibia_12-1080x720.jpg 1080w, https:\/\/dev.antudigital.cl\/sites\/vc\/wp-content\/uploads\/2024\/05\/MICSUR2024-EN-VALPO-_Foto-NathalyArancibia_12-1280x853.jpg 1280w, https:\/\/dev.antudigital.cl\/sites\/vc\/wp-content\/uploads\/2024\/05\/MICSUR2024-EN-VALPO-_Foto-NathalyArancibia_12-980x653.jpg 980w, https:\/\/dev.antudigital.cl\/sites\/vc\/wp-content\/uploads\/2024\/05\/MICSUR2024-EN-VALPO-_Foto-NathalyArancibia_12-480x320.jpg 480w, https:\/\/dev.antudigital.cl\/sites\/vc\/wp-content\/uploads\/2024\/05\/MICSUR2024-EN-VALPO-_Foto-NathalyArancibia_12-24x16.jpg 24w, https:\/\/dev.antudigital.cl\/sites\/vc\/wp-content\/uploads\/2024\/05\/MICSUR2024-EN-VALPO-_Foto-NathalyArancibia_12-36x24.jpg 36w, https:\/\/dev.antudigital.cl\/sites\/vc\/wp-content\/uploads\/2024\/05\/MICSUR2024-EN-VALPO-_Foto-NathalyArancibia_12-48x32.jpg 48w, https:\/\/dev.antudigital.cl\/sites\/vc\/wp-content\/uploads\/2024\/05\/MICSUR2024-EN-VALPO-_Foto-NathalyArancibia_12.jpg 1920w\" sizes=\"(max-width: 1024px) 100vw, 1024px\" \/><\/figure>\n\n\n\n<p>\u201cMICSUR en general es un gran desaf\u00edo pa\u00eds que se llev\u00f3 muy bien y que dej\u00f3 grandes conversaciones y contactos en la industria y lo mejor fue que desde ac\u00e1, de la regi\u00f3n, tambi\u00e9n pudimos compartir visiones y generar redes y alianzas. Por ello, y en mis roles como representante de I.P. ARCOS&nbsp;y como presidente del Comit\u00e9 Ejecutivo del PER CORFO Valpara\u00edso Creativo,&nbsp;me siento muy orgulloso del esfuerzo realizado y el compromiso del Programa Valpara\u00edso Creativo y el Instituto, mostrando la bella ciudad de Valpara\u00edso, su patrimonio cultural, sus cerros y ascensores hist\u00f3ricos y, por supuesto, su comunidad art\u00edstica\u201d, cerr\u00f3 sus reflexiones Tom\u00e1s Albagly.<\/p>\n\n\n\n<p>Sin duda, una fiesta de la industria y econom\u00eda creativa latina en Chile, durante 3 d\u00edas y con Valpara\u00edso recibiendo a una comitiva internacional que disfrut\u00f3 de sus bellezas creativas y patrimoniales, lo que abri\u00f3 nuevas opciones para la colaboraci\u00f3n y el intercambio art\u00edstico a nivel continental.\u00a0<\/p>\n\n\n\n<figure class=\"wp-block-image size-large\"><img decoding=\"async\" width=\"1024\" height=\"576\" src=\"https:\/\/www.valparaisocreativo.cl\/wp-content\/uploads\/2024\/05\/Valparaiso-2-1024x576.jpg\" alt=\"\" class=\"wp-image-19142\" srcset=\"https:\/\/dev.antudigital.cl\/sites\/vc\/wp-content\/uploads\/2024\/05\/Valparaiso-2-1024x576.jpg 1024w, https:\/\/dev.antudigital.cl\/sites\/vc\/wp-content\/uploads\/2024\/05\/Valparaiso-2-300x169.jpg 300w, https:\/\/dev.antudigital.cl\/sites\/vc\/wp-content\/uploads\/2024\/05\/Valparaiso-2-768x432.jpg 768w, https:\/\/dev.antudigital.cl\/sites\/vc\/wp-content\/uploads\/2024\/05\/Valparaiso-2-1536x864.jpg 1536w, https:\/\/dev.antudigital.cl\/sites\/vc\/wp-content\/uploads\/2024\/05\/Valparaiso-2-1080x608.jpg 1080w, https:\/\/dev.antudigital.cl\/sites\/vc\/wp-content\/uploads\/2024\/05\/Valparaiso-2-1280x720.jpg 1280w, https:\/\/dev.antudigital.cl\/sites\/vc\/wp-content\/uploads\/2024\/05\/Valparaiso-2-980x551.jpg 980w, https:\/\/dev.antudigital.cl\/sites\/vc\/wp-content\/uploads\/2024\/05\/Valparaiso-2-480x270.jpg 480w, https:\/\/dev.antudigital.cl\/sites\/vc\/wp-content\/uploads\/2024\/05\/Valparaiso-2-24x14.jpg 24w, https:\/\/dev.antudigital.cl\/sites\/vc\/wp-content\/uploads\/2024\/05\/Valparaiso-2-36x20.jpg 36w, https:\/\/dev.antudigital.cl\/sites\/vc\/wp-content\/uploads\/2024\/05\/Valparaiso-2-48x27.jpg 48w, https:\/\/dev.antudigital.cl\/sites\/vc\/wp-content\/uploads\/2024\/05\/Valparaiso-2.jpg 1920w\" sizes=\"(max-width: 1024px) 100vw, 1024px\" \/><\/figure>\n","protected":false},"excerpt":{"rendered":"<p>Hace casi 15 d\u00edas cerr\u00f3 la nueva versi\u00f3n del&nbsp;Mercado de Industrias Culturales del Sur, MICSUR,&nbsp;que esta vez se realiz\u00f3 en Chile, en Santiago, principalmente, y con una actividad en Valpara\u00edso. El balance regional es altamente positivo del encuentro que&nbsp;inaugur\u00f3 el presidente de la Rep\u00fablica Gabriel Boric&nbsp;y con alta participaci\u00f3n de Carolina Arredondo, ministra de las [&hellip;]<\/p>\n","protected":false},"author":1,"featured_media":19140,"comment_status":"closed","ping_status":"closed","sticky":false,"template":"","format":"standard","meta":{"_acf_changed":false,"footnotes":""},"categories":[218],"tags":[],"class_list":["post-19134","post","type-post","status-publish","format-standard","has-post-thumbnail","hentry","category-blog"],"acf":[],"yoast_head":"<!-- This site is optimized with the Yoast SEO plugin v27.1.1 - https:\/\/yoast.com\/product\/yoast-seo-wordpress\/ -->\n<title>I.P. ARCOS Y VALPARA\u00cdSO CREATIVO EVAL\u00daAN DE MANERA POSITIVA MICSUR 2024 \u00a0 - Valpara\u00ed\u00adso Creativo<\/title>\n<meta name=\"robots\" content=\"index, follow, max-snippet:-1, max-image-preview:large, max-video-preview:-1\" \/>\n<link rel=\"canonical\" href=\"https:\/\/dev.antudigital.cl\/sites\/vc\/i-p-arcos-y-valparaiso-creativo-evaluan-de-manera-positiva-micsur-2024\/\" \/>\n<meta property=\"og:locale\" content=\"es_ES\" \/>\n<meta property=\"og:type\" content=\"article\" \/>\n<meta property=\"og:title\" content=\"I.P. ARCOS Y VALPARA\u00cdSO CREATIVO EVAL\u00daAN DE MANERA POSITIVA MICSUR 2024 \u00a0 - Valpara\u00ed\u00adso Creativo\" \/>\n<meta property=\"og:description\" content=\"Hace casi 15 d\u00edas cerr\u00f3 la nueva versi\u00f3n del&nbsp;Mercado de Industrias Culturales del Sur, MICSUR,&nbsp;que esta vez se realiz\u00f3 en Chile, en Santiago, principalmente, y con una actividad en Valpara\u00edso. El balance regional es altamente positivo del encuentro que&nbsp;inaugur\u00f3 el presidente de la Rep\u00fablica Gabriel Boric&nbsp;y con alta participaci\u00f3n de Carolina Arredondo, ministra de las [&hellip;]\" \/>\n<meta property=\"og:url\" content=\"https:\/\/dev.antudigital.cl\/sites\/vc\/i-p-arcos-y-valparaiso-creativo-evaluan-de-manera-positiva-micsur-2024\/\" \/>\n<meta property=\"og:site_name\" content=\"Valpara\u00ed\u00adso Creativo\" \/>\n<meta property=\"article:published_time\" content=\"2024-05-14T03:22:33+00:00\" \/>\n<meta property=\"article:modified_time\" content=\"2024-05-14T03:22:51+00:00\" \/>\n<meta property=\"og:image\" content=\"https:\/\/dev.antudigital.cl\/sites\/vc\/wp-content\/uploads\/2024\/05\/MICSUR2024-EN-VALPO-_Foto-NathalyArancibia_44.jpg\" \/>\n\t<meta property=\"og:image:width\" content=\"1920\" \/>\n\t<meta property=\"og:image:height\" content=\"1280\" \/>\n\t<meta property=\"og:image:type\" content=\"image\/jpeg\" \/>\n<meta name=\"author\" content=\"Valpara\u00edso Creativo\" \/>\n<meta name=\"twitter:card\" content=\"summary_large_image\" \/>\n<meta name=\"twitter:label1\" content=\"Escrito por\" \/>\n\t<meta name=\"twitter:data1\" content=\"Valpara\u00edso Creativo\" \/>\n\t<meta name=\"twitter:label2\" content=\"Tiempo de lectura\" \/>\n\t<meta name=\"twitter:data2\" content=\"3 minutos\" \/>\n<script type=\"application\/ld+json\" class=\"yoast-schema-graph\">{\"@context\":\"https:\/\/schema.org\",\"@graph\":[{\"@type\":\"Article\",\"@id\":\"https:\/\/dev.antudigital.cl\/sites\/vc\/i-p-arcos-y-valparaiso-creativo-evaluan-de-manera-positiva-micsur-2024\/#article\",\"isPartOf\":{\"@id\":\"https:\/\/dev.antudigital.cl\/sites\/vc\/i-p-arcos-y-valparaiso-creativo-evaluan-de-manera-positiva-micsur-2024\/\"},\"author\":{\"name\":\"Valpara\u00edso Creativo\",\"@id\":\"https:\/\/dev.antudigital.cl\/sites\/vc\/#\/schema\/person\/c2b9da8dd545e27166fc5ab232837318\"},\"headline\":\"I.P. ARCOS Y VALPARA\u00cdSO CREATIVO EVAL\u00daAN DE MANERA POSITIVA MICSUR 2024 \u00a0\",\"datePublished\":\"2024-05-14T03:22:33+00:00\",\"dateModified\":\"2024-05-14T03:22:51+00:00\",\"mainEntityOfPage\":{\"@id\":\"https:\/\/dev.antudigital.cl\/sites\/vc\/i-p-arcos-y-valparaiso-creativo-evaluan-de-manera-positiva-micsur-2024\/\"},\"wordCount\":530,\"image\":{\"@id\":\"https:\/\/dev.antudigital.cl\/sites\/vc\/i-p-arcos-y-valparaiso-creativo-evaluan-de-manera-positiva-micsur-2024\/#primaryimage\"},\"thumbnailUrl\":\"https:\/\/dev.antudigital.cl\/sites\/vc\/wp-content\/uploads\/2024\/05\/MICSUR2024-EN-VALPO-_Foto-NathalyArancibia_44.jpg\",\"articleSection\":[\"Blog\"],\"inLanguage\":\"es\"},{\"@type\":\"WebPage\",\"@id\":\"https:\/\/dev.antudigital.cl\/sites\/vc\/i-p-arcos-y-valparaiso-creativo-evaluan-de-manera-positiva-micsur-2024\/\",\"url\":\"https:\/\/dev.antudigital.cl\/sites\/vc\/i-p-arcos-y-valparaiso-creativo-evaluan-de-manera-positiva-micsur-2024\/\",\"name\":\"I.P. ARCOS Y VALPARA\u00cdSO CREATIVO EVAL\u00daAN DE MANERA POSITIVA MICSUR 2024 \u00a0 - Valpara\u00ed\u00adso Creativo\",\"isPartOf\":{\"@id\":\"https:\/\/dev.antudigital.cl\/sites\/vc\/#website\"},\"primaryImageOfPage\":{\"@id\":\"https:\/\/dev.antudigital.cl\/sites\/vc\/i-p-arcos-y-valparaiso-creativo-evaluan-de-manera-positiva-micsur-2024\/#primaryimage\"},\"image\":{\"@id\":\"https:\/\/dev.antudigital.cl\/sites\/vc\/i-p-arcos-y-valparaiso-creativo-evaluan-de-manera-positiva-micsur-2024\/#primaryimage\"},\"thumbnailUrl\":\"https:\/\/dev.antudigital.cl\/sites\/vc\/wp-content\/uploads\/2024\/05\/MICSUR2024-EN-VALPO-_Foto-NathalyArancibia_44.jpg\",\"datePublished\":\"2024-05-14T03:22:33+00:00\",\"dateModified\":\"2024-05-14T03:22:51+00:00\",\"author\":{\"@id\":\"https:\/\/dev.antudigital.cl\/sites\/vc\/#\/schema\/person\/c2b9da8dd545e27166fc5ab232837318\"},\"breadcrumb\":{\"@id\":\"https:\/\/dev.antudigital.cl\/sites\/vc\/i-p-arcos-y-valparaiso-creativo-evaluan-de-manera-positiva-micsur-2024\/#breadcrumb\"},\"inLanguage\":\"es\",\"potentialAction\":[{\"@type\":\"ReadAction\",\"target\":[\"https:\/\/dev.antudigital.cl\/sites\/vc\/i-p-arcos-y-valparaiso-creativo-evaluan-de-manera-positiva-micsur-2024\/\"]}]},{\"@type\":\"ImageObject\",\"inLanguage\":\"es\",\"@id\":\"https:\/\/dev.antudigital.cl\/sites\/vc\/i-p-arcos-y-valparaiso-creativo-evaluan-de-manera-positiva-micsur-2024\/#primaryimage\",\"url\":\"https:\/\/dev.antudigital.cl\/sites\/vc\/wp-content\/uploads\/2024\/05\/MICSUR2024-EN-VALPO-_Foto-NathalyArancibia_44.jpg\",\"contentUrl\":\"https:\/\/dev.antudigital.cl\/sites\/vc\/wp-content\/uploads\/2024\/05\/MICSUR2024-EN-VALPO-_Foto-NathalyArancibia_44.jpg\",\"width\":1920,\"height\":1280},{\"@type\":\"BreadcrumbList\",\"@id\":\"https:\/\/dev.antudigital.cl\/sites\/vc\/i-p-arcos-y-valparaiso-creativo-evaluan-de-manera-positiva-micsur-2024\/#breadcrumb\",\"itemListElement\":[{\"@type\":\"ListItem\",\"position\":1,\"name\":\"Home\",\"item\":\"https:\/\/dev.antudigital.cl\/sites\/vc\/\"},{\"@type\":\"ListItem\",\"position\":2,\"name\":\"I.P. ARCOS Y VALPARA\u00cdSO CREATIVO EVAL\u00daAN DE MANERA POSITIVA MICSUR 2024 \u00a0\"}]},{\"@type\":\"WebSite\",\"@id\":\"https:\/\/dev.antudigital.cl\/sites\/vc\/#website\",\"url\":\"https:\/\/dev.antudigital.cl\/sites\/vc\/\",\"name\":\"Valpara\u00ed\u00adso Creativo\",\"description\":\"\",\"potentialAction\":[{\"@type\":\"SearchAction\",\"target\":{\"@type\":\"EntryPoint\",\"urlTemplate\":\"https:\/\/dev.antudigital.cl\/sites\/vc\/?s={search_term_string}\"},\"query-input\":{\"@type\":\"PropertyValueSpecification\",\"valueRequired\":true,\"valueName\":\"search_term_string\"}}],\"inLanguage\":\"es\"},{\"@type\":\"Person\",\"@id\":\"https:\/\/dev.antudigital.cl\/sites\/vc\/#\/schema\/person\/c2b9da8dd545e27166fc5ab232837318\",\"name\":\"Valpara\u00edso Creativo\",\"description\":\"Periodista de cultura en la Regi\u00f3n de Valpara\u00edso.\",\"url\":\"https:\/\/dev.antudigital.cl\/sites\/vc\/author\/valpoadmin\/\"}]}<\/script>\n<!-- \/ Yoast SEO plugin. -->","yoast_head_json":{"title":"I.P. ARCOS Y VALPARA\u00cdSO CREATIVO EVAL\u00daAN DE MANERA POSITIVA MICSUR 2024 \u00a0 - Valpara\u00ed\u00adso Creativo","robots":{"index":"index","follow":"follow","max-snippet":"max-snippet:-1","max-image-preview":"max-image-preview:large","max-video-preview":"max-video-preview:-1"},"canonical":"https:\/\/dev.antudigital.cl\/sites\/vc\/i-p-arcos-y-valparaiso-creativo-evaluan-de-manera-positiva-micsur-2024\/","og_locale":"es_ES","og_type":"article","og_title":"I.P. ARCOS Y VALPARA\u00cdSO CREATIVO EVAL\u00daAN DE MANERA POSITIVA MICSUR 2024 \u00a0 - Valpara\u00ed\u00adso Creativo","og_description":"Hace casi 15 d\u00edas cerr\u00f3 la nueva versi\u00f3n del&nbsp;Mercado de Industrias Culturales del Sur, MICSUR,&nbsp;que esta vez se realiz\u00f3 en Chile, en Santiago, principalmente, y con una actividad en Valpara\u00edso. El balance regional es altamente positivo del encuentro que&nbsp;inaugur\u00f3 el presidente de la Rep\u00fablica Gabriel Boric&nbsp;y con alta participaci\u00f3n de Carolina Arredondo, ministra de las [&hellip;]","og_url":"https:\/\/dev.antudigital.cl\/sites\/vc\/i-p-arcos-y-valparaiso-creativo-evaluan-de-manera-positiva-micsur-2024\/","og_site_name":"Valpara\u00ed\u00adso Creativo","article_published_time":"2024-05-14T03:22:33+00:00","article_modified_time":"2024-05-14T03:22:51+00:00","og_image":[{"width":1920,"height":1280,"url":"https:\/\/dev.antudigital.cl\/sites\/vc\/wp-content\/uploads\/2024\/05\/MICSUR2024-EN-VALPO-_Foto-NathalyArancibia_44.jpg","type":"image\/jpeg"}],"author":"Valpara\u00edso Creativo","twitter_card":"summary_large_image","twitter_misc":{"Escrito por":"Valpara\u00edso Creativo","Tiempo de lectura":"3 minutos"},"schema":{"@context":"https:\/\/schema.org","@graph":[{"@type":"Article","@id":"https:\/\/dev.antudigital.cl\/sites\/vc\/i-p-arcos-y-valparaiso-creativo-evaluan-de-manera-positiva-micsur-2024\/#article","isPartOf":{"@id":"https:\/\/dev.antudigital.cl\/sites\/vc\/i-p-arcos-y-valparaiso-creativo-evaluan-de-manera-positiva-micsur-2024\/"},"author":{"name":"Valpara\u00edso Creativo","@id":"https:\/\/dev.antudigital.cl\/sites\/vc\/#\/schema\/person\/c2b9da8dd545e27166fc5ab232837318"},"headline":"I.P. ARCOS Y VALPARA\u00cdSO CREATIVO EVAL\u00daAN DE MANERA POSITIVA MICSUR 2024 \u00a0","datePublished":"2024-05-14T03:22:33+00:00","dateModified":"2024-05-14T03:22:51+00:00","mainEntityOfPage":{"@id":"https:\/\/dev.antudigital.cl\/sites\/vc\/i-p-arcos-y-valparaiso-creativo-evaluan-de-manera-positiva-micsur-2024\/"},"wordCount":530,"image":{"@id":"https:\/\/dev.antudigital.cl\/sites\/vc\/i-p-arcos-y-valparaiso-creativo-evaluan-de-manera-positiva-micsur-2024\/#primaryimage"},"thumbnailUrl":"https:\/\/dev.antudigital.cl\/sites\/vc\/wp-content\/uploads\/2024\/05\/MICSUR2024-EN-VALPO-_Foto-NathalyArancibia_44.jpg","articleSection":["Blog"],"inLanguage":"es"},{"@type":"WebPage","@id":"https:\/\/dev.antudigital.cl\/sites\/vc\/i-p-arcos-y-valparaiso-creativo-evaluan-de-manera-positiva-micsur-2024\/","url":"https:\/\/dev.antudigital.cl\/sites\/vc\/i-p-arcos-y-valparaiso-creativo-evaluan-de-manera-positiva-micsur-2024\/","name":"I.P. ARCOS Y VALPARA\u00cdSO CREATIVO EVAL\u00daAN DE MANERA POSITIVA MICSUR 2024 \u00a0 - Valpara\u00ed\u00adso Creativo","isPartOf":{"@id":"https:\/\/dev.antudigital.cl\/sites\/vc\/#website"},"primaryImageOfPage":{"@id":"https:\/\/dev.antudigital.cl\/sites\/vc\/i-p-arcos-y-valparaiso-creativo-evaluan-de-manera-positiva-micsur-2024\/#primaryimage"},"image":{"@id":"https:\/\/dev.antudigital.cl\/sites\/vc\/i-p-arcos-y-valparaiso-creativo-evaluan-de-manera-positiva-micsur-2024\/#primaryimage"},"thumbnailUrl":"https:\/\/dev.antudigital.cl\/sites\/vc\/wp-content\/uploads\/2024\/05\/MICSUR2024-EN-VALPO-_Foto-NathalyArancibia_44.jpg","datePublished":"2024-05-14T03:22:33+00:00","dateModified":"2024-05-14T03:22:51+00:00","author":{"@id":"https:\/\/dev.antudigital.cl\/sites\/vc\/#\/schema\/person\/c2b9da8dd545e27166fc5ab232837318"},"breadcrumb":{"@id":"https:\/\/dev.antudigital.cl\/sites\/vc\/i-p-arcos-y-valparaiso-creativo-evaluan-de-manera-positiva-micsur-2024\/#breadcrumb"},"inLanguage":"es","potentialAction":[{"@type":"ReadAction","target":["https:\/\/dev.antudigital.cl\/sites\/vc\/i-p-arcos-y-valparaiso-creativo-evaluan-de-manera-positiva-micsur-2024\/"]}]},{"@type":"ImageObject","inLanguage":"es","@id":"https:\/\/dev.antudigital.cl\/sites\/vc\/i-p-arcos-y-valparaiso-creativo-evaluan-de-manera-positiva-micsur-2024\/#primaryimage","url":"https:\/\/dev.antudigital.cl\/sites\/vc\/wp-content\/uploads\/2024\/05\/MICSUR2024-EN-VALPO-_Foto-NathalyArancibia_44.jpg","contentUrl":"https:\/\/dev.antudigital.cl\/sites\/vc\/wp-content\/uploads\/2024\/05\/MICSUR2024-EN-VALPO-_Foto-NathalyArancibia_44.jpg","width":1920,"height":1280},{"@type":"BreadcrumbList","@id":"https:\/\/dev.antudigital.cl\/sites\/vc\/i-p-arcos-y-valparaiso-creativo-evaluan-de-manera-positiva-micsur-2024\/#breadcrumb","itemListElement":[{"@type":"ListItem","position":1,"name":"Home","item":"https:\/\/dev.antudigital.cl\/sites\/vc\/"},{"@type":"ListItem","position":2,"name":"I.P. ARCOS Y VALPARA\u00cdSO CREATIVO EVAL\u00daAN DE MANERA POSITIVA MICSUR 2024 \u00a0"}]},{"@type":"WebSite","@id":"https:\/\/dev.antudigital.cl\/sites\/vc\/#website","url":"https:\/\/dev.antudigital.cl\/sites\/vc\/","name":"Valpara\u00ed\u00adso Creativo","description":"","potentialAction":[{"@type":"SearchAction","target":{"@type":"EntryPoint","urlTemplate":"https:\/\/dev.antudigital.cl\/sites\/vc\/?s={search_term_string}"},"query-input":{"@type":"PropertyValueSpecification","valueRequired":true,"valueName":"search_term_string"}}],"inLanguage":"es"},{"@type":"Person","@id":"https:\/\/dev.antudigital.cl\/sites\/vc\/#\/schema\/person\/c2b9da8dd545e27166fc5ab232837318","name":"Valpara\u00edso Creativo","description":"Periodista de cultura en la Regi\u00f3n de Valpara\u00edso.","url":"https:\/\/dev.antudigital.cl\/sites\/vc\/author\/valpoadmin\/"}]}},"_links":{"self":[{"href":"https:\/\/dev.antudigital.cl\/sites\/vc\/wp-json\/wp\/v2\/posts\/19134","targetHints":{"allow":["GET"]}}],"collection":[{"href":"https:\/\/dev.antudigital.cl\/sites\/vc\/wp-json\/wp\/v2\/posts"}],"about":[{"href":"https:\/\/dev.antudigital.cl\/sites\/vc\/wp-json\/wp\/v2\/types\/post"}],"author":[{"embeddable":true,"href":"https:\/\/dev.antudigital.cl\/sites\/vc\/wp-json\/wp\/v2\/users\/1"}],"replies":[{"embeddable":true,"href":"https:\/\/dev.antudigital.cl\/sites\/vc\/wp-json\/wp\/v2\/comments?post=19134"}],"version-history":[{"count":1,"href":"https:\/\/dev.antudigital.cl\/sites\/vc\/wp-json\/wp\/v2\/posts\/19134\/revisions"}],"predecessor-version":[{"id":19143,"href":"https:\/\/dev.antudigital.cl\/sites\/vc\/wp-json\/wp\/v2\/posts\/19134\/revisions\/19143"}],"wp:featuredmedia":[{"embeddable":true,"href":"https:\/\/dev.antudigital.cl\/sites\/vc\/wp-json\/wp\/v2\/media\/19140"}],"wp:attachment":[{"href":"https:\/\/dev.antudigital.cl\/sites\/vc\/wp-json\/wp\/v2\/media?parent=19134"}],"wp:term":[{"taxonomy":"category","embeddable":true,"href":"https:\/\/dev.antudigital.cl\/sites\/vc\/wp-json\/wp\/v2\/categories?post=19134"},{"taxonomy":"post_tag","embeddable":true,"href":"https:\/\/dev.antudigital.cl\/sites\/vc\/wp-json\/wp\/v2\/tags?post=19134"}],"curies":[{"name":"wp","href":"https:\/\/api.w.org\/{rel}","templated":true}]}}