{"id":19144,"date":"2024-05-14T03:33:30","date_gmt":"2024-05-14T03:33:30","guid":{"rendered":"https:\/\/www.valparaisocreativo.cl\/?p=19144"},"modified":"2024-05-14T03:33:47","modified_gmt":"2024-05-14T03:33:47","slug":"convocatoria-publica-para-la-creacion-y-fortalecimiento-de-redes-en-el-ecosistema-creativo-2024","status":"publish","type":"post","link":"https:\/\/dev.antudigital.cl\/sites\/vc\/convocatoria-publica-para-la-creacion-y-fortalecimiento-de-redes-en-el-ecosistema-creativo-2024\/","title":{"rendered":"Convocatoria p\u00fablica para la Creaci\u00f3n y Fortalecimiento de Redes en el Ecosistema Creativo 2024"},"content":{"rendered":"\n<p>Hasta el 3 de junio del 2024.<\/p>\n\n\n\n<p>El Ministerio de las Culturas, las Artes y el Patrimonio anuncia segunda convocatoria del Programa de Promoci\u00f3n y Fortalecimiento del Trabajo Cultural de la Secretar\u00eda Ejecutiva de Econom\u00eda Creativa, correspondiente a la&nbsp;<a href=\"https:\/\/ec.cultura.gob.cl\/ecosistemas-creativos\/\" target=\"_blank\" rel=\"noreferrer noopener\"><strong>L\u00ednea de apoyo a la creaci\u00f3n y fortalecimiento de redes para el ecosistema creativo<\/strong><\/a>, iniciativa que tiene la misi\u00f3n de propiciar el trabajo interdisciplinar e intersectorial, a fin de generar articulaciones y colaboraciones que potencien el desarrollo de ecosistemas creativos, entendiendo por ello, las transformaciones positivas que el ecosistema cultural y creativo, como espacio dinamizador de la trama creativa, productiva y participativa de la cultura, las artes y los patrimonios.<\/p>\n\n\n\n<p>Esta convocatoria financiar\u00e1, total o parcialmente, procesos de trabajo en red que se impulsen entre 5 o m\u00e1s organizaciones culturales, que busquen propiciar la articulaci\u00f3n dentro del ecosistema cultural y creativo, a fin de potenciar, de manera colaborativa, sus modelos de trabajo, la generaci\u00f3n de ingresos de quienes participan de la red y el impacto territorial. En espec\u00edfico, se busca propender la articulaci\u00f3n entre agentes culturales, generar y fortalecer redes del sector creativo y promover la gesti\u00f3n colaborativa, de tal forma de contribuir al desarrollo econ\u00f3mico de los agentes culturales asociados.<\/p>\n\n\n\n<p>Para la presente l\u00ednea de apoyo, se contemplar\u00e1 como disciplinas de la econom\u00eda creativa a las siguientes disciplinas: artesan\u00eda, arquitectura, artes de la visualidad, audiovisual, artes esc\u00e9nicas, libro y lectura, m\u00fasica y dise\u00f1o. Los proyectos en red pueden tener relaci\u00f3n con cualquier etapa de la cadena de valor: investigaci\u00f3n, formaci\u00f3n, creaci\u00f3n, producci\u00f3n, programaci\u00f3n, circulaci\u00f3n, comercializaci\u00f3n, distribuci\u00f3n y\/o difusi\u00f3n.<\/p>\n\n\n\n<p>Para postular hay que considerar el listado de organizaciones y espacios culturales y los respectivos perfiles requeridos, y tambi\u00e9n, como persona natural y beneficiaria directa del programa, se debe considerar dos requisitos fundamentales:<\/p>\n\n\n\n<ul class=\"wp-block-list\">\n<li>Estar inscrito en el Registro Nacional de Agentes Culturales, Art\u00edsticos y Patrimoniales del Ministerio de las Culturas, las Artes y el Patrimonio (RAC).<\/li>\n\n\n\n<li>Inscribirse en \u201cPerfil Cultura\u201d, plataforma de registro habilitada en www.fondosdecultura.gob.cl. Para estos efectos se deber\u00e1 requerir una clave en el sitio web indicado y deber\u00e1s completar todos los campos obligatorios.<\/li>\n<\/ul>\n\n\n\n<p>El presupuesto de la convocatoria es de&nbsp;<strong>$450.000.000 (a\u00f1os 2024)<\/strong>, que corresponden al financiamiento total o parcial de los proyectos seleccionados en esta convocatoria. El monto fijo de por cada proyecto seleccionado es de&nbsp;<strong>$22.500.000<\/strong>.<\/p>\n\n\n\n<p>El proyecto deber\u00e1 comenzar a ejecutarse durante el a\u00f1o 2024 y en el plazo de 12 meses a contar de la fecha de la aprobaci\u00f3n administrativa del convenio por parte del Ministerio.<\/p>\n\n\n\n<h2 class=\"wp-block-heading\">Documentos m\u00ednimos de postulaci\u00f3n<\/h2>\n\n\n\n<ul class=\"wp-block-list\">\n<li>Autorizaci\u00f3n de derechos de autor\/a (si corresponde).<\/li>\n\n\n\n<li>Individualizaci\u00f3n de directores\/as, administradores\/as, representantes, constituyentes, accionistas y\/o socios\/as titulares, seg\u00fan sea el caso (si corresponde).<\/li>\n\n\n\n<li>Carta de consentimiento de Comunidad Ind\u00edgena (si corresponde).<\/li>\n\n\n\n<li>Copia de los estatutos o escritura de constituci\u00f3n de la Red, o, en caso de no estar constituida, la copia de los estatutos o escrituras de constituci\u00f3n de cada una de las organizaciones que conforman la Red.<\/li>\n\n\n\n<li>Carta de compromiso para participar del proyecto emitida por los representantes legales de las organizaciones que conforman o conformar\u00e1n la Red.<\/li>\n<\/ul>\n\n\n\n<h2 class=\"wp-block-heading\">\u00bfQui\u00e9nes pueden postular?<\/h2>\n\n\n\n<p><strong>Para redes&nbsp;<u>no constituidas<\/u>&nbsp;formalmente:<\/strong><\/p>\n\n\n\n<ul class=\"wp-block-list\">\n<li><strong>Personas Jur\u00eddicas:\u00a0<\/strong>Chilenas de derecho p\u00fablico o privado, con o sin fines de lucro y cuyo objeto social sea pertinente con la actividad a desarrollar. Quedan expresamente excluidas las sociedades de hecho. Deber\u00e1 cumplir con los siguientes requisitos:\n<ul class=\"wp-block-list\">\n<li>La persona jur\u00eddica debe tener fines de culturales de investigaci\u00f3n, desarrollo y difusi\u00f3n de la cultura y el arte.<\/li>\n\n\n\n<li>Postular en representaci\u00f3n de una red cultural no constituida formalmente y conformada por al menos 5 organizaciones culturales. (se solicitar\u00e1 carta de los\/as representantes legales de las organizaciones que conformar\u00e1n la red). Las organizaciones que conformen la Red deben contar con personalidad jur\u00eddica.<\/li>\n<\/ul>\n<\/li>\n<\/ul>\n\n\n\n<p><strong>Para Redes&nbsp;<u>constituidas<\/u>&nbsp;formalmente:<\/strong><\/p>\n\n\n\n<ul class=\"wp-block-list\">\n<li><strong>Personas Jur\u00eddicas:\u00a0<\/strong>Chilenas de derecho privado, sin fines de y cuyo objeto social sea pertinente con la actividad a desarrollar. Quedan expresamente excluidas las sociedades de hecho. Deber\u00e1 cumplir con los siguientes requisitos:\n<ul class=\"wp-block-list\">\n<li>La persona jur\u00eddica debe tener fines de culturales de investigaci\u00f3n, desarrollo y difusi\u00f3n de la cultura y el arte.<\/li>\n\n\n\n<li>Debe conformar una red compuesta por al menos 5 organizaciones del sector cultural, todas las cuales deben contar a su vez con personalidad jur\u00eddica.<\/li>\n\n\n\n<li>La red debe obligatoriamente estar constituida como persona jur\u00eddica de derecho privado sin fines de lucro al d\u00eda que se presente la postulaci\u00f3n. El quehacer de la red se debe centrar en formular e implementar estrategias y actividades que favorezcan el desarrollo de las organizaciones que la conforman, ya sea respecto de su desarrollo y proyecci\u00f3n, la vinculaci\u00f3n con sus p\u00fablicos y su programaci\u00f3n art\u00edstica.<\/li>\n<\/ul>\n<\/li>\n<\/ul>\n\n\n\n<h2 class=\"wp-block-heading\">\u00bfC\u00f3mo puedo postular a esta convocatoria?<\/h2>\n\n\n\n<ol class=\"wp-block-list\">\n<li>Ingresar a la p\u00e1gina web\u00a0<strong><a href=\"https:\/\/ec.cultura.gob.cl\/ecosistemas-creativos\/\">https:\/\/ec.cultura.gob.cl\/ecosistemas-creativos\/<\/a><\/strong><\/li>\n\n\n\n<li>Dirigirse a la secci\u00f3n CONVOCATORIAS, donde podr\u00e1 encontrar el enlace de la convocatoria \u201cL\u00ednea de apoyo a la creaci\u00f3n y fortalecimiento de redes para el ecosistema creativo\u201d.<\/li>\n\n\n\n<li>Luego ingresar\u00e1 al sitio de la convocatoria propiamente tal, donde encontrar\u00e1 toda la informaci\u00f3n necesaria. Y al final encontrar\u00e1 el enlace \u201cComenzar Postulaci\u00f3n\u201d.<\/li>\n\n\n\n<li>Se abrir\u00e1 una ventana para verificar si est\u00e1s inscrito o necesitar activar o actualizar tus datos en el Registro Nacional de Agentes Culturales, Art\u00edsticos y Patrimoniales del Ministerio de las Culturas, las Artes y el Patrimonio (RAC). Este requisito es excluyente, por lo que debes velar por completar toda la informaci\u00f3n solicitada en este apartado y culminar este proceso. Recuerda que esto NO significa que est\u00e1s postulando a la convocatoria en espec\u00edfico, este es solo el primer paso referente a la inscripci\u00f3n o actualizaci\u00f3n en el RAC.<\/li>\n\n\n\n<li>Finalmente, ser\u00e1 dirigido al Sistema Cuenta Cultura y podr\u00e1 generar su postulaci\u00f3n, donde deber\u00e1 ingresar e ir a la secci\u00f3n Concursos Disponibles y buscar en \u201cFiltrar texto\u201d la convocatoria Apoyo a la gesti\u00f3n de Cooperativas 2024. Luego hacer click en el enlace \u201cBuscar\u201d y le aparecer\u00e1 la convocatoria para postular.<\/li>\n<\/ol>\n\n\n\n<p><strong><a href=\"https:\/\/www.fondosdecultura.cl\/convocatoria-publica-para-la-creacion-y-fortalecimiento-de-redes-en-el-ecosistema-creativo-2024\/\">Revisa y postula aqu\u00ed<\/a><\/strong><\/p>\n","protected":false},"excerpt":{"rendered":"<p>Hasta el 3 de junio del 2024. El Ministerio de las Culturas, las Artes y el Patrimonio anuncia segunda convocatoria del Programa de Promoci\u00f3n y Fortalecimiento del Trabajo Cultural de la Secretar\u00eda Ejecutiva de Econom\u00eda Creativa, correspondiente a la&nbsp;L\u00ednea de apoyo a la creaci\u00f3n y fortalecimiento de redes para el ecosistema creativo, iniciativa que tiene [&hellip;]<\/p>\n","protected":false},"author":1,"featured_media":18435,"comment_status":"closed","ping_status":"closed","sticky":false,"template":"","format":"standard","meta":{"_acf_changed":false,"footnotes":""},"categories":[8],"tags":[],"class_list":["post-19144","post","type-post","status-publish","format-standard","has-post-thumbnail","hentry","category-noticia"],"acf":[],"yoast_head":"<!-- This site is optimized with the Yoast SEO plugin v27.1.1 - https:\/\/yoast.com\/product\/yoast-seo-wordpress\/ -->\n<title>Convocatoria p\u00fablica para la Creaci\u00f3n y Fortalecimiento de Redes en el Ecosistema Creativo 2024 - Valpara\u00ed\u00adso Creativo<\/title>\n<meta name=\"robots\" content=\"index, follow, max-snippet:-1, max-image-preview:large, max-video-preview:-1\" \/>\n<link rel=\"canonical\" href=\"https:\/\/dev.antudigital.cl\/sites\/vc\/convocatoria-publica-para-la-creacion-y-fortalecimiento-de-redes-en-el-ecosistema-creativo-2024\/\" \/>\n<meta property=\"og:locale\" content=\"es_ES\" \/>\n<meta property=\"og:type\" content=\"article\" \/>\n<meta property=\"og:title\" content=\"Convocatoria p\u00fablica para la Creaci\u00f3n y Fortalecimiento de Redes en el Ecosistema Creativo 2024 - Valpara\u00ed\u00adso Creativo\" \/>\n<meta property=\"og:description\" content=\"Hasta el 3 de junio del 2024. El Ministerio de las Culturas, las Artes y el Patrimonio anuncia segunda convocatoria del Programa de Promoci\u00f3n y Fortalecimiento del Trabajo Cultural de la Secretar\u00eda Ejecutiva de Econom\u00eda Creativa, correspondiente a la&nbsp;L\u00ednea de apoyo a la creaci\u00f3n y fortalecimiento de redes para el ecosistema creativo, iniciativa que tiene [&hellip;]\" \/>\n<meta property=\"og:url\" content=\"https:\/\/dev.antudigital.cl\/sites\/vc\/convocatoria-publica-para-la-creacion-y-fortalecimiento-de-redes-en-el-ecosistema-creativo-2024\/\" \/>\n<meta property=\"og:site_name\" content=\"Valpara\u00ed\u00adso Creativo\" \/>\n<meta property=\"article:published_time\" content=\"2024-05-14T03:33:30+00:00\" \/>\n<meta property=\"article:modified_time\" content=\"2024-05-14T03:33:47+00:00\" \/>\n<meta property=\"og:image\" content=\"https:\/\/dev.antudigital.cl\/sites\/vc\/wp-content\/uploads\/2024\/02\/Captura-de-Pantalla-2024-02-26-a-las-17.04.37.png\" \/>\n\t<meta property=\"og:image:width\" content=\"926\" \/>\n\t<meta property=\"og:image:height\" content=\"195\" \/>\n\t<meta property=\"og:image:type\" content=\"image\/png\" \/>\n<meta name=\"author\" content=\"Valpara\u00edso Creativo\" \/>\n<meta name=\"twitter:card\" content=\"summary_large_image\" \/>\n<meta name=\"twitter:label1\" content=\"Escrito por\" \/>\n\t<meta name=\"twitter:data1\" content=\"Valpara\u00edso Creativo\" \/>\n\t<meta name=\"twitter:label2\" content=\"Tiempo de lectura\" \/>\n\t<meta name=\"twitter:data2\" content=\"5 minutos\" \/>\n<script type=\"application\/ld+json\" class=\"yoast-schema-graph\">{\"@context\":\"https:\/\/schema.org\",\"@graph\":[{\"@type\":\"Article\",\"@id\":\"https:\/\/dev.antudigital.cl\/sites\/vc\/convocatoria-publica-para-la-creacion-y-fortalecimiento-de-redes-en-el-ecosistema-creativo-2024\/#article\",\"isPartOf\":{\"@id\":\"https:\/\/dev.antudigital.cl\/sites\/vc\/convocatoria-publica-para-la-creacion-y-fortalecimiento-de-redes-en-el-ecosistema-creativo-2024\/\"},\"author\":{\"name\":\"Valpara\u00edso Creativo\",\"@id\":\"https:\/\/dev.antudigital.cl\/sites\/vc\/#\/schema\/person\/c2b9da8dd545e27166fc5ab232837318\"},\"headline\":\"Convocatoria p\u00fablica para la Creaci\u00f3n y Fortalecimiento de Redes en el Ecosistema Creativo 2024\",\"datePublished\":\"2024-05-14T03:33:30+00:00\",\"dateModified\":\"2024-05-14T03:33:47+00:00\",\"mainEntityOfPage\":{\"@id\":\"https:\/\/dev.antudigital.cl\/sites\/vc\/convocatoria-publica-para-la-creacion-y-fortalecimiento-de-redes-en-el-ecosistema-creativo-2024\/\"},\"wordCount\":1069,\"image\":{\"@id\":\"https:\/\/dev.antudigital.cl\/sites\/vc\/convocatoria-publica-para-la-creacion-y-fortalecimiento-de-redes-en-el-ecosistema-creativo-2024\/#primaryimage\"},\"thumbnailUrl\":\"https:\/\/dev.antudigital.cl\/sites\/vc\/wp-content\/uploads\/2024\/02\/Captura-de-Pantalla-2024-02-26-a-las-17.04.37.png\",\"articleSection\":[\"Noticia\"],\"inLanguage\":\"es\"},{\"@type\":\"WebPage\",\"@id\":\"https:\/\/dev.antudigital.cl\/sites\/vc\/convocatoria-publica-para-la-creacion-y-fortalecimiento-de-redes-en-el-ecosistema-creativo-2024\/\",\"url\":\"https:\/\/dev.antudigital.cl\/sites\/vc\/convocatoria-publica-para-la-creacion-y-fortalecimiento-de-redes-en-el-ecosistema-creativo-2024\/\",\"name\":\"Convocatoria p\u00fablica para la Creaci\u00f3n y Fortalecimiento de Redes en el Ecosistema Creativo 2024 - Valpara\u00ed\u00adso Creativo\",\"isPartOf\":{\"@id\":\"https:\/\/dev.antudigital.cl\/sites\/vc\/#website\"},\"primaryImageOfPage\":{\"@id\":\"https:\/\/dev.antudigital.cl\/sites\/vc\/convocatoria-publica-para-la-creacion-y-fortalecimiento-de-redes-en-el-ecosistema-creativo-2024\/#primaryimage\"},\"image\":{\"@id\":\"https:\/\/dev.antudigital.cl\/sites\/vc\/convocatoria-publica-para-la-creacion-y-fortalecimiento-de-redes-en-el-ecosistema-creativo-2024\/#primaryimage\"},\"thumbnailUrl\":\"https:\/\/dev.antudigital.cl\/sites\/vc\/wp-content\/uploads\/2024\/02\/Captura-de-Pantalla-2024-02-26-a-las-17.04.37.png\",\"datePublished\":\"2024-05-14T03:33:30+00:00\",\"dateModified\":\"2024-05-14T03:33:47+00:00\",\"author\":{\"@id\":\"https:\/\/dev.antudigital.cl\/sites\/vc\/#\/schema\/person\/c2b9da8dd545e27166fc5ab232837318\"},\"breadcrumb\":{\"@id\":\"https:\/\/dev.antudigital.cl\/sites\/vc\/convocatoria-publica-para-la-creacion-y-fortalecimiento-de-redes-en-el-ecosistema-creativo-2024\/#breadcrumb\"},\"inLanguage\":\"es\",\"potentialAction\":[{\"@type\":\"ReadAction\",\"target\":[\"https:\/\/dev.antudigital.cl\/sites\/vc\/convocatoria-publica-para-la-creacion-y-fortalecimiento-de-redes-en-el-ecosistema-creativo-2024\/\"]}]},{\"@type\":\"ImageObject\",\"inLanguage\":\"es\",\"@id\":\"https:\/\/dev.antudigital.cl\/sites\/vc\/convocatoria-publica-para-la-creacion-y-fortalecimiento-de-redes-en-el-ecosistema-creativo-2024\/#primaryimage\",\"url\":\"https:\/\/dev.antudigital.cl\/sites\/vc\/wp-content\/uploads\/2024\/02\/Captura-de-Pantalla-2024-02-26-a-las-17.04.37.png\",\"contentUrl\":\"https:\/\/dev.antudigital.cl\/sites\/vc\/wp-content\/uploads\/2024\/02\/Captura-de-Pantalla-2024-02-26-a-las-17.04.37.png\",\"width\":926,\"height\":195},{\"@type\":\"BreadcrumbList\",\"@id\":\"https:\/\/dev.antudigital.cl\/sites\/vc\/convocatoria-publica-para-la-creacion-y-fortalecimiento-de-redes-en-el-ecosistema-creativo-2024\/#breadcrumb\",\"itemListElement\":[{\"@type\":\"ListItem\",\"position\":1,\"name\":\"Home\",\"item\":\"https:\/\/dev.antudigital.cl\/sites\/vc\/\"},{\"@type\":\"ListItem\",\"position\":2,\"name\":\"Convocatoria p\u00fablica para la Creaci\u00f3n y Fortalecimiento de Redes en el Ecosistema Creativo 2024\"}]},{\"@type\":\"WebSite\",\"@id\":\"https:\/\/dev.antudigital.cl\/sites\/vc\/#website\",\"url\":\"https:\/\/dev.antudigital.cl\/sites\/vc\/\",\"name\":\"Valpara\u00ed\u00adso Creativo\",\"description\":\"\",\"potentialAction\":[{\"@type\":\"SearchAction\",\"target\":{\"@type\":\"EntryPoint\",\"urlTemplate\":\"https:\/\/dev.antudigital.cl\/sites\/vc\/?s={search_term_string}\"},\"query-input\":{\"@type\":\"PropertyValueSpecification\",\"valueRequired\":true,\"valueName\":\"search_term_string\"}}],\"inLanguage\":\"es\"},{\"@type\":\"Person\",\"@id\":\"https:\/\/dev.antudigital.cl\/sites\/vc\/#\/schema\/person\/c2b9da8dd545e27166fc5ab232837318\",\"name\":\"Valpara\u00edso Creativo\",\"description\":\"Periodista de cultura en la Regi\u00f3n de Valpara\u00edso.\",\"url\":\"https:\/\/dev.antudigital.cl\/sites\/vc\/author\/valpoadmin\/\"}]}<\/script>\n<!-- \/ Yoast SEO plugin. -->","yoast_head_json":{"title":"Convocatoria p\u00fablica para la Creaci\u00f3n y Fortalecimiento de Redes en el Ecosistema Creativo 2024 - Valpara\u00ed\u00adso Creativo","robots":{"index":"index","follow":"follow","max-snippet":"max-snippet:-1","max-image-preview":"max-image-preview:large","max-video-preview":"max-video-preview:-1"},"canonical":"https:\/\/dev.antudigital.cl\/sites\/vc\/convocatoria-publica-para-la-creacion-y-fortalecimiento-de-redes-en-el-ecosistema-creativo-2024\/","og_locale":"es_ES","og_type":"article","og_title":"Convocatoria p\u00fablica para la Creaci\u00f3n y Fortalecimiento de Redes en el Ecosistema Creativo 2024 - Valpara\u00ed\u00adso Creativo","og_description":"Hasta el 3 de junio del 2024. El Ministerio de las Culturas, las Artes y el Patrimonio anuncia segunda convocatoria del Programa de Promoci\u00f3n y Fortalecimiento del Trabajo Cultural de la Secretar\u00eda Ejecutiva de Econom\u00eda Creativa, correspondiente a la&nbsp;L\u00ednea de apoyo a la creaci\u00f3n y fortalecimiento de redes para el ecosistema creativo, iniciativa que tiene [&hellip;]","og_url":"https:\/\/dev.antudigital.cl\/sites\/vc\/convocatoria-publica-para-la-creacion-y-fortalecimiento-de-redes-en-el-ecosistema-creativo-2024\/","og_site_name":"Valpara\u00ed\u00adso Creativo","article_published_time":"2024-05-14T03:33:30+00:00","article_modified_time":"2024-05-14T03:33:47+00:00","og_image":[{"width":926,"height":195,"url":"https:\/\/dev.antudigital.cl\/sites\/vc\/wp-content\/uploads\/2024\/02\/Captura-de-Pantalla-2024-02-26-a-las-17.04.37.png","type":"image\/png"}],"author":"Valpara\u00edso Creativo","twitter_card":"summary_large_image","twitter_misc":{"Escrito por":"Valpara\u00edso Creativo","Tiempo de lectura":"5 minutos"},"schema":{"@context":"https:\/\/schema.org","@graph":[{"@type":"Article","@id":"https:\/\/dev.antudigital.cl\/sites\/vc\/convocatoria-publica-para-la-creacion-y-fortalecimiento-de-redes-en-el-ecosistema-creativo-2024\/#article","isPartOf":{"@id":"https:\/\/dev.antudigital.cl\/sites\/vc\/convocatoria-publica-para-la-creacion-y-fortalecimiento-de-redes-en-el-ecosistema-creativo-2024\/"},"author":{"name":"Valpara\u00edso Creativo","@id":"https:\/\/dev.antudigital.cl\/sites\/vc\/#\/schema\/person\/c2b9da8dd545e27166fc5ab232837318"},"headline":"Convocatoria p\u00fablica para la Creaci\u00f3n y Fortalecimiento de Redes en el Ecosistema Creativo 2024","datePublished":"2024-05-14T03:33:30+00:00","dateModified":"2024-05-14T03:33:47+00:00","mainEntityOfPage":{"@id":"https:\/\/dev.antudigital.cl\/sites\/vc\/convocatoria-publica-para-la-creacion-y-fortalecimiento-de-redes-en-el-ecosistema-creativo-2024\/"},"wordCount":1069,"image":{"@id":"https:\/\/dev.antudigital.cl\/sites\/vc\/convocatoria-publica-para-la-creacion-y-fortalecimiento-de-redes-en-el-ecosistema-creativo-2024\/#primaryimage"},"thumbnailUrl":"https:\/\/dev.antudigital.cl\/sites\/vc\/wp-content\/uploads\/2024\/02\/Captura-de-Pantalla-2024-02-26-a-las-17.04.37.png","articleSection":["Noticia"],"inLanguage":"es"},{"@type":"WebPage","@id":"https:\/\/dev.antudigital.cl\/sites\/vc\/convocatoria-publica-para-la-creacion-y-fortalecimiento-de-redes-en-el-ecosistema-creativo-2024\/","url":"https:\/\/dev.antudigital.cl\/sites\/vc\/convocatoria-publica-para-la-creacion-y-fortalecimiento-de-redes-en-el-ecosistema-creativo-2024\/","name":"Convocatoria p\u00fablica para la Creaci\u00f3n y Fortalecimiento de Redes en el Ecosistema Creativo 2024 - Valpara\u00ed\u00adso Creativo","isPartOf":{"@id":"https:\/\/dev.antudigital.cl\/sites\/vc\/#website"},"primaryImageOfPage":{"@id":"https:\/\/dev.antudigital.cl\/sites\/vc\/convocatoria-publica-para-la-creacion-y-fortalecimiento-de-redes-en-el-ecosistema-creativo-2024\/#primaryimage"},"image":{"@id":"https:\/\/dev.antudigital.cl\/sites\/vc\/convocatoria-publica-para-la-creacion-y-fortalecimiento-de-redes-en-el-ecosistema-creativo-2024\/#primaryimage"},"thumbnailUrl":"https:\/\/dev.antudigital.cl\/sites\/vc\/wp-content\/uploads\/2024\/02\/Captura-de-Pantalla-2024-02-26-a-las-17.04.37.png","datePublished":"2024-05-14T03:33:30+00:00","dateModified":"2024-05-14T03:33:47+00:00","author":{"@id":"https:\/\/dev.antudigital.cl\/sites\/vc\/#\/schema\/person\/c2b9da8dd545e27166fc5ab232837318"},"breadcrumb":{"@id":"https:\/\/dev.antudigital.cl\/sites\/vc\/convocatoria-publica-para-la-creacion-y-fortalecimiento-de-redes-en-el-ecosistema-creativo-2024\/#breadcrumb"},"inLanguage":"es","potentialAction":[{"@type":"ReadAction","target":["https:\/\/dev.antudigital.cl\/sites\/vc\/convocatoria-publica-para-la-creacion-y-fortalecimiento-de-redes-en-el-ecosistema-creativo-2024\/"]}]},{"@type":"ImageObject","inLanguage":"es","@id":"https:\/\/dev.antudigital.cl\/sites\/vc\/convocatoria-publica-para-la-creacion-y-fortalecimiento-de-redes-en-el-ecosistema-creativo-2024\/#primaryimage","url":"https:\/\/dev.antudigital.cl\/sites\/vc\/wp-content\/uploads\/2024\/02\/Captura-de-Pantalla-2024-02-26-a-las-17.04.37.png","contentUrl":"https:\/\/dev.antudigital.cl\/sites\/vc\/wp-content\/uploads\/2024\/02\/Captura-de-Pantalla-2024-02-26-a-las-17.04.37.png","width":926,"height":195},{"@type":"BreadcrumbList","@id":"https:\/\/dev.antudigital.cl\/sites\/vc\/convocatoria-publica-para-la-creacion-y-fortalecimiento-de-redes-en-el-ecosistema-creativo-2024\/#breadcrumb","itemListElement":[{"@type":"ListItem","position":1,"name":"Home","item":"https:\/\/dev.antudigital.cl\/sites\/vc\/"},{"@type":"ListItem","position":2,"name":"Convocatoria p\u00fablica para la Creaci\u00f3n y Fortalecimiento de Redes en el Ecosistema Creativo 2024"}]},{"@type":"WebSite","@id":"https:\/\/dev.antudigital.cl\/sites\/vc\/#website","url":"https:\/\/dev.antudigital.cl\/sites\/vc\/","name":"Valpara\u00ed\u00adso Creativo","description":"","potentialAction":[{"@type":"SearchAction","target":{"@type":"EntryPoint","urlTemplate":"https:\/\/dev.antudigital.cl\/sites\/vc\/?s={search_term_string}"},"query-input":{"@type":"PropertyValueSpecification","valueRequired":true,"valueName":"search_term_string"}}],"inLanguage":"es"},{"@type":"Person","@id":"https:\/\/dev.antudigital.cl\/sites\/vc\/#\/schema\/person\/c2b9da8dd545e27166fc5ab232837318","name":"Valpara\u00edso Creativo","description":"Periodista de cultura en la Regi\u00f3n de Valpara\u00edso.","url":"https:\/\/dev.antudigital.cl\/sites\/vc\/author\/valpoadmin\/"}]}},"_links":{"self":[{"href":"https:\/\/dev.antudigital.cl\/sites\/vc\/wp-json\/wp\/v2\/posts\/19144","targetHints":{"allow":["GET"]}}],"collection":[{"href":"https:\/\/dev.antudigital.cl\/sites\/vc\/wp-json\/wp\/v2\/posts"}],"about":[{"href":"https:\/\/dev.antudigital.cl\/sites\/vc\/wp-json\/wp\/v2\/types\/post"}],"author":[{"embeddable":true,"href":"https:\/\/dev.antudigital.cl\/sites\/vc\/wp-json\/wp\/v2\/users\/1"}],"replies":[{"embeddable":true,"href":"https:\/\/dev.antudigital.cl\/sites\/vc\/wp-json\/wp\/v2\/comments?post=19144"}],"version-history":[{"count":1,"href":"https:\/\/dev.antudigital.cl\/sites\/vc\/wp-json\/wp\/v2\/posts\/19144\/revisions"}],"predecessor-version":[{"id":19145,"href":"https:\/\/dev.antudigital.cl\/sites\/vc\/wp-json\/wp\/v2\/posts\/19144\/revisions\/19145"}],"wp:featuredmedia":[{"embeddable":true,"href":"https:\/\/dev.antudigital.cl\/sites\/vc\/wp-json\/wp\/v2\/media\/18435"}],"wp:attachment":[{"href":"https:\/\/dev.antudigital.cl\/sites\/vc\/wp-json\/wp\/v2\/media?parent=19144"}],"wp:term":[{"taxonomy":"category","embeddable":true,"href":"https:\/\/dev.antudigital.cl\/sites\/vc\/wp-json\/wp\/v2\/categories?post=19144"},{"taxonomy":"post_tag","embeddable":true,"href":"https:\/\/dev.antudigital.cl\/sites\/vc\/wp-json\/wp\/v2\/tags?post=19144"}],"curies":[{"name":"wp","href":"https:\/\/api.w.org\/{rel}","templated":true}]}}