{"id":19156,"date":"2024-05-20T01:14:52","date_gmt":"2024-05-20T01:14:52","guid":{"rendered":"https:\/\/www.valparaisocreativo.cl\/?p=19156"},"modified":"2024-05-20T01:15:11","modified_gmt":"2024-05-20T01:15:11","slug":"exposicion-nuestras-cosas-favoritas-se-presenta-en-la-junta-de-vecinos-no9-del-cerro-larrain","status":"publish","type":"post","link":"https:\/\/dev.antudigital.cl\/sites\/vc\/exposicion-nuestras-cosas-favoritas-se-presenta-en-la-junta-de-vecinos-no9-del-cerro-larrain\/","title":{"rendered":"Exposici\u00f3n \u201cNuestras cosas favoritas\u201d se presenta en la Junta de Vecinos N\u00ba9 del Cerro Larra\u00edn"},"content":{"rendered":"\n<p><strong>El jueves 16 a las 16:00 horas se realiza la exposici\u00f3n abierta \u201cNuestras cosas favoritas\u201d en la Junta de Vecinos N\u00ba9 \u201cNuevos Horizontes\u201d del Cerro Larrar\u00edn, ubicada en el Pasaje Santiago Ram\u00edrez 484<\/strong>. La exposici\u00f3n es el cierre de la residencia art\u00edstica de Paula Cometa en la Bienal Internacional de Artes de Valpara\u00edso, quien se vincul\u00f3 durante dos meses con el Club Lector del Cerro Larra\u00edn.&nbsp;<\/p>\n\n\n\n<p><strong>Paula Cometa Stange<\/strong>, artista residente, se\u00f1ala: \u00abPostul\u00e9 al llamado a concurso p\u00fablico que hubo en octubre del a\u00f1o pasado para realizar esta residencia como artista local. Virna D\u00edaz trabaja en fomento lector y conversando sobre su pap\u00e1, mi abuelo, an\u00e9cdotas con personas mayores, llegu\u00e9 al Club de Lectura del Cerro Larra\u00edn, con quienes vivimos un proceso de colaboraci\u00f3n y creaci\u00f3n\u201d.&nbsp;<\/p>\n\n\n\n<p>\u201cTrabajamos en torno a tres m\u00f3dulos, relacionados a lo personal, aquello que podemos llamar&nbsp;<em>cosas favoritas<\/em>. En el primer m\u00f3dulo abordamos la idea de bit\u00e1cora, diario de vida, y pudimos conocernos m\u00e1s. En el segundo desarrollamos aspectos pl\u00e1sticos a trav\u00e9s de habilidades manuales conectadas con lo cotidiano, resultando de esto autorretratos con la t\u00e9cnica del&nbsp;<em>collage<\/em>. En el tercer m\u00f3dulo trabajamos nuestras canciones y objetos favoritos. Hicimos una lista de reproducci\u00f3n, trabajamos con c\u00e1psulas de petri y peque\u00f1as vitrinas que almacenan objetos preciados, colecciones, cosas que contienen emociones. Poder compartir eso a trav\u00e9s del relato es maravilloso\u201d, a\u00f1ade Cometa.<\/p>\n\n\n\n<p><strong>CLUB LECTOR DEL CERRO LARRA\u00cdN<\/strong><\/p>\n\n\n\n<p>El a\u00f1o 2022, gracias a un proyecto ejecutado por Virna D\u00edaz, Carolina Osorio y Mat\u00edas Salinas, se realizan los Encuentros Lectores para personas mayores en el Cerro Larra\u00edn, financiado por el Fondo Nacional de Fomento del Libro y la Lectura, Convocatoria 2022. En esta primera instancia el proyecto se gestiona desde Organizaci\u00f3n META. Al terminarlo, en marzo 2023, el grupo decide mantener estos encuentros de manera autogestionada, pasando a formar el Club Lector del Cerro Larra\u00edn. Algunas integrantes del Club comparten unas palabras.<\/p>\n\n\n\n<p><strong>Am\u00e9rica Guerrero Vera&nbsp;<\/strong>comenta: \u201cEsta experiencia ha sido muy bonita, revisar los tesoros que tengo en mi casa, cositas tan bonitas que las miro, las vuelvo a mirar, y son recuerdos, cosas especiales para m\u00ed. Van a poder ver algunos tesoros m\u00edos, como mi negrito, San Mart\u00edn de Porres. Es luminoso, brilla de noche en la mesa del comedor, lo conoc\u00ed una vez que fui a Limache. Tengo tambi\u00e9n una imagen muy bonita de la V\u00edrgen de Montserrat, met\u00e1lica. He escuchado que es la Virgen de los maleantes, no s\u00e9 por qu\u00e9. Mi hermano, cuando iba a Espa\u00f1a, siempre me tra\u00eda una estampita\u201d.<\/p>\n\n\n\n<p><strong>Patricia<\/strong>\u00a0<strong>Vinciguerra Lobos<\/strong>\u00a0trajo una colecci\u00f3n de ositos, la compr\u00f3 cuando iban de vacaciones a Iquique y pasaban a la zofri, en la \u00e9poca en no que hab\u00eda mall chinos en la zona central y all\u00e1 llegaba todo lo primero. Tambi\u00e9n trajo cosas de\u00a0<strong>Alberto Saunero \u00c1lvarez<\/strong>, su esposo; un dedal de Venecia, casta\u00f1uelas de Espa\u00f1as, una mamushka, un sombrerito de M\u00e9xico.<\/p>\n\n\n\n<figure class=\"wp-block-image size-large\"><img fetchpriority=\"high\" decoding=\"async\" width=\"1024\" height=\"576\" src=\"https:\/\/www.valparaisocreativo.cl\/wp-content\/uploads\/2024\/05\/NUESTRAS-COSAS-FAVORITAS-02-1024x576.jpg\" alt=\"\" class=\"wp-image-19158\" srcset=\"https:\/\/dev.antudigital.cl\/sites\/vc\/wp-content\/uploads\/2024\/05\/NUESTRAS-COSAS-FAVORITAS-02-1024x576.jpg 1024w, https:\/\/dev.antudigital.cl\/sites\/vc\/wp-content\/uploads\/2024\/05\/NUESTRAS-COSAS-FAVORITAS-02-300x169.jpg 300w, https:\/\/dev.antudigital.cl\/sites\/vc\/wp-content\/uploads\/2024\/05\/NUESTRAS-COSAS-FAVORITAS-02-768x432.jpg 768w, https:\/\/dev.antudigital.cl\/sites\/vc\/wp-content\/uploads\/2024\/05\/NUESTRAS-COSAS-FAVORITAS-02-1536x864.jpg 1536w, https:\/\/dev.antudigital.cl\/sites\/vc\/wp-content\/uploads\/2024\/05\/NUESTRAS-COSAS-FAVORITAS-02-1080x608.jpg 1080w, https:\/\/dev.antudigital.cl\/sites\/vc\/wp-content\/uploads\/2024\/05\/NUESTRAS-COSAS-FAVORITAS-02-1280x720.jpg 1280w, https:\/\/dev.antudigital.cl\/sites\/vc\/wp-content\/uploads\/2024\/05\/NUESTRAS-COSAS-FAVORITAS-02-980x551.jpg 980w, https:\/\/dev.antudigital.cl\/sites\/vc\/wp-content\/uploads\/2024\/05\/NUESTRAS-COSAS-FAVORITAS-02-480x270.jpg 480w, https:\/\/dev.antudigital.cl\/sites\/vc\/wp-content\/uploads\/2024\/05\/NUESTRAS-COSAS-FAVORITAS-02-24x14.jpg 24w, https:\/\/dev.antudigital.cl\/sites\/vc\/wp-content\/uploads\/2024\/05\/NUESTRAS-COSAS-FAVORITAS-02-36x20.jpg 36w, https:\/\/dev.antudigital.cl\/sites\/vc\/wp-content\/uploads\/2024\/05\/NUESTRAS-COSAS-FAVORITAS-02-48x27.jpg 48w, https:\/\/dev.antudigital.cl\/sites\/vc\/wp-content\/uploads\/2024\/05\/NUESTRAS-COSAS-FAVORITAS-02.jpg 1632w\" sizes=\"(max-width: 1024px) 100vw, 1024px\" \/><\/figure>\n\n\n\n<p>\u201cEstos encuentros han sido muy innovadores, no pensaba que hab\u00eda este tipo de actividades. Todo ha sido novedoso, hacer&nbsp;<em>collage<\/em>, armar nuestros gabinetes de curiosidades. Cu\u00e1ndo uno iba a pensar que exist\u00edan estas cosas. Este martillo era de mi pap\u00e1, \u00e9l lo usaba para muchas cosas. \u00c9l, sentadito, empezaba a cascar nueces, a hacer sus marcos de los cuadros, golpear cualquier cosa que quer\u00eda. Es muy significativo para m\u00ed, porque es algo que qued\u00f3 de \u00e9l y lo tomaba con su manito. Y hoy vine con un jersey que me hizo mi mam\u00e1 con sus poquitos de lana que le iban quedando de sus tejidos. Tengo puros recuerdos aqu\u00ed\u201d.<\/p>\n\n\n\n<p><strong>Cecilia Vera D\u00edaz<\/strong>&nbsp;comparte: \u201cLa experiencia del taller ha sido buen\u00edsima, nunca pens\u00e9 que se pod\u00edan hacer cosas tan bonitas como manualidades. Empezar y terminar es una gran satisfacci\u00f3n, estoy chocha con eso. Yo colecciono tortugas. Antes viv\u00eda en un fundo que se llama Pitama y un d\u00eda mi hermano me dijo \u00a1Mira, una tortuga! Y yo no ten\u00eda idea qu\u00e9 era una tortuga. Cuando la vimos empez\u00f3 a caminar y era s\u00faper r\u00e1pida, de un momento a otro se escap\u00f3 al cerro bajo un bosque de pinos. Yo me enamor\u00e9 de la tortuga, ahora debo tener m\u00e1s de ochenta tortugas, de lana, madera, velas, de Isla de Pascua me trajo una mi hijo. Tengo tambi\u00e9n en el refrigerador, imanes, colgantes, me enamor\u00e9 de las tortugas. Mi marido colecciona encendedores, traje algunos tambi\u00e9n para mostrarlos\u201d.<\/p>\n\n\n\n<p><strong>Mar\u00eda Silvia Sep\u00falveda Sep\u00falveda<\/strong>&nbsp;se\u00f1ala: \u201cLa verdad la imaginaci\u00f3n se me viene a la memoria, quiero hacer muchas cosas. De repente no entend\u00ed mucho el trabajo que \u00edbamos a hacer, pero me llena, me hace salir todo lo simp\u00e1tico que se puede llegar a ser. No importa en qu\u00e9 edad estemos, siempre la imaginaci\u00f3n y lo bonito se refleja en pocas cosas que te entregan, en poco material y a ti te hace al tiro sentido. Eso me agrad\u00f3 mucho de Cometita, que fue de a poco d\u00e1ndonos m\u00e1s temas y nos fuimos integrando. Yo traje algunas muestras de perfume, alcanc\u00e9 a rescatar algunos. Trabaj\u00e9 en una perfumer\u00eda muchos a\u00f1os y me despert\u00f3 una sensibilidad estar rodeada de aromas. Estoy muy agradecida y muy contenta\u201d.&nbsp;<\/p>\n\n\n\n<p>Desde el s\u00e1bado 25 de mayo se realizar\u00e1 la muestra final de las residencias locales, nacionales e internacionales de la Bienal en la Galer\u00eda Municipal de Arte, ubicada en Condell 1550, donde se podr\u00e1 visitar parte de la exposici\u00f3n \u201cNuestras cosas favoritas\u201d.<\/p>\n","protected":false},"excerpt":{"rendered":"<p>El jueves 16 a las 16:00 horas se realiza la exposici\u00f3n abierta \u201cNuestras cosas favoritas\u201d en la Junta de Vecinos N\u00ba9 \u201cNuevos Horizontes\u201d del Cerro Larrar\u00edn, ubicada en el Pasaje Santiago Ram\u00edrez 484. La exposici\u00f3n es el cierre de la residencia art\u00edstica de Paula Cometa en la Bienal Internacional de Artes de Valpara\u00edso, quien se [&hellip;]<\/p>\n","protected":false},"author":1,"featured_media":19157,"comment_status":"closed","ping_status":"closed","sticky":false,"template":"","format":"standard","meta":{"_acf_changed":false,"footnotes":""},"categories":[8],"tags":[],"class_list":["post-19156","post","type-post","status-publish","format-standard","has-post-thumbnail","hentry","category-noticia"],"acf":[],"yoast_head":"<!-- This site is optimized with the Yoast SEO plugin v27.1.1 - https:\/\/yoast.com\/product\/yoast-seo-wordpress\/ -->\n<title>Exposici\u00f3n \u201cNuestras cosas favoritas\u201d se presenta en la Junta de Vecinos N\u00ba9 del Cerro Larra\u00edn - Valpara\u00ed\u00adso Creativo<\/title>\n<meta name=\"robots\" content=\"index, follow, max-snippet:-1, max-image-preview:large, max-video-preview:-1\" \/>\n<link rel=\"canonical\" href=\"https:\/\/dev.antudigital.cl\/sites\/vc\/exposicion-nuestras-cosas-favoritas-se-presenta-en-la-junta-de-vecinos-no9-del-cerro-larrain\/\" \/>\n<meta property=\"og:locale\" content=\"es_ES\" \/>\n<meta property=\"og:type\" content=\"article\" \/>\n<meta property=\"og:title\" content=\"Exposici\u00f3n \u201cNuestras cosas favoritas\u201d se presenta en la Junta de Vecinos N\u00ba9 del Cerro Larra\u00edn - Valpara\u00ed\u00adso Creativo\" \/>\n<meta property=\"og:description\" content=\"El jueves 16 a las 16:00 horas se realiza la exposici\u00f3n abierta \u201cNuestras cosas favoritas\u201d en la Junta de Vecinos N\u00ba9 \u201cNuevos Horizontes\u201d del Cerro Larrar\u00edn, ubicada en el Pasaje Santiago Ram\u00edrez 484. La exposici\u00f3n es el cierre de la residencia art\u00edstica de Paula Cometa en la Bienal Internacional de Artes de Valpara\u00edso, quien se [&hellip;]\" \/>\n<meta property=\"og:url\" content=\"https:\/\/dev.antudigital.cl\/sites\/vc\/exposicion-nuestras-cosas-favoritas-se-presenta-en-la-junta-de-vecinos-no9-del-cerro-larrain\/\" \/>\n<meta property=\"og:site_name\" content=\"Valpara\u00ed\u00adso Creativo\" \/>\n<meta property=\"article:published_time\" content=\"2024-05-20T01:14:52+00:00\" \/>\n<meta property=\"article:modified_time\" content=\"2024-05-20T01:15:11+00:00\" \/>\n<meta property=\"og:image\" content=\"https:\/\/dev.antudigital.cl\/sites\/vc\/wp-content\/uploads\/2024\/05\/NUESTRAS-COSAS-FAVORITAS-01.jpg\" \/>\n\t<meta property=\"og:image:width\" content=\"1632\" \/>\n\t<meta property=\"og:image:height\" content=\"918\" \/>\n\t<meta property=\"og:image:type\" content=\"image\/jpeg\" \/>\n<meta name=\"author\" content=\"Valpara\u00edso Creativo\" \/>\n<meta name=\"twitter:card\" content=\"summary_large_image\" \/>\n<meta name=\"twitter:label1\" content=\"Escrito por\" \/>\n\t<meta name=\"twitter:data1\" content=\"Valpara\u00edso Creativo\" \/>\n\t<meta name=\"twitter:label2\" content=\"Tiempo de lectura\" \/>\n\t<meta name=\"twitter:data2\" content=\"5 minutos\" \/>\n<script type=\"application\/ld+json\" class=\"yoast-schema-graph\">{\"@context\":\"https:\/\/schema.org\",\"@graph\":[{\"@type\":\"Article\",\"@id\":\"https:\/\/dev.antudigital.cl\/sites\/vc\/exposicion-nuestras-cosas-favoritas-se-presenta-en-la-junta-de-vecinos-no9-del-cerro-larrain\/#article\",\"isPartOf\":{\"@id\":\"https:\/\/dev.antudigital.cl\/sites\/vc\/exposicion-nuestras-cosas-favoritas-se-presenta-en-la-junta-de-vecinos-no9-del-cerro-larrain\/\"},\"author\":{\"name\":\"Valpara\u00edso Creativo\",\"@id\":\"https:\/\/dev.antudigital.cl\/sites\/vc\/#\/schema\/person\/c2b9da8dd545e27166fc5ab232837318\"},\"headline\":\"Exposici\u00f3n \u201cNuestras cosas favoritas\u201d se presenta en la Junta de Vecinos N\u00ba9 del Cerro Larra\u00edn\",\"datePublished\":\"2024-05-20T01:14:52+00:00\",\"dateModified\":\"2024-05-20T01:15:11+00:00\",\"mainEntityOfPage\":{\"@id\":\"https:\/\/dev.antudigital.cl\/sites\/vc\/exposicion-nuestras-cosas-favoritas-se-presenta-en-la-junta-de-vecinos-no9-del-cerro-larrain\/\"},\"wordCount\":986,\"image\":{\"@id\":\"https:\/\/dev.antudigital.cl\/sites\/vc\/exposicion-nuestras-cosas-favoritas-se-presenta-en-la-junta-de-vecinos-no9-del-cerro-larrain\/#primaryimage\"},\"thumbnailUrl\":\"https:\/\/dev.antudigital.cl\/sites\/vc\/wp-content\/uploads\/2024\/05\/NUESTRAS-COSAS-FAVORITAS-01.jpg\",\"articleSection\":[\"Noticia\"],\"inLanguage\":\"es\"},{\"@type\":\"WebPage\",\"@id\":\"https:\/\/dev.antudigital.cl\/sites\/vc\/exposicion-nuestras-cosas-favoritas-se-presenta-en-la-junta-de-vecinos-no9-del-cerro-larrain\/\",\"url\":\"https:\/\/dev.antudigital.cl\/sites\/vc\/exposicion-nuestras-cosas-favoritas-se-presenta-en-la-junta-de-vecinos-no9-del-cerro-larrain\/\",\"name\":\"Exposici\u00f3n \u201cNuestras cosas favoritas\u201d se presenta en la Junta de Vecinos N\u00ba9 del Cerro Larra\u00edn - Valpara\u00ed\u00adso Creativo\",\"isPartOf\":{\"@id\":\"https:\/\/dev.antudigital.cl\/sites\/vc\/#website\"},\"primaryImageOfPage\":{\"@id\":\"https:\/\/dev.antudigital.cl\/sites\/vc\/exposicion-nuestras-cosas-favoritas-se-presenta-en-la-junta-de-vecinos-no9-del-cerro-larrain\/#primaryimage\"},\"image\":{\"@id\":\"https:\/\/dev.antudigital.cl\/sites\/vc\/exposicion-nuestras-cosas-favoritas-se-presenta-en-la-junta-de-vecinos-no9-del-cerro-larrain\/#primaryimage\"},\"thumbnailUrl\":\"https:\/\/dev.antudigital.cl\/sites\/vc\/wp-content\/uploads\/2024\/05\/NUESTRAS-COSAS-FAVORITAS-01.jpg\",\"datePublished\":\"2024-05-20T01:14:52+00:00\",\"dateModified\":\"2024-05-20T01:15:11+00:00\",\"author\":{\"@id\":\"https:\/\/dev.antudigital.cl\/sites\/vc\/#\/schema\/person\/c2b9da8dd545e27166fc5ab232837318\"},\"breadcrumb\":{\"@id\":\"https:\/\/dev.antudigital.cl\/sites\/vc\/exposicion-nuestras-cosas-favoritas-se-presenta-en-la-junta-de-vecinos-no9-del-cerro-larrain\/#breadcrumb\"},\"inLanguage\":\"es\",\"potentialAction\":[{\"@type\":\"ReadAction\",\"target\":[\"https:\/\/dev.antudigital.cl\/sites\/vc\/exposicion-nuestras-cosas-favoritas-se-presenta-en-la-junta-de-vecinos-no9-del-cerro-larrain\/\"]}]},{\"@type\":\"ImageObject\",\"inLanguage\":\"es\",\"@id\":\"https:\/\/dev.antudigital.cl\/sites\/vc\/exposicion-nuestras-cosas-favoritas-se-presenta-en-la-junta-de-vecinos-no9-del-cerro-larrain\/#primaryimage\",\"url\":\"https:\/\/dev.antudigital.cl\/sites\/vc\/wp-content\/uploads\/2024\/05\/NUESTRAS-COSAS-FAVORITAS-01.jpg\",\"contentUrl\":\"https:\/\/dev.antudigital.cl\/sites\/vc\/wp-content\/uploads\/2024\/05\/NUESTRAS-COSAS-FAVORITAS-01.jpg\",\"width\":1632,\"height\":918},{\"@type\":\"BreadcrumbList\",\"@id\":\"https:\/\/dev.antudigital.cl\/sites\/vc\/exposicion-nuestras-cosas-favoritas-se-presenta-en-la-junta-de-vecinos-no9-del-cerro-larrain\/#breadcrumb\",\"itemListElement\":[{\"@type\":\"ListItem\",\"position\":1,\"name\":\"Home\",\"item\":\"https:\/\/dev.antudigital.cl\/sites\/vc\/\"},{\"@type\":\"ListItem\",\"position\":2,\"name\":\"Exposici\u00f3n \u201cNuestras cosas favoritas\u201d se presenta en la Junta de Vecinos N\u00ba9 del Cerro Larra\u00edn\"}]},{\"@type\":\"WebSite\",\"@id\":\"https:\/\/dev.antudigital.cl\/sites\/vc\/#website\",\"url\":\"https:\/\/dev.antudigital.cl\/sites\/vc\/\",\"name\":\"Valpara\u00ed\u00adso Creativo\",\"description\":\"\",\"potentialAction\":[{\"@type\":\"SearchAction\",\"target\":{\"@type\":\"EntryPoint\",\"urlTemplate\":\"https:\/\/dev.antudigital.cl\/sites\/vc\/?s={search_term_string}\"},\"query-input\":{\"@type\":\"PropertyValueSpecification\",\"valueRequired\":true,\"valueName\":\"search_term_string\"}}],\"inLanguage\":\"es\"},{\"@type\":\"Person\",\"@id\":\"https:\/\/dev.antudigital.cl\/sites\/vc\/#\/schema\/person\/c2b9da8dd545e27166fc5ab232837318\",\"name\":\"Valpara\u00edso Creativo\",\"description\":\"Periodista de cultura en la Regi\u00f3n de Valpara\u00edso.\",\"url\":\"https:\/\/dev.antudigital.cl\/sites\/vc\/author\/valpoadmin\/\"}]}<\/script>\n<!-- \/ Yoast SEO plugin. -->","yoast_head_json":{"title":"Exposici\u00f3n \u201cNuestras cosas favoritas\u201d se presenta en la Junta de Vecinos N\u00ba9 del Cerro Larra\u00edn - Valpara\u00ed\u00adso Creativo","robots":{"index":"index","follow":"follow","max-snippet":"max-snippet:-1","max-image-preview":"max-image-preview:large","max-video-preview":"max-video-preview:-1"},"canonical":"https:\/\/dev.antudigital.cl\/sites\/vc\/exposicion-nuestras-cosas-favoritas-se-presenta-en-la-junta-de-vecinos-no9-del-cerro-larrain\/","og_locale":"es_ES","og_type":"article","og_title":"Exposici\u00f3n \u201cNuestras cosas favoritas\u201d se presenta en la Junta de Vecinos N\u00ba9 del Cerro Larra\u00edn - Valpara\u00ed\u00adso Creativo","og_description":"El jueves 16 a las 16:00 horas se realiza la exposici\u00f3n abierta \u201cNuestras cosas favoritas\u201d en la Junta de Vecinos N\u00ba9 \u201cNuevos Horizontes\u201d del Cerro Larrar\u00edn, ubicada en el Pasaje Santiago Ram\u00edrez 484. La exposici\u00f3n es el cierre de la residencia art\u00edstica de Paula Cometa en la Bienal Internacional de Artes de Valpara\u00edso, quien se [&hellip;]","og_url":"https:\/\/dev.antudigital.cl\/sites\/vc\/exposicion-nuestras-cosas-favoritas-se-presenta-en-la-junta-de-vecinos-no9-del-cerro-larrain\/","og_site_name":"Valpara\u00ed\u00adso Creativo","article_published_time":"2024-05-20T01:14:52+00:00","article_modified_time":"2024-05-20T01:15:11+00:00","og_image":[{"width":1632,"height":918,"url":"https:\/\/dev.antudigital.cl\/sites\/vc\/wp-content\/uploads\/2024\/05\/NUESTRAS-COSAS-FAVORITAS-01.jpg","type":"image\/jpeg"}],"author":"Valpara\u00edso Creativo","twitter_card":"summary_large_image","twitter_misc":{"Escrito por":"Valpara\u00edso Creativo","Tiempo de lectura":"5 minutos"},"schema":{"@context":"https:\/\/schema.org","@graph":[{"@type":"Article","@id":"https:\/\/dev.antudigital.cl\/sites\/vc\/exposicion-nuestras-cosas-favoritas-se-presenta-en-la-junta-de-vecinos-no9-del-cerro-larrain\/#article","isPartOf":{"@id":"https:\/\/dev.antudigital.cl\/sites\/vc\/exposicion-nuestras-cosas-favoritas-se-presenta-en-la-junta-de-vecinos-no9-del-cerro-larrain\/"},"author":{"name":"Valpara\u00edso Creativo","@id":"https:\/\/dev.antudigital.cl\/sites\/vc\/#\/schema\/person\/c2b9da8dd545e27166fc5ab232837318"},"headline":"Exposici\u00f3n \u201cNuestras cosas favoritas\u201d se presenta en la Junta de Vecinos N\u00ba9 del Cerro Larra\u00edn","datePublished":"2024-05-20T01:14:52+00:00","dateModified":"2024-05-20T01:15:11+00:00","mainEntityOfPage":{"@id":"https:\/\/dev.antudigital.cl\/sites\/vc\/exposicion-nuestras-cosas-favoritas-se-presenta-en-la-junta-de-vecinos-no9-del-cerro-larrain\/"},"wordCount":986,"image":{"@id":"https:\/\/dev.antudigital.cl\/sites\/vc\/exposicion-nuestras-cosas-favoritas-se-presenta-en-la-junta-de-vecinos-no9-del-cerro-larrain\/#primaryimage"},"thumbnailUrl":"https:\/\/dev.antudigital.cl\/sites\/vc\/wp-content\/uploads\/2024\/05\/NUESTRAS-COSAS-FAVORITAS-01.jpg","articleSection":["Noticia"],"inLanguage":"es"},{"@type":"WebPage","@id":"https:\/\/dev.antudigital.cl\/sites\/vc\/exposicion-nuestras-cosas-favoritas-se-presenta-en-la-junta-de-vecinos-no9-del-cerro-larrain\/","url":"https:\/\/dev.antudigital.cl\/sites\/vc\/exposicion-nuestras-cosas-favoritas-se-presenta-en-la-junta-de-vecinos-no9-del-cerro-larrain\/","name":"Exposici\u00f3n \u201cNuestras cosas favoritas\u201d se presenta en la Junta de Vecinos N\u00ba9 del Cerro Larra\u00edn - Valpara\u00ed\u00adso Creativo","isPartOf":{"@id":"https:\/\/dev.antudigital.cl\/sites\/vc\/#website"},"primaryImageOfPage":{"@id":"https:\/\/dev.antudigital.cl\/sites\/vc\/exposicion-nuestras-cosas-favoritas-se-presenta-en-la-junta-de-vecinos-no9-del-cerro-larrain\/#primaryimage"},"image":{"@id":"https:\/\/dev.antudigital.cl\/sites\/vc\/exposicion-nuestras-cosas-favoritas-se-presenta-en-la-junta-de-vecinos-no9-del-cerro-larrain\/#primaryimage"},"thumbnailUrl":"https:\/\/dev.antudigital.cl\/sites\/vc\/wp-content\/uploads\/2024\/05\/NUESTRAS-COSAS-FAVORITAS-01.jpg","datePublished":"2024-05-20T01:14:52+00:00","dateModified":"2024-05-20T01:15:11+00:00","author":{"@id":"https:\/\/dev.antudigital.cl\/sites\/vc\/#\/schema\/person\/c2b9da8dd545e27166fc5ab232837318"},"breadcrumb":{"@id":"https:\/\/dev.antudigital.cl\/sites\/vc\/exposicion-nuestras-cosas-favoritas-se-presenta-en-la-junta-de-vecinos-no9-del-cerro-larrain\/#breadcrumb"},"inLanguage":"es","potentialAction":[{"@type":"ReadAction","target":["https:\/\/dev.antudigital.cl\/sites\/vc\/exposicion-nuestras-cosas-favoritas-se-presenta-en-la-junta-de-vecinos-no9-del-cerro-larrain\/"]}]},{"@type":"ImageObject","inLanguage":"es","@id":"https:\/\/dev.antudigital.cl\/sites\/vc\/exposicion-nuestras-cosas-favoritas-se-presenta-en-la-junta-de-vecinos-no9-del-cerro-larrain\/#primaryimage","url":"https:\/\/dev.antudigital.cl\/sites\/vc\/wp-content\/uploads\/2024\/05\/NUESTRAS-COSAS-FAVORITAS-01.jpg","contentUrl":"https:\/\/dev.antudigital.cl\/sites\/vc\/wp-content\/uploads\/2024\/05\/NUESTRAS-COSAS-FAVORITAS-01.jpg","width":1632,"height":918},{"@type":"BreadcrumbList","@id":"https:\/\/dev.antudigital.cl\/sites\/vc\/exposicion-nuestras-cosas-favoritas-se-presenta-en-la-junta-de-vecinos-no9-del-cerro-larrain\/#breadcrumb","itemListElement":[{"@type":"ListItem","position":1,"name":"Home","item":"https:\/\/dev.antudigital.cl\/sites\/vc\/"},{"@type":"ListItem","position":2,"name":"Exposici\u00f3n \u201cNuestras cosas favoritas\u201d se presenta en la Junta de Vecinos N\u00ba9 del Cerro Larra\u00edn"}]},{"@type":"WebSite","@id":"https:\/\/dev.antudigital.cl\/sites\/vc\/#website","url":"https:\/\/dev.antudigital.cl\/sites\/vc\/","name":"Valpara\u00ed\u00adso Creativo","description":"","potentialAction":[{"@type":"SearchAction","target":{"@type":"EntryPoint","urlTemplate":"https:\/\/dev.antudigital.cl\/sites\/vc\/?s={search_term_string}"},"query-input":{"@type":"PropertyValueSpecification","valueRequired":true,"valueName":"search_term_string"}}],"inLanguage":"es"},{"@type":"Person","@id":"https:\/\/dev.antudigital.cl\/sites\/vc\/#\/schema\/person\/c2b9da8dd545e27166fc5ab232837318","name":"Valpara\u00edso Creativo","description":"Periodista de cultura en la Regi\u00f3n de Valpara\u00edso.","url":"https:\/\/dev.antudigital.cl\/sites\/vc\/author\/valpoadmin\/"}]}},"_links":{"self":[{"href":"https:\/\/dev.antudigital.cl\/sites\/vc\/wp-json\/wp\/v2\/posts\/19156","targetHints":{"allow":["GET"]}}],"collection":[{"href":"https:\/\/dev.antudigital.cl\/sites\/vc\/wp-json\/wp\/v2\/posts"}],"about":[{"href":"https:\/\/dev.antudigital.cl\/sites\/vc\/wp-json\/wp\/v2\/types\/post"}],"author":[{"embeddable":true,"href":"https:\/\/dev.antudigital.cl\/sites\/vc\/wp-json\/wp\/v2\/users\/1"}],"replies":[{"embeddable":true,"href":"https:\/\/dev.antudigital.cl\/sites\/vc\/wp-json\/wp\/v2\/comments?post=19156"}],"version-history":[{"count":1,"href":"https:\/\/dev.antudigital.cl\/sites\/vc\/wp-json\/wp\/v2\/posts\/19156\/revisions"}],"predecessor-version":[{"id":19159,"href":"https:\/\/dev.antudigital.cl\/sites\/vc\/wp-json\/wp\/v2\/posts\/19156\/revisions\/19159"}],"wp:featuredmedia":[{"embeddable":true,"href":"https:\/\/dev.antudigital.cl\/sites\/vc\/wp-json\/wp\/v2\/media\/19157"}],"wp:attachment":[{"href":"https:\/\/dev.antudigital.cl\/sites\/vc\/wp-json\/wp\/v2\/media?parent=19156"}],"wp:term":[{"taxonomy":"category","embeddable":true,"href":"https:\/\/dev.antudigital.cl\/sites\/vc\/wp-json\/wp\/v2\/categories?post=19156"},{"taxonomy":"post_tag","embeddable":true,"href":"https:\/\/dev.antudigital.cl\/sites\/vc\/wp-json\/wp\/v2\/tags?post=19156"}],"curies":[{"name":"wp","href":"https:\/\/api.w.org\/{rel}","templated":true}]}}