{"id":19160,"date":"2024-05-20T01:23:59","date_gmt":"2024-05-20T01:23:59","guid":{"rendered":"https:\/\/www.valparaisocreativo.cl\/?p=19160"},"modified":"2024-05-20T01:24:17","modified_gmt":"2024-05-20T01:24:17","slug":"antonio-monasterio-ensamble-en-el-parque-cultural-de-valparaiso","status":"publish","type":"post","link":"https:\/\/dev.antudigital.cl\/sites\/vc\/antonio-monasterio-ensamble-en-el-parque-cultural-de-valparaiso\/","title":{"rendered":"Antonio Monasterio Ensamble en el Parque Cultural de Valpara\u00edso"},"content":{"rendered":"\n<p>El s\u00e1bado\u00a0<strong>22 de junio<\/strong>\u00a0la banda de jazz nacional\u00a0<a href=\"https:\/\/apkqq.r.ag.d.sendibm3.com\/mk\/cl\/f\/sh\/1f8JIKXwHGZDuBaLZs857YtUnO\/jcfIQXYmVsor\" target=\"_blank\" rel=\"noreferrer noopener\">Antonio Monasterio Ensamble<\/a>\u00a0arriba al\u00a0<strong>Parque Cultural de Valpara\u00edso<\/strong>\u00a0para encender una vez m\u00e1s los escenarios. Luego de haber agotado las entradas en sus dos \u00faltimas fechas en vivo, llegan con una presentaci\u00f3n que contar\u00e1 con la presencia del\u00a0<strong>ensamble completo<\/strong>\u00a0y emocionantes\u00a0<strong>invitados especiales<\/strong>\u00a0que pronto ir\u00e1n siendo revelados. En este show de larga duraci\u00f3n interpretar\u00e1n una selecci\u00f3n de temas de sus dos discos de estudio,\u00a0<a href=\"https:\/\/apkqq.r.ag.d.sendibm3.com\/mk\/cl\/f\/sh\/1f8JIKXwHGZcrOFYX2dwNvvttW\/mCy5muDgKo56\" target=\"_blank\" rel=\"noreferrer noopener\"><strong>\u201cCentro y Periferia<\/strong><\/a><strong>\u201d y\u00a0<\/strong><a href=\"https:\/\/apkqq.r.ag.d.sendibm3.com\/mk\/cl\/f\/sh\/1f8JIKXwHGa1oaulUD9neIyIze\/y64xw1dfF-Lt\" target=\"_blank\" rel=\"noreferrer noopener\"><strong>\u201cLas Furias y el Mar\u201d<\/strong><\/a>, acompa\u00f1ados de geniales visuales y una iluminaci\u00f3n que realzar\u00e1 completamente la experiencia auditiva. <\/p>\n\n\n\n<p><a href=\"https:\/\/www.portaldisc.com\/evento\/ameparque\">Compra tus entradas aqu\u00ed<\/a><\/p>\n\n\n\n<figure class=\"wp-block-image size-full\"><img fetchpriority=\"high\" decoding=\"async\" width=\"500\" height=\"627\" src=\"https:\/\/www.valparaisocreativo.cl\/wp-content\/uploads\/2024\/05\/Captura-de-Pantalla-2024-05-19-a-las-21.20.37.png\" alt=\"\" class=\"wp-image-19162\" srcset=\"https:\/\/dev.antudigital.cl\/sites\/vc\/wp-content\/uploads\/2024\/05\/Captura-de-Pantalla-2024-05-19-a-las-21.20.37.png 500w, https:\/\/dev.antudigital.cl\/sites\/vc\/wp-content\/uploads\/2024\/05\/Captura-de-Pantalla-2024-05-19-a-las-21.20.37-239x300.png 239w, https:\/\/dev.antudigital.cl\/sites\/vc\/wp-content\/uploads\/2024\/05\/Captura-de-Pantalla-2024-05-19-a-las-21.20.37-480x602.png 480w, https:\/\/dev.antudigital.cl\/sites\/vc\/wp-content\/uploads\/2024\/05\/Captura-de-Pantalla-2024-05-19-a-las-21.20.37-19x24.png 19w, https:\/\/dev.antudigital.cl\/sites\/vc\/wp-content\/uploads\/2024\/05\/Captura-de-Pantalla-2024-05-19-a-las-21.20.37-29x36.png 29w, https:\/\/dev.antudigital.cl\/sites\/vc\/wp-content\/uploads\/2024\/05\/Captura-de-Pantalla-2024-05-19-a-las-21.20.37-38x48.png 38w\" sizes=\"(max-width: 500px) 100vw, 500px\" \/><\/figure>\n","protected":false},"excerpt":{"rendered":"<p>El s\u00e1bado\u00a022 de junio\u00a0la banda de jazz nacional\u00a0Antonio Monasterio Ensamble\u00a0arriba al\u00a0Parque Cultural de Valpara\u00edso\u00a0para encender una vez m\u00e1s los escenarios. Luego de haber agotado las entradas en sus dos \u00faltimas fechas en vivo, llegan con una presentaci\u00f3n que contar\u00e1 con la presencia del\u00a0ensamble completo\u00a0y emocionantes\u00a0invitados especiales\u00a0que pronto ir\u00e1n siendo revelados. En este show de larga [&hellip;]<\/p>\n","protected":false},"author":1,"featured_media":19161,"comment_status":"closed","ping_status":"closed","sticky":false,"template":"","format":"standard","meta":{"_acf_changed":false,"footnotes":""},"categories":[8],"tags":[],"class_list":["post-19160","post","type-post","status-publish","format-standard","has-post-thumbnail","hentry","category-noticia"],"acf":[],"yoast_head":"<!-- This site is optimized with the Yoast SEO plugin v27.1.1 - https:\/\/yoast.com\/product\/yoast-seo-wordpress\/ -->\n<title>Antonio Monasterio Ensamble en el Parque Cultural de Valpara\u00edso - Valpara\u00ed\u00adso Creativo<\/title>\n<meta name=\"robots\" content=\"index, follow, max-snippet:-1, max-image-preview:large, max-video-preview:-1\" \/>\n<link rel=\"canonical\" href=\"https:\/\/dev.antudigital.cl\/sites\/vc\/antonio-monasterio-ensamble-en-el-parque-cultural-de-valparaiso\/\" \/>\n<meta property=\"og:locale\" content=\"es_ES\" \/>\n<meta property=\"og:type\" content=\"article\" \/>\n<meta property=\"og:title\" content=\"Antonio Monasterio Ensamble en el Parque Cultural de Valpara\u00edso - Valpara\u00ed\u00adso Creativo\" \/>\n<meta property=\"og:description\" content=\"El s\u00e1bado\u00a022 de junio\u00a0la banda de jazz nacional\u00a0Antonio Monasterio Ensamble\u00a0arriba al\u00a0Parque Cultural de Valpara\u00edso\u00a0para encender una vez m\u00e1s los escenarios. Luego de haber agotado las entradas en sus dos \u00faltimas fechas en vivo, llegan con una presentaci\u00f3n que contar\u00e1 con la presencia del\u00a0ensamble completo\u00a0y emocionantes\u00a0invitados especiales\u00a0que pronto ir\u00e1n siendo revelados. En este show de larga [&hellip;]\" \/>\n<meta property=\"og:url\" content=\"https:\/\/dev.antudigital.cl\/sites\/vc\/antonio-monasterio-ensamble-en-el-parque-cultural-de-valparaiso\/\" \/>\n<meta property=\"og:site_name\" content=\"Valpara\u00ed\u00adso Creativo\" \/>\n<meta property=\"article:published_time\" content=\"2024-05-20T01:23:59+00:00\" \/>\n<meta property=\"article:modified_time\" content=\"2024-05-20T01:24:17+00:00\" \/>\n<meta property=\"og:image\" content=\"https:\/\/dev.antudigital.cl\/sites\/vc\/wp-content\/uploads\/2024\/05\/Captura-de-Pantalla-2024-05-19-a-las-21.20.53.png\" \/>\n\t<meta property=\"og:image:width\" content=\"802\" \/>\n\t<meta property=\"og:image:height\" content=\"538\" \/>\n\t<meta property=\"og:image:type\" content=\"image\/png\" \/>\n<meta name=\"author\" content=\"Valpara\u00edso Creativo\" \/>\n<meta name=\"twitter:card\" content=\"summary_large_image\" \/>\n<meta name=\"twitter:label1\" content=\"Escrito por\" \/>\n\t<meta name=\"twitter:data1\" content=\"Valpara\u00edso Creativo\" \/>\n\t<meta name=\"twitter:label2\" content=\"Tiempo de lectura\" \/>\n\t<meta name=\"twitter:data2\" content=\"1 minuto\" \/>\n<script type=\"application\/ld+json\" class=\"yoast-schema-graph\">{\"@context\":\"https:\/\/schema.org\",\"@graph\":[{\"@type\":\"Article\",\"@id\":\"https:\/\/dev.antudigital.cl\/sites\/vc\/antonio-monasterio-ensamble-en-el-parque-cultural-de-valparaiso\/#article\",\"isPartOf\":{\"@id\":\"https:\/\/dev.antudigital.cl\/sites\/vc\/antonio-monasterio-ensamble-en-el-parque-cultural-de-valparaiso\/\"},\"author\":{\"name\":\"Valpara\u00edso Creativo\",\"@id\":\"https:\/\/dev.antudigital.cl\/sites\/vc\/#\/schema\/person\/c2b9da8dd545e27166fc5ab232837318\"},\"headline\":\"Antonio Monasterio Ensamble en el Parque Cultural de Valpara\u00edso\",\"datePublished\":\"2024-05-20T01:23:59+00:00\",\"dateModified\":\"2024-05-20T01:24:17+00:00\",\"mainEntityOfPage\":{\"@id\":\"https:\/\/dev.antudigital.cl\/sites\/vc\/antonio-monasterio-ensamble-en-el-parque-cultural-de-valparaiso\/\"},\"wordCount\":122,\"image\":{\"@id\":\"https:\/\/dev.antudigital.cl\/sites\/vc\/antonio-monasterio-ensamble-en-el-parque-cultural-de-valparaiso\/#primaryimage\"},\"thumbnailUrl\":\"https:\/\/dev.antudigital.cl\/sites\/vc\/wp-content\/uploads\/2024\/05\/Captura-de-Pantalla-2024-05-19-a-las-21.20.53.png\",\"articleSection\":[\"Noticia\"],\"inLanguage\":\"es\"},{\"@type\":\"WebPage\",\"@id\":\"https:\/\/dev.antudigital.cl\/sites\/vc\/antonio-monasterio-ensamble-en-el-parque-cultural-de-valparaiso\/\",\"url\":\"https:\/\/dev.antudigital.cl\/sites\/vc\/antonio-monasterio-ensamble-en-el-parque-cultural-de-valparaiso\/\",\"name\":\"Antonio Monasterio Ensamble en el Parque Cultural de Valpara\u00edso - Valpara\u00ed\u00adso Creativo\",\"isPartOf\":{\"@id\":\"https:\/\/dev.antudigital.cl\/sites\/vc\/#website\"},\"primaryImageOfPage\":{\"@id\":\"https:\/\/dev.antudigital.cl\/sites\/vc\/antonio-monasterio-ensamble-en-el-parque-cultural-de-valparaiso\/#primaryimage\"},\"image\":{\"@id\":\"https:\/\/dev.antudigital.cl\/sites\/vc\/antonio-monasterio-ensamble-en-el-parque-cultural-de-valparaiso\/#primaryimage\"},\"thumbnailUrl\":\"https:\/\/dev.antudigital.cl\/sites\/vc\/wp-content\/uploads\/2024\/05\/Captura-de-Pantalla-2024-05-19-a-las-21.20.53.png\",\"datePublished\":\"2024-05-20T01:23:59+00:00\",\"dateModified\":\"2024-05-20T01:24:17+00:00\",\"author\":{\"@id\":\"https:\/\/dev.antudigital.cl\/sites\/vc\/#\/schema\/person\/c2b9da8dd545e27166fc5ab232837318\"},\"breadcrumb\":{\"@id\":\"https:\/\/dev.antudigital.cl\/sites\/vc\/antonio-monasterio-ensamble-en-el-parque-cultural-de-valparaiso\/#breadcrumb\"},\"inLanguage\":\"es\",\"potentialAction\":[{\"@type\":\"ReadAction\",\"target\":[\"https:\/\/dev.antudigital.cl\/sites\/vc\/antonio-monasterio-ensamble-en-el-parque-cultural-de-valparaiso\/\"]}]},{\"@type\":\"ImageObject\",\"inLanguage\":\"es\",\"@id\":\"https:\/\/dev.antudigital.cl\/sites\/vc\/antonio-monasterio-ensamble-en-el-parque-cultural-de-valparaiso\/#primaryimage\",\"url\":\"https:\/\/dev.antudigital.cl\/sites\/vc\/wp-content\/uploads\/2024\/05\/Captura-de-Pantalla-2024-05-19-a-las-21.20.53.png\",\"contentUrl\":\"https:\/\/dev.antudigital.cl\/sites\/vc\/wp-content\/uploads\/2024\/05\/Captura-de-Pantalla-2024-05-19-a-las-21.20.53.png\",\"width\":802,\"height\":538},{\"@type\":\"BreadcrumbList\",\"@id\":\"https:\/\/dev.antudigital.cl\/sites\/vc\/antonio-monasterio-ensamble-en-el-parque-cultural-de-valparaiso\/#breadcrumb\",\"itemListElement\":[{\"@type\":\"ListItem\",\"position\":1,\"name\":\"Home\",\"item\":\"https:\/\/dev.antudigital.cl\/sites\/vc\/\"},{\"@type\":\"ListItem\",\"position\":2,\"name\":\"Antonio Monasterio Ensamble en el Parque Cultural de Valpara\u00edso\"}]},{\"@type\":\"WebSite\",\"@id\":\"https:\/\/dev.antudigital.cl\/sites\/vc\/#website\",\"url\":\"https:\/\/dev.antudigital.cl\/sites\/vc\/\",\"name\":\"Valpara\u00ed\u00adso Creativo\",\"description\":\"\",\"potentialAction\":[{\"@type\":\"SearchAction\",\"target\":{\"@type\":\"EntryPoint\",\"urlTemplate\":\"https:\/\/dev.antudigital.cl\/sites\/vc\/?s={search_term_string}\"},\"query-input\":{\"@type\":\"PropertyValueSpecification\",\"valueRequired\":true,\"valueName\":\"search_term_string\"}}],\"inLanguage\":\"es\"},{\"@type\":\"Person\",\"@id\":\"https:\/\/dev.antudigital.cl\/sites\/vc\/#\/schema\/person\/c2b9da8dd545e27166fc5ab232837318\",\"name\":\"Valpara\u00edso Creativo\",\"description\":\"Periodista de cultura en la Regi\u00f3n de Valpara\u00edso.\",\"url\":\"https:\/\/dev.antudigital.cl\/sites\/vc\/author\/valpoadmin\/\"}]}<\/script>\n<!-- \/ Yoast SEO plugin. -->","yoast_head_json":{"title":"Antonio Monasterio Ensamble en el Parque Cultural de Valpara\u00edso - Valpara\u00ed\u00adso Creativo","robots":{"index":"index","follow":"follow","max-snippet":"max-snippet:-1","max-image-preview":"max-image-preview:large","max-video-preview":"max-video-preview:-1"},"canonical":"https:\/\/dev.antudigital.cl\/sites\/vc\/antonio-monasterio-ensamble-en-el-parque-cultural-de-valparaiso\/","og_locale":"es_ES","og_type":"article","og_title":"Antonio Monasterio Ensamble en el Parque Cultural de Valpara\u00edso - Valpara\u00ed\u00adso Creativo","og_description":"El s\u00e1bado\u00a022 de junio\u00a0la banda de jazz nacional\u00a0Antonio Monasterio Ensamble\u00a0arriba al\u00a0Parque Cultural de Valpara\u00edso\u00a0para encender una vez m\u00e1s los escenarios. Luego de haber agotado las entradas en sus dos \u00faltimas fechas en vivo, llegan con una presentaci\u00f3n que contar\u00e1 con la presencia del\u00a0ensamble completo\u00a0y emocionantes\u00a0invitados especiales\u00a0que pronto ir\u00e1n siendo revelados. En este show de larga [&hellip;]","og_url":"https:\/\/dev.antudigital.cl\/sites\/vc\/antonio-monasterio-ensamble-en-el-parque-cultural-de-valparaiso\/","og_site_name":"Valpara\u00ed\u00adso Creativo","article_published_time":"2024-05-20T01:23:59+00:00","article_modified_time":"2024-05-20T01:24:17+00:00","og_image":[{"width":802,"height":538,"url":"https:\/\/dev.antudigital.cl\/sites\/vc\/wp-content\/uploads\/2024\/05\/Captura-de-Pantalla-2024-05-19-a-las-21.20.53.png","type":"image\/png"}],"author":"Valpara\u00edso Creativo","twitter_card":"summary_large_image","twitter_misc":{"Escrito por":"Valpara\u00edso Creativo","Tiempo de lectura":"1 minuto"},"schema":{"@context":"https:\/\/schema.org","@graph":[{"@type":"Article","@id":"https:\/\/dev.antudigital.cl\/sites\/vc\/antonio-monasterio-ensamble-en-el-parque-cultural-de-valparaiso\/#article","isPartOf":{"@id":"https:\/\/dev.antudigital.cl\/sites\/vc\/antonio-monasterio-ensamble-en-el-parque-cultural-de-valparaiso\/"},"author":{"name":"Valpara\u00edso Creativo","@id":"https:\/\/dev.antudigital.cl\/sites\/vc\/#\/schema\/person\/c2b9da8dd545e27166fc5ab232837318"},"headline":"Antonio Monasterio Ensamble en el Parque Cultural de Valpara\u00edso","datePublished":"2024-05-20T01:23:59+00:00","dateModified":"2024-05-20T01:24:17+00:00","mainEntityOfPage":{"@id":"https:\/\/dev.antudigital.cl\/sites\/vc\/antonio-monasterio-ensamble-en-el-parque-cultural-de-valparaiso\/"},"wordCount":122,"image":{"@id":"https:\/\/dev.antudigital.cl\/sites\/vc\/antonio-monasterio-ensamble-en-el-parque-cultural-de-valparaiso\/#primaryimage"},"thumbnailUrl":"https:\/\/dev.antudigital.cl\/sites\/vc\/wp-content\/uploads\/2024\/05\/Captura-de-Pantalla-2024-05-19-a-las-21.20.53.png","articleSection":["Noticia"],"inLanguage":"es"},{"@type":"WebPage","@id":"https:\/\/dev.antudigital.cl\/sites\/vc\/antonio-monasterio-ensamble-en-el-parque-cultural-de-valparaiso\/","url":"https:\/\/dev.antudigital.cl\/sites\/vc\/antonio-monasterio-ensamble-en-el-parque-cultural-de-valparaiso\/","name":"Antonio Monasterio Ensamble en el Parque Cultural de Valpara\u00edso - Valpara\u00ed\u00adso Creativo","isPartOf":{"@id":"https:\/\/dev.antudigital.cl\/sites\/vc\/#website"},"primaryImageOfPage":{"@id":"https:\/\/dev.antudigital.cl\/sites\/vc\/antonio-monasterio-ensamble-en-el-parque-cultural-de-valparaiso\/#primaryimage"},"image":{"@id":"https:\/\/dev.antudigital.cl\/sites\/vc\/antonio-monasterio-ensamble-en-el-parque-cultural-de-valparaiso\/#primaryimage"},"thumbnailUrl":"https:\/\/dev.antudigital.cl\/sites\/vc\/wp-content\/uploads\/2024\/05\/Captura-de-Pantalla-2024-05-19-a-las-21.20.53.png","datePublished":"2024-05-20T01:23:59+00:00","dateModified":"2024-05-20T01:24:17+00:00","author":{"@id":"https:\/\/dev.antudigital.cl\/sites\/vc\/#\/schema\/person\/c2b9da8dd545e27166fc5ab232837318"},"breadcrumb":{"@id":"https:\/\/dev.antudigital.cl\/sites\/vc\/antonio-monasterio-ensamble-en-el-parque-cultural-de-valparaiso\/#breadcrumb"},"inLanguage":"es","potentialAction":[{"@type":"ReadAction","target":["https:\/\/dev.antudigital.cl\/sites\/vc\/antonio-monasterio-ensamble-en-el-parque-cultural-de-valparaiso\/"]}]},{"@type":"ImageObject","inLanguage":"es","@id":"https:\/\/dev.antudigital.cl\/sites\/vc\/antonio-monasterio-ensamble-en-el-parque-cultural-de-valparaiso\/#primaryimage","url":"https:\/\/dev.antudigital.cl\/sites\/vc\/wp-content\/uploads\/2024\/05\/Captura-de-Pantalla-2024-05-19-a-las-21.20.53.png","contentUrl":"https:\/\/dev.antudigital.cl\/sites\/vc\/wp-content\/uploads\/2024\/05\/Captura-de-Pantalla-2024-05-19-a-las-21.20.53.png","width":802,"height":538},{"@type":"BreadcrumbList","@id":"https:\/\/dev.antudigital.cl\/sites\/vc\/antonio-monasterio-ensamble-en-el-parque-cultural-de-valparaiso\/#breadcrumb","itemListElement":[{"@type":"ListItem","position":1,"name":"Home","item":"https:\/\/dev.antudigital.cl\/sites\/vc\/"},{"@type":"ListItem","position":2,"name":"Antonio Monasterio Ensamble en el Parque Cultural de Valpara\u00edso"}]},{"@type":"WebSite","@id":"https:\/\/dev.antudigital.cl\/sites\/vc\/#website","url":"https:\/\/dev.antudigital.cl\/sites\/vc\/","name":"Valpara\u00ed\u00adso Creativo","description":"","potentialAction":[{"@type":"SearchAction","target":{"@type":"EntryPoint","urlTemplate":"https:\/\/dev.antudigital.cl\/sites\/vc\/?s={search_term_string}"},"query-input":{"@type":"PropertyValueSpecification","valueRequired":true,"valueName":"search_term_string"}}],"inLanguage":"es"},{"@type":"Person","@id":"https:\/\/dev.antudigital.cl\/sites\/vc\/#\/schema\/person\/c2b9da8dd545e27166fc5ab232837318","name":"Valpara\u00edso Creativo","description":"Periodista de cultura en la Regi\u00f3n de Valpara\u00edso.","url":"https:\/\/dev.antudigital.cl\/sites\/vc\/author\/valpoadmin\/"}]}},"_links":{"self":[{"href":"https:\/\/dev.antudigital.cl\/sites\/vc\/wp-json\/wp\/v2\/posts\/19160","targetHints":{"allow":["GET"]}}],"collection":[{"href":"https:\/\/dev.antudigital.cl\/sites\/vc\/wp-json\/wp\/v2\/posts"}],"about":[{"href":"https:\/\/dev.antudigital.cl\/sites\/vc\/wp-json\/wp\/v2\/types\/post"}],"author":[{"embeddable":true,"href":"https:\/\/dev.antudigital.cl\/sites\/vc\/wp-json\/wp\/v2\/users\/1"}],"replies":[{"embeddable":true,"href":"https:\/\/dev.antudigital.cl\/sites\/vc\/wp-json\/wp\/v2\/comments?post=19160"}],"version-history":[{"count":1,"href":"https:\/\/dev.antudigital.cl\/sites\/vc\/wp-json\/wp\/v2\/posts\/19160\/revisions"}],"predecessor-version":[{"id":19163,"href":"https:\/\/dev.antudigital.cl\/sites\/vc\/wp-json\/wp\/v2\/posts\/19160\/revisions\/19163"}],"wp:featuredmedia":[{"embeddable":true,"href":"https:\/\/dev.antudigital.cl\/sites\/vc\/wp-json\/wp\/v2\/media\/19161"}],"wp:attachment":[{"href":"https:\/\/dev.antudigital.cl\/sites\/vc\/wp-json\/wp\/v2\/media?parent=19160"}],"wp:term":[{"taxonomy":"category","embeddable":true,"href":"https:\/\/dev.antudigital.cl\/sites\/vc\/wp-json\/wp\/v2\/categories?post=19160"},{"taxonomy":"post_tag","embeddable":true,"href":"https:\/\/dev.antudigital.cl\/sites\/vc\/wp-json\/wp\/v2\/tags?post=19160"}],"curies":[{"name":"wp","href":"https:\/\/api.w.org\/{rel}","templated":true}]}}