{"id":19164,"date":"2024-05-14T01:24:28","date_gmt":"2024-05-14T01:24:28","guid":{"rendered":"https:\/\/www.valparaisocreativo.cl\/?p=19164"},"modified":"2024-05-20T01:26:17","modified_gmt":"2024-05-20T01:26:17","slug":"umbria-en-kalafate-vuelve-con-nuevo-disco-al-parque-cultural-de-valparaiso","status":"publish","type":"post","link":"https:\/\/dev.antudigital.cl\/sites\/vc\/umbria-en-kalafate-vuelve-con-nuevo-disco-al-parque-cultural-de-valparaiso\/","title":{"rendered":"Umbr\u00eda en Kalafate vuelve con nuevo disco al Parque Cultural de Valpara\u00edso"},"content":{"rendered":"\n<p>La banda formada el a\u00f1o 2001 con la idea de fusionar m\u00fasica de ra\u00edz con elementos de post rock llegar\u00e1 con \u201cPAX\u201d, su m\u00e1s reciente LP y el quinto dentro de su discograf\u00eda, en una presentaci\u00f3n que se realizar\u00e1 en el Teatro del Parque Cultural de Valpara\u00edso &#8211; Ex C\u00e1rcel este s\u00e1bado 18 de mayo a las 18:00 hrs. y que tiene una adhesi\u00f3n de $3.000 y $5.000 en modalidad paga lo que puedas.<\/p>\n\n\n\n<p>Umbr\u00eda en Kalafate es una banda que surge en una \u00e9poca asociada a la b\u00fasqueda experimental por parte de las agrupaciones que circulaban en la febril escena porte\u00f1a de fines del siglo pasado e inicio de esta centuria. As\u00ed es como fueron contempor\u00e1neos de grupos como Wataflayer, Peque\u00f1as Part\u00edculas y los emblem\u00e1ticos Mostro, entre otros.<\/p>\n\n\n\n<p>Desde su primer disco, titulado&nbsp;<em>\u201cPsicofloclor\u201d<\/em>&nbsp;y publicado el a\u00f1o 2004, el grupo defini\u00f3 que la independencia<strong>&nbsp;<\/strong>ser\u00eda el camino a transitar para su m\u00fasica. Fue as\u00ed como llegaron:&nbsp;<em>\u201cEfecto Catapilco\u201d<\/em>&nbsp;(2008),&nbsp;<em>\u201cLa muerte de los \u00e1rboles\u201d<\/em>&nbsp;(2010) y&nbsp;<em>\u201cUMBRNKLFT\u201d<\/em>&nbsp;(2016) editados siempre de forma autogestionada. En cuanto a sus presentaciones en vivo han dicho presente en: Rockodromo, Woodstaco, E.S.A!, Temporales Musicales y Mil Tambores. Umbr\u00eda en Kalafate ha compartido escenario junto a exponentes mundiales como Steve Shelley (Sonic Youth), Andy Moor (The Ex) y bandas chilenas como Los Peores de Chile, Akineton Retard y La Patogallina, por citar algunas.&nbsp;&nbsp;&nbsp;&nbsp;<\/p>\n\n\n\n<p>\u201cPAX\u201d es un disco que est\u00e1 compuesto por 10 temas y que grabaron Nara (Cristi\u00e1n Bustamante), PeluK (Pablo Montalva) y Beto (Carlos Soutullo) en el \u00f1u\u00f1o\u00edno estudio CHT por Isabel Z\u00fa\u00f1iga y que cont\u00f3 con Rodrigo Paniagua en mezcla y masterizaci\u00f3n. Para la presentaci\u00f3n que har\u00e1n en el Teatro del Parque Cultural de Valpara\u00edso &#8211; Ex C\u00e1rcel, Umbr\u00eda en Kalafate revisar\u00e1 parte de su trayectoria y contar\u00e1 con la presencia de Pax (Carolina Mercadal), bajista e integrante original de la banda, adem\u00e1s estar\u00e1 la banda Cola de Zorro y las visuales de Entelequia Proyecci\u00f3n.<\/p>\n","protected":false},"excerpt":{"rendered":"<p>La banda formada el a\u00f1o 2001 con la idea de fusionar m\u00fasica de ra\u00edz con elementos de post rock llegar\u00e1 con \u201cPAX\u201d, su m\u00e1s reciente LP y el quinto dentro de su discograf\u00eda, en una presentaci\u00f3n que se realizar\u00e1 en el Teatro del Parque Cultural de Valpara\u00edso &#8211; Ex C\u00e1rcel este s\u00e1bado 18 de mayo [&hellip;]<\/p>\n","protected":false},"author":1,"featured_media":19165,"comment_status":"closed","ping_status":"closed","sticky":false,"template":"","format":"standard","meta":{"_acf_changed":false,"footnotes":""},"categories":[8],"tags":[],"class_list":["post-19164","post","type-post","status-publish","format-standard","has-post-thumbnail","hentry","category-noticia"],"acf":[],"yoast_head":"<!-- This site is optimized with the Yoast SEO plugin v27.1.1 - https:\/\/yoast.com\/product\/yoast-seo-wordpress\/ -->\n<title>Umbr\u00eda en Kalafate vuelve con nuevo disco al Parque Cultural de Valpara\u00edso - Valpara\u00ed\u00adso Creativo<\/title>\n<meta name=\"robots\" content=\"index, follow, max-snippet:-1, max-image-preview:large, max-video-preview:-1\" \/>\n<link rel=\"canonical\" href=\"https:\/\/dev.antudigital.cl\/sites\/vc\/umbria-en-kalafate-vuelve-con-nuevo-disco-al-parque-cultural-de-valparaiso\/\" \/>\n<meta property=\"og:locale\" content=\"es_ES\" \/>\n<meta property=\"og:type\" content=\"article\" \/>\n<meta property=\"og:title\" content=\"Umbr\u00eda en Kalafate vuelve con nuevo disco al Parque Cultural de Valpara\u00edso - Valpara\u00ed\u00adso Creativo\" \/>\n<meta property=\"og:description\" content=\"La banda formada el a\u00f1o 2001 con la idea de fusionar m\u00fasica de ra\u00edz con elementos de post rock llegar\u00e1 con \u201cPAX\u201d, su m\u00e1s reciente LP y el quinto dentro de su discograf\u00eda, en una presentaci\u00f3n que se realizar\u00e1 en el Teatro del Parque Cultural de Valpara\u00edso &#8211; Ex C\u00e1rcel este s\u00e1bado 18 de mayo [&hellip;]\" \/>\n<meta property=\"og:url\" content=\"https:\/\/dev.antudigital.cl\/sites\/vc\/umbria-en-kalafate-vuelve-con-nuevo-disco-al-parque-cultural-de-valparaiso\/\" \/>\n<meta property=\"og:site_name\" content=\"Valpara\u00ed\u00adso Creativo\" \/>\n<meta property=\"article:published_time\" content=\"2024-05-14T01:24:28+00:00\" \/>\n<meta property=\"article:modified_time\" content=\"2024-05-20T01:26:17+00:00\" \/>\n<meta property=\"og:image\" content=\"https:\/\/dev.antudigital.cl\/sites\/vc\/wp-content\/uploads\/2024\/05\/Umbria_en_Kalafate_02.jpg\" \/>\n\t<meta property=\"og:image:width\" content=\"960\" \/>\n\t<meta property=\"og:image:height\" content=\"641\" \/>\n\t<meta property=\"og:image:type\" content=\"image\/jpeg\" \/>\n<meta name=\"author\" content=\"Valpara\u00edso Creativo\" \/>\n<meta name=\"twitter:card\" content=\"summary_large_image\" \/>\n<meta name=\"twitter:label1\" content=\"Escrito por\" \/>\n\t<meta name=\"twitter:data1\" content=\"Valpara\u00edso Creativo\" \/>\n\t<meta name=\"twitter:label2\" content=\"Tiempo de lectura\" \/>\n\t<meta name=\"twitter:data2\" content=\"2 minutos\" \/>\n<script type=\"application\/ld+json\" class=\"yoast-schema-graph\">{\"@context\":\"https:\/\/schema.org\",\"@graph\":[{\"@type\":\"Article\",\"@id\":\"https:\/\/dev.antudigital.cl\/sites\/vc\/umbria-en-kalafate-vuelve-con-nuevo-disco-al-parque-cultural-de-valparaiso\/#article\",\"isPartOf\":{\"@id\":\"https:\/\/dev.antudigital.cl\/sites\/vc\/umbria-en-kalafate-vuelve-con-nuevo-disco-al-parque-cultural-de-valparaiso\/\"},\"author\":{\"name\":\"Valpara\u00edso Creativo\",\"@id\":\"https:\/\/dev.antudigital.cl\/sites\/vc\/#\/schema\/person\/c2b9da8dd545e27166fc5ab232837318\"},\"headline\":\"Umbr\u00eda en Kalafate vuelve con nuevo disco al Parque Cultural de Valpara\u00edso\",\"datePublished\":\"2024-05-14T01:24:28+00:00\",\"dateModified\":\"2024-05-20T01:26:17+00:00\",\"mainEntityOfPage\":{\"@id\":\"https:\/\/dev.antudigital.cl\/sites\/vc\/umbria-en-kalafate-vuelve-con-nuevo-disco-al-parque-cultural-de-valparaiso\/\"},\"wordCount\":375,\"image\":{\"@id\":\"https:\/\/dev.antudigital.cl\/sites\/vc\/umbria-en-kalafate-vuelve-con-nuevo-disco-al-parque-cultural-de-valparaiso\/#primaryimage\"},\"thumbnailUrl\":\"https:\/\/dev.antudigital.cl\/sites\/vc\/wp-content\/uploads\/2024\/05\/Umbria_en_Kalafate_02.jpg\",\"articleSection\":[\"Noticia\"],\"inLanguage\":\"es\"},{\"@type\":\"WebPage\",\"@id\":\"https:\/\/dev.antudigital.cl\/sites\/vc\/umbria-en-kalafate-vuelve-con-nuevo-disco-al-parque-cultural-de-valparaiso\/\",\"url\":\"https:\/\/dev.antudigital.cl\/sites\/vc\/umbria-en-kalafate-vuelve-con-nuevo-disco-al-parque-cultural-de-valparaiso\/\",\"name\":\"Umbr\u00eda en Kalafate vuelve con nuevo disco al Parque Cultural de Valpara\u00edso - Valpara\u00ed\u00adso Creativo\",\"isPartOf\":{\"@id\":\"https:\/\/dev.antudigital.cl\/sites\/vc\/#website\"},\"primaryImageOfPage\":{\"@id\":\"https:\/\/dev.antudigital.cl\/sites\/vc\/umbria-en-kalafate-vuelve-con-nuevo-disco-al-parque-cultural-de-valparaiso\/#primaryimage\"},\"image\":{\"@id\":\"https:\/\/dev.antudigital.cl\/sites\/vc\/umbria-en-kalafate-vuelve-con-nuevo-disco-al-parque-cultural-de-valparaiso\/#primaryimage\"},\"thumbnailUrl\":\"https:\/\/dev.antudigital.cl\/sites\/vc\/wp-content\/uploads\/2024\/05\/Umbria_en_Kalafate_02.jpg\",\"datePublished\":\"2024-05-14T01:24:28+00:00\",\"dateModified\":\"2024-05-20T01:26:17+00:00\",\"author\":{\"@id\":\"https:\/\/dev.antudigital.cl\/sites\/vc\/#\/schema\/person\/c2b9da8dd545e27166fc5ab232837318\"},\"breadcrumb\":{\"@id\":\"https:\/\/dev.antudigital.cl\/sites\/vc\/umbria-en-kalafate-vuelve-con-nuevo-disco-al-parque-cultural-de-valparaiso\/#breadcrumb\"},\"inLanguage\":\"es\",\"potentialAction\":[{\"@type\":\"ReadAction\",\"target\":[\"https:\/\/dev.antudigital.cl\/sites\/vc\/umbria-en-kalafate-vuelve-con-nuevo-disco-al-parque-cultural-de-valparaiso\/\"]}]},{\"@type\":\"ImageObject\",\"inLanguage\":\"es\",\"@id\":\"https:\/\/dev.antudigital.cl\/sites\/vc\/umbria-en-kalafate-vuelve-con-nuevo-disco-al-parque-cultural-de-valparaiso\/#primaryimage\",\"url\":\"https:\/\/dev.antudigital.cl\/sites\/vc\/wp-content\/uploads\/2024\/05\/Umbria_en_Kalafate_02.jpg\",\"contentUrl\":\"https:\/\/dev.antudigital.cl\/sites\/vc\/wp-content\/uploads\/2024\/05\/Umbria_en_Kalafate_02.jpg\",\"width\":960,\"height\":641},{\"@type\":\"BreadcrumbList\",\"@id\":\"https:\/\/dev.antudigital.cl\/sites\/vc\/umbria-en-kalafate-vuelve-con-nuevo-disco-al-parque-cultural-de-valparaiso\/#breadcrumb\",\"itemListElement\":[{\"@type\":\"ListItem\",\"position\":1,\"name\":\"Home\",\"item\":\"https:\/\/dev.antudigital.cl\/sites\/vc\/\"},{\"@type\":\"ListItem\",\"position\":2,\"name\":\"Umbr\u00eda en Kalafate vuelve con nuevo disco al Parque Cultural de Valpara\u00edso\"}]},{\"@type\":\"WebSite\",\"@id\":\"https:\/\/dev.antudigital.cl\/sites\/vc\/#website\",\"url\":\"https:\/\/dev.antudigital.cl\/sites\/vc\/\",\"name\":\"Valpara\u00ed\u00adso Creativo\",\"description\":\"\",\"potentialAction\":[{\"@type\":\"SearchAction\",\"target\":{\"@type\":\"EntryPoint\",\"urlTemplate\":\"https:\/\/dev.antudigital.cl\/sites\/vc\/?s={search_term_string}\"},\"query-input\":{\"@type\":\"PropertyValueSpecification\",\"valueRequired\":true,\"valueName\":\"search_term_string\"}}],\"inLanguage\":\"es\"},{\"@type\":\"Person\",\"@id\":\"https:\/\/dev.antudigital.cl\/sites\/vc\/#\/schema\/person\/c2b9da8dd545e27166fc5ab232837318\",\"name\":\"Valpara\u00edso Creativo\",\"description\":\"Periodista de cultura en la Regi\u00f3n de Valpara\u00edso.\",\"url\":\"https:\/\/dev.antudigital.cl\/sites\/vc\/author\/valpoadmin\/\"}]}<\/script>\n<!-- \/ Yoast SEO plugin. -->","yoast_head_json":{"title":"Umbr\u00eda en Kalafate vuelve con nuevo disco al Parque Cultural de Valpara\u00edso - Valpara\u00ed\u00adso Creativo","robots":{"index":"index","follow":"follow","max-snippet":"max-snippet:-1","max-image-preview":"max-image-preview:large","max-video-preview":"max-video-preview:-1"},"canonical":"https:\/\/dev.antudigital.cl\/sites\/vc\/umbria-en-kalafate-vuelve-con-nuevo-disco-al-parque-cultural-de-valparaiso\/","og_locale":"es_ES","og_type":"article","og_title":"Umbr\u00eda en Kalafate vuelve con nuevo disco al Parque Cultural de Valpara\u00edso - Valpara\u00ed\u00adso Creativo","og_description":"La banda formada el a\u00f1o 2001 con la idea de fusionar m\u00fasica de ra\u00edz con elementos de post rock llegar\u00e1 con \u201cPAX\u201d, su m\u00e1s reciente LP y el quinto dentro de su discograf\u00eda, en una presentaci\u00f3n que se realizar\u00e1 en el Teatro del Parque Cultural de Valpara\u00edso &#8211; Ex C\u00e1rcel este s\u00e1bado 18 de mayo [&hellip;]","og_url":"https:\/\/dev.antudigital.cl\/sites\/vc\/umbria-en-kalafate-vuelve-con-nuevo-disco-al-parque-cultural-de-valparaiso\/","og_site_name":"Valpara\u00ed\u00adso Creativo","article_published_time":"2024-05-14T01:24:28+00:00","article_modified_time":"2024-05-20T01:26:17+00:00","og_image":[{"width":960,"height":641,"url":"https:\/\/dev.antudigital.cl\/sites\/vc\/wp-content\/uploads\/2024\/05\/Umbria_en_Kalafate_02.jpg","type":"image\/jpeg"}],"author":"Valpara\u00edso Creativo","twitter_card":"summary_large_image","twitter_misc":{"Escrito por":"Valpara\u00edso Creativo","Tiempo de lectura":"2 minutos"},"schema":{"@context":"https:\/\/schema.org","@graph":[{"@type":"Article","@id":"https:\/\/dev.antudigital.cl\/sites\/vc\/umbria-en-kalafate-vuelve-con-nuevo-disco-al-parque-cultural-de-valparaiso\/#article","isPartOf":{"@id":"https:\/\/dev.antudigital.cl\/sites\/vc\/umbria-en-kalafate-vuelve-con-nuevo-disco-al-parque-cultural-de-valparaiso\/"},"author":{"name":"Valpara\u00edso Creativo","@id":"https:\/\/dev.antudigital.cl\/sites\/vc\/#\/schema\/person\/c2b9da8dd545e27166fc5ab232837318"},"headline":"Umbr\u00eda en Kalafate vuelve con nuevo disco al Parque Cultural de Valpara\u00edso","datePublished":"2024-05-14T01:24:28+00:00","dateModified":"2024-05-20T01:26:17+00:00","mainEntityOfPage":{"@id":"https:\/\/dev.antudigital.cl\/sites\/vc\/umbria-en-kalafate-vuelve-con-nuevo-disco-al-parque-cultural-de-valparaiso\/"},"wordCount":375,"image":{"@id":"https:\/\/dev.antudigital.cl\/sites\/vc\/umbria-en-kalafate-vuelve-con-nuevo-disco-al-parque-cultural-de-valparaiso\/#primaryimage"},"thumbnailUrl":"https:\/\/dev.antudigital.cl\/sites\/vc\/wp-content\/uploads\/2024\/05\/Umbria_en_Kalafate_02.jpg","articleSection":["Noticia"],"inLanguage":"es"},{"@type":"WebPage","@id":"https:\/\/dev.antudigital.cl\/sites\/vc\/umbria-en-kalafate-vuelve-con-nuevo-disco-al-parque-cultural-de-valparaiso\/","url":"https:\/\/dev.antudigital.cl\/sites\/vc\/umbria-en-kalafate-vuelve-con-nuevo-disco-al-parque-cultural-de-valparaiso\/","name":"Umbr\u00eda en Kalafate vuelve con nuevo disco al Parque Cultural de Valpara\u00edso - Valpara\u00ed\u00adso Creativo","isPartOf":{"@id":"https:\/\/dev.antudigital.cl\/sites\/vc\/#website"},"primaryImageOfPage":{"@id":"https:\/\/dev.antudigital.cl\/sites\/vc\/umbria-en-kalafate-vuelve-con-nuevo-disco-al-parque-cultural-de-valparaiso\/#primaryimage"},"image":{"@id":"https:\/\/dev.antudigital.cl\/sites\/vc\/umbria-en-kalafate-vuelve-con-nuevo-disco-al-parque-cultural-de-valparaiso\/#primaryimage"},"thumbnailUrl":"https:\/\/dev.antudigital.cl\/sites\/vc\/wp-content\/uploads\/2024\/05\/Umbria_en_Kalafate_02.jpg","datePublished":"2024-05-14T01:24:28+00:00","dateModified":"2024-05-20T01:26:17+00:00","author":{"@id":"https:\/\/dev.antudigital.cl\/sites\/vc\/#\/schema\/person\/c2b9da8dd545e27166fc5ab232837318"},"breadcrumb":{"@id":"https:\/\/dev.antudigital.cl\/sites\/vc\/umbria-en-kalafate-vuelve-con-nuevo-disco-al-parque-cultural-de-valparaiso\/#breadcrumb"},"inLanguage":"es","potentialAction":[{"@type":"ReadAction","target":["https:\/\/dev.antudigital.cl\/sites\/vc\/umbria-en-kalafate-vuelve-con-nuevo-disco-al-parque-cultural-de-valparaiso\/"]}]},{"@type":"ImageObject","inLanguage":"es","@id":"https:\/\/dev.antudigital.cl\/sites\/vc\/umbria-en-kalafate-vuelve-con-nuevo-disco-al-parque-cultural-de-valparaiso\/#primaryimage","url":"https:\/\/dev.antudigital.cl\/sites\/vc\/wp-content\/uploads\/2024\/05\/Umbria_en_Kalafate_02.jpg","contentUrl":"https:\/\/dev.antudigital.cl\/sites\/vc\/wp-content\/uploads\/2024\/05\/Umbria_en_Kalafate_02.jpg","width":960,"height":641},{"@type":"BreadcrumbList","@id":"https:\/\/dev.antudigital.cl\/sites\/vc\/umbria-en-kalafate-vuelve-con-nuevo-disco-al-parque-cultural-de-valparaiso\/#breadcrumb","itemListElement":[{"@type":"ListItem","position":1,"name":"Home","item":"https:\/\/dev.antudigital.cl\/sites\/vc\/"},{"@type":"ListItem","position":2,"name":"Umbr\u00eda en Kalafate vuelve con nuevo disco al Parque Cultural de Valpara\u00edso"}]},{"@type":"WebSite","@id":"https:\/\/dev.antudigital.cl\/sites\/vc\/#website","url":"https:\/\/dev.antudigital.cl\/sites\/vc\/","name":"Valpara\u00ed\u00adso Creativo","description":"","potentialAction":[{"@type":"SearchAction","target":{"@type":"EntryPoint","urlTemplate":"https:\/\/dev.antudigital.cl\/sites\/vc\/?s={search_term_string}"},"query-input":{"@type":"PropertyValueSpecification","valueRequired":true,"valueName":"search_term_string"}}],"inLanguage":"es"},{"@type":"Person","@id":"https:\/\/dev.antudigital.cl\/sites\/vc\/#\/schema\/person\/c2b9da8dd545e27166fc5ab232837318","name":"Valpara\u00edso Creativo","description":"Periodista de cultura en la Regi\u00f3n de Valpara\u00edso.","url":"https:\/\/dev.antudigital.cl\/sites\/vc\/author\/valpoadmin\/"}]}},"_links":{"self":[{"href":"https:\/\/dev.antudigital.cl\/sites\/vc\/wp-json\/wp\/v2\/posts\/19164","targetHints":{"allow":["GET"]}}],"collection":[{"href":"https:\/\/dev.antudigital.cl\/sites\/vc\/wp-json\/wp\/v2\/posts"}],"about":[{"href":"https:\/\/dev.antudigital.cl\/sites\/vc\/wp-json\/wp\/v2\/types\/post"}],"author":[{"embeddable":true,"href":"https:\/\/dev.antudigital.cl\/sites\/vc\/wp-json\/wp\/v2\/users\/1"}],"replies":[{"embeddable":true,"href":"https:\/\/dev.antudigital.cl\/sites\/vc\/wp-json\/wp\/v2\/comments?post=19164"}],"version-history":[{"count":1,"href":"https:\/\/dev.antudigital.cl\/sites\/vc\/wp-json\/wp\/v2\/posts\/19164\/revisions"}],"predecessor-version":[{"id":19166,"href":"https:\/\/dev.antudigital.cl\/sites\/vc\/wp-json\/wp\/v2\/posts\/19164\/revisions\/19166"}],"wp:featuredmedia":[{"embeddable":true,"href":"https:\/\/dev.antudigital.cl\/sites\/vc\/wp-json\/wp\/v2\/media\/19165"}],"wp:attachment":[{"href":"https:\/\/dev.antudigital.cl\/sites\/vc\/wp-json\/wp\/v2\/media?parent=19164"}],"wp:term":[{"taxonomy":"category","embeddable":true,"href":"https:\/\/dev.antudigital.cl\/sites\/vc\/wp-json\/wp\/v2\/categories?post=19164"},{"taxonomy":"post_tag","embeddable":true,"href":"https:\/\/dev.antudigital.cl\/sites\/vc\/wp-json\/wp\/v2\/tags?post=19164"}],"curies":[{"name":"wp","href":"https:\/\/api.w.org\/{rel}","templated":true}]}}