{"id":19171,"date":"2024-05-20T01:40:55","date_gmt":"2024-05-20T01:40:55","guid":{"rendered":"https:\/\/www.valparaisocreativo.cl\/?p=19171"},"modified":"2024-05-20T01:41:12","modified_gmt":"2024-05-20T01:41:12","slug":"ii-seminario-roberto-hernandez-cornejo-periodismo-historia-y-patrimonio","status":"publish","type":"post","link":"https:\/\/dev.antudigital.cl\/sites\/vc\/ii-seminario-roberto-hernandez-cornejo-periodismo-historia-y-patrimonio\/","title":{"rendered":"II Seminario Roberto Hern\u00e1ndez Cornejo: Periodismo, historia y patrimonio"},"content":{"rendered":"\n<p>El II Seminario Roberto Hern\u00e1ndez Cornejo: Periodismo, historia y patrimonio, tendr\u00e1 lugar en la sede Traslavi\u00f1a 365 del Instituto de Historia el pr\u00f3ximo 23 de mayo.<\/p>\n\n\n\n<p>El evento conjunto entre su Fundaci\u00f3n, el Instituto de Historia y la Escuela de Periodismo PUCV, une las dos disciplinas que fueron la motivaci\u00f3n profesional de Hern\u00e1ndez.<\/p>\n\n\n\n<p>A continuaci\u00f3n les compartimos el programa completo junto a sus expositores y expositoras.<\/p>\n\n\n\n<figure class=\"wp-block-image size-large\"><img fetchpriority=\"high\" decoding=\"async\" width=\"1024\" height=\"791\" src=\"https:\/\/www.valparaisocreativo.cl\/wp-content\/uploads\/2024\/05\/Programa_Seminario_RHC_2024_page-0001-1024x791.jpg\" alt=\"\" class=\"wp-image-19172\" srcset=\"https:\/\/dev.antudigital.cl\/sites\/vc\/wp-content\/uploads\/2024\/05\/Programa_Seminario_RHC_2024_page-0001-1024x791.jpg 1024w, https:\/\/dev.antudigital.cl\/sites\/vc\/wp-content\/uploads\/2024\/05\/Programa_Seminario_RHC_2024_page-0001-300x232.jpg 300w, https:\/\/dev.antudigital.cl\/sites\/vc\/wp-content\/uploads\/2024\/05\/Programa_Seminario_RHC_2024_page-0001-768x593.jpg 768w, https:\/\/dev.antudigital.cl\/sites\/vc\/wp-content\/uploads\/2024\/05\/Programa_Seminario_RHC_2024_page-0001-1536x1187.jpg 1536w, https:\/\/dev.antudigital.cl\/sites\/vc\/wp-content\/uploads\/2024\/05\/Programa_Seminario_RHC_2024_page-0001-1080x835.jpg 1080w, https:\/\/dev.antudigital.cl\/sites\/vc\/wp-content\/uploads\/2024\/05\/Programa_Seminario_RHC_2024_page-0001-1280x989.jpg 1280w, https:\/\/dev.antudigital.cl\/sites\/vc\/wp-content\/uploads\/2024\/05\/Programa_Seminario_RHC_2024_page-0001-980x757.jpg 980w, https:\/\/dev.antudigital.cl\/sites\/vc\/wp-content\/uploads\/2024\/05\/Programa_Seminario_RHC_2024_page-0001-480x371.jpg 480w, https:\/\/dev.antudigital.cl\/sites\/vc\/wp-content\/uploads\/2024\/05\/Programa_Seminario_RHC_2024_page-0001-24x19.jpg 24w, https:\/\/dev.antudigital.cl\/sites\/vc\/wp-content\/uploads\/2024\/05\/Programa_Seminario_RHC_2024_page-0001-36x28.jpg 36w, https:\/\/dev.antudigital.cl\/sites\/vc\/wp-content\/uploads\/2024\/05\/Programa_Seminario_RHC_2024_page-0001-48x37.jpg 48w, https:\/\/dev.antudigital.cl\/sites\/vc\/wp-content\/uploads\/2024\/05\/Programa_Seminario_RHC_2024_page-0001.jpg 1650w\" sizes=\"(max-width: 1024px) 100vw, 1024px\" \/><\/figure>\n","protected":false},"excerpt":{"rendered":"<p>El II Seminario Roberto Hern\u00e1ndez Cornejo: Periodismo, historia y patrimonio, tendr\u00e1 lugar en la sede Traslavi\u00f1a 365 del Instituto de Historia el pr\u00f3ximo 23 de mayo. El evento conjunto entre su Fundaci\u00f3n, el Instituto de Historia y la Escuela de Periodismo PUCV, une las dos disciplinas que fueron la motivaci\u00f3n profesional de Hern\u00e1ndez. A continuaci\u00f3n [&hellip;]<\/p>\n","protected":false},"author":1,"featured_media":19173,"comment_status":"closed","ping_status":"closed","sticky":false,"template":"","format":"standard","meta":{"_acf_changed":false,"footnotes":""},"categories":[8],"tags":[],"class_list":["post-19171","post","type-post","status-publish","format-standard","has-post-thumbnail","hentry","category-noticia"],"acf":[],"yoast_head":"<!-- This site is optimized with the Yoast SEO plugin v27.1.1 - https:\/\/yoast.com\/product\/yoast-seo-wordpress\/ -->\n<title>II Seminario Roberto Hern\u00e1ndez Cornejo: Periodismo, historia y patrimonio - Valpara\u00ed\u00adso Creativo<\/title>\n<meta name=\"robots\" content=\"index, follow, max-snippet:-1, max-image-preview:large, max-video-preview:-1\" \/>\n<link rel=\"canonical\" href=\"https:\/\/dev.antudigital.cl\/sites\/vc\/ii-seminario-roberto-hernandez-cornejo-periodismo-historia-y-patrimonio\/\" \/>\n<meta property=\"og:locale\" content=\"es_ES\" \/>\n<meta property=\"og:type\" content=\"article\" \/>\n<meta property=\"og:title\" content=\"II Seminario Roberto Hern\u00e1ndez Cornejo: Periodismo, historia y patrimonio - Valpara\u00ed\u00adso Creativo\" \/>\n<meta property=\"og:description\" content=\"El II Seminario Roberto Hern\u00e1ndez Cornejo: Periodismo, historia y patrimonio, tendr\u00e1 lugar en la sede Traslavi\u00f1a 365 del Instituto de Historia el pr\u00f3ximo 23 de mayo. El evento conjunto entre su Fundaci\u00f3n, el Instituto de Historia y la Escuela de Periodismo PUCV, une las dos disciplinas que fueron la motivaci\u00f3n profesional de Hern\u00e1ndez. A continuaci\u00f3n [&hellip;]\" \/>\n<meta property=\"og:url\" content=\"https:\/\/dev.antudigital.cl\/sites\/vc\/ii-seminario-roberto-hernandez-cornejo-periodismo-historia-y-patrimonio\/\" \/>\n<meta property=\"og:site_name\" content=\"Valpara\u00ed\u00adso Creativo\" \/>\n<meta property=\"article:published_time\" content=\"2024-05-20T01:40:55+00:00\" \/>\n<meta property=\"article:modified_time\" content=\"2024-05-20T01:41:12+00:00\" \/>\n<meta property=\"og:image\" content=\"https:\/\/dev.antudigital.cl\/sites\/vc\/wp-content\/uploads\/2024\/05\/Captura-de-Pantalla-2024-05-19-a-las-21.40.16.png\" \/>\n\t<meta property=\"og:image:width\" content=\"586\" \/>\n\t<meta property=\"og:image:height\" content=\"203\" \/>\n\t<meta property=\"og:image:type\" content=\"image\/png\" \/>\n<meta name=\"author\" content=\"Valpara\u00edso Creativo\" \/>\n<meta name=\"twitter:card\" content=\"summary_large_image\" \/>\n<meta name=\"twitter:label1\" content=\"Escrito por\" \/>\n\t<meta name=\"twitter:data1\" content=\"Valpara\u00edso Creativo\" \/>\n\t<meta name=\"twitter:label2\" content=\"Tiempo de lectura\" \/>\n\t<meta name=\"twitter:data2\" content=\"1 minuto\" \/>\n<script type=\"application\/ld+json\" class=\"yoast-schema-graph\">{\"@context\":\"https:\/\/schema.org\",\"@graph\":[{\"@type\":\"Article\",\"@id\":\"https:\/\/dev.antudigital.cl\/sites\/vc\/ii-seminario-roberto-hernandez-cornejo-periodismo-historia-y-patrimonio\/#article\",\"isPartOf\":{\"@id\":\"https:\/\/dev.antudigital.cl\/sites\/vc\/ii-seminario-roberto-hernandez-cornejo-periodismo-historia-y-patrimonio\/\"},\"author\":{\"name\":\"Valpara\u00edso Creativo\",\"@id\":\"https:\/\/dev.antudigital.cl\/sites\/vc\/#\/schema\/person\/c2b9da8dd545e27166fc5ab232837318\"},\"headline\":\"II Seminario Roberto Hern\u00e1ndez Cornejo: Periodismo, historia y patrimonio\",\"datePublished\":\"2024-05-20T01:40:55+00:00\",\"dateModified\":\"2024-05-20T01:41:12+00:00\",\"mainEntityOfPage\":{\"@id\":\"https:\/\/dev.antudigital.cl\/sites\/vc\/ii-seminario-roberto-hernandez-cornejo-periodismo-historia-y-patrimonio\/\"},\"wordCount\":81,\"image\":{\"@id\":\"https:\/\/dev.antudigital.cl\/sites\/vc\/ii-seminario-roberto-hernandez-cornejo-periodismo-historia-y-patrimonio\/#primaryimage\"},\"thumbnailUrl\":\"https:\/\/dev.antudigital.cl\/sites\/vc\/wp-content\/uploads\/2024\/05\/Captura-de-Pantalla-2024-05-19-a-las-21.40.16.png\",\"articleSection\":[\"Noticia\"],\"inLanguage\":\"es\"},{\"@type\":\"WebPage\",\"@id\":\"https:\/\/dev.antudigital.cl\/sites\/vc\/ii-seminario-roberto-hernandez-cornejo-periodismo-historia-y-patrimonio\/\",\"url\":\"https:\/\/dev.antudigital.cl\/sites\/vc\/ii-seminario-roberto-hernandez-cornejo-periodismo-historia-y-patrimonio\/\",\"name\":\"II Seminario Roberto Hern\u00e1ndez Cornejo: Periodismo, historia y patrimonio - Valpara\u00ed\u00adso Creativo\",\"isPartOf\":{\"@id\":\"https:\/\/dev.antudigital.cl\/sites\/vc\/#website\"},\"primaryImageOfPage\":{\"@id\":\"https:\/\/dev.antudigital.cl\/sites\/vc\/ii-seminario-roberto-hernandez-cornejo-periodismo-historia-y-patrimonio\/#primaryimage\"},\"image\":{\"@id\":\"https:\/\/dev.antudigital.cl\/sites\/vc\/ii-seminario-roberto-hernandez-cornejo-periodismo-historia-y-patrimonio\/#primaryimage\"},\"thumbnailUrl\":\"https:\/\/dev.antudigital.cl\/sites\/vc\/wp-content\/uploads\/2024\/05\/Captura-de-Pantalla-2024-05-19-a-las-21.40.16.png\",\"datePublished\":\"2024-05-20T01:40:55+00:00\",\"dateModified\":\"2024-05-20T01:41:12+00:00\",\"author\":{\"@id\":\"https:\/\/dev.antudigital.cl\/sites\/vc\/#\/schema\/person\/c2b9da8dd545e27166fc5ab232837318\"},\"breadcrumb\":{\"@id\":\"https:\/\/dev.antudigital.cl\/sites\/vc\/ii-seminario-roberto-hernandez-cornejo-periodismo-historia-y-patrimonio\/#breadcrumb\"},\"inLanguage\":\"es\",\"potentialAction\":[{\"@type\":\"ReadAction\",\"target\":[\"https:\/\/dev.antudigital.cl\/sites\/vc\/ii-seminario-roberto-hernandez-cornejo-periodismo-historia-y-patrimonio\/\"]}]},{\"@type\":\"ImageObject\",\"inLanguage\":\"es\",\"@id\":\"https:\/\/dev.antudigital.cl\/sites\/vc\/ii-seminario-roberto-hernandez-cornejo-periodismo-historia-y-patrimonio\/#primaryimage\",\"url\":\"https:\/\/dev.antudigital.cl\/sites\/vc\/wp-content\/uploads\/2024\/05\/Captura-de-Pantalla-2024-05-19-a-las-21.40.16.png\",\"contentUrl\":\"https:\/\/dev.antudigital.cl\/sites\/vc\/wp-content\/uploads\/2024\/05\/Captura-de-Pantalla-2024-05-19-a-las-21.40.16.png\",\"width\":586,\"height\":203},{\"@type\":\"BreadcrumbList\",\"@id\":\"https:\/\/dev.antudigital.cl\/sites\/vc\/ii-seminario-roberto-hernandez-cornejo-periodismo-historia-y-patrimonio\/#breadcrumb\",\"itemListElement\":[{\"@type\":\"ListItem\",\"position\":1,\"name\":\"Home\",\"item\":\"https:\/\/dev.antudigital.cl\/sites\/vc\/\"},{\"@type\":\"ListItem\",\"position\":2,\"name\":\"II Seminario Roberto Hern\u00e1ndez Cornejo: Periodismo, historia y patrimonio\"}]},{\"@type\":\"WebSite\",\"@id\":\"https:\/\/dev.antudigital.cl\/sites\/vc\/#website\",\"url\":\"https:\/\/dev.antudigital.cl\/sites\/vc\/\",\"name\":\"Valpara\u00ed\u00adso Creativo\",\"description\":\"\",\"potentialAction\":[{\"@type\":\"SearchAction\",\"target\":{\"@type\":\"EntryPoint\",\"urlTemplate\":\"https:\/\/dev.antudigital.cl\/sites\/vc\/?s={search_term_string}\"},\"query-input\":{\"@type\":\"PropertyValueSpecification\",\"valueRequired\":true,\"valueName\":\"search_term_string\"}}],\"inLanguage\":\"es\"},{\"@type\":\"Person\",\"@id\":\"https:\/\/dev.antudigital.cl\/sites\/vc\/#\/schema\/person\/c2b9da8dd545e27166fc5ab232837318\",\"name\":\"Valpara\u00edso Creativo\",\"description\":\"Periodista de cultura en la Regi\u00f3n de Valpara\u00edso.\",\"url\":\"https:\/\/dev.antudigital.cl\/sites\/vc\/author\/valpoadmin\/\"}]}<\/script>\n<!-- \/ Yoast SEO plugin. -->","yoast_head_json":{"title":"II Seminario Roberto Hern\u00e1ndez Cornejo: Periodismo, historia y patrimonio - Valpara\u00ed\u00adso Creativo","robots":{"index":"index","follow":"follow","max-snippet":"max-snippet:-1","max-image-preview":"max-image-preview:large","max-video-preview":"max-video-preview:-1"},"canonical":"https:\/\/dev.antudigital.cl\/sites\/vc\/ii-seminario-roberto-hernandez-cornejo-periodismo-historia-y-patrimonio\/","og_locale":"es_ES","og_type":"article","og_title":"II Seminario Roberto Hern\u00e1ndez Cornejo: Periodismo, historia y patrimonio - Valpara\u00ed\u00adso Creativo","og_description":"El II Seminario Roberto Hern\u00e1ndez Cornejo: Periodismo, historia y patrimonio, tendr\u00e1 lugar en la sede Traslavi\u00f1a 365 del Instituto de Historia el pr\u00f3ximo 23 de mayo. El evento conjunto entre su Fundaci\u00f3n, el Instituto de Historia y la Escuela de Periodismo PUCV, une las dos disciplinas que fueron la motivaci\u00f3n profesional de Hern\u00e1ndez. A continuaci\u00f3n [&hellip;]","og_url":"https:\/\/dev.antudigital.cl\/sites\/vc\/ii-seminario-roberto-hernandez-cornejo-periodismo-historia-y-patrimonio\/","og_site_name":"Valpara\u00ed\u00adso Creativo","article_published_time":"2024-05-20T01:40:55+00:00","article_modified_time":"2024-05-20T01:41:12+00:00","og_image":[{"width":586,"height":203,"url":"https:\/\/dev.antudigital.cl\/sites\/vc\/wp-content\/uploads\/2024\/05\/Captura-de-Pantalla-2024-05-19-a-las-21.40.16.png","type":"image\/png"}],"author":"Valpara\u00edso Creativo","twitter_card":"summary_large_image","twitter_misc":{"Escrito por":"Valpara\u00edso Creativo","Tiempo de lectura":"1 minuto"},"schema":{"@context":"https:\/\/schema.org","@graph":[{"@type":"Article","@id":"https:\/\/dev.antudigital.cl\/sites\/vc\/ii-seminario-roberto-hernandez-cornejo-periodismo-historia-y-patrimonio\/#article","isPartOf":{"@id":"https:\/\/dev.antudigital.cl\/sites\/vc\/ii-seminario-roberto-hernandez-cornejo-periodismo-historia-y-patrimonio\/"},"author":{"name":"Valpara\u00edso Creativo","@id":"https:\/\/dev.antudigital.cl\/sites\/vc\/#\/schema\/person\/c2b9da8dd545e27166fc5ab232837318"},"headline":"II Seminario Roberto Hern\u00e1ndez Cornejo: Periodismo, historia y patrimonio","datePublished":"2024-05-20T01:40:55+00:00","dateModified":"2024-05-20T01:41:12+00:00","mainEntityOfPage":{"@id":"https:\/\/dev.antudigital.cl\/sites\/vc\/ii-seminario-roberto-hernandez-cornejo-periodismo-historia-y-patrimonio\/"},"wordCount":81,"image":{"@id":"https:\/\/dev.antudigital.cl\/sites\/vc\/ii-seminario-roberto-hernandez-cornejo-periodismo-historia-y-patrimonio\/#primaryimage"},"thumbnailUrl":"https:\/\/dev.antudigital.cl\/sites\/vc\/wp-content\/uploads\/2024\/05\/Captura-de-Pantalla-2024-05-19-a-las-21.40.16.png","articleSection":["Noticia"],"inLanguage":"es"},{"@type":"WebPage","@id":"https:\/\/dev.antudigital.cl\/sites\/vc\/ii-seminario-roberto-hernandez-cornejo-periodismo-historia-y-patrimonio\/","url":"https:\/\/dev.antudigital.cl\/sites\/vc\/ii-seminario-roberto-hernandez-cornejo-periodismo-historia-y-patrimonio\/","name":"II Seminario Roberto Hern\u00e1ndez Cornejo: Periodismo, historia y patrimonio - Valpara\u00ed\u00adso Creativo","isPartOf":{"@id":"https:\/\/dev.antudigital.cl\/sites\/vc\/#website"},"primaryImageOfPage":{"@id":"https:\/\/dev.antudigital.cl\/sites\/vc\/ii-seminario-roberto-hernandez-cornejo-periodismo-historia-y-patrimonio\/#primaryimage"},"image":{"@id":"https:\/\/dev.antudigital.cl\/sites\/vc\/ii-seminario-roberto-hernandez-cornejo-periodismo-historia-y-patrimonio\/#primaryimage"},"thumbnailUrl":"https:\/\/dev.antudigital.cl\/sites\/vc\/wp-content\/uploads\/2024\/05\/Captura-de-Pantalla-2024-05-19-a-las-21.40.16.png","datePublished":"2024-05-20T01:40:55+00:00","dateModified":"2024-05-20T01:41:12+00:00","author":{"@id":"https:\/\/dev.antudigital.cl\/sites\/vc\/#\/schema\/person\/c2b9da8dd545e27166fc5ab232837318"},"breadcrumb":{"@id":"https:\/\/dev.antudigital.cl\/sites\/vc\/ii-seminario-roberto-hernandez-cornejo-periodismo-historia-y-patrimonio\/#breadcrumb"},"inLanguage":"es","potentialAction":[{"@type":"ReadAction","target":["https:\/\/dev.antudigital.cl\/sites\/vc\/ii-seminario-roberto-hernandez-cornejo-periodismo-historia-y-patrimonio\/"]}]},{"@type":"ImageObject","inLanguage":"es","@id":"https:\/\/dev.antudigital.cl\/sites\/vc\/ii-seminario-roberto-hernandez-cornejo-periodismo-historia-y-patrimonio\/#primaryimage","url":"https:\/\/dev.antudigital.cl\/sites\/vc\/wp-content\/uploads\/2024\/05\/Captura-de-Pantalla-2024-05-19-a-las-21.40.16.png","contentUrl":"https:\/\/dev.antudigital.cl\/sites\/vc\/wp-content\/uploads\/2024\/05\/Captura-de-Pantalla-2024-05-19-a-las-21.40.16.png","width":586,"height":203},{"@type":"BreadcrumbList","@id":"https:\/\/dev.antudigital.cl\/sites\/vc\/ii-seminario-roberto-hernandez-cornejo-periodismo-historia-y-patrimonio\/#breadcrumb","itemListElement":[{"@type":"ListItem","position":1,"name":"Home","item":"https:\/\/dev.antudigital.cl\/sites\/vc\/"},{"@type":"ListItem","position":2,"name":"II Seminario Roberto Hern\u00e1ndez Cornejo: Periodismo, historia y patrimonio"}]},{"@type":"WebSite","@id":"https:\/\/dev.antudigital.cl\/sites\/vc\/#website","url":"https:\/\/dev.antudigital.cl\/sites\/vc\/","name":"Valpara\u00ed\u00adso Creativo","description":"","potentialAction":[{"@type":"SearchAction","target":{"@type":"EntryPoint","urlTemplate":"https:\/\/dev.antudigital.cl\/sites\/vc\/?s={search_term_string}"},"query-input":{"@type":"PropertyValueSpecification","valueRequired":true,"valueName":"search_term_string"}}],"inLanguage":"es"},{"@type":"Person","@id":"https:\/\/dev.antudigital.cl\/sites\/vc\/#\/schema\/person\/c2b9da8dd545e27166fc5ab232837318","name":"Valpara\u00edso Creativo","description":"Periodista de cultura en la Regi\u00f3n de Valpara\u00edso.","url":"https:\/\/dev.antudigital.cl\/sites\/vc\/author\/valpoadmin\/"}]}},"_links":{"self":[{"href":"https:\/\/dev.antudigital.cl\/sites\/vc\/wp-json\/wp\/v2\/posts\/19171","targetHints":{"allow":["GET"]}}],"collection":[{"href":"https:\/\/dev.antudigital.cl\/sites\/vc\/wp-json\/wp\/v2\/posts"}],"about":[{"href":"https:\/\/dev.antudigital.cl\/sites\/vc\/wp-json\/wp\/v2\/types\/post"}],"author":[{"embeddable":true,"href":"https:\/\/dev.antudigital.cl\/sites\/vc\/wp-json\/wp\/v2\/users\/1"}],"replies":[{"embeddable":true,"href":"https:\/\/dev.antudigital.cl\/sites\/vc\/wp-json\/wp\/v2\/comments?post=19171"}],"version-history":[{"count":1,"href":"https:\/\/dev.antudigital.cl\/sites\/vc\/wp-json\/wp\/v2\/posts\/19171\/revisions"}],"predecessor-version":[{"id":19174,"href":"https:\/\/dev.antudigital.cl\/sites\/vc\/wp-json\/wp\/v2\/posts\/19171\/revisions\/19174"}],"wp:featuredmedia":[{"embeddable":true,"href":"https:\/\/dev.antudigital.cl\/sites\/vc\/wp-json\/wp\/v2\/media\/19173"}],"wp:attachment":[{"href":"https:\/\/dev.antudigital.cl\/sites\/vc\/wp-json\/wp\/v2\/media?parent=19171"}],"wp:term":[{"taxonomy":"category","embeddable":true,"href":"https:\/\/dev.antudigital.cl\/sites\/vc\/wp-json\/wp\/v2\/categories?post=19171"},{"taxonomy":"post_tag","embeddable":true,"href":"https:\/\/dev.antudigital.cl\/sites\/vc\/wp-json\/wp\/v2\/tags?post=19171"}],"curies":[{"name":"wp","href":"https:\/\/api.w.org\/{rel}","templated":true}]}}