{"id":19178,"date":"2024-05-21T00:30:34","date_gmt":"2024-05-21T00:30:34","guid":{"rendered":"https:\/\/www.valparaisocreativo.cl\/?p=19178"},"modified":"2024-05-21T00:30:54","modified_gmt":"2024-05-21T00:30:54","slug":"entrevista-a-tomas-albagly-presidente-del-comite-ejecutivo-de-valparaiso-creativo-y-director-del-instituto-profesional-arcos-region-de-valparaiso","status":"publish","type":"post","link":"https:\/\/dev.antudigital.cl\/sites\/vc\/entrevista-a-tomas-albagly-presidente-del-comite-ejecutivo-de-valparaiso-creativo-y-director-del-instituto-profesional-arcos-region-de-valparaiso\/","title":{"rendered":"Entrevista a Tom\u00e1s Albagly, presidente del Comit\u00e9 Ejecutivo de Valpara\u00edso Creativo y director del Instituto Profesional ARCOS regi\u00f3n de Valpara\u00edso"},"content":{"rendered":"\n<p><strong>I.P. ARCOS y Valpara\u00edso Creativo han generado un espacio de comunicaci\u00f3n para difundir la labor conjunta que potencia a la escena creativa de la regi\u00f3n. Esta colaboraci\u00f3n trasciende la virtualidad y se traduce en eventos y activaciones concretas realizadas entre ambas instituciones. \u00bfQu\u00e9 hay detr\u00e1s de este trabajo conjunto?<\/strong><\/p>\n\n\n\n<p>Como parte de la alianza de contenidos entre Instituto Profesional ARCOS y Valpara\u00edso Creativo, se ha generado un espacio de comunicaci\u00f3n para difundir la labor en conjunto, potenciando la escena creativa de la zona. Esta colaboraci\u00f3n se hace presente especialmente en el hecho de que el director regional de ARCOS, Tom\u00e1s Albagly sea, adem\u00e1s, el actual presidente del Comit\u00e9 Ejecutivo de Valpara\u00edso Creativo.<\/p>\n\n\n\n<p><strong>\u00bfC\u00f3mo ha sido presidir el Comit\u00e9 Ejecutivo de Valpara\u00edso Creativo?<\/strong><\/p>\n\n\n\n<p>&#8211; Primero, quiero agradecer la entrevista para divulgar todo el quehacer del programa Valpara\u00edso Creativo en congruencia con el Instituto Profesional ARCOS. Con respecto a la pregunta, el presidir el Comit\u00e9 ha sido una experiencia muy enriquecedora y muy desafiante. Hemos trabajado arduamente para fomentar la innovaci\u00f3n y la creatividad en la regi\u00f3n, lo que a nuestro entender ha sido crucial para aportar al desarrollo social y econ\u00f3mico.&nbsp;<\/p>\n\n\n\n<p><strong>\u00bfC\u00f3mo has observado la alianza y sinergia que se ha generado entre Valpara\u00edso Creativo y ARCOS?<\/strong><\/p>\n\n\n\n<p>&#8211; La alianza que tenemos ha demostrado ser muy fruct\u00edfera, lo que ha permitido integrar la educaci\u00f3n art\u00edstica y cultural con iniciativas de desarrollo regional, lo que ha enriquecido la formaci\u00f3n de nuestros estudiantes y, sin duda alguna, a nuestra econom\u00eda local.<\/p>\n\n\n\n<figure class=\"wp-block-image size-full\"><img fetchpriority=\"high\" decoding=\"async\" width=\"1024\" height=\"768\" src=\"https:\/\/www.valparaisocreativo.cl\/wp-content\/uploads\/2024\/05\/Ultimo-Comite-Ejecutivo-de-Valparaiso-mayo-2024-1024x768-1.jpeg\" alt=\"\" class=\"wp-image-19181\" srcset=\"https:\/\/dev.antudigital.cl\/sites\/vc\/wp-content\/uploads\/2024\/05\/Ultimo-Comite-Ejecutivo-de-Valparaiso-mayo-2024-1024x768-1.jpeg 1024w, https:\/\/dev.antudigital.cl\/sites\/vc\/wp-content\/uploads\/2024\/05\/Ultimo-Comite-Ejecutivo-de-Valparaiso-mayo-2024-1024x768-1-300x225.jpeg 300w, https:\/\/dev.antudigital.cl\/sites\/vc\/wp-content\/uploads\/2024\/05\/Ultimo-Comite-Ejecutivo-de-Valparaiso-mayo-2024-1024x768-1-768x576.jpeg 768w, https:\/\/dev.antudigital.cl\/sites\/vc\/wp-content\/uploads\/2024\/05\/Ultimo-Comite-Ejecutivo-de-Valparaiso-mayo-2024-1024x768-1-510x382.jpeg 510w, https:\/\/dev.antudigital.cl\/sites\/vc\/wp-content\/uploads\/2024\/05\/Ultimo-Comite-Ejecutivo-de-Valparaiso-mayo-2024-1024x768-1-980x735.jpeg 980w, https:\/\/dev.antudigital.cl\/sites\/vc\/wp-content\/uploads\/2024\/05\/Ultimo-Comite-Ejecutivo-de-Valparaiso-mayo-2024-1024x768-1-480x360.jpeg 480w, https:\/\/dev.antudigital.cl\/sites\/vc\/wp-content\/uploads\/2024\/05\/Ultimo-Comite-Ejecutivo-de-Valparaiso-mayo-2024-1024x768-1-24x18.jpeg 24w, https:\/\/dev.antudigital.cl\/sites\/vc\/wp-content\/uploads\/2024\/05\/Ultimo-Comite-Ejecutivo-de-Valparaiso-mayo-2024-1024x768-1-36x27.jpeg 36w, https:\/\/dev.antudigital.cl\/sites\/vc\/wp-content\/uploads\/2024\/05\/Ultimo-Comite-Ejecutivo-de-Valparaiso-mayo-2024-1024x768-1-48x36.jpeg 48w\" sizes=\"(max-width: 1024px) 100vw, 1024px\" \/><\/figure>\n\n\n\n<p><strong>\u00bfQu\u00e9 destacar\u00eda de la labor del Comit\u00e9 y de las actividades en colaboraci\u00f3n?<\/strong><\/p>\n\n\n\n<p>&#8211; Tiene mucha relaci\u00f3n con la labor del Comit\u00e9 y los ejes estrat\u00e9gicos del programa. En ese sentido, destacar\u00eda la capacidad que hemos tenido de movilizar y congregar a diferentes actores de la Econom\u00eda Creativa de Valpara\u00edso, mediante m\u00faltiples actividades, como festivales, exposiciones, activaciones y talleres que, a m\u00ed parecer, han sido esenciales para visibilizar y valorar el arte y la cultura a nivel regional, adem\u00e1s de proporcionar plataformas para que los y las creativas exhiban y, a la vez, comercialicen sus obras.&nbsp;<\/p>\n\n\n\n<p><strong>\u00bfCu\u00e1les son sus proyecciones en la presidencia del Comit\u00e9 Ejecutivo?<\/strong><\/p>\n\n\n\n<p>&#8211; Consolidar los proyectos ya en marcha, fortalecer lo que ya tenemos armado. Tuvimos hace poco una cuenta p\u00fablica y tenemos indicadores bastante positivos que dan cuenta de un arraigo del programa en la regi\u00f3n y de una valorizaci\u00f3n por parte del ecosistema, totalmente favorable, que es muy destacable. Estoy contento por los resultados de la cuenta p\u00fablica, lo que nos llena de orgullo al Comit\u00e9 y al equipo. Entonces, las energ\u00edas est\u00e1n en fortalecer lo que ya est\u00e1 e impulsar nuevas iniciativas que permitan la sostenibilidad y la innovaci\u00f3n en el sector creativo. Adem\u00e1s, creo que ser\u00eda importante fortalecer las conexiones internacionales para los creadores locales. Creo que Valpara\u00edso Creativo tiene herramientas que eventualmente nos pueden permitir una instancia para internacionalizar los productos de nuestros creadores locales.<\/p>\n\n\n\n<p><strong>\u00bfDe qu\u00e9 manera cree que nos podemos potenciar m\u00e1s entre ambas instituciones?<\/strong><\/p>\n\n\n\n<p>&#8211; Creo que podemos desarrollar programas conjuntos de incubaci\u00f3n de proyectos, que combinen la creatividad art\u00edstica con la innovaci\u00f3n tecnol\u00f3gica. Esto, a raz\u00f3n de la tremenda noticia e informaci\u00f3n que Camila Bolados del Gobierno Regional nos hizo saber al Comit\u00e9 Ejecutivo, pues se mencion\u00f3 que se abrir\u00e1n nuevas l\u00edneas de financiamiento desde aqu\u00ed, las cuales tambi\u00e9n est\u00e1n disponibles para personas naturales. Creo que ah\u00ed existe un potencial tremendamente grande para que Valpara\u00edso Creativo y ARCOS puedan ayudar el desarrollo de estos proyectos territoriales.<\/p>\n\n\n\n<p>Eventualmente, tambi\u00e9n podr\u00edamos ampliar nuestra oferta de Formaci\u00f3n Continua, s\u00faper clave para mantener a la comunidad al d\u00eda con sus competencias profesionales, lo que beneficiar\u00eda no solo a nuestros estudiantes y profesionales creativos, sino que tambi\u00e9n enriquecer\u00eda el tejido cultural y econ\u00f3mico de la regi\u00f3n.<\/p>\n\n\n\n<figure class=\"wp-block-image size-full\"><img decoding=\"async\" width=\"1024\" height=\"576\" src=\"https:\/\/www.valparaisocreativo.cl\/wp-content\/uploads\/2024\/05\/Tomas-Albagly-durante-visita-a-Llayllay-1024x576-2.jpeg\" alt=\"\" class=\"wp-image-19182\" srcset=\"https:\/\/dev.antudigital.cl\/sites\/vc\/wp-content\/uploads\/2024\/05\/Tomas-Albagly-durante-visita-a-Llayllay-1024x576-2.jpeg 1024w, https:\/\/dev.antudigital.cl\/sites\/vc\/wp-content\/uploads\/2024\/05\/Tomas-Albagly-durante-visita-a-Llayllay-1024x576-2-300x169.jpeg 300w, https:\/\/dev.antudigital.cl\/sites\/vc\/wp-content\/uploads\/2024\/05\/Tomas-Albagly-durante-visita-a-Llayllay-1024x576-2-768x432.jpeg 768w, https:\/\/dev.antudigital.cl\/sites\/vc\/wp-content\/uploads\/2024\/05\/Tomas-Albagly-durante-visita-a-Llayllay-1024x576-2-980x551.jpeg 980w, https:\/\/dev.antudigital.cl\/sites\/vc\/wp-content\/uploads\/2024\/05\/Tomas-Albagly-durante-visita-a-Llayllay-1024x576-2-480x270.jpeg 480w, https:\/\/dev.antudigital.cl\/sites\/vc\/wp-content\/uploads\/2024\/05\/Tomas-Albagly-durante-visita-a-Llayllay-1024x576-2-24x14.jpeg 24w, https:\/\/dev.antudigital.cl\/sites\/vc\/wp-content\/uploads\/2024\/05\/Tomas-Albagly-durante-visita-a-Llayllay-1024x576-2-36x20.jpeg 36w, https:\/\/dev.antudigital.cl\/sites\/vc\/wp-content\/uploads\/2024\/05\/Tomas-Albagly-durante-visita-a-Llayllay-1024x576-2-48x27.jpeg 48w\" sizes=\"(max-width: 1024px) 100vw, 1024px\" \/><\/figure>\n\n\n\n<p><strong>En cuanto a alianzas, \u00bfqu\u00e9 busca ARCOS al vincularse con instituciones como Valpara\u00edso Creativo?<\/strong><\/p>\n\n\n\n<p>&#8211; Nosotros como Instituto especializado en el arte y la cultura, nos autodenominamos como un elemento articulador dentro del territorio. En ese sentido, lo que nosotros vemos en esta alianza es dar muestra al sector privado, a la academia y al sector p\u00fablico, que esta colaboraci\u00f3n intersectorial siempre dar\u00e1 beneficios para los creativos y creativas de la regi\u00f3n. Lo vemos como que nos permitimos ser una punta de lanza para el relacionamiento entre las instituciones p\u00fablicas y privadas y de la academia, para potenciar al tejido econ\u00f3mico de la regi\u00f3n.&nbsp;<\/p>\n\n\n\n<p>Esta entrevista refleja la colaboraci\u00f3n exitosa entre el Instituto Profesional ARCOS, con Casa central en Santiago, pero con campus en Valpara\u00edso y sede en Vi\u00f1a del Mar, y Valpara\u00edso Creativo, destacando su impacto positivo en la escena creativa de la regi\u00f3n y sus planes futuros para seguir fortaleciendo esta alianza.<\/p>\n","protected":false},"excerpt":{"rendered":"<p>I.P. ARCOS y Valpara\u00edso Creativo han generado un espacio de comunicaci\u00f3n para difundir la labor conjunta que potencia a la escena creativa de la regi\u00f3n. Esta colaboraci\u00f3n trasciende la virtualidad y se traduce en eventos y activaciones concretas realizadas entre ambas instituciones. \u00bfQu\u00e9 hay detr\u00e1s de este trabajo conjunto? Como parte de la alianza de [&hellip;]<\/p>\n","protected":false},"author":1,"featured_media":19180,"comment_status":"closed","ping_status":"closed","sticky":false,"template":"","format":"standard","meta":{"_acf_changed":false,"footnotes":""},"categories":[218],"tags":[],"class_list":["post-19178","post","type-post","status-publish","format-standard","has-post-thumbnail","hentry","category-blog"],"acf":[],"yoast_head":"<!-- This site is optimized with the Yoast SEO plugin v27.1.1 - https:\/\/yoast.com\/product\/yoast-seo-wordpress\/ -->\n<title>Entrevista a Tom\u00e1s Albagly, presidente del Comit\u00e9 Ejecutivo de Valpara\u00edso Creativo y director del Instituto Profesional ARCOS regi\u00f3n de Valpara\u00edso - Valpara\u00ed\u00adso Creativo<\/title>\n<meta name=\"robots\" content=\"index, follow, max-snippet:-1, max-image-preview:large, max-video-preview:-1\" \/>\n<link rel=\"canonical\" href=\"https:\/\/dev.antudigital.cl\/sites\/vc\/entrevista-a-tomas-albagly-presidente-del-comite-ejecutivo-de-valparaiso-creativo-y-director-del-instituto-profesional-arcos-region-de-valparaiso\/\" \/>\n<meta property=\"og:locale\" content=\"es_ES\" \/>\n<meta property=\"og:type\" content=\"article\" \/>\n<meta property=\"og:title\" content=\"Entrevista a Tom\u00e1s Albagly, presidente del Comit\u00e9 Ejecutivo de Valpara\u00edso Creativo y director del Instituto Profesional ARCOS regi\u00f3n de Valpara\u00edso - Valpara\u00ed\u00adso Creativo\" \/>\n<meta property=\"og:description\" content=\"I.P. ARCOS y Valpara\u00edso Creativo han generado un espacio de comunicaci\u00f3n para difundir la labor conjunta que potencia a la escena creativa de la regi\u00f3n. Esta colaboraci\u00f3n trasciende la virtualidad y se traduce en eventos y activaciones concretas realizadas entre ambas instituciones. \u00bfQu\u00e9 hay detr\u00e1s de este trabajo conjunto? Como parte de la alianza de [&hellip;]\" \/>\n<meta property=\"og:url\" content=\"https:\/\/dev.antudigital.cl\/sites\/vc\/entrevista-a-tomas-albagly-presidente-del-comite-ejecutivo-de-valparaiso-creativo-y-director-del-instituto-profesional-arcos-region-de-valparaiso\/\" \/>\n<meta property=\"og:site_name\" content=\"Valpara\u00ed\u00adso Creativo\" \/>\n<meta property=\"article:published_time\" content=\"2024-05-21T00:30:34+00:00\" \/>\n<meta property=\"article:modified_time\" content=\"2024-05-21T00:30:54+00:00\" \/>\n<meta property=\"og:image\" content=\"https:\/\/dev.antudigital.cl\/sites\/vc\/wp-content\/uploads\/2024\/05\/Tomas.png\" \/>\n\t<meta property=\"og:image:width\" content=\"1024\" \/>\n\t<meta property=\"og:image:height\" content=\"576\" \/>\n\t<meta property=\"og:image:type\" content=\"image\/png\" \/>\n<meta name=\"author\" content=\"Valpara\u00edso Creativo\" \/>\n<meta name=\"twitter:card\" content=\"summary_large_image\" \/>\n<meta name=\"twitter:label1\" content=\"Escrito por\" \/>\n\t<meta name=\"twitter:data1\" content=\"Valpara\u00edso Creativo\" \/>\n\t<meta name=\"twitter:label2\" content=\"Tiempo de lectura\" \/>\n\t<meta name=\"twitter:data2\" content=\"5 minutos\" \/>\n<script type=\"application\/ld+json\" class=\"yoast-schema-graph\">{\"@context\":\"https:\/\/schema.org\",\"@graph\":[{\"@type\":\"Article\",\"@id\":\"https:\/\/dev.antudigital.cl\/sites\/vc\/entrevista-a-tomas-albagly-presidente-del-comite-ejecutivo-de-valparaiso-creativo-y-director-del-instituto-profesional-arcos-region-de-valparaiso\/#article\",\"isPartOf\":{\"@id\":\"https:\/\/dev.antudigital.cl\/sites\/vc\/entrevista-a-tomas-albagly-presidente-del-comite-ejecutivo-de-valparaiso-creativo-y-director-del-instituto-profesional-arcos-region-de-valparaiso\/\"},\"author\":{\"name\":\"Valpara\u00edso Creativo\",\"@id\":\"https:\/\/dev.antudigital.cl\/sites\/vc\/#\/schema\/person\/c2b9da8dd545e27166fc5ab232837318\"},\"headline\":\"Entrevista a Tom\u00e1s Albagly, presidente del Comit\u00e9 Ejecutivo de Valpara\u00edso Creativo y director del Instituto Profesional ARCOS regi\u00f3n de Valpara\u00edso\",\"datePublished\":\"2024-05-21T00:30:34+00:00\",\"dateModified\":\"2024-05-21T00:30:54+00:00\",\"mainEntityOfPage\":{\"@id\":\"https:\/\/dev.antudigital.cl\/sites\/vc\/entrevista-a-tomas-albagly-presidente-del-comite-ejecutivo-de-valparaiso-creativo-y-director-del-instituto-profesional-arcos-region-de-valparaiso\/\"},\"wordCount\":882,\"image\":{\"@id\":\"https:\/\/dev.antudigital.cl\/sites\/vc\/entrevista-a-tomas-albagly-presidente-del-comite-ejecutivo-de-valparaiso-creativo-y-director-del-instituto-profesional-arcos-region-de-valparaiso\/#primaryimage\"},\"thumbnailUrl\":\"https:\/\/dev.antudigital.cl\/sites\/vc\/wp-content\/uploads\/2024\/05\/Tomas.png\",\"articleSection\":[\"Blog\"],\"inLanguage\":\"es\"},{\"@type\":\"WebPage\",\"@id\":\"https:\/\/dev.antudigital.cl\/sites\/vc\/entrevista-a-tomas-albagly-presidente-del-comite-ejecutivo-de-valparaiso-creativo-y-director-del-instituto-profesional-arcos-region-de-valparaiso\/\",\"url\":\"https:\/\/dev.antudigital.cl\/sites\/vc\/entrevista-a-tomas-albagly-presidente-del-comite-ejecutivo-de-valparaiso-creativo-y-director-del-instituto-profesional-arcos-region-de-valparaiso\/\",\"name\":\"Entrevista a Tom\u00e1s Albagly, presidente del Comit\u00e9 Ejecutivo de Valpara\u00edso Creativo y director del Instituto Profesional ARCOS regi\u00f3n de Valpara\u00edso - Valpara\u00ed\u00adso Creativo\",\"isPartOf\":{\"@id\":\"https:\/\/dev.antudigital.cl\/sites\/vc\/#website\"},\"primaryImageOfPage\":{\"@id\":\"https:\/\/dev.antudigital.cl\/sites\/vc\/entrevista-a-tomas-albagly-presidente-del-comite-ejecutivo-de-valparaiso-creativo-y-director-del-instituto-profesional-arcos-region-de-valparaiso\/#primaryimage\"},\"image\":{\"@id\":\"https:\/\/dev.antudigital.cl\/sites\/vc\/entrevista-a-tomas-albagly-presidente-del-comite-ejecutivo-de-valparaiso-creativo-y-director-del-instituto-profesional-arcos-region-de-valparaiso\/#primaryimage\"},\"thumbnailUrl\":\"https:\/\/dev.antudigital.cl\/sites\/vc\/wp-content\/uploads\/2024\/05\/Tomas.png\",\"datePublished\":\"2024-05-21T00:30:34+00:00\",\"dateModified\":\"2024-05-21T00:30:54+00:00\",\"author\":{\"@id\":\"https:\/\/dev.antudigital.cl\/sites\/vc\/#\/schema\/person\/c2b9da8dd545e27166fc5ab232837318\"},\"breadcrumb\":{\"@id\":\"https:\/\/dev.antudigital.cl\/sites\/vc\/entrevista-a-tomas-albagly-presidente-del-comite-ejecutivo-de-valparaiso-creativo-y-director-del-instituto-profesional-arcos-region-de-valparaiso\/#breadcrumb\"},\"inLanguage\":\"es\",\"potentialAction\":[{\"@type\":\"ReadAction\",\"target\":[\"https:\/\/dev.antudigital.cl\/sites\/vc\/entrevista-a-tomas-albagly-presidente-del-comite-ejecutivo-de-valparaiso-creativo-y-director-del-instituto-profesional-arcos-region-de-valparaiso\/\"]}]},{\"@type\":\"ImageObject\",\"inLanguage\":\"es\",\"@id\":\"https:\/\/dev.antudigital.cl\/sites\/vc\/entrevista-a-tomas-albagly-presidente-del-comite-ejecutivo-de-valparaiso-creativo-y-director-del-instituto-profesional-arcos-region-de-valparaiso\/#primaryimage\",\"url\":\"https:\/\/dev.antudigital.cl\/sites\/vc\/wp-content\/uploads\/2024\/05\/Tomas.png\",\"contentUrl\":\"https:\/\/dev.antudigital.cl\/sites\/vc\/wp-content\/uploads\/2024\/05\/Tomas.png\",\"width\":1024,\"height\":576},{\"@type\":\"BreadcrumbList\",\"@id\":\"https:\/\/dev.antudigital.cl\/sites\/vc\/entrevista-a-tomas-albagly-presidente-del-comite-ejecutivo-de-valparaiso-creativo-y-director-del-instituto-profesional-arcos-region-de-valparaiso\/#breadcrumb\",\"itemListElement\":[{\"@type\":\"ListItem\",\"position\":1,\"name\":\"Home\",\"item\":\"https:\/\/dev.antudigital.cl\/sites\/vc\/\"},{\"@type\":\"ListItem\",\"position\":2,\"name\":\"Entrevista a Tom\u00e1s Albagly, presidente del Comit\u00e9 Ejecutivo de Valpara\u00edso Creativo y director del Instituto Profesional ARCOS regi\u00f3n de Valpara\u00edso\"}]},{\"@type\":\"WebSite\",\"@id\":\"https:\/\/dev.antudigital.cl\/sites\/vc\/#website\",\"url\":\"https:\/\/dev.antudigital.cl\/sites\/vc\/\",\"name\":\"Valpara\u00ed\u00adso Creativo\",\"description\":\"\",\"potentialAction\":[{\"@type\":\"SearchAction\",\"target\":{\"@type\":\"EntryPoint\",\"urlTemplate\":\"https:\/\/dev.antudigital.cl\/sites\/vc\/?s={search_term_string}\"},\"query-input\":{\"@type\":\"PropertyValueSpecification\",\"valueRequired\":true,\"valueName\":\"search_term_string\"}}],\"inLanguage\":\"es\"},{\"@type\":\"Person\",\"@id\":\"https:\/\/dev.antudigital.cl\/sites\/vc\/#\/schema\/person\/c2b9da8dd545e27166fc5ab232837318\",\"name\":\"Valpara\u00edso Creativo\",\"description\":\"Periodista de cultura en la Regi\u00f3n de Valpara\u00edso.\",\"url\":\"https:\/\/dev.antudigital.cl\/sites\/vc\/author\/valpoadmin\/\"}]}<\/script>\n<!-- \/ Yoast SEO plugin. -->","yoast_head_json":{"title":"Entrevista a Tom\u00e1s Albagly, presidente del Comit\u00e9 Ejecutivo de Valpara\u00edso Creativo y director del Instituto Profesional ARCOS regi\u00f3n de Valpara\u00edso - Valpara\u00ed\u00adso Creativo","robots":{"index":"index","follow":"follow","max-snippet":"max-snippet:-1","max-image-preview":"max-image-preview:large","max-video-preview":"max-video-preview:-1"},"canonical":"https:\/\/dev.antudigital.cl\/sites\/vc\/entrevista-a-tomas-albagly-presidente-del-comite-ejecutivo-de-valparaiso-creativo-y-director-del-instituto-profesional-arcos-region-de-valparaiso\/","og_locale":"es_ES","og_type":"article","og_title":"Entrevista a Tom\u00e1s Albagly, presidente del Comit\u00e9 Ejecutivo de Valpara\u00edso Creativo y director del Instituto Profesional ARCOS regi\u00f3n de Valpara\u00edso - Valpara\u00ed\u00adso Creativo","og_description":"I.P. ARCOS y Valpara\u00edso Creativo han generado un espacio de comunicaci\u00f3n para difundir la labor conjunta que potencia a la escena creativa de la regi\u00f3n. Esta colaboraci\u00f3n trasciende la virtualidad y se traduce en eventos y activaciones concretas realizadas entre ambas instituciones. \u00bfQu\u00e9 hay detr\u00e1s de este trabajo conjunto? Como parte de la alianza de [&hellip;]","og_url":"https:\/\/dev.antudigital.cl\/sites\/vc\/entrevista-a-tomas-albagly-presidente-del-comite-ejecutivo-de-valparaiso-creativo-y-director-del-instituto-profesional-arcos-region-de-valparaiso\/","og_site_name":"Valpara\u00ed\u00adso Creativo","article_published_time":"2024-05-21T00:30:34+00:00","article_modified_time":"2024-05-21T00:30:54+00:00","og_image":[{"width":1024,"height":576,"url":"https:\/\/dev.antudigital.cl\/sites\/vc\/wp-content\/uploads\/2024\/05\/Tomas.png","type":"image\/png"}],"author":"Valpara\u00edso Creativo","twitter_card":"summary_large_image","twitter_misc":{"Escrito por":"Valpara\u00edso Creativo","Tiempo de lectura":"5 minutos"},"schema":{"@context":"https:\/\/schema.org","@graph":[{"@type":"Article","@id":"https:\/\/dev.antudigital.cl\/sites\/vc\/entrevista-a-tomas-albagly-presidente-del-comite-ejecutivo-de-valparaiso-creativo-y-director-del-instituto-profesional-arcos-region-de-valparaiso\/#article","isPartOf":{"@id":"https:\/\/dev.antudigital.cl\/sites\/vc\/entrevista-a-tomas-albagly-presidente-del-comite-ejecutivo-de-valparaiso-creativo-y-director-del-instituto-profesional-arcos-region-de-valparaiso\/"},"author":{"name":"Valpara\u00edso Creativo","@id":"https:\/\/dev.antudigital.cl\/sites\/vc\/#\/schema\/person\/c2b9da8dd545e27166fc5ab232837318"},"headline":"Entrevista a Tom\u00e1s Albagly, presidente del Comit\u00e9 Ejecutivo de Valpara\u00edso Creativo y director del Instituto Profesional ARCOS regi\u00f3n de Valpara\u00edso","datePublished":"2024-05-21T00:30:34+00:00","dateModified":"2024-05-21T00:30:54+00:00","mainEntityOfPage":{"@id":"https:\/\/dev.antudigital.cl\/sites\/vc\/entrevista-a-tomas-albagly-presidente-del-comite-ejecutivo-de-valparaiso-creativo-y-director-del-instituto-profesional-arcos-region-de-valparaiso\/"},"wordCount":882,"image":{"@id":"https:\/\/dev.antudigital.cl\/sites\/vc\/entrevista-a-tomas-albagly-presidente-del-comite-ejecutivo-de-valparaiso-creativo-y-director-del-instituto-profesional-arcos-region-de-valparaiso\/#primaryimage"},"thumbnailUrl":"https:\/\/dev.antudigital.cl\/sites\/vc\/wp-content\/uploads\/2024\/05\/Tomas.png","articleSection":["Blog"],"inLanguage":"es"},{"@type":"WebPage","@id":"https:\/\/dev.antudigital.cl\/sites\/vc\/entrevista-a-tomas-albagly-presidente-del-comite-ejecutivo-de-valparaiso-creativo-y-director-del-instituto-profesional-arcos-region-de-valparaiso\/","url":"https:\/\/dev.antudigital.cl\/sites\/vc\/entrevista-a-tomas-albagly-presidente-del-comite-ejecutivo-de-valparaiso-creativo-y-director-del-instituto-profesional-arcos-region-de-valparaiso\/","name":"Entrevista a Tom\u00e1s Albagly, presidente del Comit\u00e9 Ejecutivo de Valpara\u00edso Creativo y director del Instituto Profesional ARCOS regi\u00f3n de Valpara\u00edso - Valpara\u00ed\u00adso Creativo","isPartOf":{"@id":"https:\/\/dev.antudigital.cl\/sites\/vc\/#website"},"primaryImageOfPage":{"@id":"https:\/\/dev.antudigital.cl\/sites\/vc\/entrevista-a-tomas-albagly-presidente-del-comite-ejecutivo-de-valparaiso-creativo-y-director-del-instituto-profesional-arcos-region-de-valparaiso\/#primaryimage"},"image":{"@id":"https:\/\/dev.antudigital.cl\/sites\/vc\/entrevista-a-tomas-albagly-presidente-del-comite-ejecutivo-de-valparaiso-creativo-y-director-del-instituto-profesional-arcos-region-de-valparaiso\/#primaryimage"},"thumbnailUrl":"https:\/\/dev.antudigital.cl\/sites\/vc\/wp-content\/uploads\/2024\/05\/Tomas.png","datePublished":"2024-05-21T00:30:34+00:00","dateModified":"2024-05-21T00:30:54+00:00","author":{"@id":"https:\/\/dev.antudigital.cl\/sites\/vc\/#\/schema\/person\/c2b9da8dd545e27166fc5ab232837318"},"breadcrumb":{"@id":"https:\/\/dev.antudigital.cl\/sites\/vc\/entrevista-a-tomas-albagly-presidente-del-comite-ejecutivo-de-valparaiso-creativo-y-director-del-instituto-profesional-arcos-region-de-valparaiso\/#breadcrumb"},"inLanguage":"es","potentialAction":[{"@type":"ReadAction","target":["https:\/\/dev.antudigital.cl\/sites\/vc\/entrevista-a-tomas-albagly-presidente-del-comite-ejecutivo-de-valparaiso-creativo-y-director-del-instituto-profesional-arcos-region-de-valparaiso\/"]}]},{"@type":"ImageObject","inLanguage":"es","@id":"https:\/\/dev.antudigital.cl\/sites\/vc\/entrevista-a-tomas-albagly-presidente-del-comite-ejecutivo-de-valparaiso-creativo-y-director-del-instituto-profesional-arcos-region-de-valparaiso\/#primaryimage","url":"https:\/\/dev.antudigital.cl\/sites\/vc\/wp-content\/uploads\/2024\/05\/Tomas.png","contentUrl":"https:\/\/dev.antudigital.cl\/sites\/vc\/wp-content\/uploads\/2024\/05\/Tomas.png","width":1024,"height":576},{"@type":"BreadcrumbList","@id":"https:\/\/dev.antudigital.cl\/sites\/vc\/entrevista-a-tomas-albagly-presidente-del-comite-ejecutivo-de-valparaiso-creativo-y-director-del-instituto-profesional-arcos-region-de-valparaiso\/#breadcrumb","itemListElement":[{"@type":"ListItem","position":1,"name":"Home","item":"https:\/\/dev.antudigital.cl\/sites\/vc\/"},{"@type":"ListItem","position":2,"name":"Entrevista a Tom\u00e1s Albagly, presidente del Comit\u00e9 Ejecutivo de Valpara\u00edso Creativo y director del Instituto Profesional ARCOS regi\u00f3n de Valpara\u00edso"}]},{"@type":"WebSite","@id":"https:\/\/dev.antudigital.cl\/sites\/vc\/#website","url":"https:\/\/dev.antudigital.cl\/sites\/vc\/","name":"Valpara\u00ed\u00adso Creativo","description":"","potentialAction":[{"@type":"SearchAction","target":{"@type":"EntryPoint","urlTemplate":"https:\/\/dev.antudigital.cl\/sites\/vc\/?s={search_term_string}"},"query-input":{"@type":"PropertyValueSpecification","valueRequired":true,"valueName":"search_term_string"}}],"inLanguage":"es"},{"@type":"Person","@id":"https:\/\/dev.antudigital.cl\/sites\/vc\/#\/schema\/person\/c2b9da8dd545e27166fc5ab232837318","name":"Valpara\u00edso Creativo","description":"Periodista de cultura en la Regi\u00f3n de Valpara\u00edso.","url":"https:\/\/dev.antudigital.cl\/sites\/vc\/author\/valpoadmin\/"}]}},"_links":{"self":[{"href":"https:\/\/dev.antudigital.cl\/sites\/vc\/wp-json\/wp\/v2\/posts\/19178","targetHints":{"allow":["GET"]}}],"collection":[{"href":"https:\/\/dev.antudigital.cl\/sites\/vc\/wp-json\/wp\/v2\/posts"}],"about":[{"href":"https:\/\/dev.antudigital.cl\/sites\/vc\/wp-json\/wp\/v2\/types\/post"}],"author":[{"embeddable":true,"href":"https:\/\/dev.antudigital.cl\/sites\/vc\/wp-json\/wp\/v2\/users\/1"}],"replies":[{"embeddable":true,"href":"https:\/\/dev.antudigital.cl\/sites\/vc\/wp-json\/wp\/v2\/comments?post=19178"}],"version-history":[{"count":1,"href":"https:\/\/dev.antudigital.cl\/sites\/vc\/wp-json\/wp\/v2\/posts\/19178\/revisions"}],"predecessor-version":[{"id":19183,"href":"https:\/\/dev.antudigital.cl\/sites\/vc\/wp-json\/wp\/v2\/posts\/19178\/revisions\/19183"}],"wp:featuredmedia":[{"embeddable":true,"href":"https:\/\/dev.antudigital.cl\/sites\/vc\/wp-json\/wp\/v2\/media\/19180"}],"wp:attachment":[{"href":"https:\/\/dev.antudigital.cl\/sites\/vc\/wp-json\/wp\/v2\/media?parent=19178"}],"wp:term":[{"taxonomy":"category","embeddable":true,"href":"https:\/\/dev.antudigital.cl\/sites\/vc\/wp-json\/wp\/v2\/categories?post=19178"},{"taxonomy":"post_tag","embeddable":true,"href":"https:\/\/dev.antudigital.cl\/sites\/vc\/wp-json\/wp\/v2\/tags?post=19178"}],"curies":[{"name":"wp","href":"https:\/\/api.w.org\/{rel}","templated":true}]}}