{"id":19185,"date":"2024-05-21T00:54:00","date_gmt":"2024-05-21T00:54:00","guid":{"rendered":"https:\/\/www.valparaisocreativo.cl\/?p=19185"},"modified":"2024-05-21T00:54:18","modified_gmt":"2024-05-21T00:54:18","slug":"una-ventana-a-valparaiso-desde-las-artes","status":"publish","type":"post","link":"https:\/\/dev.antudigital.cl\/sites\/vc\/una-ventana-a-valparaiso-desde-las-artes\/","title":{"rendered":"Una ventana a Valpara\u00edso desde las artes"},"content":{"rendered":"\n<p><strong>Galer\u00eda Bah\u00eda Ut\u00f3pica <\/strong>se encuentra en un punto estrat\u00e9gico del Cerro Alegre. Cuentan con un cat\u00e1logo de m\u00e1s de 30 artistas en su espacio, que llevan desde el 2009, aunque comenzaron con sus gestiones el 2007. Se trata de un inmueble que contiene arte local en diversas t\u00e9cnicas, con artistas de renombre como Loro Coir\u00f3n, Gonzalo Ilabaca y Mon Laferte, entre much\u00edsimos m\u00e1s, quienes llenan las paredes con sus propuestas diversas y coloridas.<\/p>\n\n\n\n<p>Ellos buscan comercializar obras, no s\u00f3lo siendo el espacio f\u00edsico &#8211; que adem\u00e1s se complementa con Sala Galia tambi\u00e9n ubicada en Cerro Alegre -, sino que tambi\u00e9n haciendo un trabajo activo de ir a ferias tanto nacionales como internacionales para promocionar a quienes trabajan con ellos, posicionando a Valpara\u00edso tambi\u00e9n en el mapa.<\/p>\n\n\n\n<p>Recientemente acaban de inaugurar en su sala de exposiciones las obras de cuatro realizadores que estaban participando en la Bienal, haciendo una vinculaci\u00f3n con lo que ocurre en el territorio. Bah\u00eda Ut\u00f3pica tambi\u00e9n es parte de VAC (Valpara\u00edso Arte Contempor\u00e1neo) que es una agrupaci\u00f3n que re\u00fane a galer\u00edas y espacios de exhibici\u00f3n en torno al arte contempor\u00e1neo.<\/p>\n\n\n\n<p>Cabe destacar que Bah\u00eda Ut\u00f3pica la componen Nancy Arancibia, Bertrand Coustou y Boris Montecino, fundada por los primeros dos.<\/p>\n\n\n\n<p>Conoce m\u00e1s en esta entrevista:<\/p>\n\n\n\n<p><strong>\u00bfCu\u00e1l es la visi\u00f3n que quieren entregar? Tienen muchos artistas de diferentes estilos, \u00bfqu\u00e9 es lo que buscan transmitir con eso?<\/strong><\/p>\n\n\n\n<p>&#8211; Nos interesa trabajar con una resonancia cultural de la ciudad. Es una casa antigua que se quiso respetar en cuanto a arquitectura y que busca hacer esta resonancia de la ciudad cosmopolita que es Valpara\u00edso. A Valpara\u00edso llegan artistas de muchos pa\u00edses, y nos encontramos en ese contexto, con trabajos de orden m\u00e1s bien figurativos con la analog\u00eda que esto significa. Cada artista asume distintas estrategias y perspectivas. Y en cuanto a tem\u00e1ticas, nos interesa trabajar el polo po\u00e9tico, m\u00e1s rom\u00e1ntico que alude a Valpara\u00edso como ciudad; y por otra parte hay una perspectiva m\u00e1s moderna que atiende a una tradici\u00f3n pict\u00f3rica, apuntando a miradas m\u00e1s hacia lo contempor\u00e1neo. Buscamos proponer adem\u00e1s cr\u00edtica, iron\u00eda y tenemos a expositores que plantean preguntas en este sentido.&nbsp;<\/p>\n\n\n\n<p>Creo que todos los artistas con quienes trabajamos tienen un marcado estilo propio, no subordinados a la t\u00e9cnica ni a la influencia.\u00a0<\/p>\n\n\n\n<figure class=\"wp-block-image size-large\"><img fetchpriority=\"high\" decoding=\"async\" width=\"1024\" height=\"768\" src=\"https:\/\/www.valparaisocreativo.cl\/wp-content\/uploads\/2024\/05\/433135383_2703618999804317_8719313904217267682_n-1024x768.jpeg\" alt=\"\" class=\"wp-image-19187\" srcset=\"https:\/\/dev.antudigital.cl\/sites\/vc\/wp-content\/uploads\/2024\/05\/433135383_2703618999804317_8719313904217267682_n-1024x768.jpeg 1024w, https:\/\/dev.antudigital.cl\/sites\/vc\/wp-content\/uploads\/2024\/05\/433135383_2703618999804317_8719313904217267682_n-300x225.jpeg 300w, https:\/\/dev.antudigital.cl\/sites\/vc\/wp-content\/uploads\/2024\/05\/433135383_2703618999804317_8719313904217267682_n-768x576.jpeg 768w, https:\/\/dev.antudigital.cl\/sites\/vc\/wp-content\/uploads\/2024\/05\/433135383_2703618999804317_8719313904217267682_n-1536x1153.jpeg 1536w, https:\/\/dev.antudigital.cl\/sites\/vc\/wp-content\/uploads\/2024\/05\/433135383_2703618999804317_8719313904217267682_n-510x382.jpeg 510w, https:\/\/dev.antudigital.cl\/sites\/vc\/wp-content\/uploads\/2024\/05\/433135383_2703618999804317_8719313904217267682_n-1080x811.jpeg 1080w, https:\/\/dev.antudigital.cl\/sites\/vc\/wp-content\/uploads\/2024\/05\/433135383_2703618999804317_8719313904217267682_n-1280x961.jpeg 1280w, https:\/\/dev.antudigital.cl\/sites\/vc\/wp-content\/uploads\/2024\/05\/433135383_2703618999804317_8719313904217267682_n-980x735.jpeg 980w, https:\/\/dev.antudigital.cl\/sites\/vc\/wp-content\/uploads\/2024\/05\/433135383_2703618999804317_8719313904217267682_n-480x360.jpeg 480w, https:\/\/dev.antudigital.cl\/sites\/vc\/wp-content\/uploads\/2024\/05\/433135383_2703618999804317_8719313904217267682_n-24x18.jpeg 24w, https:\/\/dev.antudigital.cl\/sites\/vc\/wp-content\/uploads\/2024\/05\/433135383_2703618999804317_8719313904217267682_n-36x27.jpeg 36w, https:\/\/dev.antudigital.cl\/sites\/vc\/wp-content\/uploads\/2024\/05\/433135383_2703618999804317_8719313904217267682_n-48x36.jpeg 48w, https:\/\/dev.antudigital.cl\/sites\/vc\/wp-content\/uploads\/2024\/05\/433135383_2703618999804317_8719313904217267682_n.jpeg 1599w\" sizes=\"(max-width: 1024px) 100vw, 1024px\" \/><\/figure>\n\n\n\n<p><strong>Cuando hacen exposiciones, \u00bfqui\u00e9nes curan?<\/strong><\/p>\n\n\n\n<p>&#8211; Bertrand y Nancy somos quienes vemos las conversaciones con los artistas, qu\u00e9 est\u00e1n haciendo, ver en qu\u00e9 proyecto podemos trabajar y de ah\u00ed se agenda una fecha en cuanto a las inauguraciones. Todos vamos conversando con el o la artista y cuando lo curatorial ya est\u00e1 establecido, Boris Montecino ve los contenidos.&nbsp;<\/p>\n\n\n\n<p>Trabajamos principalmente con pintura, grabado, otras t\u00e9cnicas, pero no tanto la fotograf\u00eda, por ejemplo.<\/p>\n\n\n\n<p><strong>Una curiosidad m\u00e1s b\u00e1sica quiz\u00e1s, \u00bfpor qu\u00e9 se llaman Bah\u00eda Ut\u00f3pica?<\/strong><\/p>\n\n\n\n<p>&#8211; En Chile tambi\u00e9n hay muchos lugares destacables con bah\u00eda. Bien, en Valpara\u00edso, la bah\u00eda es muy importante, de hecho el centro es la bah\u00eda. Como puerto, lo m\u00e1s importante eran los barcos que llegaban y estos llegaban ah\u00ed y as\u00ed, por lo que pens\u00e9 que era bonito. Y \u201cut\u00f3pica\u201d, pues cuando con Nancy empezamos a plantearnos trabajar con las artes visuales, entrar en el mercado del arte, muchos nos dijeron que era muy dif\u00edcil, algo \u201cut\u00f3pico\u201d precisamente el tener una galer\u00eda de arte aqu\u00ed. De esa reflexi\u00f3n sali\u00f3 el nombre.&nbsp;<\/p>\n\n\n\n<p>Al final el arte est\u00e1 en todas partes, por lo tanto la Bah\u00eda Ut\u00f3pica tampoco se refiere a un lugar f\u00edsico, con Nancy comenzamos haciendo exposiciones en varios lugares durante uno o dos a\u00f1os hasta llegar ac\u00e1. Antes era un concepto, siempre estamos proyectados en otras partes, con los artistas, las ferias, entonces lo ut\u00f3pico es que tambi\u00e9n est\u00e1 dentro de los sue\u00f1os, es un objetivo medio difuso.&nbsp;<\/p>\n\n\n\n<p>Queremos tener un lugar que tenga buenas artes, que los artistas se puedan encontrar ac\u00e1 y el p\u00fablico tambi\u00e9n y desarrollar actividades en torno al arte, que es primordial en la vida.<\/p>\n\n\n\n<p><strong>\u00bfCu\u00e1l es la visi\u00f3n de Valpara\u00edso que crees que est\u00e1n transmitiendo con todo lo que exhiben ac\u00e1?<\/strong><\/p>\n\n\n\n<p>&#8211; Se dice que Valpara\u00edso fue la cuna de los pintores, por lo que hay una historia del arte en Chile que es fuerte y en Valpara\u00edso encontramos mucho de esto, lo que encontramos por ejemplo en obras que est\u00e1n en el Museo Baburizza y que son fundamentales para la historia del arte en Chile. Es un puerto abierto al mundo, por lo que llegaba mucha gente con otra cultura, con otra relaci\u00f3n con las artes, y muchos de los primeros pintores de ac\u00e1 eran extranjeros o hijos de inmigrantes. Entonces, una galer\u00eda como la nuestra en Valpara\u00edso es l\u00f3gico por su historia. Siempre han existido estos espacios y el arte en la ciudad. En su auge hab\u00eda mucha riqueza ac\u00e1 y eso atra\u00eda al arte, a los mecenas, coleccionistas.&nbsp;<\/p>\n\n\n\n<p>Adem\u00e1s es una ciudad muy fotog\u00e9nica, muy inspiradora, que tiene una nostalgia y cultura cosmopolita, que favorecen su identidad distinta. Nosotros, desde esa perspectiva, somos una vitrina ubicada en el casco patrimonial y tur\u00edstico de la ciudad. Ac\u00e1 llega gente de todo el mundo de manera permanente y ven arte de Valpara\u00edso.&nbsp;<\/p>\n\n\n\n<p>Hace poco escuchaba sobre la concentraci\u00f3n de artistas en esta ciudad, lo que siempre ha existido y siempre existir\u00e1, por lo que nosotros somos una vitrina al mundo entero, que favorece la promoci\u00f3n de la imagen del buen arte en Valpara\u00edso al ir a las ferias internacionales. \u201cValpara\u00edso\u201d es una palabra m\u00e1gica, m\u00edtica, legendaria, que siempre abre puertas en el mundo por haber sido un puerto de los m\u00e1s importantes del mundo.<\/p>\n\n\n\n<figure class=\"wp-block-image size-large\"><img decoding=\"async\" width=\"1024\" height=\"413\" src=\"https:\/\/www.valparaisocreativo.cl\/wp-content\/uploads\/2024\/05\/139098030_1922050047950943_2253287125557106467_n-1024x413.jpeg\" alt=\"\" class=\"wp-image-19186\" srcset=\"https:\/\/dev.antudigital.cl\/sites\/vc\/wp-content\/uploads\/2024\/05\/139098030_1922050047950943_2253287125557106467_n-1024x413.jpeg 1024w, https:\/\/dev.antudigital.cl\/sites\/vc\/wp-content\/uploads\/2024\/05\/139098030_1922050047950943_2253287125557106467_n-300x121.jpeg 300w, https:\/\/dev.antudigital.cl\/sites\/vc\/wp-content\/uploads\/2024\/05\/139098030_1922050047950943_2253287125557106467_n-768x310.jpeg 768w, https:\/\/dev.antudigital.cl\/sites\/vc\/wp-content\/uploads\/2024\/05\/139098030_1922050047950943_2253287125557106467_n-1536x620.jpeg 1536w, https:\/\/dev.antudigital.cl\/sites\/vc\/wp-content\/uploads\/2024\/05\/139098030_1922050047950943_2253287125557106467_n-2048x826.jpeg 2048w, https:\/\/dev.antudigital.cl\/sites\/vc\/wp-content\/uploads\/2024\/05\/139098030_1922050047950943_2253287125557106467_n-1080x436.jpeg 1080w, https:\/\/dev.antudigital.cl\/sites\/vc\/wp-content\/uploads\/2024\/05\/139098030_1922050047950943_2253287125557106467_n-1280x516.jpeg 1280w, https:\/\/dev.antudigital.cl\/sites\/vc\/wp-content\/uploads\/2024\/05\/139098030_1922050047950943_2253287125557106467_n-980x395.jpeg 980w, https:\/\/dev.antudigital.cl\/sites\/vc\/wp-content\/uploads\/2024\/05\/139098030_1922050047950943_2253287125557106467_n-480x194.jpeg 480w, https:\/\/dev.antudigital.cl\/sites\/vc\/wp-content\/uploads\/2024\/05\/139098030_1922050047950943_2253287125557106467_n-24x10.jpeg 24w, https:\/\/dev.antudigital.cl\/sites\/vc\/wp-content\/uploads\/2024\/05\/139098030_1922050047950943_2253287125557106467_n-36x15.jpeg 36w, https:\/\/dev.antudigital.cl\/sites\/vc\/wp-content\/uploads\/2024\/05\/139098030_1922050047950943_2253287125557106467_n-48x19.jpeg 48w\" sizes=\"(max-width: 1024px) 100vw, 1024px\" \/><\/figure>\n\n\n\n<p><strong>Quer\u00eda saber un poco m\u00e1s de qu\u00e9 ha significado para ustedes conformar actualmente una red como Valpara\u00edso Arte Contempor\u00e1neo, que re\u00fane al gremio en la ciudad.<\/strong><\/p>\n\n\n\n<p>&#8211; Creo que para eso es importante poner en contexto la realidad de Valpara\u00edso y la venta de arte espec\u00edficamente, el mercado es muy peque\u00f1o a\u00fan. Esto genera una rivalidad fuerte, que no ha sido f\u00e1cil, por lo que actuar a trav\u00e9s de Valpara\u00edso Creativo y vincularnos con VAC, creo que es muy positivo. Dentro de la agrupaci\u00f3n creo que somos 3 galer\u00edas comerciales, dentro de esas nosotros, quienes vendemos. Sentimos que deber\u00edamos apoyarnos todos y creo que eso se logra a trav\u00e9s de esta articulaci\u00f3n de Valpara\u00edso Creativo, lo que nos permite hacerlo mejor y potenciar a los y las artistas locales. Es una muy buena oportunidad para lograr algo, aunque somos espacios muy diversos con realidades distintas.<\/p>\n\n\n\n<p><strong>\u00bfC\u00f3mo te vinculas con Valpara\u00edso Creativo?<\/strong><\/p>\n\n\n\n<p>&#8211; Es importante el rol de Valpara\u00edso Creativo, ya que hay muchos y muchas creativos en la Regi\u00f3n y necesitamos orientaci\u00f3n. Nosotros orientamos a los artistas, los acompa\u00f1amos, por lo que necesitamos ese apoyo de ustedes que es fundamental.<\/p>\n\n\n\n<p><strong>\u00bfC\u00f3mo has visto el mercado del arte del que hablabas? Ac\u00e1 en Valpara\u00edso.<\/strong><\/p>\n\n\n\n<p>&#8211; Hay muy poco y se mantiene entre muy pocos, quienes trabajamos haciendo uso del arte de manera m\u00e1s comercial, por as\u00ed decirlo. Faltan clientes de afuera, por ejemplo. Creo que el estado de las cosas s\u00ed ha cambiado, pero ha sido lento, en lo que ha cambiado es que ac\u00e1 en Valpara\u00edso hay artistas que ya tienen su renombre y eso potencia la venta local, nacional e internacional. No hay cultura de compra de arte, ya que obvio que hay otras prioridades y no se ve como una inversi\u00f3n o algo esencial, es un desaf\u00edo. En eso necesitamos ayuda: en conseguir mercado y atraer clientes a la ciudad. Creo que nosotros tenemos en ese sentido una buena propuesta con trabajo de muy buena calidad y buena factura.&nbsp;<\/p>\n\n\n\n<p><strong>\u00bfC\u00f3mo es su relaci\u00f3n con quienes trabajan?<\/strong><\/p>\n\n\n\n<p>&#8211; Hacemos difusi\u00f3n formal de la obra de los artistas, quienes est\u00e1n todos vivos, teniendo su informaci\u00f3n de primera mano, por lo que hay una construcci\u00f3n del discurso de la obra que es m\u00e1s consistente. Nosotros estrujamos a los artistas en cuanto a su contenido, a veces les cuesta a ellos o ellas hablar de la obra, pero nosotros buscamos conversar lo m\u00e1s posible para presentar su trabajo a los y las visitantes. Tenemos una relaci\u00f3n s\u00faper horizontal con los y las artistas. Queremos generar una buena comunicaci\u00f3n cuyos contenidos puedan presentar la biograf\u00eda personal y profesional de quienes trabajan con nosotros.<\/p>\n\n\n\n<p><\/p>\n\n\n\n<figure class=\"wp-block-image size-large\"><img decoding=\"async\" width=\"1024\" height=\"1024\" src=\"https:\/\/www.valparaisocreativo.cl\/wp-content\/uploads\/2024\/05\/Bahia-Uto-1024x1024.jpeg\" alt=\"\" class=\"wp-image-19189\" srcset=\"https:\/\/dev.antudigital.cl\/sites\/vc\/wp-content\/uploads\/2024\/05\/Bahia-Uto-1024x1024.jpeg 1024w, https:\/\/dev.antudigital.cl\/sites\/vc\/wp-content\/uploads\/2024\/05\/Bahia-Uto-300x300.jpeg 300w, https:\/\/dev.antudigital.cl\/sites\/vc\/wp-content\/uploads\/2024\/05\/Bahia-Uto-150x150.jpeg 150w, https:\/\/dev.antudigital.cl\/sites\/vc\/wp-content\/uploads\/2024\/05\/Bahia-Uto-768x768.jpeg 768w, https:\/\/dev.antudigital.cl\/sites\/vc\/wp-content\/uploads\/2024\/05\/Bahia-Uto-980x980.jpeg 980w, https:\/\/dev.antudigital.cl\/sites\/vc\/wp-content\/uploads\/2024\/05\/Bahia-Uto-480x480.jpeg 480w, https:\/\/dev.antudigital.cl\/sites\/vc\/wp-content\/uploads\/2024\/05\/Bahia-Uto-24x24.jpeg 24w, https:\/\/dev.antudigital.cl\/sites\/vc\/wp-content\/uploads\/2024\/05\/Bahia-Uto-36x36.jpeg 36w, https:\/\/dev.antudigital.cl\/sites\/vc\/wp-content\/uploads\/2024\/05\/Bahia-Uto-48x48.jpeg 48w, https:\/\/dev.antudigital.cl\/sites\/vc\/wp-content\/uploads\/2024\/05\/Bahia-Uto.jpeg 1080w\" sizes=\"(max-width: 1024px) 100vw, 1024px\" \/><\/figure>\n","protected":false},"excerpt":{"rendered":"<p>Galer\u00eda Bah\u00eda Ut\u00f3pica se encuentra en un punto estrat\u00e9gico del Cerro Alegre. Cuentan con un cat\u00e1logo de m\u00e1s de 30 artistas en su espacio, que llevan desde el 2009, aunque comenzaron con sus gestiones el 2007. Se trata de un inmueble que contiene arte local en diversas t\u00e9cnicas, con artistas de renombre como Loro Coir\u00f3n, [&hellip;]<\/p>\n","protected":false},"author":1,"featured_media":19188,"comment_status":"closed","ping_status":"closed","sticky":false,"template":"","format":"standard","meta":{"_acf_changed":false,"footnotes":""},"categories":[218],"tags":[],"class_list":["post-19185","post","type-post","status-publish","format-standard","has-post-thumbnail","hentry","category-blog"],"acf":[],"yoast_head":"<!-- This site is optimized with the Yoast SEO plugin v27.1.1 - https:\/\/yoast.com\/product\/yoast-seo-wordpress\/ -->\n<title>Una ventana a Valpara\u00edso desde las artes - Valpara\u00ed\u00adso Creativo<\/title>\n<meta name=\"robots\" content=\"index, follow, max-snippet:-1, max-image-preview:large, max-video-preview:-1\" \/>\n<link rel=\"canonical\" href=\"https:\/\/dev.antudigital.cl\/sites\/vc\/una-ventana-a-valparaiso-desde-las-artes\/\" \/>\n<meta property=\"og:locale\" content=\"es_ES\" \/>\n<meta property=\"og:type\" content=\"article\" \/>\n<meta property=\"og:title\" content=\"Una ventana a Valpara\u00edso desde las artes - Valpara\u00ed\u00adso Creativo\" \/>\n<meta property=\"og:description\" content=\"Galer\u00eda Bah\u00eda Ut\u00f3pica se encuentra en un punto estrat\u00e9gico del Cerro Alegre. Cuentan con un cat\u00e1logo de m\u00e1s de 30 artistas en su espacio, que llevan desde el 2009, aunque comenzaron con sus gestiones el 2007. Se trata de un inmueble que contiene arte local en diversas t\u00e9cnicas, con artistas de renombre como Loro Coir\u00f3n, [&hellip;]\" \/>\n<meta property=\"og:url\" content=\"https:\/\/dev.antudigital.cl\/sites\/vc\/una-ventana-a-valparaiso-desde-las-artes\/\" \/>\n<meta property=\"og:site_name\" content=\"Valpara\u00ed\u00adso Creativo\" \/>\n<meta property=\"article:published_time\" content=\"2024-05-21T00:54:00+00:00\" \/>\n<meta property=\"article:modified_time\" content=\"2024-05-21T00:54:18+00:00\" \/>\n<meta property=\"og:image\" content=\"https:\/\/dev.antudigital.cl\/sites\/vc\/wp-content\/uploads\/2024\/05\/444486264_2747757592057124_7223006847344833963_n.jpeg\" \/>\n\t<meta property=\"og:image:width\" content=\"1280\" \/>\n\t<meta property=\"og:image:height\" content=\"853\" \/>\n\t<meta property=\"og:image:type\" content=\"image\/jpeg\" \/>\n<meta name=\"author\" content=\"Valpara\u00edso Creativo\" \/>\n<meta name=\"twitter:card\" content=\"summary_large_image\" \/>\n<meta name=\"twitter:label1\" content=\"Escrito por\" \/>\n\t<meta name=\"twitter:data1\" content=\"Valpara\u00edso Creativo\" \/>\n\t<meta name=\"twitter:label2\" content=\"Tiempo de lectura\" \/>\n\t<meta name=\"twitter:data2\" content=\"7 minutos\" \/>\n<script type=\"application\/ld+json\" class=\"yoast-schema-graph\">{\"@context\":\"https:\/\/schema.org\",\"@graph\":[{\"@type\":\"Article\",\"@id\":\"https:\/\/dev.antudigital.cl\/sites\/vc\/una-ventana-a-valparaiso-desde-las-artes\/#article\",\"isPartOf\":{\"@id\":\"https:\/\/dev.antudigital.cl\/sites\/vc\/una-ventana-a-valparaiso-desde-las-artes\/\"},\"author\":{\"name\":\"Valpara\u00edso Creativo\",\"@id\":\"https:\/\/dev.antudigital.cl\/sites\/vc\/#\/schema\/person\/c2b9da8dd545e27166fc5ab232837318\"},\"headline\":\"Una ventana a Valpara\u00edso desde las artes\",\"datePublished\":\"2024-05-21T00:54:00+00:00\",\"dateModified\":\"2024-05-21T00:54:18+00:00\",\"mainEntityOfPage\":{\"@id\":\"https:\/\/dev.antudigital.cl\/sites\/vc\/una-ventana-a-valparaiso-desde-las-artes\/\"},\"wordCount\":1518,\"image\":{\"@id\":\"https:\/\/dev.antudigital.cl\/sites\/vc\/una-ventana-a-valparaiso-desde-las-artes\/#primaryimage\"},\"thumbnailUrl\":\"https:\/\/dev.antudigital.cl\/sites\/vc\/wp-content\/uploads\/2024\/05\/444486264_2747757592057124_7223006847344833963_n.jpeg\",\"articleSection\":[\"Blog\"],\"inLanguage\":\"es\"},{\"@type\":\"WebPage\",\"@id\":\"https:\/\/dev.antudigital.cl\/sites\/vc\/una-ventana-a-valparaiso-desde-las-artes\/\",\"url\":\"https:\/\/dev.antudigital.cl\/sites\/vc\/una-ventana-a-valparaiso-desde-las-artes\/\",\"name\":\"Una ventana a Valpara\u00edso desde las artes - Valpara\u00ed\u00adso Creativo\",\"isPartOf\":{\"@id\":\"https:\/\/dev.antudigital.cl\/sites\/vc\/#website\"},\"primaryImageOfPage\":{\"@id\":\"https:\/\/dev.antudigital.cl\/sites\/vc\/una-ventana-a-valparaiso-desde-las-artes\/#primaryimage\"},\"image\":{\"@id\":\"https:\/\/dev.antudigital.cl\/sites\/vc\/una-ventana-a-valparaiso-desde-las-artes\/#primaryimage\"},\"thumbnailUrl\":\"https:\/\/dev.antudigital.cl\/sites\/vc\/wp-content\/uploads\/2024\/05\/444486264_2747757592057124_7223006847344833963_n.jpeg\",\"datePublished\":\"2024-05-21T00:54:00+00:00\",\"dateModified\":\"2024-05-21T00:54:18+00:00\",\"author\":{\"@id\":\"https:\/\/dev.antudigital.cl\/sites\/vc\/#\/schema\/person\/c2b9da8dd545e27166fc5ab232837318\"},\"breadcrumb\":{\"@id\":\"https:\/\/dev.antudigital.cl\/sites\/vc\/una-ventana-a-valparaiso-desde-las-artes\/#breadcrumb\"},\"inLanguage\":\"es\",\"potentialAction\":[{\"@type\":\"ReadAction\",\"target\":[\"https:\/\/dev.antudigital.cl\/sites\/vc\/una-ventana-a-valparaiso-desde-las-artes\/\"]}]},{\"@type\":\"ImageObject\",\"inLanguage\":\"es\",\"@id\":\"https:\/\/dev.antudigital.cl\/sites\/vc\/una-ventana-a-valparaiso-desde-las-artes\/#primaryimage\",\"url\":\"https:\/\/dev.antudigital.cl\/sites\/vc\/wp-content\/uploads\/2024\/05\/444486264_2747757592057124_7223006847344833963_n.jpeg\",\"contentUrl\":\"https:\/\/dev.antudigital.cl\/sites\/vc\/wp-content\/uploads\/2024\/05\/444486264_2747757592057124_7223006847344833963_n.jpeg\",\"width\":1280,\"height\":853},{\"@type\":\"BreadcrumbList\",\"@id\":\"https:\/\/dev.antudigital.cl\/sites\/vc\/una-ventana-a-valparaiso-desde-las-artes\/#breadcrumb\",\"itemListElement\":[{\"@type\":\"ListItem\",\"position\":1,\"name\":\"Home\",\"item\":\"https:\/\/dev.antudigital.cl\/sites\/vc\/\"},{\"@type\":\"ListItem\",\"position\":2,\"name\":\"Una ventana a Valpara\u00edso desde las artes\"}]},{\"@type\":\"WebSite\",\"@id\":\"https:\/\/dev.antudigital.cl\/sites\/vc\/#website\",\"url\":\"https:\/\/dev.antudigital.cl\/sites\/vc\/\",\"name\":\"Valpara\u00ed\u00adso Creativo\",\"description\":\"\",\"potentialAction\":[{\"@type\":\"SearchAction\",\"target\":{\"@type\":\"EntryPoint\",\"urlTemplate\":\"https:\/\/dev.antudigital.cl\/sites\/vc\/?s={search_term_string}\"},\"query-input\":{\"@type\":\"PropertyValueSpecification\",\"valueRequired\":true,\"valueName\":\"search_term_string\"}}],\"inLanguage\":\"es\"},{\"@type\":\"Person\",\"@id\":\"https:\/\/dev.antudigital.cl\/sites\/vc\/#\/schema\/person\/c2b9da8dd545e27166fc5ab232837318\",\"name\":\"Valpara\u00edso Creativo\",\"description\":\"Periodista de cultura en la Regi\u00f3n de Valpara\u00edso.\",\"url\":\"https:\/\/dev.antudigital.cl\/sites\/vc\/author\/valpoadmin\/\"}]}<\/script>\n<!-- \/ Yoast SEO plugin. -->","yoast_head_json":{"title":"Una ventana a Valpara\u00edso desde las artes - Valpara\u00ed\u00adso Creativo","robots":{"index":"index","follow":"follow","max-snippet":"max-snippet:-1","max-image-preview":"max-image-preview:large","max-video-preview":"max-video-preview:-1"},"canonical":"https:\/\/dev.antudigital.cl\/sites\/vc\/una-ventana-a-valparaiso-desde-las-artes\/","og_locale":"es_ES","og_type":"article","og_title":"Una ventana a Valpara\u00edso desde las artes - Valpara\u00ed\u00adso Creativo","og_description":"Galer\u00eda Bah\u00eda Ut\u00f3pica se encuentra en un punto estrat\u00e9gico del Cerro Alegre. Cuentan con un cat\u00e1logo de m\u00e1s de 30 artistas en su espacio, que llevan desde el 2009, aunque comenzaron con sus gestiones el 2007. Se trata de un inmueble que contiene arte local en diversas t\u00e9cnicas, con artistas de renombre como Loro Coir\u00f3n, [&hellip;]","og_url":"https:\/\/dev.antudigital.cl\/sites\/vc\/una-ventana-a-valparaiso-desde-las-artes\/","og_site_name":"Valpara\u00ed\u00adso Creativo","article_published_time":"2024-05-21T00:54:00+00:00","article_modified_time":"2024-05-21T00:54:18+00:00","og_image":[{"width":1280,"height":853,"url":"https:\/\/dev.antudigital.cl\/sites\/vc\/wp-content\/uploads\/2024\/05\/444486264_2747757592057124_7223006847344833963_n.jpeg","type":"image\/jpeg"}],"author":"Valpara\u00edso Creativo","twitter_card":"summary_large_image","twitter_misc":{"Escrito por":"Valpara\u00edso Creativo","Tiempo de lectura":"7 minutos"},"schema":{"@context":"https:\/\/schema.org","@graph":[{"@type":"Article","@id":"https:\/\/dev.antudigital.cl\/sites\/vc\/una-ventana-a-valparaiso-desde-las-artes\/#article","isPartOf":{"@id":"https:\/\/dev.antudigital.cl\/sites\/vc\/una-ventana-a-valparaiso-desde-las-artes\/"},"author":{"name":"Valpara\u00edso Creativo","@id":"https:\/\/dev.antudigital.cl\/sites\/vc\/#\/schema\/person\/c2b9da8dd545e27166fc5ab232837318"},"headline":"Una ventana a Valpara\u00edso desde las artes","datePublished":"2024-05-21T00:54:00+00:00","dateModified":"2024-05-21T00:54:18+00:00","mainEntityOfPage":{"@id":"https:\/\/dev.antudigital.cl\/sites\/vc\/una-ventana-a-valparaiso-desde-las-artes\/"},"wordCount":1518,"image":{"@id":"https:\/\/dev.antudigital.cl\/sites\/vc\/una-ventana-a-valparaiso-desde-las-artes\/#primaryimage"},"thumbnailUrl":"https:\/\/dev.antudigital.cl\/sites\/vc\/wp-content\/uploads\/2024\/05\/444486264_2747757592057124_7223006847344833963_n.jpeg","articleSection":["Blog"],"inLanguage":"es"},{"@type":"WebPage","@id":"https:\/\/dev.antudigital.cl\/sites\/vc\/una-ventana-a-valparaiso-desde-las-artes\/","url":"https:\/\/dev.antudigital.cl\/sites\/vc\/una-ventana-a-valparaiso-desde-las-artes\/","name":"Una ventana a Valpara\u00edso desde las artes - Valpara\u00ed\u00adso Creativo","isPartOf":{"@id":"https:\/\/dev.antudigital.cl\/sites\/vc\/#website"},"primaryImageOfPage":{"@id":"https:\/\/dev.antudigital.cl\/sites\/vc\/una-ventana-a-valparaiso-desde-las-artes\/#primaryimage"},"image":{"@id":"https:\/\/dev.antudigital.cl\/sites\/vc\/una-ventana-a-valparaiso-desde-las-artes\/#primaryimage"},"thumbnailUrl":"https:\/\/dev.antudigital.cl\/sites\/vc\/wp-content\/uploads\/2024\/05\/444486264_2747757592057124_7223006847344833963_n.jpeg","datePublished":"2024-05-21T00:54:00+00:00","dateModified":"2024-05-21T00:54:18+00:00","author":{"@id":"https:\/\/dev.antudigital.cl\/sites\/vc\/#\/schema\/person\/c2b9da8dd545e27166fc5ab232837318"},"breadcrumb":{"@id":"https:\/\/dev.antudigital.cl\/sites\/vc\/una-ventana-a-valparaiso-desde-las-artes\/#breadcrumb"},"inLanguage":"es","potentialAction":[{"@type":"ReadAction","target":["https:\/\/dev.antudigital.cl\/sites\/vc\/una-ventana-a-valparaiso-desde-las-artes\/"]}]},{"@type":"ImageObject","inLanguage":"es","@id":"https:\/\/dev.antudigital.cl\/sites\/vc\/una-ventana-a-valparaiso-desde-las-artes\/#primaryimage","url":"https:\/\/dev.antudigital.cl\/sites\/vc\/wp-content\/uploads\/2024\/05\/444486264_2747757592057124_7223006847344833963_n.jpeg","contentUrl":"https:\/\/dev.antudigital.cl\/sites\/vc\/wp-content\/uploads\/2024\/05\/444486264_2747757592057124_7223006847344833963_n.jpeg","width":1280,"height":853},{"@type":"BreadcrumbList","@id":"https:\/\/dev.antudigital.cl\/sites\/vc\/una-ventana-a-valparaiso-desde-las-artes\/#breadcrumb","itemListElement":[{"@type":"ListItem","position":1,"name":"Home","item":"https:\/\/dev.antudigital.cl\/sites\/vc\/"},{"@type":"ListItem","position":2,"name":"Una ventana a Valpara\u00edso desde las artes"}]},{"@type":"WebSite","@id":"https:\/\/dev.antudigital.cl\/sites\/vc\/#website","url":"https:\/\/dev.antudigital.cl\/sites\/vc\/","name":"Valpara\u00ed\u00adso Creativo","description":"","potentialAction":[{"@type":"SearchAction","target":{"@type":"EntryPoint","urlTemplate":"https:\/\/dev.antudigital.cl\/sites\/vc\/?s={search_term_string}"},"query-input":{"@type":"PropertyValueSpecification","valueRequired":true,"valueName":"search_term_string"}}],"inLanguage":"es"},{"@type":"Person","@id":"https:\/\/dev.antudigital.cl\/sites\/vc\/#\/schema\/person\/c2b9da8dd545e27166fc5ab232837318","name":"Valpara\u00edso Creativo","description":"Periodista de cultura en la Regi\u00f3n de Valpara\u00edso.","url":"https:\/\/dev.antudigital.cl\/sites\/vc\/author\/valpoadmin\/"}]}},"_links":{"self":[{"href":"https:\/\/dev.antudigital.cl\/sites\/vc\/wp-json\/wp\/v2\/posts\/19185","targetHints":{"allow":["GET"]}}],"collection":[{"href":"https:\/\/dev.antudigital.cl\/sites\/vc\/wp-json\/wp\/v2\/posts"}],"about":[{"href":"https:\/\/dev.antudigital.cl\/sites\/vc\/wp-json\/wp\/v2\/types\/post"}],"author":[{"embeddable":true,"href":"https:\/\/dev.antudigital.cl\/sites\/vc\/wp-json\/wp\/v2\/users\/1"}],"replies":[{"embeddable":true,"href":"https:\/\/dev.antudigital.cl\/sites\/vc\/wp-json\/wp\/v2\/comments?post=19185"}],"version-history":[{"count":1,"href":"https:\/\/dev.antudigital.cl\/sites\/vc\/wp-json\/wp\/v2\/posts\/19185\/revisions"}],"predecessor-version":[{"id":19192,"href":"https:\/\/dev.antudigital.cl\/sites\/vc\/wp-json\/wp\/v2\/posts\/19185\/revisions\/19192"}],"wp:featuredmedia":[{"embeddable":true,"href":"https:\/\/dev.antudigital.cl\/sites\/vc\/wp-json\/wp\/v2\/media\/19188"}],"wp:attachment":[{"href":"https:\/\/dev.antudigital.cl\/sites\/vc\/wp-json\/wp\/v2\/media?parent=19185"}],"wp:term":[{"taxonomy":"category","embeddable":true,"href":"https:\/\/dev.antudigital.cl\/sites\/vc\/wp-json\/wp\/v2\/categories?post=19185"},{"taxonomy":"post_tag","embeddable":true,"href":"https:\/\/dev.antudigital.cl\/sites\/vc\/wp-json\/wp\/v2\/tags?post=19185"}],"curies":[{"name":"wp","href":"https:\/\/api.w.org\/{rel}","templated":true}]}}