{"id":19200,"date":"2024-05-27T13:33:19","date_gmt":"2024-05-27T13:33:19","guid":{"rendered":"https:\/\/www.valparaisocreativo.cl\/?p=19200"},"modified":"2024-05-27T13:33:37","modified_gmt":"2024-05-27T13:33:37","slug":"junio-de-orgullo-musica-y-estrenos-en-centro-cultural-ipa","status":"publish","type":"post","link":"https:\/\/dev.antudigital.cl\/sites\/vc\/junio-de-orgullo-musica-y-estrenos-en-centro-cultural-ipa\/","title":{"rendered":"Junio de Orgullo, m\u00fasica y estrenos en Centro Cultural IPA"},"content":{"rendered":"\n<p><strong>El jueves 6 de junio se presenta el concierto SOL DE INVIERNO de Pavez y Los Inseguros en la Sala de Teatro IPA, y el mi\u00e9rcoles 19 de junio se estrena la obra ANKU, UN NI\u00d1O AYMARA de la Compa\u00f1\u00eda de Teatro IluCi\u00f3n<\/strong>, enmarcada en el D\u00eda Nacional de los Pueblos Ind\u00edgenas, celebrando el solsticio de invierno. Ambas actividades contemplan un aporte sugerido de $2000, $3000 o $5000 y las reservas se deben realizar a trav\u00e9s de Passline o en el Instagram @salateatroipa.<\/p>\n\n\n\n<p>Parte de la programaci\u00f3n del Centro Cultural IPA cuenta con el financiamiento del Programa de Apoyo a Organizaciones Culturales Colaboradoras del Ministerio de las Culturas, las Artes y el Patrimonio.<\/p>\n\n\n\n<p><strong>ORGULLO<\/strong><\/p>\n\n\n\n<p>Junio es el Mes del Orgullo. Se conmemora la Revuelta de Stonewall de 1969, conocidas manifestaciones de protesta en contra del maltrato por parte de los polic\u00edas&nbsp; en Nueva York hacia personas marginadas de la sociedad, como travestis, transexuales, drag queens, lesbianas, gays, trabajadoras y trabajadores sexuales, personas sin hogar, comunidad negra, migrante y m\u00e1s.&nbsp;<\/p>\n\n\n\n<p><strong>Carol Carvajal, Encargada Departamento Diversidades y Disidencias y Coordinadora Centro Comunitario LGBT+<\/strong>, comenta: \u201cEl lanzamiento del concurso contempla tambi\u00e9n la difusi\u00f3n de nuestro calendario del Mes del Orgullo. Tenemos varias actividades preparadas, un ciclo de cine, talleres de autonom\u00eda econ\u00f3mica y m\u00e1s. Desde la Direcci\u00f3n de G\u00e9nero: Mujeres y Diversidades, consideramos sumamente importante la visibilidad y la promoci\u00f3n de derechos de la comunidad LGBT+\u201d.<\/p>\n\n\n\n<p><strong>Pamela Aravena, Productora General del proyecto PAOCC Centro Cultural IPA<\/strong>, destaca: \u201cDesde el Centro Cultural nos parece muy importante vincularnos con nuestras vecinas y vecinos. La Direcci\u00f3n de G\u00e9nero y Diversidades tiene un trabajo fundamental para la ciudad y nosotros podemos aportar desde la potencialidad del arte, que tensiona, pone en reflexi\u00f3n, cuestiona la realidad. Estamos muy felices de vincularnos aportando\u00bb.<\/p>\n\n\n\n<figure class=\"wp-block-image size-large\"><img fetchpriority=\"high\" decoding=\"async\" width=\"1024\" height=\"760\" src=\"https:\/\/www.valparaisocreativo.cl\/wp-content\/uploads\/2024\/05\/LECTURA-TENGO-MIEDO-TORERO-1024x760.jpg\" alt=\"\" class=\"wp-image-19203\" srcset=\"https:\/\/dev.antudigital.cl\/sites\/vc\/wp-content\/uploads\/2024\/05\/LECTURA-TENGO-MIEDO-TORERO-1024x760.jpg 1024w, https:\/\/dev.antudigital.cl\/sites\/vc\/wp-content\/uploads\/2024\/05\/LECTURA-TENGO-MIEDO-TORERO-300x223.jpg 300w, https:\/\/dev.antudigital.cl\/sites\/vc\/wp-content\/uploads\/2024\/05\/LECTURA-TENGO-MIEDO-TORERO-768x570.jpg 768w, https:\/\/dev.antudigital.cl\/sites\/vc\/wp-content\/uploads\/2024\/05\/LECTURA-TENGO-MIEDO-TORERO-1536x1140.jpg 1536w, https:\/\/dev.antudigital.cl\/sites\/vc\/wp-content\/uploads\/2024\/05\/LECTURA-TENGO-MIEDO-TORERO-1080x802.jpg 1080w, https:\/\/dev.antudigital.cl\/sites\/vc\/wp-content\/uploads\/2024\/05\/LECTURA-TENGO-MIEDO-TORERO-1280x950.jpg 1280w, https:\/\/dev.antudigital.cl\/sites\/vc\/wp-content\/uploads\/2024\/05\/LECTURA-TENGO-MIEDO-TORERO-980x728.jpg 980w, https:\/\/dev.antudigital.cl\/sites\/vc\/wp-content\/uploads\/2024\/05\/LECTURA-TENGO-MIEDO-TORERO-480x356.jpg 480w, https:\/\/dev.antudigital.cl\/sites\/vc\/wp-content\/uploads\/2024\/05\/LECTURA-TENGO-MIEDO-TORERO-24x18.jpg 24w, https:\/\/dev.antudigital.cl\/sites\/vc\/wp-content\/uploads\/2024\/05\/LECTURA-TENGO-MIEDO-TORERO-36x27.jpg 36w, https:\/\/dev.antudigital.cl\/sites\/vc\/wp-content\/uploads\/2024\/05\/LECTURA-TENGO-MIEDO-TORERO-48x36.jpg 48w, https:\/\/dev.antudigital.cl\/sites\/vc\/wp-content\/uploads\/2024\/05\/LECTURA-TENGO-MIEDO-TORERO.jpg 1832w\" sizes=\"(max-width: 1024px) 100vw, 1024px\" \/><\/figure>\n\n\n\n<p><strong>M\u00daSICA<\/strong><\/p>\n\n\n\n<p>P\u00e1vez y los Inseguros presentar\u00e1n un concierto imperdible que pone el detalle, la memoria y la melancol\u00eda al centro.&nbsp;<strong>Pedro P\u00e1vez, l\u00edder de la agrupaci\u00f3n<\/strong>, invita: \u201cVamos a presentar un resumen de toda la obra editada, m\u00e1s algunas sorpresas, canciones in\u00e9ditas. Ser\u00e1 un formato \u00edntimo que funciona bien con la \u00e9poca del a\u00f1o en la que estamos. Toda la m\u00fasica de los Inseguros es oto\u00f1al y este formato nos permitir\u00e1 crear una atm\u00f3sfera en ese tono\u201d.<\/p>\n\n\n\n<p><strong>ESTRENO<\/strong><\/p>\n\n\n\n<p><strong>Marcela Molina, int\u00e9rprete de la Compa\u00f1\u00eda de Teatro IluCi\u00f3n, se\u00f1ala<\/strong>: \u201cQuisimos que el estreno de ANKU, EL NI\u00d1O AYMARA fuera en junio, ya que el 20 es el D\u00eda Nacional de los Pueblos Originarios y el 21 es el A\u00f1o Nuevo Aymara. Preparamos este montaje con mucho cari\u00f1o, habla de la vida de un ni\u00f1o Aymara y c\u00f3mo a trav\u00e9s de su relato nos comparte tradiciones de su pueblo, costumbres, experiencias culturales\u201d.<\/p>\n\n\n\n<p>El proyecto \u201cCONTINUIDAD DE LA PROGRAMACI\u00d3N DE LA SALA DE TEATRO DEL CENTRO CULTURAL IPA: 95 a\u00f1os de arte y cultura local\u201d forma parte del Programa de Apoyo a Organizaciones Culturales Colaboradoras del Ministerio de las Culturas, las Artes y el Patrimonio, que busca fortalecer y dar continuidad a instituciones y organizaciones culturales de derecho privado y sin fines de lucro. Este programa adem\u00e1s es parte del Sistema de Financiamiento a Organizaciones e Infraestructura Cultural del Ministerio de las Culturas, las Artes y el Patrimonio que integra, articula y coordina de forma transversal los planes, programas y fondos orientados al fomento y apoyo de las organizaciones, de la infraestructura cultural, y de la mediaci\u00f3n art\u00edstica. Todo esto con una vocaci\u00f3n descentralizada, mecanismos participativos, y la promoci\u00f3n de la creaci\u00f3n de redes y asociaciones.<\/p>\n\n\n\n<figure class=\"wp-block-image size-full\"><img decoding=\"async\" width=\"992\" height=\"744\" src=\"https:\/\/www.valparaisocreativo.cl\/wp-content\/uploads\/2024\/05\/ANKU-UN-NINO-AYMARA.jpg\" alt=\"\" class=\"wp-image-19201\" srcset=\"https:\/\/dev.antudigital.cl\/sites\/vc\/wp-content\/uploads\/2024\/05\/ANKU-UN-NINO-AYMARA.jpg 992w, https:\/\/dev.antudigital.cl\/sites\/vc\/wp-content\/uploads\/2024\/05\/ANKU-UN-NINO-AYMARA-300x225.jpg 300w, https:\/\/dev.antudigital.cl\/sites\/vc\/wp-content\/uploads\/2024\/05\/ANKU-UN-NINO-AYMARA-768x576.jpg 768w, https:\/\/dev.antudigital.cl\/sites\/vc\/wp-content\/uploads\/2024\/05\/ANKU-UN-NINO-AYMARA-510x382.jpg 510w, https:\/\/dev.antudigital.cl\/sites\/vc\/wp-content\/uploads\/2024\/05\/ANKU-UN-NINO-AYMARA-980x735.jpg 980w, https:\/\/dev.antudigital.cl\/sites\/vc\/wp-content\/uploads\/2024\/05\/ANKU-UN-NINO-AYMARA-480x360.jpg 480w, https:\/\/dev.antudigital.cl\/sites\/vc\/wp-content\/uploads\/2024\/05\/ANKU-UN-NINO-AYMARA-24x18.jpg 24w, https:\/\/dev.antudigital.cl\/sites\/vc\/wp-content\/uploads\/2024\/05\/ANKU-UN-NINO-AYMARA-36x27.jpg 36w, https:\/\/dev.antudigital.cl\/sites\/vc\/wp-content\/uploads\/2024\/05\/ANKU-UN-NINO-AYMARA-48x36.jpg 48w\" sizes=\"(max-width: 992px) 100vw, 992px\" \/><\/figure>\n","protected":false},"excerpt":{"rendered":"<p>El jueves 6 de junio se presenta el concierto SOL DE INVIERNO de Pavez y Los Inseguros en la Sala de Teatro IPA, y el mi\u00e9rcoles 19 de junio se estrena la obra ANKU, UN NI\u00d1O AYMARA de la Compa\u00f1\u00eda de Teatro IluCi\u00f3n, enmarcada en el D\u00eda Nacional de los Pueblos Ind\u00edgenas, celebrando el solsticio [&hellip;]<\/p>\n","protected":false},"author":1,"featured_media":19202,"comment_status":"closed","ping_status":"closed","sticky":false,"template":"","format":"standard","meta":{"_acf_changed":false,"footnotes":""},"categories":[8],"tags":[],"class_list":["post-19200","post","type-post","status-publish","format-standard","has-post-thumbnail","hentry","category-noticia"],"acf":[],"yoast_head":"<!-- This site is optimized with the Yoast SEO plugin v27.1.1 - https:\/\/yoast.com\/product\/yoast-seo-wordpress\/ -->\n<title>Junio de Orgullo, m\u00fasica y estrenos en Centro Cultural IPA - Valpara\u00ed\u00adso Creativo<\/title>\n<meta name=\"robots\" content=\"index, follow, max-snippet:-1, max-image-preview:large, max-video-preview:-1\" \/>\n<link rel=\"canonical\" href=\"https:\/\/dev.antudigital.cl\/sites\/vc\/junio-de-orgullo-musica-y-estrenos-en-centro-cultural-ipa\/\" \/>\n<meta property=\"og:locale\" content=\"es_ES\" \/>\n<meta property=\"og:type\" content=\"article\" \/>\n<meta property=\"og:title\" content=\"Junio de Orgullo, m\u00fasica y estrenos en Centro Cultural IPA - Valpara\u00ed\u00adso Creativo\" \/>\n<meta property=\"og:description\" content=\"El jueves 6 de junio se presenta el concierto SOL DE INVIERNO de Pavez y Los Inseguros en la Sala de Teatro IPA, y el mi\u00e9rcoles 19 de junio se estrena la obra ANKU, UN NI\u00d1O AYMARA de la Compa\u00f1\u00eda de Teatro IluCi\u00f3n, enmarcada en el D\u00eda Nacional de los Pueblos Ind\u00edgenas, celebrando el solsticio [&hellip;]\" \/>\n<meta property=\"og:url\" content=\"https:\/\/dev.antudigital.cl\/sites\/vc\/junio-de-orgullo-musica-y-estrenos-en-centro-cultural-ipa\/\" \/>\n<meta property=\"og:site_name\" content=\"Valpara\u00ed\u00adso Creativo\" \/>\n<meta property=\"article:published_time\" content=\"2024-05-27T13:33:19+00:00\" \/>\n<meta property=\"article:modified_time\" content=\"2024-05-27T13:33:37+00:00\" \/>\n<meta property=\"og:image\" content=\"https:\/\/dev.antudigital.cl\/sites\/vc\/wp-content\/uploads\/2024\/05\/PAVEZ-Y-LOS-INSEGUROS.jpg\" \/>\n\t<meta property=\"og:image:width\" content=\"1555\" \/>\n\t<meta property=\"og:image:height\" content=\"1036\" \/>\n\t<meta property=\"og:image:type\" content=\"image\/jpeg\" \/>\n<meta name=\"author\" content=\"Valpara\u00edso Creativo\" \/>\n<meta name=\"twitter:card\" content=\"summary_large_image\" \/>\n<meta name=\"twitter:label1\" content=\"Escrito por\" \/>\n\t<meta name=\"twitter:data1\" content=\"Valpara\u00edso Creativo\" \/>\n\t<meta name=\"twitter:label2\" content=\"Tiempo de lectura\" \/>\n\t<meta name=\"twitter:data2\" content=\"4 minutos\" \/>\n<script type=\"application\/ld+json\" class=\"yoast-schema-graph\">{\"@context\":\"https:\/\/schema.org\",\"@graph\":[{\"@type\":\"Article\",\"@id\":\"https:\/\/dev.antudigital.cl\/sites\/vc\/junio-de-orgullo-musica-y-estrenos-en-centro-cultural-ipa\/#article\",\"isPartOf\":{\"@id\":\"https:\/\/dev.antudigital.cl\/sites\/vc\/junio-de-orgullo-musica-y-estrenos-en-centro-cultural-ipa\/\"},\"author\":{\"name\":\"Valpara\u00edso Creativo\",\"@id\":\"https:\/\/dev.antudigital.cl\/sites\/vc\/#\/schema\/person\/c2b9da8dd545e27166fc5ab232837318\"},\"headline\":\"Junio de Orgullo, m\u00fasica y estrenos en Centro Cultural IPA\",\"datePublished\":\"2024-05-27T13:33:19+00:00\",\"dateModified\":\"2024-05-27T13:33:37+00:00\",\"mainEntityOfPage\":{\"@id\":\"https:\/\/dev.antudigital.cl\/sites\/vc\/junio-de-orgullo-musica-y-estrenos-en-centro-cultural-ipa\/\"},\"wordCount\":635,\"image\":{\"@id\":\"https:\/\/dev.antudigital.cl\/sites\/vc\/junio-de-orgullo-musica-y-estrenos-en-centro-cultural-ipa\/#primaryimage\"},\"thumbnailUrl\":\"https:\/\/dev.antudigital.cl\/sites\/vc\/wp-content\/uploads\/2024\/05\/PAVEZ-Y-LOS-INSEGUROS.jpg\",\"articleSection\":[\"Noticia\"],\"inLanguage\":\"es\"},{\"@type\":\"WebPage\",\"@id\":\"https:\/\/dev.antudigital.cl\/sites\/vc\/junio-de-orgullo-musica-y-estrenos-en-centro-cultural-ipa\/\",\"url\":\"https:\/\/dev.antudigital.cl\/sites\/vc\/junio-de-orgullo-musica-y-estrenos-en-centro-cultural-ipa\/\",\"name\":\"Junio de Orgullo, m\u00fasica y estrenos en Centro Cultural IPA - Valpara\u00ed\u00adso Creativo\",\"isPartOf\":{\"@id\":\"https:\/\/dev.antudigital.cl\/sites\/vc\/#website\"},\"primaryImageOfPage\":{\"@id\":\"https:\/\/dev.antudigital.cl\/sites\/vc\/junio-de-orgullo-musica-y-estrenos-en-centro-cultural-ipa\/#primaryimage\"},\"image\":{\"@id\":\"https:\/\/dev.antudigital.cl\/sites\/vc\/junio-de-orgullo-musica-y-estrenos-en-centro-cultural-ipa\/#primaryimage\"},\"thumbnailUrl\":\"https:\/\/dev.antudigital.cl\/sites\/vc\/wp-content\/uploads\/2024\/05\/PAVEZ-Y-LOS-INSEGUROS.jpg\",\"datePublished\":\"2024-05-27T13:33:19+00:00\",\"dateModified\":\"2024-05-27T13:33:37+00:00\",\"author\":{\"@id\":\"https:\/\/dev.antudigital.cl\/sites\/vc\/#\/schema\/person\/c2b9da8dd545e27166fc5ab232837318\"},\"breadcrumb\":{\"@id\":\"https:\/\/dev.antudigital.cl\/sites\/vc\/junio-de-orgullo-musica-y-estrenos-en-centro-cultural-ipa\/#breadcrumb\"},\"inLanguage\":\"es\",\"potentialAction\":[{\"@type\":\"ReadAction\",\"target\":[\"https:\/\/dev.antudigital.cl\/sites\/vc\/junio-de-orgullo-musica-y-estrenos-en-centro-cultural-ipa\/\"]}]},{\"@type\":\"ImageObject\",\"inLanguage\":\"es\",\"@id\":\"https:\/\/dev.antudigital.cl\/sites\/vc\/junio-de-orgullo-musica-y-estrenos-en-centro-cultural-ipa\/#primaryimage\",\"url\":\"https:\/\/dev.antudigital.cl\/sites\/vc\/wp-content\/uploads\/2024\/05\/PAVEZ-Y-LOS-INSEGUROS.jpg\",\"contentUrl\":\"https:\/\/dev.antudigital.cl\/sites\/vc\/wp-content\/uploads\/2024\/05\/PAVEZ-Y-LOS-INSEGUROS.jpg\",\"width\":1555,\"height\":1036},{\"@type\":\"BreadcrumbList\",\"@id\":\"https:\/\/dev.antudigital.cl\/sites\/vc\/junio-de-orgullo-musica-y-estrenos-en-centro-cultural-ipa\/#breadcrumb\",\"itemListElement\":[{\"@type\":\"ListItem\",\"position\":1,\"name\":\"Home\",\"item\":\"https:\/\/dev.antudigital.cl\/sites\/vc\/\"},{\"@type\":\"ListItem\",\"position\":2,\"name\":\"Junio de Orgullo, m\u00fasica y estrenos en Centro Cultural IPA\"}]},{\"@type\":\"WebSite\",\"@id\":\"https:\/\/dev.antudigital.cl\/sites\/vc\/#website\",\"url\":\"https:\/\/dev.antudigital.cl\/sites\/vc\/\",\"name\":\"Valpara\u00ed\u00adso Creativo\",\"description\":\"\",\"potentialAction\":[{\"@type\":\"SearchAction\",\"target\":{\"@type\":\"EntryPoint\",\"urlTemplate\":\"https:\/\/dev.antudigital.cl\/sites\/vc\/?s={search_term_string}\"},\"query-input\":{\"@type\":\"PropertyValueSpecification\",\"valueRequired\":true,\"valueName\":\"search_term_string\"}}],\"inLanguage\":\"es\"},{\"@type\":\"Person\",\"@id\":\"https:\/\/dev.antudigital.cl\/sites\/vc\/#\/schema\/person\/c2b9da8dd545e27166fc5ab232837318\",\"name\":\"Valpara\u00edso Creativo\",\"description\":\"Periodista de cultura en la Regi\u00f3n de Valpara\u00edso.\",\"url\":\"https:\/\/dev.antudigital.cl\/sites\/vc\/author\/valpoadmin\/\"}]}<\/script>\n<!-- \/ Yoast SEO plugin. -->","yoast_head_json":{"title":"Junio de Orgullo, m\u00fasica y estrenos en Centro Cultural IPA - Valpara\u00ed\u00adso Creativo","robots":{"index":"index","follow":"follow","max-snippet":"max-snippet:-1","max-image-preview":"max-image-preview:large","max-video-preview":"max-video-preview:-1"},"canonical":"https:\/\/dev.antudigital.cl\/sites\/vc\/junio-de-orgullo-musica-y-estrenos-en-centro-cultural-ipa\/","og_locale":"es_ES","og_type":"article","og_title":"Junio de Orgullo, m\u00fasica y estrenos en Centro Cultural IPA - Valpara\u00ed\u00adso Creativo","og_description":"El jueves 6 de junio se presenta el concierto SOL DE INVIERNO de Pavez y Los Inseguros en la Sala de Teatro IPA, y el mi\u00e9rcoles 19 de junio se estrena la obra ANKU, UN NI\u00d1O AYMARA de la Compa\u00f1\u00eda de Teatro IluCi\u00f3n, enmarcada en el D\u00eda Nacional de los Pueblos Ind\u00edgenas, celebrando el solsticio [&hellip;]","og_url":"https:\/\/dev.antudigital.cl\/sites\/vc\/junio-de-orgullo-musica-y-estrenos-en-centro-cultural-ipa\/","og_site_name":"Valpara\u00ed\u00adso Creativo","article_published_time":"2024-05-27T13:33:19+00:00","article_modified_time":"2024-05-27T13:33:37+00:00","og_image":[{"width":1555,"height":1036,"url":"https:\/\/dev.antudigital.cl\/sites\/vc\/wp-content\/uploads\/2024\/05\/PAVEZ-Y-LOS-INSEGUROS.jpg","type":"image\/jpeg"}],"author":"Valpara\u00edso Creativo","twitter_card":"summary_large_image","twitter_misc":{"Escrito por":"Valpara\u00edso Creativo","Tiempo de lectura":"4 minutos"},"schema":{"@context":"https:\/\/schema.org","@graph":[{"@type":"Article","@id":"https:\/\/dev.antudigital.cl\/sites\/vc\/junio-de-orgullo-musica-y-estrenos-en-centro-cultural-ipa\/#article","isPartOf":{"@id":"https:\/\/dev.antudigital.cl\/sites\/vc\/junio-de-orgullo-musica-y-estrenos-en-centro-cultural-ipa\/"},"author":{"name":"Valpara\u00edso Creativo","@id":"https:\/\/dev.antudigital.cl\/sites\/vc\/#\/schema\/person\/c2b9da8dd545e27166fc5ab232837318"},"headline":"Junio de Orgullo, m\u00fasica y estrenos en Centro Cultural IPA","datePublished":"2024-05-27T13:33:19+00:00","dateModified":"2024-05-27T13:33:37+00:00","mainEntityOfPage":{"@id":"https:\/\/dev.antudigital.cl\/sites\/vc\/junio-de-orgullo-musica-y-estrenos-en-centro-cultural-ipa\/"},"wordCount":635,"image":{"@id":"https:\/\/dev.antudigital.cl\/sites\/vc\/junio-de-orgullo-musica-y-estrenos-en-centro-cultural-ipa\/#primaryimage"},"thumbnailUrl":"https:\/\/dev.antudigital.cl\/sites\/vc\/wp-content\/uploads\/2024\/05\/PAVEZ-Y-LOS-INSEGUROS.jpg","articleSection":["Noticia"],"inLanguage":"es"},{"@type":"WebPage","@id":"https:\/\/dev.antudigital.cl\/sites\/vc\/junio-de-orgullo-musica-y-estrenos-en-centro-cultural-ipa\/","url":"https:\/\/dev.antudigital.cl\/sites\/vc\/junio-de-orgullo-musica-y-estrenos-en-centro-cultural-ipa\/","name":"Junio de Orgullo, m\u00fasica y estrenos en Centro Cultural IPA - Valpara\u00ed\u00adso Creativo","isPartOf":{"@id":"https:\/\/dev.antudigital.cl\/sites\/vc\/#website"},"primaryImageOfPage":{"@id":"https:\/\/dev.antudigital.cl\/sites\/vc\/junio-de-orgullo-musica-y-estrenos-en-centro-cultural-ipa\/#primaryimage"},"image":{"@id":"https:\/\/dev.antudigital.cl\/sites\/vc\/junio-de-orgullo-musica-y-estrenos-en-centro-cultural-ipa\/#primaryimage"},"thumbnailUrl":"https:\/\/dev.antudigital.cl\/sites\/vc\/wp-content\/uploads\/2024\/05\/PAVEZ-Y-LOS-INSEGUROS.jpg","datePublished":"2024-05-27T13:33:19+00:00","dateModified":"2024-05-27T13:33:37+00:00","author":{"@id":"https:\/\/dev.antudigital.cl\/sites\/vc\/#\/schema\/person\/c2b9da8dd545e27166fc5ab232837318"},"breadcrumb":{"@id":"https:\/\/dev.antudigital.cl\/sites\/vc\/junio-de-orgullo-musica-y-estrenos-en-centro-cultural-ipa\/#breadcrumb"},"inLanguage":"es","potentialAction":[{"@type":"ReadAction","target":["https:\/\/dev.antudigital.cl\/sites\/vc\/junio-de-orgullo-musica-y-estrenos-en-centro-cultural-ipa\/"]}]},{"@type":"ImageObject","inLanguage":"es","@id":"https:\/\/dev.antudigital.cl\/sites\/vc\/junio-de-orgullo-musica-y-estrenos-en-centro-cultural-ipa\/#primaryimage","url":"https:\/\/dev.antudigital.cl\/sites\/vc\/wp-content\/uploads\/2024\/05\/PAVEZ-Y-LOS-INSEGUROS.jpg","contentUrl":"https:\/\/dev.antudigital.cl\/sites\/vc\/wp-content\/uploads\/2024\/05\/PAVEZ-Y-LOS-INSEGUROS.jpg","width":1555,"height":1036},{"@type":"BreadcrumbList","@id":"https:\/\/dev.antudigital.cl\/sites\/vc\/junio-de-orgullo-musica-y-estrenos-en-centro-cultural-ipa\/#breadcrumb","itemListElement":[{"@type":"ListItem","position":1,"name":"Home","item":"https:\/\/dev.antudigital.cl\/sites\/vc\/"},{"@type":"ListItem","position":2,"name":"Junio de Orgullo, m\u00fasica y estrenos en Centro Cultural IPA"}]},{"@type":"WebSite","@id":"https:\/\/dev.antudigital.cl\/sites\/vc\/#website","url":"https:\/\/dev.antudigital.cl\/sites\/vc\/","name":"Valpara\u00ed\u00adso Creativo","description":"","potentialAction":[{"@type":"SearchAction","target":{"@type":"EntryPoint","urlTemplate":"https:\/\/dev.antudigital.cl\/sites\/vc\/?s={search_term_string}"},"query-input":{"@type":"PropertyValueSpecification","valueRequired":true,"valueName":"search_term_string"}}],"inLanguage":"es"},{"@type":"Person","@id":"https:\/\/dev.antudigital.cl\/sites\/vc\/#\/schema\/person\/c2b9da8dd545e27166fc5ab232837318","name":"Valpara\u00edso Creativo","description":"Periodista de cultura en la Regi\u00f3n de Valpara\u00edso.","url":"https:\/\/dev.antudigital.cl\/sites\/vc\/author\/valpoadmin\/"}]}},"_links":{"self":[{"href":"https:\/\/dev.antudigital.cl\/sites\/vc\/wp-json\/wp\/v2\/posts\/19200","targetHints":{"allow":["GET"]}}],"collection":[{"href":"https:\/\/dev.antudigital.cl\/sites\/vc\/wp-json\/wp\/v2\/posts"}],"about":[{"href":"https:\/\/dev.antudigital.cl\/sites\/vc\/wp-json\/wp\/v2\/types\/post"}],"author":[{"embeddable":true,"href":"https:\/\/dev.antudigital.cl\/sites\/vc\/wp-json\/wp\/v2\/users\/1"}],"replies":[{"embeddable":true,"href":"https:\/\/dev.antudigital.cl\/sites\/vc\/wp-json\/wp\/v2\/comments?post=19200"}],"version-history":[{"count":1,"href":"https:\/\/dev.antudigital.cl\/sites\/vc\/wp-json\/wp\/v2\/posts\/19200\/revisions"}],"predecessor-version":[{"id":19204,"href":"https:\/\/dev.antudigital.cl\/sites\/vc\/wp-json\/wp\/v2\/posts\/19200\/revisions\/19204"}],"wp:featuredmedia":[{"embeddable":true,"href":"https:\/\/dev.antudigital.cl\/sites\/vc\/wp-json\/wp\/v2\/media\/19202"}],"wp:attachment":[{"href":"https:\/\/dev.antudigital.cl\/sites\/vc\/wp-json\/wp\/v2\/media?parent=19200"}],"wp:term":[{"taxonomy":"category","embeddable":true,"href":"https:\/\/dev.antudigital.cl\/sites\/vc\/wp-json\/wp\/v2\/categories?post=19200"},{"taxonomy":"post_tag","embeddable":true,"href":"https:\/\/dev.antudigital.cl\/sites\/vc\/wp-json\/wp\/v2\/tags?post=19200"}],"curies":[{"name":"wp","href":"https:\/\/api.w.org\/{rel}","templated":true}]}}