{"id":19215,"date":"2024-05-27T15:49:38","date_gmt":"2024-05-27T15:49:38","guid":{"rendered":"https:\/\/www.valparaisocreativo.cl\/?p=19215"},"modified":"2024-05-27T15:49:54","modified_gmt":"2024-05-27T15:49:54","slug":"convocatoria-sello-local-musical-emblematico","status":"publish","type":"post","link":"https:\/\/dev.antudigital.cl\/sites\/vc\/convocatoria-sello-local-musical-emblematico\/","title":{"rendered":"Convocatoria: Sello Local Musical Emblem\u00e1tico"},"content":{"rendered":"\n<p>&#x1f4e2;&#x1f3b6;CONVOCATORIA 2024 &#x2728;\u00a1Postula desde ya al Sello Local Musical Emblem\u00e1tico de Valpara\u00edso &#x1f3c5;&#x2728;<a href=\"https:\/\/www.instagram.com\/explore\/tags\/ciudadcreativadelam%C3%BAsica\/\">#CiudadCreativadelaM\u00fasica<\/a>&nbsp;&#x26aa;&#xfe0f;Convocatoria abierta hasta el 23 de julio del presente a\u00f1o.<\/p>\n\n\n\n<p>&#x1f3b9;&#x1f3a4;&#x1fa97;&#x1fa87;\u00a1Atenci\u00f3n locatarios\/as y programadores\/as de m\u00fasica de la bohemia tradicional porte\u00f1a ! Despu\u00e9s de un fruct\u00edfero primer proceso donde 5 locales de la bohemia tradicional porte\u00f1a resultaron distinguidos por sus buenas pr\u00e1cticas laborales con las y los m\u00fasicos, se abre un nuevo ciclo de postulaciones al Sello Local Musical Emblem\u00e1tico.<\/p>\n\n\n\n<p>&#x27a1;&#xfe0f;Desliza las im\u00e1genes para saber m\u00e1s de esta iniciativa que busca dignificar el trabajo del sector musical porte\u00f1o.<\/p>\n\n\n\n<p>&#x1f4cc;Bases, Decreto y ficha de postulaci\u00f3n en www.municipalidaddevalparaiso.cl\/bases<\/p>\n\n\n\n<p>&#x2139;&#xfe0f; Para m\u00e1s informaci\u00f3n escribe a sellolocalmusical@gmail.com \/ sellolocalmusical@munivalpo.cl<\/p>\n\n\n\n<figure class=\"wp-block-image size-full\"><img fetchpriority=\"high\" decoding=\"async\" width=\"627\" height=\"623\" src=\"https:\/\/www.valparaisocreativo.cl\/wp-content\/uploads\/2024\/05\/Captura-de-Pantalla-2024-05-27-a-las-11.48.35.png\" alt=\"\" class=\"wp-image-19216\" srcset=\"https:\/\/dev.antudigital.cl\/sites\/vc\/wp-content\/uploads\/2024\/05\/Captura-de-Pantalla-2024-05-27-a-las-11.48.35.png 627w, https:\/\/dev.antudigital.cl\/sites\/vc\/wp-content\/uploads\/2024\/05\/Captura-de-Pantalla-2024-05-27-a-las-11.48.35-300x298.png 300w, https:\/\/dev.antudigital.cl\/sites\/vc\/wp-content\/uploads\/2024\/05\/Captura-de-Pantalla-2024-05-27-a-las-11.48.35-150x150.png 150w, https:\/\/dev.antudigital.cl\/sites\/vc\/wp-content\/uploads\/2024\/05\/Captura-de-Pantalla-2024-05-27-a-las-11.48.35-480x477.png 480w, https:\/\/dev.antudigital.cl\/sites\/vc\/wp-content\/uploads\/2024\/05\/Captura-de-Pantalla-2024-05-27-a-las-11.48.35-24x24.png 24w, https:\/\/dev.antudigital.cl\/sites\/vc\/wp-content\/uploads\/2024\/05\/Captura-de-Pantalla-2024-05-27-a-las-11.48.35-36x36.png 36w, https:\/\/dev.antudigital.cl\/sites\/vc\/wp-content\/uploads\/2024\/05\/Captura-de-Pantalla-2024-05-27-a-las-11.48.35-48x48.png 48w\" sizes=\"(max-width: 627px) 100vw, 627px\" \/><\/figure>\n","protected":false},"excerpt":{"rendered":"<p>&#x1f4e2;&#x1f3b6;CONVOCATORIA 2024 &#x2728;\u00a1Postula desde ya al Sello Local Musical Emblem\u00e1tico de Valpara\u00edso &#x1f3c5;&#x2728;#CiudadCreativadelaM\u00fasica&nbsp;&#x26aa;&#xfe0f;Convocatoria abierta hasta el 23 de julio del presente a\u00f1o. &#x1f3b9;&#x1f3a4;&#x1fa97;&#x1fa87;\u00a1Atenci\u00f3n locatarios\/as y programadores\/as de m\u00fasica de la bohemia tradicional porte\u00f1a ! Despu\u00e9s de un fruct\u00edfero primer proceso donde 5 locales de la bohemia tradicional porte\u00f1a resultaron distinguidos por sus buenas pr\u00e1cticas laborales [&hellip;]<\/p>\n","protected":false},"author":1,"featured_media":19217,"comment_status":"closed","ping_status":"closed","sticky":false,"template":"","format":"standard","meta":{"_acf_changed":false,"footnotes":""},"categories":[8],"tags":[],"class_list":["post-19215","post","type-post","status-publish","format-standard","has-post-thumbnail","hentry","category-noticia"],"acf":[],"yoast_head":"<!-- This site is optimized with the Yoast SEO plugin v27.1.1 - https:\/\/yoast.com\/product\/yoast-seo-wordpress\/ -->\n<title>Convocatoria: Sello Local Musical Emblem\u00e1tico - Valpara\u00ed\u00adso Creativo<\/title>\n<meta name=\"robots\" content=\"index, follow, max-snippet:-1, max-image-preview:large, max-video-preview:-1\" \/>\n<link rel=\"canonical\" href=\"https:\/\/dev.antudigital.cl\/sites\/vc\/convocatoria-sello-local-musical-emblematico\/\" \/>\n<meta property=\"og:locale\" content=\"es_ES\" \/>\n<meta property=\"og:type\" content=\"article\" \/>\n<meta property=\"og:title\" content=\"Convocatoria: Sello Local Musical Emblem\u00e1tico - Valpara\u00ed\u00adso Creativo\" \/>\n<meta property=\"og:description\" content=\"&#x1f4e2;&#x1f3b6;CONVOCATORIA 2024 &#x2728;\u00a1Postula desde ya al Sello Local Musical Emblem\u00e1tico de Valpara\u00edso &#x1f3c5;&#x2728;#CiudadCreativadelaM\u00fasica&nbsp;&#x26aa;&#xfe0f;Convocatoria abierta hasta el 23 de julio del presente a\u00f1o. &#x1f3b9;&#x1f3a4;&#x1fa97;&#x1fa87;\u00a1Atenci\u00f3n locatarios\/as y programadores\/as de m\u00fasica de la bohemia tradicional porte\u00f1a ! Despu\u00e9s de un fruct\u00edfero primer proceso donde 5 locales de la bohemia tradicional porte\u00f1a resultaron distinguidos por sus buenas pr\u00e1cticas laborales [&hellip;]\" \/>\n<meta property=\"og:url\" content=\"https:\/\/dev.antudigital.cl\/sites\/vc\/convocatoria-sello-local-musical-emblematico\/\" \/>\n<meta property=\"og:site_name\" content=\"Valpara\u00ed\u00adso Creativo\" \/>\n<meta property=\"article:published_time\" content=\"2024-05-27T15:49:38+00:00\" \/>\n<meta property=\"article:modified_time\" content=\"2024-05-27T15:49:54+00:00\" \/>\n<meta property=\"og:image\" content=\"https:\/\/dev.antudigital.cl\/sites\/vc\/wp-content\/uploads\/2024\/05\/Captura-de-Pantalla-2024-05-27-a-las-11.48.49.png\" \/>\n\t<meta property=\"og:image:width\" content=\"627\" \/>\n\t<meta property=\"og:image:height\" content=\"321\" \/>\n\t<meta property=\"og:image:type\" content=\"image\/png\" \/>\n<meta name=\"author\" content=\"Valpara\u00edso Creativo\" \/>\n<meta name=\"twitter:card\" content=\"summary_large_image\" \/>\n<meta name=\"twitter:label1\" content=\"Escrito por\" \/>\n\t<meta name=\"twitter:data1\" content=\"Valpara\u00edso Creativo\" \/>\n\t<meta name=\"twitter:label2\" content=\"Tiempo de lectura\" \/>\n\t<meta name=\"twitter:data2\" content=\"1 minuto\" \/>\n<script type=\"application\/ld+json\" class=\"yoast-schema-graph\">{\"@context\":\"https:\/\/schema.org\",\"@graph\":[{\"@type\":\"Article\",\"@id\":\"https:\/\/dev.antudigital.cl\/sites\/vc\/convocatoria-sello-local-musical-emblematico\/#article\",\"isPartOf\":{\"@id\":\"https:\/\/dev.antudigital.cl\/sites\/vc\/convocatoria-sello-local-musical-emblematico\/\"},\"author\":{\"name\":\"Valpara\u00edso Creativo\",\"@id\":\"https:\/\/dev.antudigital.cl\/sites\/vc\/#\/schema\/person\/c2b9da8dd545e27166fc5ab232837318\"},\"headline\":\"Convocatoria: Sello Local Musical Emblem\u00e1tico\",\"datePublished\":\"2024-05-27T15:49:38+00:00\",\"dateModified\":\"2024-05-27T15:49:54+00:00\",\"mainEntityOfPage\":{\"@id\":\"https:\/\/dev.antudigital.cl\/sites\/vc\/convocatoria-sello-local-musical-emblematico\/\"},\"wordCount\":172,\"image\":{\"@id\":\"https:\/\/dev.antudigital.cl\/sites\/vc\/convocatoria-sello-local-musical-emblematico\/#primaryimage\"},\"thumbnailUrl\":\"https:\/\/dev.antudigital.cl\/sites\/vc\/wp-content\/uploads\/2024\/05\/Captura-de-Pantalla-2024-05-27-a-las-11.48.49.png\",\"articleSection\":[\"Noticia\"],\"inLanguage\":\"es\"},{\"@type\":\"WebPage\",\"@id\":\"https:\/\/dev.antudigital.cl\/sites\/vc\/convocatoria-sello-local-musical-emblematico\/\",\"url\":\"https:\/\/dev.antudigital.cl\/sites\/vc\/convocatoria-sello-local-musical-emblematico\/\",\"name\":\"Convocatoria: Sello Local Musical Emblem\u00e1tico - Valpara\u00ed\u00adso Creativo\",\"isPartOf\":{\"@id\":\"https:\/\/dev.antudigital.cl\/sites\/vc\/#website\"},\"primaryImageOfPage\":{\"@id\":\"https:\/\/dev.antudigital.cl\/sites\/vc\/convocatoria-sello-local-musical-emblematico\/#primaryimage\"},\"image\":{\"@id\":\"https:\/\/dev.antudigital.cl\/sites\/vc\/convocatoria-sello-local-musical-emblematico\/#primaryimage\"},\"thumbnailUrl\":\"https:\/\/dev.antudigital.cl\/sites\/vc\/wp-content\/uploads\/2024\/05\/Captura-de-Pantalla-2024-05-27-a-las-11.48.49.png\",\"datePublished\":\"2024-05-27T15:49:38+00:00\",\"dateModified\":\"2024-05-27T15:49:54+00:00\",\"author\":{\"@id\":\"https:\/\/dev.antudigital.cl\/sites\/vc\/#\/schema\/person\/c2b9da8dd545e27166fc5ab232837318\"},\"breadcrumb\":{\"@id\":\"https:\/\/dev.antudigital.cl\/sites\/vc\/convocatoria-sello-local-musical-emblematico\/#breadcrumb\"},\"inLanguage\":\"es\",\"potentialAction\":[{\"@type\":\"ReadAction\",\"target\":[\"https:\/\/dev.antudigital.cl\/sites\/vc\/convocatoria-sello-local-musical-emblematico\/\"]}]},{\"@type\":\"ImageObject\",\"inLanguage\":\"es\",\"@id\":\"https:\/\/dev.antudigital.cl\/sites\/vc\/convocatoria-sello-local-musical-emblematico\/#primaryimage\",\"url\":\"https:\/\/dev.antudigital.cl\/sites\/vc\/wp-content\/uploads\/2024\/05\/Captura-de-Pantalla-2024-05-27-a-las-11.48.49.png\",\"contentUrl\":\"https:\/\/dev.antudigital.cl\/sites\/vc\/wp-content\/uploads\/2024\/05\/Captura-de-Pantalla-2024-05-27-a-las-11.48.49.png\",\"width\":627,\"height\":321},{\"@type\":\"BreadcrumbList\",\"@id\":\"https:\/\/dev.antudigital.cl\/sites\/vc\/convocatoria-sello-local-musical-emblematico\/#breadcrumb\",\"itemListElement\":[{\"@type\":\"ListItem\",\"position\":1,\"name\":\"Home\",\"item\":\"https:\/\/dev.antudigital.cl\/sites\/vc\/\"},{\"@type\":\"ListItem\",\"position\":2,\"name\":\"Convocatoria: Sello Local Musical Emblem\u00e1tico\"}]},{\"@type\":\"WebSite\",\"@id\":\"https:\/\/dev.antudigital.cl\/sites\/vc\/#website\",\"url\":\"https:\/\/dev.antudigital.cl\/sites\/vc\/\",\"name\":\"Valpara\u00ed\u00adso Creativo\",\"description\":\"\",\"potentialAction\":[{\"@type\":\"SearchAction\",\"target\":{\"@type\":\"EntryPoint\",\"urlTemplate\":\"https:\/\/dev.antudigital.cl\/sites\/vc\/?s={search_term_string}\"},\"query-input\":{\"@type\":\"PropertyValueSpecification\",\"valueRequired\":true,\"valueName\":\"search_term_string\"}}],\"inLanguage\":\"es\"},{\"@type\":\"Person\",\"@id\":\"https:\/\/dev.antudigital.cl\/sites\/vc\/#\/schema\/person\/c2b9da8dd545e27166fc5ab232837318\",\"name\":\"Valpara\u00edso Creativo\",\"description\":\"Periodista de cultura en la Regi\u00f3n de Valpara\u00edso.\",\"url\":\"https:\/\/dev.antudigital.cl\/sites\/vc\/author\/valpoadmin\/\"}]}<\/script>\n<!-- \/ Yoast SEO plugin. -->","yoast_head_json":{"title":"Convocatoria: Sello Local Musical Emblem\u00e1tico - Valpara\u00ed\u00adso Creativo","robots":{"index":"index","follow":"follow","max-snippet":"max-snippet:-1","max-image-preview":"max-image-preview:large","max-video-preview":"max-video-preview:-1"},"canonical":"https:\/\/dev.antudigital.cl\/sites\/vc\/convocatoria-sello-local-musical-emblematico\/","og_locale":"es_ES","og_type":"article","og_title":"Convocatoria: Sello Local Musical Emblem\u00e1tico - Valpara\u00ed\u00adso Creativo","og_description":"&#x1f4e2;&#x1f3b6;CONVOCATORIA 2024 &#x2728;\u00a1Postula desde ya al Sello Local Musical Emblem\u00e1tico de Valpara\u00edso &#x1f3c5;&#x2728;#CiudadCreativadelaM\u00fasica&nbsp;&#x26aa;&#xfe0f;Convocatoria abierta hasta el 23 de julio del presente a\u00f1o. &#x1f3b9;&#x1f3a4;&#x1fa97;&#x1fa87;\u00a1Atenci\u00f3n locatarios\/as y programadores\/as de m\u00fasica de la bohemia tradicional porte\u00f1a ! Despu\u00e9s de un fruct\u00edfero primer proceso donde 5 locales de la bohemia tradicional porte\u00f1a resultaron distinguidos por sus buenas pr\u00e1cticas laborales [&hellip;]","og_url":"https:\/\/dev.antudigital.cl\/sites\/vc\/convocatoria-sello-local-musical-emblematico\/","og_site_name":"Valpara\u00ed\u00adso Creativo","article_published_time":"2024-05-27T15:49:38+00:00","article_modified_time":"2024-05-27T15:49:54+00:00","og_image":[{"width":627,"height":321,"url":"https:\/\/dev.antudigital.cl\/sites\/vc\/wp-content\/uploads\/2024\/05\/Captura-de-Pantalla-2024-05-27-a-las-11.48.49.png","type":"image\/png"}],"author":"Valpara\u00edso Creativo","twitter_card":"summary_large_image","twitter_misc":{"Escrito por":"Valpara\u00edso Creativo","Tiempo de lectura":"1 minuto"},"schema":{"@context":"https:\/\/schema.org","@graph":[{"@type":"Article","@id":"https:\/\/dev.antudigital.cl\/sites\/vc\/convocatoria-sello-local-musical-emblematico\/#article","isPartOf":{"@id":"https:\/\/dev.antudigital.cl\/sites\/vc\/convocatoria-sello-local-musical-emblematico\/"},"author":{"name":"Valpara\u00edso Creativo","@id":"https:\/\/dev.antudigital.cl\/sites\/vc\/#\/schema\/person\/c2b9da8dd545e27166fc5ab232837318"},"headline":"Convocatoria: Sello Local Musical Emblem\u00e1tico","datePublished":"2024-05-27T15:49:38+00:00","dateModified":"2024-05-27T15:49:54+00:00","mainEntityOfPage":{"@id":"https:\/\/dev.antudigital.cl\/sites\/vc\/convocatoria-sello-local-musical-emblematico\/"},"wordCount":172,"image":{"@id":"https:\/\/dev.antudigital.cl\/sites\/vc\/convocatoria-sello-local-musical-emblematico\/#primaryimage"},"thumbnailUrl":"https:\/\/dev.antudigital.cl\/sites\/vc\/wp-content\/uploads\/2024\/05\/Captura-de-Pantalla-2024-05-27-a-las-11.48.49.png","articleSection":["Noticia"],"inLanguage":"es"},{"@type":"WebPage","@id":"https:\/\/dev.antudigital.cl\/sites\/vc\/convocatoria-sello-local-musical-emblematico\/","url":"https:\/\/dev.antudigital.cl\/sites\/vc\/convocatoria-sello-local-musical-emblematico\/","name":"Convocatoria: Sello Local Musical Emblem\u00e1tico - Valpara\u00ed\u00adso Creativo","isPartOf":{"@id":"https:\/\/dev.antudigital.cl\/sites\/vc\/#website"},"primaryImageOfPage":{"@id":"https:\/\/dev.antudigital.cl\/sites\/vc\/convocatoria-sello-local-musical-emblematico\/#primaryimage"},"image":{"@id":"https:\/\/dev.antudigital.cl\/sites\/vc\/convocatoria-sello-local-musical-emblematico\/#primaryimage"},"thumbnailUrl":"https:\/\/dev.antudigital.cl\/sites\/vc\/wp-content\/uploads\/2024\/05\/Captura-de-Pantalla-2024-05-27-a-las-11.48.49.png","datePublished":"2024-05-27T15:49:38+00:00","dateModified":"2024-05-27T15:49:54+00:00","author":{"@id":"https:\/\/dev.antudigital.cl\/sites\/vc\/#\/schema\/person\/c2b9da8dd545e27166fc5ab232837318"},"breadcrumb":{"@id":"https:\/\/dev.antudigital.cl\/sites\/vc\/convocatoria-sello-local-musical-emblematico\/#breadcrumb"},"inLanguage":"es","potentialAction":[{"@type":"ReadAction","target":["https:\/\/dev.antudigital.cl\/sites\/vc\/convocatoria-sello-local-musical-emblematico\/"]}]},{"@type":"ImageObject","inLanguage":"es","@id":"https:\/\/dev.antudigital.cl\/sites\/vc\/convocatoria-sello-local-musical-emblematico\/#primaryimage","url":"https:\/\/dev.antudigital.cl\/sites\/vc\/wp-content\/uploads\/2024\/05\/Captura-de-Pantalla-2024-05-27-a-las-11.48.49.png","contentUrl":"https:\/\/dev.antudigital.cl\/sites\/vc\/wp-content\/uploads\/2024\/05\/Captura-de-Pantalla-2024-05-27-a-las-11.48.49.png","width":627,"height":321},{"@type":"BreadcrumbList","@id":"https:\/\/dev.antudigital.cl\/sites\/vc\/convocatoria-sello-local-musical-emblematico\/#breadcrumb","itemListElement":[{"@type":"ListItem","position":1,"name":"Home","item":"https:\/\/dev.antudigital.cl\/sites\/vc\/"},{"@type":"ListItem","position":2,"name":"Convocatoria: Sello Local Musical Emblem\u00e1tico"}]},{"@type":"WebSite","@id":"https:\/\/dev.antudigital.cl\/sites\/vc\/#website","url":"https:\/\/dev.antudigital.cl\/sites\/vc\/","name":"Valpara\u00ed\u00adso Creativo","description":"","potentialAction":[{"@type":"SearchAction","target":{"@type":"EntryPoint","urlTemplate":"https:\/\/dev.antudigital.cl\/sites\/vc\/?s={search_term_string}"},"query-input":{"@type":"PropertyValueSpecification","valueRequired":true,"valueName":"search_term_string"}}],"inLanguage":"es"},{"@type":"Person","@id":"https:\/\/dev.antudigital.cl\/sites\/vc\/#\/schema\/person\/c2b9da8dd545e27166fc5ab232837318","name":"Valpara\u00edso Creativo","description":"Periodista de cultura en la Regi\u00f3n de Valpara\u00edso.","url":"https:\/\/dev.antudigital.cl\/sites\/vc\/author\/valpoadmin\/"}]}},"_links":{"self":[{"href":"https:\/\/dev.antudigital.cl\/sites\/vc\/wp-json\/wp\/v2\/posts\/19215","targetHints":{"allow":["GET"]}}],"collection":[{"href":"https:\/\/dev.antudigital.cl\/sites\/vc\/wp-json\/wp\/v2\/posts"}],"about":[{"href":"https:\/\/dev.antudigital.cl\/sites\/vc\/wp-json\/wp\/v2\/types\/post"}],"author":[{"embeddable":true,"href":"https:\/\/dev.antudigital.cl\/sites\/vc\/wp-json\/wp\/v2\/users\/1"}],"replies":[{"embeddable":true,"href":"https:\/\/dev.antudigital.cl\/sites\/vc\/wp-json\/wp\/v2\/comments?post=19215"}],"version-history":[{"count":1,"href":"https:\/\/dev.antudigital.cl\/sites\/vc\/wp-json\/wp\/v2\/posts\/19215\/revisions"}],"predecessor-version":[{"id":19218,"href":"https:\/\/dev.antudigital.cl\/sites\/vc\/wp-json\/wp\/v2\/posts\/19215\/revisions\/19218"}],"wp:featuredmedia":[{"embeddable":true,"href":"https:\/\/dev.antudigital.cl\/sites\/vc\/wp-json\/wp\/v2\/media\/19217"}],"wp:attachment":[{"href":"https:\/\/dev.antudigital.cl\/sites\/vc\/wp-json\/wp\/v2\/media?parent=19215"}],"wp:term":[{"taxonomy":"category","embeddable":true,"href":"https:\/\/dev.antudigital.cl\/sites\/vc\/wp-json\/wp\/v2\/categories?post=19215"},{"taxonomy":"post_tag","embeddable":true,"href":"https:\/\/dev.antudigital.cl\/sites\/vc\/wp-json\/wp\/v2\/tags?post=19215"}],"curies":[{"name":"wp","href":"https:\/\/api.w.org\/{rel}","templated":true}]}}