{"id":19220,"date":"2024-05-27T18:30:40","date_gmt":"2024-05-27T18:30:40","guid":{"rendered":"https:\/\/www.valparaisocreativo.cl\/?p=19220"},"modified":"2024-05-27T18:30:59","modified_gmt":"2024-05-27T18:30:59","slug":"convocatoria-corfo-consolida-y-expande-innovacion","status":"publish","type":"post","link":"https:\/\/dev.antudigital.cl\/sites\/vc\/convocatoria-corfo-consolida-y-expande-innovacion\/","title":{"rendered":"Convocatoria CORFO: Consolida y Expande Innovaci\u00f3n"},"content":{"rendered":"\n<p>Hasta el 9 de julio 2024.<\/p>\n\n\n\n<h1 class=\"wp-block-heading\">\u00bfQu\u00e9 es?<\/h1>\n\n\n\n<p>Es un apoyo al escalamiento\u00a0nacional y\/o internacional, a nivel comercial y\/o productivo, y la validaci\u00f3n y empaquetamiento t\u00e9cnicos en los mercados de destino, de un nuevo o mejorado producto (bien o servicio) y\/o proceso, que haya requerido I+D, desde su fase de validaci\u00f3n t\u00e9cnica a escala industrial productiva y\/o validaci\u00f3n comercial.<br><br>Te invitamos a revisar y participar en las siguiente instancia de orientaci\u00f3n:<br>07\/02\/2024:\u00a0<a href=\"https:\/\/youtu.be\/tn-h4HLHKjY\" target=\"_blank\" rel=\"noreferrer noopener\">Taller de Formulaci\u00f3n de proyecto I<\/a><br>21\/02\/2024:\u00a0<a href=\"https:\/\/youtu.be\/wJtTm9V7Gzs\" target=\"_blank\" rel=\"noreferrer noopener\">Taller de Formulaci\u00f3n de proyecto II<\/a>\u00a0<br>28\/05\/2024:<a href=\"https:\/\/us02web.zoom.us\/meeting\/register\/tZEld-qoqjwuGNwLhfSRr1C0OcrD_YIFCvkX\" target=\"_blank\" rel=\"noreferrer noopener\">\u00a0Charla \u201cConoce el instrumento\u201d<\/a>\u00a0<br>18\/06\/2024:\u00a0<a href=\"https:\/\/us02web.zoom.us\/meeting\/register\/tZEsfuCurDIsG9FnBezXsswqdYy6sG8a_JU3\" target=\"_blank\" rel=\"noreferrer noopener\">Charla \u201cAclara dudas\u201d<\/a><\/p>\n\n\n\n<figure class=\"wp-block-embed is-type-video is-provider-youtube wp-block-embed-youtube wp-embed-aspect-16-9 wp-has-aspect-ratio\"><div class=\"wp-block-embed__wrapper\">\n<iframe title=\"Corfo| Consolida y Expande Innovaci\u00f3n\" width=\"800\" height=\"450\" src=\"https:\/\/www.youtube.com\/embed\/70UzlmqbSgo?feature=oembed\" frameborder=\"0\" allow=\"accelerometer; autoplay; clipboard-write; encrypted-media; gyroscope; picture-in-picture; web-share\" referrerpolicy=\"strict-origin-when-cross-origin\" allowfullscreen><\/iframe>\n<\/div><\/figure>\n","protected":false},"excerpt":{"rendered":"<p>Hasta el 9 de julio 2024. \u00bfQu\u00e9 es? Es un apoyo al escalamiento\u00a0nacional y\/o internacional, a nivel comercial y\/o productivo, y la validaci\u00f3n y empaquetamiento t\u00e9cnicos en los mercados de destino, de un nuevo o mejorado producto (bien o servicio) y\/o proceso, que haya requerido I+D, desde su fase de validaci\u00f3n t\u00e9cnica a escala industrial [&hellip;]<\/p>\n","protected":false},"author":1,"featured_media":18596,"comment_status":"closed","ping_status":"closed","sticky":false,"template":"","format":"standard","meta":{"_acf_changed":false,"footnotes":""},"categories":[8],"tags":[],"class_list":["post-19220","post","type-post","status-publish","format-standard","has-post-thumbnail","hentry","category-noticia"],"acf":[],"yoast_head":"<!-- This site is optimized with the Yoast SEO plugin v27.1.1 - https:\/\/yoast.com\/product\/yoast-seo-wordpress\/ -->\n<title>Convocatoria CORFO: Consolida y Expande Innovaci\u00f3n - Valpara\u00ed\u00adso Creativo<\/title>\n<meta name=\"robots\" content=\"index, follow, max-snippet:-1, max-image-preview:large, max-video-preview:-1\" \/>\n<link rel=\"canonical\" href=\"https:\/\/dev.antudigital.cl\/sites\/vc\/convocatoria-corfo-consolida-y-expande-innovacion\/\" \/>\n<meta property=\"og:locale\" content=\"es_ES\" \/>\n<meta property=\"og:type\" content=\"article\" \/>\n<meta property=\"og:title\" content=\"Convocatoria CORFO: Consolida y Expande Innovaci\u00f3n - Valpara\u00ed\u00adso Creativo\" \/>\n<meta property=\"og:description\" content=\"Hasta el 9 de julio 2024. \u00bfQu\u00e9 es? Es un apoyo al escalamiento\u00a0nacional y\/o internacional, a nivel comercial y\/o productivo, y la validaci\u00f3n y empaquetamiento t\u00e9cnicos en los mercados de destino, de un nuevo o mejorado producto (bien o servicio) y\/o proceso, que haya requerido I+D, desde su fase de validaci\u00f3n t\u00e9cnica a escala industrial [&hellip;]\" \/>\n<meta property=\"og:url\" content=\"https:\/\/dev.antudigital.cl\/sites\/vc\/convocatoria-corfo-consolida-y-expande-innovacion\/\" \/>\n<meta property=\"og:site_name\" content=\"Valpara\u00ed\u00adso Creativo\" \/>\n<meta property=\"article:published_time\" content=\"2024-05-27T18:30:40+00:00\" \/>\n<meta property=\"article:modified_time\" content=\"2024-05-27T18:30:59+00:00\" \/>\n<meta property=\"og:image\" content=\"https:\/\/dev.antudigital.cl\/sites\/vc\/wp-content\/uploads\/2024\/03\/Captura-de-Pantalla-2024-03-11-a-las-13.56.09.png\" \/>\n\t<meta property=\"og:image:width\" content=\"624\" \/>\n\t<meta property=\"og:image:height\" content=\"171\" \/>\n\t<meta property=\"og:image:type\" content=\"image\/png\" \/>\n<meta name=\"author\" content=\"Valpara\u00edso Creativo\" \/>\n<meta name=\"twitter:card\" content=\"summary_large_image\" \/>\n<meta name=\"twitter:label1\" content=\"Escrito por\" \/>\n\t<meta name=\"twitter:data1\" content=\"Valpara\u00edso Creativo\" \/>\n\t<meta name=\"twitter:label2\" content=\"Tiempo de lectura\" \/>\n\t<meta name=\"twitter:data2\" content=\"1 minuto\" \/>\n<script type=\"application\/ld+json\" class=\"yoast-schema-graph\">{\"@context\":\"https:\/\/schema.org\",\"@graph\":[{\"@type\":\"Article\",\"@id\":\"https:\/\/dev.antudigital.cl\/sites\/vc\/convocatoria-corfo-consolida-y-expande-innovacion\/#article\",\"isPartOf\":{\"@id\":\"https:\/\/dev.antudigital.cl\/sites\/vc\/convocatoria-corfo-consolida-y-expande-innovacion\/\"},\"author\":{\"name\":\"Valpara\u00edso Creativo\",\"@id\":\"https:\/\/dev.antudigital.cl\/sites\/vc\/#\/schema\/person\/c2b9da8dd545e27166fc5ab232837318\"},\"headline\":\"Convocatoria CORFO: Consolida y Expande Innovaci\u00f3n\",\"datePublished\":\"2024-05-27T18:30:40+00:00\",\"dateModified\":\"2024-05-27T18:30:59+00:00\",\"mainEntityOfPage\":{\"@id\":\"https:\/\/dev.antudigital.cl\/sites\/vc\/convocatoria-corfo-consolida-y-expande-innovacion\/\"},\"wordCount\":116,\"image\":{\"@id\":\"https:\/\/dev.antudigital.cl\/sites\/vc\/convocatoria-corfo-consolida-y-expande-innovacion\/#primaryimage\"},\"thumbnailUrl\":\"https:\/\/dev.antudigital.cl\/sites\/vc\/wp-content\/uploads\/2024\/03\/Captura-de-Pantalla-2024-03-11-a-las-13.56.09.png\",\"articleSection\":[\"Noticia\"],\"inLanguage\":\"es\"},{\"@type\":\"WebPage\",\"@id\":\"https:\/\/dev.antudigital.cl\/sites\/vc\/convocatoria-corfo-consolida-y-expande-innovacion\/\",\"url\":\"https:\/\/dev.antudigital.cl\/sites\/vc\/convocatoria-corfo-consolida-y-expande-innovacion\/\",\"name\":\"Convocatoria CORFO: Consolida y Expande Innovaci\u00f3n - Valpara\u00ed\u00adso Creativo\",\"isPartOf\":{\"@id\":\"https:\/\/dev.antudigital.cl\/sites\/vc\/#website\"},\"primaryImageOfPage\":{\"@id\":\"https:\/\/dev.antudigital.cl\/sites\/vc\/convocatoria-corfo-consolida-y-expande-innovacion\/#primaryimage\"},\"image\":{\"@id\":\"https:\/\/dev.antudigital.cl\/sites\/vc\/convocatoria-corfo-consolida-y-expande-innovacion\/#primaryimage\"},\"thumbnailUrl\":\"https:\/\/dev.antudigital.cl\/sites\/vc\/wp-content\/uploads\/2024\/03\/Captura-de-Pantalla-2024-03-11-a-las-13.56.09.png\",\"datePublished\":\"2024-05-27T18:30:40+00:00\",\"dateModified\":\"2024-05-27T18:30:59+00:00\",\"author\":{\"@id\":\"https:\/\/dev.antudigital.cl\/sites\/vc\/#\/schema\/person\/c2b9da8dd545e27166fc5ab232837318\"},\"breadcrumb\":{\"@id\":\"https:\/\/dev.antudigital.cl\/sites\/vc\/convocatoria-corfo-consolida-y-expande-innovacion\/#breadcrumb\"},\"inLanguage\":\"es\",\"potentialAction\":[{\"@type\":\"ReadAction\",\"target\":[\"https:\/\/dev.antudigital.cl\/sites\/vc\/convocatoria-corfo-consolida-y-expande-innovacion\/\"]}]},{\"@type\":\"ImageObject\",\"inLanguage\":\"es\",\"@id\":\"https:\/\/dev.antudigital.cl\/sites\/vc\/convocatoria-corfo-consolida-y-expande-innovacion\/#primaryimage\",\"url\":\"https:\/\/dev.antudigital.cl\/sites\/vc\/wp-content\/uploads\/2024\/03\/Captura-de-Pantalla-2024-03-11-a-las-13.56.09.png\",\"contentUrl\":\"https:\/\/dev.antudigital.cl\/sites\/vc\/wp-content\/uploads\/2024\/03\/Captura-de-Pantalla-2024-03-11-a-las-13.56.09.png\",\"width\":624,\"height\":171},{\"@type\":\"BreadcrumbList\",\"@id\":\"https:\/\/dev.antudigital.cl\/sites\/vc\/convocatoria-corfo-consolida-y-expande-innovacion\/#breadcrumb\",\"itemListElement\":[{\"@type\":\"ListItem\",\"position\":1,\"name\":\"Home\",\"item\":\"https:\/\/dev.antudigital.cl\/sites\/vc\/\"},{\"@type\":\"ListItem\",\"position\":2,\"name\":\"Convocatoria CORFO: Consolida y Expande Innovaci\u00f3n\"}]},{\"@type\":\"WebSite\",\"@id\":\"https:\/\/dev.antudigital.cl\/sites\/vc\/#website\",\"url\":\"https:\/\/dev.antudigital.cl\/sites\/vc\/\",\"name\":\"Valpara\u00ed\u00adso Creativo\",\"description\":\"\",\"potentialAction\":[{\"@type\":\"SearchAction\",\"target\":{\"@type\":\"EntryPoint\",\"urlTemplate\":\"https:\/\/dev.antudigital.cl\/sites\/vc\/?s={search_term_string}\"},\"query-input\":{\"@type\":\"PropertyValueSpecification\",\"valueRequired\":true,\"valueName\":\"search_term_string\"}}],\"inLanguage\":\"es\"},{\"@type\":\"Person\",\"@id\":\"https:\/\/dev.antudigital.cl\/sites\/vc\/#\/schema\/person\/c2b9da8dd545e27166fc5ab232837318\",\"name\":\"Valpara\u00edso Creativo\",\"description\":\"Periodista de cultura en la Regi\u00f3n de Valpara\u00edso.\",\"url\":\"https:\/\/dev.antudigital.cl\/sites\/vc\/author\/valpoadmin\/\"}]}<\/script>\n<!-- \/ Yoast SEO plugin. -->","yoast_head_json":{"title":"Convocatoria CORFO: Consolida y Expande Innovaci\u00f3n - Valpara\u00ed\u00adso Creativo","robots":{"index":"index","follow":"follow","max-snippet":"max-snippet:-1","max-image-preview":"max-image-preview:large","max-video-preview":"max-video-preview:-1"},"canonical":"https:\/\/dev.antudigital.cl\/sites\/vc\/convocatoria-corfo-consolida-y-expande-innovacion\/","og_locale":"es_ES","og_type":"article","og_title":"Convocatoria CORFO: Consolida y Expande Innovaci\u00f3n - Valpara\u00ed\u00adso Creativo","og_description":"Hasta el 9 de julio 2024. \u00bfQu\u00e9 es? Es un apoyo al escalamiento\u00a0nacional y\/o internacional, a nivel comercial y\/o productivo, y la validaci\u00f3n y empaquetamiento t\u00e9cnicos en los mercados de destino, de un nuevo o mejorado producto (bien o servicio) y\/o proceso, que haya requerido I+D, desde su fase de validaci\u00f3n t\u00e9cnica a escala industrial [&hellip;]","og_url":"https:\/\/dev.antudigital.cl\/sites\/vc\/convocatoria-corfo-consolida-y-expande-innovacion\/","og_site_name":"Valpara\u00ed\u00adso Creativo","article_published_time":"2024-05-27T18:30:40+00:00","article_modified_time":"2024-05-27T18:30:59+00:00","og_image":[{"width":624,"height":171,"url":"https:\/\/dev.antudigital.cl\/sites\/vc\/wp-content\/uploads\/2024\/03\/Captura-de-Pantalla-2024-03-11-a-las-13.56.09.png","type":"image\/png"}],"author":"Valpara\u00edso Creativo","twitter_card":"summary_large_image","twitter_misc":{"Escrito por":"Valpara\u00edso Creativo","Tiempo de lectura":"1 minuto"},"schema":{"@context":"https:\/\/schema.org","@graph":[{"@type":"Article","@id":"https:\/\/dev.antudigital.cl\/sites\/vc\/convocatoria-corfo-consolida-y-expande-innovacion\/#article","isPartOf":{"@id":"https:\/\/dev.antudigital.cl\/sites\/vc\/convocatoria-corfo-consolida-y-expande-innovacion\/"},"author":{"name":"Valpara\u00edso Creativo","@id":"https:\/\/dev.antudigital.cl\/sites\/vc\/#\/schema\/person\/c2b9da8dd545e27166fc5ab232837318"},"headline":"Convocatoria CORFO: Consolida y Expande Innovaci\u00f3n","datePublished":"2024-05-27T18:30:40+00:00","dateModified":"2024-05-27T18:30:59+00:00","mainEntityOfPage":{"@id":"https:\/\/dev.antudigital.cl\/sites\/vc\/convocatoria-corfo-consolida-y-expande-innovacion\/"},"wordCount":116,"image":{"@id":"https:\/\/dev.antudigital.cl\/sites\/vc\/convocatoria-corfo-consolida-y-expande-innovacion\/#primaryimage"},"thumbnailUrl":"https:\/\/dev.antudigital.cl\/sites\/vc\/wp-content\/uploads\/2024\/03\/Captura-de-Pantalla-2024-03-11-a-las-13.56.09.png","articleSection":["Noticia"],"inLanguage":"es"},{"@type":"WebPage","@id":"https:\/\/dev.antudigital.cl\/sites\/vc\/convocatoria-corfo-consolida-y-expande-innovacion\/","url":"https:\/\/dev.antudigital.cl\/sites\/vc\/convocatoria-corfo-consolida-y-expande-innovacion\/","name":"Convocatoria CORFO: Consolida y Expande Innovaci\u00f3n - Valpara\u00ed\u00adso Creativo","isPartOf":{"@id":"https:\/\/dev.antudigital.cl\/sites\/vc\/#website"},"primaryImageOfPage":{"@id":"https:\/\/dev.antudigital.cl\/sites\/vc\/convocatoria-corfo-consolida-y-expande-innovacion\/#primaryimage"},"image":{"@id":"https:\/\/dev.antudigital.cl\/sites\/vc\/convocatoria-corfo-consolida-y-expande-innovacion\/#primaryimage"},"thumbnailUrl":"https:\/\/dev.antudigital.cl\/sites\/vc\/wp-content\/uploads\/2024\/03\/Captura-de-Pantalla-2024-03-11-a-las-13.56.09.png","datePublished":"2024-05-27T18:30:40+00:00","dateModified":"2024-05-27T18:30:59+00:00","author":{"@id":"https:\/\/dev.antudigital.cl\/sites\/vc\/#\/schema\/person\/c2b9da8dd545e27166fc5ab232837318"},"breadcrumb":{"@id":"https:\/\/dev.antudigital.cl\/sites\/vc\/convocatoria-corfo-consolida-y-expande-innovacion\/#breadcrumb"},"inLanguage":"es","potentialAction":[{"@type":"ReadAction","target":["https:\/\/dev.antudigital.cl\/sites\/vc\/convocatoria-corfo-consolida-y-expande-innovacion\/"]}]},{"@type":"ImageObject","inLanguage":"es","@id":"https:\/\/dev.antudigital.cl\/sites\/vc\/convocatoria-corfo-consolida-y-expande-innovacion\/#primaryimage","url":"https:\/\/dev.antudigital.cl\/sites\/vc\/wp-content\/uploads\/2024\/03\/Captura-de-Pantalla-2024-03-11-a-las-13.56.09.png","contentUrl":"https:\/\/dev.antudigital.cl\/sites\/vc\/wp-content\/uploads\/2024\/03\/Captura-de-Pantalla-2024-03-11-a-las-13.56.09.png","width":624,"height":171},{"@type":"BreadcrumbList","@id":"https:\/\/dev.antudigital.cl\/sites\/vc\/convocatoria-corfo-consolida-y-expande-innovacion\/#breadcrumb","itemListElement":[{"@type":"ListItem","position":1,"name":"Home","item":"https:\/\/dev.antudigital.cl\/sites\/vc\/"},{"@type":"ListItem","position":2,"name":"Convocatoria CORFO: Consolida y Expande Innovaci\u00f3n"}]},{"@type":"WebSite","@id":"https:\/\/dev.antudigital.cl\/sites\/vc\/#website","url":"https:\/\/dev.antudigital.cl\/sites\/vc\/","name":"Valpara\u00ed\u00adso Creativo","description":"","potentialAction":[{"@type":"SearchAction","target":{"@type":"EntryPoint","urlTemplate":"https:\/\/dev.antudigital.cl\/sites\/vc\/?s={search_term_string}"},"query-input":{"@type":"PropertyValueSpecification","valueRequired":true,"valueName":"search_term_string"}}],"inLanguage":"es"},{"@type":"Person","@id":"https:\/\/dev.antudigital.cl\/sites\/vc\/#\/schema\/person\/c2b9da8dd545e27166fc5ab232837318","name":"Valpara\u00edso Creativo","description":"Periodista de cultura en la Regi\u00f3n de Valpara\u00edso.","url":"https:\/\/dev.antudigital.cl\/sites\/vc\/author\/valpoadmin\/"}]}},"_links":{"self":[{"href":"https:\/\/dev.antudigital.cl\/sites\/vc\/wp-json\/wp\/v2\/posts\/19220","targetHints":{"allow":["GET"]}}],"collection":[{"href":"https:\/\/dev.antudigital.cl\/sites\/vc\/wp-json\/wp\/v2\/posts"}],"about":[{"href":"https:\/\/dev.antudigital.cl\/sites\/vc\/wp-json\/wp\/v2\/types\/post"}],"author":[{"embeddable":true,"href":"https:\/\/dev.antudigital.cl\/sites\/vc\/wp-json\/wp\/v2\/users\/1"}],"replies":[{"embeddable":true,"href":"https:\/\/dev.antudigital.cl\/sites\/vc\/wp-json\/wp\/v2\/comments?post=19220"}],"version-history":[{"count":1,"href":"https:\/\/dev.antudigital.cl\/sites\/vc\/wp-json\/wp\/v2\/posts\/19220\/revisions"}],"predecessor-version":[{"id":19221,"href":"https:\/\/dev.antudigital.cl\/sites\/vc\/wp-json\/wp\/v2\/posts\/19220\/revisions\/19221"}],"wp:featuredmedia":[{"embeddable":true,"href":"https:\/\/dev.antudigital.cl\/sites\/vc\/wp-json\/wp\/v2\/media\/18596"}],"wp:attachment":[{"href":"https:\/\/dev.antudigital.cl\/sites\/vc\/wp-json\/wp\/v2\/media?parent=19220"}],"wp:term":[{"taxonomy":"category","embeddable":true,"href":"https:\/\/dev.antudigital.cl\/sites\/vc\/wp-json\/wp\/v2\/categories?post=19220"},{"taxonomy":"post_tag","embeddable":true,"href":"https:\/\/dev.antudigital.cl\/sites\/vc\/wp-json\/wp\/v2\/tags?post=19220"}],"curies":[{"name":"wp","href":"https:\/\/api.w.org\/{rel}","templated":true}]}}