{"id":19226,"date":"2024-05-27T18:46:54","date_gmt":"2024-05-27T18:46:54","guid":{"rendered":"https:\/\/www.valparaisocreativo.cl\/?p=19226"},"modified":"2024-05-27T18:47:11","modified_gmt":"2024-05-27T18:47:11","slug":"valparaiso-creativo-el-aliado-estrategico-de-arcos","status":"publish","type":"post","link":"https:\/\/dev.antudigital.cl\/sites\/vc\/valparaiso-creativo-el-aliado-estrategico-de-arcos\/","title":{"rendered":"VALPARA\u00cdSO CREATIVO, EL ALIADO ESTRAT\u00c9GICO DE ARCOS"},"content":{"rendered":"\n<p><em>El proyecto naci\u00f3 el a\u00f1o 2008 bajo el nombre de Programa Valpara\u00edso Creativo, como un plan de Territorio Integrado. Luego, en 2015, pas\u00f3 a llamarse Programa Estrat\u00e9gico Regional Valpara\u00edso Ciudad Creativa, Innovadora y Sustentable, como hasta hoy es conocido y donde el Instituto forma parte de su Comit\u00e9 Ejecutivo.<\/em><\/p>\n\n\n\n<p>Valpara\u00edso Creativo es un programa estrat\u00e9gico con enfoque regional que busca fortalecer el desarrollo de las econom\u00edas creativas y culturales de la ciudad, realizando actividades y apoyando diversos proyectos de los m\u00e1s de seis mil artistas que forman parte de la comunidad.<\/p>\n\n\n\n<p><strong>CIUDAD CREATIVA DE LA M\u00daSICA<\/strong><\/p>\n\n\n\n<p>Uno de sus grandes hitos del plan ha sido lograr el nombramiento de la ciudad, por parte de Unesco, como Ciudad Creativa de la M\u00fasica, denominaci\u00f3n internacional que permite posicionar a Valpara\u00edso a nivel mundial.\u00a0Esto en colaboraci\u00f3n y articulaci\u00f3n directa con otros actores de la comuna, como son la Ilustre Municipalidad de Valpara\u00edso, IMUVA y la Seremi de las Culturas, las Artes y el patrimonio de la Regi\u00f3n.<\/p>\n\n\n\n<figure class=\"wp-block-image size-large\"><img fetchpriority=\"high\" decoding=\"async\" width=\"1024\" height=\"768\" src=\"https:\/\/www.valparaisocreativo.cl\/wp-content\/uploads\/2024\/05\/Comite-Valparaiso-Creativo-1024x768.jpg\" alt=\"\" class=\"wp-image-19228\" srcset=\"https:\/\/dev.antudigital.cl\/sites\/vc\/wp-content\/uploads\/2024\/05\/Comite-Valparaiso-Creativo-1024x768.jpg 1024w, https:\/\/dev.antudigital.cl\/sites\/vc\/wp-content\/uploads\/2024\/05\/Comite-Valparaiso-Creativo-300x225.jpg 300w, https:\/\/dev.antudigital.cl\/sites\/vc\/wp-content\/uploads\/2024\/05\/Comite-Valparaiso-Creativo-768x576.jpg 768w, https:\/\/dev.antudigital.cl\/sites\/vc\/wp-content\/uploads\/2024\/05\/Comite-Valparaiso-Creativo-510x382.jpg 510w, https:\/\/dev.antudigital.cl\/sites\/vc\/wp-content\/uploads\/2024\/05\/Comite-Valparaiso-Creativo-1080x810.jpg 1080w, https:\/\/dev.antudigital.cl\/sites\/vc\/wp-content\/uploads\/2024\/05\/Comite-Valparaiso-Creativo-980x735.jpg 980w, https:\/\/dev.antudigital.cl\/sites\/vc\/wp-content\/uploads\/2024\/05\/Comite-Valparaiso-Creativo-480x360.jpg 480w, https:\/\/dev.antudigital.cl\/sites\/vc\/wp-content\/uploads\/2024\/05\/Comite-Valparaiso-Creativo-24x18.jpg 24w, https:\/\/dev.antudigital.cl\/sites\/vc\/wp-content\/uploads\/2024\/05\/Comite-Valparaiso-Creativo-36x27.jpg 36w, https:\/\/dev.antudigital.cl\/sites\/vc\/wp-content\/uploads\/2024\/05\/Comite-Valparaiso-Creativo-48x36.jpg 48w, https:\/\/dev.antudigital.cl\/sites\/vc\/wp-content\/uploads\/2024\/05\/Comite-Valparaiso-Creativo.jpg 1200w\" sizes=\"(max-width: 1024px) 100vw, 1024px\" \/><\/figure>\n\n\n\n<p><strong>COLABORACI\u00d3N CON I.P. ARCOS<\/strong><\/p>\n\n\n\n<p>Entre otras actividades en conjunto, Valpara\u00edso Creativo ha colaborado con el Instituto en actividades del Ministerio de las Culturas, las Artes, y el Patrimonio, donde destacan Rock\u00f3dromo y MICSUR 2024.<\/p>\n\n\n\n<p>En estas \u00faltimas semanas, adem\u00e1s, las unidades de comunicaci\u00f3n de ambas instituciones han decidido compartir una noticia en sus respectivos newsletters semanales con los que llegan a cientos de socios estrat\u00e9gicos y personas vinculadas a la academia, la industria y la econom\u00eda creativa de la regi\u00f3n y el pa\u00eds.<\/p>\n\n\n\n<p>Vale se\u00f1alar que I.P.&nbsp;ARCOS se sum\u00f3 como miembro del Comit\u00e9 Ejecutivo de Valpara\u00edso Creativo el a\u00f1o 2022, donde ya trabajaba un equipo conformado por diversas entidades p\u00fablicas y privadas de la regi\u00f3n de Valpara\u00edso, como la SEREMI de las Culturas, el Arte y el Patrimonio, la SEREMI de Econom\u00eda, la C\u00e1mara Regional del Comercio y la Producci\u00f3n de Valpara\u00edso, Gobierno Regional de Valpara\u00edso, SERNATUR, ProChile, DUOC, CORFO y el Consejo de Rectores, entre otras.<\/p>\n\n\n\n<p>En la actualidad, Valpara\u00edso Creativo trabaja activamente junto al Instituto Profesional ARCOS en promover un ecosistema virtuoso entre las econom\u00edas creativas, fortaleciendo tanto a la ciudad como a la regi\u00f3n como destino de turismo cultural.<\/p>\n","protected":false},"excerpt":{"rendered":"<p>El proyecto naci\u00f3 el a\u00f1o 2008 bajo el nombre de Programa Valpara\u00edso Creativo, como un plan de Territorio Integrado. Luego, en 2015, pas\u00f3 a llamarse Programa Estrat\u00e9gico Regional Valpara\u00edso Ciudad Creativa, Innovadora y Sustentable, como hasta hoy es conocido y donde el Instituto forma parte de su Comit\u00e9 Ejecutivo. Valpara\u00edso Creativo es un programa estrat\u00e9gico [&hellip;]<\/p>\n","protected":false},"author":1,"featured_media":19227,"comment_status":"closed","ping_status":"closed","sticky":false,"template":"","format":"standard","meta":{"_acf_changed":false,"footnotes":""},"categories":[218],"tags":[],"class_list":["post-19226","post","type-post","status-publish","format-standard","has-post-thumbnail","hentry","category-blog"],"acf":[],"yoast_head":"<!-- This site is optimized with the Yoast SEO plugin v27.1.1 - https:\/\/yoast.com\/product\/yoast-seo-wordpress\/ -->\n<title>VALPARA\u00cdSO CREATIVO, EL ALIADO ESTRAT\u00c9GICO DE ARCOS - Valpara\u00ed\u00adso Creativo<\/title>\n<meta name=\"robots\" content=\"index, follow, max-snippet:-1, max-image-preview:large, max-video-preview:-1\" \/>\n<link rel=\"canonical\" href=\"https:\/\/dev.antudigital.cl\/sites\/vc\/valparaiso-creativo-el-aliado-estrategico-de-arcos\/\" \/>\n<meta property=\"og:locale\" content=\"es_ES\" \/>\n<meta property=\"og:type\" content=\"article\" \/>\n<meta property=\"og:title\" content=\"VALPARA\u00cdSO CREATIVO, EL ALIADO ESTRAT\u00c9GICO DE ARCOS - Valpara\u00ed\u00adso Creativo\" \/>\n<meta property=\"og:description\" content=\"El proyecto naci\u00f3 el a\u00f1o 2008 bajo el nombre de Programa Valpara\u00edso Creativo, como un plan de Territorio Integrado. Luego, en 2015, pas\u00f3 a llamarse Programa Estrat\u00e9gico Regional Valpara\u00edso Ciudad Creativa, Innovadora y Sustentable, como hasta hoy es conocido y donde el Instituto forma parte de su Comit\u00e9 Ejecutivo. Valpara\u00edso Creativo es un programa estrat\u00e9gico [&hellip;]\" \/>\n<meta property=\"og:url\" content=\"https:\/\/dev.antudigital.cl\/sites\/vc\/valparaiso-creativo-el-aliado-estrategico-de-arcos\/\" \/>\n<meta property=\"og:site_name\" content=\"Valpara\u00ed\u00adso Creativo\" \/>\n<meta property=\"article:published_time\" content=\"2024-05-27T18:46:54+00:00\" \/>\n<meta property=\"article:modified_time\" content=\"2024-05-27T18:47:11+00:00\" \/>\n<meta property=\"og:image\" content=\"https:\/\/dev.antudigital.cl\/sites\/vc\/wp-content\/uploads\/2024\/05\/rockodromo_lanzamiento.png\" \/>\n\t<meta property=\"og:image:width\" content=\"1000\" \/>\n\t<meta property=\"og:image:height\" content=\"667\" \/>\n\t<meta property=\"og:image:type\" content=\"image\/png\" \/>\n<meta name=\"author\" content=\"Valpara\u00edso Creativo\" \/>\n<meta name=\"twitter:card\" content=\"summary_large_image\" \/>\n<meta name=\"twitter:label1\" content=\"Escrito por\" \/>\n\t<meta name=\"twitter:data1\" content=\"Valpara\u00edso Creativo\" \/>\n\t<meta name=\"twitter:label2\" content=\"Tiempo de lectura\" \/>\n\t<meta name=\"twitter:data2\" content=\"3 minutos\" \/>\n<script type=\"application\/ld+json\" class=\"yoast-schema-graph\">{\"@context\":\"https:\/\/schema.org\",\"@graph\":[{\"@type\":\"Article\",\"@id\":\"https:\/\/dev.antudigital.cl\/sites\/vc\/valparaiso-creativo-el-aliado-estrategico-de-arcos\/#article\",\"isPartOf\":{\"@id\":\"https:\/\/dev.antudigital.cl\/sites\/vc\/valparaiso-creativo-el-aliado-estrategico-de-arcos\/\"},\"author\":{\"name\":\"Valpara\u00edso Creativo\",\"@id\":\"https:\/\/dev.antudigital.cl\/sites\/vc\/#\/schema\/person\/c2b9da8dd545e27166fc5ab232837318\"},\"headline\":\"VALPARA\u00cdSO CREATIVO, EL ALIADO ESTRAT\u00c9GICO DE ARCOS\",\"datePublished\":\"2024-05-27T18:46:54+00:00\",\"dateModified\":\"2024-05-27T18:47:11+00:00\",\"mainEntityOfPage\":{\"@id\":\"https:\/\/dev.antudigital.cl\/sites\/vc\/valparaiso-creativo-el-aliado-estrategico-de-arcos\/\"},\"wordCount\":405,\"image\":{\"@id\":\"https:\/\/dev.antudigital.cl\/sites\/vc\/valparaiso-creativo-el-aliado-estrategico-de-arcos\/#primaryimage\"},\"thumbnailUrl\":\"https:\/\/dev.antudigital.cl\/sites\/vc\/wp-content\/uploads\/2024\/05\/rockodromo_lanzamiento.png\",\"articleSection\":[\"Blog\"],\"inLanguage\":\"es\"},{\"@type\":\"WebPage\",\"@id\":\"https:\/\/dev.antudigital.cl\/sites\/vc\/valparaiso-creativo-el-aliado-estrategico-de-arcos\/\",\"url\":\"https:\/\/dev.antudigital.cl\/sites\/vc\/valparaiso-creativo-el-aliado-estrategico-de-arcos\/\",\"name\":\"VALPARA\u00cdSO CREATIVO, EL ALIADO ESTRAT\u00c9GICO DE ARCOS - Valpara\u00ed\u00adso Creativo\",\"isPartOf\":{\"@id\":\"https:\/\/dev.antudigital.cl\/sites\/vc\/#website\"},\"primaryImageOfPage\":{\"@id\":\"https:\/\/dev.antudigital.cl\/sites\/vc\/valparaiso-creativo-el-aliado-estrategico-de-arcos\/#primaryimage\"},\"image\":{\"@id\":\"https:\/\/dev.antudigital.cl\/sites\/vc\/valparaiso-creativo-el-aliado-estrategico-de-arcos\/#primaryimage\"},\"thumbnailUrl\":\"https:\/\/dev.antudigital.cl\/sites\/vc\/wp-content\/uploads\/2024\/05\/rockodromo_lanzamiento.png\",\"datePublished\":\"2024-05-27T18:46:54+00:00\",\"dateModified\":\"2024-05-27T18:47:11+00:00\",\"author\":{\"@id\":\"https:\/\/dev.antudigital.cl\/sites\/vc\/#\/schema\/person\/c2b9da8dd545e27166fc5ab232837318\"},\"breadcrumb\":{\"@id\":\"https:\/\/dev.antudigital.cl\/sites\/vc\/valparaiso-creativo-el-aliado-estrategico-de-arcos\/#breadcrumb\"},\"inLanguage\":\"es\",\"potentialAction\":[{\"@type\":\"ReadAction\",\"target\":[\"https:\/\/dev.antudigital.cl\/sites\/vc\/valparaiso-creativo-el-aliado-estrategico-de-arcos\/\"]}]},{\"@type\":\"ImageObject\",\"inLanguage\":\"es\",\"@id\":\"https:\/\/dev.antudigital.cl\/sites\/vc\/valparaiso-creativo-el-aliado-estrategico-de-arcos\/#primaryimage\",\"url\":\"https:\/\/dev.antudigital.cl\/sites\/vc\/wp-content\/uploads\/2024\/05\/rockodromo_lanzamiento.png\",\"contentUrl\":\"https:\/\/dev.antudigital.cl\/sites\/vc\/wp-content\/uploads\/2024\/05\/rockodromo_lanzamiento.png\",\"width\":1000,\"height\":667},{\"@type\":\"BreadcrumbList\",\"@id\":\"https:\/\/dev.antudigital.cl\/sites\/vc\/valparaiso-creativo-el-aliado-estrategico-de-arcos\/#breadcrumb\",\"itemListElement\":[{\"@type\":\"ListItem\",\"position\":1,\"name\":\"Home\",\"item\":\"https:\/\/dev.antudigital.cl\/sites\/vc\/\"},{\"@type\":\"ListItem\",\"position\":2,\"name\":\"VALPARA\u00cdSO CREATIVO, EL ALIADO ESTRAT\u00c9GICO DE ARCOS\"}]},{\"@type\":\"WebSite\",\"@id\":\"https:\/\/dev.antudigital.cl\/sites\/vc\/#website\",\"url\":\"https:\/\/dev.antudigital.cl\/sites\/vc\/\",\"name\":\"Valpara\u00ed\u00adso Creativo\",\"description\":\"\",\"potentialAction\":[{\"@type\":\"SearchAction\",\"target\":{\"@type\":\"EntryPoint\",\"urlTemplate\":\"https:\/\/dev.antudigital.cl\/sites\/vc\/?s={search_term_string}\"},\"query-input\":{\"@type\":\"PropertyValueSpecification\",\"valueRequired\":true,\"valueName\":\"search_term_string\"}}],\"inLanguage\":\"es\"},{\"@type\":\"Person\",\"@id\":\"https:\/\/dev.antudigital.cl\/sites\/vc\/#\/schema\/person\/c2b9da8dd545e27166fc5ab232837318\",\"name\":\"Valpara\u00edso Creativo\",\"description\":\"Periodista de cultura en la Regi\u00f3n de Valpara\u00edso.\",\"url\":\"https:\/\/dev.antudigital.cl\/sites\/vc\/author\/valpoadmin\/\"}]}<\/script>\n<!-- \/ Yoast SEO plugin. -->","yoast_head_json":{"title":"VALPARA\u00cdSO CREATIVO, EL ALIADO ESTRAT\u00c9GICO DE ARCOS - Valpara\u00ed\u00adso Creativo","robots":{"index":"index","follow":"follow","max-snippet":"max-snippet:-1","max-image-preview":"max-image-preview:large","max-video-preview":"max-video-preview:-1"},"canonical":"https:\/\/dev.antudigital.cl\/sites\/vc\/valparaiso-creativo-el-aliado-estrategico-de-arcos\/","og_locale":"es_ES","og_type":"article","og_title":"VALPARA\u00cdSO CREATIVO, EL ALIADO ESTRAT\u00c9GICO DE ARCOS - Valpara\u00ed\u00adso Creativo","og_description":"El proyecto naci\u00f3 el a\u00f1o 2008 bajo el nombre de Programa Valpara\u00edso Creativo, como un plan de Territorio Integrado. Luego, en 2015, pas\u00f3 a llamarse Programa Estrat\u00e9gico Regional Valpara\u00edso Ciudad Creativa, Innovadora y Sustentable, como hasta hoy es conocido y donde el Instituto forma parte de su Comit\u00e9 Ejecutivo. Valpara\u00edso Creativo es un programa estrat\u00e9gico [&hellip;]","og_url":"https:\/\/dev.antudigital.cl\/sites\/vc\/valparaiso-creativo-el-aliado-estrategico-de-arcos\/","og_site_name":"Valpara\u00ed\u00adso Creativo","article_published_time":"2024-05-27T18:46:54+00:00","article_modified_time":"2024-05-27T18:47:11+00:00","og_image":[{"width":1000,"height":667,"url":"https:\/\/dev.antudigital.cl\/sites\/vc\/wp-content\/uploads\/2024\/05\/rockodromo_lanzamiento.png","type":"image\/png"}],"author":"Valpara\u00edso Creativo","twitter_card":"summary_large_image","twitter_misc":{"Escrito por":"Valpara\u00edso Creativo","Tiempo de lectura":"3 minutos"},"schema":{"@context":"https:\/\/schema.org","@graph":[{"@type":"Article","@id":"https:\/\/dev.antudigital.cl\/sites\/vc\/valparaiso-creativo-el-aliado-estrategico-de-arcos\/#article","isPartOf":{"@id":"https:\/\/dev.antudigital.cl\/sites\/vc\/valparaiso-creativo-el-aliado-estrategico-de-arcos\/"},"author":{"name":"Valpara\u00edso Creativo","@id":"https:\/\/dev.antudigital.cl\/sites\/vc\/#\/schema\/person\/c2b9da8dd545e27166fc5ab232837318"},"headline":"VALPARA\u00cdSO CREATIVO, EL ALIADO ESTRAT\u00c9GICO DE ARCOS","datePublished":"2024-05-27T18:46:54+00:00","dateModified":"2024-05-27T18:47:11+00:00","mainEntityOfPage":{"@id":"https:\/\/dev.antudigital.cl\/sites\/vc\/valparaiso-creativo-el-aliado-estrategico-de-arcos\/"},"wordCount":405,"image":{"@id":"https:\/\/dev.antudigital.cl\/sites\/vc\/valparaiso-creativo-el-aliado-estrategico-de-arcos\/#primaryimage"},"thumbnailUrl":"https:\/\/dev.antudigital.cl\/sites\/vc\/wp-content\/uploads\/2024\/05\/rockodromo_lanzamiento.png","articleSection":["Blog"],"inLanguage":"es"},{"@type":"WebPage","@id":"https:\/\/dev.antudigital.cl\/sites\/vc\/valparaiso-creativo-el-aliado-estrategico-de-arcos\/","url":"https:\/\/dev.antudigital.cl\/sites\/vc\/valparaiso-creativo-el-aliado-estrategico-de-arcos\/","name":"VALPARA\u00cdSO CREATIVO, EL ALIADO ESTRAT\u00c9GICO DE ARCOS - Valpara\u00ed\u00adso Creativo","isPartOf":{"@id":"https:\/\/dev.antudigital.cl\/sites\/vc\/#website"},"primaryImageOfPage":{"@id":"https:\/\/dev.antudigital.cl\/sites\/vc\/valparaiso-creativo-el-aliado-estrategico-de-arcos\/#primaryimage"},"image":{"@id":"https:\/\/dev.antudigital.cl\/sites\/vc\/valparaiso-creativo-el-aliado-estrategico-de-arcos\/#primaryimage"},"thumbnailUrl":"https:\/\/dev.antudigital.cl\/sites\/vc\/wp-content\/uploads\/2024\/05\/rockodromo_lanzamiento.png","datePublished":"2024-05-27T18:46:54+00:00","dateModified":"2024-05-27T18:47:11+00:00","author":{"@id":"https:\/\/dev.antudigital.cl\/sites\/vc\/#\/schema\/person\/c2b9da8dd545e27166fc5ab232837318"},"breadcrumb":{"@id":"https:\/\/dev.antudigital.cl\/sites\/vc\/valparaiso-creativo-el-aliado-estrategico-de-arcos\/#breadcrumb"},"inLanguage":"es","potentialAction":[{"@type":"ReadAction","target":["https:\/\/dev.antudigital.cl\/sites\/vc\/valparaiso-creativo-el-aliado-estrategico-de-arcos\/"]}]},{"@type":"ImageObject","inLanguage":"es","@id":"https:\/\/dev.antudigital.cl\/sites\/vc\/valparaiso-creativo-el-aliado-estrategico-de-arcos\/#primaryimage","url":"https:\/\/dev.antudigital.cl\/sites\/vc\/wp-content\/uploads\/2024\/05\/rockodromo_lanzamiento.png","contentUrl":"https:\/\/dev.antudigital.cl\/sites\/vc\/wp-content\/uploads\/2024\/05\/rockodromo_lanzamiento.png","width":1000,"height":667},{"@type":"BreadcrumbList","@id":"https:\/\/dev.antudigital.cl\/sites\/vc\/valparaiso-creativo-el-aliado-estrategico-de-arcos\/#breadcrumb","itemListElement":[{"@type":"ListItem","position":1,"name":"Home","item":"https:\/\/dev.antudigital.cl\/sites\/vc\/"},{"@type":"ListItem","position":2,"name":"VALPARA\u00cdSO CREATIVO, EL ALIADO ESTRAT\u00c9GICO DE ARCOS"}]},{"@type":"WebSite","@id":"https:\/\/dev.antudigital.cl\/sites\/vc\/#website","url":"https:\/\/dev.antudigital.cl\/sites\/vc\/","name":"Valpara\u00ed\u00adso Creativo","description":"","potentialAction":[{"@type":"SearchAction","target":{"@type":"EntryPoint","urlTemplate":"https:\/\/dev.antudigital.cl\/sites\/vc\/?s={search_term_string}"},"query-input":{"@type":"PropertyValueSpecification","valueRequired":true,"valueName":"search_term_string"}}],"inLanguage":"es"},{"@type":"Person","@id":"https:\/\/dev.antudigital.cl\/sites\/vc\/#\/schema\/person\/c2b9da8dd545e27166fc5ab232837318","name":"Valpara\u00edso Creativo","description":"Periodista de cultura en la Regi\u00f3n de Valpara\u00edso.","url":"https:\/\/dev.antudigital.cl\/sites\/vc\/author\/valpoadmin\/"}]}},"_links":{"self":[{"href":"https:\/\/dev.antudigital.cl\/sites\/vc\/wp-json\/wp\/v2\/posts\/19226","targetHints":{"allow":["GET"]}}],"collection":[{"href":"https:\/\/dev.antudigital.cl\/sites\/vc\/wp-json\/wp\/v2\/posts"}],"about":[{"href":"https:\/\/dev.antudigital.cl\/sites\/vc\/wp-json\/wp\/v2\/types\/post"}],"author":[{"embeddable":true,"href":"https:\/\/dev.antudigital.cl\/sites\/vc\/wp-json\/wp\/v2\/users\/1"}],"replies":[{"embeddable":true,"href":"https:\/\/dev.antudigital.cl\/sites\/vc\/wp-json\/wp\/v2\/comments?post=19226"}],"version-history":[{"count":1,"href":"https:\/\/dev.antudigital.cl\/sites\/vc\/wp-json\/wp\/v2\/posts\/19226\/revisions"}],"predecessor-version":[{"id":19229,"href":"https:\/\/dev.antudigital.cl\/sites\/vc\/wp-json\/wp\/v2\/posts\/19226\/revisions\/19229"}],"wp:featuredmedia":[{"embeddable":true,"href":"https:\/\/dev.antudigital.cl\/sites\/vc\/wp-json\/wp\/v2\/media\/19227"}],"wp:attachment":[{"href":"https:\/\/dev.antudigital.cl\/sites\/vc\/wp-json\/wp\/v2\/media?parent=19226"}],"wp:term":[{"taxonomy":"category","embeddable":true,"href":"https:\/\/dev.antudigital.cl\/sites\/vc\/wp-json\/wp\/v2\/categories?post=19226"},{"taxonomy":"post_tag","embeddable":true,"href":"https:\/\/dev.antudigital.cl\/sites\/vc\/wp-json\/wp\/v2\/tags?post=19226"}],"curies":[{"name":"wp","href":"https:\/\/api.w.org\/{rel}","templated":true}]}}