{"id":19231,"date":"2024-05-28T01:12:42","date_gmt":"2024-05-28T01:12:42","guid":{"rendered":"https:\/\/www.valparaisocreativo.cl\/?p=19231"},"modified":"2024-05-30T16:55:18","modified_gmt":"2024-05-30T16:55:18","slug":"en-que-pensamos-cuando-hablamos-de-patrimonio-una-pincelada-a-miradas-alternativas","status":"publish","type":"post","link":"https:\/\/dev.antudigital.cl\/sites\/vc\/en-que-pensamos-cuando-hablamos-de-patrimonio-una-pincelada-a-miradas-alternativas\/","title":{"rendered":"\u00bfEn qu\u00e9 pensamos cuando hablamos de Patrimonio? Una pincelada a miradas alternativas:"},"content":{"rendered":"\n<p>Este fin de semana, vivimos en todo el pa\u00eds el D\u00eda de los Patrimonios, que desde hace varios a\u00f1os ya busca poner en valor estos atributos y abrirlos, en sus diversas expresiones, a la comunidad. Las iniciativas florecen tal como el inter\u00e9s de la gente por conocer nuevos lugares y parte de la historia nacional. Sin embargo, si ponemos atenci\u00f3n, usualmente nos remitimos al patrimonio de \u00edndole arquitect\u00f3nico y material.&nbsp;<\/p>\n\n\n\n<p>Como Programa Valpara\u00edso Creativo de CORFO, trabajamos mano a mano con la difusi\u00f3n de este tipo de actividades, por lo que tambi\u00e9n nos parece importante destacar algunas alternativas del patrimonio que nos ofrecen una perspectiva del potencial y rescate que hay en el territorio. Buscamos cuatro proyecto que hemos impulsado y representan diversas aristas del patrimonio:<\/p>\n\n\n\n<figure class=\"wp-block-image size-full\"><img fetchpriority=\"high\" decoding=\"async\" width=\"980\" height=\"483\" src=\"https:\/\/www.valparaisocreativo.cl\/wp-content\/uploads\/2024\/05\/ROF-GRANDE-BASICA-980x483-1.jpeg\" alt=\"\" class=\"wp-image-19235\" srcset=\"https:\/\/dev.antudigital.cl\/sites\/vc\/wp-content\/uploads\/2024\/05\/ROF-GRANDE-BASICA-980x483-1.jpeg 980w, https:\/\/dev.antudigital.cl\/sites\/vc\/wp-content\/uploads\/2024\/05\/ROF-GRANDE-BASICA-980x483-1-300x148.jpeg 300w, https:\/\/dev.antudigital.cl\/sites\/vc\/wp-content\/uploads\/2024\/05\/ROF-GRANDE-BASICA-980x483-1-768x379.jpeg 768w, https:\/\/dev.antudigital.cl\/sites\/vc\/wp-content\/uploads\/2024\/05\/ROF-GRANDE-BASICA-980x483-1-480x237.jpeg 480w, https:\/\/dev.antudigital.cl\/sites\/vc\/wp-content\/uploads\/2024\/05\/ROF-GRANDE-BASICA-980x483-1-24x12.jpeg 24w, https:\/\/dev.antudigital.cl\/sites\/vc\/wp-content\/uploads\/2024\/05\/ROF-GRANDE-BASICA-980x483-1-36x18.jpeg 36w, https:\/\/dev.antudigital.cl\/sites\/vc\/wp-content\/uploads\/2024\/05\/ROF-GRANDE-BASICA-980x483-1-48x24.jpeg 48w\" sizes=\"(max-width: 980px) 100vw, 980px\" \/><\/figure>\n\n\n\n<p><a href=\"https:\/\/www.valparaisocreativo.cl\/un-cruce-de-temporalidad-y-fronteras-que-rescata-patrimonio-entre-valparaiso-e-italia\/\">Documental De la Partitura a la voz<\/a><\/p>\n\n\n\n<p>A trav\u00e9s de la gesti\u00f3n de la int\u00e9rprete y cantante l\u00edrica Javiera Tapia, en 2021 se comenz\u00f3 una articulaci\u00f3n que posiciona a Valpara\u00edso no s\u00f3lo de manera local, sino tambi\u00e9n internacional, con el rescate de la obra y vida de Felipe Heliodoro Ort\u00edz, quien fue el primer compositor chileno que realiz\u00f3 una \u00f3pera en Italia.&nbsp;<\/p>\n\n\n\n<p>Javiera estuvo tras el documental \u201cDe la partitura a la voz\u201d, que convoca a artistas chilenos e italianos en el m\u00edtico Teatro Rossini de la ciudad de P\u00e9saro en Italia, en torno a la obra del compositor porte\u00f1o. En sus palabras, esto se dio de la siguiente manera:<\/p>\n\n\n\n<p>\u201cDurante mi estancia en Berl\u00edn conoc\u00ed a un profesor, junto a \u00e9l me fij\u00e9 en Felipe Heliodoro Ortiz, quien fue el primer compositor chileno que hizo una \u00f3pera grande en Italia. Nos encontramos con una partitura que se estren\u00f3 en el a\u00f1o 1902 en el teatro municipal de ac\u00e1 en P\u00e9saro, por lo que ahora estar\u00edamos preparando el segundo estreno oficial en la misma ciudad, m\u00e1s de 100 a\u00f1os despu\u00e9s\u201d.<\/p>\n\n\n\n<p>Esta opera y el documental se estrenaron en 2022, quedando como insumo el registro audiovisual de dicho suceso, una invitaci\u00f3n a conectar con las ra\u00edces musicales, comprendiendo el rol crucial de Valpara\u00edso en la historia del compositor Heliodoro Ort\u00edz. Sin duda patrimonio hist\u00f3rico y musical de la ciudad puerto.<\/p>\n\n\n\n<p>\u201cEsta \u00f3pera cuenta un pedazo de la historia de Chile y de nuestra identidad, aunque el texto est\u00e1 en italiano por el tipo de pieza que es. Este compositor chileno, de Valpara\u00edso, vino ac\u00e1 y se perfeccion\u00f3 en el Conservatorio de Mil\u00e1n y agarr\u00f3 esta influencia y el sonido de ac\u00e1. Finalmente tom\u00f3 historia de Chile y la puso en una obra que es una trilog\u00eda de la conquista, pasando por la colonia y la independencia\u201d, sentencia Javiera.<\/p>\n\n\n\n<p>Te invitamos a revisar el documental en nuestro canal de YouTube:<\/p>\n\n\n\n<figure class=\"wp-block-embed is-type-video is-provider-youtube wp-block-embed-youtube wp-embed-aspect-16-9 wp-has-aspect-ratio\"><div class=\"wp-block-embed__wrapper\">\n<iframe title=\"De la partitura a la voz   Docu ESP\" width=\"800\" height=\"450\" src=\"https:\/\/www.youtube.com\/embed\/ft5ACKyCPJc?feature=oembed\" frameborder=\"0\" allow=\"accelerometer; autoplay; clipboard-write; encrypted-media; gyroscope; picture-in-picture; web-share\" referrerpolicy=\"strict-origin-when-cross-origin\" allowfullscreen><\/iframe>\n<\/div><\/figure>\n\n\n\n<p><a href=\"https:\/\/www.valparaisocreativo.cl\/reconociendo-patrimonio-maritimo\/\">Fragmentos de Mar<\/a><\/p>\n\n\n\n<p>\u00abFragmentos de Mar\u00bb es una iniciativa que busca revelar los secretos sumergidos del casco hist\u00f3rico de Valpara\u00edso, Chile, espec\u00edficamente los naufragios del Siglo XIX que permanecen ocultos bajo los actuales cimientos de la ciudad, en algunos casos.&nbsp;<\/p>\n\n\n\n<p>Esta propuesta surge de una colaboraci\u00f3n entre el Centro Interdisciplinario de Estudios Oce\u00e1nicos de la Universidad de Valpara\u00edso, Valpara\u00edso Creativo y la Oficina de Gesti\u00f3n Patrimonial de la Comandancia en Jefe de la Primera Zona Naval.&nbsp;<\/p>\n\n\n\n<p>El proyecto propone una ruta que se interna bajo la ciudad para revelar restos de naufragios que han sido absorbidos por el avance territorial. Adem\u00e1s de la documentaci\u00f3n, se planea instalar placas y se\u00f1al\u00e9ticas en la ciudad, as\u00ed como material gr\u00e1fico en diversos establecimientos, y se ha creado una p\u00e1gina web donde la comunidad puede aprender m\u00e1s sobre la historia de estos naufragios.&nbsp;<\/p>\n\n\n\n<p>Este es un proyecto importante para aprovechar y visibilizar el rescate patrimonial como oportunidad de desarrollo tur\u00edstico, proponiendo hacer \u00e9nfasis en el patrimonio mar\u00edtimo de Valpara\u00edso.<\/p>\n\n\n\n<figure class=\"wp-block-image size-full\"><img decoding=\"async\" width=\"980\" height=\"654\" src=\"https:\/\/www.valparaisocreativo.cl\/wp-content\/uploads\/2024\/05\/Trenzando-980x654-1.jpeg\" alt=\"\" class=\"wp-image-19234\" srcset=\"https:\/\/dev.antudigital.cl\/sites\/vc\/wp-content\/uploads\/2024\/05\/Trenzando-980x654-1.jpeg 980w, https:\/\/dev.antudigital.cl\/sites\/vc\/wp-content\/uploads\/2024\/05\/Trenzando-980x654-1-300x200.jpeg 300w, https:\/\/dev.antudigital.cl\/sites\/vc\/wp-content\/uploads\/2024\/05\/Trenzando-980x654-1-768x513.jpeg 768w, https:\/\/dev.antudigital.cl\/sites\/vc\/wp-content\/uploads\/2024\/05\/Trenzando-980x654-1-480x320.jpeg 480w, https:\/\/dev.antudigital.cl\/sites\/vc\/wp-content\/uploads\/2024\/05\/Trenzando-980x654-1-24x16.jpeg 24w, https:\/\/dev.antudigital.cl\/sites\/vc\/wp-content\/uploads\/2024\/05\/Trenzando-980x654-1-36x24.jpeg 36w, https:\/\/dev.antudigital.cl\/sites\/vc\/wp-content\/uploads\/2024\/05\/Trenzando-980x654-1-48x32.jpeg 48w\" sizes=\"(max-width: 980px) 100vw, 980px\" \/><\/figure>\n\n\n\n<p><a href=\"https:\/\/www.valparaisocreativo.cl\/el-valor-del-patrimonio-ferroviario\/\">Trenzando<\/a><\/p>\n\n\n\n<p>Trenzando es un ejemplo de patrimonio material itinerante a trav\u00e9s de la puesta en valor de lo ferroviario y una articulaci\u00f3n conjunta con municipalidades y privados. Todo comenz\u00f3 con el proyecto de tesis de Daniela Guti\u00e9rrez, su fundadora, hace algunos a\u00f1os.<\/p>\n\n\n\n<p>\u201cComenc\u00e9 a incursionar con el patrimonio ferroviario y me encontr\u00e9 con esta extensi\u00f3n de la red ferroviaria que se manten\u00eda vigente por el transporte de carga\u201d. Esto llam\u00f3 la atenci\u00f3n de Daniela y la interes\u00f3 en utilizar este capital que tuvo tanta importancia en la historia del pa\u00eds hace unas d\u00e9cadas.<\/p>\n\n\n\n<p>El 2018 fue su primera salida a terreno. Funcionan mediante itinerancias, en las que a trav\u00e9s de la Nave hacen residencias en diversas comunas que tengan estaci\u00f3n ferroviaria o acceso a las v\u00edas buscando generar activaciones de \u00edndole cultural que se consulta y decide en conjunto con la comunidad para responder tambi\u00e9n a sus intereses y necesidades.<\/p>\n\n\n\n<p>Daniela agrega que su prop\u00f3sito es \u201cPoder generar oportunidades de desarrollo a trav\u00e9s del sistema ferroviario como medio de intercambio de bienes sociales como un catalizador de comunidad e identidad colectiva\u201d.&nbsp;<\/p>\n\n\n\n<p>Este proyecto se concentra en territorios no metropolitanos de algunas regiones. Se define como una plataforma de cooperaci\u00f3n territorial que utiliza el sistema ferroviario existente como base para crear oportunidades de desarrollo.&nbsp;<\/p>\n\n\n\n<p>Con m\u00e1s de 3.000 kil\u00f3metros de v\u00edas f\u00e9rreas en el pa\u00eds, principalmente utilizadas para el transporte de carga, Trenzando propone reactivar este patrimonio con la infraestructura ya existente, que incluye m\u00e1s de 170 estaciones en diversas regiones.&nbsp;<\/p>\n\n\n\n<p>El proyecto busca descentralizar a trav\u00e9s de iniciativas culturales y de gesti\u00f3n territorial, utilizando una \u00abNave\u00bb compuesta por vagones que permiten realizar presentaciones, exposiciones, ferias y m\u00e1s.&nbsp;<\/p>\n\n\n\n<p>La creadora de Trenzando, Daniela Guti\u00e9rrez, menciona que la iniciativa surge debido a la magnitud del patrimonio ferroviario tangible e intangible y al deterioro en que se encuentra, as\u00ed como a la visible desigualdad de oportunidades en las localidades que se encuentran alrededor de este sistema y que no son metropolitanas.<\/p>\n\n\n\n<p>Los territorios en los que logran estar presentes actualmente son: San Rosendo \u2013 Yumbel \u2013 Rucapequ\u00e9n \u2013 Rungue \u2013 Llay Llay \u2013 Ocoa&nbsp;<\/p>\n\n\n\n<figure class=\"wp-block-image size-full\"><img decoding=\"async\" width=\"980\" height=\"524\" src=\"https:\/\/www.valparaisocreativo.cl\/wp-content\/uploads\/2024\/05\/1-2-scaled-1-980x524-1.jpeg\" alt=\"\" class=\"wp-image-19232\" srcset=\"https:\/\/dev.antudigital.cl\/sites\/vc\/wp-content\/uploads\/2024\/05\/1-2-scaled-1-980x524-1.jpeg 980w, https:\/\/dev.antudigital.cl\/sites\/vc\/wp-content\/uploads\/2024\/05\/1-2-scaled-1-980x524-1-300x160.jpeg 300w, https:\/\/dev.antudigital.cl\/sites\/vc\/wp-content\/uploads\/2024\/05\/1-2-scaled-1-980x524-1-768x411.jpeg 768w, https:\/\/dev.antudigital.cl\/sites\/vc\/wp-content\/uploads\/2024\/05\/1-2-scaled-1-980x524-1-480x257.jpeg 480w, https:\/\/dev.antudigital.cl\/sites\/vc\/wp-content\/uploads\/2024\/05\/1-2-scaled-1-980x524-1-24x13.jpeg 24w, https:\/\/dev.antudigital.cl\/sites\/vc\/wp-content\/uploads\/2024\/05\/1-2-scaled-1-980x524-1-36x19.jpeg 36w, https:\/\/dev.antudigital.cl\/sites\/vc\/wp-content\/uploads\/2024\/05\/1-2-scaled-1-980x524-1-48x26.jpeg 48w\" sizes=\"(max-width: 980px) 100vw, 980px\" \/><\/figure>\n\n\n\n<p><a href=\"https:\/\/www.valparaisocreativo.cl\/estas-ciudades-tienen-un-trabajo-patrimonial-que-esta-en-bruto\/\">Sobrevuelos a Cementerios Patrimoniales<\/a><\/p>\n\n\n\n<p>Por \u00faltimo, un ejemplo de patrimonio cultural material y tangible son los cementerios. Cada territorio tiene su infraestructura, que son un gran reflejo de la historia y sociedad de la ciudad y la \u00e9poca que representan.&nbsp;<\/p>\n\n\n\n<p>Es as\u00ed como la Agrupaci\u00f3n de Amigos y Amigas de Cementerios ofrecieron sus conocimientos y redes, en articulaci\u00f3n con municipalidades y con el talento y equipamiento de C\u00e1psula patrimonial, decidieron generar una iniciativa que ponga en valor a algunos hitos arquitect\u00f3nicos patrimoniales y tambi\u00e9n a ciertos cementerios cuyo valor hist\u00f3rico y tur\u00edstico destaca.<\/p>\n\n\n\n<p>Junto a C\u00e1psula patrimonial, se realizaron sobrevuelos con drone que grabaron esta infraestructura, permiti\u00e9ndonos adentrarnos capa a capa en sus historias: lo que representa su arquitectura, el contexto en que fueron constru\u00eddos, y c\u00f3mo se han desarrollado a trav\u00e9s de los a\u00f1os.<\/p>\n\n\n\n<p>El proyecto se trata, como mencionamos, de c\u00e1psulas audiovisuales donde se pueden observar los atributos e historia de cada lugar, puntos importantes de nuestra Regi\u00f3n que contienen historia.<\/p>\n\n\n\n<p>Aditi Olivera de la Agrupaci\u00f3n de Amigos y Amigas de los Cementerios comenta que: \u201cEstas ciudades tienen un trabajo patrimonial que est\u00e1 en bruto. Esto es incipiente. Siempre el patrimonio est\u00e1 dejado de lado, asimismo los cementerios, donde se pierde esta infraestructura\u201d.<\/p>\n\n\n\n<p>Es as\u00ed como a trav\u00e9s de una serie de c\u00e1psulas se transmite este valor patrimonial trascendental para la Regi\u00f3n, y que est\u00e1 disponible para las audiencias y ciudadan\u00eda constantemente, ofreciendo un vistazo de la identidad de cada ciudad.<\/p>\n\n\n\n<p><a href=\"https:\/\/www.youtube.com\/@valparaisocreativo5143\/featured\">Puedes encontrar todos los videos en nuestro canal de YouTube [Click aqu\u00ed<\/a>]<\/p>\n","protected":false},"excerpt":{"rendered":"<p>Este fin de semana, vivimos en todo el pa\u00eds el D\u00eda de los Patrimonios, que desde hace varios a\u00f1os ya busca poner en valor estos atributos y abrirlos, en sus diversas expresiones, a la comunidad. Las iniciativas florecen tal como el inter\u00e9s de la gente por conocer nuevos lugares y parte de la historia nacional. [&hellip;]<\/p>\n","protected":false},"author":1,"featured_media":19233,"comment_status":"closed","ping_status":"closed","sticky":false,"template":"","format":"standard","meta":{"_acf_changed":false,"footnotes":""},"categories":[218],"tags":[],"class_list":["post-19231","post","type-post","status-publish","format-standard","has-post-thumbnail","hentry","category-blog"],"acf":[],"yoast_head":"<!-- This site is optimized with the Yoast SEO plugin v27.1.1 - https:\/\/yoast.com\/product\/yoast-seo-wordpress\/ -->\n<title>\u00bfEn qu\u00e9 pensamos cuando hablamos de Patrimonio? Una pincelada a miradas alternativas: - Valpara\u00ed\u00adso Creativo<\/title>\n<meta name=\"robots\" content=\"index, follow, max-snippet:-1, max-image-preview:large, max-video-preview:-1\" \/>\n<link rel=\"canonical\" href=\"https:\/\/dev.antudigital.cl\/sites\/vc\/en-que-pensamos-cuando-hablamos-de-patrimonio-una-pincelada-a-miradas-alternativas\/\" \/>\n<meta property=\"og:locale\" content=\"es_ES\" \/>\n<meta property=\"og:type\" content=\"article\" \/>\n<meta property=\"og:title\" content=\"\u00bfEn qu\u00e9 pensamos cuando hablamos de Patrimonio? Una pincelada a miradas alternativas: - Valpara\u00ed\u00adso Creativo\" \/>\n<meta property=\"og:description\" content=\"Este fin de semana, vivimos en todo el pa\u00eds el D\u00eda de los Patrimonios, que desde hace varios a\u00f1os ya busca poner en valor estos atributos y abrirlos, en sus diversas expresiones, a la comunidad. Las iniciativas florecen tal como el inter\u00e9s de la gente por conocer nuevos lugares y parte de la historia nacional. [&hellip;]\" \/>\n<meta property=\"og:url\" content=\"https:\/\/dev.antudigital.cl\/sites\/vc\/en-que-pensamos-cuando-hablamos-de-patrimonio-una-pincelada-a-miradas-alternativas\/\" \/>\n<meta property=\"og:site_name\" content=\"Valpara\u00ed\u00adso Creativo\" \/>\n<meta property=\"article:published_time\" content=\"2024-05-28T01:12:42+00:00\" \/>\n<meta property=\"article:modified_time\" content=\"2024-05-30T16:55:18+00:00\" \/>\n<meta property=\"og:image\" content=\"https:\/\/dev.antudigital.cl\/sites\/vc\/wp-content\/uploads\/2024\/05\/PRIMERA-ENTREGA-17-980x653-1.jpeg\" \/>\n\t<meta property=\"og:image:width\" content=\"980\" \/>\n\t<meta property=\"og:image:height\" content=\"653\" \/>\n\t<meta property=\"og:image:type\" content=\"image\/jpeg\" \/>\n<meta name=\"author\" content=\"Valpara\u00edso Creativo\" \/>\n<meta name=\"twitter:card\" content=\"summary_large_image\" \/>\n<meta name=\"twitter:label1\" content=\"Escrito por\" \/>\n\t<meta name=\"twitter:data1\" content=\"Valpara\u00edso Creativo\" \/>\n\t<meta name=\"twitter:label2\" content=\"Tiempo de lectura\" \/>\n\t<meta name=\"twitter:data2\" content=\"7 minutos\" \/>\n<script type=\"application\/ld+json\" class=\"yoast-schema-graph\">{\"@context\":\"https:\/\/schema.org\",\"@graph\":[{\"@type\":\"Article\",\"@id\":\"https:\/\/dev.antudigital.cl\/sites\/vc\/en-que-pensamos-cuando-hablamos-de-patrimonio-una-pincelada-a-miradas-alternativas\/#article\",\"isPartOf\":{\"@id\":\"https:\/\/dev.antudigital.cl\/sites\/vc\/en-que-pensamos-cuando-hablamos-de-patrimonio-una-pincelada-a-miradas-alternativas\/\"},\"author\":{\"name\":\"Valpara\u00edso Creativo\",\"@id\":\"https:\/\/dev.antudigital.cl\/sites\/vc\/#\/schema\/person\/c2b9da8dd545e27166fc5ab232837318\"},\"headline\":\"\u00bfEn qu\u00e9 pensamos cuando hablamos de Patrimonio? Una pincelada a miradas alternativas:\",\"datePublished\":\"2024-05-28T01:12:42+00:00\",\"dateModified\":\"2024-05-30T16:55:18+00:00\",\"mainEntityOfPage\":{\"@id\":\"https:\/\/dev.antudigital.cl\/sites\/vc\/en-que-pensamos-cuando-hablamos-de-patrimonio-una-pincelada-a-miradas-alternativas\/\"},\"wordCount\":1335,\"image\":{\"@id\":\"https:\/\/dev.antudigital.cl\/sites\/vc\/en-que-pensamos-cuando-hablamos-de-patrimonio-una-pincelada-a-miradas-alternativas\/#primaryimage\"},\"thumbnailUrl\":\"https:\/\/dev.antudigital.cl\/sites\/vc\/wp-content\/uploads\/2024\/05\/PRIMERA-ENTREGA-17-980x653-1.jpeg\",\"articleSection\":[\"Blog\"],\"inLanguage\":\"es\"},{\"@type\":\"WebPage\",\"@id\":\"https:\/\/dev.antudigital.cl\/sites\/vc\/en-que-pensamos-cuando-hablamos-de-patrimonio-una-pincelada-a-miradas-alternativas\/\",\"url\":\"https:\/\/dev.antudigital.cl\/sites\/vc\/en-que-pensamos-cuando-hablamos-de-patrimonio-una-pincelada-a-miradas-alternativas\/\",\"name\":\"\u00bfEn qu\u00e9 pensamos cuando hablamos de Patrimonio? Una pincelada a miradas alternativas: - Valpara\u00ed\u00adso Creativo\",\"isPartOf\":{\"@id\":\"https:\/\/dev.antudigital.cl\/sites\/vc\/#website\"},\"primaryImageOfPage\":{\"@id\":\"https:\/\/dev.antudigital.cl\/sites\/vc\/en-que-pensamos-cuando-hablamos-de-patrimonio-una-pincelada-a-miradas-alternativas\/#primaryimage\"},\"image\":{\"@id\":\"https:\/\/dev.antudigital.cl\/sites\/vc\/en-que-pensamos-cuando-hablamos-de-patrimonio-una-pincelada-a-miradas-alternativas\/#primaryimage\"},\"thumbnailUrl\":\"https:\/\/dev.antudigital.cl\/sites\/vc\/wp-content\/uploads\/2024\/05\/PRIMERA-ENTREGA-17-980x653-1.jpeg\",\"datePublished\":\"2024-05-28T01:12:42+00:00\",\"dateModified\":\"2024-05-30T16:55:18+00:00\",\"author\":{\"@id\":\"https:\/\/dev.antudigital.cl\/sites\/vc\/#\/schema\/person\/c2b9da8dd545e27166fc5ab232837318\"},\"breadcrumb\":{\"@id\":\"https:\/\/dev.antudigital.cl\/sites\/vc\/en-que-pensamos-cuando-hablamos-de-patrimonio-una-pincelada-a-miradas-alternativas\/#breadcrumb\"},\"inLanguage\":\"es\",\"potentialAction\":[{\"@type\":\"ReadAction\",\"target\":[\"https:\/\/dev.antudigital.cl\/sites\/vc\/en-que-pensamos-cuando-hablamos-de-patrimonio-una-pincelada-a-miradas-alternativas\/\"]}]},{\"@type\":\"ImageObject\",\"inLanguage\":\"es\",\"@id\":\"https:\/\/dev.antudigital.cl\/sites\/vc\/en-que-pensamos-cuando-hablamos-de-patrimonio-una-pincelada-a-miradas-alternativas\/#primaryimage\",\"url\":\"https:\/\/dev.antudigital.cl\/sites\/vc\/wp-content\/uploads\/2024\/05\/PRIMERA-ENTREGA-17-980x653-1.jpeg\",\"contentUrl\":\"https:\/\/dev.antudigital.cl\/sites\/vc\/wp-content\/uploads\/2024\/05\/PRIMERA-ENTREGA-17-980x653-1.jpeg\",\"width\":980,\"height\":653},{\"@type\":\"BreadcrumbList\",\"@id\":\"https:\/\/dev.antudigital.cl\/sites\/vc\/en-que-pensamos-cuando-hablamos-de-patrimonio-una-pincelada-a-miradas-alternativas\/#breadcrumb\",\"itemListElement\":[{\"@type\":\"ListItem\",\"position\":1,\"name\":\"Home\",\"item\":\"https:\/\/dev.antudigital.cl\/sites\/vc\/\"},{\"@type\":\"ListItem\",\"position\":2,\"name\":\"\u00bfEn qu\u00e9 pensamos cuando hablamos de Patrimonio? Una pincelada a miradas alternativas:\"}]},{\"@type\":\"WebSite\",\"@id\":\"https:\/\/dev.antudigital.cl\/sites\/vc\/#website\",\"url\":\"https:\/\/dev.antudigital.cl\/sites\/vc\/\",\"name\":\"Valpara\u00ed\u00adso Creativo\",\"description\":\"\",\"potentialAction\":[{\"@type\":\"SearchAction\",\"target\":{\"@type\":\"EntryPoint\",\"urlTemplate\":\"https:\/\/dev.antudigital.cl\/sites\/vc\/?s={search_term_string}\"},\"query-input\":{\"@type\":\"PropertyValueSpecification\",\"valueRequired\":true,\"valueName\":\"search_term_string\"}}],\"inLanguage\":\"es\"},{\"@type\":\"Person\",\"@id\":\"https:\/\/dev.antudigital.cl\/sites\/vc\/#\/schema\/person\/c2b9da8dd545e27166fc5ab232837318\",\"name\":\"Valpara\u00edso Creativo\",\"description\":\"Periodista de cultura en la Regi\u00f3n de Valpara\u00edso.\",\"url\":\"https:\/\/dev.antudigital.cl\/sites\/vc\/author\/valpoadmin\/\"}]}<\/script>\n<!-- \/ Yoast SEO plugin. -->","yoast_head_json":{"title":"\u00bfEn qu\u00e9 pensamos cuando hablamos de Patrimonio? Una pincelada a miradas alternativas: - Valpara\u00ed\u00adso Creativo","robots":{"index":"index","follow":"follow","max-snippet":"max-snippet:-1","max-image-preview":"max-image-preview:large","max-video-preview":"max-video-preview:-1"},"canonical":"https:\/\/dev.antudigital.cl\/sites\/vc\/en-que-pensamos-cuando-hablamos-de-patrimonio-una-pincelada-a-miradas-alternativas\/","og_locale":"es_ES","og_type":"article","og_title":"\u00bfEn qu\u00e9 pensamos cuando hablamos de Patrimonio? Una pincelada a miradas alternativas: - Valpara\u00ed\u00adso Creativo","og_description":"Este fin de semana, vivimos en todo el pa\u00eds el D\u00eda de los Patrimonios, que desde hace varios a\u00f1os ya busca poner en valor estos atributos y abrirlos, en sus diversas expresiones, a la comunidad. Las iniciativas florecen tal como el inter\u00e9s de la gente por conocer nuevos lugares y parte de la historia nacional. [&hellip;]","og_url":"https:\/\/dev.antudigital.cl\/sites\/vc\/en-que-pensamos-cuando-hablamos-de-patrimonio-una-pincelada-a-miradas-alternativas\/","og_site_name":"Valpara\u00ed\u00adso Creativo","article_published_time":"2024-05-28T01:12:42+00:00","article_modified_time":"2024-05-30T16:55:18+00:00","og_image":[{"width":980,"height":653,"url":"https:\/\/dev.antudigital.cl\/sites\/vc\/wp-content\/uploads\/2024\/05\/PRIMERA-ENTREGA-17-980x653-1.jpeg","type":"image\/jpeg"}],"author":"Valpara\u00edso Creativo","twitter_card":"summary_large_image","twitter_misc":{"Escrito por":"Valpara\u00edso Creativo","Tiempo de lectura":"7 minutos"},"schema":{"@context":"https:\/\/schema.org","@graph":[{"@type":"Article","@id":"https:\/\/dev.antudigital.cl\/sites\/vc\/en-que-pensamos-cuando-hablamos-de-patrimonio-una-pincelada-a-miradas-alternativas\/#article","isPartOf":{"@id":"https:\/\/dev.antudigital.cl\/sites\/vc\/en-que-pensamos-cuando-hablamos-de-patrimonio-una-pincelada-a-miradas-alternativas\/"},"author":{"name":"Valpara\u00edso Creativo","@id":"https:\/\/dev.antudigital.cl\/sites\/vc\/#\/schema\/person\/c2b9da8dd545e27166fc5ab232837318"},"headline":"\u00bfEn qu\u00e9 pensamos cuando hablamos de Patrimonio? Una pincelada a miradas alternativas:","datePublished":"2024-05-28T01:12:42+00:00","dateModified":"2024-05-30T16:55:18+00:00","mainEntityOfPage":{"@id":"https:\/\/dev.antudigital.cl\/sites\/vc\/en-que-pensamos-cuando-hablamos-de-patrimonio-una-pincelada-a-miradas-alternativas\/"},"wordCount":1335,"image":{"@id":"https:\/\/dev.antudigital.cl\/sites\/vc\/en-que-pensamos-cuando-hablamos-de-patrimonio-una-pincelada-a-miradas-alternativas\/#primaryimage"},"thumbnailUrl":"https:\/\/dev.antudigital.cl\/sites\/vc\/wp-content\/uploads\/2024\/05\/PRIMERA-ENTREGA-17-980x653-1.jpeg","articleSection":["Blog"],"inLanguage":"es"},{"@type":"WebPage","@id":"https:\/\/dev.antudigital.cl\/sites\/vc\/en-que-pensamos-cuando-hablamos-de-patrimonio-una-pincelada-a-miradas-alternativas\/","url":"https:\/\/dev.antudigital.cl\/sites\/vc\/en-que-pensamos-cuando-hablamos-de-patrimonio-una-pincelada-a-miradas-alternativas\/","name":"\u00bfEn qu\u00e9 pensamos cuando hablamos de Patrimonio? Una pincelada a miradas alternativas: - Valpara\u00ed\u00adso Creativo","isPartOf":{"@id":"https:\/\/dev.antudigital.cl\/sites\/vc\/#website"},"primaryImageOfPage":{"@id":"https:\/\/dev.antudigital.cl\/sites\/vc\/en-que-pensamos-cuando-hablamos-de-patrimonio-una-pincelada-a-miradas-alternativas\/#primaryimage"},"image":{"@id":"https:\/\/dev.antudigital.cl\/sites\/vc\/en-que-pensamos-cuando-hablamos-de-patrimonio-una-pincelada-a-miradas-alternativas\/#primaryimage"},"thumbnailUrl":"https:\/\/dev.antudigital.cl\/sites\/vc\/wp-content\/uploads\/2024\/05\/PRIMERA-ENTREGA-17-980x653-1.jpeg","datePublished":"2024-05-28T01:12:42+00:00","dateModified":"2024-05-30T16:55:18+00:00","author":{"@id":"https:\/\/dev.antudigital.cl\/sites\/vc\/#\/schema\/person\/c2b9da8dd545e27166fc5ab232837318"},"breadcrumb":{"@id":"https:\/\/dev.antudigital.cl\/sites\/vc\/en-que-pensamos-cuando-hablamos-de-patrimonio-una-pincelada-a-miradas-alternativas\/#breadcrumb"},"inLanguage":"es","potentialAction":[{"@type":"ReadAction","target":["https:\/\/dev.antudigital.cl\/sites\/vc\/en-que-pensamos-cuando-hablamos-de-patrimonio-una-pincelada-a-miradas-alternativas\/"]}]},{"@type":"ImageObject","inLanguage":"es","@id":"https:\/\/dev.antudigital.cl\/sites\/vc\/en-que-pensamos-cuando-hablamos-de-patrimonio-una-pincelada-a-miradas-alternativas\/#primaryimage","url":"https:\/\/dev.antudigital.cl\/sites\/vc\/wp-content\/uploads\/2024\/05\/PRIMERA-ENTREGA-17-980x653-1.jpeg","contentUrl":"https:\/\/dev.antudigital.cl\/sites\/vc\/wp-content\/uploads\/2024\/05\/PRIMERA-ENTREGA-17-980x653-1.jpeg","width":980,"height":653},{"@type":"BreadcrumbList","@id":"https:\/\/dev.antudigital.cl\/sites\/vc\/en-que-pensamos-cuando-hablamos-de-patrimonio-una-pincelada-a-miradas-alternativas\/#breadcrumb","itemListElement":[{"@type":"ListItem","position":1,"name":"Home","item":"https:\/\/dev.antudigital.cl\/sites\/vc\/"},{"@type":"ListItem","position":2,"name":"\u00bfEn qu\u00e9 pensamos cuando hablamos de Patrimonio? Una pincelada a miradas alternativas:"}]},{"@type":"WebSite","@id":"https:\/\/dev.antudigital.cl\/sites\/vc\/#website","url":"https:\/\/dev.antudigital.cl\/sites\/vc\/","name":"Valpara\u00ed\u00adso Creativo","description":"","potentialAction":[{"@type":"SearchAction","target":{"@type":"EntryPoint","urlTemplate":"https:\/\/dev.antudigital.cl\/sites\/vc\/?s={search_term_string}"},"query-input":{"@type":"PropertyValueSpecification","valueRequired":true,"valueName":"search_term_string"}}],"inLanguage":"es"},{"@type":"Person","@id":"https:\/\/dev.antudigital.cl\/sites\/vc\/#\/schema\/person\/c2b9da8dd545e27166fc5ab232837318","name":"Valpara\u00edso Creativo","description":"Periodista de cultura en la Regi\u00f3n de Valpara\u00edso.","url":"https:\/\/dev.antudigital.cl\/sites\/vc\/author\/valpoadmin\/"}]}},"_links":{"self":[{"href":"https:\/\/dev.antudigital.cl\/sites\/vc\/wp-json\/wp\/v2\/posts\/19231","targetHints":{"allow":["GET"]}}],"collection":[{"href":"https:\/\/dev.antudigital.cl\/sites\/vc\/wp-json\/wp\/v2\/posts"}],"about":[{"href":"https:\/\/dev.antudigital.cl\/sites\/vc\/wp-json\/wp\/v2\/types\/post"}],"author":[{"embeddable":true,"href":"https:\/\/dev.antudigital.cl\/sites\/vc\/wp-json\/wp\/v2\/users\/1"}],"replies":[{"embeddable":true,"href":"https:\/\/dev.antudigital.cl\/sites\/vc\/wp-json\/wp\/v2\/comments?post=19231"}],"version-history":[{"count":2,"href":"https:\/\/dev.antudigital.cl\/sites\/vc\/wp-json\/wp\/v2\/posts\/19231\/revisions"}],"predecessor-version":[{"id":19241,"href":"https:\/\/dev.antudigital.cl\/sites\/vc\/wp-json\/wp\/v2\/posts\/19231\/revisions\/19241"}],"wp:featuredmedia":[{"embeddable":true,"href":"https:\/\/dev.antudigital.cl\/sites\/vc\/wp-json\/wp\/v2\/media\/19233"}],"wp:attachment":[{"href":"https:\/\/dev.antudigital.cl\/sites\/vc\/wp-json\/wp\/v2\/media?parent=19231"}],"wp:term":[{"taxonomy":"category","embeddable":true,"href":"https:\/\/dev.antudigital.cl\/sites\/vc\/wp-json\/wp\/v2\/categories?post=19231"},{"taxonomy":"post_tag","embeddable":true,"href":"https:\/\/dev.antudigital.cl\/sites\/vc\/wp-json\/wp\/v2\/tags?post=19231"}],"curies":[{"name":"wp","href":"https:\/\/api.w.org\/{rel}","templated":true}]}}