{"id":19246,"date":"2024-06-03T13:42:24","date_gmt":"2024-06-03T13:42:24","guid":{"rendered":"https:\/\/www.valparaisocreativo.cl\/?p=19246"},"modified":"2024-06-03T13:42:41","modified_gmt":"2024-06-03T13:42:41","slug":"trenque-launquen-el-evento-cinematografico-del-cine-argentino-y-se-estrena-en-insomnia","status":"publish","type":"post","link":"https:\/\/dev.antudigital.cl\/sites\/vc\/trenque-launquen-el-evento-cinematografico-del-cine-argentino-y-se-estrena-en-insomnia\/","title":{"rendered":"Trenque Launquen: el evento cinematogr\u00e1fico del cine argentino y se estrena en INSOMNIA"},"content":{"rendered":"\n<p>Alabada por la cr\u00edtica, Laura Citarella nos estremece con su nuevo estreno Treque Lauquen de la mano de la productora El Pampero Cine. Se trata de una pel\u00edcula de drama e intriga, en donde las historias se entrecruzan abriendo nuevos hilos narrativos que van sumergiendo al espectador cada vez m\u00e1s profundo. La pel\u00edcula cuenta con la actuaci\u00f3n de Laura Paredes, Ezequiel Pierri, Rafael Spregelburd, Elisa Carricajo y Ver\u00f3nica Llin\u00e1s y se proyectar\u00e1 los d\u00edas s\u00e1bado 1 y 8 de junio a las 17:00 horas. La entrada tendr\u00e1 un valor diferenciado de $3500 y $5000 que incluye un caf\u00e9 para el intermedio.<\/p>\n\n\n\n<p>En \u201cTrenque Lauquen\u201d una mujer desaparece. Dos hombres salen en su busca: ambos la aman. \u00bfPor qu\u00e9 se fue? Cada uno de ellos tiene su propia sospecha, y la oculta al otro que -misteriosamente- nunca llega a ser su rival. Ninguno tiene raz\u00f3n, pero, \u00bfalguien la tiene? Esa huida repentina se revela como el centro secreto de una serie de ficciones que el filme, sutilmente, se encarga de entretejer: el secreto del coraz\u00f3n de otra mujer, perdida tambi\u00e9n hace ya muchos a\u00f1os; el secreto de la vida de un pueblo de campo, sacudido por un acontecimiento sobrenatural que nadie parece percibir; el secreto de la llanura, que no deja de extenderse y devorarlo todo, como las sombras que inundan el mundo despu\u00e9s del atardecer.<\/p>\n\n\n\n<figure class=\"wp-block-image size-large\"><img fetchpriority=\"high\" decoding=\"async\" width=\"1024\" height=\"576\" src=\"https:\/\/www.valparaisocreativo.cl\/wp-content\/uploads\/2024\/06\/TL-STILL-04-1-1024x576.jpg\" alt=\"\" class=\"wp-image-19248\" srcset=\"https:\/\/dev.antudigital.cl\/sites\/vc\/wp-content\/uploads\/2024\/06\/TL-STILL-04-1-1024x576.jpg 1024w, https:\/\/dev.antudigital.cl\/sites\/vc\/wp-content\/uploads\/2024\/06\/TL-STILL-04-1-300x169.jpg 300w, https:\/\/dev.antudigital.cl\/sites\/vc\/wp-content\/uploads\/2024\/06\/TL-STILL-04-1-768x432.jpg 768w, https:\/\/dev.antudigital.cl\/sites\/vc\/wp-content\/uploads\/2024\/06\/TL-STILL-04-1-1536x864.jpg 1536w, https:\/\/dev.antudigital.cl\/sites\/vc\/wp-content\/uploads\/2024\/06\/TL-STILL-04-1-2048x1152.jpg 2048w, https:\/\/dev.antudigital.cl\/sites\/vc\/wp-content\/uploads\/2024\/06\/TL-STILL-04-1-1080x608.jpg 1080w, https:\/\/dev.antudigital.cl\/sites\/vc\/wp-content\/uploads\/2024\/06\/TL-STILL-04-1-1280x720.jpg 1280w, https:\/\/dev.antudigital.cl\/sites\/vc\/wp-content\/uploads\/2024\/06\/TL-STILL-04-1-980x551.jpg 980w, https:\/\/dev.antudigital.cl\/sites\/vc\/wp-content\/uploads\/2024\/06\/TL-STILL-04-1-480x270.jpg 480w, https:\/\/dev.antudigital.cl\/sites\/vc\/wp-content\/uploads\/2024\/06\/TL-STILL-04-1-24x14.jpg 24w, https:\/\/dev.antudigital.cl\/sites\/vc\/wp-content\/uploads\/2024\/06\/TL-STILL-04-1-36x20.jpg 36w, https:\/\/dev.antudigital.cl\/sites\/vc\/wp-content\/uploads\/2024\/06\/TL-STILL-04-1-48x27.jpg 48w\" sizes=\"(max-width: 1024px) 100vw, 1024px\" \/><\/figure>\n\n\n\n<p>Para Claudio Pereira, programador de INSOMNIA, es una pel\u00edcula llena de proezas narrativas: \u201csi alguien pens\u00f3 que el cine contempor\u00e1neo volv\u00eda invisibles o innecesarias las historias, nos encontramos con la extraordinaria Trenque Lauquen y antes con El Pampero Cine. Y es que esta productora argentina es realmente un motor din\u00e1mico donde se ha desarrollado una filmograf\u00eda de riesgos y hallazgos narrativos, donde las pel\u00edculas han adquirido una dimensi\u00f3n est\u00e9tica rizom\u00e1tica, que pareciera que no terminaran en s\u00ed mismas, sin recurrir a interminables planos vac\u00edos o abstracciones que terminan desconcertando y expulsando a los espectadores. Por el contrario, los casos de las pel\u00edculas Historias extraordinarias y luego La flor (ambas de Mariano Llin\u00e1s) son el reencantamiento con la capacidad de contar historias en forma de espiral, que van creciendo, hasta envolvernos en el misterio y encantarnos con la oralidad, el humor negro y mezclando todos los g\u00e9neros posibles\u201d.<\/p>\n\n\n\n<p>Finalmente, Pereira expres\u00f3 que: \u201cel cine no tiene l\u00edmites, y eso es lo que convierte a Trenque Lauquen en un acontecimiento, tal como expres\u00f3 Cahiers du Cinema el a\u00f1o pasado al reconocerla como la mejor pel\u00edcula del a\u00f1o. Tercer estreno de Laura Citarella, (Ostende y La mujer de los perros), donde en una peque\u00f1a historia de una mujer en un peque\u00f1o pueblo, se empieza a convertir en una explosi\u00f3n de posibilidades de lo que ocurre a la protagonista, permitiendo que nos reencontremos con la m\u00e1s vieja de las tradiciones, que es sentarnos en torno a un fuego a escuchar historias, siendo en este caso, tardes de s\u00e1bados de junio saboreando un exquisito caf\u00e9 en INSOMNIA\u201d.<\/p>\n\n\n\n<p>El Pampero Cine es una productora independiente formada el 2002 en Argentina por los amigos Mariano Llin\u00e1s, Alejo Moguillansky, Laura Citarella y Agust\u00edn Mendilaharzu. Su origen se remonta un inter\u00e9s en com\u00fan: filmar pel\u00edculas y contar historias, a su manera y como sea.<\/p>\n\n\n\n<p>Valentina Tagle, Community Manager de INSOMNIA, explic\u00f3 que: \u201ces por esto que eligen hacer las cosas un poco distinto de lo establecido. Funcionan como una especie de cooperativa, sin apoyo estatal ni inversiones extranjeras. No adhieren a la cl\u00e1sica figura del productor, con una estructura de trabajo r\u00edgida y vertical, acotada a un presupuesto, fechas l\u00edmites y mucho menos a una versi\u00f3n comercial de hacer cine, por esto se salen del circuito tradicional de exhibici\u00f3n. Pero lo m\u00e1s interesante es su forma tan particular de crear: todos dirigen, todos act\u00faan, todos escriben, todos editan y producen\u201d.<\/p>\n\n\n\n<figure class=\"wp-block-image size-large\"><img decoding=\"async\" width=\"1024\" height=\"576\" src=\"https:\/\/www.valparaisocreativo.cl\/wp-content\/uploads\/2024\/06\/TL-STILL-02-1024x576.jpg\" alt=\"\" class=\"wp-image-19247\" srcset=\"https:\/\/dev.antudigital.cl\/sites\/vc\/wp-content\/uploads\/2024\/06\/TL-STILL-02-1024x576.jpg 1024w, https:\/\/dev.antudigital.cl\/sites\/vc\/wp-content\/uploads\/2024\/06\/TL-STILL-02-300x169.jpg 300w, https:\/\/dev.antudigital.cl\/sites\/vc\/wp-content\/uploads\/2024\/06\/TL-STILL-02-768x432.jpg 768w, https:\/\/dev.antudigital.cl\/sites\/vc\/wp-content\/uploads\/2024\/06\/TL-STILL-02-1536x864.jpg 1536w, https:\/\/dev.antudigital.cl\/sites\/vc\/wp-content\/uploads\/2024\/06\/TL-STILL-02-2048x1152.jpg 2048w, https:\/\/dev.antudigital.cl\/sites\/vc\/wp-content\/uploads\/2024\/06\/TL-STILL-02-1080x608.jpg 1080w, https:\/\/dev.antudigital.cl\/sites\/vc\/wp-content\/uploads\/2024\/06\/TL-STILL-02-1280x720.jpg 1280w, https:\/\/dev.antudigital.cl\/sites\/vc\/wp-content\/uploads\/2024\/06\/TL-STILL-02-980x551.jpg 980w, https:\/\/dev.antudigital.cl\/sites\/vc\/wp-content\/uploads\/2024\/06\/TL-STILL-02-480x270.jpg 480w, https:\/\/dev.antudigital.cl\/sites\/vc\/wp-content\/uploads\/2024\/06\/TL-STILL-02-24x14.jpg 24w, https:\/\/dev.antudigital.cl\/sites\/vc\/wp-content\/uploads\/2024\/06\/TL-STILL-02-36x20.jpg 36w, https:\/\/dev.antudigital.cl\/sites\/vc\/wp-content\/uploads\/2024\/06\/TL-STILL-02-48x27.jpg 48w\" sizes=\"(max-width: 1024px) 100vw, 1024px\" \/><\/figure>\n\n\n\n<p>Asimismo, enfatiz\u00f3 que \u201ces esta libertad de crear la que los ha llevado a distintos proyectos que en otros contextos no podr\u00edan llegar a la pantalla del cine. Su pel\u00edcula \u201cLa flor\u201d, por ejemplo, dura 14 horas. Filmada a lo largo de una d\u00e9cada y estrenada en el BAFICI en tres partes durante tres d\u00edas seguidos en una experiencia cin\u00e9fila \u00fanica que arras\u00f3 con espectadores, cr\u00edticos y jurado al llevarse el premio a mejor pel\u00edcula de la Competencia Internacional. Despu\u00e9s de m\u00e1s de una docena de obras en su haber, se sigue reivindicando en su forma pol\u00edtica, \u00e9tica y est\u00e9tica de hacer cine\u201d.<\/p>\n\n\n\n<p>\u201cTrenque lauquen\u201d, la nueva pel\u00edcula de El Pampero Cine, se proyectar\u00e1 en INSOMNIA los d\u00edas 1 y 8 de junio a las 17:00. Las entradas, en sus dos modalidades $3500 y $5000, estar\u00e1n disponibles para la venta presencial en boleter\u00eda.<\/p>\n","protected":false},"excerpt":{"rendered":"<p>Alabada por la cr\u00edtica, Laura Citarella nos estremece con su nuevo estreno Treque Lauquen de la mano de la productora El Pampero Cine. Se trata de una pel\u00edcula de drama e intriga, en donde las historias se entrecruzan abriendo nuevos hilos narrativos que van sumergiendo al espectador cada vez m\u00e1s profundo. La pel\u00edcula cuenta con [&hellip;]<\/p>\n","protected":false},"author":1,"featured_media":19249,"comment_status":"closed","ping_status":"closed","sticky":false,"template":"","format":"standard","meta":{"_acf_changed":false,"footnotes":""},"categories":[8],"tags":[],"class_list":["post-19246","post","type-post","status-publish","format-standard","has-post-thumbnail","hentry","category-noticia"],"acf":[],"yoast_head":"<!-- This site is optimized with the Yoast SEO plugin v27.1.1 - https:\/\/yoast.com\/product\/yoast-seo-wordpress\/ -->\n<title>Trenque Launquen: el evento cinematogr\u00e1fico del cine argentino y se estrena en INSOMNIA - Valpara\u00ed\u00adso Creativo<\/title>\n<meta name=\"robots\" content=\"index, follow, max-snippet:-1, max-image-preview:large, max-video-preview:-1\" \/>\n<link rel=\"canonical\" href=\"https:\/\/dev.antudigital.cl\/sites\/vc\/trenque-launquen-el-evento-cinematografico-del-cine-argentino-y-se-estrena-en-insomnia\/\" \/>\n<meta property=\"og:locale\" content=\"es_ES\" \/>\n<meta property=\"og:type\" content=\"article\" \/>\n<meta property=\"og:title\" content=\"Trenque Launquen: el evento cinematogr\u00e1fico del cine argentino y se estrena en INSOMNIA - Valpara\u00ed\u00adso Creativo\" \/>\n<meta property=\"og:description\" content=\"Alabada por la cr\u00edtica, Laura Citarella nos estremece con su nuevo estreno Treque Lauquen de la mano de la productora El Pampero Cine. Se trata de una pel\u00edcula de drama e intriga, en donde las historias se entrecruzan abriendo nuevos hilos narrativos que van sumergiendo al espectador cada vez m\u00e1s profundo. La pel\u00edcula cuenta con [&hellip;]\" \/>\n<meta property=\"og:url\" content=\"https:\/\/dev.antudigital.cl\/sites\/vc\/trenque-launquen-el-evento-cinematografico-del-cine-argentino-y-se-estrena-en-insomnia\/\" \/>\n<meta property=\"og:site_name\" content=\"Valpara\u00ed\u00adso Creativo\" \/>\n<meta property=\"article:published_time\" content=\"2024-06-03T13:42:24+00:00\" \/>\n<meta property=\"article:modified_time\" content=\"2024-06-03T13:42:41+00:00\" \/>\n<meta property=\"og:image\" content=\"https:\/\/dev.antudigital.cl\/sites\/vc\/wp-content\/uploads\/2024\/06\/TL-STILL-05-1.jpg\" \/>\n\t<meta property=\"og:image:width\" content=\"2362\" \/>\n\t<meta property=\"og:image:height\" content=\"1329\" \/>\n\t<meta property=\"og:image:type\" content=\"image\/jpeg\" \/>\n<meta name=\"author\" content=\"Valpara\u00edso Creativo\" \/>\n<meta name=\"twitter:card\" content=\"summary_large_image\" \/>\n<meta name=\"twitter:label1\" content=\"Escrito por\" \/>\n\t<meta name=\"twitter:data1\" content=\"Valpara\u00edso Creativo\" \/>\n\t<meta name=\"twitter:label2\" content=\"Tiempo de lectura\" \/>\n\t<meta name=\"twitter:data2\" content=\"5 minutos\" \/>\n<script type=\"application\/ld+json\" class=\"yoast-schema-graph\">{\"@context\":\"https:\/\/schema.org\",\"@graph\":[{\"@type\":\"Article\",\"@id\":\"https:\/\/dev.antudigital.cl\/sites\/vc\/trenque-launquen-el-evento-cinematografico-del-cine-argentino-y-se-estrena-en-insomnia\/#article\",\"isPartOf\":{\"@id\":\"https:\/\/dev.antudigital.cl\/sites\/vc\/trenque-launquen-el-evento-cinematografico-del-cine-argentino-y-se-estrena-en-insomnia\/\"},\"author\":{\"name\":\"Valpara\u00edso Creativo\",\"@id\":\"https:\/\/dev.antudigital.cl\/sites\/vc\/#\/schema\/person\/c2b9da8dd545e27166fc5ab232837318\"},\"headline\":\"Trenque Launquen: el evento cinematogr\u00e1fico del cine argentino y se estrena en INSOMNIA\",\"datePublished\":\"2024-06-03T13:42:24+00:00\",\"dateModified\":\"2024-06-03T13:42:41+00:00\",\"mainEntityOfPage\":{\"@id\":\"https:\/\/dev.antudigital.cl\/sites\/vc\/trenque-launquen-el-evento-cinematografico-del-cine-argentino-y-se-estrena-en-insomnia\/\"},\"wordCount\":834,\"image\":{\"@id\":\"https:\/\/dev.antudigital.cl\/sites\/vc\/trenque-launquen-el-evento-cinematografico-del-cine-argentino-y-se-estrena-en-insomnia\/#primaryimage\"},\"thumbnailUrl\":\"https:\/\/dev.antudigital.cl\/sites\/vc\/wp-content\/uploads\/2024\/06\/TL-STILL-05-1.jpg\",\"articleSection\":[\"Noticia\"],\"inLanguage\":\"es\"},{\"@type\":\"WebPage\",\"@id\":\"https:\/\/dev.antudigital.cl\/sites\/vc\/trenque-launquen-el-evento-cinematografico-del-cine-argentino-y-se-estrena-en-insomnia\/\",\"url\":\"https:\/\/dev.antudigital.cl\/sites\/vc\/trenque-launquen-el-evento-cinematografico-del-cine-argentino-y-se-estrena-en-insomnia\/\",\"name\":\"Trenque Launquen: el evento cinematogr\u00e1fico del cine argentino y se estrena en INSOMNIA - Valpara\u00ed\u00adso Creativo\",\"isPartOf\":{\"@id\":\"https:\/\/dev.antudigital.cl\/sites\/vc\/#website\"},\"primaryImageOfPage\":{\"@id\":\"https:\/\/dev.antudigital.cl\/sites\/vc\/trenque-launquen-el-evento-cinematografico-del-cine-argentino-y-se-estrena-en-insomnia\/#primaryimage\"},\"image\":{\"@id\":\"https:\/\/dev.antudigital.cl\/sites\/vc\/trenque-launquen-el-evento-cinematografico-del-cine-argentino-y-se-estrena-en-insomnia\/#primaryimage\"},\"thumbnailUrl\":\"https:\/\/dev.antudigital.cl\/sites\/vc\/wp-content\/uploads\/2024\/06\/TL-STILL-05-1.jpg\",\"datePublished\":\"2024-06-03T13:42:24+00:00\",\"dateModified\":\"2024-06-03T13:42:41+00:00\",\"author\":{\"@id\":\"https:\/\/dev.antudigital.cl\/sites\/vc\/#\/schema\/person\/c2b9da8dd545e27166fc5ab232837318\"},\"breadcrumb\":{\"@id\":\"https:\/\/dev.antudigital.cl\/sites\/vc\/trenque-launquen-el-evento-cinematografico-del-cine-argentino-y-se-estrena-en-insomnia\/#breadcrumb\"},\"inLanguage\":\"es\",\"potentialAction\":[{\"@type\":\"ReadAction\",\"target\":[\"https:\/\/dev.antudigital.cl\/sites\/vc\/trenque-launquen-el-evento-cinematografico-del-cine-argentino-y-se-estrena-en-insomnia\/\"]}]},{\"@type\":\"ImageObject\",\"inLanguage\":\"es\",\"@id\":\"https:\/\/dev.antudigital.cl\/sites\/vc\/trenque-launquen-el-evento-cinematografico-del-cine-argentino-y-se-estrena-en-insomnia\/#primaryimage\",\"url\":\"https:\/\/dev.antudigital.cl\/sites\/vc\/wp-content\/uploads\/2024\/06\/TL-STILL-05-1.jpg\",\"contentUrl\":\"https:\/\/dev.antudigital.cl\/sites\/vc\/wp-content\/uploads\/2024\/06\/TL-STILL-05-1.jpg\",\"width\":2362,\"height\":1329},{\"@type\":\"BreadcrumbList\",\"@id\":\"https:\/\/dev.antudigital.cl\/sites\/vc\/trenque-launquen-el-evento-cinematografico-del-cine-argentino-y-se-estrena-en-insomnia\/#breadcrumb\",\"itemListElement\":[{\"@type\":\"ListItem\",\"position\":1,\"name\":\"Home\",\"item\":\"https:\/\/dev.antudigital.cl\/sites\/vc\/\"},{\"@type\":\"ListItem\",\"position\":2,\"name\":\"Trenque Launquen: el evento cinematogr\u00e1fico del cine argentino y se estrena en INSOMNIA\"}]},{\"@type\":\"WebSite\",\"@id\":\"https:\/\/dev.antudigital.cl\/sites\/vc\/#website\",\"url\":\"https:\/\/dev.antudigital.cl\/sites\/vc\/\",\"name\":\"Valpara\u00ed\u00adso Creativo\",\"description\":\"\",\"potentialAction\":[{\"@type\":\"SearchAction\",\"target\":{\"@type\":\"EntryPoint\",\"urlTemplate\":\"https:\/\/dev.antudigital.cl\/sites\/vc\/?s={search_term_string}\"},\"query-input\":{\"@type\":\"PropertyValueSpecification\",\"valueRequired\":true,\"valueName\":\"search_term_string\"}}],\"inLanguage\":\"es\"},{\"@type\":\"Person\",\"@id\":\"https:\/\/dev.antudigital.cl\/sites\/vc\/#\/schema\/person\/c2b9da8dd545e27166fc5ab232837318\",\"name\":\"Valpara\u00edso Creativo\",\"description\":\"Periodista de cultura en la Regi\u00f3n de Valpara\u00edso.\",\"url\":\"https:\/\/dev.antudigital.cl\/sites\/vc\/author\/valpoadmin\/\"}]}<\/script>\n<!-- \/ Yoast SEO plugin. -->","yoast_head_json":{"title":"Trenque Launquen: el evento cinematogr\u00e1fico del cine argentino y se estrena en INSOMNIA - Valpara\u00ed\u00adso Creativo","robots":{"index":"index","follow":"follow","max-snippet":"max-snippet:-1","max-image-preview":"max-image-preview:large","max-video-preview":"max-video-preview:-1"},"canonical":"https:\/\/dev.antudigital.cl\/sites\/vc\/trenque-launquen-el-evento-cinematografico-del-cine-argentino-y-se-estrena-en-insomnia\/","og_locale":"es_ES","og_type":"article","og_title":"Trenque Launquen: el evento cinematogr\u00e1fico del cine argentino y se estrena en INSOMNIA - Valpara\u00ed\u00adso Creativo","og_description":"Alabada por la cr\u00edtica, Laura Citarella nos estremece con su nuevo estreno Treque Lauquen de la mano de la productora El Pampero Cine. Se trata de una pel\u00edcula de drama e intriga, en donde las historias se entrecruzan abriendo nuevos hilos narrativos que van sumergiendo al espectador cada vez m\u00e1s profundo. La pel\u00edcula cuenta con [&hellip;]","og_url":"https:\/\/dev.antudigital.cl\/sites\/vc\/trenque-launquen-el-evento-cinematografico-del-cine-argentino-y-se-estrena-en-insomnia\/","og_site_name":"Valpara\u00ed\u00adso Creativo","article_published_time":"2024-06-03T13:42:24+00:00","article_modified_time":"2024-06-03T13:42:41+00:00","og_image":[{"width":2362,"height":1329,"url":"https:\/\/dev.antudigital.cl\/sites\/vc\/wp-content\/uploads\/2024\/06\/TL-STILL-05-1.jpg","type":"image\/jpeg"}],"author":"Valpara\u00edso Creativo","twitter_card":"summary_large_image","twitter_misc":{"Escrito por":"Valpara\u00edso Creativo","Tiempo de lectura":"5 minutos"},"schema":{"@context":"https:\/\/schema.org","@graph":[{"@type":"Article","@id":"https:\/\/dev.antudigital.cl\/sites\/vc\/trenque-launquen-el-evento-cinematografico-del-cine-argentino-y-se-estrena-en-insomnia\/#article","isPartOf":{"@id":"https:\/\/dev.antudigital.cl\/sites\/vc\/trenque-launquen-el-evento-cinematografico-del-cine-argentino-y-se-estrena-en-insomnia\/"},"author":{"name":"Valpara\u00edso Creativo","@id":"https:\/\/dev.antudigital.cl\/sites\/vc\/#\/schema\/person\/c2b9da8dd545e27166fc5ab232837318"},"headline":"Trenque Launquen: el evento cinematogr\u00e1fico del cine argentino y se estrena en INSOMNIA","datePublished":"2024-06-03T13:42:24+00:00","dateModified":"2024-06-03T13:42:41+00:00","mainEntityOfPage":{"@id":"https:\/\/dev.antudigital.cl\/sites\/vc\/trenque-launquen-el-evento-cinematografico-del-cine-argentino-y-se-estrena-en-insomnia\/"},"wordCount":834,"image":{"@id":"https:\/\/dev.antudigital.cl\/sites\/vc\/trenque-launquen-el-evento-cinematografico-del-cine-argentino-y-se-estrena-en-insomnia\/#primaryimage"},"thumbnailUrl":"https:\/\/dev.antudigital.cl\/sites\/vc\/wp-content\/uploads\/2024\/06\/TL-STILL-05-1.jpg","articleSection":["Noticia"],"inLanguage":"es"},{"@type":"WebPage","@id":"https:\/\/dev.antudigital.cl\/sites\/vc\/trenque-launquen-el-evento-cinematografico-del-cine-argentino-y-se-estrena-en-insomnia\/","url":"https:\/\/dev.antudigital.cl\/sites\/vc\/trenque-launquen-el-evento-cinematografico-del-cine-argentino-y-se-estrena-en-insomnia\/","name":"Trenque Launquen: el evento cinematogr\u00e1fico del cine argentino y se estrena en INSOMNIA - Valpara\u00ed\u00adso Creativo","isPartOf":{"@id":"https:\/\/dev.antudigital.cl\/sites\/vc\/#website"},"primaryImageOfPage":{"@id":"https:\/\/dev.antudigital.cl\/sites\/vc\/trenque-launquen-el-evento-cinematografico-del-cine-argentino-y-se-estrena-en-insomnia\/#primaryimage"},"image":{"@id":"https:\/\/dev.antudigital.cl\/sites\/vc\/trenque-launquen-el-evento-cinematografico-del-cine-argentino-y-se-estrena-en-insomnia\/#primaryimage"},"thumbnailUrl":"https:\/\/dev.antudigital.cl\/sites\/vc\/wp-content\/uploads\/2024\/06\/TL-STILL-05-1.jpg","datePublished":"2024-06-03T13:42:24+00:00","dateModified":"2024-06-03T13:42:41+00:00","author":{"@id":"https:\/\/dev.antudigital.cl\/sites\/vc\/#\/schema\/person\/c2b9da8dd545e27166fc5ab232837318"},"breadcrumb":{"@id":"https:\/\/dev.antudigital.cl\/sites\/vc\/trenque-launquen-el-evento-cinematografico-del-cine-argentino-y-se-estrena-en-insomnia\/#breadcrumb"},"inLanguage":"es","potentialAction":[{"@type":"ReadAction","target":["https:\/\/dev.antudigital.cl\/sites\/vc\/trenque-launquen-el-evento-cinematografico-del-cine-argentino-y-se-estrena-en-insomnia\/"]}]},{"@type":"ImageObject","inLanguage":"es","@id":"https:\/\/dev.antudigital.cl\/sites\/vc\/trenque-launquen-el-evento-cinematografico-del-cine-argentino-y-se-estrena-en-insomnia\/#primaryimage","url":"https:\/\/dev.antudigital.cl\/sites\/vc\/wp-content\/uploads\/2024\/06\/TL-STILL-05-1.jpg","contentUrl":"https:\/\/dev.antudigital.cl\/sites\/vc\/wp-content\/uploads\/2024\/06\/TL-STILL-05-1.jpg","width":2362,"height":1329},{"@type":"BreadcrumbList","@id":"https:\/\/dev.antudigital.cl\/sites\/vc\/trenque-launquen-el-evento-cinematografico-del-cine-argentino-y-se-estrena-en-insomnia\/#breadcrumb","itemListElement":[{"@type":"ListItem","position":1,"name":"Home","item":"https:\/\/dev.antudigital.cl\/sites\/vc\/"},{"@type":"ListItem","position":2,"name":"Trenque Launquen: el evento cinematogr\u00e1fico del cine argentino y se estrena en INSOMNIA"}]},{"@type":"WebSite","@id":"https:\/\/dev.antudigital.cl\/sites\/vc\/#website","url":"https:\/\/dev.antudigital.cl\/sites\/vc\/","name":"Valpara\u00ed\u00adso Creativo","description":"","potentialAction":[{"@type":"SearchAction","target":{"@type":"EntryPoint","urlTemplate":"https:\/\/dev.antudigital.cl\/sites\/vc\/?s={search_term_string}"},"query-input":{"@type":"PropertyValueSpecification","valueRequired":true,"valueName":"search_term_string"}}],"inLanguage":"es"},{"@type":"Person","@id":"https:\/\/dev.antudigital.cl\/sites\/vc\/#\/schema\/person\/c2b9da8dd545e27166fc5ab232837318","name":"Valpara\u00edso Creativo","description":"Periodista de cultura en la Regi\u00f3n de Valpara\u00edso.","url":"https:\/\/dev.antudigital.cl\/sites\/vc\/author\/valpoadmin\/"}]}},"_links":{"self":[{"href":"https:\/\/dev.antudigital.cl\/sites\/vc\/wp-json\/wp\/v2\/posts\/19246","targetHints":{"allow":["GET"]}}],"collection":[{"href":"https:\/\/dev.antudigital.cl\/sites\/vc\/wp-json\/wp\/v2\/posts"}],"about":[{"href":"https:\/\/dev.antudigital.cl\/sites\/vc\/wp-json\/wp\/v2\/types\/post"}],"author":[{"embeddable":true,"href":"https:\/\/dev.antudigital.cl\/sites\/vc\/wp-json\/wp\/v2\/users\/1"}],"replies":[{"embeddable":true,"href":"https:\/\/dev.antudigital.cl\/sites\/vc\/wp-json\/wp\/v2\/comments?post=19246"}],"version-history":[{"count":1,"href":"https:\/\/dev.antudigital.cl\/sites\/vc\/wp-json\/wp\/v2\/posts\/19246\/revisions"}],"predecessor-version":[{"id":19250,"href":"https:\/\/dev.antudigital.cl\/sites\/vc\/wp-json\/wp\/v2\/posts\/19246\/revisions\/19250"}],"wp:featuredmedia":[{"embeddable":true,"href":"https:\/\/dev.antudigital.cl\/sites\/vc\/wp-json\/wp\/v2\/media\/19249"}],"wp:attachment":[{"href":"https:\/\/dev.antudigital.cl\/sites\/vc\/wp-json\/wp\/v2\/media?parent=19246"}],"wp:term":[{"taxonomy":"category","embeddable":true,"href":"https:\/\/dev.antudigital.cl\/sites\/vc\/wp-json\/wp\/v2\/categories?post=19246"},{"taxonomy":"post_tag","embeddable":true,"href":"https:\/\/dev.antudigital.cl\/sites\/vc\/wp-json\/wp\/v2\/tags?post=19246"}],"curies":[{"name":"wp","href":"https:\/\/api.w.org\/{rel}","templated":true}]}}