{"id":19252,"date":"2024-06-03T20:47:08","date_gmt":"2024-06-03T20:47:08","guid":{"rendered":"https:\/\/www.valparaisocreativo.cl\/?p=19252"},"modified":"2024-06-03T20:47:26","modified_gmt":"2024-06-03T20:47:26","slug":"sol-de-invierno-pavez-y-los-inseguros-en-el-ipa","status":"publish","type":"post","link":"https:\/\/dev.antudigital.cl\/sites\/vc\/sol-de-invierno-pavez-y-los-inseguros-en-el-ipa\/","title":{"rendered":"Sol de invierno: P\u00e1vez y los inseguros en el IPA"},"content":{"rendered":"\n<p><strong>El jueves 6 de junio se presenta SOL DE INVIERNO de Pavez y Los Inseguros<\/strong>,<strong>&nbsp;<\/strong>un concierto que pone el detalle, la memoria y la melancol\u00eda al centro. El p\u00fablico podr\u00e1 disfrutar de la m\u00fasica ejecutada por Rodrigo Mu\u00f1oz, bajista, Roberto Lillo, baterista, Pablo Mu\u00f1oz, guitarrista, y Pedro Pavez, voz y guitarra.<\/p>\n\n\n\n<p>El concierto es parte de la programaci\u00f3n del proyecto&nbsp;\u201cCONTINUIDAD DE LA PROGRAMACI\u00d3N DE LA SALA DE TEATRO DEL CENTRO CULTURAL IPA: 95 a\u00f1os de arte y cultura local\u201d, que cuenta con el financiamiento del Programa de Apoyo a Organizaciones Culturales Colaboradoras del Ministerio de las Culturas, las Artes y el Patrimonio.<\/p>\n\n\n\n<p>Aporte sugerido de $2000, $3000 o $5000. Las reservas se deben realizar a trav\u00e9s de&nbsp;<a href=\"https:\/\/www.passline.com\/eventos\/pavez-y-los-inseguros-en-concierto-sol-de-invierno\" target=\"_blank\" rel=\"noreferrer noopener\">Passline<\/a>&nbsp;o en el Instagram @salateatroipa.<\/p>\n\n\n\n<p><strong>Pedro P\u00e1vez, de formaci\u00f3n audiovisual y m\u00fasico por convicci\u00f3n<\/strong>, se\u00f1ala: \u201cPara nosotros presentarnos en el Centro Cultural IPA es una instancia muy linda, de tocar en casa, fuera de los bares, con una audiencia de todo rango de edades. Me motiva mucho tocar para ni\u00f1es, espero que hayan muchxs\u201d.<\/p>\n\n\n\n<p>Sobre sus canciones, comparte: \u201cToda mi obra tiene los pies en Valpara\u00edso. Es donde nac\u00ed, vivo y cr\u00edo a mi hijo. Me gusta la idea de que en mis canciones hay referencias e im\u00e1genes de los lugares en que transitamos, creo que ayuda a la identificaci\u00f3n de la gente, pero por sobre todo, me permite consolidar una mirada particular que, espero, se aleje del t\u00edpico costumbrismo con que se suele asociar a Valpara\u00edso\u201d.<\/p>\n\n\n\n<p>\u201cLes invito a compartir en un espacio hermoso, en un horario ideal. Acomp\u00e1\u00f1ennos a la presentaci\u00f3n de estas nuevas versiones de canciones que invitan a una atm\u00f3sfera m\u00e1s \u00edntima y que de seguro van a permitir borrar la l\u00ednea divisoria entre artistas y espectadores\u201d, a\u00f1ade.<\/p>\n\n\n\n<p>El proyecto \u201cCONTINUIDAD DE LA PROGRAMACI\u00d3N DE LA SALA DE TEATRO DEL CENTRO CULTURAL IPA: 95 a\u00f1os de arte y cultura local\u201d forma parte del Programa de Apoyo a Organizaciones Culturales Colaboradoras del Ministerio de las Culturas, las Artes y el Patrimonio, que busca fortalecer y dar continuidad a instituciones y organizaciones culturales de derecho privado y sin fines de lucro. Este programa adem\u00e1s es parte del Sistema de Financiamiento a Organizaciones e Infraestructura Cultural del Ministerio de las Culturas, las Artes y el Patrimonio que integra, articula y coordina de forma transversal los planes, programas y fondos orientados al fomento y apoyo de las organizaciones, de la infraestructura cultural, y de la mediaci\u00f3n art\u00edstica. Todo esto con una vocaci\u00f3n descentralizada, mecanismos participativos, y la promoci\u00f3n de la creaci\u00f3n de redes y asociaciones.<\/p>\n","protected":false},"excerpt":{"rendered":"<p>El jueves 6 de junio se presenta SOL DE INVIERNO de Pavez y Los Inseguros,&nbsp;un concierto que pone el detalle, la memoria y la melancol\u00eda al centro. El p\u00fablico podr\u00e1 disfrutar de la m\u00fasica ejecutada por Rodrigo Mu\u00f1oz, bajista, Roberto Lillo, baterista, Pablo Mu\u00f1oz, guitarrista, y Pedro Pavez, voz y guitarra. El concierto es parte [&hellip;]<\/p>\n","protected":false},"author":1,"featured_media":19253,"comment_status":"closed","ping_status":"closed","sticky":false,"template":"","format":"standard","meta":{"_acf_changed":false,"footnotes":""},"categories":[8],"tags":[],"class_list":["post-19252","post","type-post","status-publish","format-standard","has-post-thumbnail","hentry","category-noticia"],"acf":[],"yoast_head":"<!-- This site is optimized with the Yoast SEO plugin v27.1.1 - https:\/\/yoast.com\/product\/yoast-seo-wordpress\/ -->\n<title>Sol de invierno: P\u00e1vez y los inseguros en el IPA - Valpara\u00ed\u00adso Creativo<\/title>\n<meta name=\"robots\" content=\"index, follow, max-snippet:-1, max-image-preview:large, max-video-preview:-1\" \/>\n<link rel=\"canonical\" href=\"https:\/\/dev.antudigital.cl\/sites\/vc\/sol-de-invierno-pavez-y-los-inseguros-en-el-ipa\/\" \/>\n<meta property=\"og:locale\" content=\"es_ES\" \/>\n<meta property=\"og:type\" content=\"article\" \/>\n<meta property=\"og:title\" content=\"Sol de invierno: P\u00e1vez y los inseguros en el IPA - Valpara\u00ed\u00adso Creativo\" \/>\n<meta property=\"og:description\" content=\"El jueves 6 de junio se presenta SOL DE INVIERNO de Pavez y Los Inseguros,&nbsp;un concierto que pone el detalle, la memoria y la melancol\u00eda al centro. El p\u00fablico podr\u00e1 disfrutar de la m\u00fasica ejecutada por Rodrigo Mu\u00f1oz, bajista, Roberto Lillo, baterista, Pablo Mu\u00f1oz, guitarrista, y Pedro Pavez, voz y guitarra. El concierto es parte [&hellip;]\" \/>\n<meta property=\"og:url\" content=\"https:\/\/dev.antudigital.cl\/sites\/vc\/sol-de-invierno-pavez-y-los-inseguros-en-el-ipa\/\" \/>\n<meta property=\"og:site_name\" content=\"Valpara\u00ed\u00adso Creativo\" \/>\n<meta property=\"article:published_time\" content=\"2024-06-03T20:47:08+00:00\" \/>\n<meta property=\"article:modified_time\" content=\"2024-06-03T20:47:26+00:00\" \/>\n<meta property=\"og:image\" content=\"https:\/\/dev.antudigital.cl\/sites\/vc\/wp-content\/uploads\/2024\/06\/correccion-1-31.jpg\" \/>\n\t<meta property=\"og:image:width\" content=\"1024\" \/>\n\t<meta property=\"og:image:height\" content=\"768\" \/>\n\t<meta property=\"og:image:type\" content=\"image\/jpeg\" \/>\n<meta name=\"author\" content=\"Valpara\u00edso Creativo\" \/>\n<meta name=\"twitter:card\" content=\"summary_large_image\" \/>\n<meta name=\"twitter:label1\" content=\"Escrito por\" \/>\n\t<meta name=\"twitter:data1\" content=\"Valpara\u00edso Creativo\" \/>\n\t<meta name=\"twitter:label2\" content=\"Tiempo de lectura\" \/>\n\t<meta name=\"twitter:data2\" content=\"3 minutos\" \/>\n<script type=\"application\/ld+json\" class=\"yoast-schema-graph\">{\"@context\":\"https:\/\/schema.org\",\"@graph\":[{\"@type\":\"Article\",\"@id\":\"https:\/\/dev.antudigital.cl\/sites\/vc\/sol-de-invierno-pavez-y-los-inseguros-en-el-ipa\/#article\",\"isPartOf\":{\"@id\":\"https:\/\/dev.antudigital.cl\/sites\/vc\/sol-de-invierno-pavez-y-los-inseguros-en-el-ipa\/\"},\"author\":{\"name\":\"Valpara\u00edso Creativo\",\"@id\":\"https:\/\/dev.antudigital.cl\/sites\/vc\/#\/schema\/person\/c2b9da8dd545e27166fc5ab232837318\"},\"headline\":\"Sol de invierno: P\u00e1vez y los inseguros en el IPA\",\"datePublished\":\"2024-06-03T20:47:08+00:00\",\"dateModified\":\"2024-06-03T20:47:26+00:00\",\"mainEntityOfPage\":{\"@id\":\"https:\/\/dev.antudigital.cl\/sites\/vc\/sol-de-invierno-pavez-y-los-inseguros-en-el-ipa\/\"},\"wordCount\":469,\"image\":{\"@id\":\"https:\/\/dev.antudigital.cl\/sites\/vc\/sol-de-invierno-pavez-y-los-inseguros-en-el-ipa\/#primaryimage\"},\"thumbnailUrl\":\"https:\/\/dev.antudigital.cl\/sites\/vc\/wp-content\/uploads\/2024\/06\/correccion-1-31.jpg\",\"articleSection\":[\"Noticia\"],\"inLanguage\":\"es\"},{\"@type\":\"WebPage\",\"@id\":\"https:\/\/dev.antudigital.cl\/sites\/vc\/sol-de-invierno-pavez-y-los-inseguros-en-el-ipa\/\",\"url\":\"https:\/\/dev.antudigital.cl\/sites\/vc\/sol-de-invierno-pavez-y-los-inseguros-en-el-ipa\/\",\"name\":\"Sol de invierno: P\u00e1vez y los inseguros en el IPA - Valpara\u00ed\u00adso Creativo\",\"isPartOf\":{\"@id\":\"https:\/\/dev.antudigital.cl\/sites\/vc\/#website\"},\"primaryImageOfPage\":{\"@id\":\"https:\/\/dev.antudigital.cl\/sites\/vc\/sol-de-invierno-pavez-y-los-inseguros-en-el-ipa\/#primaryimage\"},\"image\":{\"@id\":\"https:\/\/dev.antudigital.cl\/sites\/vc\/sol-de-invierno-pavez-y-los-inseguros-en-el-ipa\/#primaryimage\"},\"thumbnailUrl\":\"https:\/\/dev.antudigital.cl\/sites\/vc\/wp-content\/uploads\/2024\/06\/correccion-1-31.jpg\",\"datePublished\":\"2024-06-03T20:47:08+00:00\",\"dateModified\":\"2024-06-03T20:47:26+00:00\",\"author\":{\"@id\":\"https:\/\/dev.antudigital.cl\/sites\/vc\/#\/schema\/person\/c2b9da8dd545e27166fc5ab232837318\"},\"breadcrumb\":{\"@id\":\"https:\/\/dev.antudigital.cl\/sites\/vc\/sol-de-invierno-pavez-y-los-inseguros-en-el-ipa\/#breadcrumb\"},\"inLanguage\":\"es\",\"potentialAction\":[{\"@type\":\"ReadAction\",\"target\":[\"https:\/\/dev.antudigital.cl\/sites\/vc\/sol-de-invierno-pavez-y-los-inseguros-en-el-ipa\/\"]}]},{\"@type\":\"ImageObject\",\"inLanguage\":\"es\",\"@id\":\"https:\/\/dev.antudigital.cl\/sites\/vc\/sol-de-invierno-pavez-y-los-inseguros-en-el-ipa\/#primaryimage\",\"url\":\"https:\/\/dev.antudigital.cl\/sites\/vc\/wp-content\/uploads\/2024\/06\/correccion-1-31.jpg\",\"contentUrl\":\"https:\/\/dev.antudigital.cl\/sites\/vc\/wp-content\/uploads\/2024\/06\/correccion-1-31.jpg\",\"width\":1024,\"height\":768},{\"@type\":\"BreadcrumbList\",\"@id\":\"https:\/\/dev.antudigital.cl\/sites\/vc\/sol-de-invierno-pavez-y-los-inseguros-en-el-ipa\/#breadcrumb\",\"itemListElement\":[{\"@type\":\"ListItem\",\"position\":1,\"name\":\"Home\",\"item\":\"https:\/\/dev.antudigital.cl\/sites\/vc\/\"},{\"@type\":\"ListItem\",\"position\":2,\"name\":\"Sol de invierno: P\u00e1vez y los inseguros en el IPA\"}]},{\"@type\":\"WebSite\",\"@id\":\"https:\/\/dev.antudigital.cl\/sites\/vc\/#website\",\"url\":\"https:\/\/dev.antudigital.cl\/sites\/vc\/\",\"name\":\"Valpara\u00ed\u00adso Creativo\",\"description\":\"\",\"potentialAction\":[{\"@type\":\"SearchAction\",\"target\":{\"@type\":\"EntryPoint\",\"urlTemplate\":\"https:\/\/dev.antudigital.cl\/sites\/vc\/?s={search_term_string}\"},\"query-input\":{\"@type\":\"PropertyValueSpecification\",\"valueRequired\":true,\"valueName\":\"search_term_string\"}}],\"inLanguage\":\"es\"},{\"@type\":\"Person\",\"@id\":\"https:\/\/dev.antudigital.cl\/sites\/vc\/#\/schema\/person\/c2b9da8dd545e27166fc5ab232837318\",\"name\":\"Valpara\u00edso Creativo\",\"description\":\"Periodista de cultura en la Regi\u00f3n de Valpara\u00edso.\",\"url\":\"https:\/\/dev.antudigital.cl\/sites\/vc\/author\/valpoadmin\/\"}]}<\/script>\n<!-- \/ Yoast SEO plugin. -->","yoast_head_json":{"title":"Sol de invierno: P\u00e1vez y los inseguros en el IPA - Valpara\u00ed\u00adso Creativo","robots":{"index":"index","follow":"follow","max-snippet":"max-snippet:-1","max-image-preview":"max-image-preview:large","max-video-preview":"max-video-preview:-1"},"canonical":"https:\/\/dev.antudigital.cl\/sites\/vc\/sol-de-invierno-pavez-y-los-inseguros-en-el-ipa\/","og_locale":"es_ES","og_type":"article","og_title":"Sol de invierno: P\u00e1vez y los inseguros en el IPA - Valpara\u00ed\u00adso Creativo","og_description":"El jueves 6 de junio se presenta SOL DE INVIERNO de Pavez y Los Inseguros,&nbsp;un concierto que pone el detalle, la memoria y la melancol\u00eda al centro. El p\u00fablico podr\u00e1 disfrutar de la m\u00fasica ejecutada por Rodrigo Mu\u00f1oz, bajista, Roberto Lillo, baterista, Pablo Mu\u00f1oz, guitarrista, y Pedro Pavez, voz y guitarra. El concierto es parte [&hellip;]","og_url":"https:\/\/dev.antudigital.cl\/sites\/vc\/sol-de-invierno-pavez-y-los-inseguros-en-el-ipa\/","og_site_name":"Valpara\u00ed\u00adso Creativo","article_published_time":"2024-06-03T20:47:08+00:00","article_modified_time":"2024-06-03T20:47:26+00:00","og_image":[{"width":1024,"height":768,"url":"https:\/\/dev.antudigital.cl\/sites\/vc\/wp-content\/uploads\/2024\/06\/correccion-1-31.jpg","type":"image\/jpeg"}],"author":"Valpara\u00edso Creativo","twitter_card":"summary_large_image","twitter_misc":{"Escrito por":"Valpara\u00edso Creativo","Tiempo de lectura":"3 minutos"},"schema":{"@context":"https:\/\/schema.org","@graph":[{"@type":"Article","@id":"https:\/\/dev.antudigital.cl\/sites\/vc\/sol-de-invierno-pavez-y-los-inseguros-en-el-ipa\/#article","isPartOf":{"@id":"https:\/\/dev.antudigital.cl\/sites\/vc\/sol-de-invierno-pavez-y-los-inseguros-en-el-ipa\/"},"author":{"name":"Valpara\u00edso Creativo","@id":"https:\/\/dev.antudigital.cl\/sites\/vc\/#\/schema\/person\/c2b9da8dd545e27166fc5ab232837318"},"headline":"Sol de invierno: P\u00e1vez y los inseguros en el IPA","datePublished":"2024-06-03T20:47:08+00:00","dateModified":"2024-06-03T20:47:26+00:00","mainEntityOfPage":{"@id":"https:\/\/dev.antudigital.cl\/sites\/vc\/sol-de-invierno-pavez-y-los-inseguros-en-el-ipa\/"},"wordCount":469,"image":{"@id":"https:\/\/dev.antudigital.cl\/sites\/vc\/sol-de-invierno-pavez-y-los-inseguros-en-el-ipa\/#primaryimage"},"thumbnailUrl":"https:\/\/dev.antudigital.cl\/sites\/vc\/wp-content\/uploads\/2024\/06\/correccion-1-31.jpg","articleSection":["Noticia"],"inLanguage":"es"},{"@type":"WebPage","@id":"https:\/\/dev.antudigital.cl\/sites\/vc\/sol-de-invierno-pavez-y-los-inseguros-en-el-ipa\/","url":"https:\/\/dev.antudigital.cl\/sites\/vc\/sol-de-invierno-pavez-y-los-inseguros-en-el-ipa\/","name":"Sol de invierno: P\u00e1vez y los inseguros en el IPA - Valpara\u00ed\u00adso Creativo","isPartOf":{"@id":"https:\/\/dev.antudigital.cl\/sites\/vc\/#website"},"primaryImageOfPage":{"@id":"https:\/\/dev.antudigital.cl\/sites\/vc\/sol-de-invierno-pavez-y-los-inseguros-en-el-ipa\/#primaryimage"},"image":{"@id":"https:\/\/dev.antudigital.cl\/sites\/vc\/sol-de-invierno-pavez-y-los-inseguros-en-el-ipa\/#primaryimage"},"thumbnailUrl":"https:\/\/dev.antudigital.cl\/sites\/vc\/wp-content\/uploads\/2024\/06\/correccion-1-31.jpg","datePublished":"2024-06-03T20:47:08+00:00","dateModified":"2024-06-03T20:47:26+00:00","author":{"@id":"https:\/\/dev.antudigital.cl\/sites\/vc\/#\/schema\/person\/c2b9da8dd545e27166fc5ab232837318"},"breadcrumb":{"@id":"https:\/\/dev.antudigital.cl\/sites\/vc\/sol-de-invierno-pavez-y-los-inseguros-en-el-ipa\/#breadcrumb"},"inLanguage":"es","potentialAction":[{"@type":"ReadAction","target":["https:\/\/dev.antudigital.cl\/sites\/vc\/sol-de-invierno-pavez-y-los-inseguros-en-el-ipa\/"]}]},{"@type":"ImageObject","inLanguage":"es","@id":"https:\/\/dev.antudigital.cl\/sites\/vc\/sol-de-invierno-pavez-y-los-inseguros-en-el-ipa\/#primaryimage","url":"https:\/\/dev.antudigital.cl\/sites\/vc\/wp-content\/uploads\/2024\/06\/correccion-1-31.jpg","contentUrl":"https:\/\/dev.antudigital.cl\/sites\/vc\/wp-content\/uploads\/2024\/06\/correccion-1-31.jpg","width":1024,"height":768},{"@type":"BreadcrumbList","@id":"https:\/\/dev.antudigital.cl\/sites\/vc\/sol-de-invierno-pavez-y-los-inseguros-en-el-ipa\/#breadcrumb","itemListElement":[{"@type":"ListItem","position":1,"name":"Home","item":"https:\/\/dev.antudigital.cl\/sites\/vc\/"},{"@type":"ListItem","position":2,"name":"Sol de invierno: P\u00e1vez y los inseguros en el IPA"}]},{"@type":"WebSite","@id":"https:\/\/dev.antudigital.cl\/sites\/vc\/#website","url":"https:\/\/dev.antudigital.cl\/sites\/vc\/","name":"Valpara\u00ed\u00adso Creativo","description":"","potentialAction":[{"@type":"SearchAction","target":{"@type":"EntryPoint","urlTemplate":"https:\/\/dev.antudigital.cl\/sites\/vc\/?s={search_term_string}"},"query-input":{"@type":"PropertyValueSpecification","valueRequired":true,"valueName":"search_term_string"}}],"inLanguage":"es"},{"@type":"Person","@id":"https:\/\/dev.antudigital.cl\/sites\/vc\/#\/schema\/person\/c2b9da8dd545e27166fc5ab232837318","name":"Valpara\u00edso Creativo","description":"Periodista de cultura en la Regi\u00f3n de Valpara\u00edso.","url":"https:\/\/dev.antudigital.cl\/sites\/vc\/author\/valpoadmin\/"}]}},"_links":{"self":[{"href":"https:\/\/dev.antudigital.cl\/sites\/vc\/wp-json\/wp\/v2\/posts\/19252","targetHints":{"allow":["GET"]}}],"collection":[{"href":"https:\/\/dev.antudigital.cl\/sites\/vc\/wp-json\/wp\/v2\/posts"}],"about":[{"href":"https:\/\/dev.antudigital.cl\/sites\/vc\/wp-json\/wp\/v2\/types\/post"}],"author":[{"embeddable":true,"href":"https:\/\/dev.antudigital.cl\/sites\/vc\/wp-json\/wp\/v2\/users\/1"}],"replies":[{"embeddable":true,"href":"https:\/\/dev.antudigital.cl\/sites\/vc\/wp-json\/wp\/v2\/comments?post=19252"}],"version-history":[{"count":1,"href":"https:\/\/dev.antudigital.cl\/sites\/vc\/wp-json\/wp\/v2\/posts\/19252\/revisions"}],"predecessor-version":[{"id":19254,"href":"https:\/\/dev.antudigital.cl\/sites\/vc\/wp-json\/wp\/v2\/posts\/19252\/revisions\/19254"}],"wp:featuredmedia":[{"embeddable":true,"href":"https:\/\/dev.antudigital.cl\/sites\/vc\/wp-json\/wp\/v2\/media\/19253"}],"wp:attachment":[{"href":"https:\/\/dev.antudigital.cl\/sites\/vc\/wp-json\/wp\/v2\/media?parent=19252"}],"wp:term":[{"taxonomy":"category","embeddable":true,"href":"https:\/\/dev.antudigital.cl\/sites\/vc\/wp-json\/wp\/v2\/categories?post=19252"},{"taxonomy":"post_tag","embeddable":true,"href":"https:\/\/dev.antudigital.cl\/sites\/vc\/wp-json\/wp\/v2\/tags?post=19252"}],"curies":[{"name":"wp","href":"https:\/\/api.w.org\/{rel}","templated":true}]}}