{"id":19255,"date":"2024-06-03T20:53:49","date_gmt":"2024-06-03T20:53:49","guid":{"rendered":"https:\/\/www.valparaisocreativo.cl\/?p=19255"},"modified":"2024-06-03T20:54:16","modified_gmt":"2024-06-03T20:54:16","slug":"mes-de-la-red-de-salas-de-cine-invita-a-funcion-especial-por-el-20-aniversario-de-machuca-en-insomnia","status":"publish","type":"post","link":"https:\/\/dev.antudigital.cl\/sites\/vc\/mes-de-la-red-de-salas-de-cine-invita-a-funcion-especial-por-el-20-aniversario-de-machuca-en-insomnia\/","title":{"rendered":"Mes de la Red de Salas de Cine invita a funci\u00f3n especial por el 20\u00b0 Aniversario de Machuca en INSOMNIA"},"content":{"rendered":"\n<p><strong>Cerca de 50 t\u00edtulos nacionales e internacionales, de distinto g\u00e9nero y formato, dar\u00e1n vida a la celebraci\u00f3n del&nbsp;<em>Mes de la Red de Salas de Cine,<\/em><\/strong>&nbsp;organizado por la Asociaci\u00f3n Gremial de Salas Independientes de Cine de Chile. Por segundo a\u00f1o consecutivo, este evento se lleva a cabo con el prop\u00f3sito de celebrar el cine en sus distintas manifestaciones y, al mismo tiempo, relevar la asistencia a las salas locales de exhibici\u00f3n, promoviendo la importancia social y cultural de estos espacios a lo largo del pa\u00eds.&nbsp;En INSOMNIA, el lanzamiento se realizar\u00e1 este martes 4 de junio a las 18:30 horas con cine foro junto al actor Ariel Mateluna, protagonista del filme.<\/p>\n\n\n\n<p>Del 1 al 30 de junio, el evento ofrecer\u00e1 exhibiciones en las 16 salas de Arica a Coyhaique que conforman la Red, a las que se han sumado otras cinco salas colaboradoras que actualmente est\u00e1n en proceso de ingreso a la asociaci\u00f3n.&nbsp;Entre los hitos de programaci\u00f3n, destacan dos cl\u00e1sicos que este a\u00f1o cumplen dos d\u00e9cadas desde su estreno en 2004: la chilena&nbsp;<em>Machuca<\/em>, dirigida por Andr\u00e9s Wood, y el largometraje uruguayo&nbsp;<em>Whisky,<\/em>&nbsp;dirigido por Juan Pablo Rebella y Pablo Stoll.<\/p>\n\n\n\n<p>\u00abNos parece significativo inaugurar este hito con una de las pel\u00edculas que mejor representa la fragmentaci\u00f3n que vivi\u00f3 nuestro pa\u00eds hace 50 a\u00f1os y que sigue marcando nuestro presente. &#8216;Machuca&#8217;, con m\u00e1s de 650 mil espectadores hasta la fecha, es sin duda una pel\u00edcula clave para mirarnos reflexivamente y continuar el di\u00e1logo sobre nuestros desaf\u00edos como sociedad. Esperamos que este regreso a las salas signifique una reactivaci\u00f3n en ese sentido\u201d, se\u00f1ala&nbsp;<strong>Daniela Fuentes Posada, coordinadora general de la Red de Salas de Cine de Chile.<\/strong><strong><\/strong><\/p>\n\n\n\n<p>La programaci\u00f3n adem\u00e1s contempla la 26\u00b0 edici\u00f3n del&nbsp;<strong>Festival de Cine Europeo<\/strong>, con filmes como&nbsp;<em>Werner Herzog: Radical Dreamer&nbsp;<\/em>(Dir. Thomas von Steinaecker), donde el propio director, acompa\u00f1ado de su entorno m\u00e1s cercano, incluida su mujer, analizan su carrera desde sus inicios en el cine; y&nbsp;<em>La quimera&nbsp;<\/em>(Dir. Alice Rohrwacher), uno de los filmes europeos m\u00e1s aclamados del \u00faltimo tiempo. Estos son solo algunos de los m\u00e1s de veinte t\u00edtulos que exhibir\u00e1 el Festival.<\/p>\n\n\n\n<p>A esto se suma la celebraci\u00f3n de&nbsp;<strong>El D\u00eda M\u00e1s Corto<\/strong>, evento convocado por la Fundaci\u00f3n VIART y el Festival Cortos en Grande que busca poner en valor el cortometraje chileno, en el marco del solsticio de invierno y la jornada m\u00e1s breve del a\u00f1o.&nbsp;Este a\u00f1o, el programa cuenta con una selecci\u00f3n de t\u00edtulos galardonados en festivales de todo el mundo, entre los que figuran&nbsp;<em>Estrellas del desierto<\/em>&nbsp;(Dir. Katherina Harder), ganadora de decenas de premios nacionales e internacionales entre los que figuran el New York Latino Film Festival y el Santiago Festival Internacional de Cine (SANFIC).<\/p>\n\n\n\n<p>\u201cEl Mes de la Red de Salas de Cine es una oportunidad para verse inmerso en distintas realidades y formatos, justamente para mostrar el potencial de co- programar con una mirada global, y celebrar nuestros triunfos locales. Es el momento de ver reflejadas en nuestras pantallas contenidos que son resultado de alianzas con festivales y muestras cinematogr\u00e1ficas tan importantes como el Festival de Cine Europeo y el D\u00eda M\u00e1s Corto. Es momento de conversar y reunirnos en torno a nuestros espacios de exhibici\u00f3n\u201d, comenta&nbsp;<strong>Leonardo Torres, presidente de la Red de Salas y representante de Insomnia &#8211; Teatro Condell en Valpara\u00edso, una de las salas asociadas.&nbsp;<\/strong><\/p>\n\n\n\n<p>Actualmente, la Red de Salas de Cine de Chile est\u00e1 compuesta por el&nbsp;Centro MB2&nbsp;en&nbsp;Arica; Esquina Retornable&nbsp;en&nbsp;Antofagasta; Sala Latente&nbsp;en&nbsp;La Serena; Insomnia Teatro Condell&nbsp;en&nbsp;Valpara\u00edso; CasaVerde&nbsp;en&nbsp;Los Andes; Sala Nemesio&nbsp;en&nbsp;Santiago; Cineteca Nacional de Chile&nbsp;en&nbsp;Santiago; Centro Arte Alameda&nbsp;en&nbsp;Santiago; Sala K&nbsp;en Maip\u00fa y&nbsp;Santiago; Centro Cultural de San Antonio&nbsp;en&nbsp;San Antonio; EXT UCM&nbsp;en&nbsp;Talca y Curic\u00f3; Cinec\u00f3n&nbsp;en&nbsp;Constituci\u00f3n;&nbsp;Cine Club UACh&nbsp;en&nbsp;Valdivia; -1Cine&nbsp;en&nbsp;Puerto Varas; Sala Mafalda Mora &#8211;&nbsp;Casa del Arte&nbsp;Diego Rivera&nbsp;en&nbsp;Puerto Montt; Centro Cultural de Coyhaique&nbsp;en&nbsp;Coyhaique. Adem\u00e1s de 5 salas colaboradoras: Cine CCC&nbsp;en&nbsp;Santiago; Centro Cultural Municipal de Chill\u00e1n&nbsp;en&nbsp;Chill\u00e1n; Teatro Municipal San Fernando&nbsp;en&nbsp;San Fernando; Sala de Cine UC&nbsp;en&nbsp;Santiago; y Sala de Cine \u00d1u\u00f1oa&nbsp;en&nbsp;\u00d1u\u00f1oa.<\/p>\n\n\n\n<p>El 2\u00b0 Mes de la Red de Salas de Cine es&nbsp;financiado a trav\u00e9s del Programa de Apoyo a Organizaciones Culturales Colaboradoras, Convocatoria 2023, del Ministerio de las Culturas, las Artes y el Patrimonio.&nbsp;<\/p>\n\n\n\n<p>La programaci\u00f3n completa estar\u00e1 prontamente disponible en&nbsp;<a href=\"http:\/\/www.redsalasdecine.cl\/\" target=\"_blank\" rel=\"noreferrer noopener\">www.redsalasdecine.cl<\/a>&nbsp;&nbsp;&nbsp;<\/p>\n\n\n\n<p>Consultas a&nbsp;<a href=\"mailto:contacto@redsalasdecine.cl\" target=\"_blank\" rel=\"noreferrer noopener\">contacto@redsalasdecine.cl<\/a><\/p>\n","protected":false},"excerpt":{"rendered":"<p>Cerca de 50 t\u00edtulos nacionales e internacionales, de distinto g\u00e9nero y formato, dar\u00e1n vida a la celebraci\u00f3n del&nbsp;Mes de la Red de Salas de Cine,&nbsp;organizado por la Asociaci\u00f3n Gremial de Salas Independientes de Cine de Chile. Por segundo a\u00f1o consecutivo, este evento se lleva a cabo con el prop\u00f3sito de celebrar el cine en sus [&hellip;]<\/p>\n","protected":false},"author":1,"featured_media":19256,"comment_status":"closed","ping_status":"closed","sticky":false,"template":"","format":"standard","meta":{"_acf_changed":false,"footnotes":""},"categories":[8],"tags":[],"class_list":["post-19255","post","type-post","status-publish","format-standard","has-post-thumbnail","hentry","category-noticia"],"acf":[],"yoast_head":"<!-- This site is optimized with the Yoast SEO plugin v27.1.1 - https:\/\/yoast.com\/product\/yoast-seo-wordpress\/ -->\n<title>Mes de la Red de Salas de Cine invita a funci\u00f3n especial por el 20\u00b0 Aniversario de Machuca en INSOMNIA - Valpara\u00ed\u00adso Creativo<\/title>\n<meta name=\"robots\" content=\"index, follow, max-snippet:-1, max-image-preview:large, max-video-preview:-1\" \/>\n<link rel=\"canonical\" href=\"https:\/\/dev.antudigital.cl\/sites\/vc\/mes-de-la-red-de-salas-de-cine-invita-a-funcion-especial-por-el-20-aniversario-de-machuca-en-insomnia\/\" \/>\n<meta property=\"og:locale\" content=\"es_ES\" \/>\n<meta property=\"og:type\" content=\"article\" \/>\n<meta property=\"og:title\" content=\"Mes de la Red de Salas de Cine invita a funci\u00f3n especial por el 20\u00b0 Aniversario de Machuca en INSOMNIA - Valpara\u00ed\u00adso Creativo\" \/>\n<meta property=\"og:description\" content=\"Cerca de 50 t\u00edtulos nacionales e internacionales, de distinto g\u00e9nero y formato, dar\u00e1n vida a la celebraci\u00f3n del&nbsp;Mes de la Red de Salas de Cine,&nbsp;organizado por la Asociaci\u00f3n Gremial de Salas Independientes de Cine de Chile. Por segundo a\u00f1o consecutivo, este evento se lleva a cabo con el prop\u00f3sito de celebrar el cine en sus [&hellip;]\" \/>\n<meta property=\"og:url\" content=\"https:\/\/dev.antudigital.cl\/sites\/vc\/mes-de-la-red-de-salas-de-cine-invita-a-funcion-especial-por-el-20-aniversario-de-machuca-en-insomnia\/\" \/>\n<meta property=\"og:site_name\" content=\"Valpara\u00ed\u00adso Creativo\" \/>\n<meta property=\"article:published_time\" content=\"2024-06-03T20:53:49+00:00\" \/>\n<meta property=\"article:modified_time\" content=\"2024-06-03T20:54:16+00:00\" \/>\n<meta property=\"og:image\" content=\"https:\/\/dev.antudigital.cl\/sites\/vc\/wp-content\/uploads\/2024\/06\/Machuca-2.jpeg\" \/>\n\t<meta property=\"og:image:width\" content=\"1600\" \/>\n\t<meta property=\"og:image:height\" content=\"840\" \/>\n\t<meta property=\"og:image:type\" content=\"image\/jpeg\" \/>\n<meta name=\"author\" content=\"Valpara\u00edso Creativo\" \/>\n<meta name=\"twitter:card\" content=\"summary_large_image\" \/>\n<meta name=\"twitter:label1\" content=\"Escrito por\" \/>\n\t<meta name=\"twitter:data1\" content=\"Valpara\u00edso Creativo\" \/>\n\t<meta name=\"twitter:label2\" content=\"Tiempo de lectura\" \/>\n\t<meta name=\"twitter:data2\" content=\"4 minutos\" \/>\n<script type=\"application\/ld+json\" class=\"yoast-schema-graph\">{\"@context\":\"https:\/\/schema.org\",\"@graph\":[{\"@type\":\"Article\",\"@id\":\"https:\/\/dev.antudigital.cl\/sites\/vc\/mes-de-la-red-de-salas-de-cine-invita-a-funcion-especial-por-el-20-aniversario-de-machuca-en-insomnia\/#article\",\"isPartOf\":{\"@id\":\"https:\/\/dev.antudigital.cl\/sites\/vc\/mes-de-la-red-de-salas-de-cine-invita-a-funcion-especial-por-el-20-aniversario-de-machuca-en-insomnia\/\"},\"author\":{\"name\":\"Valpara\u00edso Creativo\",\"@id\":\"https:\/\/dev.antudigital.cl\/sites\/vc\/#\/schema\/person\/c2b9da8dd545e27166fc5ab232837318\"},\"headline\":\"Mes de la Red de Salas de Cine invita a funci\u00f3n especial por el 20\u00b0 Aniversario de Machuca en INSOMNIA\",\"datePublished\":\"2024-06-03T20:53:49+00:00\",\"dateModified\":\"2024-06-03T20:54:16+00:00\",\"mainEntityOfPage\":{\"@id\":\"https:\/\/dev.antudigital.cl\/sites\/vc\/mes-de-la-red-de-salas-de-cine-invita-a-funcion-especial-por-el-20-aniversario-de-machuca-en-insomnia\/\"},\"wordCount\":880,\"image\":{\"@id\":\"https:\/\/dev.antudigital.cl\/sites\/vc\/mes-de-la-red-de-salas-de-cine-invita-a-funcion-especial-por-el-20-aniversario-de-machuca-en-insomnia\/#primaryimage\"},\"thumbnailUrl\":\"https:\/\/dev.antudigital.cl\/sites\/vc\/wp-content\/uploads\/2024\/06\/Machuca-2.jpeg\",\"articleSection\":[\"Noticia\"],\"inLanguage\":\"es\"},{\"@type\":\"WebPage\",\"@id\":\"https:\/\/dev.antudigital.cl\/sites\/vc\/mes-de-la-red-de-salas-de-cine-invita-a-funcion-especial-por-el-20-aniversario-de-machuca-en-insomnia\/\",\"url\":\"https:\/\/dev.antudigital.cl\/sites\/vc\/mes-de-la-red-de-salas-de-cine-invita-a-funcion-especial-por-el-20-aniversario-de-machuca-en-insomnia\/\",\"name\":\"Mes de la Red de Salas de Cine invita a funci\u00f3n especial por el 20\u00b0 Aniversario de Machuca en INSOMNIA - Valpara\u00ed\u00adso Creativo\",\"isPartOf\":{\"@id\":\"https:\/\/dev.antudigital.cl\/sites\/vc\/#website\"},\"primaryImageOfPage\":{\"@id\":\"https:\/\/dev.antudigital.cl\/sites\/vc\/mes-de-la-red-de-salas-de-cine-invita-a-funcion-especial-por-el-20-aniversario-de-machuca-en-insomnia\/#primaryimage\"},\"image\":{\"@id\":\"https:\/\/dev.antudigital.cl\/sites\/vc\/mes-de-la-red-de-salas-de-cine-invita-a-funcion-especial-por-el-20-aniversario-de-machuca-en-insomnia\/#primaryimage\"},\"thumbnailUrl\":\"https:\/\/dev.antudigital.cl\/sites\/vc\/wp-content\/uploads\/2024\/06\/Machuca-2.jpeg\",\"datePublished\":\"2024-06-03T20:53:49+00:00\",\"dateModified\":\"2024-06-03T20:54:16+00:00\",\"author\":{\"@id\":\"https:\/\/dev.antudigital.cl\/sites\/vc\/#\/schema\/person\/c2b9da8dd545e27166fc5ab232837318\"},\"breadcrumb\":{\"@id\":\"https:\/\/dev.antudigital.cl\/sites\/vc\/mes-de-la-red-de-salas-de-cine-invita-a-funcion-especial-por-el-20-aniversario-de-machuca-en-insomnia\/#breadcrumb\"},\"inLanguage\":\"es\",\"potentialAction\":[{\"@type\":\"ReadAction\",\"target\":[\"https:\/\/dev.antudigital.cl\/sites\/vc\/mes-de-la-red-de-salas-de-cine-invita-a-funcion-especial-por-el-20-aniversario-de-machuca-en-insomnia\/\"]}]},{\"@type\":\"ImageObject\",\"inLanguage\":\"es\",\"@id\":\"https:\/\/dev.antudigital.cl\/sites\/vc\/mes-de-la-red-de-salas-de-cine-invita-a-funcion-especial-por-el-20-aniversario-de-machuca-en-insomnia\/#primaryimage\",\"url\":\"https:\/\/dev.antudigital.cl\/sites\/vc\/wp-content\/uploads\/2024\/06\/Machuca-2.jpeg\",\"contentUrl\":\"https:\/\/dev.antudigital.cl\/sites\/vc\/wp-content\/uploads\/2024\/06\/Machuca-2.jpeg\",\"width\":1600,\"height\":840},{\"@type\":\"BreadcrumbList\",\"@id\":\"https:\/\/dev.antudigital.cl\/sites\/vc\/mes-de-la-red-de-salas-de-cine-invita-a-funcion-especial-por-el-20-aniversario-de-machuca-en-insomnia\/#breadcrumb\",\"itemListElement\":[{\"@type\":\"ListItem\",\"position\":1,\"name\":\"Home\",\"item\":\"https:\/\/dev.antudigital.cl\/sites\/vc\/\"},{\"@type\":\"ListItem\",\"position\":2,\"name\":\"Mes de la Red de Salas de Cine invita a funci\u00f3n especial por el 20\u00b0 Aniversario de Machuca en INSOMNIA\"}]},{\"@type\":\"WebSite\",\"@id\":\"https:\/\/dev.antudigital.cl\/sites\/vc\/#website\",\"url\":\"https:\/\/dev.antudigital.cl\/sites\/vc\/\",\"name\":\"Valpara\u00ed\u00adso Creativo\",\"description\":\"\",\"potentialAction\":[{\"@type\":\"SearchAction\",\"target\":{\"@type\":\"EntryPoint\",\"urlTemplate\":\"https:\/\/dev.antudigital.cl\/sites\/vc\/?s={search_term_string}\"},\"query-input\":{\"@type\":\"PropertyValueSpecification\",\"valueRequired\":true,\"valueName\":\"search_term_string\"}}],\"inLanguage\":\"es\"},{\"@type\":\"Person\",\"@id\":\"https:\/\/dev.antudigital.cl\/sites\/vc\/#\/schema\/person\/c2b9da8dd545e27166fc5ab232837318\",\"name\":\"Valpara\u00edso Creativo\",\"description\":\"Periodista de cultura en la Regi\u00f3n de Valpara\u00edso.\",\"url\":\"https:\/\/dev.antudigital.cl\/sites\/vc\/author\/valpoadmin\/\"}]}<\/script>\n<!-- \/ Yoast SEO plugin. -->","yoast_head_json":{"title":"Mes de la Red de Salas de Cine invita a funci\u00f3n especial por el 20\u00b0 Aniversario de Machuca en INSOMNIA - Valpara\u00ed\u00adso Creativo","robots":{"index":"index","follow":"follow","max-snippet":"max-snippet:-1","max-image-preview":"max-image-preview:large","max-video-preview":"max-video-preview:-1"},"canonical":"https:\/\/dev.antudigital.cl\/sites\/vc\/mes-de-la-red-de-salas-de-cine-invita-a-funcion-especial-por-el-20-aniversario-de-machuca-en-insomnia\/","og_locale":"es_ES","og_type":"article","og_title":"Mes de la Red de Salas de Cine invita a funci\u00f3n especial por el 20\u00b0 Aniversario de Machuca en INSOMNIA - Valpara\u00ed\u00adso Creativo","og_description":"Cerca de 50 t\u00edtulos nacionales e internacionales, de distinto g\u00e9nero y formato, dar\u00e1n vida a la celebraci\u00f3n del&nbsp;Mes de la Red de Salas de Cine,&nbsp;organizado por la Asociaci\u00f3n Gremial de Salas Independientes de Cine de Chile. Por segundo a\u00f1o consecutivo, este evento se lleva a cabo con el prop\u00f3sito de celebrar el cine en sus [&hellip;]","og_url":"https:\/\/dev.antudigital.cl\/sites\/vc\/mes-de-la-red-de-salas-de-cine-invita-a-funcion-especial-por-el-20-aniversario-de-machuca-en-insomnia\/","og_site_name":"Valpara\u00ed\u00adso Creativo","article_published_time":"2024-06-03T20:53:49+00:00","article_modified_time":"2024-06-03T20:54:16+00:00","og_image":[{"width":1600,"height":840,"url":"https:\/\/dev.antudigital.cl\/sites\/vc\/wp-content\/uploads\/2024\/06\/Machuca-2.jpeg","type":"image\/jpeg"}],"author":"Valpara\u00edso Creativo","twitter_card":"summary_large_image","twitter_misc":{"Escrito por":"Valpara\u00edso Creativo","Tiempo de lectura":"4 minutos"},"schema":{"@context":"https:\/\/schema.org","@graph":[{"@type":"Article","@id":"https:\/\/dev.antudigital.cl\/sites\/vc\/mes-de-la-red-de-salas-de-cine-invita-a-funcion-especial-por-el-20-aniversario-de-machuca-en-insomnia\/#article","isPartOf":{"@id":"https:\/\/dev.antudigital.cl\/sites\/vc\/mes-de-la-red-de-salas-de-cine-invita-a-funcion-especial-por-el-20-aniversario-de-machuca-en-insomnia\/"},"author":{"name":"Valpara\u00edso Creativo","@id":"https:\/\/dev.antudigital.cl\/sites\/vc\/#\/schema\/person\/c2b9da8dd545e27166fc5ab232837318"},"headline":"Mes de la Red de Salas de Cine invita a funci\u00f3n especial por el 20\u00b0 Aniversario de Machuca en INSOMNIA","datePublished":"2024-06-03T20:53:49+00:00","dateModified":"2024-06-03T20:54:16+00:00","mainEntityOfPage":{"@id":"https:\/\/dev.antudigital.cl\/sites\/vc\/mes-de-la-red-de-salas-de-cine-invita-a-funcion-especial-por-el-20-aniversario-de-machuca-en-insomnia\/"},"wordCount":880,"image":{"@id":"https:\/\/dev.antudigital.cl\/sites\/vc\/mes-de-la-red-de-salas-de-cine-invita-a-funcion-especial-por-el-20-aniversario-de-machuca-en-insomnia\/#primaryimage"},"thumbnailUrl":"https:\/\/dev.antudigital.cl\/sites\/vc\/wp-content\/uploads\/2024\/06\/Machuca-2.jpeg","articleSection":["Noticia"],"inLanguage":"es"},{"@type":"WebPage","@id":"https:\/\/dev.antudigital.cl\/sites\/vc\/mes-de-la-red-de-salas-de-cine-invita-a-funcion-especial-por-el-20-aniversario-de-machuca-en-insomnia\/","url":"https:\/\/dev.antudigital.cl\/sites\/vc\/mes-de-la-red-de-salas-de-cine-invita-a-funcion-especial-por-el-20-aniversario-de-machuca-en-insomnia\/","name":"Mes de la Red de Salas de Cine invita a funci\u00f3n especial por el 20\u00b0 Aniversario de Machuca en INSOMNIA - Valpara\u00ed\u00adso Creativo","isPartOf":{"@id":"https:\/\/dev.antudigital.cl\/sites\/vc\/#website"},"primaryImageOfPage":{"@id":"https:\/\/dev.antudigital.cl\/sites\/vc\/mes-de-la-red-de-salas-de-cine-invita-a-funcion-especial-por-el-20-aniversario-de-machuca-en-insomnia\/#primaryimage"},"image":{"@id":"https:\/\/dev.antudigital.cl\/sites\/vc\/mes-de-la-red-de-salas-de-cine-invita-a-funcion-especial-por-el-20-aniversario-de-machuca-en-insomnia\/#primaryimage"},"thumbnailUrl":"https:\/\/dev.antudigital.cl\/sites\/vc\/wp-content\/uploads\/2024\/06\/Machuca-2.jpeg","datePublished":"2024-06-03T20:53:49+00:00","dateModified":"2024-06-03T20:54:16+00:00","author":{"@id":"https:\/\/dev.antudigital.cl\/sites\/vc\/#\/schema\/person\/c2b9da8dd545e27166fc5ab232837318"},"breadcrumb":{"@id":"https:\/\/dev.antudigital.cl\/sites\/vc\/mes-de-la-red-de-salas-de-cine-invita-a-funcion-especial-por-el-20-aniversario-de-machuca-en-insomnia\/#breadcrumb"},"inLanguage":"es","potentialAction":[{"@type":"ReadAction","target":["https:\/\/dev.antudigital.cl\/sites\/vc\/mes-de-la-red-de-salas-de-cine-invita-a-funcion-especial-por-el-20-aniversario-de-machuca-en-insomnia\/"]}]},{"@type":"ImageObject","inLanguage":"es","@id":"https:\/\/dev.antudigital.cl\/sites\/vc\/mes-de-la-red-de-salas-de-cine-invita-a-funcion-especial-por-el-20-aniversario-de-machuca-en-insomnia\/#primaryimage","url":"https:\/\/dev.antudigital.cl\/sites\/vc\/wp-content\/uploads\/2024\/06\/Machuca-2.jpeg","contentUrl":"https:\/\/dev.antudigital.cl\/sites\/vc\/wp-content\/uploads\/2024\/06\/Machuca-2.jpeg","width":1600,"height":840},{"@type":"BreadcrumbList","@id":"https:\/\/dev.antudigital.cl\/sites\/vc\/mes-de-la-red-de-salas-de-cine-invita-a-funcion-especial-por-el-20-aniversario-de-machuca-en-insomnia\/#breadcrumb","itemListElement":[{"@type":"ListItem","position":1,"name":"Home","item":"https:\/\/dev.antudigital.cl\/sites\/vc\/"},{"@type":"ListItem","position":2,"name":"Mes de la Red de Salas de Cine invita a funci\u00f3n especial por el 20\u00b0 Aniversario de Machuca en INSOMNIA"}]},{"@type":"WebSite","@id":"https:\/\/dev.antudigital.cl\/sites\/vc\/#website","url":"https:\/\/dev.antudigital.cl\/sites\/vc\/","name":"Valpara\u00ed\u00adso Creativo","description":"","potentialAction":[{"@type":"SearchAction","target":{"@type":"EntryPoint","urlTemplate":"https:\/\/dev.antudigital.cl\/sites\/vc\/?s={search_term_string}"},"query-input":{"@type":"PropertyValueSpecification","valueRequired":true,"valueName":"search_term_string"}}],"inLanguage":"es"},{"@type":"Person","@id":"https:\/\/dev.antudigital.cl\/sites\/vc\/#\/schema\/person\/c2b9da8dd545e27166fc5ab232837318","name":"Valpara\u00edso Creativo","description":"Periodista de cultura en la Regi\u00f3n de Valpara\u00edso.","url":"https:\/\/dev.antudigital.cl\/sites\/vc\/author\/valpoadmin\/"}]}},"_links":{"self":[{"href":"https:\/\/dev.antudigital.cl\/sites\/vc\/wp-json\/wp\/v2\/posts\/19255","targetHints":{"allow":["GET"]}}],"collection":[{"href":"https:\/\/dev.antudigital.cl\/sites\/vc\/wp-json\/wp\/v2\/posts"}],"about":[{"href":"https:\/\/dev.antudigital.cl\/sites\/vc\/wp-json\/wp\/v2\/types\/post"}],"author":[{"embeddable":true,"href":"https:\/\/dev.antudigital.cl\/sites\/vc\/wp-json\/wp\/v2\/users\/1"}],"replies":[{"embeddable":true,"href":"https:\/\/dev.antudigital.cl\/sites\/vc\/wp-json\/wp\/v2\/comments?post=19255"}],"version-history":[{"count":1,"href":"https:\/\/dev.antudigital.cl\/sites\/vc\/wp-json\/wp\/v2\/posts\/19255\/revisions"}],"predecessor-version":[{"id":19257,"href":"https:\/\/dev.antudigital.cl\/sites\/vc\/wp-json\/wp\/v2\/posts\/19255\/revisions\/19257"}],"wp:featuredmedia":[{"embeddable":true,"href":"https:\/\/dev.antudigital.cl\/sites\/vc\/wp-json\/wp\/v2\/media\/19256"}],"wp:attachment":[{"href":"https:\/\/dev.antudigital.cl\/sites\/vc\/wp-json\/wp\/v2\/media?parent=19255"}],"wp:term":[{"taxonomy":"category","embeddable":true,"href":"https:\/\/dev.antudigital.cl\/sites\/vc\/wp-json\/wp\/v2\/categories?post=19255"},{"taxonomy":"post_tag","embeddable":true,"href":"https:\/\/dev.antudigital.cl\/sites\/vc\/wp-json\/wp\/v2\/tags?post=19255"}],"curies":[{"name":"wp","href":"https:\/\/api.w.org\/{rel}","templated":true}]}}