{"id":19258,"date":"2024-06-03T21:01:56","date_gmt":"2024-06-03T21:01:56","guid":{"rendered":"https:\/\/www.valparaisocreativo.cl\/?p=19258"},"modified":"2024-07-31T19:11:34","modified_gmt":"2024-07-31T19:11:34","slug":"congreso-llega-a-quilpue-con-concierto-historico-para-celebrar-sus-55-anos","status":"publish","type":"post","link":"https:\/\/dev.antudigital.cl\/sites\/vc\/congreso-llega-a-quilpue-con-concierto-historico-para-celebrar-sus-55-anos\/","title":{"rendered":"Congreso llega a Quilpu\u00e9 con concierto hist\u00f3rico para celebrar sus 55 a\u00f1os"},"content":{"rendered":"\n<p>Son 55 a\u00f1os ininterrumpidos de trabajo, como banda, que busca celebrar en grande. Se trata de la<strong>&nbsp;gira nacional que est\u00e1 realizando el grupo Congreso a lo largo del 2024<\/strong>, con un listado&nbsp;de fechas a realizarse a trav\u00e9s del norte, centro y sur del pa\u00eds.&nbsp;<\/p>\n\n\n\n<p>El septeto inici\u00f3 su recorrido en&nbsp;<strong>Valdivia<\/strong>, para seguir en&nbsp;<strong>Concepci\u00f3n,<\/strong><strong>Talca<\/strong>,&nbsp;<strong>Rancagua<\/strong>,&nbsp;<strong>Antofagasta&nbsp;<\/strong>y&nbsp;<strong>Frutillar<\/strong>, que culminar\u00e1 con simb\u00f3licos shows en&nbsp;<strong>Santiago&nbsp;<\/strong>y<strong>&nbsp;Quilpu\u00e9,&nbsp;<\/strong>programados para el<strong>&nbsp;23 y 24 de agosto<\/strong>, respectivamente.<\/p>\n\n\n\n<p>Y es que sus integrantes volver\u00e1n al&nbsp;<strong>Teatro Municipal de Quilpu\u00e9, locaci\u00f3n donde se presentaron por primera vez, con su formaci\u00f3n original, a fines de agosto de 1969&nbsp;<\/strong>\u2013en el otrora y originalmente conocido como \u201cTeatro Velarde\u201d\u2013, para revivir su primer concierto en vivo.<\/p>\n\n\n\n<p><em>\u201cComo toda celebraci\u00f3n, tendr\u00e1 recuerdos y futuro, con una escenograf\u00eda especial y un setlist que iremos descubriendo junto al p\u00fablico en estos inolvidables shows\u201d<\/em>, acu\u00f1a&nbsp;<strong>Tilo Gonz\u00e1lez<\/strong>, miembro fundador de la agrupaci\u00f3n.<\/p>\n\n\n\n<p>As\u00ed es que con las<em>&nbsp;\u201cmaletas llenas de m\u00fasica, cari\u00f1o y esperanza, desde Maestranzas de Noche hasta Luz de Flash\u201d Congreso atesora&nbsp;<\/em>\u00ablas calles, la gente,&nbsp;las&nbsp;plazas y la estaci\u00f3n de trenes\u00bb de su Quilpu\u00e9 natal. Gonz\u00e1lez lo resume as\u00ed:&nbsp;<em>\u00abTodo pareciera que nos pertenece. Nacimos entre juegos de infancia y m\u00fasica, cari\u00f1o, sol y tambi\u00e9n con caras de asombro de nuestros amigos; de ser este grupo de adolescentes \u2013medios m\u00fasicos\u2013&nbsp;dando&nbsp;su primer \u201crecital\u201d a las 11:00 de la ma\u00f1ana un 24 de agosto de 1969 en el Teatro Velarde \u2013hoy Teatro Municipal\u2013.&nbsp;De eso, han pasado 55 a\u00f1os y volveremos a tocar en el mismo teatro, un poco m\u00e1s viejos pero con las maletas llenas de m\u00fasica, cari\u00f1o y esperanza\u00bb.<\/em><\/p>\n\n\n\n<p>Con no s\u00f3lo 55 a\u00f1os, sino con 18 placas discogr\u00e1ficas de estudio y en plena vigencia, Congreso ha extendido las cosechas que le brind\u00f3 su aclamada producci\u00f3n&nbsp;<em><strong>Luz de Flash<\/strong><\/em>, estrenada en 2022 y que les vali\u00f3 el reciente&nbsp;<strong>Premio Pulsar a \u00c1lbum del A\u00f1o<\/strong>. Con ello, es que este 2024 ya lo planifican con la reedici\u00f3n de sus discos m\u00e1s antiguos, lo que tambi\u00e9n marcar\u00e1 el contexto de esta pr\u00f3xima gira, que espera sumar m\u00e1s fechas a lo largo del segundo semestre.<\/p>\n\n\n\n<p><strong><a href=\"https:\/\/www.passline.com\/eventos-plano\/congreso-55-anos-el-viaje-continua-quilpue\">Compra tus entradas aqu\u00ed<\/a><\/strong><\/p>\n\n\n\n<p><strong>CONGRESO 55 A\u00d1OS en Quilpu\u00e9.<br>* Obt\u00e9n un 20% descuento ingresando el c\u00f3digo VALPARAISOCREATIVO<\/strong><\/p>\n\n\n\n<figure class=\"wp-block-image size-large\"><img fetchpriority=\"high\" decoding=\"async\" width=\"914\" height=\"1024\" src=\"https:\/\/www.valparaisocreativo.cl\/wp-content\/uploads\/2024\/06\/unnamed-8-914x1024.png\" alt=\"\" class=\"wp-image-19260\" srcset=\"https:\/\/dev.antudigital.cl\/sites\/vc\/wp-content\/uploads\/2024\/06\/unnamed-8-914x1024.png 914w, https:\/\/dev.antudigital.cl\/sites\/vc\/wp-content\/uploads\/2024\/06\/unnamed-8-268x300.png 268w, https:\/\/dev.antudigital.cl\/sites\/vc\/wp-content\/uploads\/2024\/06\/unnamed-8-768x861.png 768w, https:\/\/dev.antudigital.cl\/sites\/vc\/wp-content\/uploads\/2024\/06\/unnamed-8-1371x1536.png 1371w, https:\/\/dev.antudigital.cl\/sites\/vc\/wp-content\/uploads\/2024\/06\/unnamed-8-1828x2048.png 1828w, https:\/\/dev.antudigital.cl\/sites\/vc\/wp-content\/uploads\/2024\/06\/unnamed-8-1080x1210.png 1080w, https:\/\/dev.antudigital.cl\/sites\/vc\/wp-content\/uploads\/2024\/06\/unnamed-8-1280x1434.png 1280w, https:\/\/dev.antudigital.cl\/sites\/vc\/wp-content\/uploads\/2024\/06\/unnamed-8-980x1098.png 980w, https:\/\/dev.antudigital.cl\/sites\/vc\/wp-content\/uploads\/2024\/06\/unnamed-8-480x538.png 480w, https:\/\/dev.antudigital.cl\/sites\/vc\/wp-content\/uploads\/2024\/06\/unnamed-8-21x24.png 21w, https:\/\/dev.antudigital.cl\/sites\/vc\/wp-content\/uploads\/2024\/06\/unnamed-8-32x36.png 32w, https:\/\/dev.antudigital.cl\/sites\/vc\/wp-content\/uploads\/2024\/06\/unnamed-8-43x48.png 43w\" sizes=\"(max-width: 914px) 100vw, 914px\" \/><\/figure>\n","protected":false},"excerpt":{"rendered":"<p>Son 55 a\u00f1os ininterrumpidos de trabajo, como banda, que busca celebrar en grande. Se trata de la&nbsp;gira nacional que est\u00e1 realizando el grupo Congreso a lo largo del 2024, con un listado&nbsp;de fechas a realizarse a trav\u00e9s del norte, centro y sur del pa\u00eds.&nbsp; El septeto inici\u00f3 su recorrido en&nbsp;Valdivia, para seguir en&nbsp;Concepci\u00f3n,Talca,&nbsp;Rancagua,&nbsp;Antofagasta&nbsp;y&nbsp;Frutillar, que culminar\u00e1 [&hellip;]<\/p>\n","protected":false},"author":1,"featured_media":19259,"comment_status":"closed","ping_status":"closed","sticky":false,"template":"","format":"standard","meta":{"_acf_changed":false,"footnotes":""},"categories":[8],"tags":[],"class_list":["post-19258","post","type-post","status-publish","format-standard","has-post-thumbnail","hentry","category-noticia"],"acf":[],"yoast_head":"<!-- This site is optimized with the Yoast SEO plugin v27.1.1 - https:\/\/yoast.com\/product\/yoast-seo-wordpress\/ -->\n<title>Congreso llega a Quilpu\u00e9 con concierto hist\u00f3rico para celebrar sus 55 a\u00f1os - Valpara\u00ed\u00adso Creativo<\/title>\n<meta name=\"robots\" content=\"index, follow, max-snippet:-1, max-image-preview:large, max-video-preview:-1\" \/>\n<link rel=\"canonical\" href=\"https:\/\/dev.antudigital.cl\/sites\/vc\/congreso-llega-a-quilpue-con-concierto-historico-para-celebrar-sus-55-anos\/\" \/>\n<meta property=\"og:locale\" content=\"es_ES\" \/>\n<meta property=\"og:type\" content=\"article\" \/>\n<meta property=\"og:title\" content=\"Congreso llega a Quilpu\u00e9 con concierto hist\u00f3rico para celebrar sus 55 a\u00f1os - Valpara\u00ed\u00adso Creativo\" \/>\n<meta property=\"og:description\" content=\"Son 55 a\u00f1os ininterrumpidos de trabajo, como banda, que busca celebrar en grande. Se trata de la&nbsp;gira nacional que est\u00e1 realizando el grupo Congreso a lo largo del 2024, con un listado&nbsp;de fechas a realizarse a trav\u00e9s del norte, centro y sur del pa\u00eds.&nbsp; El septeto inici\u00f3 su recorrido en&nbsp;Valdivia, para seguir en&nbsp;Concepci\u00f3n,Talca,&nbsp;Rancagua,&nbsp;Antofagasta&nbsp;y&nbsp;Frutillar, que culminar\u00e1 [&hellip;]\" \/>\n<meta property=\"og:url\" content=\"https:\/\/dev.antudigital.cl\/sites\/vc\/congreso-llega-a-quilpue-con-concierto-historico-para-celebrar-sus-55-anos\/\" \/>\n<meta property=\"og:site_name\" content=\"Valpara\u00ed\u00adso Creativo\" \/>\n<meta property=\"article:published_time\" content=\"2024-06-03T21:01:56+00:00\" \/>\n<meta property=\"article:modified_time\" content=\"2024-07-31T19:11:34+00:00\" \/>\n<meta property=\"og:image\" content=\"https:\/\/dev.antudigital.cl\/sites\/vc\/wp-content\/uploads\/2024\/06\/unnamed-10-scaled.jpg\" \/>\n\t<meta property=\"og:image:width\" content=\"2560\" \/>\n\t<meta property=\"og:image:height\" content=\"1707\" \/>\n\t<meta property=\"og:image:type\" content=\"image\/jpeg\" \/>\n<meta name=\"author\" content=\"Valpara\u00edso Creativo\" \/>\n<meta name=\"twitter:card\" content=\"summary_large_image\" \/>\n<meta name=\"twitter:label1\" content=\"Escrito por\" \/>\n\t<meta name=\"twitter:data1\" content=\"Valpara\u00edso Creativo\" \/>\n\t<meta name=\"twitter:label2\" content=\"Tiempo de lectura\" \/>\n\t<meta name=\"twitter:data2\" content=\"3 minutos\" \/>\n<script type=\"application\/ld+json\" class=\"yoast-schema-graph\">{\"@context\":\"https:\/\/schema.org\",\"@graph\":[{\"@type\":\"Article\",\"@id\":\"https:\/\/dev.antudigital.cl\/sites\/vc\/congreso-llega-a-quilpue-con-concierto-historico-para-celebrar-sus-55-anos\/#article\",\"isPartOf\":{\"@id\":\"https:\/\/dev.antudigital.cl\/sites\/vc\/congreso-llega-a-quilpue-con-concierto-historico-para-celebrar-sus-55-anos\/\"},\"author\":{\"name\":\"Valpara\u00edso Creativo\",\"@id\":\"https:\/\/dev.antudigital.cl\/sites\/vc\/#\/schema\/person\/c2b9da8dd545e27166fc5ab232837318\"},\"headline\":\"Congreso llega a Quilpu\u00e9 con concierto hist\u00f3rico para celebrar sus 55 a\u00f1os\",\"datePublished\":\"2024-06-03T21:01:56+00:00\",\"dateModified\":\"2024-07-31T19:11:34+00:00\",\"mainEntityOfPage\":{\"@id\":\"https:\/\/dev.antudigital.cl\/sites\/vc\/congreso-llega-a-quilpue-con-concierto-historico-para-celebrar-sus-55-anos\/\"},\"wordCount\":444,\"image\":{\"@id\":\"https:\/\/dev.antudigital.cl\/sites\/vc\/congreso-llega-a-quilpue-con-concierto-historico-para-celebrar-sus-55-anos\/#primaryimage\"},\"thumbnailUrl\":\"https:\/\/dev.antudigital.cl\/sites\/vc\/wp-content\/uploads\/2024\/06\/unnamed-10-scaled.jpg\",\"articleSection\":[\"Noticia\"],\"inLanguage\":\"es\"},{\"@type\":\"WebPage\",\"@id\":\"https:\/\/dev.antudigital.cl\/sites\/vc\/congreso-llega-a-quilpue-con-concierto-historico-para-celebrar-sus-55-anos\/\",\"url\":\"https:\/\/dev.antudigital.cl\/sites\/vc\/congreso-llega-a-quilpue-con-concierto-historico-para-celebrar-sus-55-anos\/\",\"name\":\"Congreso llega a Quilpu\u00e9 con concierto hist\u00f3rico para celebrar sus 55 a\u00f1os - Valpara\u00ed\u00adso Creativo\",\"isPartOf\":{\"@id\":\"https:\/\/dev.antudigital.cl\/sites\/vc\/#website\"},\"primaryImageOfPage\":{\"@id\":\"https:\/\/dev.antudigital.cl\/sites\/vc\/congreso-llega-a-quilpue-con-concierto-historico-para-celebrar-sus-55-anos\/#primaryimage\"},\"image\":{\"@id\":\"https:\/\/dev.antudigital.cl\/sites\/vc\/congreso-llega-a-quilpue-con-concierto-historico-para-celebrar-sus-55-anos\/#primaryimage\"},\"thumbnailUrl\":\"https:\/\/dev.antudigital.cl\/sites\/vc\/wp-content\/uploads\/2024\/06\/unnamed-10-scaled.jpg\",\"datePublished\":\"2024-06-03T21:01:56+00:00\",\"dateModified\":\"2024-07-31T19:11:34+00:00\",\"author\":{\"@id\":\"https:\/\/dev.antudigital.cl\/sites\/vc\/#\/schema\/person\/c2b9da8dd545e27166fc5ab232837318\"},\"breadcrumb\":{\"@id\":\"https:\/\/dev.antudigital.cl\/sites\/vc\/congreso-llega-a-quilpue-con-concierto-historico-para-celebrar-sus-55-anos\/#breadcrumb\"},\"inLanguage\":\"es\",\"potentialAction\":[{\"@type\":\"ReadAction\",\"target\":[\"https:\/\/dev.antudigital.cl\/sites\/vc\/congreso-llega-a-quilpue-con-concierto-historico-para-celebrar-sus-55-anos\/\"]}]},{\"@type\":\"ImageObject\",\"inLanguage\":\"es\",\"@id\":\"https:\/\/dev.antudigital.cl\/sites\/vc\/congreso-llega-a-quilpue-con-concierto-historico-para-celebrar-sus-55-anos\/#primaryimage\",\"url\":\"https:\/\/dev.antudigital.cl\/sites\/vc\/wp-content\/uploads\/2024\/06\/unnamed-10-scaled.jpg\",\"contentUrl\":\"https:\/\/dev.antudigital.cl\/sites\/vc\/wp-content\/uploads\/2024\/06\/unnamed-10-scaled.jpg\",\"width\":2560,\"height\":1707},{\"@type\":\"BreadcrumbList\",\"@id\":\"https:\/\/dev.antudigital.cl\/sites\/vc\/congreso-llega-a-quilpue-con-concierto-historico-para-celebrar-sus-55-anos\/#breadcrumb\",\"itemListElement\":[{\"@type\":\"ListItem\",\"position\":1,\"name\":\"Home\",\"item\":\"https:\/\/dev.antudigital.cl\/sites\/vc\/\"},{\"@type\":\"ListItem\",\"position\":2,\"name\":\"Congreso llega a Quilpu\u00e9 con concierto hist\u00f3rico para celebrar sus 55 a\u00f1os\"}]},{\"@type\":\"WebSite\",\"@id\":\"https:\/\/dev.antudigital.cl\/sites\/vc\/#website\",\"url\":\"https:\/\/dev.antudigital.cl\/sites\/vc\/\",\"name\":\"Valpara\u00ed\u00adso Creativo\",\"description\":\"\",\"potentialAction\":[{\"@type\":\"SearchAction\",\"target\":{\"@type\":\"EntryPoint\",\"urlTemplate\":\"https:\/\/dev.antudigital.cl\/sites\/vc\/?s={search_term_string}\"},\"query-input\":{\"@type\":\"PropertyValueSpecification\",\"valueRequired\":true,\"valueName\":\"search_term_string\"}}],\"inLanguage\":\"es\"},{\"@type\":\"Person\",\"@id\":\"https:\/\/dev.antudigital.cl\/sites\/vc\/#\/schema\/person\/c2b9da8dd545e27166fc5ab232837318\",\"name\":\"Valpara\u00edso Creativo\",\"description\":\"Periodista de cultura en la Regi\u00f3n de Valpara\u00edso.\",\"url\":\"https:\/\/dev.antudigital.cl\/sites\/vc\/author\/valpoadmin\/\"}]}<\/script>\n<!-- \/ Yoast SEO plugin. -->","yoast_head_json":{"title":"Congreso llega a Quilpu\u00e9 con concierto hist\u00f3rico para celebrar sus 55 a\u00f1os - Valpara\u00ed\u00adso Creativo","robots":{"index":"index","follow":"follow","max-snippet":"max-snippet:-1","max-image-preview":"max-image-preview:large","max-video-preview":"max-video-preview:-1"},"canonical":"https:\/\/dev.antudigital.cl\/sites\/vc\/congreso-llega-a-quilpue-con-concierto-historico-para-celebrar-sus-55-anos\/","og_locale":"es_ES","og_type":"article","og_title":"Congreso llega a Quilpu\u00e9 con concierto hist\u00f3rico para celebrar sus 55 a\u00f1os - Valpara\u00ed\u00adso Creativo","og_description":"Son 55 a\u00f1os ininterrumpidos de trabajo, como banda, que busca celebrar en grande. Se trata de la&nbsp;gira nacional que est\u00e1 realizando el grupo Congreso a lo largo del 2024, con un listado&nbsp;de fechas a realizarse a trav\u00e9s del norte, centro y sur del pa\u00eds.&nbsp; El septeto inici\u00f3 su recorrido en&nbsp;Valdivia, para seguir en&nbsp;Concepci\u00f3n,Talca,&nbsp;Rancagua,&nbsp;Antofagasta&nbsp;y&nbsp;Frutillar, que culminar\u00e1 [&hellip;]","og_url":"https:\/\/dev.antudigital.cl\/sites\/vc\/congreso-llega-a-quilpue-con-concierto-historico-para-celebrar-sus-55-anos\/","og_site_name":"Valpara\u00ed\u00adso Creativo","article_published_time":"2024-06-03T21:01:56+00:00","article_modified_time":"2024-07-31T19:11:34+00:00","og_image":[{"width":2560,"height":1707,"url":"https:\/\/dev.antudigital.cl\/sites\/vc\/wp-content\/uploads\/2024\/06\/unnamed-10-scaled.jpg","type":"image\/jpeg"}],"author":"Valpara\u00edso Creativo","twitter_card":"summary_large_image","twitter_misc":{"Escrito por":"Valpara\u00edso Creativo","Tiempo de lectura":"3 minutos"},"schema":{"@context":"https:\/\/schema.org","@graph":[{"@type":"Article","@id":"https:\/\/dev.antudigital.cl\/sites\/vc\/congreso-llega-a-quilpue-con-concierto-historico-para-celebrar-sus-55-anos\/#article","isPartOf":{"@id":"https:\/\/dev.antudigital.cl\/sites\/vc\/congreso-llega-a-quilpue-con-concierto-historico-para-celebrar-sus-55-anos\/"},"author":{"name":"Valpara\u00edso Creativo","@id":"https:\/\/dev.antudigital.cl\/sites\/vc\/#\/schema\/person\/c2b9da8dd545e27166fc5ab232837318"},"headline":"Congreso llega a Quilpu\u00e9 con concierto hist\u00f3rico para celebrar sus 55 a\u00f1os","datePublished":"2024-06-03T21:01:56+00:00","dateModified":"2024-07-31T19:11:34+00:00","mainEntityOfPage":{"@id":"https:\/\/dev.antudigital.cl\/sites\/vc\/congreso-llega-a-quilpue-con-concierto-historico-para-celebrar-sus-55-anos\/"},"wordCount":444,"image":{"@id":"https:\/\/dev.antudigital.cl\/sites\/vc\/congreso-llega-a-quilpue-con-concierto-historico-para-celebrar-sus-55-anos\/#primaryimage"},"thumbnailUrl":"https:\/\/dev.antudigital.cl\/sites\/vc\/wp-content\/uploads\/2024\/06\/unnamed-10-scaled.jpg","articleSection":["Noticia"],"inLanguage":"es"},{"@type":"WebPage","@id":"https:\/\/dev.antudigital.cl\/sites\/vc\/congreso-llega-a-quilpue-con-concierto-historico-para-celebrar-sus-55-anos\/","url":"https:\/\/dev.antudigital.cl\/sites\/vc\/congreso-llega-a-quilpue-con-concierto-historico-para-celebrar-sus-55-anos\/","name":"Congreso llega a Quilpu\u00e9 con concierto hist\u00f3rico para celebrar sus 55 a\u00f1os - Valpara\u00ed\u00adso Creativo","isPartOf":{"@id":"https:\/\/dev.antudigital.cl\/sites\/vc\/#website"},"primaryImageOfPage":{"@id":"https:\/\/dev.antudigital.cl\/sites\/vc\/congreso-llega-a-quilpue-con-concierto-historico-para-celebrar-sus-55-anos\/#primaryimage"},"image":{"@id":"https:\/\/dev.antudigital.cl\/sites\/vc\/congreso-llega-a-quilpue-con-concierto-historico-para-celebrar-sus-55-anos\/#primaryimage"},"thumbnailUrl":"https:\/\/dev.antudigital.cl\/sites\/vc\/wp-content\/uploads\/2024\/06\/unnamed-10-scaled.jpg","datePublished":"2024-06-03T21:01:56+00:00","dateModified":"2024-07-31T19:11:34+00:00","author":{"@id":"https:\/\/dev.antudigital.cl\/sites\/vc\/#\/schema\/person\/c2b9da8dd545e27166fc5ab232837318"},"breadcrumb":{"@id":"https:\/\/dev.antudigital.cl\/sites\/vc\/congreso-llega-a-quilpue-con-concierto-historico-para-celebrar-sus-55-anos\/#breadcrumb"},"inLanguage":"es","potentialAction":[{"@type":"ReadAction","target":["https:\/\/dev.antudigital.cl\/sites\/vc\/congreso-llega-a-quilpue-con-concierto-historico-para-celebrar-sus-55-anos\/"]}]},{"@type":"ImageObject","inLanguage":"es","@id":"https:\/\/dev.antudigital.cl\/sites\/vc\/congreso-llega-a-quilpue-con-concierto-historico-para-celebrar-sus-55-anos\/#primaryimage","url":"https:\/\/dev.antudigital.cl\/sites\/vc\/wp-content\/uploads\/2024\/06\/unnamed-10-scaled.jpg","contentUrl":"https:\/\/dev.antudigital.cl\/sites\/vc\/wp-content\/uploads\/2024\/06\/unnamed-10-scaled.jpg","width":2560,"height":1707},{"@type":"BreadcrumbList","@id":"https:\/\/dev.antudigital.cl\/sites\/vc\/congreso-llega-a-quilpue-con-concierto-historico-para-celebrar-sus-55-anos\/#breadcrumb","itemListElement":[{"@type":"ListItem","position":1,"name":"Home","item":"https:\/\/dev.antudigital.cl\/sites\/vc\/"},{"@type":"ListItem","position":2,"name":"Congreso llega a Quilpu\u00e9 con concierto hist\u00f3rico para celebrar sus 55 a\u00f1os"}]},{"@type":"WebSite","@id":"https:\/\/dev.antudigital.cl\/sites\/vc\/#website","url":"https:\/\/dev.antudigital.cl\/sites\/vc\/","name":"Valpara\u00ed\u00adso Creativo","description":"","potentialAction":[{"@type":"SearchAction","target":{"@type":"EntryPoint","urlTemplate":"https:\/\/dev.antudigital.cl\/sites\/vc\/?s={search_term_string}"},"query-input":{"@type":"PropertyValueSpecification","valueRequired":true,"valueName":"search_term_string"}}],"inLanguage":"es"},{"@type":"Person","@id":"https:\/\/dev.antudigital.cl\/sites\/vc\/#\/schema\/person\/c2b9da8dd545e27166fc5ab232837318","name":"Valpara\u00edso Creativo","description":"Periodista de cultura en la Regi\u00f3n de Valpara\u00edso.","url":"https:\/\/dev.antudigital.cl\/sites\/vc\/author\/valpoadmin\/"}]}},"_links":{"self":[{"href":"https:\/\/dev.antudigital.cl\/sites\/vc\/wp-json\/wp\/v2\/posts\/19258","targetHints":{"allow":["GET"]}}],"collection":[{"href":"https:\/\/dev.antudigital.cl\/sites\/vc\/wp-json\/wp\/v2\/posts"}],"about":[{"href":"https:\/\/dev.antudigital.cl\/sites\/vc\/wp-json\/wp\/v2\/types\/post"}],"author":[{"embeddable":true,"href":"https:\/\/dev.antudigital.cl\/sites\/vc\/wp-json\/wp\/v2\/users\/1"}],"replies":[{"embeddable":true,"href":"https:\/\/dev.antudigital.cl\/sites\/vc\/wp-json\/wp\/v2\/comments?post=19258"}],"version-history":[{"count":2,"href":"https:\/\/dev.antudigital.cl\/sites\/vc\/wp-json\/wp\/v2\/posts\/19258\/revisions"}],"predecessor-version":[{"id":19888,"href":"https:\/\/dev.antudigital.cl\/sites\/vc\/wp-json\/wp\/v2\/posts\/19258\/revisions\/19888"}],"wp:featuredmedia":[{"embeddable":true,"href":"https:\/\/dev.antudigital.cl\/sites\/vc\/wp-json\/wp\/v2\/media\/19259"}],"wp:attachment":[{"href":"https:\/\/dev.antudigital.cl\/sites\/vc\/wp-json\/wp\/v2\/media?parent=19258"}],"wp:term":[{"taxonomy":"category","embeddable":true,"href":"https:\/\/dev.antudigital.cl\/sites\/vc\/wp-json\/wp\/v2\/categories?post=19258"},{"taxonomy":"post_tag","embeddable":true,"href":"https:\/\/dev.antudigital.cl\/sites\/vc\/wp-json\/wp\/v2\/tags?post=19258"}],"curies":[{"name":"wp","href":"https:\/\/api.w.org\/{rel}","templated":true}]}}