{"id":19262,"date":"2024-06-03T21:15:45","date_gmt":"2024-06-03T21:15:45","guid":{"rendered":"https:\/\/www.valparaisocreativo.cl\/?p=19262"},"modified":"2024-06-03T21:16:05","modified_gmt":"2024-06-03T21:16:05","slug":"rubio-aterriza-en-santiago-valparaiso-y-concepcion-con-la-gira-venus-blue","status":"publish","type":"post","link":"https:\/\/dev.antudigital.cl\/sites\/vc\/rubio-aterriza-en-santiago-valparaiso-y-concepcion-con-la-gira-venus-blue\/","title":{"rendered":"Rubio\u00a0aterriza en Santiago, Valpara\u00edso y Concepci\u00f3n con la gira\u00a0Venus &amp; Blue"},"content":{"rendered":"\n<p>Como parte de un tour continental que contempla shows en M\u00e9xico, Estados Unidos, Argentina, Per\u00fa y Guatemala, el experimento art\u00edstico de la reconocida compositora, baterista y productora chilena Fran Straube llega a su pa\u00eds natal para presentar su m\u00e1s reciente disco de estudio.\u00a0<\/p>\n\n\n\n<figure class=\"wp-block-table\"><table><tbody><tr><td>La espera ha llegado a su fin. Tras varios meses desde su estreno en plataformas digitales, finalmente \u201c<a href=\"https:\/\/bh1ik.r.a.d.sendibm1.com\/mk\/cl\/f\/sh\/SMK1E8tHeG13GZB6HuHbH2zmqP4Q\/gZiZa7WExY5p\" target=\"_blank\" rel=\"noreferrer noopener\"><em><strong>Venus &amp; Blue<\/strong><\/em><\/a>\u201d, el tercer y m\u00e1s reciente trabajo discogr\u00e1fico de\u00a0<a href=\"https:\/\/bh1ik.r.a.d.sendibm1.com\/mk\/cl\/f\/sh\/SMK1E8tHeG7uii03T4R5MsIWoheg\/u-aKEtUxPBE6\" target=\"_blank\" rel=\"noreferrer noopener\"><strong>Rubio<\/strong><\/a><strong>,\u00a0<\/strong>podr\u00e1 ser disfrutado en vivo en tres ciudades de Chile: el\u00a0<a href=\"https:\/\/bh1ik.r.a.d.sendibm1.com\/mk\/cl\/f\/sh\/SMK1E8tHeGEmAqp0eEaZShbGn0Ew\/xdo4mxa3kiwj\" target=\"_blank\" rel=\"noreferrer noopener\"><strong>13 de junio en el Teatro Biob\u00edo de Concepci\u00f3n<\/strong><\/a><strong>, el\u00a0<\/strong><a href=\"https:\/\/bh1ik.r.a.d.sendibm1.com\/mk\/cl\/f\/sh\/SMK1E8tHeGLdczdxpOk3YWu0lIpC\/EO9qLeKi-d0X\" target=\"_blank\" rel=\"noreferrer noopener\"><strong>14 de junio en el Club Segundo Piso, Valpara\u00edso<\/strong><\/a><strong>, y el\u00a0<\/strong><a href=\"https:\/\/bh1ik.r.a.d.sendibm1.com\/mk\/cl\/f\/sh\/SMK1E8tHeGSV58Sv0YtXeMCkjbPS\/GkU5pAk9Wlut\" target=\"_blank\" rel=\"noreferrer noopener\"><strong>15 de junio en Blondie, Santiago<\/strong><\/a><strong>.<\/strong>\u00a0<br><br>\u201c<strong>Tengo muchas ganas de ir a tocar a Chile, son mis ra\u00edces.<\/strong>\u00a0Ahora que estoy viviendo afuera, he valorado muchas cosas, y echo mucho de menos\u201d, comenta\u00a0<strong>Fran Straube\u00a0<\/strong>sobre su regreso a escenarios nacionales, y a\u00f1ade: \u201c<strong>Estamos preparando un show muy especial, con muchos momentos. Rubio tiene muchas canciones, as\u00ed que estamos creando un gui\u00f3n muy lindo, con temas que nunca he tocado en Chile, incluso con un par de canciones nuevas. Estamos preparando un show visual, lum\u00ednico, muy hermoso, para que la gente llore bailando y viaje en el universo de Rubio. Va a ser un concierto con muchas sorpresas<\/strong>\u201d.\u00a0<br><br>Lanzado en octubre del a\u00f1o pasado y producido en colaboraci\u00f3n por\u00a0<strong>Fran Straube y Pablo Stipicic<\/strong>,\u00a0<em><strong>Venus &amp; Blue<\/strong><\/em>evidenci\u00f3 el car\u00e1cter conceptual de\u00a0<strong>Rubio,\u00a0<\/strong>de la mano de una propuesta en la que dos energ\u00edas contrastantes interact\u00faan de manera din\u00e1mica y natural. Por un lado, las canciones de\u00a0<em><strong>Blue<\/strong><\/em>\u00a0est\u00e1n marcadas por la melancol\u00eda y las tem\u00e1ticas existenciales; mientras que las canciones de\u00a0<em><strong>Venus<\/strong><\/em>\u00a0se caracterizan por ambientes c\u00e1lidos que buscan irradiar amor y alegr\u00eda.\u00a0<br><br>A su vez, el LP editado a trav\u00e9s de\u00a0<strong>FAMA Collective<\/strong>\u00a0-la nueva casa discogr\u00e1fica de\u00a0<strong>Rubio<\/strong>&#8211; \u00a0revel\u00f3 su costado cinematogr\u00e1fico con el estreno del cortometraje musical \u201c<a href=\"https:\/\/bh1ik.r.a.d.sendibm1.com\/mk\/cl\/f\/sh\/SMK1E8tHeGZMXHHsBj31kBVUhtzi\/BjINU22xzQEU\" target=\"_blank\" rel=\"noreferrer noopener\"><strong>Nacimos llorando<\/strong><\/a>\u201d, trabajo dirigido por\u00a0<strong>Fernando Cattori<\/strong>\u00a0que presenta dos canciones originales tomadas del \u00e1lbum, &#8216;<strong>Llorar<\/strong>&#8216; y &#8216;<strong>Kintsugi<\/strong>&#8216;, entrelazando estas pistas en dos narrativas interconectadas.\u00a0<\/td><\/tr><\/tbody><\/table><\/figure>\n\n\n\n<figure class=\"wp-block-image size-large\"><img fetchpriority=\"high\" decoding=\"async\" width=\"1024\" height=\"1024\" src=\"https:\/\/www.valparaisocreativo.cl\/wp-content\/uploads\/2024\/06\/Rubio-valpo-1-Feed-1024x1024.png\" alt=\"\" class=\"wp-image-19264\" srcset=\"https:\/\/dev.antudigital.cl\/sites\/vc\/wp-content\/uploads\/2024\/06\/Rubio-valpo-1-Feed-1024x1024.png 1024w, https:\/\/dev.antudigital.cl\/sites\/vc\/wp-content\/uploads\/2024\/06\/Rubio-valpo-1-Feed-300x300.png 300w, https:\/\/dev.antudigital.cl\/sites\/vc\/wp-content\/uploads\/2024\/06\/Rubio-valpo-1-Feed-150x150.png 150w, https:\/\/dev.antudigital.cl\/sites\/vc\/wp-content\/uploads\/2024\/06\/Rubio-valpo-1-Feed-768x768.png 768w, https:\/\/dev.antudigital.cl\/sites\/vc\/wp-content\/uploads\/2024\/06\/Rubio-valpo-1-Feed-1536x1536.png 1536w, https:\/\/dev.antudigital.cl\/sites\/vc\/wp-content\/uploads\/2024\/06\/Rubio-valpo-1-Feed-2048x2048.png 2048w, https:\/\/dev.antudigital.cl\/sites\/vc\/wp-content\/uploads\/2024\/06\/Rubio-valpo-1-Feed-1080x1080.png 1080w, https:\/\/dev.antudigital.cl\/sites\/vc\/wp-content\/uploads\/2024\/06\/Rubio-valpo-1-Feed-1280x1280.png 1280w, https:\/\/dev.antudigital.cl\/sites\/vc\/wp-content\/uploads\/2024\/06\/Rubio-valpo-1-Feed-980x980.png 980w, https:\/\/dev.antudigital.cl\/sites\/vc\/wp-content\/uploads\/2024\/06\/Rubio-valpo-1-Feed-480x480.png 480w, https:\/\/dev.antudigital.cl\/sites\/vc\/wp-content\/uploads\/2024\/06\/Rubio-valpo-1-Feed-24x24.png 24w, https:\/\/dev.antudigital.cl\/sites\/vc\/wp-content\/uploads\/2024\/06\/Rubio-valpo-1-Feed-36x36.png 36w, https:\/\/dev.antudigital.cl\/sites\/vc\/wp-content\/uploads\/2024\/06\/Rubio-valpo-1-Feed-48x48.png 48w\" sizes=\"(max-width: 1024px) 100vw, 1024px\" \/><\/figure>\n\n\n\n<figure class=\"wp-block-table\"><table><tbody><tr><td>\u00a0<strong>\u201cEl estreno de\u00a0<\/strong><em><strong>Venus &amp; Blue<\/strong><\/em><strong>fue un desahogo para m\u00ed.<\/strong>\u00a0Soy inquieta, as\u00ed que necesitaba que saliera. De alguna manera fue como el inicio de una nueva era, porque me vine a vivir a M\u00e9xico, tengo nuevo equipo, un nuevo sello, as\u00ed que\u00a0<strong>sacar el disco era algo necesario dentro m\u00edo para que surgieran nuevas energ\u00edas.<\/strong>\u00a0Estoy super contenta con el resultado, con todo lo cinematogr\u00e1fico de este trabajo. Con este \u00e1lbum hemos girado harto, ha tra\u00eddo mucho movimiento, mucha nutrici\u00f3n. Adem\u00e1s,\u00a0<strong>siento que este disco trajo la internacionalizaci\u00f3n del proyecto, y eso ha sido super interesante\u201d<\/strong>, detalla\u00a0<strong>Straube<\/strong>\u00a0sobre la placa.<\/td><\/tr><\/tbody><\/table><\/figure>\n\n\n\n<figure class=\"wp-block-table\"><table><tbody><tr><td>Otra de las novedades de&nbsp;<strong>Rubio<\/strong>&nbsp;es&nbsp;<a href=\"https:\/\/bh1ik.r.a.d.sendibm1.com\/mk\/cl\/f\/sh\/SMK1E8tHeGgDzQ6pMtCVq0oEgCZy\/zwn6XJ_YY_zH\" target=\"_blank\" rel=\"noreferrer noopener\"><em><strong>Venus &amp; Blue \u2013 RMX<\/strong><\/em><\/a>, \u00e1lbum estrenado a comienzos de mayo que cuenta con reinterpretaciones de sus m\u00e1s recientes canciones realizadas por artistas como&nbsp;<strong>Montoya, Tayhana, legomoustache, Fallen Roses, CERO39,<\/strong>&nbsp;entre otros. Sobre el experimento, la artista se\u00f1ala: \u201cAl colaborar con otros artistas se entiende la visi\u00f3n de cada quien, las diferentes interpretaciones.&nbsp;<strong>Es lindo desprenderse de lo original y escuchar otras versiones.<\/strong>&nbsp;Es interesante crear un nuevo mundo est\u00e9tico, sonoro y r\u00edtmico de cada canci\u00f3n\u201d.&nbsp;<strong>Las entradas para los shows en Concepci\u00f3n, Valpara\u00edso y Santiago ya est\u00e1n disponibles a trav\u00e9s de&nbsp;<\/strong><a href=\"https:\/\/bh1ik.r.a.d.sendibm1.com\/mk\/cl\/f\/sh\/SMK1E8tHeGn5RYvmY3Lzvq6yeVAE\/h2YQuk9w36Ck\" target=\"_blank\" rel=\"noreferrer noopener\"><strong>Ticketplus<\/strong><\/a><strong>,&nbsp;<\/strong><a href=\"https:\/\/bh1ik.r.a.d.sendibm1.com\/mk\/cl\/f\/sh\/SMK1E8tHeGtwthkjjDVU1fPicnkU\/QfcPyP7WatHm\" target=\"_blank\" rel=\"noreferrer noopener\"><strong>Eventrid<\/strong><\/a><strong>&nbsp;y&nbsp;<\/strong><a href=\"https:\/\/bh1ik.r.a.d.sendibm1.com\/mk\/cl\/f\/sh\/1t6Af4OiGsDhYHebBwok2Dzq8v0lcs\/NdRnNVT-LOXh\" target=\"_blank\" rel=\"noreferrer noopener\"><strong>Passline<\/strong><\/a><strong>, respectivamente.&nbsp;<\/strong><\/td><\/tr><\/tbody><\/table><\/figure>\n","protected":false},"excerpt":{"rendered":"<p>Como parte de un tour continental que contempla shows en M\u00e9xico, Estados Unidos, Argentina, Per\u00fa y Guatemala, el experimento art\u00edstico de la reconocida compositora, baterista y productora chilena Fran Straube llega a su pa\u00eds natal para presentar su m\u00e1s reciente disco de estudio.\u00a0 La espera ha llegado a su fin. Tras varios meses desde su [&hellip;]<\/p>\n","protected":false},"author":1,"featured_media":19265,"comment_status":"closed","ping_status":"closed","sticky":false,"template":"","format":"standard","meta":{"_acf_changed":false,"footnotes":""},"categories":[8],"tags":[],"class_list":["post-19262","post","type-post","status-publish","format-standard","has-post-thumbnail","hentry","category-noticia"],"acf":[],"yoast_head":"<!-- This site is optimized with the Yoast SEO plugin v27.1.1 - https:\/\/yoast.com\/product\/yoast-seo-wordpress\/ -->\n<title>Rubio\u00a0aterriza en Santiago, Valpara\u00edso y Concepci\u00f3n con la gira\u00a0Venus &amp; Blue - Valpara\u00ed\u00adso Creativo<\/title>\n<meta name=\"robots\" content=\"index, follow, max-snippet:-1, max-image-preview:large, max-video-preview:-1\" \/>\n<link rel=\"canonical\" href=\"https:\/\/dev.antudigital.cl\/sites\/vc\/rubio-aterriza-en-santiago-valparaiso-y-concepcion-con-la-gira-venus-blue\/\" \/>\n<meta property=\"og:locale\" content=\"es_ES\" \/>\n<meta property=\"og:type\" content=\"article\" \/>\n<meta property=\"og:title\" content=\"Rubio\u00a0aterriza en Santiago, Valpara\u00edso y Concepci\u00f3n con la gira\u00a0Venus &amp; Blue - Valpara\u00ed\u00adso Creativo\" \/>\n<meta property=\"og:description\" content=\"Como parte de un tour continental que contempla shows en M\u00e9xico, Estados Unidos, Argentina, Per\u00fa y Guatemala, el experimento art\u00edstico de la reconocida compositora, baterista y productora chilena Fran Straube llega a su pa\u00eds natal para presentar su m\u00e1s reciente disco de estudio.\u00a0 La espera ha llegado a su fin. Tras varios meses desde su [&hellip;]\" \/>\n<meta property=\"og:url\" content=\"https:\/\/dev.antudigital.cl\/sites\/vc\/rubio-aterriza-en-santiago-valparaiso-y-concepcion-con-la-gira-venus-blue\/\" \/>\n<meta property=\"og:site_name\" content=\"Valpara\u00ed\u00adso Creativo\" \/>\n<meta property=\"article:published_time\" content=\"2024-06-03T21:15:45+00:00\" \/>\n<meta property=\"article:modified_time\" content=\"2024-06-03T21:16:05+00:00\" \/>\n<meta property=\"og:image\" content=\"https:\/\/dev.antudigital.cl\/sites\/vc\/wp-content\/uploads\/2024\/06\/Captura-de-Pantalla-2024-06-03-a-las-17.13.32.png\" \/>\n\t<meta property=\"og:image:width\" content=\"1023\" \/>\n\t<meta property=\"og:image:height\" content=\"681\" \/>\n\t<meta property=\"og:image:type\" content=\"image\/png\" \/>\n<meta name=\"author\" content=\"Valpara\u00edso Creativo\" \/>\n<meta name=\"twitter:card\" content=\"summary_large_image\" \/>\n<meta name=\"twitter:label1\" content=\"Escrito por\" \/>\n\t<meta name=\"twitter:data1\" content=\"Valpara\u00edso Creativo\" \/>\n\t<meta name=\"twitter:label2\" content=\"Tiempo de lectura\" \/>\n\t<meta name=\"twitter:data2\" content=\"3 minutos\" \/>\n<script type=\"application\/ld+json\" class=\"yoast-schema-graph\">{\"@context\":\"https:\/\/schema.org\",\"@graph\":[{\"@type\":\"Article\",\"@id\":\"https:\/\/dev.antudigital.cl\/sites\/vc\/rubio-aterriza-en-santiago-valparaiso-y-concepcion-con-la-gira-venus-blue\/#article\",\"isPartOf\":{\"@id\":\"https:\/\/dev.antudigital.cl\/sites\/vc\/rubio-aterriza-en-santiago-valparaiso-y-concepcion-con-la-gira-venus-blue\/\"},\"author\":{\"name\":\"Valpara\u00edso Creativo\",\"@id\":\"https:\/\/dev.antudigital.cl\/sites\/vc\/#\/schema\/person\/c2b9da8dd545e27166fc5ab232837318\"},\"headline\":\"Rubio\u00a0aterriza en Santiago, Valpara\u00edso y Concepci\u00f3n con la gira\u00a0Venus &amp; Blue\",\"datePublished\":\"2024-06-03T21:15:45+00:00\",\"dateModified\":\"2024-06-03T21:16:05+00:00\",\"mainEntityOfPage\":{\"@id\":\"https:\/\/dev.antudigital.cl\/sites\/vc\/rubio-aterriza-en-santiago-valparaiso-y-concepcion-con-la-gira-venus-blue\/\"},\"wordCount\":616,\"image\":{\"@id\":\"https:\/\/dev.antudigital.cl\/sites\/vc\/rubio-aterriza-en-santiago-valparaiso-y-concepcion-con-la-gira-venus-blue\/#primaryimage\"},\"thumbnailUrl\":\"https:\/\/dev.antudigital.cl\/sites\/vc\/wp-content\/uploads\/2024\/06\/Captura-de-Pantalla-2024-06-03-a-las-17.13.32.png\",\"articleSection\":[\"Noticia\"],\"inLanguage\":\"es\"},{\"@type\":\"WebPage\",\"@id\":\"https:\/\/dev.antudigital.cl\/sites\/vc\/rubio-aterriza-en-santiago-valparaiso-y-concepcion-con-la-gira-venus-blue\/\",\"url\":\"https:\/\/dev.antudigital.cl\/sites\/vc\/rubio-aterriza-en-santiago-valparaiso-y-concepcion-con-la-gira-venus-blue\/\",\"name\":\"Rubio\u00a0aterriza en Santiago, Valpara\u00edso y Concepci\u00f3n con la gira\u00a0Venus &amp; Blue - Valpara\u00ed\u00adso Creativo\",\"isPartOf\":{\"@id\":\"https:\/\/dev.antudigital.cl\/sites\/vc\/#website\"},\"primaryImageOfPage\":{\"@id\":\"https:\/\/dev.antudigital.cl\/sites\/vc\/rubio-aterriza-en-santiago-valparaiso-y-concepcion-con-la-gira-venus-blue\/#primaryimage\"},\"image\":{\"@id\":\"https:\/\/dev.antudigital.cl\/sites\/vc\/rubio-aterriza-en-santiago-valparaiso-y-concepcion-con-la-gira-venus-blue\/#primaryimage\"},\"thumbnailUrl\":\"https:\/\/dev.antudigital.cl\/sites\/vc\/wp-content\/uploads\/2024\/06\/Captura-de-Pantalla-2024-06-03-a-las-17.13.32.png\",\"datePublished\":\"2024-06-03T21:15:45+00:00\",\"dateModified\":\"2024-06-03T21:16:05+00:00\",\"author\":{\"@id\":\"https:\/\/dev.antudigital.cl\/sites\/vc\/#\/schema\/person\/c2b9da8dd545e27166fc5ab232837318\"},\"breadcrumb\":{\"@id\":\"https:\/\/dev.antudigital.cl\/sites\/vc\/rubio-aterriza-en-santiago-valparaiso-y-concepcion-con-la-gira-venus-blue\/#breadcrumb\"},\"inLanguage\":\"es\",\"potentialAction\":[{\"@type\":\"ReadAction\",\"target\":[\"https:\/\/dev.antudigital.cl\/sites\/vc\/rubio-aterriza-en-santiago-valparaiso-y-concepcion-con-la-gira-venus-blue\/\"]}]},{\"@type\":\"ImageObject\",\"inLanguage\":\"es\",\"@id\":\"https:\/\/dev.antudigital.cl\/sites\/vc\/rubio-aterriza-en-santiago-valparaiso-y-concepcion-con-la-gira-venus-blue\/#primaryimage\",\"url\":\"https:\/\/dev.antudigital.cl\/sites\/vc\/wp-content\/uploads\/2024\/06\/Captura-de-Pantalla-2024-06-03-a-las-17.13.32.png\",\"contentUrl\":\"https:\/\/dev.antudigital.cl\/sites\/vc\/wp-content\/uploads\/2024\/06\/Captura-de-Pantalla-2024-06-03-a-las-17.13.32.png\",\"width\":1023,\"height\":681},{\"@type\":\"BreadcrumbList\",\"@id\":\"https:\/\/dev.antudigital.cl\/sites\/vc\/rubio-aterriza-en-santiago-valparaiso-y-concepcion-con-la-gira-venus-blue\/#breadcrumb\",\"itemListElement\":[{\"@type\":\"ListItem\",\"position\":1,\"name\":\"Home\",\"item\":\"https:\/\/dev.antudigital.cl\/sites\/vc\/\"},{\"@type\":\"ListItem\",\"position\":2,\"name\":\"Rubio\u00a0aterriza en Santiago, Valpara\u00edso y Concepci\u00f3n con la gira\u00a0Venus &amp; Blue\"}]},{\"@type\":\"WebSite\",\"@id\":\"https:\/\/dev.antudigital.cl\/sites\/vc\/#website\",\"url\":\"https:\/\/dev.antudigital.cl\/sites\/vc\/\",\"name\":\"Valpara\u00ed\u00adso Creativo\",\"description\":\"\",\"potentialAction\":[{\"@type\":\"SearchAction\",\"target\":{\"@type\":\"EntryPoint\",\"urlTemplate\":\"https:\/\/dev.antudigital.cl\/sites\/vc\/?s={search_term_string}\"},\"query-input\":{\"@type\":\"PropertyValueSpecification\",\"valueRequired\":true,\"valueName\":\"search_term_string\"}}],\"inLanguage\":\"es\"},{\"@type\":\"Person\",\"@id\":\"https:\/\/dev.antudigital.cl\/sites\/vc\/#\/schema\/person\/c2b9da8dd545e27166fc5ab232837318\",\"name\":\"Valpara\u00edso Creativo\",\"description\":\"Periodista de cultura en la Regi\u00f3n de Valpara\u00edso.\",\"url\":\"https:\/\/dev.antudigital.cl\/sites\/vc\/author\/valpoadmin\/\"}]}<\/script>\n<!-- \/ Yoast SEO plugin. -->","yoast_head_json":{"title":"Rubio\u00a0aterriza en Santiago, Valpara\u00edso y Concepci\u00f3n con la gira\u00a0Venus &amp; Blue - Valpara\u00ed\u00adso Creativo","robots":{"index":"index","follow":"follow","max-snippet":"max-snippet:-1","max-image-preview":"max-image-preview:large","max-video-preview":"max-video-preview:-1"},"canonical":"https:\/\/dev.antudigital.cl\/sites\/vc\/rubio-aterriza-en-santiago-valparaiso-y-concepcion-con-la-gira-venus-blue\/","og_locale":"es_ES","og_type":"article","og_title":"Rubio\u00a0aterriza en Santiago, Valpara\u00edso y Concepci\u00f3n con la gira\u00a0Venus &amp; Blue - Valpara\u00ed\u00adso Creativo","og_description":"Como parte de un tour continental que contempla shows en M\u00e9xico, Estados Unidos, Argentina, Per\u00fa y Guatemala, el experimento art\u00edstico de la reconocida compositora, baterista y productora chilena Fran Straube llega a su pa\u00eds natal para presentar su m\u00e1s reciente disco de estudio.\u00a0 La espera ha llegado a su fin. Tras varios meses desde su [&hellip;]","og_url":"https:\/\/dev.antudigital.cl\/sites\/vc\/rubio-aterriza-en-santiago-valparaiso-y-concepcion-con-la-gira-venus-blue\/","og_site_name":"Valpara\u00ed\u00adso Creativo","article_published_time":"2024-06-03T21:15:45+00:00","article_modified_time":"2024-06-03T21:16:05+00:00","og_image":[{"width":1023,"height":681,"url":"https:\/\/dev.antudigital.cl\/sites\/vc\/wp-content\/uploads\/2024\/06\/Captura-de-Pantalla-2024-06-03-a-las-17.13.32.png","type":"image\/png"}],"author":"Valpara\u00edso Creativo","twitter_card":"summary_large_image","twitter_misc":{"Escrito por":"Valpara\u00edso Creativo","Tiempo de lectura":"3 minutos"},"schema":{"@context":"https:\/\/schema.org","@graph":[{"@type":"Article","@id":"https:\/\/dev.antudigital.cl\/sites\/vc\/rubio-aterriza-en-santiago-valparaiso-y-concepcion-con-la-gira-venus-blue\/#article","isPartOf":{"@id":"https:\/\/dev.antudigital.cl\/sites\/vc\/rubio-aterriza-en-santiago-valparaiso-y-concepcion-con-la-gira-venus-blue\/"},"author":{"name":"Valpara\u00edso Creativo","@id":"https:\/\/dev.antudigital.cl\/sites\/vc\/#\/schema\/person\/c2b9da8dd545e27166fc5ab232837318"},"headline":"Rubio\u00a0aterriza en Santiago, Valpara\u00edso y Concepci\u00f3n con la gira\u00a0Venus &amp; Blue","datePublished":"2024-06-03T21:15:45+00:00","dateModified":"2024-06-03T21:16:05+00:00","mainEntityOfPage":{"@id":"https:\/\/dev.antudigital.cl\/sites\/vc\/rubio-aterriza-en-santiago-valparaiso-y-concepcion-con-la-gira-venus-blue\/"},"wordCount":616,"image":{"@id":"https:\/\/dev.antudigital.cl\/sites\/vc\/rubio-aterriza-en-santiago-valparaiso-y-concepcion-con-la-gira-venus-blue\/#primaryimage"},"thumbnailUrl":"https:\/\/dev.antudigital.cl\/sites\/vc\/wp-content\/uploads\/2024\/06\/Captura-de-Pantalla-2024-06-03-a-las-17.13.32.png","articleSection":["Noticia"],"inLanguage":"es"},{"@type":"WebPage","@id":"https:\/\/dev.antudigital.cl\/sites\/vc\/rubio-aterriza-en-santiago-valparaiso-y-concepcion-con-la-gira-venus-blue\/","url":"https:\/\/dev.antudigital.cl\/sites\/vc\/rubio-aterriza-en-santiago-valparaiso-y-concepcion-con-la-gira-venus-blue\/","name":"Rubio\u00a0aterriza en Santiago, Valpara\u00edso y Concepci\u00f3n con la gira\u00a0Venus &amp; Blue - Valpara\u00ed\u00adso Creativo","isPartOf":{"@id":"https:\/\/dev.antudigital.cl\/sites\/vc\/#website"},"primaryImageOfPage":{"@id":"https:\/\/dev.antudigital.cl\/sites\/vc\/rubio-aterriza-en-santiago-valparaiso-y-concepcion-con-la-gira-venus-blue\/#primaryimage"},"image":{"@id":"https:\/\/dev.antudigital.cl\/sites\/vc\/rubio-aterriza-en-santiago-valparaiso-y-concepcion-con-la-gira-venus-blue\/#primaryimage"},"thumbnailUrl":"https:\/\/dev.antudigital.cl\/sites\/vc\/wp-content\/uploads\/2024\/06\/Captura-de-Pantalla-2024-06-03-a-las-17.13.32.png","datePublished":"2024-06-03T21:15:45+00:00","dateModified":"2024-06-03T21:16:05+00:00","author":{"@id":"https:\/\/dev.antudigital.cl\/sites\/vc\/#\/schema\/person\/c2b9da8dd545e27166fc5ab232837318"},"breadcrumb":{"@id":"https:\/\/dev.antudigital.cl\/sites\/vc\/rubio-aterriza-en-santiago-valparaiso-y-concepcion-con-la-gira-venus-blue\/#breadcrumb"},"inLanguage":"es","potentialAction":[{"@type":"ReadAction","target":["https:\/\/dev.antudigital.cl\/sites\/vc\/rubio-aterriza-en-santiago-valparaiso-y-concepcion-con-la-gira-venus-blue\/"]}]},{"@type":"ImageObject","inLanguage":"es","@id":"https:\/\/dev.antudigital.cl\/sites\/vc\/rubio-aterriza-en-santiago-valparaiso-y-concepcion-con-la-gira-venus-blue\/#primaryimage","url":"https:\/\/dev.antudigital.cl\/sites\/vc\/wp-content\/uploads\/2024\/06\/Captura-de-Pantalla-2024-06-03-a-las-17.13.32.png","contentUrl":"https:\/\/dev.antudigital.cl\/sites\/vc\/wp-content\/uploads\/2024\/06\/Captura-de-Pantalla-2024-06-03-a-las-17.13.32.png","width":1023,"height":681},{"@type":"BreadcrumbList","@id":"https:\/\/dev.antudigital.cl\/sites\/vc\/rubio-aterriza-en-santiago-valparaiso-y-concepcion-con-la-gira-venus-blue\/#breadcrumb","itemListElement":[{"@type":"ListItem","position":1,"name":"Home","item":"https:\/\/dev.antudigital.cl\/sites\/vc\/"},{"@type":"ListItem","position":2,"name":"Rubio\u00a0aterriza en Santiago, Valpara\u00edso y Concepci\u00f3n con la gira\u00a0Venus &amp; Blue"}]},{"@type":"WebSite","@id":"https:\/\/dev.antudigital.cl\/sites\/vc\/#website","url":"https:\/\/dev.antudigital.cl\/sites\/vc\/","name":"Valpara\u00ed\u00adso Creativo","description":"","potentialAction":[{"@type":"SearchAction","target":{"@type":"EntryPoint","urlTemplate":"https:\/\/dev.antudigital.cl\/sites\/vc\/?s={search_term_string}"},"query-input":{"@type":"PropertyValueSpecification","valueRequired":true,"valueName":"search_term_string"}}],"inLanguage":"es"},{"@type":"Person","@id":"https:\/\/dev.antudigital.cl\/sites\/vc\/#\/schema\/person\/c2b9da8dd545e27166fc5ab232837318","name":"Valpara\u00edso Creativo","description":"Periodista de cultura en la Regi\u00f3n de Valpara\u00edso.","url":"https:\/\/dev.antudigital.cl\/sites\/vc\/author\/valpoadmin\/"}]}},"_links":{"self":[{"href":"https:\/\/dev.antudigital.cl\/sites\/vc\/wp-json\/wp\/v2\/posts\/19262","targetHints":{"allow":["GET"]}}],"collection":[{"href":"https:\/\/dev.antudigital.cl\/sites\/vc\/wp-json\/wp\/v2\/posts"}],"about":[{"href":"https:\/\/dev.antudigital.cl\/sites\/vc\/wp-json\/wp\/v2\/types\/post"}],"author":[{"embeddable":true,"href":"https:\/\/dev.antudigital.cl\/sites\/vc\/wp-json\/wp\/v2\/users\/1"}],"replies":[{"embeddable":true,"href":"https:\/\/dev.antudigital.cl\/sites\/vc\/wp-json\/wp\/v2\/comments?post=19262"}],"version-history":[{"count":1,"href":"https:\/\/dev.antudigital.cl\/sites\/vc\/wp-json\/wp\/v2\/posts\/19262\/revisions"}],"predecessor-version":[{"id":19266,"href":"https:\/\/dev.antudigital.cl\/sites\/vc\/wp-json\/wp\/v2\/posts\/19262\/revisions\/19266"}],"wp:featuredmedia":[{"embeddable":true,"href":"https:\/\/dev.antudigital.cl\/sites\/vc\/wp-json\/wp\/v2\/media\/19265"}],"wp:attachment":[{"href":"https:\/\/dev.antudigital.cl\/sites\/vc\/wp-json\/wp\/v2\/media?parent=19262"}],"wp:term":[{"taxonomy":"category","embeddable":true,"href":"https:\/\/dev.antudigital.cl\/sites\/vc\/wp-json\/wp\/v2\/categories?post=19262"},{"taxonomy":"post_tag","embeddable":true,"href":"https:\/\/dev.antudigital.cl\/sites\/vc\/wp-json\/wp\/v2\/tags?post=19262"}],"curies":[{"name":"wp","href":"https:\/\/api.w.org\/{rel}","templated":true}]}}