{"id":19267,"date":"2024-06-03T21:22:53","date_gmt":"2024-06-03T21:22:53","guid":{"rendered":"https:\/\/www.valparaisocreativo.cl\/?p=19267"},"modified":"2024-06-03T21:23:09","modified_gmt":"2024-06-03T21:23:09","slug":"invitacion-a-celebrar-el-dia-del-diseno-italiano","status":"publish","type":"post","link":"https:\/\/dev.antudigital.cl\/sites\/vc\/invitacion-a-celebrar-el-dia-del-diseno-italiano\/","title":{"rendered":"Invitaci\u00f3n a celebrar el D\u00eda del Dise\u00f1o Italiano"},"content":{"rendered":"\n<p>Loredana Rosso, Directora de Sede AIEP Valpara\u00edso y Vi\u00f1a del Mar, y Pedro Palma Casanova, Jefe de Escuela de Dise\u00f1o, Arte y Comunicaci\u00f3n, tienen el agrado de invitar a usted a la celebraci\u00f3n del&nbsp;<strong>D\u00eda del Dise\u00f1o Italiano<\/strong>, un evento que resalta la contribuci\u00f3n de la colectividad&nbsp;colectividaditaliana en la identidad de Valpara\u00edso como Patrimonio de la Humanidad. Este evento se enmarca en la Semana de Italia, conmemorando el D\u00eda de la Rep\u00fablica Italiana.<\/p>\n\n\n\n<p><strong>Fecha:<\/strong>&nbsp;6 de junio de 2024<br><strong>Hora:<\/strong>&nbsp;17:00 hrs<br><strong>Lugar:<\/strong>&nbsp;Sede AIEP Valpara\u00edso, Err\u00e1zuriz 641, Estaci\u00f3n Puerto, Valpara\u00edso<\/p>\n\n\n\n<p>La jornada incluir\u00e1:<\/p>\n\n\n\n<ul class=\"wp-block-list\">\n<li>Desfile de moda inspirado en renombrados dise\u00f1adores italianos como Prada, Valentino, Versace, Gucci, Armani, Dolce &amp; Gabbana, Moschino, y Salvatore Ferragamo en estacionamiento segundo nivel, de nuestra sede.<\/li>\n\n\n\n<li>Muestra \u00ab100 Jarrones Italianos\u00bb del Istituto Italiano di Cultura Santiago, creada especialmente para este evento, en el 4to piso de nuestra sede.<\/li>\n\n\n\n<li>Exposici\u00f3n de dise\u00f1o gr\u00e1fico italiano, realizada por estudiantes de Dise\u00f1o Gr\u00e1fico de AIEP, igualmente en el 4to piso de nuestra sede.<\/li>\n<\/ul>\n\n\n\n<p><strong>Agradecemos la colaboraci\u00f3n de:<\/strong><\/p>\n\n\n\n<ul class=\"wp-block-list\">\n<li>Consiglio Valpara\u00edso.<\/li>\n\n\n\n<li>Scuola Italiana (Vi\u00f1a\/Valpara\u00edso).<\/li>\n\n\n\n<li>Istituto Italiano di Cultura Santiago.<\/li>\n\n\n\n<li>Consulado General Honorario de Italia en Valpara\u00edso.<\/li>\n\n\n\n<li>Alumnos y profesores de las Escuelas de Est\u00e9tica y Sonido de AIEP Vi\u00f1a del Mar.<\/li>\n<\/ul>\n\n\n\n<p>Esperamos contar con su presencia para celebrar juntos la riqueza del dise\u00f1o italiano y su impacto global.<\/p>\n","protected":false},"excerpt":{"rendered":"<p>Loredana Rosso, Directora de Sede AIEP Valpara\u00edso y Vi\u00f1a del Mar, y Pedro Palma Casanova, Jefe de Escuela de Dise\u00f1o, Arte y Comunicaci\u00f3n, tienen el agrado de invitar a usted a la celebraci\u00f3n del&nbsp;D\u00eda del Dise\u00f1o Italiano, un evento que resalta la contribuci\u00f3n de la colectividad&nbsp;colectividaditaliana en la identidad de Valpara\u00edso como Patrimonio de la [&hellip;]<\/p>\n","protected":false},"author":1,"featured_media":19268,"comment_status":"closed","ping_status":"closed","sticky":false,"template":"","format":"standard","meta":{"_acf_changed":false,"footnotes":""},"categories":[8],"tags":[],"class_list":["post-19267","post","type-post","status-publish","format-standard","has-post-thumbnail","hentry","category-noticia"],"acf":[],"yoast_head":"<!-- This site is optimized with the Yoast SEO plugin v27.1.1 - https:\/\/yoast.com\/product\/yoast-seo-wordpress\/ -->\n<title>Invitaci\u00f3n a celebrar el D\u00eda del Dise\u00f1o Italiano - Valpara\u00ed\u00adso Creativo<\/title>\n<meta name=\"robots\" content=\"index, follow, max-snippet:-1, max-image-preview:large, max-video-preview:-1\" \/>\n<link rel=\"canonical\" href=\"https:\/\/dev.antudigital.cl\/sites\/vc\/invitacion-a-celebrar-el-dia-del-diseno-italiano\/\" \/>\n<meta property=\"og:locale\" content=\"es_ES\" \/>\n<meta property=\"og:type\" content=\"article\" \/>\n<meta property=\"og:title\" content=\"Invitaci\u00f3n a celebrar el D\u00eda del Dise\u00f1o Italiano - Valpara\u00ed\u00adso Creativo\" \/>\n<meta property=\"og:description\" content=\"Loredana Rosso, Directora de Sede AIEP Valpara\u00edso y Vi\u00f1a del Mar, y Pedro Palma Casanova, Jefe de Escuela de Dise\u00f1o, Arte y Comunicaci\u00f3n, tienen el agrado de invitar a usted a la celebraci\u00f3n del&nbsp;D\u00eda del Dise\u00f1o Italiano, un evento que resalta la contribuci\u00f3n de la colectividad&nbsp;colectividaditaliana en la identidad de Valpara\u00edso como Patrimonio de la [&hellip;]\" \/>\n<meta property=\"og:url\" content=\"https:\/\/dev.antudigital.cl\/sites\/vc\/invitacion-a-celebrar-el-dia-del-diseno-italiano\/\" \/>\n<meta property=\"og:site_name\" content=\"Valpara\u00ed\u00adso Creativo\" \/>\n<meta property=\"article:published_time\" content=\"2024-06-03T21:22:53+00:00\" \/>\n<meta property=\"article:modified_time\" content=\"2024-06-03T21:23:09+00:00\" \/>\n<meta property=\"og:image\" content=\"https:\/\/dev.antudigital.cl\/sites\/vc\/wp-content\/uploads\/2024\/06\/image001.jpg\" \/>\n\t<meta property=\"og:image:width\" content=\"589\" \/>\n\t<meta property=\"og:image:height\" content=\"393\" \/>\n\t<meta property=\"og:image:type\" content=\"image\/jpeg\" \/>\n<meta name=\"author\" content=\"Valpara\u00edso Creativo\" \/>\n<meta name=\"twitter:card\" content=\"summary_large_image\" \/>\n<meta name=\"twitter:label1\" content=\"Escrito por\" \/>\n\t<meta name=\"twitter:data1\" content=\"Valpara\u00edso Creativo\" \/>\n\t<meta name=\"twitter:label2\" content=\"Tiempo de lectura\" \/>\n\t<meta name=\"twitter:data2\" content=\"2 minutos\" \/>\n<script type=\"application\/ld+json\" class=\"yoast-schema-graph\">{\"@context\":\"https:\/\/schema.org\",\"@graph\":[{\"@type\":\"Article\",\"@id\":\"https:\/\/dev.antudigital.cl\/sites\/vc\/invitacion-a-celebrar-el-dia-del-diseno-italiano\/#article\",\"isPartOf\":{\"@id\":\"https:\/\/dev.antudigital.cl\/sites\/vc\/invitacion-a-celebrar-el-dia-del-diseno-italiano\/\"},\"author\":{\"name\":\"Valpara\u00edso Creativo\",\"@id\":\"https:\/\/dev.antudigital.cl\/sites\/vc\/#\/schema\/person\/c2b9da8dd545e27166fc5ab232837318\"},\"headline\":\"Invitaci\u00f3n a celebrar el D\u00eda del Dise\u00f1o Italiano\",\"datePublished\":\"2024-06-03T21:22:53+00:00\",\"dateModified\":\"2024-06-03T21:23:09+00:00\",\"mainEntityOfPage\":{\"@id\":\"https:\/\/dev.antudigital.cl\/sites\/vc\/invitacion-a-celebrar-el-dia-del-diseno-italiano\/\"},\"wordCount\":260,\"image\":{\"@id\":\"https:\/\/dev.antudigital.cl\/sites\/vc\/invitacion-a-celebrar-el-dia-del-diseno-italiano\/#primaryimage\"},\"thumbnailUrl\":\"https:\/\/dev.antudigital.cl\/sites\/vc\/wp-content\/uploads\/2024\/06\/image001.jpg\",\"articleSection\":[\"Noticia\"],\"inLanguage\":\"es\"},{\"@type\":\"WebPage\",\"@id\":\"https:\/\/dev.antudigital.cl\/sites\/vc\/invitacion-a-celebrar-el-dia-del-diseno-italiano\/\",\"url\":\"https:\/\/dev.antudigital.cl\/sites\/vc\/invitacion-a-celebrar-el-dia-del-diseno-italiano\/\",\"name\":\"Invitaci\u00f3n a celebrar el D\u00eda del Dise\u00f1o Italiano - Valpara\u00ed\u00adso Creativo\",\"isPartOf\":{\"@id\":\"https:\/\/dev.antudigital.cl\/sites\/vc\/#website\"},\"primaryImageOfPage\":{\"@id\":\"https:\/\/dev.antudigital.cl\/sites\/vc\/invitacion-a-celebrar-el-dia-del-diseno-italiano\/#primaryimage\"},\"image\":{\"@id\":\"https:\/\/dev.antudigital.cl\/sites\/vc\/invitacion-a-celebrar-el-dia-del-diseno-italiano\/#primaryimage\"},\"thumbnailUrl\":\"https:\/\/dev.antudigital.cl\/sites\/vc\/wp-content\/uploads\/2024\/06\/image001.jpg\",\"datePublished\":\"2024-06-03T21:22:53+00:00\",\"dateModified\":\"2024-06-03T21:23:09+00:00\",\"author\":{\"@id\":\"https:\/\/dev.antudigital.cl\/sites\/vc\/#\/schema\/person\/c2b9da8dd545e27166fc5ab232837318\"},\"breadcrumb\":{\"@id\":\"https:\/\/dev.antudigital.cl\/sites\/vc\/invitacion-a-celebrar-el-dia-del-diseno-italiano\/#breadcrumb\"},\"inLanguage\":\"es\",\"potentialAction\":[{\"@type\":\"ReadAction\",\"target\":[\"https:\/\/dev.antudigital.cl\/sites\/vc\/invitacion-a-celebrar-el-dia-del-diseno-italiano\/\"]}]},{\"@type\":\"ImageObject\",\"inLanguage\":\"es\",\"@id\":\"https:\/\/dev.antudigital.cl\/sites\/vc\/invitacion-a-celebrar-el-dia-del-diseno-italiano\/#primaryimage\",\"url\":\"https:\/\/dev.antudigital.cl\/sites\/vc\/wp-content\/uploads\/2024\/06\/image001.jpg\",\"contentUrl\":\"https:\/\/dev.antudigital.cl\/sites\/vc\/wp-content\/uploads\/2024\/06\/image001.jpg\",\"width\":589,\"height\":393},{\"@type\":\"BreadcrumbList\",\"@id\":\"https:\/\/dev.antudigital.cl\/sites\/vc\/invitacion-a-celebrar-el-dia-del-diseno-italiano\/#breadcrumb\",\"itemListElement\":[{\"@type\":\"ListItem\",\"position\":1,\"name\":\"Home\",\"item\":\"https:\/\/dev.antudigital.cl\/sites\/vc\/\"},{\"@type\":\"ListItem\",\"position\":2,\"name\":\"Invitaci\u00f3n a celebrar el D\u00eda del Dise\u00f1o Italiano\"}]},{\"@type\":\"WebSite\",\"@id\":\"https:\/\/dev.antudigital.cl\/sites\/vc\/#website\",\"url\":\"https:\/\/dev.antudigital.cl\/sites\/vc\/\",\"name\":\"Valpara\u00ed\u00adso Creativo\",\"description\":\"\",\"potentialAction\":[{\"@type\":\"SearchAction\",\"target\":{\"@type\":\"EntryPoint\",\"urlTemplate\":\"https:\/\/dev.antudigital.cl\/sites\/vc\/?s={search_term_string}\"},\"query-input\":{\"@type\":\"PropertyValueSpecification\",\"valueRequired\":true,\"valueName\":\"search_term_string\"}}],\"inLanguage\":\"es\"},{\"@type\":\"Person\",\"@id\":\"https:\/\/dev.antudigital.cl\/sites\/vc\/#\/schema\/person\/c2b9da8dd545e27166fc5ab232837318\",\"name\":\"Valpara\u00edso Creativo\",\"description\":\"Periodista de cultura en la Regi\u00f3n de Valpara\u00edso.\",\"url\":\"https:\/\/dev.antudigital.cl\/sites\/vc\/author\/valpoadmin\/\"}]}<\/script>\n<!-- \/ Yoast SEO plugin. -->","yoast_head_json":{"title":"Invitaci\u00f3n a celebrar el D\u00eda del Dise\u00f1o Italiano - Valpara\u00ed\u00adso Creativo","robots":{"index":"index","follow":"follow","max-snippet":"max-snippet:-1","max-image-preview":"max-image-preview:large","max-video-preview":"max-video-preview:-1"},"canonical":"https:\/\/dev.antudigital.cl\/sites\/vc\/invitacion-a-celebrar-el-dia-del-diseno-italiano\/","og_locale":"es_ES","og_type":"article","og_title":"Invitaci\u00f3n a celebrar el D\u00eda del Dise\u00f1o Italiano - Valpara\u00ed\u00adso Creativo","og_description":"Loredana Rosso, Directora de Sede AIEP Valpara\u00edso y Vi\u00f1a del Mar, y Pedro Palma Casanova, Jefe de Escuela de Dise\u00f1o, Arte y Comunicaci\u00f3n, tienen el agrado de invitar a usted a la celebraci\u00f3n del&nbsp;D\u00eda del Dise\u00f1o Italiano, un evento que resalta la contribuci\u00f3n de la colectividad&nbsp;colectividaditaliana en la identidad de Valpara\u00edso como Patrimonio de la [&hellip;]","og_url":"https:\/\/dev.antudigital.cl\/sites\/vc\/invitacion-a-celebrar-el-dia-del-diseno-italiano\/","og_site_name":"Valpara\u00ed\u00adso Creativo","article_published_time":"2024-06-03T21:22:53+00:00","article_modified_time":"2024-06-03T21:23:09+00:00","og_image":[{"width":589,"height":393,"url":"https:\/\/dev.antudigital.cl\/sites\/vc\/wp-content\/uploads\/2024\/06\/image001.jpg","type":"image\/jpeg"}],"author":"Valpara\u00edso Creativo","twitter_card":"summary_large_image","twitter_misc":{"Escrito por":"Valpara\u00edso Creativo","Tiempo de lectura":"2 minutos"},"schema":{"@context":"https:\/\/schema.org","@graph":[{"@type":"Article","@id":"https:\/\/dev.antudigital.cl\/sites\/vc\/invitacion-a-celebrar-el-dia-del-diseno-italiano\/#article","isPartOf":{"@id":"https:\/\/dev.antudigital.cl\/sites\/vc\/invitacion-a-celebrar-el-dia-del-diseno-italiano\/"},"author":{"name":"Valpara\u00edso Creativo","@id":"https:\/\/dev.antudigital.cl\/sites\/vc\/#\/schema\/person\/c2b9da8dd545e27166fc5ab232837318"},"headline":"Invitaci\u00f3n a celebrar el D\u00eda del Dise\u00f1o Italiano","datePublished":"2024-06-03T21:22:53+00:00","dateModified":"2024-06-03T21:23:09+00:00","mainEntityOfPage":{"@id":"https:\/\/dev.antudigital.cl\/sites\/vc\/invitacion-a-celebrar-el-dia-del-diseno-italiano\/"},"wordCount":260,"image":{"@id":"https:\/\/dev.antudigital.cl\/sites\/vc\/invitacion-a-celebrar-el-dia-del-diseno-italiano\/#primaryimage"},"thumbnailUrl":"https:\/\/dev.antudigital.cl\/sites\/vc\/wp-content\/uploads\/2024\/06\/image001.jpg","articleSection":["Noticia"],"inLanguage":"es"},{"@type":"WebPage","@id":"https:\/\/dev.antudigital.cl\/sites\/vc\/invitacion-a-celebrar-el-dia-del-diseno-italiano\/","url":"https:\/\/dev.antudigital.cl\/sites\/vc\/invitacion-a-celebrar-el-dia-del-diseno-italiano\/","name":"Invitaci\u00f3n a celebrar el D\u00eda del Dise\u00f1o Italiano - Valpara\u00ed\u00adso Creativo","isPartOf":{"@id":"https:\/\/dev.antudigital.cl\/sites\/vc\/#website"},"primaryImageOfPage":{"@id":"https:\/\/dev.antudigital.cl\/sites\/vc\/invitacion-a-celebrar-el-dia-del-diseno-italiano\/#primaryimage"},"image":{"@id":"https:\/\/dev.antudigital.cl\/sites\/vc\/invitacion-a-celebrar-el-dia-del-diseno-italiano\/#primaryimage"},"thumbnailUrl":"https:\/\/dev.antudigital.cl\/sites\/vc\/wp-content\/uploads\/2024\/06\/image001.jpg","datePublished":"2024-06-03T21:22:53+00:00","dateModified":"2024-06-03T21:23:09+00:00","author":{"@id":"https:\/\/dev.antudigital.cl\/sites\/vc\/#\/schema\/person\/c2b9da8dd545e27166fc5ab232837318"},"breadcrumb":{"@id":"https:\/\/dev.antudigital.cl\/sites\/vc\/invitacion-a-celebrar-el-dia-del-diseno-italiano\/#breadcrumb"},"inLanguage":"es","potentialAction":[{"@type":"ReadAction","target":["https:\/\/dev.antudigital.cl\/sites\/vc\/invitacion-a-celebrar-el-dia-del-diseno-italiano\/"]}]},{"@type":"ImageObject","inLanguage":"es","@id":"https:\/\/dev.antudigital.cl\/sites\/vc\/invitacion-a-celebrar-el-dia-del-diseno-italiano\/#primaryimage","url":"https:\/\/dev.antudigital.cl\/sites\/vc\/wp-content\/uploads\/2024\/06\/image001.jpg","contentUrl":"https:\/\/dev.antudigital.cl\/sites\/vc\/wp-content\/uploads\/2024\/06\/image001.jpg","width":589,"height":393},{"@type":"BreadcrumbList","@id":"https:\/\/dev.antudigital.cl\/sites\/vc\/invitacion-a-celebrar-el-dia-del-diseno-italiano\/#breadcrumb","itemListElement":[{"@type":"ListItem","position":1,"name":"Home","item":"https:\/\/dev.antudigital.cl\/sites\/vc\/"},{"@type":"ListItem","position":2,"name":"Invitaci\u00f3n a celebrar el D\u00eda del Dise\u00f1o Italiano"}]},{"@type":"WebSite","@id":"https:\/\/dev.antudigital.cl\/sites\/vc\/#website","url":"https:\/\/dev.antudigital.cl\/sites\/vc\/","name":"Valpara\u00ed\u00adso Creativo","description":"","potentialAction":[{"@type":"SearchAction","target":{"@type":"EntryPoint","urlTemplate":"https:\/\/dev.antudigital.cl\/sites\/vc\/?s={search_term_string}"},"query-input":{"@type":"PropertyValueSpecification","valueRequired":true,"valueName":"search_term_string"}}],"inLanguage":"es"},{"@type":"Person","@id":"https:\/\/dev.antudigital.cl\/sites\/vc\/#\/schema\/person\/c2b9da8dd545e27166fc5ab232837318","name":"Valpara\u00edso Creativo","description":"Periodista de cultura en la Regi\u00f3n de Valpara\u00edso.","url":"https:\/\/dev.antudigital.cl\/sites\/vc\/author\/valpoadmin\/"}]}},"_links":{"self":[{"href":"https:\/\/dev.antudigital.cl\/sites\/vc\/wp-json\/wp\/v2\/posts\/19267","targetHints":{"allow":["GET"]}}],"collection":[{"href":"https:\/\/dev.antudigital.cl\/sites\/vc\/wp-json\/wp\/v2\/posts"}],"about":[{"href":"https:\/\/dev.antudigital.cl\/sites\/vc\/wp-json\/wp\/v2\/types\/post"}],"author":[{"embeddable":true,"href":"https:\/\/dev.antudigital.cl\/sites\/vc\/wp-json\/wp\/v2\/users\/1"}],"replies":[{"embeddable":true,"href":"https:\/\/dev.antudigital.cl\/sites\/vc\/wp-json\/wp\/v2\/comments?post=19267"}],"version-history":[{"count":1,"href":"https:\/\/dev.antudigital.cl\/sites\/vc\/wp-json\/wp\/v2\/posts\/19267\/revisions"}],"predecessor-version":[{"id":19269,"href":"https:\/\/dev.antudigital.cl\/sites\/vc\/wp-json\/wp\/v2\/posts\/19267\/revisions\/19269"}],"wp:featuredmedia":[{"embeddable":true,"href":"https:\/\/dev.antudigital.cl\/sites\/vc\/wp-json\/wp\/v2\/media\/19268"}],"wp:attachment":[{"href":"https:\/\/dev.antudigital.cl\/sites\/vc\/wp-json\/wp\/v2\/media?parent=19267"}],"wp:term":[{"taxonomy":"category","embeddable":true,"href":"https:\/\/dev.antudigital.cl\/sites\/vc\/wp-json\/wp\/v2\/categories?post=19267"},{"taxonomy":"post_tag","embeddable":true,"href":"https:\/\/dev.antudigital.cl\/sites\/vc\/wp-json\/wp\/v2\/tags?post=19267"}],"curies":[{"name":"wp","href":"https:\/\/api.w.org\/{rel}","templated":true}]}}