{"id":19270,"date":"2024-06-03T21:33:51","date_gmt":"2024-06-03T21:33:51","guid":{"rendered":"https:\/\/www.valparaisocreativo.cl\/?p=19270"},"modified":"2024-06-03T21:34:16","modified_gmt":"2024-06-03T21:34:16","slug":"mision-comercial-en-el-marco-de-sunny-side-of-the-doc-2024","status":"publish","type":"post","link":"https:\/\/dev.antudigital.cl\/sites\/vc\/mision-comercial-en-el-marco-de-sunny-side-of-the-doc-2024\/","title":{"rendered":"Misi\u00f3n Comercial en el marco de Sunny Side of the Doc 2024"},"content":{"rendered":"\n<p>Hasta el 27 de junio del 2024<\/p>\n\n\n\n<p>ProChile invita a empresas\/productoras chilenas de las Industrias Creativas pertenecientes al sector audiovisual del<\/p>\n\n\n\n<p>\u00e1rea documental, a participar en la misi\u00f3n comercial en el marco de Sunny Side of the Doc a realizarse entre el 24 y<\/p>\n\n\n\n<p>27 de junio de 2024. Establecido en La Rochelle, Francia, Sunny Side of the Doc (SSD) se ha convertido en un<\/p>\n\n\n\n<p>importante mercado internacional para la coproducci\u00f3n, compra y venta de proyectos documentales de alta calidad,<\/p>\n\n\n\n<p>series de televisi\u00f3n y nuevas experiencias narrativas. Para m\u00e1s informaci\u00f3n del evento:<\/p>\n\n\n\n<figure class=\"wp-block-embed is-type-wp-embed is-provider-sunny-side-of-the-doc wp-block-embed-sunny-side-of-the-doc\"><div class=\"wp-block-embed__wrapper\">\nhttps:\/\/www.sunnysideofthedoc.com\/event\/sunny-side-of-the-doc-2024\n<\/div><\/figure>\n\n\n\n<p>Esta convocatoria se rige por las \u201cBases de Convocatorias\u201d aprobadas por Resoluci\u00f3n Exenta de ProChile N\u00b03942 del<\/p>\n\n\n\n<p>29.12.2023 y\/o por las \u201cBases Programa de Ferias\u201d aprobadas por Resoluci\u00f3n Exenta de ProChile N\u00b0621, de<\/p>\n\n\n\n<p>22.04.2021 o la que la modifique o reemplace.<\/p>\n\n\n\n<p><small><em>\u201cPara agilizar el proceso de postulaci\u00f3n a las diferentes actividades organizadas por ProChile, te invitamos a realizar con anticipaci\u00f3n el proceso de Pre admisibilidad, para posteriormente poder postular a las distintas actividades en las que te interese participar. La Pre admisibilidad es un paso previo a la postulaci\u00f3n de cada convocatoria\u201d.<\/em><\/small><\/p>\n\n\n\n<p><\/p>\n\n\n\n<p><a href=\"https:\/\/www.prochile.gob.cl\/convocatorias\/detalle\/misi%c3%b3n-comercial-en-el-marco-de-sunny-side-of-the-doc-2024\">POSTULA AQU\u00cd<\/a><\/p>\n","protected":false},"excerpt":{"rendered":"<p>Hasta el 27 de junio del 2024 ProChile invita a empresas\/productoras chilenas de las Industrias Creativas pertenecientes al sector audiovisual del \u00e1rea documental, a participar en la misi\u00f3n comercial en el marco de Sunny Side of the Doc a realizarse entre el 24 y 27 de junio de 2024. Establecido en La Rochelle, Francia, Sunny [&hellip;]<\/p>\n","protected":false},"author":1,"featured_media":19271,"comment_status":"closed","ping_status":"closed","sticky":false,"template":"","format":"standard","meta":{"_acf_changed":false,"footnotes":""},"categories":[8],"tags":[],"class_list":["post-19270","post","type-post","status-publish","format-standard","has-post-thumbnail","hentry","category-noticia"],"acf":[],"yoast_head":"<!-- This site is optimized with the Yoast SEO plugin v27.1.1 - https:\/\/yoast.com\/product\/yoast-seo-wordpress\/ -->\n<title>Misi\u00f3n Comercial en el marco de Sunny Side of the Doc 2024 - Valpara\u00ed\u00adso Creativo<\/title>\n<meta name=\"robots\" content=\"index, follow, max-snippet:-1, max-image-preview:large, max-video-preview:-1\" \/>\n<link rel=\"canonical\" href=\"https:\/\/dev.antudigital.cl\/sites\/vc\/mision-comercial-en-el-marco-de-sunny-side-of-the-doc-2024\/\" \/>\n<meta property=\"og:locale\" content=\"es_ES\" \/>\n<meta property=\"og:type\" content=\"article\" \/>\n<meta property=\"og:title\" content=\"Misi\u00f3n Comercial en el marco de Sunny Side of the Doc 2024 - Valpara\u00ed\u00adso Creativo\" \/>\n<meta property=\"og:description\" content=\"Hasta el 27 de junio del 2024 ProChile invita a empresas\/productoras chilenas de las Industrias Creativas pertenecientes al sector audiovisual del \u00e1rea documental, a participar en la misi\u00f3n comercial en el marco de Sunny Side of the Doc a realizarse entre el 24 y 27 de junio de 2024. Establecido en La Rochelle, Francia, Sunny [&hellip;]\" \/>\n<meta property=\"og:url\" content=\"https:\/\/dev.antudigital.cl\/sites\/vc\/mision-comercial-en-el-marco-de-sunny-side-of-the-doc-2024\/\" \/>\n<meta property=\"og:site_name\" content=\"Valpara\u00ed\u00adso Creativo\" \/>\n<meta property=\"article:published_time\" content=\"2024-06-03T21:33:51+00:00\" \/>\n<meta property=\"article:modified_time\" content=\"2024-06-03T21:34:16+00:00\" \/>\n<meta property=\"og:image\" content=\"https:\/\/dev.antudigital.cl\/sites\/vc\/wp-content\/uploads\/2024\/06\/Banner-copia9e4fed8b-ace5-43f1-a6d3-8a36b5d004e4.png\" \/>\n\t<meta property=\"og:image:width\" content=\"1024\" \/>\n\t<meta property=\"og:image:height\" content=\"237\" \/>\n\t<meta property=\"og:image:type\" content=\"image\/png\" \/>\n<meta name=\"author\" content=\"Valpara\u00edso Creativo\" \/>\n<meta name=\"twitter:card\" content=\"summary_large_image\" \/>\n<meta name=\"twitter:label1\" content=\"Escrito por\" \/>\n\t<meta name=\"twitter:data1\" content=\"Valpara\u00edso Creativo\" \/>\n\t<meta name=\"twitter:label2\" content=\"Tiempo de lectura\" \/>\n\t<meta name=\"twitter:data2\" content=\"2 minutos\" \/>\n<script type=\"application\/ld+json\" class=\"yoast-schema-graph\">{\"@context\":\"https:\/\/schema.org\",\"@graph\":[{\"@type\":\"Article\",\"@id\":\"https:\/\/dev.antudigital.cl\/sites\/vc\/mision-comercial-en-el-marco-de-sunny-side-of-the-doc-2024\/#article\",\"isPartOf\":{\"@id\":\"https:\/\/dev.antudigital.cl\/sites\/vc\/mision-comercial-en-el-marco-de-sunny-side-of-the-doc-2024\/\"},\"author\":{\"name\":\"Valpara\u00edso Creativo\",\"@id\":\"https:\/\/dev.antudigital.cl\/sites\/vc\/#\/schema\/person\/c2b9da8dd545e27166fc5ab232837318\"},\"headline\":\"Misi\u00f3n Comercial en el marco de Sunny Side of the Doc 2024\",\"datePublished\":\"2024-06-03T21:33:51+00:00\",\"dateModified\":\"2024-06-03T21:34:16+00:00\",\"mainEntityOfPage\":{\"@id\":\"https:\/\/dev.antudigital.cl\/sites\/vc\/mision-comercial-en-el-marco-de-sunny-side-of-the-doc-2024\/\"},\"wordCount\":209,\"image\":{\"@id\":\"https:\/\/dev.antudigital.cl\/sites\/vc\/mision-comercial-en-el-marco-de-sunny-side-of-the-doc-2024\/#primaryimage\"},\"thumbnailUrl\":\"https:\/\/dev.antudigital.cl\/sites\/vc\/wp-content\/uploads\/2024\/06\/Banner-copia9e4fed8b-ace5-43f1-a6d3-8a36b5d004e4.png\",\"articleSection\":[\"Noticia\"],\"inLanguage\":\"es\"},{\"@type\":\"WebPage\",\"@id\":\"https:\/\/dev.antudigital.cl\/sites\/vc\/mision-comercial-en-el-marco-de-sunny-side-of-the-doc-2024\/\",\"url\":\"https:\/\/dev.antudigital.cl\/sites\/vc\/mision-comercial-en-el-marco-de-sunny-side-of-the-doc-2024\/\",\"name\":\"Misi\u00f3n Comercial en el marco de Sunny Side of the Doc 2024 - Valpara\u00ed\u00adso Creativo\",\"isPartOf\":{\"@id\":\"https:\/\/dev.antudigital.cl\/sites\/vc\/#website\"},\"primaryImageOfPage\":{\"@id\":\"https:\/\/dev.antudigital.cl\/sites\/vc\/mision-comercial-en-el-marco-de-sunny-side-of-the-doc-2024\/#primaryimage\"},\"image\":{\"@id\":\"https:\/\/dev.antudigital.cl\/sites\/vc\/mision-comercial-en-el-marco-de-sunny-side-of-the-doc-2024\/#primaryimage\"},\"thumbnailUrl\":\"https:\/\/dev.antudigital.cl\/sites\/vc\/wp-content\/uploads\/2024\/06\/Banner-copia9e4fed8b-ace5-43f1-a6d3-8a36b5d004e4.png\",\"datePublished\":\"2024-06-03T21:33:51+00:00\",\"dateModified\":\"2024-06-03T21:34:16+00:00\",\"author\":{\"@id\":\"https:\/\/dev.antudigital.cl\/sites\/vc\/#\/schema\/person\/c2b9da8dd545e27166fc5ab232837318\"},\"breadcrumb\":{\"@id\":\"https:\/\/dev.antudigital.cl\/sites\/vc\/mision-comercial-en-el-marco-de-sunny-side-of-the-doc-2024\/#breadcrumb\"},\"inLanguage\":\"es\",\"potentialAction\":[{\"@type\":\"ReadAction\",\"target\":[\"https:\/\/dev.antudigital.cl\/sites\/vc\/mision-comercial-en-el-marco-de-sunny-side-of-the-doc-2024\/\"]}]},{\"@type\":\"ImageObject\",\"inLanguage\":\"es\",\"@id\":\"https:\/\/dev.antudigital.cl\/sites\/vc\/mision-comercial-en-el-marco-de-sunny-side-of-the-doc-2024\/#primaryimage\",\"url\":\"https:\/\/dev.antudigital.cl\/sites\/vc\/wp-content\/uploads\/2024\/06\/Banner-copia9e4fed8b-ace5-43f1-a6d3-8a36b5d004e4.png\",\"contentUrl\":\"https:\/\/dev.antudigital.cl\/sites\/vc\/wp-content\/uploads\/2024\/06\/Banner-copia9e4fed8b-ace5-43f1-a6d3-8a36b5d004e4.png\",\"width\":1024,\"height\":237},{\"@type\":\"BreadcrumbList\",\"@id\":\"https:\/\/dev.antudigital.cl\/sites\/vc\/mision-comercial-en-el-marco-de-sunny-side-of-the-doc-2024\/#breadcrumb\",\"itemListElement\":[{\"@type\":\"ListItem\",\"position\":1,\"name\":\"Home\",\"item\":\"https:\/\/dev.antudigital.cl\/sites\/vc\/\"},{\"@type\":\"ListItem\",\"position\":2,\"name\":\"Misi\u00f3n Comercial en el marco de Sunny Side of the Doc 2024\"}]},{\"@type\":\"WebSite\",\"@id\":\"https:\/\/dev.antudigital.cl\/sites\/vc\/#website\",\"url\":\"https:\/\/dev.antudigital.cl\/sites\/vc\/\",\"name\":\"Valpara\u00ed\u00adso Creativo\",\"description\":\"\",\"potentialAction\":[{\"@type\":\"SearchAction\",\"target\":{\"@type\":\"EntryPoint\",\"urlTemplate\":\"https:\/\/dev.antudigital.cl\/sites\/vc\/?s={search_term_string}\"},\"query-input\":{\"@type\":\"PropertyValueSpecification\",\"valueRequired\":true,\"valueName\":\"search_term_string\"}}],\"inLanguage\":\"es\"},{\"@type\":\"Person\",\"@id\":\"https:\/\/dev.antudigital.cl\/sites\/vc\/#\/schema\/person\/c2b9da8dd545e27166fc5ab232837318\",\"name\":\"Valpara\u00edso Creativo\",\"description\":\"Periodista de cultura en la Regi\u00f3n de Valpara\u00edso.\",\"url\":\"https:\/\/dev.antudigital.cl\/sites\/vc\/author\/valpoadmin\/\"}]}<\/script>\n<!-- \/ Yoast SEO plugin. -->","yoast_head_json":{"title":"Misi\u00f3n Comercial en el marco de Sunny Side of the Doc 2024 - Valpara\u00ed\u00adso Creativo","robots":{"index":"index","follow":"follow","max-snippet":"max-snippet:-1","max-image-preview":"max-image-preview:large","max-video-preview":"max-video-preview:-1"},"canonical":"https:\/\/dev.antudigital.cl\/sites\/vc\/mision-comercial-en-el-marco-de-sunny-side-of-the-doc-2024\/","og_locale":"es_ES","og_type":"article","og_title":"Misi\u00f3n Comercial en el marco de Sunny Side of the Doc 2024 - Valpara\u00ed\u00adso Creativo","og_description":"Hasta el 27 de junio del 2024 ProChile invita a empresas\/productoras chilenas de las Industrias Creativas pertenecientes al sector audiovisual del \u00e1rea documental, a participar en la misi\u00f3n comercial en el marco de Sunny Side of the Doc a realizarse entre el 24 y 27 de junio de 2024. Establecido en La Rochelle, Francia, Sunny [&hellip;]","og_url":"https:\/\/dev.antudigital.cl\/sites\/vc\/mision-comercial-en-el-marco-de-sunny-side-of-the-doc-2024\/","og_site_name":"Valpara\u00ed\u00adso Creativo","article_published_time":"2024-06-03T21:33:51+00:00","article_modified_time":"2024-06-03T21:34:16+00:00","og_image":[{"width":1024,"height":237,"url":"https:\/\/dev.antudigital.cl\/sites\/vc\/wp-content\/uploads\/2024\/06\/Banner-copia9e4fed8b-ace5-43f1-a6d3-8a36b5d004e4.png","type":"image\/png"}],"author":"Valpara\u00edso Creativo","twitter_card":"summary_large_image","twitter_misc":{"Escrito por":"Valpara\u00edso Creativo","Tiempo de lectura":"2 minutos"},"schema":{"@context":"https:\/\/schema.org","@graph":[{"@type":"Article","@id":"https:\/\/dev.antudigital.cl\/sites\/vc\/mision-comercial-en-el-marco-de-sunny-side-of-the-doc-2024\/#article","isPartOf":{"@id":"https:\/\/dev.antudigital.cl\/sites\/vc\/mision-comercial-en-el-marco-de-sunny-side-of-the-doc-2024\/"},"author":{"name":"Valpara\u00edso Creativo","@id":"https:\/\/dev.antudigital.cl\/sites\/vc\/#\/schema\/person\/c2b9da8dd545e27166fc5ab232837318"},"headline":"Misi\u00f3n Comercial en el marco de Sunny Side of the Doc 2024","datePublished":"2024-06-03T21:33:51+00:00","dateModified":"2024-06-03T21:34:16+00:00","mainEntityOfPage":{"@id":"https:\/\/dev.antudigital.cl\/sites\/vc\/mision-comercial-en-el-marco-de-sunny-side-of-the-doc-2024\/"},"wordCount":209,"image":{"@id":"https:\/\/dev.antudigital.cl\/sites\/vc\/mision-comercial-en-el-marco-de-sunny-side-of-the-doc-2024\/#primaryimage"},"thumbnailUrl":"https:\/\/dev.antudigital.cl\/sites\/vc\/wp-content\/uploads\/2024\/06\/Banner-copia9e4fed8b-ace5-43f1-a6d3-8a36b5d004e4.png","articleSection":["Noticia"],"inLanguage":"es"},{"@type":"WebPage","@id":"https:\/\/dev.antudigital.cl\/sites\/vc\/mision-comercial-en-el-marco-de-sunny-side-of-the-doc-2024\/","url":"https:\/\/dev.antudigital.cl\/sites\/vc\/mision-comercial-en-el-marco-de-sunny-side-of-the-doc-2024\/","name":"Misi\u00f3n Comercial en el marco de Sunny Side of the Doc 2024 - Valpara\u00ed\u00adso Creativo","isPartOf":{"@id":"https:\/\/dev.antudigital.cl\/sites\/vc\/#website"},"primaryImageOfPage":{"@id":"https:\/\/dev.antudigital.cl\/sites\/vc\/mision-comercial-en-el-marco-de-sunny-side-of-the-doc-2024\/#primaryimage"},"image":{"@id":"https:\/\/dev.antudigital.cl\/sites\/vc\/mision-comercial-en-el-marco-de-sunny-side-of-the-doc-2024\/#primaryimage"},"thumbnailUrl":"https:\/\/dev.antudigital.cl\/sites\/vc\/wp-content\/uploads\/2024\/06\/Banner-copia9e4fed8b-ace5-43f1-a6d3-8a36b5d004e4.png","datePublished":"2024-06-03T21:33:51+00:00","dateModified":"2024-06-03T21:34:16+00:00","author":{"@id":"https:\/\/dev.antudigital.cl\/sites\/vc\/#\/schema\/person\/c2b9da8dd545e27166fc5ab232837318"},"breadcrumb":{"@id":"https:\/\/dev.antudigital.cl\/sites\/vc\/mision-comercial-en-el-marco-de-sunny-side-of-the-doc-2024\/#breadcrumb"},"inLanguage":"es","potentialAction":[{"@type":"ReadAction","target":["https:\/\/dev.antudigital.cl\/sites\/vc\/mision-comercial-en-el-marco-de-sunny-side-of-the-doc-2024\/"]}]},{"@type":"ImageObject","inLanguage":"es","@id":"https:\/\/dev.antudigital.cl\/sites\/vc\/mision-comercial-en-el-marco-de-sunny-side-of-the-doc-2024\/#primaryimage","url":"https:\/\/dev.antudigital.cl\/sites\/vc\/wp-content\/uploads\/2024\/06\/Banner-copia9e4fed8b-ace5-43f1-a6d3-8a36b5d004e4.png","contentUrl":"https:\/\/dev.antudigital.cl\/sites\/vc\/wp-content\/uploads\/2024\/06\/Banner-copia9e4fed8b-ace5-43f1-a6d3-8a36b5d004e4.png","width":1024,"height":237},{"@type":"BreadcrumbList","@id":"https:\/\/dev.antudigital.cl\/sites\/vc\/mision-comercial-en-el-marco-de-sunny-side-of-the-doc-2024\/#breadcrumb","itemListElement":[{"@type":"ListItem","position":1,"name":"Home","item":"https:\/\/dev.antudigital.cl\/sites\/vc\/"},{"@type":"ListItem","position":2,"name":"Misi\u00f3n Comercial en el marco de Sunny Side of the Doc 2024"}]},{"@type":"WebSite","@id":"https:\/\/dev.antudigital.cl\/sites\/vc\/#website","url":"https:\/\/dev.antudigital.cl\/sites\/vc\/","name":"Valpara\u00ed\u00adso Creativo","description":"","potentialAction":[{"@type":"SearchAction","target":{"@type":"EntryPoint","urlTemplate":"https:\/\/dev.antudigital.cl\/sites\/vc\/?s={search_term_string}"},"query-input":{"@type":"PropertyValueSpecification","valueRequired":true,"valueName":"search_term_string"}}],"inLanguage":"es"},{"@type":"Person","@id":"https:\/\/dev.antudigital.cl\/sites\/vc\/#\/schema\/person\/c2b9da8dd545e27166fc5ab232837318","name":"Valpara\u00edso Creativo","description":"Periodista de cultura en la Regi\u00f3n de Valpara\u00edso.","url":"https:\/\/dev.antudigital.cl\/sites\/vc\/author\/valpoadmin\/"}]}},"_links":{"self":[{"href":"https:\/\/dev.antudigital.cl\/sites\/vc\/wp-json\/wp\/v2\/posts\/19270","targetHints":{"allow":["GET"]}}],"collection":[{"href":"https:\/\/dev.antudigital.cl\/sites\/vc\/wp-json\/wp\/v2\/posts"}],"about":[{"href":"https:\/\/dev.antudigital.cl\/sites\/vc\/wp-json\/wp\/v2\/types\/post"}],"author":[{"embeddable":true,"href":"https:\/\/dev.antudigital.cl\/sites\/vc\/wp-json\/wp\/v2\/users\/1"}],"replies":[{"embeddable":true,"href":"https:\/\/dev.antudigital.cl\/sites\/vc\/wp-json\/wp\/v2\/comments?post=19270"}],"version-history":[{"count":1,"href":"https:\/\/dev.antudigital.cl\/sites\/vc\/wp-json\/wp\/v2\/posts\/19270\/revisions"}],"predecessor-version":[{"id":19272,"href":"https:\/\/dev.antudigital.cl\/sites\/vc\/wp-json\/wp\/v2\/posts\/19270\/revisions\/19272"}],"wp:featuredmedia":[{"embeddable":true,"href":"https:\/\/dev.antudigital.cl\/sites\/vc\/wp-json\/wp\/v2\/media\/19271"}],"wp:attachment":[{"href":"https:\/\/dev.antudigital.cl\/sites\/vc\/wp-json\/wp\/v2\/media?parent=19270"}],"wp:term":[{"taxonomy":"category","embeddable":true,"href":"https:\/\/dev.antudigital.cl\/sites\/vc\/wp-json\/wp\/v2\/categories?post=19270"},{"taxonomy":"post_tag","embeddable":true,"href":"https:\/\/dev.antudigital.cl\/sites\/vc\/wp-json\/wp\/v2\/tags?post=19270"}],"curies":[{"name":"wp","href":"https:\/\/api.w.org\/{rel}","templated":true}]}}