{"id":19274,"date":"2024-04-18T22:41:00","date_gmt":"2024-04-18T22:41:00","guid":{"rendered":"https:\/\/www.valparaisocreativo.cl\/?p=19274"},"modified":"2024-06-03T22:44:54","modified_gmt":"2024-06-03T22:44:54","slug":"entrevista-a-arelis-uribe-a-proposito-de-su-proximo-taller-en-valparaiso","status":"publish","type":"post","link":"https:\/\/dev.antudigital.cl\/sites\/vc\/entrevista-a-arelis-uribe-a-proposito-de-su-proximo-taller-en-valparaiso\/","title":{"rendered":"Entrevista a Arelis Uribe a prop\u00f3sito de su pr\u00f3ximo taller en Valpara\u00edso"},"content":{"rendered":"\n<p><a href=\"https:\/\/www.valparaisocreativo.cl\/convocan-a-residentes-del-gran-valparaiso-a-taller-literario-gratuito-con-la-escritora-arelis-uribe\/\">Actualmente se encuentra abierta una convocatoria para quienes tienen inter\u00e9s en desarrollar un proyecto literario en la ciudad de Valp<\/a>a<a href=\"https:\/\/www.valparaisocreativo.cl\/convocan-a-residentes-del-gran-valparaiso-a-taller-literario-gratuito-con-la-escritora-arelis-uribe\/\">ra\u00edso.<\/a> A prop\u00f3sito de eso entrevistamos a la escritora, quien lleva un tiempo habitando la ciudad puerto.<\/p>\n\n\n\n<blockquote class=\"wp-block-quote is-layout-flow wp-block-quote-is-layout-flow\">\n<p>&#8211;&nbsp;Arelis, \u00bfc\u00f3mo ha sido la transici\u00f3n a ser habitante de Valpara\u00edso?<\/p>\n<\/blockquote>\n\n\n\n<p>Ha sido una transici\u00f3n muy bac\u00e1n, \u00e9sta es una ciudad tranquila, convivimos con el mar, est\u00e1 lleno de murales y grafitis, llego a pie a todos lados. Me siento bien aqu\u00ed, si tengo que elegir un lugar para vivir en Chile, ese lugar es Valpara\u00edso.<\/p>\n\n\n\n<blockquote class=\"wp-block-quote is-layout-flow wp-block-quote-is-layout-flow\">\n<p>&#8211; \u00bfQu\u00e9 es lo que buscas explorar en los y las participantes de este taller territorial? M\u00e1s all\u00e1 del formato, \u00bftienes alguna idea de las inquietudes con las que te puedes encontrar?<\/p>\n<\/blockquote>\n\n\n\n<p>Ya han postulado como cien personas, la mayor\u00eda con poes\u00eda, incre\u00edble la cantidad de poetas que hay all\u00e1 afuera. Hasta ahora, me han interesado unos diez perfiles, con textos narrativos de im\u00e1genes claras y frases juguetonas, eso me gusta. Hoy les escrib\u00ed pregunt\u00e1ndoles si ten\u00edan m\u00e1s material y la mayor\u00eda contest\u00f3 s\u00ed, varias p\u00e1ginas. Vislumbro que quienes participen ser\u00e1n personas \u00e1vidas de compartir su escritura y descubrir nuevas lecturas.<\/p>\n\n\n\n<blockquote class=\"wp-block-quote is-layout-flow wp-block-quote-is-layout-flow\">\n<p>&#8211; \u00bfC\u00f3mo explicar\u00edas el valor del territorio y del cotidiano para quienes desean escribir?<\/p>\n<\/blockquote>\n\n\n\n<p>Las historias se montan en escenarios que reflejan paisajes, cada artista crea en su territorio y lo refleja en la obra. El contexto permea absolutamente la creaci\u00f3n, en especial en la literatura, que es oralidad pura. Los p\u00e1jaros cantan distinto en cada rinconcito de la tierra y las personas tambi\u00e9n. Poes\u00eda es capturar en letra el sonido de la gente en un territorio espec\u00edfico.<\/p>\n\n\n\n<blockquote class=\"wp-block-quote is-layout-flow wp-block-quote-is-layout-flow\">\n<p>&#8211; \u00bfHay algo m\u00e1s que quieras agregar respecto al taller, como llamado?<\/p>\n<\/blockquote>\n\n\n\n<p>Que vengan. Solo les pido tres cosas: que sean de la regi\u00f3n de Valpara\u00edso, que tengan un manuscrito de varias p\u00e1ginas y que cuenten con la disposici\u00f3n para venir los s\u00e1bados en la ma\u00f1ana a la ex-c\u00e1rcel por cuatro meses. Si me cuenta eso en un email a&nbsp;<a href=\"mailto:editorialnegra@gmail.com\" target=\"_blank\" rel=\"noreferrer noopener\">editorialnegra@gmail.com<\/a>&nbsp;tiene altas posibilidades de ser seleccionadi. Son 20 cupos, postulen plis.<\/p>\n","protected":false},"excerpt":{"rendered":"<p>Actualmente se encuentra abierta una convocatoria para quienes tienen inter\u00e9s en desarrollar un proyecto literario en la ciudad de Valpara\u00edso. A prop\u00f3sito de eso entrevistamos a la escritora, quien lleva un tiempo habitando la ciudad puerto. &#8211;&nbsp;Arelis, \u00bfc\u00f3mo ha sido la transici\u00f3n a ser habitante de Valpara\u00edso? Ha sido una transici\u00f3n muy bac\u00e1n, \u00e9sta es [&hellip;]<\/p>\n","protected":false},"author":1,"featured_media":18763,"comment_status":"closed","ping_status":"closed","sticky":false,"template":"","format":"standard","meta":{"_acf_changed":false,"footnotes":""},"categories":[218],"tags":[],"class_list":["post-19274","post","type-post","status-publish","format-standard","has-post-thumbnail","hentry","category-blog"],"acf":[],"yoast_head":"<!-- This site is optimized with the Yoast SEO plugin v27.1.1 - https:\/\/yoast.com\/product\/yoast-seo-wordpress\/ -->\n<title>Entrevista a Arelis Uribe a prop\u00f3sito de su pr\u00f3ximo taller en Valpara\u00edso - Valpara\u00ed\u00adso Creativo<\/title>\n<meta name=\"robots\" content=\"index, follow, max-snippet:-1, max-image-preview:large, max-video-preview:-1\" \/>\n<link rel=\"canonical\" href=\"https:\/\/dev.antudigital.cl\/sites\/vc\/entrevista-a-arelis-uribe-a-proposito-de-su-proximo-taller-en-valparaiso\/\" \/>\n<meta property=\"og:locale\" content=\"es_ES\" \/>\n<meta property=\"og:type\" content=\"article\" \/>\n<meta property=\"og:title\" content=\"Entrevista a Arelis Uribe a prop\u00f3sito de su pr\u00f3ximo taller en Valpara\u00edso - Valpara\u00ed\u00adso Creativo\" \/>\n<meta property=\"og:description\" content=\"Actualmente se encuentra abierta una convocatoria para quienes tienen inter\u00e9s en desarrollar un proyecto literario en la ciudad de Valpara\u00edso. A prop\u00f3sito de eso entrevistamos a la escritora, quien lleva un tiempo habitando la ciudad puerto. &#8211;&nbsp;Arelis, \u00bfc\u00f3mo ha sido la transici\u00f3n a ser habitante de Valpara\u00edso? Ha sido una transici\u00f3n muy bac\u00e1n, \u00e9sta es [&hellip;]\" \/>\n<meta property=\"og:url\" content=\"https:\/\/dev.antudigital.cl\/sites\/vc\/entrevista-a-arelis-uribe-a-proposito-de-su-proximo-taller-en-valparaiso\/\" \/>\n<meta property=\"og:site_name\" content=\"Valpara\u00ed\u00adso Creativo\" \/>\n<meta property=\"article:published_time\" content=\"2024-04-18T22:41:00+00:00\" \/>\n<meta property=\"article:modified_time\" content=\"2024-06-03T22:44:54+00:00\" \/>\n<meta property=\"og:image\" content=\"https:\/\/dev.antudigital.cl\/sites\/vc\/wp-content\/uploads\/2024\/04\/Arelis-Uribe-horizontal.jpg\" \/>\n\t<meta property=\"og:image:width\" content=\"1599\" \/>\n\t<meta property=\"og:image:height\" content=\"1200\" \/>\n\t<meta property=\"og:image:type\" content=\"image\/jpeg\" \/>\n<meta name=\"author\" content=\"Valpara\u00edso Creativo\" \/>\n<meta name=\"twitter:card\" content=\"summary_large_image\" \/>\n<meta name=\"twitter:label1\" content=\"Escrito por\" \/>\n\t<meta name=\"twitter:data1\" content=\"Valpara\u00edso Creativo\" \/>\n\t<meta name=\"twitter:label2\" content=\"Tiempo de lectura\" \/>\n\t<meta name=\"twitter:data2\" content=\"2 minutos\" \/>\n<script type=\"application\/ld+json\" class=\"yoast-schema-graph\">{\"@context\":\"https:\/\/schema.org\",\"@graph\":[{\"@type\":\"Article\",\"@id\":\"https:\/\/dev.antudigital.cl\/sites\/vc\/entrevista-a-arelis-uribe-a-proposito-de-su-proximo-taller-en-valparaiso\/#article\",\"isPartOf\":{\"@id\":\"https:\/\/dev.antudigital.cl\/sites\/vc\/entrevista-a-arelis-uribe-a-proposito-de-su-proximo-taller-en-valparaiso\/\"},\"author\":{\"name\":\"Valpara\u00edso Creativo\",\"@id\":\"https:\/\/dev.antudigital.cl\/sites\/vc\/#\/schema\/person\/c2b9da8dd545e27166fc5ab232837318\"},\"headline\":\"Entrevista a Arelis Uribe a prop\u00f3sito de su pr\u00f3ximo taller en Valpara\u00edso\",\"datePublished\":\"2024-04-18T22:41:00+00:00\",\"dateModified\":\"2024-06-03T22:44:54+00:00\",\"mainEntityOfPage\":{\"@id\":\"https:\/\/dev.antudigital.cl\/sites\/vc\/entrevista-a-arelis-uribe-a-proposito-de-su-proximo-taller-en-valparaiso\/\"},\"wordCount\":398,\"image\":{\"@id\":\"https:\/\/dev.antudigital.cl\/sites\/vc\/entrevista-a-arelis-uribe-a-proposito-de-su-proximo-taller-en-valparaiso\/#primaryimage\"},\"thumbnailUrl\":\"https:\/\/dev.antudigital.cl\/sites\/vc\/wp-content\/uploads\/2024\/04\/Arelis-Uribe-horizontal.jpg\",\"articleSection\":[\"Blog\"],\"inLanguage\":\"es\"},{\"@type\":\"WebPage\",\"@id\":\"https:\/\/dev.antudigital.cl\/sites\/vc\/entrevista-a-arelis-uribe-a-proposito-de-su-proximo-taller-en-valparaiso\/\",\"url\":\"https:\/\/dev.antudigital.cl\/sites\/vc\/entrevista-a-arelis-uribe-a-proposito-de-su-proximo-taller-en-valparaiso\/\",\"name\":\"Entrevista a Arelis Uribe a prop\u00f3sito de su pr\u00f3ximo taller en Valpara\u00edso - Valpara\u00ed\u00adso Creativo\",\"isPartOf\":{\"@id\":\"https:\/\/dev.antudigital.cl\/sites\/vc\/#website\"},\"primaryImageOfPage\":{\"@id\":\"https:\/\/dev.antudigital.cl\/sites\/vc\/entrevista-a-arelis-uribe-a-proposito-de-su-proximo-taller-en-valparaiso\/#primaryimage\"},\"image\":{\"@id\":\"https:\/\/dev.antudigital.cl\/sites\/vc\/entrevista-a-arelis-uribe-a-proposito-de-su-proximo-taller-en-valparaiso\/#primaryimage\"},\"thumbnailUrl\":\"https:\/\/dev.antudigital.cl\/sites\/vc\/wp-content\/uploads\/2024\/04\/Arelis-Uribe-horizontal.jpg\",\"datePublished\":\"2024-04-18T22:41:00+00:00\",\"dateModified\":\"2024-06-03T22:44:54+00:00\",\"author\":{\"@id\":\"https:\/\/dev.antudigital.cl\/sites\/vc\/#\/schema\/person\/c2b9da8dd545e27166fc5ab232837318\"},\"breadcrumb\":{\"@id\":\"https:\/\/dev.antudigital.cl\/sites\/vc\/entrevista-a-arelis-uribe-a-proposito-de-su-proximo-taller-en-valparaiso\/#breadcrumb\"},\"inLanguage\":\"es\",\"potentialAction\":[{\"@type\":\"ReadAction\",\"target\":[\"https:\/\/dev.antudigital.cl\/sites\/vc\/entrevista-a-arelis-uribe-a-proposito-de-su-proximo-taller-en-valparaiso\/\"]}]},{\"@type\":\"ImageObject\",\"inLanguage\":\"es\",\"@id\":\"https:\/\/dev.antudigital.cl\/sites\/vc\/entrevista-a-arelis-uribe-a-proposito-de-su-proximo-taller-en-valparaiso\/#primaryimage\",\"url\":\"https:\/\/dev.antudigital.cl\/sites\/vc\/wp-content\/uploads\/2024\/04\/Arelis-Uribe-horizontal.jpg\",\"contentUrl\":\"https:\/\/dev.antudigital.cl\/sites\/vc\/wp-content\/uploads\/2024\/04\/Arelis-Uribe-horizontal.jpg\",\"width\":1599,\"height\":1200},{\"@type\":\"BreadcrumbList\",\"@id\":\"https:\/\/dev.antudigital.cl\/sites\/vc\/entrevista-a-arelis-uribe-a-proposito-de-su-proximo-taller-en-valparaiso\/#breadcrumb\",\"itemListElement\":[{\"@type\":\"ListItem\",\"position\":1,\"name\":\"Home\",\"item\":\"https:\/\/dev.antudigital.cl\/sites\/vc\/\"},{\"@type\":\"ListItem\",\"position\":2,\"name\":\"Entrevista a Arelis Uribe a prop\u00f3sito de su pr\u00f3ximo taller en Valpara\u00edso\"}]},{\"@type\":\"WebSite\",\"@id\":\"https:\/\/dev.antudigital.cl\/sites\/vc\/#website\",\"url\":\"https:\/\/dev.antudigital.cl\/sites\/vc\/\",\"name\":\"Valpara\u00ed\u00adso Creativo\",\"description\":\"\",\"potentialAction\":[{\"@type\":\"SearchAction\",\"target\":{\"@type\":\"EntryPoint\",\"urlTemplate\":\"https:\/\/dev.antudigital.cl\/sites\/vc\/?s={search_term_string}\"},\"query-input\":{\"@type\":\"PropertyValueSpecification\",\"valueRequired\":true,\"valueName\":\"search_term_string\"}}],\"inLanguage\":\"es\"},{\"@type\":\"Person\",\"@id\":\"https:\/\/dev.antudigital.cl\/sites\/vc\/#\/schema\/person\/c2b9da8dd545e27166fc5ab232837318\",\"name\":\"Valpara\u00edso Creativo\",\"description\":\"Periodista de cultura en la Regi\u00f3n de Valpara\u00edso.\",\"url\":\"https:\/\/dev.antudigital.cl\/sites\/vc\/author\/valpoadmin\/\"}]}<\/script>\n<!-- \/ Yoast SEO plugin. -->","yoast_head_json":{"title":"Entrevista a Arelis Uribe a prop\u00f3sito de su pr\u00f3ximo taller en Valpara\u00edso - Valpara\u00ed\u00adso Creativo","robots":{"index":"index","follow":"follow","max-snippet":"max-snippet:-1","max-image-preview":"max-image-preview:large","max-video-preview":"max-video-preview:-1"},"canonical":"https:\/\/dev.antudigital.cl\/sites\/vc\/entrevista-a-arelis-uribe-a-proposito-de-su-proximo-taller-en-valparaiso\/","og_locale":"es_ES","og_type":"article","og_title":"Entrevista a Arelis Uribe a prop\u00f3sito de su pr\u00f3ximo taller en Valpara\u00edso - Valpara\u00ed\u00adso Creativo","og_description":"Actualmente se encuentra abierta una convocatoria para quienes tienen inter\u00e9s en desarrollar un proyecto literario en la ciudad de Valpara\u00edso. A prop\u00f3sito de eso entrevistamos a la escritora, quien lleva un tiempo habitando la ciudad puerto. &#8211;&nbsp;Arelis, \u00bfc\u00f3mo ha sido la transici\u00f3n a ser habitante de Valpara\u00edso? Ha sido una transici\u00f3n muy bac\u00e1n, \u00e9sta es [&hellip;]","og_url":"https:\/\/dev.antudigital.cl\/sites\/vc\/entrevista-a-arelis-uribe-a-proposito-de-su-proximo-taller-en-valparaiso\/","og_site_name":"Valpara\u00ed\u00adso Creativo","article_published_time":"2024-04-18T22:41:00+00:00","article_modified_time":"2024-06-03T22:44:54+00:00","og_image":[{"width":1599,"height":1200,"url":"https:\/\/dev.antudigital.cl\/sites\/vc\/wp-content\/uploads\/2024\/04\/Arelis-Uribe-horizontal.jpg","type":"image\/jpeg"}],"author":"Valpara\u00edso Creativo","twitter_card":"summary_large_image","twitter_misc":{"Escrito por":"Valpara\u00edso Creativo","Tiempo de lectura":"2 minutos"},"schema":{"@context":"https:\/\/schema.org","@graph":[{"@type":"Article","@id":"https:\/\/dev.antudigital.cl\/sites\/vc\/entrevista-a-arelis-uribe-a-proposito-de-su-proximo-taller-en-valparaiso\/#article","isPartOf":{"@id":"https:\/\/dev.antudigital.cl\/sites\/vc\/entrevista-a-arelis-uribe-a-proposito-de-su-proximo-taller-en-valparaiso\/"},"author":{"name":"Valpara\u00edso Creativo","@id":"https:\/\/dev.antudigital.cl\/sites\/vc\/#\/schema\/person\/c2b9da8dd545e27166fc5ab232837318"},"headline":"Entrevista a Arelis Uribe a prop\u00f3sito de su pr\u00f3ximo taller en Valpara\u00edso","datePublished":"2024-04-18T22:41:00+00:00","dateModified":"2024-06-03T22:44:54+00:00","mainEntityOfPage":{"@id":"https:\/\/dev.antudigital.cl\/sites\/vc\/entrevista-a-arelis-uribe-a-proposito-de-su-proximo-taller-en-valparaiso\/"},"wordCount":398,"image":{"@id":"https:\/\/dev.antudigital.cl\/sites\/vc\/entrevista-a-arelis-uribe-a-proposito-de-su-proximo-taller-en-valparaiso\/#primaryimage"},"thumbnailUrl":"https:\/\/dev.antudigital.cl\/sites\/vc\/wp-content\/uploads\/2024\/04\/Arelis-Uribe-horizontal.jpg","articleSection":["Blog"],"inLanguage":"es"},{"@type":"WebPage","@id":"https:\/\/dev.antudigital.cl\/sites\/vc\/entrevista-a-arelis-uribe-a-proposito-de-su-proximo-taller-en-valparaiso\/","url":"https:\/\/dev.antudigital.cl\/sites\/vc\/entrevista-a-arelis-uribe-a-proposito-de-su-proximo-taller-en-valparaiso\/","name":"Entrevista a Arelis Uribe a prop\u00f3sito de su pr\u00f3ximo taller en Valpara\u00edso - Valpara\u00ed\u00adso Creativo","isPartOf":{"@id":"https:\/\/dev.antudigital.cl\/sites\/vc\/#website"},"primaryImageOfPage":{"@id":"https:\/\/dev.antudigital.cl\/sites\/vc\/entrevista-a-arelis-uribe-a-proposito-de-su-proximo-taller-en-valparaiso\/#primaryimage"},"image":{"@id":"https:\/\/dev.antudigital.cl\/sites\/vc\/entrevista-a-arelis-uribe-a-proposito-de-su-proximo-taller-en-valparaiso\/#primaryimage"},"thumbnailUrl":"https:\/\/dev.antudigital.cl\/sites\/vc\/wp-content\/uploads\/2024\/04\/Arelis-Uribe-horizontal.jpg","datePublished":"2024-04-18T22:41:00+00:00","dateModified":"2024-06-03T22:44:54+00:00","author":{"@id":"https:\/\/dev.antudigital.cl\/sites\/vc\/#\/schema\/person\/c2b9da8dd545e27166fc5ab232837318"},"breadcrumb":{"@id":"https:\/\/dev.antudigital.cl\/sites\/vc\/entrevista-a-arelis-uribe-a-proposito-de-su-proximo-taller-en-valparaiso\/#breadcrumb"},"inLanguage":"es","potentialAction":[{"@type":"ReadAction","target":["https:\/\/dev.antudigital.cl\/sites\/vc\/entrevista-a-arelis-uribe-a-proposito-de-su-proximo-taller-en-valparaiso\/"]}]},{"@type":"ImageObject","inLanguage":"es","@id":"https:\/\/dev.antudigital.cl\/sites\/vc\/entrevista-a-arelis-uribe-a-proposito-de-su-proximo-taller-en-valparaiso\/#primaryimage","url":"https:\/\/dev.antudigital.cl\/sites\/vc\/wp-content\/uploads\/2024\/04\/Arelis-Uribe-horizontal.jpg","contentUrl":"https:\/\/dev.antudigital.cl\/sites\/vc\/wp-content\/uploads\/2024\/04\/Arelis-Uribe-horizontal.jpg","width":1599,"height":1200},{"@type":"BreadcrumbList","@id":"https:\/\/dev.antudigital.cl\/sites\/vc\/entrevista-a-arelis-uribe-a-proposito-de-su-proximo-taller-en-valparaiso\/#breadcrumb","itemListElement":[{"@type":"ListItem","position":1,"name":"Home","item":"https:\/\/dev.antudigital.cl\/sites\/vc\/"},{"@type":"ListItem","position":2,"name":"Entrevista a Arelis Uribe a prop\u00f3sito de su pr\u00f3ximo taller en Valpara\u00edso"}]},{"@type":"WebSite","@id":"https:\/\/dev.antudigital.cl\/sites\/vc\/#website","url":"https:\/\/dev.antudigital.cl\/sites\/vc\/","name":"Valpara\u00ed\u00adso Creativo","description":"","potentialAction":[{"@type":"SearchAction","target":{"@type":"EntryPoint","urlTemplate":"https:\/\/dev.antudigital.cl\/sites\/vc\/?s={search_term_string}"},"query-input":{"@type":"PropertyValueSpecification","valueRequired":true,"valueName":"search_term_string"}}],"inLanguage":"es"},{"@type":"Person","@id":"https:\/\/dev.antudigital.cl\/sites\/vc\/#\/schema\/person\/c2b9da8dd545e27166fc5ab232837318","name":"Valpara\u00edso Creativo","description":"Periodista de cultura en la Regi\u00f3n de Valpara\u00edso.","url":"https:\/\/dev.antudigital.cl\/sites\/vc\/author\/valpoadmin\/"}]}},"_links":{"self":[{"href":"https:\/\/dev.antudigital.cl\/sites\/vc\/wp-json\/wp\/v2\/posts\/19274","targetHints":{"allow":["GET"]}}],"collection":[{"href":"https:\/\/dev.antudigital.cl\/sites\/vc\/wp-json\/wp\/v2\/posts"}],"about":[{"href":"https:\/\/dev.antudigital.cl\/sites\/vc\/wp-json\/wp\/v2\/types\/post"}],"author":[{"embeddable":true,"href":"https:\/\/dev.antudigital.cl\/sites\/vc\/wp-json\/wp\/v2\/users\/1"}],"replies":[{"embeddable":true,"href":"https:\/\/dev.antudigital.cl\/sites\/vc\/wp-json\/wp\/v2\/comments?post=19274"}],"version-history":[{"count":1,"href":"https:\/\/dev.antudigital.cl\/sites\/vc\/wp-json\/wp\/v2\/posts\/19274\/revisions"}],"predecessor-version":[{"id":19275,"href":"https:\/\/dev.antudigital.cl\/sites\/vc\/wp-json\/wp\/v2\/posts\/19274\/revisions\/19275"}],"wp:featuredmedia":[{"embeddable":true,"href":"https:\/\/dev.antudigital.cl\/sites\/vc\/wp-json\/wp\/v2\/media\/18763"}],"wp:attachment":[{"href":"https:\/\/dev.antudigital.cl\/sites\/vc\/wp-json\/wp\/v2\/media?parent=19274"}],"wp:term":[{"taxonomy":"category","embeddable":true,"href":"https:\/\/dev.antudigital.cl\/sites\/vc\/wp-json\/wp\/v2\/categories?post=19274"},{"taxonomy":"post_tag","embeddable":true,"href":"https:\/\/dev.antudigital.cl\/sites\/vc\/wp-json\/wp\/v2\/tags?post=19274"}],"curies":[{"name":"wp","href":"https:\/\/api.w.org\/{rel}","templated":true}]}}