{"id":19276,"date":"2024-06-04T02:26:09","date_gmt":"2024-06-04T02:26:09","guid":{"rendered":"https:\/\/www.valparaisocreativo.cl\/?p=19276"},"modified":"2024-06-04T02:26:26","modified_gmt":"2024-06-04T02:26:26","slug":"fondo-de-infraestructura-cultural-publica-y-privada-2024","status":"publish","type":"post","link":"https:\/\/dev.antudigital.cl\/sites\/vc\/fondo-de-infraestructura-cultural-publica-y-privada-2024\/","title":{"rendered":"Fondo de Infraestructura Cultural P\u00fablica y Privada 2024"},"content":{"rendered":"\n<p>Hasta el 8 de julio del 2024.<\/p>\n\n\n\n<p>Esta convocatoria tiene por objetivo aumentar la cobertura de infraestructura cultural del pa\u00eds, apoyando a&nbsp;<strong>organizaciones culturales privadas con y sin fines de lucro, a&nbsp;<\/strong><strong>establecimientos de educaci\u00f3n superior estatales<\/strong><strong>&nbsp;y a municipalidades,<\/strong>&nbsp;por medio del financiamiento total o parcial de proyectos de dise\u00f1o de arquitectura y especialidades o la ejecuci\u00f3n de proyectos de obras civiles de infraestructuras culturales, debiendo asegurarse su sostenibilidad en el tiempo.<\/p>\n\n\n\n<p>Se entender\u00e1 como&nbsp;<strong>Infraestructura Cultural<\/strong>, los bienes inmuebles o recintos de car\u00e1cter permanente, de caracter\u00edsticas t\u00e9cnicas f\u00edsicas espec\u00edficas que posibilitan el desarrollo de diversas disciplinas y actividades art\u00edsticas y culturales, estimulando la formaci\u00f3n, creaci\u00f3n, producci\u00f3n, difusi\u00f3n\/distribuci\u00f3n, conservaci\u00f3n, entre otros. Cumplen tambi\u00e9n la funci\u00f3n de interacci\u00f3n entre diferentes actores sociales y permiten la reproducci\u00f3n de pr\u00e1cticas culturales de una sociedad o grupo particular. La infraestructura cultural est\u00e1 asociada a alg\u00fan tipo de administraci\u00f3n que planifica, programa y gestiona las actividades, generan programaci\u00f3n y de acuerdo a su l\u00ednea editorial selecciona los contenidos. Esta definici\u00f3n comprende, entre otras, las siguientes: centro cultural o casa de la cultura, cine o sala de cine, estudio de grabaci\u00f3n, galer\u00eda de arte, sala de ensayo, sala de exposici\u00f3n, taller de artesanos, teatro o sala de teatro.<\/p>\n\n\n\n<h2 class=\"wp-block-heading\">L\u00edneas de concurso<\/h2>\n\n\n\n<p><strong>L\u00ednea 1: Proyectos de dise\u00f1o de arquitectura y especialidades<\/strong><\/p>\n\n\n\n<p>Entrega financiamiento total o parcial, para dise\u00f1o de arquitectura y todas las especialidades asociadas de proyectos de infraestructura cultural de obra civil (construcci\u00f3n de obra nueva o habilitaci\u00f3n o ampliaci\u00f3n o mejoramiento).<\/p>\n\n\n\n<ul class=\"wp-block-list\">\n<li><em>Monto m\u00ednimo por proyecto: $15.000.000.-<\/em><\/li>\n\n\n\n<li><em>Monto m\u00e1ximo por proyecto: $35.000.000.-<\/em><\/li>\n\n\n\n<li><em>Monto total disponible para esta l\u00ednea: $140.000.000.-<\/em><\/li>\n<\/ul>\n\n\n\n<p><strong>L\u00ednea 2: Proyectos de obras civiles<\/strong><\/p>\n\n\n\n<p>Entrega financiamiento total o parcial, para la ejecuci\u00f3n de obras civiles (construcci\u00f3n de obra nueva o habilitaci\u00f3n o ampliaci\u00f3n o mejoramiento) de infraestructura cultural. Para postular a esta l\u00ednea se deber\u00e1 contar con un dise\u00f1o de arquitectura y especialidades completo y con el permiso de edificaci\u00f3n aprobado, o su equivalente de no requerirlo, ambos emitidos por la DOM respectiva.<\/p>\n\n\n\n<ul class=\"wp-block-list\">\n<li><em>Monto m\u00ednimo por proyecto: $50.000.000.-<\/em><\/li>\n\n\n\n<li><em>Monto m\u00e1ximo por proyecto: $300.000.000.-<\/em><\/li>\n\n\n\n<li><em>Monto total disponible para esta l\u00ednea: $3.160.000.000.-<\/em><\/li>\n<\/ul>\n\n\n\n<h2 class=\"wp-block-heading\">Gastos financiables<\/h2>\n\n\n\n<p><strong>L\u00ednea 1: Proyectos de dise\u00f1o de arquitectura y especialidades<\/strong><\/p>\n\n\n\n<ul class=\"wp-block-list\">\n<li>Gastos de dise\u00f1o de arquitectura y especialidades.<\/li>\n\n\n\n<li>Estudios de ingenier\u00eda, los que incluyen asesor\u00edas y estudios t\u00e9cnicos necesarios para la ejecuci\u00f3n del proyecto de dise\u00f1o de arquitectura (incluyendo la especialidad de escenot\u00e9cnia cuando corresponda al proyecto).<\/li>\n\n\n\n<li>Asistencias e inspecciones t\u00e9cnicas, lo que incluyen pago de revisores independientes (c\u00e1lculo estructural y arquitectura).<\/li>\n<\/ul>\n\n\n\n<p><strong>L\u00ednea 2: Proyectos de obras civiles<\/strong><\/p>\n\n\n\n<ul class=\"wp-block-list\">\n<li>Obras civiles.<\/li>\n\n\n\n<li>Asesor\u00eda t\u00e9cnica necesaria para la correcta ejecuci\u00f3n de las obras en el inmueble.<\/li>\n\n\n\n<li>Asesor\u00eda a la inspecci\u00f3n t\u00e9cnica de las obras.<\/li>\n\n\n\n<li>Adquisici\u00f3n de equipos y equipamiento asociado a los servicios culturales que se est\u00e1n construyendo, habilitando, ampliando o mejorando.<\/li>\n<\/ul>\n\n\n\n<p><a href=\"https:\/\/www.fondosdecultura.cl\/fondo-de-infraestructura-cultural-publica-y-privada-2024\/\"><strong>Bases y postulaci\u00f3n aqu\u00ed.<\/strong><\/a><\/p>\n","protected":false},"excerpt":{"rendered":"<p>Hasta el 8 de julio del 2024. Esta convocatoria tiene por objetivo aumentar la cobertura de infraestructura cultural del pa\u00eds, apoyando a&nbsp;organizaciones culturales privadas con y sin fines de lucro, a&nbsp;establecimientos de educaci\u00f3n superior estatales&nbsp;y a municipalidades,&nbsp;por medio del financiamiento total o parcial de proyectos de dise\u00f1o de arquitectura y especialidades o la ejecuci\u00f3n de [&hellip;]<\/p>\n","protected":false},"author":1,"featured_media":19277,"comment_status":"closed","ping_status":"closed","sticky":false,"template":"","format":"standard","meta":{"_acf_changed":false,"footnotes":""},"categories":[8],"tags":[],"class_list":["post-19276","post","type-post","status-publish","format-standard","has-post-thumbnail","hentry","category-noticia"],"acf":[],"yoast_head":"<!-- This site is optimized with the Yoast SEO plugin v27.1.1 - https:\/\/yoast.com\/product\/yoast-seo-wordpress\/ -->\n<title>Fondo de Infraestructura Cultural P\u00fablica y Privada 2024 - Valpara\u00ed\u00adso Creativo<\/title>\n<meta name=\"robots\" content=\"index, follow, max-snippet:-1, max-image-preview:large, max-video-preview:-1\" \/>\n<link rel=\"canonical\" href=\"https:\/\/dev.antudigital.cl\/sites\/vc\/fondo-de-infraestructura-cultural-publica-y-privada-2024\/\" \/>\n<meta property=\"og:locale\" content=\"es_ES\" \/>\n<meta property=\"og:type\" content=\"article\" \/>\n<meta property=\"og:title\" content=\"Fondo de Infraestructura Cultural P\u00fablica y Privada 2024 - Valpara\u00ed\u00adso Creativo\" \/>\n<meta property=\"og:description\" content=\"Hasta el 8 de julio del 2024. Esta convocatoria tiene por objetivo aumentar la cobertura de infraestructura cultural del pa\u00eds, apoyando a&nbsp;organizaciones culturales privadas con y sin fines de lucro, a&nbsp;establecimientos de educaci\u00f3n superior estatales&nbsp;y a municipalidades,&nbsp;por medio del financiamiento total o parcial de proyectos de dise\u00f1o de arquitectura y especialidades o la ejecuci\u00f3n de [&hellip;]\" \/>\n<meta property=\"og:url\" content=\"https:\/\/dev.antudigital.cl\/sites\/vc\/fondo-de-infraestructura-cultural-publica-y-privada-2024\/\" \/>\n<meta property=\"og:site_name\" content=\"Valpara\u00ed\u00adso Creativo\" \/>\n<meta property=\"article:published_time\" content=\"2024-06-04T02:26:09+00:00\" \/>\n<meta property=\"article:modified_time\" content=\"2024-06-04T02:26:26+00:00\" \/>\n<meta property=\"og:image\" content=\"https:\/\/dev.antudigital.cl\/sites\/vc\/wp-content\/uploads\/2024\/06\/Captura-de-Pantalla-2024-06-03-a-las-22.25.32.png\" \/>\n\t<meta property=\"og:image:width\" content=\"890\" \/>\n\t<meta property=\"og:image:height\" content=\"189\" \/>\n\t<meta property=\"og:image:type\" content=\"image\/png\" \/>\n<meta name=\"author\" content=\"Valpara\u00edso Creativo\" \/>\n<meta name=\"twitter:card\" content=\"summary_large_image\" \/>\n<meta name=\"twitter:label1\" content=\"Escrito por\" \/>\n\t<meta name=\"twitter:data1\" content=\"Valpara\u00edso Creativo\" \/>\n\t<meta name=\"twitter:label2\" content=\"Tiempo de lectura\" \/>\n\t<meta name=\"twitter:data2\" content=\"3 minutos\" \/>\n<script type=\"application\/ld+json\" class=\"yoast-schema-graph\">{\"@context\":\"https:\/\/schema.org\",\"@graph\":[{\"@type\":\"Article\",\"@id\":\"https:\/\/dev.antudigital.cl\/sites\/vc\/fondo-de-infraestructura-cultural-publica-y-privada-2024\/#article\",\"isPartOf\":{\"@id\":\"https:\/\/dev.antudigital.cl\/sites\/vc\/fondo-de-infraestructura-cultural-publica-y-privada-2024\/\"},\"author\":{\"name\":\"Valpara\u00edso Creativo\",\"@id\":\"https:\/\/dev.antudigital.cl\/sites\/vc\/#\/schema\/person\/c2b9da8dd545e27166fc5ab232837318\"},\"headline\":\"Fondo de Infraestructura Cultural P\u00fablica y Privada 2024\",\"datePublished\":\"2024-06-04T02:26:09+00:00\",\"dateModified\":\"2024-06-04T02:26:26+00:00\",\"mainEntityOfPage\":{\"@id\":\"https:\/\/dev.antudigital.cl\/sites\/vc\/fondo-de-infraestructura-cultural-publica-y-privada-2024\/\"},\"wordCount\":538,\"image\":{\"@id\":\"https:\/\/dev.antudigital.cl\/sites\/vc\/fondo-de-infraestructura-cultural-publica-y-privada-2024\/#primaryimage\"},\"thumbnailUrl\":\"https:\/\/dev.antudigital.cl\/sites\/vc\/wp-content\/uploads\/2024\/06\/Captura-de-Pantalla-2024-06-03-a-las-22.25.32.png\",\"articleSection\":[\"Noticia\"],\"inLanguage\":\"es\"},{\"@type\":\"WebPage\",\"@id\":\"https:\/\/dev.antudigital.cl\/sites\/vc\/fondo-de-infraestructura-cultural-publica-y-privada-2024\/\",\"url\":\"https:\/\/dev.antudigital.cl\/sites\/vc\/fondo-de-infraestructura-cultural-publica-y-privada-2024\/\",\"name\":\"Fondo de Infraestructura Cultural P\u00fablica y Privada 2024 - Valpara\u00ed\u00adso Creativo\",\"isPartOf\":{\"@id\":\"https:\/\/dev.antudigital.cl\/sites\/vc\/#website\"},\"primaryImageOfPage\":{\"@id\":\"https:\/\/dev.antudigital.cl\/sites\/vc\/fondo-de-infraestructura-cultural-publica-y-privada-2024\/#primaryimage\"},\"image\":{\"@id\":\"https:\/\/dev.antudigital.cl\/sites\/vc\/fondo-de-infraestructura-cultural-publica-y-privada-2024\/#primaryimage\"},\"thumbnailUrl\":\"https:\/\/dev.antudigital.cl\/sites\/vc\/wp-content\/uploads\/2024\/06\/Captura-de-Pantalla-2024-06-03-a-las-22.25.32.png\",\"datePublished\":\"2024-06-04T02:26:09+00:00\",\"dateModified\":\"2024-06-04T02:26:26+00:00\",\"author\":{\"@id\":\"https:\/\/dev.antudigital.cl\/sites\/vc\/#\/schema\/person\/c2b9da8dd545e27166fc5ab232837318\"},\"breadcrumb\":{\"@id\":\"https:\/\/dev.antudigital.cl\/sites\/vc\/fondo-de-infraestructura-cultural-publica-y-privada-2024\/#breadcrumb\"},\"inLanguage\":\"es\",\"potentialAction\":[{\"@type\":\"ReadAction\",\"target\":[\"https:\/\/dev.antudigital.cl\/sites\/vc\/fondo-de-infraestructura-cultural-publica-y-privada-2024\/\"]}]},{\"@type\":\"ImageObject\",\"inLanguage\":\"es\",\"@id\":\"https:\/\/dev.antudigital.cl\/sites\/vc\/fondo-de-infraestructura-cultural-publica-y-privada-2024\/#primaryimage\",\"url\":\"https:\/\/dev.antudigital.cl\/sites\/vc\/wp-content\/uploads\/2024\/06\/Captura-de-Pantalla-2024-06-03-a-las-22.25.32.png\",\"contentUrl\":\"https:\/\/dev.antudigital.cl\/sites\/vc\/wp-content\/uploads\/2024\/06\/Captura-de-Pantalla-2024-06-03-a-las-22.25.32.png\",\"width\":890,\"height\":189},{\"@type\":\"BreadcrumbList\",\"@id\":\"https:\/\/dev.antudigital.cl\/sites\/vc\/fondo-de-infraestructura-cultural-publica-y-privada-2024\/#breadcrumb\",\"itemListElement\":[{\"@type\":\"ListItem\",\"position\":1,\"name\":\"Home\",\"item\":\"https:\/\/dev.antudigital.cl\/sites\/vc\/\"},{\"@type\":\"ListItem\",\"position\":2,\"name\":\"Fondo de Infraestructura Cultural P\u00fablica y Privada 2024\"}]},{\"@type\":\"WebSite\",\"@id\":\"https:\/\/dev.antudigital.cl\/sites\/vc\/#website\",\"url\":\"https:\/\/dev.antudigital.cl\/sites\/vc\/\",\"name\":\"Valpara\u00ed\u00adso Creativo\",\"description\":\"\",\"potentialAction\":[{\"@type\":\"SearchAction\",\"target\":{\"@type\":\"EntryPoint\",\"urlTemplate\":\"https:\/\/dev.antudigital.cl\/sites\/vc\/?s={search_term_string}\"},\"query-input\":{\"@type\":\"PropertyValueSpecification\",\"valueRequired\":true,\"valueName\":\"search_term_string\"}}],\"inLanguage\":\"es\"},{\"@type\":\"Person\",\"@id\":\"https:\/\/dev.antudigital.cl\/sites\/vc\/#\/schema\/person\/c2b9da8dd545e27166fc5ab232837318\",\"name\":\"Valpara\u00edso Creativo\",\"description\":\"Periodista de cultura en la Regi\u00f3n de Valpara\u00edso.\",\"url\":\"https:\/\/dev.antudigital.cl\/sites\/vc\/author\/valpoadmin\/\"}]}<\/script>\n<!-- \/ Yoast SEO plugin. -->","yoast_head_json":{"title":"Fondo de Infraestructura Cultural P\u00fablica y Privada 2024 - Valpara\u00ed\u00adso Creativo","robots":{"index":"index","follow":"follow","max-snippet":"max-snippet:-1","max-image-preview":"max-image-preview:large","max-video-preview":"max-video-preview:-1"},"canonical":"https:\/\/dev.antudigital.cl\/sites\/vc\/fondo-de-infraestructura-cultural-publica-y-privada-2024\/","og_locale":"es_ES","og_type":"article","og_title":"Fondo de Infraestructura Cultural P\u00fablica y Privada 2024 - Valpara\u00ed\u00adso Creativo","og_description":"Hasta el 8 de julio del 2024. Esta convocatoria tiene por objetivo aumentar la cobertura de infraestructura cultural del pa\u00eds, apoyando a&nbsp;organizaciones culturales privadas con y sin fines de lucro, a&nbsp;establecimientos de educaci\u00f3n superior estatales&nbsp;y a municipalidades,&nbsp;por medio del financiamiento total o parcial de proyectos de dise\u00f1o de arquitectura y especialidades o la ejecuci\u00f3n de [&hellip;]","og_url":"https:\/\/dev.antudigital.cl\/sites\/vc\/fondo-de-infraestructura-cultural-publica-y-privada-2024\/","og_site_name":"Valpara\u00ed\u00adso Creativo","article_published_time":"2024-06-04T02:26:09+00:00","article_modified_time":"2024-06-04T02:26:26+00:00","og_image":[{"width":890,"height":189,"url":"https:\/\/dev.antudigital.cl\/sites\/vc\/wp-content\/uploads\/2024\/06\/Captura-de-Pantalla-2024-06-03-a-las-22.25.32.png","type":"image\/png"}],"author":"Valpara\u00edso Creativo","twitter_card":"summary_large_image","twitter_misc":{"Escrito por":"Valpara\u00edso Creativo","Tiempo de lectura":"3 minutos"},"schema":{"@context":"https:\/\/schema.org","@graph":[{"@type":"Article","@id":"https:\/\/dev.antudigital.cl\/sites\/vc\/fondo-de-infraestructura-cultural-publica-y-privada-2024\/#article","isPartOf":{"@id":"https:\/\/dev.antudigital.cl\/sites\/vc\/fondo-de-infraestructura-cultural-publica-y-privada-2024\/"},"author":{"name":"Valpara\u00edso Creativo","@id":"https:\/\/dev.antudigital.cl\/sites\/vc\/#\/schema\/person\/c2b9da8dd545e27166fc5ab232837318"},"headline":"Fondo de Infraestructura Cultural P\u00fablica y Privada 2024","datePublished":"2024-06-04T02:26:09+00:00","dateModified":"2024-06-04T02:26:26+00:00","mainEntityOfPage":{"@id":"https:\/\/dev.antudigital.cl\/sites\/vc\/fondo-de-infraestructura-cultural-publica-y-privada-2024\/"},"wordCount":538,"image":{"@id":"https:\/\/dev.antudigital.cl\/sites\/vc\/fondo-de-infraestructura-cultural-publica-y-privada-2024\/#primaryimage"},"thumbnailUrl":"https:\/\/dev.antudigital.cl\/sites\/vc\/wp-content\/uploads\/2024\/06\/Captura-de-Pantalla-2024-06-03-a-las-22.25.32.png","articleSection":["Noticia"],"inLanguage":"es"},{"@type":"WebPage","@id":"https:\/\/dev.antudigital.cl\/sites\/vc\/fondo-de-infraestructura-cultural-publica-y-privada-2024\/","url":"https:\/\/dev.antudigital.cl\/sites\/vc\/fondo-de-infraestructura-cultural-publica-y-privada-2024\/","name":"Fondo de Infraestructura Cultural P\u00fablica y Privada 2024 - Valpara\u00ed\u00adso Creativo","isPartOf":{"@id":"https:\/\/dev.antudigital.cl\/sites\/vc\/#website"},"primaryImageOfPage":{"@id":"https:\/\/dev.antudigital.cl\/sites\/vc\/fondo-de-infraestructura-cultural-publica-y-privada-2024\/#primaryimage"},"image":{"@id":"https:\/\/dev.antudigital.cl\/sites\/vc\/fondo-de-infraestructura-cultural-publica-y-privada-2024\/#primaryimage"},"thumbnailUrl":"https:\/\/dev.antudigital.cl\/sites\/vc\/wp-content\/uploads\/2024\/06\/Captura-de-Pantalla-2024-06-03-a-las-22.25.32.png","datePublished":"2024-06-04T02:26:09+00:00","dateModified":"2024-06-04T02:26:26+00:00","author":{"@id":"https:\/\/dev.antudigital.cl\/sites\/vc\/#\/schema\/person\/c2b9da8dd545e27166fc5ab232837318"},"breadcrumb":{"@id":"https:\/\/dev.antudigital.cl\/sites\/vc\/fondo-de-infraestructura-cultural-publica-y-privada-2024\/#breadcrumb"},"inLanguage":"es","potentialAction":[{"@type":"ReadAction","target":["https:\/\/dev.antudigital.cl\/sites\/vc\/fondo-de-infraestructura-cultural-publica-y-privada-2024\/"]}]},{"@type":"ImageObject","inLanguage":"es","@id":"https:\/\/dev.antudigital.cl\/sites\/vc\/fondo-de-infraestructura-cultural-publica-y-privada-2024\/#primaryimage","url":"https:\/\/dev.antudigital.cl\/sites\/vc\/wp-content\/uploads\/2024\/06\/Captura-de-Pantalla-2024-06-03-a-las-22.25.32.png","contentUrl":"https:\/\/dev.antudigital.cl\/sites\/vc\/wp-content\/uploads\/2024\/06\/Captura-de-Pantalla-2024-06-03-a-las-22.25.32.png","width":890,"height":189},{"@type":"BreadcrumbList","@id":"https:\/\/dev.antudigital.cl\/sites\/vc\/fondo-de-infraestructura-cultural-publica-y-privada-2024\/#breadcrumb","itemListElement":[{"@type":"ListItem","position":1,"name":"Home","item":"https:\/\/dev.antudigital.cl\/sites\/vc\/"},{"@type":"ListItem","position":2,"name":"Fondo de Infraestructura Cultural P\u00fablica y Privada 2024"}]},{"@type":"WebSite","@id":"https:\/\/dev.antudigital.cl\/sites\/vc\/#website","url":"https:\/\/dev.antudigital.cl\/sites\/vc\/","name":"Valpara\u00ed\u00adso Creativo","description":"","potentialAction":[{"@type":"SearchAction","target":{"@type":"EntryPoint","urlTemplate":"https:\/\/dev.antudigital.cl\/sites\/vc\/?s={search_term_string}"},"query-input":{"@type":"PropertyValueSpecification","valueRequired":true,"valueName":"search_term_string"}}],"inLanguage":"es"},{"@type":"Person","@id":"https:\/\/dev.antudigital.cl\/sites\/vc\/#\/schema\/person\/c2b9da8dd545e27166fc5ab232837318","name":"Valpara\u00edso Creativo","description":"Periodista de cultura en la Regi\u00f3n de Valpara\u00edso.","url":"https:\/\/dev.antudigital.cl\/sites\/vc\/author\/valpoadmin\/"}]}},"_links":{"self":[{"href":"https:\/\/dev.antudigital.cl\/sites\/vc\/wp-json\/wp\/v2\/posts\/19276","targetHints":{"allow":["GET"]}}],"collection":[{"href":"https:\/\/dev.antudigital.cl\/sites\/vc\/wp-json\/wp\/v2\/posts"}],"about":[{"href":"https:\/\/dev.antudigital.cl\/sites\/vc\/wp-json\/wp\/v2\/types\/post"}],"author":[{"embeddable":true,"href":"https:\/\/dev.antudigital.cl\/sites\/vc\/wp-json\/wp\/v2\/users\/1"}],"replies":[{"embeddable":true,"href":"https:\/\/dev.antudigital.cl\/sites\/vc\/wp-json\/wp\/v2\/comments?post=19276"}],"version-history":[{"count":1,"href":"https:\/\/dev.antudigital.cl\/sites\/vc\/wp-json\/wp\/v2\/posts\/19276\/revisions"}],"predecessor-version":[{"id":19278,"href":"https:\/\/dev.antudigital.cl\/sites\/vc\/wp-json\/wp\/v2\/posts\/19276\/revisions\/19278"}],"wp:featuredmedia":[{"embeddable":true,"href":"https:\/\/dev.antudigital.cl\/sites\/vc\/wp-json\/wp\/v2\/media\/19277"}],"wp:attachment":[{"href":"https:\/\/dev.antudigital.cl\/sites\/vc\/wp-json\/wp\/v2\/media?parent=19276"}],"wp:term":[{"taxonomy":"category","embeddable":true,"href":"https:\/\/dev.antudigital.cl\/sites\/vc\/wp-json\/wp\/v2\/categories?post=19276"},{"taxonomy":"post_tag","embeddable":true,"href":"https:\/\/dev.antudigital.cl\/sites\/vc\/wp-json\/wp\/v2\/tags?post=19276"}],"curies":[{"name":"wp","href":"https:\/\/api.w.org\/{rel}","templated":true}]}}