{"id":19282,"date":"2024-06-04T02:36:21","date_gmt":"2024-06-04T02:36:21","guid":{"rendered":"https:\/\/www.valparaisocreativo.cl\/?p=19282"},"modified":"2024-06-04T02:36:39","modified_gmt":"2024-06-04T02:36:39","slug":"fortaleciendo-el-ecosistema-musical-de-valparaiso-con-perspectiva-de-genero","status":"publish","type":"post","link":"https:\/\/dev.antudigital.cl\/sites\/vc\/fortaleciendo-el-ecosistema-musical-de-valparaiso-con-perspectiva-de-genero\/","title":{"rendered":"Fortaleciendo el Ecosistema Musical de Valpara\u00edso con Perspectiva de G\u00e9nero"},"content":{"rendered":"\n<p><em>Fotograf\u00edas: Nathaly Arancibia.<\/em><\/p>\n\n\n\n<p>En un esfuerzo por fortalecer el tejido cultural de Valpara\u00edso desde una perspectiva de g\u00e9nero, la Direcci\u00f3n de Desarrollo Cultural de la Municipalidad de Valpara\u00edso, en Alianza con el Departamento de G\u00e9nero, Mujeres y Diversidades de la misma Municipalidad, y el Instituto, lanzaron la segunda versi\u00f3n de una iniciativa destinada a disminuir las brechas de acceso en la comuna, centr\u00e1ndose en el campo musical: la Escuela de Autogesti\u00f3n para Trabajadoras de la M\u00fasica de Valpara\u00edso.<\/p>\n\n\n\n<p>En esta nueva edici\u00f3n, un centenar de mujeres participaron activamente, buscando capacitarse y mejorar en el \u00e1mbito musical. Paola Ruz, gestora cultural y parte del equipo de la Escuela, destaca que \u201ceste proyecto nace de una necesidad local observada por diversos actores culturales, con el objetivo de promover la autogesti\u00f3n y la independencia en el sector art\u00edstico y cultural\u201d.<\/p>\n\n\n\n<figure class=\"wp-block-image size-large\"><img fetchpriority=\"high\" decoding=\"async\" width=\"1024\" height=\"682\" src=\"https:\/\/www.valparaisocreativo.cl\/wp-content\/uploads\/2024\/06\/ESCUELA-DE-AUTOGESTION-DE-MUJERES-EN-LA-MUSICA5-1024x682.jpeg\" alt=\"\" class=\"wp-image-19287\" srcset=\"https:\/\/dev.antudigital.cl\/sites\/vc\/wp-content\/uploads\/2024\/06\/ESCUELA-DE-AUTOGESTION-DE-MUJERES-EN-LA-MUSICA5-1024x682.jpeg 1024w, https:\/\/dev.antudigital.cl\/sites\/vc\/wp-content\/uploads\/2024\/06\/ESCUELA-DE-AUTOGESTION-DE-MUJERES-EN-LA-MUSICA5-300x200.jpeg 300w, https:\/\/dev.antudigital.cl\/sites\/vc\/wp-content\/uploads\/2024\/06\/ESCUELA-DE-AUTOGESTION-DE-MUJERES-EN-LA-MUSICA5-768x512.jpeg 768w, https:\/\/dev.antudigital.cl\/sites\/vc\/wp-content\/uploads\/2024\/06\/ESCUELA-DE-AUTOGESTION-DE-MUJERES-EN-LA-MUSICA5-1536x1024.jpeg 1536w, https:\/\/dev.antudigital.cl\/sites\/vc\/wp-content\/uploads\/2024\/06\/ESCUELA-DE-AUTOGESTION-DE-MUJERES-EN-LA-MUSICA5-2048x1365.jpeg 2048w, https:\/\/dev.antudigital.cl\/sites\/vc\/wp-content\/uploads\/2024\/06\/ESCUELA-DE-AUTOGESTION-DE-MUJERES-EN-LA-MUSICA5-1080x720.jpeg 1080w, https:\/\/dev.antudigital.cl\/sites\/vc\/wp-content\/uploads\/2024\/06\/ESCUELA-DE-AUTOGESTION-DE-MUJERES-EN-LA-MUSICA5-1280x853.jpeg 1280w, https:\/\/dev.antudigital.cl\/sites\/vc\/wp-content\/uploads\/2024\/06\/ESCUELA-DE-AUTOGESTION-DE-MUJERES-EN-LA-MUSICA5-980x653.jpeg 980w, https:\/\/dev.antudigital.cl\/sites\/vc\/wp-content\/uploads\/2024\/06\/ESCUELA-DE-AUTOGESTION-DE-MUJERES-EN-LA-MUSICA5-480x320.jpeg 480w, https:\/\/dev.antudigital.cl\/sites\/vc\/wp-content\/uploads\/2024\/06\/ESCUELA-DE-AUTOGESTION-DE-MUJERES-EN-LA-MUSICA5-24x16.jpeg 24w, https:\/\/dev.antudigital.cl\/sites\/vc\/wp-content\/uploads\/2024\/06\/ESCUELA-DE-AUTOGESTION-DE-MUJERES-EN-LA-MUSICA5-36x24.jpeg 36w, https:\/\/dev.antudigital.cl\/sites\/vc\/wp-content\/uploads\/2024\/06\/ESCUELA-DE-AUTOGESTION-DE-MUJERES-EN-LA-MUSICA5-48x32.jpeg 48w\" sizes=\"(max-width: 1024px) 100vw, 1024px\" \/><\/figure>\n\n\n\n<p>Sebasti\u00e1n Redol\u00e9s, encargado del \u00e1rea de Desarrollo Cultural de la Municipalidad, por su parte, consciente de la importancia de Valpara\u00edso como Ciudad Creativa de la M\u00fasica UNESCO, coment\u00f3 sobre la necesidad de abordar las problem\u00e1ticas de la ciudad, con especial \u00e9nfasis en la brecha de g\u00e9nero en la escena musical local.<\/p>\n\n\n\n<p>\u201cEsta iniciativa se suma a otras acciones encaminadas a promover la equidad de g\u00e9nero, como la reciente obtenci\u00f3n de recursos a trav\u00e9s de una iniciativa de la UNESCO que fortalecer\u00e1 actividades como esta Escuela y otras dentro del \u00e1mbito cultural\u201d, mencion\u00f3.<\/p>\n\n\n\n<p>Adem\u00e1s, es importante destacar que fueron m\u00e1s de 100 mujeres postulantes, ampliando el cupo inicial para incluir a cerca de 60 emprendedoras de la m\u00fasica, evidenciando el inter\u00e9s y la necesidad de este tipo de espacios en la comunidad.\u00a0<\/p>\n\n\n\n<figure class=\"wp-block-image size-large\"><img decoding=\"async\" width=\"1024\" height=\"682\" src=\"https:\/\/www.valparaisocreativo.cl\/wp-content\/uploads\/2024\/06\/ESCUELA-DE-AUTOGESTION-DE-MUJERES-EN-LA-MUSICA2-1024x682.jpeg\" alt=\"\" class=\"wp-image-19285\" srcset=\"https:\/\/dev.antudigital.cl\/sites\/vc\/wp-content\/uploads\/2024\/06\/ESCUELA-DE-AUTOGESTION-DE-MUJERES-EN-LA-MUSICA2-1024x682.jpeg 1024w, https:\/\/dev.antudigital.cl\/sites\/vc\/wp-content\/uploads\/2024\/06\/ESCUELA-DE-AUTOGESTION-DE-MUJERES-EN-LA-MUSICA2-300x200.jpeg 300w, https:\/\/dev.antudigital.cl\/sites\/vc\/wp-content\/uploads\/2024\/06\/ESCUELA-DE-AUTOGESTION-DE-MUJERES-EN-LA-MUSICA2-768x512.jpeg 768w, https:\/\/dev.antudigital.cl\/sites\/vc\/wp-content\/uploads\/2024\/06\/ESCUELA-DE-AUTOGESTION-DE-MUJERES-EN-LA-MUSICA2-1536x1024.jpeg 1536w, https:\/\/dev.antudigital.cl\/sites\/vc\/wp-content\/uploads\/2024\/06\/ESCUELA-DE-AUTOGESTION-DE-MUJERES-EN-LA-MUSICA2-2048x1365.jpeg 2048w, https:\/\/dev.antudigital.cl\/sites\/vc\/wp-content\/uploads\/2024\/06\/ESCUELA-DE-AUTOGESTION-DE-MUJERES-EN-LA-MUSICA2-1080x720.jpeg 1080w, https:\/\/dev.antudigital.cl\/sites\/vc\/wp-content\/uploads\/2024\/06\/ESCUELA-DE-AUTOGESTION-DE-MUJERES-EN-LA-MUSICA2-1280x853.jpeg 1280w, https:\/\/dev.antudigital.cl\/sites\/vc\/wp-content\/uploads\/2024\/06\/ESCUELA-DE-AUTOGESTION-DE-MUJERES-EN-LA-MUSICA2-980x653.jpeg 980w, https:\/\/dev.antudigital.cl\/sites\/vc\/wp-content\/uploads\/2024\/06\/ESCUELA-DE-AUTOGESTION-DE-MUJERES-EN-LA-MUSICA2-480x320.jpeg 480w, https:\/\/dev.antudigital.cl\/sites\/vc\/wp-content\/uploads\/2024\/06\/ESCUELA-DE-AUTOGESTION-DE-MUJERES-EN-LA-MUSICA2-24x16.jpeg 24w, https:\/\/dev.antudigital.cl\/sites\/vc\/wp-content\/uploads\/2024\/06\/ESCUELA-DE-AUTOGESTION-DE-MUJERES-EN-LA-MUSICA2-36x24.jpeg 36w, https:\/\/dev.antudigital.cl\/sites\/vc\/wp-content\/uploads\/2024\/06\/ESCUELA-DE-AUTOGESTION-DE-MUJERES-EN-LA-MUSICA2-48x32.jpeg 48w\" sizes=\"(max-width: 1024px) 100vw, 1024px\" \/><\/figure>\n\n\n\n<p>Dentro del lanzamiento de la segunda versi\u00f3n de esta Escuela de Autogesti\u00f3n para Trabajadoras de la M\u00fasica de Valpara\u00edso se realiz\u00f3 un conversatorio, junto a Loreto Aravena, Araceli Fuentes (conocida como Araceli Cantora) y Kennya Comesa\u00f1a, destacadas figuras en el \u00e1mbito cultural, quienes compartieron sus experiencias y reflexiones sobre la importancia de promover la participaci\u00f3n de las mujeres en la m\u00fasica, en un espacio mediado por la profesora Violeta Le\u00f3n, miembro de la Direcci\u00f3n de Desarrollo Cultural de la comuna.<\/p>\n\n\n\n<p>Cabe destacar que Loreto es jefa de Vinculaci\u00f3n con el Medio de I.P. ARCOS regi\u00f3n de Valpara\u00edso; Araceli es compositora, m\u00fasica, investigadora y ex estudiante del mismo Instituto; y Kennya, m\u00fasica y cantautora.<\/p>\n\n\n\n<p>Ante la pregunta sobre \u201c\u00bfPor qu\u00e9 es importante hacer una Escuela con enfoque de g\u00e9nero para mujeres en la m\u00fasica?\u201d, las tres panelistas tuvieron interesantes puntos de vista que compartieron a las asistentes. \u201cNo queremos que nos traten con desigualdad, que nos paguen menos. Quiero que eso cambie y que tengamos poder de decisi\u00f3n. Esta iniciativa es un esfuerzo colectivo por fortalecerse e imponer estos temas\u201d, mencion\u00f3 Loreto Aravena.<\/p>\n\n\n\n<figure class=\"wp-block-image size-large\"><img decoding=\"async\" width=\"1024\" height=\"682\" src=\"https:\/\/www.valparaisocreativo.cl\/wp-content\/uploads\/2024\/06\/ESCUELA-DE-AUTOGESTION-DE-MUJERES-EN-LA-MUSICA-1024x682.jpeg\" alt=\"\" class=\"wp-image-19284\" srcset=\"https:\/\/dev.antudigital.cl\/sites\/vc\/wp-content\/uploads\/2024\/06\/ESCUELA-DE-AUTOGESTION-DE-MUJERES-EN-LA-MUSICA-1024x682.jpeg 1024w, https:\/\/dev.antudigital.cl\/sites\/vc\/wp-content\/uploads\/2024\/06\/ESCUELA-DE-AUTOGESTION-DE-MUJERES-EN-LA-MUSICA-300x200.jpeg 300w, https:\/\/dev.antudigital.cl\/sites\/vc\/wp-content\/uploads\/2024\/06\/ESCUELA-DE-AUTOGESTION-DE-MUJERES-EN-LA-MUSICA-768x512.jpeg 768w, https:\/\/dev.antudigital.cl\/sites\/vc\/wp-content\/uploads\/2024\/06\/ESCUELA-DE-AUTOGESTION-DE-MUJERES-EN-LA-MUSICA-1536x1024.jpeg 1536w, https:\/\/dev.antudigital.cl\/sites\/vc\/wp-content\/uploads\/2024\/06\/ESCUELA-DE-AUTOGESTION-DE-MUJERES-EN-LA-MUSICA-2048x1365.jpeg 2048w, https:\/\/dev.antudigital.cl\/sites\/vc\/wp-content\/uploads\/2024\/06\/ESCUELA-DE-AUTOGESTION-DE-MUJERES-EN-LA-MUSICA-1080x720.jpeg 1080w, https:\/\/dev.antudigital.cl\/sites\/vc\/wp-content\/uploads\/2024\/06\/ESCUELA-DE-AUTOGESTION-DE-MUJERES-EN-LA-MUSICA-1280x853.jpeg 1280w, https:\/\/dev.antudigital.cl\/sites\/vc\/wp-content\/uploads\/2024\/06\/ESCUELA-DE-AUTOGESTION-DE-MUJERES-EN-LA-MUSICA-980x653.jpeg 980w, https:\/\/dev.antudigital.cl\/sites\/vc\/wp-content\/uploads\/2024\/06\/ESCUELA-DE-AUTOGESTION-DE-MUJERES-EN-LA-MUSICA-480x320.jpeg 480w, https:\/\/dev.antudigital.cl\/sites\/vc\/wp-content\/uploads\/2024\/06\/ESCUELA-DE-AUTOGESTION-DE-MUJERES-EN-LA-MUSICA-24x16.jpeg 24w, https:\/\/dev.antudigital.cl\/sites\/vc\/wp-content\/uploads\/2024\/06\/ESCUELA-DE-AUTOGESTION-DE-MUJERES-EN-LA-MUSICA-36x24.jpeg 36w, https:\/\/dev.antudigital.cl\/sites\/vc\/wp-content\/uploads\/2024\/06\/ESCUELA-DE-AUTOGESTION-DE-MUJERES-EN-LA-MUSICA-48x32.jpeg 48w\" sizes=\"(max-width: 1024px) 100vw, 1024px\" \/><\/figure>\n\n\n\n<p>A su vez, en la misma l\u00ednea, Araceli Cantora agreg\u00f3 que en ese sentido la Escuela \u201ces importante para la organizaci\u00f3n y profesionalizaci\u00f3n, ya que al adquirir conocimientos se acorta la brecha de g\u00e9nero del sector\u201d. Finalmente, Kennya Comesa\u00f1a complement\u00f3 la idea de que articulaciones como estas \u201ccomprenden la diversidad del trabajo musical y las oportunidades de la escena, adem\u00e1s de destacar nuestra labor dinamizadora como mujeres, que activamos constantemente desde nuestros n\u00facleos\u201d.<\/p>\n\n\n\n<p>La Escuela de Mujeres en la M\u00fasica no solo busca ofrecer oportunidades de formaci\u00f3n, sino tambi\u00e9n generar un espacio de reflexi\u00f3n y acci\u00f3n para promover la equidad de g\u00e9nero en la industria musical, construyendo puentes, redes y caminos hacia un futuro m\u00e1s inclusivo y diverso. Esta fue su primera sesi\u00f3n de la segunda etapa y seguir\u00e1n m\u00e1s.<\/p>\n","protected":false},"excerpt":{"rendered":"<p>Fotograf\u00edas: Nathaly Arancibia. En un esfuerzo por fortalecer el tejido cultural de Valpara\u00edso desde una perspectiva de g\u00e9nero, la Direcci\u00f3n de Desarrollo Cultural de la Municipalidad de Valpara\u00edso, en Alianza con el Departamento de G\u00e9nero, Mujeres y Diversidades de la misma Municipalidad, y el Instituto, lanzaron la segunda versi\u00f3n de una iniciativa destinada a disminuir [&hellip;]<\/p>\n","protected":false},"author":1,"featured_media":19283,"comment_status":"closed","ping_status":"closed","sticky":false,"template":"","format":"standard","meta":{"_acf_changed":false,"footnotes":""},"categories":[218],"tags":[],"class_list":["post-19282","post","type-post","status-publish","format-standard","has-post-thumbnail","hentry","category-blog"],"acf":[],"yoast_head":"<!-- This site is optimized with the Yoast SEO plugin v27.1.1 - https:\/\/yoast.com\/product\/yoast-seo-wordpress\/ -->\n<title>Fortaleciendo el Ecosistema Musical de Valpara\u00edso con Perspectiva de G\u00e9nero - Valpara\u00ed\u00adso Creativo<\/title>\n<meta name=\"robots\" content=\"index, follow, max-snippet:-1, max-image-preview:large, max-video-preview:-1\" \/>\n<link rel=\"canonical\" href=\"https:\/\/dev.antudigital.cl\/sites\/vc\/fortaleciendo-el-ecosistema-musical-de-valparaiso-con-perspectiva-de-genero\/\" \/>\n<meta property=\"og:locale\" content=\"es_ES\" \/>\n<meta property=\"og:type\" content=\"article\" \/>\n<meta property=\"og:title\" content=\"Fortaleciendo el Ecosistema Musical de Valpara\u00edso con Perspectiva de G\u00e9nero - Valpara\u00ed\u00adso Creativo\" \/>\n<meta property=\"og:description\" content=\"Fotograf\u00edas: Nathaly Arancibia. En un esfuerzo por fortalecer el tejido cultural de Valpara\u00edso desde una perspectiva de g\u00e9nero, la Direcci\u00f3n de Desarrollo Cultural de la Municipalidad de Valpara\u00edso, en Alianza con el Departamento de G\u00e9nero, Mujeres y Diversidades de la misma Municipalidad, y el Instituto, lanzaron la segunda versi\u00f3n de una iniciativa destinada a disminuir [&hellip;]\" \/>\n<meta property=\"og:url\" content=\"https:\/\/dev.antudigital.cl\/sites\/vc\/fortaleciendo-el-ecosistema-musical-de-valparaiso-con-perspectiva-de-genero\/\" \/>\n<meta property=\"og:site_name\" content=\"Valpara\u00ed\u00adso Creativo\" \/>\n<meta property=\"article:published_time\" content=\"2024-06-04T02:36:21+00:00\" \/>\n<meta property=\"article:modified_time\" content=\"2024-06-04T02:36:39+00:00\" \/>\n<meta property=\"og:image\" content=\"https:\/\/dev.antudigital.cl\/sites\/vc\/wp-content\/uploads\/2024\/06\/ESCUELA-DE-AUTOGESTION-DE-MUJERES-EN-LA-MUSICA3.jpeg\" \/>\n\t<meta property=\"og:image:width\" content=\"2560\" \/>\n\t<meta property=\"og:image:height\" content=\"1706\" \/>\n\t<meta property=\"og:image:type\" content=\"image\/jpeg\" \/>\n<meta name=\"author\" content=\"Valpara\u00edso Creativo\" \/>\n<meta name=\"twitter:card\" content=\"summary_large_image\" \/>\n<meta name=\"twitter:label1\" content=\"Escrito por\" \/>\n\t<meta name=\"twitter:data1\" content=\"Valpara\u00edso Creativo\" \/>\n\t<meta name=\"twitter:label2\" content=\"Tiempo de lectura\" \/>\n\t<meta name=\"twitter:data2\" content=\"4 minutos\" \/>\n<script type=\"application\/ld+json\" class=\"yoast-schema-graph\">{\"@context\":\"https:\/\/schema.org\",\"@graph\":[{\"@type\":\"Article\",\"@id\":\"https:\/\/dev.antudigital.cl\/sites\/vc\/fortaleciendo-el-ecosistema-musical-de-valparaiso-con-perspectiva-de-genero\/#article\",\"isPartOf\":{\"@id\":\"https:\/\/dev.antudigital.cl\/sites\/vc\/fortaleciendo-el-ecosistema-musical-de-valparaiso-con-perspectiva-de-genero\/\"},\"author\":{\"name\":\"Valpara\u00edso Creativo\",\"@id\":\"https:\/\/dev.antudigital.cl\/sites\/vc\/#\/schema\/person\/c2b9da8dd545e27166fc5ab232837318\"},\"headline\":\"Fortaleciendo el Ecosistema Musical de Valpara\u00edso con Perspectiva de G\u00e9nero\",\"datePublished\":\"2024-06-04T02:36:21+00:00\",\"dateModified\":\"2024-06-04T02:36:39+00:00\",\"mainEntityOfPage\":{\"@id\":\"https:\/\/dev.antudigital.cl\/sites\/vc\/fortaleciendo-el-ecosistema-musical-de-valparaiso-con-perspectiva-de-genero\/\"},\"wordCount\":652,\"image\":{\"@id\":\"https:\/\/dev.antudigital.cl\/sites\/vc\/fortaleciendo-el-ecosistema-musical-de-valparaiso-con-perspectiva-de-genero\/#primaryimage\"},\"thumbnailUrl\":\"https:\/\/dev.antudigital.cl\/sites\/vc\/wp-content\/uploads\/2024\/06\/ESCUELA-DE-AUTOGESTION-DE-MUJERES-EN-LA-MUSICA3.jpeg\",\"articleSection\":[\"Blog\"],\"inLanguage\":\"es\"},{\"@type\":\"WebPage\",\"@id\":\"https:\/\/dev.antudigital.cl\/sites\/vc\/fortaleciendo-el-ecosistema-musical-de-valparaiso-con-perspectiva-de-genero\/\",\"url\":\"https:\/\/dev.antudigital.cl\/sites\/vc\/fortaleciendo-el-ecosistema-musical-de-valparaiso-con-perspectiva-de-genero\/\",\"name\":\"Fortaleciendo el Ecosistema Musical de Valpara\u00edso con Perspectiva de G\u00e9nero - Valpara\u00ed\u00adso Creativo\",\"isPartOf\":{\"@id\":\"https:\/\/dev.antudigital.cl\/sites\/vc\/#website\"},\"primaryImageOfPage\":{\"@id\":\"https:\/\/dev.antudigital.cl\/sites\/vc\/fortaleciendo-el-ecosistema-musical-de-valparaiso-con-perspectiva-de-genero\/#primaryimage\"},\"image\":{\"@id\":\"https:\/\/dev.antudigital.cl\/sites\/vc\/fortaleciendo-el-ecosistema-musical-de-valparaiso-con-perspectiva-de-genero\/#primaryimage\"},\"thumbnailUrl\":\"https:\/\/dev.antudigital.cl\/sites\/vc\/wp-content\/uploads\/2024\/06\/ESCUELA-DE-AUTOGESTION-DE-MUJERES-EN-LA-MUSICA3.jpeg\",\"datePublished\":\"2024-06-04T02:36:21+00:00\",\"dateModified\":\"2024-06-04T02:36:39+00:00\",\"author\":{\"@id\":\"https:\/\/dev.antudigital.cl\/sites\/vc\/#\/schema\/person\/c2b9da8dd545e27166fc5ab232837318\"},\"breadcrumb\":{\"@id\":\"https:\/\/dev.antudigital.cl\/sites\/vc\/fortaleciendo-el-ecosistema-musical-de-valparaiso-con-perspectiva-de-genero\/#breadcrumb\"},\"inLanguage\":\"es\",\"potentialAction\":[{\"@type\":\"ReadAction\",\"target\":[\"https:\/\/dev.antudigital.cl\/sites\/vc\/fortaleciendo-el-ecosistema-musical-de-valparaiso-con-perspectiva-de-genero\/\"]}]},{\"@type\":\"ImageObject\",\"inLanguage\":\"es\",\"@id\":\"https:\/\/dev.antudigital.cl\/sites\/vc\/fortaleciendo-el-ecosistema-musical-de-valparaiso-con-perspectiva-de-genero\/#primaryimage\",\"url\":\"https:\/\/dev.antudigital.cl\/sites\/vc\/wp-content\/uploads\/2024\/06\/ESCUELA-DE-AUTOGESTION-DE-MUJERES-EN-LA-MUSICA3.jpeg\",\"contentUrl\":\"https:\/\/dev.antudigital.cl\/sites\/vc\/wp-content\/uploads\/2024\/06\/ESCUELA-DE-AUTOGESTION-DE-MUJERES-EN-LA-MUSICA3.jpeg\",\"width\":2560,\"height\":1706},{\"@type\":\"BreadcrumbList\",\"@id\":\"https:\/\/dev.antudigital.cl\/sites\/vc\/fortaleciendo-el-ecosistema-musical-de-valparaiso-con-perspectiva-de-genero\/#breadcrumb\",\"itemListElement\":[{\"@type\":\"ListItem\",\"position\":1,\"name\":\"Home\",\"item\":\"https:\/\/dev.antudigital.cl\/sites\/vc\/\"},{\"@type\":\"ListItem\",\"position\":2,\"name\":\"Fortaleciendo el Ecosistema Musical de Valpara\u00edso con Perspectiva de G\u00e9nero\"}]},{\"@type\":\"WebSite\",\"@id\":\"https:\/\/dev.antudigital.cl\/sites\/vc\/#website\",\"url\":\"https:\/\/dev.antudigital.cl\/sites\/vc\/\",\"name\":\"Valpara\u00ed\u00adso Creativo\",\"description\":\"\",\"potentialAction\":[{\"@type\":\"SearchAction\",\"target\":{\"@type\":\"EntryPoint\",\"urlTemplate\":\"https:\/\/dev.antudigital.cl\/sites\/vc\/?s={search_term_string}\"},\"query-input\":{\"@type\":\"PropertyValueSpecification\",\"valueRequired\":true,\"valueName\":\"search_term_string\"}}],\"inLanguage\":\"es\"},{\"@type\":\"Person\",\"@id\":\"https:\/\/dev.antudigital.cl\/sites\/vc\/#\/schema\/person\/c2b9da8dd545e27166fc5ab232837318\",\"name\":\"Valpara\u00edso Creativo\",\"description\":\"Periodista de cultura en la Regi\u00f3n de Valpara\u00edso.\",\"url\":\"https:\/\/dev.antudigital.cl\/sites\/vc\/author\/valpoadmin\/\"}]}<\/script>\n<!-- \/ Yoast SEO plugin. -->","yoast_head_json":{"title":"Fortaleciendo el Ecosistema Musical de Valpara\u00edso con Perspectiva de G\u00e9nero - Valpara\u00ed\u00adso Creativo","robots":{"index":"index","follow":"follow","max-snippet":"max-snippet:-1","max-image-preview":"max-image-preview:large","max-video-preview":"max-video-preview:-1"},"canonical":"https:\/\/dev.antudigital.cl\/sites\/vc\/fortaleciendo-el-ecosistema-musical-de-valparaiso-con-perspectiva-de-genero\/","og_locale":"es_ES","og_type":"article","og_title":"Fortaleciendo el Ecosistema Musical de Valpara\u00edso con Perspectiva de G\u00e9nero - Valpara\u00ed\u00adso Creativo","og_description":"Fotograf\u00edas: Nathaly Arancibia. En un esfuerzo por fortalecer el tejido cultural de Valpara\u00edso desde una perspectiva de g\u00e9nero, la Direcci\u00f3n de Desarrollo Cultural de la Municipalidad de Valpara\u00edso, en Alianza con el Departamento de G\u00e9nero, Mujeres y Diversidades de la misma Municipalidad, y el Instituto, lanzaron la segunda versi\u00f3n de una iniciativa destinada a disminuir [&hellip;]","og_url":"https:\/\/dev.antudigital.cl\/sites\/vc\/fortaleciendo-el-ecosistema-musical-de-valparaiso-con-perspectiva-de-genero\/","og_site_name":"Valpara\u00ed\u00adso Creativo","article_published_time":"2024-06-04T02:36:21+00:00","article_modified_time":"2024-06-04T02:36:39+00:00","og_image":[{"width":2560,"height":1706,"url":"https:\/\/dev.antudigital.cl\/sites\/vc\/wp-content\/uploads\/2024\/06\/ESCUELA-DE-AUTOGESTION-DE-MUJERES-EN-LA-MUSICA3.jpeg","type":"image\/jpeg"}],"author":"Valpara\u00edso Creativo","twitter_card":"summary_large_image","twitter_misc":{"Escrito por":"Valpara\u00edso Creativo","Tiempo de lectura":"4 minutos"},"schema":{"@context":"https:\/\/schema.org","@graph":[{"@type":"Article","@id":"https:\/\/dev.antudigital.cl\/sites\/vc\/fortaleciendo-el-ecosistema-musical-de-valparaiso-con-perspectiva-de-genero\/#article","isPartOf":{"@id":"https:\/\/dev.antudigital.cl\/sites\/vc\/fortaleciendo-el-ecosistema-musical-de-valparaiso-con-perspectiva-de-genero\/"},"author":{"name":"Valpara\u00edso Creativo","@id":"https:\/\/dev.antudigital.cl\/sites\/vc\/#\/schema\/person\/c2b9da8dd545e27166fc5ab232837318"},"headline":"Fortaleciendo el Ecosistema Musical de Valpara\u00edso con Perspectiva de G\u00e9nero","datePublished":"2024-06-04T02:36:21+00:00","dateModified":"2024-06-04T02:36:39+00:00","mainEntityOfPage":{"@id":"https:\/\/dev.antudigital.cl\/sites\/vc\/fortaleciendo-el-ecosistema-musical-de-valparaiso-con-perspectiva-de-genero\/"},"wordCount":652,"image":{"@id":"https:\/\/dev.antudigital.cl\/sites\/vc\/fortaleciendo-el-ecosistema-musical-de-valparaiso-con-perspectiva-de-genero\/#primaryimage"},"thumbnailUrl":"https:\/\/dev.antudigital.cl\/sites\/vc\/wp-content\/uploads\/2024\/06\/ESCUELA-DE-AUTOGESTION-DE-MUJERES-EN-LA-MUSICA3.jpeg","articleSection":["Blog"],"inLanguage":"es"},{"@type":"WebPage","@id":"https:\/\/dev.antudigital.cl\/sites\/vc\/fortaleciendo-el-ecosistema-musical-de-valparaiso-con-perspectiva-de-genero\/","url":"https:\/\/dev.antudigital.cl\/sites\/vc\/fortaleciendo-el-ecosistema-musical-de-valparaiso-con-perspectiva-de-genero\/","name":"Fortaleciendo el Ecosistema Musical de Valpara\u00edso con Perspectiva de G\u00e9nero - Valpara\u00ed\u00adso Creativo","isPartOf":{"@id":"https:\/\/dev.antudigital.cl\/sites\/vc\/#website"},"primaryImageOfPage":{"@id":"https:\/\/dev.antudigital.cl\/sites\/vc\/fortaleciendo-el-ecosistema-musical-de-valparaiso-con-perspectiva-de-genero\/#primaryimage"},"image":{"@id":"https:\/\/dev.antudigital.cl\/sites\/vc\/fortaleciendo-el-ecosistema-musical-de-valparaiso-con-perspectiva-de-genero\/#primaryimage"},"thumbnailUrl":"https:\/\/dev.antudigital.cl\/sites\/vc\/wp-content\/uploads\/2024\/06\/ESCUELA-DE-AUTOGESTION-DE-MUJERES-EN-LA-MUSICA3.jpeg","datePublished":"2024-06-04T02:36:21+00:00","dateModified":"2024-06-04T02:36:39+00:00","author":{"@id":"https:\/\/dev.antudigital.cl\/sites\/vc\/#\/schema\/person\/c2b9da8dd545e27166fc5ab232837318"},"breadcrumb":{"@id":"https:\/\/dev.antudigital.cl\/sites\/vc\/fortaleciendo-el-ecosistema-musical-de-valparaiso-con-perspectiva-de-genero\/#breadcrumb"},"inLanguage":"es","potentialAction":[{"@type":"ReadAction","target":["https:\/\/dev.antudigital.cl\/sites\/vc\/fortaleciendo-el-ecosistema-musical-de-valparaiso-con-perspectiva-de-genero\/"]}]},{"@type":"ImageObject","inLanguage":"es","@id":"https:\/\/dev.antudigital.cl\/sites\/vc\/fortaleciendo-el-ecosistema-musical-de-valparaiso-con-perspectiva-de-genero\/#primaryimage","url":"https:\/\/dev.antudigital.cl\/sites\/vc\/wp-content\/uploads\/2024\/06\/ESCUELA-DE-AUTOGESTION-DE-MUJERES-EN-LA-MUSICA3.jpeg","contentUrl":"https:\/\/dev.antudigital.cl\/sites\/vc\/wp-content\/uploads\/2024\/06\/ESCUELA-DE-AUTOGESTION-DE-MUJERES-EN-LA-MUSICA3.jpeg","width":2560,"height":1706},{"@type":"BreadcrumbList","@id":"https:\/\/dev.antudigital.cl\/sites\/vc\/fortaleciendo-el-ecosistema-musical-de-valparaiso-con-perspectiva-de-genero\/#breadcrumb","itemListElement":[{"@type":"ListItem","position":1,"name":"Home","item":"https:\/\/dev.antudigital.cl\/sites\/vc\/"},{"@type":"ListItem","position":2,"name":"Fortaleciendo el Ecosistema Musical de Valpara\u00edso con Perspectiva de G\u00e9nero"}]},{"@type":"WebSite","@id":"https:\/\/dev.antudigital.cl\/sites\/vc\/#website","url":"https:\/\/dev.antudigital.cl\/sites\/vc\/","name":"Valpara\u00ed\u00adso Creativo","description":"","potentialAction":[{"@type":"SearchAction","target":{"@type":"EntryPoint","urlTemplate":"https:\/\/dev.antudigital.cl\/sites\/vc\/?s={search_term_string}"},"query-input":{"@type":"PropertyValueSpecification","valueRequired":true,"valueName":"search_term_string"}}],"inLanguage":"es"},{"@type":"Person","@id":"https:\/\/dev.antudigital.cl\/sites\/vc\/#\/schema\/person\/c2b9da8dd545e27166fc5ab232837318","name":"Valpara\u00edso Creativo","description":"Periodista de cultura en la Regi\u00f3n de Valpara\u00edso.","url":"https:\/\/dev.antudigital.cl\/sites\/vc\/author\/valpoadmin\/"}]}},"_links":{"self":[{"href":"https:\/\/dev.antudigital.cl\/sites\/vc\/wp-json\/wp\/v2\/posts\/19282","targetHints":{"allow":["GET"]}}],"collection":[{"href":"https:\/\/dev.antudigital.cl\/sites\/vc\/wp-json\/wp\/v2\/posts"}],"about":[{"href":"https:\/\/dev.antudigital.cl\/sites\/vc\/wp-json\/wp\/v2\/types\/post"}],"author":[{"embeddable":true,"href":"https:\/\/dev.antudigital.cl\/sites\/vc\/wp-json\/wp\/v2\/users\/1"}],"replies":[{"embeddable":true,"href":"https:\/\/dev.antudigital.cl\/sites\/vc\/wp-json\/wp\/v2\/comments?post=19282"}],"version-history":[{"count":1,"href":"https:\/\/dev.antudigital.cl\/sites\/vc\/wp-json\/wp\/v2\/posts\/19282\/revisions"}],"predecessor-version":[{"id":19288,"href":"https:\/\/dev.antudigital.cl\/sites\/vc\/wp-json\/wp\/v2\/posts\/19282\/revisions\/19288"}],"wp:featuredmedia":[{"embeddable":true,"href":"https:\/\/dev.antudigital.cl\/sites\/vc\/wp-json\/wp\/v2\/media\/19283"}],"wp:attachment":[{"href":"https:\/\/dev.antudigital.cl\/sites\/vc\/wp-json\/wp\/v2\/media?parent=19282"}],"wp:term":[{"taxonomy":"category","embeddable":true,"href":"https:\/\/dev.antudigital.cl\/sites\/vc\/wp-json\/wp\/v2\/categories?post=19282"},{"taxonomy":"post_tag","embeddable":true,"href":"https:\/\/dev.antudigital.cl\/sites\/vc\/wp-json\/wp\/v2\/tags?post=19282"}],"curies":[{"name":"wp","href":"https:\/\/api.w.org\/{rel}","templated":true}]}}