{"id":19289,"date":"2024-06-04T02:52:32","date_gmt":"2024-06-04T02:52:32","guid":{"rendered":"https:\/\/www.valparaisocreativo.cl\/?p=19289"},"modified":"2024-06-04T02:52:50","modified_gmt":"2024-06-04T02:52:50","slug":"un-nuevo-recorrido-para-potenciar-el-territorio","status":"publish","type":"post","link":"https:\/\/dev.antudigital.cl\/sites\/vc\/un-nuevo-recorrido-para-potenciar-el-territorio\/","title":{"rendered":"Un nuevo recorrido para potenciar el territorio"},"content":{"rendered":"\n<p>Gloria Murcia, de la Corporaci\u00f3n Tur\u00edstica de la comuna de Hijuelas, es una de las principales impulsoras del dise\u00f1o de la ruta tur\u00edstica al interior de la regi\u00f3n, que recibir\u00e1 al Tren Tur\u00edstico lleno de pasajeros provenientes de Santiago.<\/p>\n\n\n\n<p>Este proyecto que nace, patrocinado por la Fundaci\u00f3n Trenzando, en nuestro Comit\u00e9 Gestor de Patrimonio, finalizar\u00e1 el dise\u00f1o este 5 de junio con una ceremonia en la estaci\u00f3n de trenes de la comuna de Llay Llay, y se pondr\u00e1 en marcha en la primavera.<\/p>\n\n\n\n<p>Desde Ocoa,&nbsp; conversamos con Gloria, quien est\u00e1 involucrada en diversas iniciativas que la conectan profundamente con el territorio en el que reside.<\/p>\n\n\n\n<p>La activaci\u00f3n del Tren Tur\u00edstico del Recuerdo permitir\u00e1 visibilizar y potenciar la econom\u00eda local de lugares como Ocoa, Llay Llay y Catemu en nuestra regi\u00f3n. Hablamos en profundidad con ella sobre lo que implica este importante hito.<\/p>\n\n\n\n<figure class=\"wp-block-image size-large\"><img fetchpriority=\"high\" decoding=\"async\" width=\"1024\" height=\"683\" src=\"https:\/\/www.valparaisocreativo.cl\/wp-content\/uploads\/2024\/06\/Trenzando-3-1024x683.jpeg\" alt=\"\" class=\"wp-image-19293\" srcset=\"https:\/\/dev.antudigital.cl\/sites\/vc\/wp-content\/uploads\/2024\/06\/Trenzando-3-1024x683.jpeg 1024w, https:\/\/dev.antudigital.cl\/sites\/vc\/wp-content\/uploads\/2024\/06\/Trenzando-3-300x200.jpeg 300w, https:\/\/dev.antudigital.cl\/sites\/vc\/wp-content\/uploads\/2024\/06\/Trenzando-3-768x513.jpeg 768w, https:\/\/dev.antudigital.cl\/sites\/vc\/wp-content\/uploads\/2024\/06\/Trenzando-3-1080x721.jpeg 1080w, https:\/\/dev.antudigital.cl\/sites\/vc\/wp-content\/uploads\/2024\/06\/Trenzando-3-1280x854.jpeg 1280w, https:\/\/dev.antudigital.cl\/sites\/vc\/wp-content\/uploads\/2024\/06\/Trenzando-3-980x654.jpeg 980w, https:\/\/dev.antudigital.cl\/sites\/vc\/wp-content\/uploads\/2024\/06\/Trenzando-3-480x320.jpeg 480w, https:\/\/dev.antudigital.cl\/sites\/vc\/wp-content\/uploads\/2024\/06\/Trenzando-3-24x16.jpeg 24w, https:\/\/dev.antudigital.cl\/sites\/vc\/wp-content\/uploads\/2024\/06\/Trenzando-3-36x24.jpeg 36w, https:\/\/dev.antudigital.cl\/sites\/vc\/wp-content\/uploads\/2024\/06\/Trenzando-3-48x32.jpeg 48w, https:\/\/dev.antudigital.cl\/sites\/vc\/wp-content\/uploads\/2024\/06\/Trenzando-3.jpeg 1440w\" sizes=\"(max-width: 1024px) 100vw, 1024px\" \/><\/figure>\n\n\n\n<p><strong>Gloria, cu\u00e9ntanos c\u00f3mo se gener\u00f3 esta articulaci\u00f3n: <\/strong>\u00abTrenzando me convoc\u00f3 en 2019 cuando hicieron su primera intervenci\u00f3n en Ocoa, poco despu\u00e9s de que me mudara aqu\u00ed. Inicialmente colabor\u00e9 en el dise\u00f1o de la residencia y me enamor\u00e9 del proyecto, as\u00ed que me fui involucrando cada vez m\u00e1s. Mis focos de trabajo son la sostenibilidad, la permacultura y la producci\u00f3n de cerveza artesanal en nuestro propio campo. Me siento vinculada con esta tierra y desde aqu\u00ed contribuyo al precioso proyecto que impulsa Trenzando por todo Chile.<\/p>\n\n\n\n<p>Tambi\u00e9n participo en la directiva del Centro Cultural Ocoa, estrechamente ligado a Trenzando ya que es una antigua estaci\u00f3n de trenes. Adem\u00e1s, pertenezco al Valle de Turismo de Ocoa, una asociaci\u00f3n de empresarios que promueven el turismo sustentable. Con ellos organizamos las primeras venidas del Tren del Recuerdo y algunas intervenciones de gesti\u00f3n territorial, antecedentes importantes para el trabajo con Trenzando.<\/p>\n\n\n\n<p>Finalmente, me propusieron este proyecto desde donde busco apalancar recursos y experiencias desde el turismo. Es un desaf\u00edo hermoso y por eso acept\u00e9 coordinar esta iniciativa como consultora externa.\u00bb<\/p>\n\n\n\n<figure class=\"wp-block-image size-full\"><img decoding=\"async\" width=\"590\" height=\"300\" src=\"https:\/\/www.valparaisocreativo.cl\/wp-content\/uploads\/2024\/06\/Tren-del-recuerdo.jpeg\" alt=\"\" class=\"wp-image-19290\" srcset=\"https:\/\/dev.antudigital.cl\/sites\/vc\/wp-content\/uploads\/2024\/06\/Tren-del-recuerdo.jpeg 590w, https:\/\/dev.antudigital.cl\/sites\/vc\/wp-content\/uploads\/2024\/06\/Tren-del-recuerdo-300x153.jpeg 300w, https:\/\/dev.antudigital.cl\/sites\/vc\/wp-content\/uploads\/2024\/06\/Tren-del-recuerdo-480x244.jpeg 480w, https:\/\/dev.antudigital.cl\/sites\/vc\/wp-content\/uploads\/2024\/06\/Tren-del-recuerdo-24x12.jpeg 24w, https:\/\/dev.antudigital.cl\/sites\/vc\/wp-content\/uploads\/2024\/06\/Tren-del-recuerdo-36x18.jpeg 36w, https:\/\/dev.antudigital.cl\/sites\/vc\/wp-content\/uploads\/2024\/06\/Tren-del-recuerdo-48x24.jpeg 48w\" sizes=\"(max-width: 590px) 100vw, 590px\" \/><\/figure>\n\n\n\n<p><strong>Nos estabas comentando acerca de tus proyectos y trayectoria, \u00bfpodr\u00edas profundizar en eso?<\/strong><\/p>\n\n\n\n<p>\u00abClaro. Por un lado esta Cerveza Preece, cervecer\u00eda que tengo con mi pareja y socio Juan Francisco. Empezamos con un contenedor y hemos ido creciendo, enfoc\u00e1ndonos en la provisi\u00f3n de barriles a locales de la provincia de Quillota, siempre manteniendo nuestra filosof\u00eda de econom\u00eda sustentable e incorporando acciones de econom\u00eda circular en nuestros procesos.<\/p>\n\n\n\n<p>Tambi\u00e9n fundamos la Eco Escuela Casa Ocoa, basada en la permacultura, con mucho enfoque en bioconstrucci\u00f3n. Juan Francisco se capacit\u00f3 en una t\u00e9cnica llamada quincha, tradicional de los pueblos precolombinos, adaptada con tecnolog\u00eda moderna. La pandemia alter\u00f3 el ritmo de los cursos, pero seguimos recibiendo voluntarios de otros pa\u00edses para residencias.\u00bb<\/p>\n\n\n\n<p><strong>\u00bfEsto fue su proyecto de vida o c\u00f3mo tomaron esta decisi\u00f3n?<\/strong><\/p>\n\n\n\n<p>\u00abQuer\u00edamos una vida m\u00e1s simple, encontrarle sentido a las cosas. Ten\u00edamos trabajos en Santiago, pero con un ritmo muy intenso. Surgi\u00f3 la oportunidad de invertir fuera de Santiago y cambiar de vida. Fue algo que ven\u00edamos pensando, pero sucedi\u00f3 r\u00e1pido. Me gusta ser arriesgada y probar. Aqu\u00ed hemos iniciado diversos proyectos y ha sido muy gratificante.\u00bb<\/p>\n\n\n\n<p><strong>Desde entonces te has involucrado con la comunidad, cu\u00e9ntanos m\u00e1s de eso. <\/strong><\/p>\n\n\n\n<p>\u00abS\u00ed, hemos sido paulatinos en conocer y fortalecer lazos, sin invadir. Eso me tiene hoy en dos directivas y ha sido muy bonito.\u00bb<\/p>\n\n\n\n<figure class=\"wp-block-image size-full\"><img decoding=\"async\" width=\"600\" height=\"450\" src=\"https:\/\/www.valparaisocreativo.cl\/wp-content\/uploads\/2024\/06\/Trenzando-1.jpeg\" alt=\"\" class=\"wp-image-19291\" srcset=\"https:\/\/dev.antudigital.cl\/sites\/vc\/wp-content\/uploads\/2024\/06\/Trenzando-1.jpeg 600w, https:\/\/dev.antudigital.cl\/sites\/vc\/wp-content\/uploads\/2024\/06\/Trenzando-1-300x225.jpeg 300w, https:\/\/dev.antudigital.cl\/sites\/vc\/wp-content\/uploads\/2024\/06\/Trenzando-1-510x382.jpeg 510w, https:\/\/dev.antudigital.cl\/sites\/vc\/wp-content\/uploads\/2024\/06\/Trenzando-1-480x360.jpeg 480w, https:\/\/dev.antudigital.cl\/sites\/vc\/wp-content\/uploads\/2024\/06\/Trenzando-1-24x18.jpeg 24w, https:\/\/dev.antudigital.cl\/sites\/vc\/wp-content\/uploads\/2024\/06\/Trenzando-1-36x27.jpeg 36w, https:\/\/dev.antudigital.cl\/sites\/vc\/wp-content\/uploads\/2024\/06\/Trenzando-1-48x36.jpeg 48w\" sizes=\"(max-width: 600px) 100vw, 600px\" \/><\/figure>\n\n\n\n<p><strong>\u00bfC\u00f3mo observas a la comunidad del turismo y la cultura en Ocoa?<\/strong><\/p>\n\n\n\n<p>\u00abEl turismo tiene un enfoque productivo claro que queremos potenciar con una campa\u00f1a de conciencia tur\u00edstica. Se cree que Ocoa puede ser un polo tur\u00edstico en desarrollo, vinculado a lo sustentable. En lo cultural, el desarrollo es a\u00fan incipiente, limitado a expresiones rurales y tradicionales. Se requiere difusi\u00f3n y gesti\u00f3n de recursos. Sin embargo, hay entusiasmo, lo que involucra a Trenzando y al Municipio, sentando precedentes.\u00bb<\/p>\n\n\n\n<p>Sobre el proyecto en particular, \u00bfc\u00f3mo potencia a los territorios involucrados? \u00abEs muy significativo para la comunidad. Genera recursos de fomento directo, construye relaciones a largo plazo y visibiliza comunidades. Hemos hecho informes de rentabilidad social que muestran un impacto del 200% en t\u00e9rminos sociales. El impacto multifactorial es enorme.\u00bb<\/p>\n\n\n\n<p><strong>\u00bfCu\u00e1ntos emprendedores participan en la ruta? <\/strong><\/p>\n\n\n\n<p>\u00abSon 7 rutas con cerca de 40 emprendedores.\u00bb<\/p>\n\n\n\n<p><strong>\u00bfC\u00f3mo se genera la articulaci\u00f3n con los emprendedores?<\/strong><\/p>\n\n\n\n<p>\u00abTrabajamos con cada municipio, normalmente a trav\u00e9s del departamento de turismo, comenzando con reuniones y luego visitando las localidades. Fue un proceso org\u00e1nico, convocando, siguiendo y acompa\u00f1ando a los interesados para mostrar sus propuestas y generar experiencias tur\u00edsticas diferentes.\u00bb<\/p>\n\n\n\n<figure class=\"wp-block-image size-full\"><img loading=\"lazy\" decoding=\"async\" width=\"980\" height=\"654\" src=\"https:\/\/www.valparaisocreativo.cl\/wp-content\/uploads\/2024\/06\/Trenzando-980x654-1.jpeg\" alt=\"\" class=\"wp-image-19295\" srcset=\"https:\/\/dev.antudigital.cl\/sites\/vc\/wp-content\/uploads\/2024\/06\/Trenzando-980x654-1.jpeg 980w, https:\/\/dev.antudigital.cl\/sites\/vc\/wp-content\/uploads\/2024\/06\/Trenzando-980x654-1-300x200.jpeg 300w, https:\/\/dev.antudigital.cl\/sites\/vc\/wp-content\/uploads\/2024\/06\/Trenzando-980x654-1-768x513.jpeg 768w, https:\/\/dev.antudigital.cl\/sites\/vc\/wp-content\/uploads\/2024\/06\/Trenzando-980x654-1-480x320.jpeg 480w, https:\/\/dev.antudigital.cl\/sites\/vc\/wp-content\/uploads\/2024\/06\/Trenzando-980x654-1-24x16.jpeg 24w, https:\/\/dev.antudigital.cl\/sites\/vc\/wp-content\/uploads\/2024\/06\/Trenzando-980x654-1-36x24.jpeg 36w, https:\/\/dev.antudigital.cl\/sites\/vc\/wp-content\/uploads\/2024\/06\/Trenzando-980x654-1-48x32.jpeg 48w\" sizes=\"(max-width: 980px) 100vw, 980px\" \/><\/figure>\n\n\n\n<p><strong>\u00bfCu\u00e1les son las \u00e1reas que se potencian en estas rutas?<\/strong><\/p>\n\n\n\n<p>\u00abDeterminamos cuatro hitos en cada parada: gastron\u00f3mico, artesanal, una presentaci\u00f3n art\u00edstica y un taller inmersivo. Esto se construy\u00f3 con el Manual de Desarrollo de Experiencias Tur\u00edsticas de Calidad de Sernatur, siempre en concordancia con lo que hab\u00eda en los territorios.\u00bb<\/p>\n\n\n\n<p><strong>\u00bfCu\u00e1l es la duraci\u00f3n de cada recorrido?<\/strong><\/p>\n\n\n\n<p>\u00abA Catemu y Llay Llay son unas 6 horas, y en Ocoa una hora menos. Trabajamos con &#8216;turismo lento&#8217;, enfocado en la inmersi\u00f3n y el conocimiento profundo de cada lugar.<\/p>\n\n\n\n<p>Cada ruta tiene dos paradas, alineadas con los ejes de Turismo Cultural de Transforma Turismo, tambi\u00e9n integrando el turismo natural con un recorrido por la Reserva La Campana.\u00bb<\/p>\n\n\n\n<p><strong>\u00bfCu\u00e1ntas personas pueden ir en el tren? <\/strong><\/p>\n\n\n\n<p>\u00abEl tren puede llevar a 376 personas a destinos que incluyen Llay Llay y Ocoa en la regi\u00f3n de Valpara\u00edso y Rungue en la Regi\u00f3n Metropolitana.\u00bb<\/p>\n\n\n\n<p><a href=\"https:\/\/www.instagram.com\/trenzandocl\/\">No olvides seguir a Trenzando en sus redes sociales para m\u00e1s novedades.<\/a><\/p>\n","protected":false},"excerpt":{"rendered":"<p>Gloria Murcia, de la Corporaci\u00f3n Tur\u00edstica de la comuna de Hijuelas, es una de las principales impulsoras del dise\u00f1o de la ruta tur\u00edstica al interior de la regi\u00f3n, que recibir\u00e1 al Tren Tur\u00edstico lleno de pasajeros provenientes de Santiago. Este proyecto que nace, patrocinado por la Fundaci\u00f3n Trenzando, en nuestro Comit\u00e9 Gestor de Patrimonio, finalizar\u00e1 [&hellip;]<\/p>\n","protected":false},"author":1,"featured_media":19294,"comment_status":"closed","ping_status":"closed","sticky":false,"template":"","format":"standard","meta":{"_acf_changed":false,"footnotes":""},"categories":[218],"tags":[],"class_list":["post-19289","post","type-post","status-publish","format-standard","has-post-thumbnail","hentry","category-blog"],"acf":[],"yoast_head":"<!-- This site is optimized with the Yoast SEO plugin v27.1.1 - https:\/\/yoast.com\/product\/yoast-seo-wordpress\/ -->\n<title>Un nuevo recorrido para potenciar el territorio - Valpara\u00ed\u00adso Creativo<\/title>\n<meta name=\"robots\" content=\"index, follow, max-snippet:-1, max-image-preview:large, max-video-preview:-1\" \/>\n<link rel=\"canonical\" href=\"https:\/\/dev.antudigital.cl\/sites\/vc\/un-nuevo-recorrido-para-potenciar-el-territorio\/\" \/>\n<meta property=\"og:locale\" content=\"es_ES\" \/>\n<meta property=\"og:type\" content=\"article\" \/>\n<meta property=\"og:title\" content=\"Un nuevo recorrido para potenciar el territorio - Valpara\u00ed\u00adso Creativo\" \/>\n<meta property=\"og:description\" content=\"Gloria Murcia, de la Corporaci\u00f3n Tur\u00edstica de la comuna de Hijuelas, es una de las principales impulsoras del dise\u00f1o de la ruta tur\u00edstica al interior de la regi\u00f3n, que recibir\u00e1 al Tren Tur\u00edstico lleno de pasajeros provenientes de Santiago. Este proyecto que nace, patrocinado por la Fundaci\u00f3n Trenzando, en nuestro Comit\u00e9 Gestor de Patrimonio, finalizar\u00e1 [&hellip;]\" \/>\n<meta property=\"og:url\" content=\"https:\/\/dev.antudigital.cl\/sites\/vc\/un-nuevo-recorrido-para-potenciar-el-territorio\/\" \/>\n<meta property=\"og:site_name\" content=\"Valpara\u00ed\u00adso Creativo\" \/>\n<meta property=\"article:published_time\" content=\"2024-06-04T02:52:32+00:00\" \/>\n<meta property=\"article:modified_time\" content=\"2024-06-04T02:52:50+00:00\" \/>\n<meta property=\"og:image\" content=\"https:\/\/dev.antudigital.cl\/sites\/vc\/wp-content\/uploads\/2024\/06\/Trenzando-4.jpeg\" \/>\n\t<meta property=\"og:image:width\" content=\"1440\" \/>\n\t<meta property=\"og:image:height\" content=\"961\" \/>\n\t<meta property=\"og:image:type\" content=\"image\/jpeg\" \/>\n<meta name=\"author\" content=\"Valpara\u00edso Creativo\" \/>\n<meta name=\"twitter:card\" content=\"summary_large_image\" \/>\n<meta name=\"twitter:label1\" content=\"Escrito por\" \/>\n\t<meta name=\"twitter:data1\" content=\"Valpara\u00edso Creativo\" \/>\n\t<meta name=\"twitter:label2\" content=\"Tiempo de lectura\" \/>\n\t<meta name=\"twitter:data2\" content=\"6 minutos\" \/>\n<script type=\"application\/ld+json\" class=\"yoast-schema-graph\">{\"@context\":\"https:\/\/schema.org\",\"@graph\":[{\"@type\":\"Article\",\"@id\":\"https:\/\/dev.antudigital.cl\/sites\/vc\/un-nuevo-recorrido-para-potenciar-el-territorio\/#article\",\"isPartOf\":{\"@id\":\"https:\/\/dev.antudigital.cl\/sites\/vc\/un-nuevo-recorrido-para-potenciar-el-territorio\/\"},\"author\":{\"name\":\"Valpara\u00edso Creativo\",\"@id\":\"https:\/\/dev.antudigital.cl\/sites\/vc\/#\/schema\/person\/c2b9da8dd545e27166fc5ab232837318\"},\"headline\":\"Un nuevo recorrido para potenciar el territorio\",\"datePublished\":\"2024-06-04T02:52:32+00:00\",\"dateModified\":\"2024-06-04T02:52:50+00:00\",\"mainEntityOfPage\":{\"@id\":\"https:\/\/dev.antudigital.cl\/sites\/vc\/un-nuevo-recorrido-para-potenciar-el-territorio\/\"},\"wordCount\":966,\"image\":{\"@id\":\"https:\/\/dev.antudigital.cl\/sites\/vc\/un-nuevo-recorrido-para-potenciar-el-territorio\/#primaryimage\"},\"thumbnailUrl\":\"https:\/\/dev.antudigital.cl\/sites\/vc\/wp-content\/uploads\/2024\/06\/Trenzando-4.jpeg\",\"articleSection\":[\"Blog\"],\"inLanguage\":\"es\"},{\"@type\":\"WebPage\",\"@id\":\"https:\/\/dev.antudigital.cl\/sites\/vc\/un-nuevo-recorrido-para-potenciar-el-territorio\/\",\"url\":\"https:\/\/dev.antudigital.cl\/sites\/vc\/un-nuevo-recorrido-para-potenciar-el-territorio\/\",\"name\":\"Un nuevo recorrido para potenciar el territorio - Valpara\u00ed\u00adso Creativo\",\"isPartOf\":{\"@id\":\"https:\/\/dev.antudigital.cl\/sites\/vc\/#website\"},\"primaryImageOfPage\":{\"@id\":\"https:\/\/dev.antudigital.cl\/sites\/vc\/un-nuevo-recorrido-para-potenciar-el-territorio\/#primaryimage\"},\"image\":{\"@id\":\"https:\/\/dev.antudigital.cl\/sites\/vc\/un-nuevo-recorrido-para-potenciar-el-territorio\/#primaryimage\"},\"thumbnailUrl\":\"https:\/\/dev.antudigital.cl\/sites\/vc\/wp-content\/uploads\/2024\/06\/Trenzando-4.jpeg\",\"datePublished\":\"2024-06-04T02:52:32+00:00\",\"dateModified\":\"2024-06-04T02:52:50+00:00\",\"author\":{\"@id\":\"https:\/\/dev.antudigital.cl\/sites\/vc\/#\/schema\/person\/c2b9da8dd545e27166fc5ab232837318\"},\"breadcrumb\":{\"@id\":\"https:\/\/dev.antudigital.cl\/sites\/vc\/un-nuevo-recorrido-para-potenciar-el-territorio\/#breadcrumb\"},\"inLanguage\":\"es\",\"potentialAction\":[{\"@type\":\"ReadAction\",\"target\":[\"https:\/\/dev.antudigital.cl\/sites\/vc\/un-nuevo-recorrido-para-potenciar-el-territorio\/\"]}]},{\"@type\":\"ImageObject\",\"inLanguage\":\"es\",\"@id\":\"https:\/\/dev.antudigital.cl\/sites\/vc\/un-nuevo-recorrido-para-potenciar-el-territorio\/#primaryimage\",\"url\":\"https:\/\/dev.antudigital.cl\/sites\/vc\/wp-content\/uploads\/2024\/06\/Trenzando-4.jpeg\",\"contentUrl\":\"https:\/\/dev.antudigital.cl\/sites\/vc\/wp-content\/uploads\/2024\/06\/Trenzando-4.jpeg\",\"width\":1440,\"height\":961},{\"@type\":\"BreadcrumbList\",\"@id\":\"https:\/\/dev.antudigital.cl\/sites\/vc\/un-nuevo-recorrido-para-potenciar-el-territorio\/#breadcrumb\",\"itemListElement\":[{\"@type\":\"ListItem\",\"position\":1,\"name\":\"Home\",\"item\":\"https:\/\/dev.antudigital.cl\/sites\/vc\/\"},{\"@type\":\"ListItem\",\"position\":2,\"name\":\"Un nuevo recorrido para potenciar el territorio\"}]},{\"@type\":\"WebSite\",\"@id\":\"https:\/\/dev.antudigital.cl\/sites\/vc\/#website\",\"url\":\"https:\/\/dev.antudigital.cl\/sites\/vc\/\",\"name\":\"Valpara\u00ed\u00adso Creativo\",\"description\":\"\",\"potentialAction\":[{\"@type\":\"SearchAction\",\"target\":{\"@type\":\"EntryPoint\",\"urlTemplate\":\"https:\/\/dev.antudigital.cl\/sites\/vc\/?s={search_term_string}\"},\"query-input\":{\"@type\":\"PropertyValueSpecification\",\"valueRequired\":true,\"valueName\":\"search_term_string\"}}],\"inLanguage\":\"es\"},{\"@type\":\"Person\",\"@id\":\"https:\/\/dev.antudigital.cl\/sites\/vc\/#\/schema\/person\/c2b9da8dd545e27166fc5ab232837318\",\"name\":\"Valpara\u00edso Creativo\",\"description\":\"Periodista de cultura en la Regi\u00f3n de Valpara\u00edso.\",\"url\":\"https:\/\/dev.antudigital.cl\/sites\/vc\/author\/valpoadmin\/\"}]}<\/script>\n<!-- \/ Yoast SEO plugin. -->","yoast_head_json":{"title":"Un nuevo recorrido para potenciar el territorio - Valpara\u00ed\u00adso Creativo","robots":{"index":"index","follow":"follow","max-snippet":"max-snippet:-1","max-image-preview":"max-image-preview:large","max-video-preview":"max-video-preview:-1"},"canonical":"https:\/\/dev.antudigital.cl\/sites\/vc\/un-nuevo-recorrido-para-potenciar-el-territorio\/","og_locale":"es_ES","og_type":"article","og_title":"Un nuevo recorrido para potenciar el territorio - Valpara\u00ed\u00adso Creativo","og_description":"Gloria Murcia, de la Corporaci\u00f3n Tur\u00edstica de la comuna de Hijuelas, es una de las principales impulsoras del dise\u00f1o de la ruta tur\u00edstica al interior de la regi\u00f3n, que recibir\u00e1 al Tren Tur\u00edstico lleno de pasajeros provenientes de Santiago. Este proyecto que nace, patrocinado por la Fundaci\u00f3n Trenzando, en nuestro Comit\u00e9 Gestor de Patrimonio, finalizar\u00e1 [&hellip;]","og_url":"https:\/\/dev.antudigital.cl\/sites\/vc\/un-nuevo-recorrido-para-potenciar-el-territorio\/","og_site_name":"Valpara\u00ed\u00adso Creativo","article_published_time":"2024-06-04T02:52:32+00:00","article_modified_time":"2024-06-04T02:52:50+00:00","og_image":[{"width":1440,"height":961,"url":"https:\/\/dev.antudigital.cl\/sites\/vc\/wp-content\/uploads\/2024\/06\/Trenzando-4.jpeg","type":"image\/jpeg"}],"author":"Valpara\u00edso Creativo","twitter_card":"summary_large_image","twitter_misc":{"Escrito por":"Valpara\u00edso Creativo","Tiempo de lectura":"6 minutos"},"schema":{"@context":"https:\/\/schema.org","@graph":[{"@type":"Article","@id":"https:\/\/dev.antudigital.cl\/sites\/vc\/un-nuevo-recorrido-para-potenciar-el-territorio\/#article","isPartOf":{"@id":"https:\/\/dev.antudigital.cl\/sites\/vc\/un-nuevo-recorrido-para-potenciar-el-territorio\/"},"author":{"name":"Valpara\u00edso Creativo","@id":"https:\/\/dev.antudigital.cl\/sites\/vc\/#\/schema\/person\/c2b9da8dd545e27166fc5ab232837318"},"headline":"Un nuevo recorrido para potenciar el territorio","datePublished":"2024-06-04T02:52:32+00:00","dateModified":"2024-06-04T02:52:50+00:00","mainEntityOfPage":{"@id":"https:\/\/dev.antudigital.cl\/sites\/vc\/un-nuevo-recorrido-para-potenciar-el-territorio\/"},"wordCount":966,"image":{"@id":"https:\/\/dev.antudigital.cl\/sites\/vc\/un-nuevo-recorrido-para-potenciar-el-territorio\/#primaryimage"},"thumbnailUrl":"https:\/\/dev.antudigital.cl\/sites\/vc\/wp-content\/uploads\/2024\/06\/Trenzando-4.jpeg","articleSection":["Blog"],"inLanguage":"es"},{"@type":"WebPage","@id":"https:\/\/dev.antudigital.cl\/sites\/vc\/un-nuevo-recorrido-para-potenciar-el-territorio\/","url":"https:\/\/dev.antudigital.cl\/sites\/vc\/un-nuevo-recorrido-para-potenciar-el-territorio\/","name":"Un nuevo recorrido para potenciar el territorio - Valpara\u00ed\u00adso Creativo","isPartOf":{"@id":"https:\/\/dev.antudigital.cl\/sites\/vc\/#website"},"primaryImageOfPage":{"@id":"https:\/\/dev.antudigital.cl\/sites\/vc\/un-nuevo-recorrido-para-potenciar-el-territorio\/#primaryimage"},"image":{"@id":"https:\/\/dev.antudigital.cl\/sites\/vc\/un-nuevo-recorrido-para-potenciar-el-territorio\/#primaryimage"},"thumbnailUrl":"https:\/\/dev.antudigital.cl\/sites\/vc\/wp-content\/uploads\/2024\/06\/Trenzando-4.jpeg","datePublished":"2024-06-04T02:52:32+00:00","dateModified":"2024-06-04T02:52:50+00:00","author":{"@id":"https:\/\/dev.antudigital.cl\/sites\/vc\/#\/schema\/person\/c2b9da8dd545e27166fc5ab232837318"},"breadcrumb":{"@id":"https:\/\/dev.antudigital.cl\/sites\/vc\/un-nuevo-recorrido-para-potenciar-el-territorio\/#breadcrumb"},"inLanguage":"es","potentialAction":[{"@type":"ReadAction","target":["https:\/\/dev.antudigital.cl\/sites\/vc\/un-nuevo-recorrido-para-potenciar-el-territorio\/"]}]},{"@type":"ImageObject","inLanguage":"es","@id":"https:\/\/dev.antudigital.cl\/sites\/vc\/un-nuevo-recorrido-para-potenciar-el-territorio\/#primaryimage","url":"https:\/\/dev.antudigital.cl\/sites\/vc\/wp-content\/uploads\/2024\/06\/Trenzando-4.jpeg","contentUrl":"https:\/\/dev.antudigital.cl\/sites\/vc\/wp-content\/uploads\/2024\/06\/Trenzando-4.jpeg","width":1440,"height":961},{"@type":"BreadcrumbList","@id":"https:\/\/dev.antudigital.cl\/sites\/vc\/un-nuevo-recorrido-para-potenciar-el-territorio\/#breadcrumb","itemListElement":[{"@type":"ListItem","position":1,"name":"Home","item":"https:\/\/dev.antudigital.cl\/sites\/vc\/"},{"@type":"ListItem","position":2,"name":"Un nuevo recorrido para potenciar el territorio"}]},{"@type":"WebSite","@id":"https:\/\/dev.antudigital.cl\/sites\/vc\/#website","url":"https:\/\/dev.antudigital.cl\/sites\/vc\/","name":"Valpara\u00ed\u00adso Creativo","description":"","potentialAction":[{"@type":"SearchAction","target":{"@type":"EntryPoint","urlTemplate":"https:\/\/dev.antudigital.cl\/sites\/vc\/?s={search_term_string}"},"query-input":{"@type":"PropertyValueSpecification","valueRequired":true,"valueName":"search_term_string"}}],"inLanguage":"es"},{"@type":"Person","@id":"https:\/\/dev.antudigital.cl\/sites\/vc\/#\/schema\/person\/c2b9da8dd545e27166fc5ab232837318","name":"Valpara\u00edso Creativo","description":"Periodista de cultura en la Regi\u00f3n de Valpara\u00edso.","url":"https:\/\/dev.antudigital.cl\/sites\/vc\/author\/valpoadmin\/"}]}},"_links":{"self":[{"href":"https:\/\/dev.antudigital.cl\/sites\/vc\/wp-json\/wp\/v2\/posts\/19289","targetHints":{"allow":["GET"]}}],"collection":[{"href":"https:\/\/dev.antudigital.cl\/sites\/vc\/wp-json\/wp\/v2\/posts"}],"about":[{"href":"https:\/\/dev.antudigital.cl\/sites\/vc\/wp-json\/wp\/v2\/types\/post"}],"author":[{"embeddable":true,"href":"https:\/\/dev.antudigital.cl\/sites\/vc\/wp-json\/wp\/v2\/users\/1"}],"replies":[{"embeddable":true,"href":"https:\/\/dev.antudigital.cl\/sites\/vc\/wp-json\/wp\/v2\/comments?post=19289"}],"version-history":[{"count":1,"href":"https:\/\/dev.antudigital.cl\/sites\/vc\/wp-json\/wp\/v2\/posts\/19289\/revisions"}],"predecessor-version":[{"id":19296,"href":"https:\/\/dev.antudigital.cl\/sites\/vc\/wp-json\/wp\/v2\/posts\/19289\/revisions\/19296"}],"wp:featuredmedia":[{"embeddable":true,"href":"https:\/\/dev.antudigital.cl\/sites\/vc\/wp-json\/wp\/v2\/media\/19294"}],"wp:attachment":[{"href":"https:\/\/dev.antudigital.cl\/sites\/vc\/wp-json\/wp\/v2\/media?parent=19289"}],"wp:term":[{"taxonomy":"category","embeddable":true,"href":"https:\/\/dev.antudigital.cl\/sites\/vc\/wp-json\/wp\/v2\/categories?post=19289"},{"taxonomy":"post_tag","embeddable":true,"href":"https:\/\/dev.antudigital.cl\/sites\/vc\/wp-json\/wp\/v2\/tags?post=19289"}],"curies":[{"name":"wp","href":"https:\/\/api.w.org\/{rel}","templated":true}]}}