{"id":19302,"date":"2024-06-10T12:23:52","date_gmt":"2024-06-10T12:23:52","guid":{"rendered":"https:\/\/www.valparaisocreativo.cl\/?p=19302"},"modified":"2024-06-10T12:24:08","modified_gmt":"2024-06-10T12:24:08","slug":"teatro-ilucion-conmemora-el-ano-nuevo-de-los-pueblos-originarios-con-estreno-teatral-anku-un-nino-aymara","status":"publish","type":"post","link":"https:\/\/dev.antudigital.cl\/sites\/vc\/teatro-ilucion-conmemora-el-ano-nuevo-de-los-pueblos-originarios-con-estreno-teatral-anku-un-nino-aymara\/","title":{"rendered":"Teatro IluCi\u00f3n conmemora el a\u00f1o nuevo de los pueblos originarios con estreno teatral: \u201cANKU, UN NI\u00d1O AYMARA\u201d"},"content":{"rendered":"\n<p><strong>El mi\u00e9rcoles 19 de junio a las 19:00 horas se estrena la obra \u201cANKU, UN NI\u00d1O AYMARA\u201d, de la Compa\u00f1\u00eda de Teatro IluCi\u00f3n, en el Centro Cultural IPA, ubicado en Condell 1349, Valpara\u00edso.<\/strong>&nbsp;Este montaje nos sumerge en la cultura de un peque\u00f1o ni\u00f1o cuyo nombre significa \u201cindomable\u201d. Anku nos invita a conocer las tradiciones de su gente, su lengua y sus costumbres.<\/p>\n\n\n\n<p>La funci\u00f3n se enmarca dentro del proyecto\u00a0\u201cCONTINUIDAD DE LA PROGRAMACI\u00d3N DE LA SALA DE TEATRO DEL CENTRO CULTURAL IPA: 95 a\u00f1os de arte y cultura local\u201d, que cuenta con el financiamiento del Programa de Apoyo a Organizaciones Culturales Colaboradoras del Ministerio de las Culturas, las Artes y el Patrimonio. El aporte sugerido es de $2000, $3000 o $5000. Las reservas se deben realizar a trav\u00e9s de\u00a0<a href=\"https:\/\/www.passline.com\/eventos\/anku-un-nino-aymara\" target=\"_blank\" rel=\"noreferrer noopener\">Passline<\/a>\u00a0o en el Instagram @salateatroipa.<\/p>\n\n\n\n<figure class=\"wp-block-image size-large\"><img fetchpriority=\"high\" decoding=\"async\" width=\"1024\" height=\"768\" src=\"https:\/\/www.valparaisocreativo.cl\/wp-content\/uploads\/2024\/06\/ANKU-3-1024x768.jpg\" alt=\"\" class=\"wp-image-19305\" srcset=\"https:\/\/dev.antudigital.cl\/sites\/vc\/wp-content\/uploads\/2024\/06\/ANKU-3-1024x768.jpg 1024w, https:\/\/dev.antudigital.cl\/sites\/vc\/wp-content\/uploads\/2024\/06\/ANKU-3-300x225.jpg 300w, https:\/\/dev.antudigital.cl\/sites\/vc\/wp-content\/uploads\/2024\/06\/ANKU-3-768x576.jpg 768w, https:\/\/dev.antudigital.cl\/sites\/vc\/wp-content\/uploads\/2024\/06\/ANKU-3-1536x1153.jpg 1536w, https:\/\/dev.antudigital.cl\/sites\/vc\/wp-content\/uploads\/2024\/06\/ANKU-3-510x382.jpg 510w, https:\/\/dev.antudigital.cl\/sites\/vc\/wp-content\/uploads\/2024\/06\/ANKU-3-1080x811.jpg 1080w, https:\/\/dev.antudigital.cl\/sites\/vc\/wp-content\/uploads\/2024\/06\/ANKU-3-1280x961.jpg 1280w, https:\/\/dev.antudigital.cl\/sites\/vc\/wp-content\/uploads\/2024\/06\/ANKU-3-980x735.jpg 980w, https:\/\/dev.antudigital.cl\/sites\/vc\/wp-content\/uploads\/2024\/06\/ANKU-3-480x360.jpg 480w, https:\/\/dev.antudigital.cl\/sites\/vc\/wp-content\/uploads\/2024\/06\/ANKU-3-24x18.jpg 24w, https:\/\/dev.antudigital.cl\/sites\/vc\/wp-content\/uploads\/2024\/06\/ANKU-3-36x27.jpg 36w, https:\/\/dev.antudigital.cl\/sites\/vc\/wp-content\/uploads\/2024\/06\/ANKU-3-48x36.jpg 48w, https:\/\/dev.antudigital.cl\/sites\/vc\/wp-content\/uploads\/2024\/06\/ANKU-3.jpg 1599w\" sizes=\"(max-width: 1024px) 100vw, 1024px\" \/><\/figure>\n\n\n\n<p><strong>Marcela Molina, actriz del montaje<\/strong>, comparte: \u201cQuisimos que el estreno de ANKU, EL NI\u00d1O AYMARA fuera en junio, ya que el 20 es el D\u00eda Nacional de los Pueblos Originarios y el 21 es el A\u00f1o Nuevo Aymara. Preparamos este montaje con mucho cari\u00f1o, habla de la vida de un ni\u00f1o Aymara y c\u00f3mo a trav\u00e9s de su relato nos comparte tradiciones de su pueblo, costumbres, experiencias culturales\u201d.<\/p>\n\n\n\n<p><strong>Andr\u00e9s P\u00e9rez, actor<\/strong>, se\u00f1ala: \u201cLa obra presenta varios desaf\u00edos interpretativos, a m\u00ed me toca representar al padre de Anku y a un extranjero que va a Ayquina. Nos ha tocado adentrarnos a otra cultura, trabajar la dualidad de personajes, la expresi\u00f3n emocional, y dejarnos llevar por el juego interpretativo. Estos puntos son importantes para lograr una actuaci\u00f3n tanto respetuosa con el contexto seleccionado y que siempre sorprenda e impacte al p\u00fablico que vaya a verla\u201d.<\/p>\n\n\n\n<figure class=\"wp-block-image size-large\"><img decoding=\"async\" width=\"1024\" height=\"769\" src=\"https:\/\/www.valparaisocreativo.cl\/wp-content\/uploads\/2024\/06\/ANKU-2-1024x769.jpg\" alt=\"\" class=\"wp-image-19304\" srcset=\"https:\/\/dev.antudigital.cl\/sites\/vc\/wp-content\/uploads\/2024\/06\/ANKU-2-1024x769.jpg 1024w, https:\/\/dev.antudigital.cl\/sites\/vc\/wp-content\/uploads\/2024\/06\/ANKU-2-300x225.jpg 300w, https:\/\/dev.antudigital.cl\/sites\/vc\/wp-content\/uploads\/2024\/06\/ANKU-2-768x576.jpg 768w, https:\/\/dev.antudigital.cl\/sites\/vc\/wp-content\/uploads\/2024\/06\/ANKU-2-510x382.jpg 510w, https:\/\/dev.antudigital.cl\/sites\/vc\/wp-content\/uploads\/2024\/06\/ANKU-2-1080x811.jpg 1080w, https:\/\/dev.antudigital.cl\/sites\/vc\/wp-content\/uploads\/2024\/06\/ANKU-2-1280x961.jpg 1280w, https:\/\/dev.antudigital.cl\/sites\/vc\/wp-content\/uploads\/2024\/06\/ANKU-2-980x735.jpg 980w, https:\/\/dev.antudigital.cl\/sites\/vc\/wp-content\/uploads\/2024\/06\/ANKU-2-480x360.jpg 480w, https:\/\/dev.antudigital.cl\/sites\/vc\/wp-content\/uploads\/2024\/06\/ANKU-2-24x18.jpg 24w, https:\/\/dev.antudigital.cl\/sites\/vc\/wp-content\/uploads\/2024\/06\/ANKU-2-36x27.jpg 36w, https:\/\/dev.antudigital.cl\/sites\/vc\/wp-content\/uploads\/2024\/06\/ANKU-2-48x36.jpg 48w, https:\/\/dev.antudigital.cl\/sites\/vc\/wp-content\/uploads\/2024\/06\/ANKU-2.jpg 1531w\" sizes=\"(max-width: 1024px) 100vw, 1024px\" \/><\/figure>\n\n\n\n<p>El proyecto \u201cCONTINUIDAD DE LA PROGRAMACI\u00d3N DE LA SALA DE TEATRO DEL CENTRO CULTURAL IPA: 95 a\u00f1os de arte y cultura local\u201d forma parte del Programa de Apoyo a Organizaciones Culturales Colaboradoras del Ministerio de las Culturas, las Artes y el Patrimonio, que busca fortalecer y dar continuidad a instituciones y organizaciones culturales de derecho privado y sin fines de lucro.&nbsp;<\/p>\n\n\n\n<p>Este programa adem\u00e1s es parte del Sistema de Financiamiento a Organizaciones e Infraestructura Cultural del Ministerio de las Culturas, las Artes y el Patrimonio que integra, articula y coordina de forma transversal los planes, programas y fondos orientados al fomento y apoyo de las organizaciones, de la infraestructura cultural, y de la mediaci\u00f3n art\u00edstica. Todo esto con una vocaci\u00f3n descentralizada, mecanismos participativos, y la promoci\u00f3n de la creaci\u00f3n de redes y asociaciones.<\/p>\n\n\n\n<p><strong>COORDENADAS<\/strong><\/p>\n\n\n\n<p>ANKU, UN NI\u00d1O AYMARA<\/p>\n\n\n\n<p>Mi\u00e9rcoles 19 de junio, 19:00 horas<\/p>\n\n\n\n<p>Centro Cultural IPA, Condell 1349, Valpara\u00edso<\/p>\n\n\n\n<p>Entradas a trav\u00e9s de Passline<\/p>\n\n\n\n<p><a href=\"https:\/\/www.passline.com\/eventos\/anku-un-nino-aymara\">https:\/\/www.passline.com\/eventos\/anku-un-nino-aymara<\/a><\/p>\n","protected":false},"excerpt":{"rendered":"<p>El mi\u00e9rcoles 19 de junio a las 19:00 horas se estrena la obra \u201cANKU, UN NI\u00d1O AYMARA\u201d, de la Compa\u00f1\u00eda de Teatro IluCi\u00f3n, en el Centro Cultural IPA, ubicado en Condell 1349, Valpara\u00edso.&nbsp;Este montaje nos sumerge en la cultura de un peque\u00f1o ni\u00f1o cuyo nombre significa \u201cindomable\u201d. Anku nos invita a conocer las tradiciones de [&hellip;]<\/p>\n","protected":false},"author":1,"featured_media":19303,"comment_status":"closed","ping_status":"closed","sticky":false,"template":"","format":"standard","meta":{"_acf_changed":false,"footnotes":""},"categories":[8],"tags":[],"class_list":["post-19302","post","type-post","status-publish","format-standard","has-post-thumbnail","hentry","category-noticia"],"acf":[],"yoast_head":"<!-- This site is optimized with the Yoast SEO plugin v27.1.1 - https:\/\/yoast.com\/product\/yoast-seo-wordpress\/ -->\n<title>Teatro IluCi\u00f3n conmemora el a\u00f1o nuevo de los pueblos originarios con estreno teatral: \u201cANKU, UN NI\u00d1O AYMARA\u201d - Valpara\u00ed\u00adso Creativo<\/title>\n<meta name=\"robots\" content=\"index, follow, max-snippet:-1, max-image-preview:large, max-video-preview:-1\" \/>\n<link rel=\"canonical\" href=\"https:\/\/dev.antudigital.cl\/sites\/vc\/teatro-ilucion-conmemora-el-ano-nuevo-de-los-pueblos-originarios-con-estreno-teatral-anku-un-nino-aymara\/\" \/>\n<meta property=\"og:locale\" content=\"es_ES\" \/>\n<meta property=\"og:type\" content=\"article\" \/>\n<meta property=\"og:title\" content=\"Teatro IluCi\u00f3n conmemora el a\u00f1o nuevo de los pueblos originarios con estreno teatral: \u201cANKU, UN NI\u00d1O AYMARA\u201d - Valpara\u00ed\u00adso Creativo\" \/>\n<meta property=\"og:description\" content=\"El mi\u00e9rcoles 19 de junio a las 19:00 horas se estrena la obra \u201cANKU, UN NI\u00d1O AYMARA\u201d, de la Compa\u00f1\u00eda de Teatro IluCi\u00f3n, en el Centro Cultural IPA, ubicado en Condell 1349, Valpara\u00edso.&nbsp;Este montaje nos sumerge en la cultura de un peque\u00f1o ni\u00f1o cuyo nombre significa \u201cindomable\u201d. Anku nos invita a conocer las tradiciones de [&hellip;]\" \/>\n<meta property=\"og:url\" content=\"https:\/\/dev.antudigital.cl\/sites\/vc\/teatro-ilucion-conmemora-el-ano-nuevo-de-los-pueblos-originarios-con-estreno-teatral-anku-un-nino-aymara\/\" \/>\n<meta property=\"og:site_name\" content=\"Valpara\u00ed\u00adso Creativo\" \/>\n<meta property=\"article:published_time\" content=\"2024-06-10T12:23:52+00:00\" \/>\n<meta property=\"article:modified_time\" content=\"2024-06-10T12:24:08+00:00\" \/>\n<meta property=\"og:image\" content=\"https:\/\/dev.antudigital.cl\/sites\/vc\/wp-content\/uploads\/2024\/06\/ANKU-1.jpg\" \/>\n\t<meta property=\"og:image:width\" content=\"1599\" \/>\n\t<meta property=\"og:image:height\" content=\"1200\" \/>\n\t<meta property=\"og:image:type\" content=\"image\/jpeg\" \/>\n<meta name=\"author\" content=\"Valpara\u00edso Creativo\" \/>\n<meta name=\"twitter:card\" content=\"summary_large_image\" \/>\n<meta name=\"twitter:label1\" content=\"Escrito por\" \/>\n\t<meta name=\"twitter:data1\" content=\"Valpara\u00edso Creativo\" \/>\n\t<meta name=\"twitter:label2\" content=\"Tiempo de lectura\" \/>\n\t<meta name=\"twitter:data2\" content=\"3 minutos\" \/>\n<script type=\"application\/ld+json\" class=\"yoast-schema-graph\">{\"@context\":\"https:\/\/schema.org\",\"@graph\":[{\"@type\":\"Article\",\"@id\":\"https:\/\/dev.antudigital.cl\/sites\/vc\/teatro-ilucion-conmemora-el-ano-nuevo-de-los-pueblos-originarios-con-estreno-teatral-anku-un-nino-aymara\/#article\",\"isPartOf\":{\"@id\":\"https:\/\/dev.antudigital.cl\/sites\/vc\/teatro-ilucion-conmemora-el-ano-nuevo-de-los-pueblos-originarios-con-estreno-teatral-anku-un-nino-aymara\/\"},\"author\":{\"name\":\"Valpara\u00edso Creativo\",\"@id\":\"https:\/\/dev.antudigital.cl\/sites\/vc\/#\/schema\/person\/c2b9da8dd545e27166fc5ab232837318\"},\"headline\":\"Teatro IluCi\u00f3n conmemora el a\u00f1o nuevo de los pueblos originarios con estreno teatral: \u201cANKU, UN NI\u00d1O AYMARA\u201d\",\"datePublished\":\"2024-06-10T12:23:52+00:00\",\"dateModified\":\"2024-06-10T12:24:08+00:00\",\"mainEntityOfPage\":{\"@id\":\"https:\/\/dev.antudigital.cl\/sites\/vc\/teatro-ilucion-conmemora-el-ano-nuevo-de-los-pueblos-originarios-con-estreno-teatral-anku-un-nino-aymara\/\"},\"wordCount\":486,\"image\":{\"@id\":\"https:\/\/dev.antudigital.cl\/sites\/vc\/teatro-ilucion-conmemora-el-ano-nuevo-de-los-pueblos-originarios-con-estreno-teatral-anku-un-nino-aymara\/#primaryimage\"},\"thumbnailUrl\":\"https:\/\/dev.antudigital.cl\/sites\/vc\/wp-content\/uploads\/2024\/06\/ANKU-1.jpg\",\"articleSection\":[\"Noticia\"],\"inLanguage\":\"es\"},{\"@type\":\"WebPage\",\"@id\":\"https:\/\/dev.antudigital.cl\/sites\/vc\/teatro-ilucion-conmemora-el-ano-nuevo-de-los-pueblos-originarios-con-estreno-teatral-anku-un-nino-aymara\/\",\"url\":\"https:\/\/dev.antudigital.cl\/sites\/vc\/teatro-ilucion-conmemora-el-ano-nuevo-de-los-pueblos-originarios-con-estreno-teatral-anku-un-nino-aymara\/\",\"name\":\"Teatro IluCi\u00f3n conmemora el a\u00f1o nuevo de los pueblos originarios con estreno teatral: \u201cANKU, UN NI\u00d1O AYMARA\u201d - Valpara\u00ed\u00adso Creativo\",\"isPartOf\":{\"@id\":\"https:\/\/dev.antudigital.cl\/sites\/vc\/#website\"},\"primaryImageOfPage\":{\"@id\":\"https:\/\/dev.antudigital.cl\/sites\/vc\/teatro-ilucion-conmemora-el-ano-nuevo-de-los-pueblos-originarios-con-estreno-teatral-anku-un-nino-aymara\/#primaryimage\"},\"image\":{\"@id\":\"https:\/\/dev.antudigital.cl\/sites\/vc\/teatro-ilucion-conmemora-el-ano-nuevo-de-los-pueblos-originarios-con-estreno-teatral-anku-un-nino-aymara\/#primaryimage\"},\"thumbnailUrl\":\"https:\/\/dev.antudigital.cl\/sites\/vc\/wp-content\/uploads\/2024\/06\/ANKU-1.jpg\",\"datePublished\":\"2024-06-10T12:23:52+00:00\",\"dateModified\":\"2024-06-10T12:24:08+00:00\",\"author\":{\"@id\":\"https:\/\/dev.antudigital.cl\/sites\/vc\/#\/schema\/person\/c2b9da8dd545e27166fc5ab232837318\"},\"breadcrumb\":{\"@id\":\"https:\/\/dev.antudigital.cl\/sites\/vc\/teatro-ilucion-conmemora-el-ano-nuevo-de-los-pueblos-originarios-con-estreno-teatral-anku-un-nino-aymara\/#breadcrumb\"},\"inLanguage\":\"es\",\"potentialAction\":[{\"@type\":\"ReadAction\",\"target\":[\"https:\/\/dev.antudigital.cl\/sites\/vc\/teatro-ilucion-conmemora-el-ano-nuevo-de-los-pueblos-originarios-con-estreno-teatral-anku-un-nino-aymara\/\"]}]},{\"@type\":\"ImageObject\",\"inLanguage\":\"es\",\"@id\":\"https:\/\/dev.antudigital.cl\/sites\/vc\/teatro-ilucion-conmemora-el-ano-nuevo-de-los-pueblos-originarios-con-estreno-teatral-anku-un-nino-aymara\/#primaryimage\",\"url\":\"https:\/\/dev.antudigital.cl\/sites\/vc\/wp-content\/uploads\/2024\/06\/ANKU-1.jpg\",\"contentUrl\":\"https:\/\/dev.antudigital.cl\/sites\/vc\/wp-content\/uploads\/2024\/06\/ANKU-1.jpg\",\"width\":1599,\"height\":1200},{\"@type\":\"BreadcrumbList\",\"@id\":\"https:\/\/dev.antudigital.cl\/sites\/vc\/teatro-ilucion-conmemora-el-ano-nuevo-de-los-pueblos-originarios-con-estreno-teatral-anku-un-nino-aymara\/#breadcrumb\",\"itemListElement\":[{\"@type\":\"ListItem\",\"position\":1,\"name\":\"Home\",\"item\":\"https:\/\/dev.antudigital.cl\/sites\/vc\/\"},{\"@type\":\"ListItem\",\"position\":2,\"name\":\"Teatro IluCi\u00f3n conmemora el a\u00f1o nuevo de los pueblos originarios con estreno teatral: \u201cANKU, UN NI\u00d1O AYMARA\u201d\"}]},{\"@type\":\"WebSite\",\"@id\":\"https:\/\/dev.antudigital.cl\/sites\/vc\/#website\",\"url\":\"https:\/\/dev.antudigital.cl\/sites\/vc\/\",\"name\":\"Valpara\u00ed\u00adso Creativo\",\"description\":\"\",\"potentialAction\":[{\"@type\":\"SearchAction\",\"target\":{\"@type\":\"EntryPoint\",\"urlTemplate\":\"https:\/\/dev.antudigital.cl\/sites\/vc\/?s={search_term_string}\"},\"query-input\":{\"@type\":\"PropertyValueSpecification\",\"valueRequired\":true,\"valueName\":\"search_term_string\"}}],\"inLanguage\":\"es\"},{\"@type\":\"Person\",\"@id\":\"https:\/\/dev.antudigital.cl\/sites\/vc\/#\/schema\/person\/c2b9da8dd545e27166fc5ab232837318\",\"name\":\"Valpara\u00edso Creativo\",\"description\":\"Periodista de cultura en la Regi\u00f3n de Valpara\u00edso.\",\"url\":\"https:\/\/dev.antudigital.cl\/sites\/vc\/author\/valpoadmin\/\"}]}<\/script>\n<!-- \/ Yoast SEO plugin. -->","yoast_head_json":{"title":"Teatro IluCi\u00f3n conmemora el a\u00f1o nuevo de los pueblos originarios con estreno teatral: \u201cANKU, UN NI\u00d1O AYMARA\u201d - Valpara\u00ed\u00adso Creativo","robots":{"index":"index","follow":"follow","max-snippet":"max-snippet:-1","max-image-preview":"max-image-preview:large","max-video-preview":"max-video-preview:-1"},"canonical":"https:\/\/dev.antudigital.cl\/sites\/vc\/teatro-ilucion-conmemora-el-ano-nuevo-de-los-pueblos-originarios-con-estreno-teatral-anku-un-nino-aymara\/","og_locale":"es_ES","og_type":"article","og_title":"Teatro IluCi\u00f3n conmemora el a\u00f1o nuevo de los pueblos originarios con estreno teatral: \u201cANKU, UN NI\u00d1O AYMARA\u201d - Valpara\u00ed\u00adso Creativo","og_description":"El mi\u00e9rcoles 19 de junio a las 19:00 horas se estrena la obra \u201cANKU, UN NI\u00d1O AYMARA\u201d, de la Compa\u00f1\u00eda de Teatro IluCi\u00f3n, en el Centro Cultural IPA, ubicado en Condell 1349, Valpara\u00edso.&nbsp;Este montaje nos sumerge en la cultura de un peque\u00f1o ni\u00f1o cuyo nombre significa \u201cindomable\u201d. Anku nos invita a conocer las tradiciones de [&hellip;]","og_url":"https:\/\/dev.antudigital.cl\/sites\/vc\/teatro-ilucion-conmemora-el-ano-nuevo-de-los-pueblos-originarios-con-estreno-teatral-anku-un-nino-aymara\/","og_site_name":"Valpara\u00ed\u00adso Creativo","article_published_time":"2024-06-10T12:23:52+00:00","article_modified_time":"2024-06-10T12:24:08+00:00","og_image":[{"width":1599,"height":1200,"url":"https:\/\/dev.antudigital.cl\/sites\/vc\/wp-content\/uploads\/2024\/06\/ANKU-1.jpg","type":"image\/jpeg"}],"author":"Valpara\u00edso Creativo","twitter_card":"summary_large_image","twitter_misc":{"Escrito por":"Valpara\u00edso Creativo","Tiempo de lectura":"3 minutos"},"schema":{"@context":"https:\/\/schema.org","@graph":[{"@type":"Article","@id":"https:\/\/dev.antudigital.cl\/sites\/vc\/teatro-ilucion-conmemora-el-ano-nuevo-de-los-pueblos-originarios-con-estreno-teatral-anku-un-nino-aymara\/#article","isPartOf":{"@id":"https:\/\/dev.antudigital.cl\/sites\/vc\/teatro-ilucion-conmemora-el-ano-nuevo-de-los-pueblos-originarios-con-estreno-teatral-anku-un-nino-aymara\/"},"author":{"name":"Valpara\u00edso Creativo","@id":"https:\/\/dev.antudigital.cl\/sites\/vc\/#\/schema\/person\/c2b9da8dd545e27166fc5ab232837318"},"headline":"Teatro IluCi\u00f3n conmemora el a\u00f1o nuevo de los pueblos originarios con estreno teatral: \u201cANKU, UN NI\u00d1O AYMARA\u201d","datePublished":"2024-06-10T12:23:52+00:00","dateModified":"2024-06-10T12:24:08+00:00","mainEntityOfPage":{"@id":"https:\/\/dev.antudigital.cl\/sites\/vc\/teatro-ilucion-conmemora-el-ano-nuevo-de-los-pueblos-originarios-con-estreno-teatral-anku-un-nino-aymara\/"},"wordCount":486,"image":{"@id":"https:\/\/dev.antudigital.cl\/sites\/vc\/teatro-ilucion-conmemora-el-ano-nuevo-de-los-pueblos-originarios-con-estreno-teatral-anku-un-nino-aymara\/#primaryimage"},"thumbnailUrl":"https:\/\/dev.antudigital.cl\/sites\/vc\/wp-content\/uploads\/2024\/06\/ANKU-1.jpg","articleSection":["Noticia"],"inLanguage":"es"},{"@type":"WebPage","@id":"https:\/\/dev.antudigital.cl\/sites\/vc\/teatro-ilucion-conmemora-el-ano-nuevo-de-los-pueblos-originarios-con-estreno-teatral-anku-un-nino-aymara\/","url":"https:\/\/dev.antudigital.cl\/sites\/vc\/teatro-ilucion-conmemora-el-ano-nuevo-de-los-pueblos-originarios-con-estreno-teatral-anku-un-nino-aymara\/","name":"Teatro IluCi\u00f3n conmemora el a\u00f1o nuevo de los pueblos originarios con estreno teatral: \u201cANKU, UN NI\u00d1O AYMARA\u201d - Valpara\u00ed\u00adso Creativo","isPartOf":{"@id":"https:\/\/dev.antudigital.cl\/sites\/vc\/#website"},"primaryImageOfPage":{"@id":"https:\/\/dev.antudigital.cl\/sites\/vc\/teatro-ilucion-conmemora-el-ano-nuevo-de-los-pueblos-originarios-con-estreno-teatral-anku-un-nino-aymara\/#primaryimage"},"image":{"@id":"https:\/\/dev.antudigital.cl\/sites\/vc\/teatro-ilucion-conmemora-el-ano-nuevo-de-los-pueblos-originarios-con-estreno-teatral-anku-un-nino-aymara\/#primaryimage"},"thumbnailUrl":"https:\/\/dev.antudigital.cl\/sites\/vc\/wp-content\/uploads\/2024\/06\/ANKU-1.jpg","datePublished":"2024-06-10T12:23:52+00:00","dateModified":"2024-06-10T12:24:08+00:00","author":{"@id":"https:\/\/dev.antudigital.cl\/sites\/vc\/#\/schema\/person\/c2b9da8dd545e27166fc5ab232837318"},"breadcrumb":{"@id":"https:\/\/dev.antudigital.cl\/sites\/vc\/teatro-ilucion-conmemora-el-ano-nuevo-de-los-pueblos-originarios-con-estreno-teatral-anku-un-nino-aymara\/#breadcrumb"},"inLanguage":"es","potentialAction":[{"@type":"ReadAction","target":["https:\/\/dev.antudigital.cl\/sites\/vc\/teatro-ilucion-conmemora-el-ano-nuevo-de-los-pueblos-originarios-con-estreno-teatral-anku-un-nino-aymara\/"]}]},{"@type":"ImageObject","inLanguage":"es","@id":"https:\/\/dev.antudigital.cl\/sites\/vc\/teatro-ilucion-conmemora-el-ano-nuevo-de-los-pueblos-originarios-con-estreno-teatral-anku-un-nino-aymara\/#primaryimage","url":"https:\/\/dev.antudigital.cl\/sites\/vc\/wp-content\/uploads\/2024\/06\/ANKU-1.jpg","contentUrl":"https:\/\/dev.antudigital.cl\/sites\/vc\/wp-content\/uploads\/2024\/06\/ANKU-1.jpg","width":1599,"height":1200},{"@type":"BreadcrumbList","@id":"https:\/\/dev.antudigital.cl\/sites\/vc\/teatro-ilucion-conmemora-el-ano-nuevo-de-los-pueblos-originarios-con-estreno-teatral-anku-un-nino-aymara\/#breadcrumb","itemListElement":[{"@type":"ListItem","position":1,"name":"Home","item":"https:\/\/dev.antudigital.cl\/sites\/vc\/"},{"@type":"ListItem","position":2,"name":"Teatro IluCi\u00f3n conmemora el a\u00f1o nuevo de los pueblos originarios con estreno teatral: \u201cANKU, UN NI\u00d1O AYMARA\u201d"}]},{"@type":"WebSite","@id":"https:\/\/dev.antudigital.cl\/sites\/vc\/#website","url":"https:\/\/dev.antudigital.cl\/sites\/vc\/","name":"Valpara\u00ed\u00adso Creativo","description":"","potentialAction":[{"@type":"SearchAction","target":{"@type":"EntryPoint","urlTemplate":"https:\/\/dev.antudigital.cl\/sites\/vc\/?s={search_term_string}"},"query-input":{"@type":"PropertyValueSpecification","valueRequired":true,"valueName":"search_term_string"}}],"inLanguage":"es"},{"@type":"Person","@id":"https:\/\/dev.antudigital.cl\/sites\/vc\/#\/schema\/person\/c2b9da8dd545e27166fc5ab232837318","name":"Valpara\u00edso Creativo","description":"Periodista de cultura en la Regi\u00f3n de Valpara\u00edso.","url":"https:\/\/dev.antudigital.cl\/sites\/vc\/author\/valpoadmin\/"}]}},"_links":{"self":[{"href":"https:\/\/dev.antudigital.cl\/sites\/vc\/wp-json\/wp\/v2\/posts\/19302","targetHints":{"allow":["GET"]}}],"collection":[{"href":"https:\/\/dev.antudigital.cl\/sites\/vc\/wp-json\/wp\/v2\/posts"}],"about":[{"href":"https:\/\/dev.antudigital.cl\/sites\/vc\/wp-json\/wp\/v2\/types\/post"}],"author":[{"embeddable":true,"href":"https:\/\/dev.antudigital.cl\/sites\/vc\/wp-json\/wp\/v2\/users\/1"}],"replies":[{"embeddable":true,"href":"https:\/\/dev.antudigital.cl\/sites\/vc\/wp-json\/wp\/v2\/comments?post=19302"}],"version-history":[{"count":1,"href":"https:\/\/dev.antudigital.cl\/sites\/vc\/wp-json\/wp\/v2\/posts\/19302\/revisions"}],"predecessor-version":[{"id":19307,"href":"https:\/\/dev.antudigital.cl\/sites\/vc\/wp-json\/wp\/v2\/posts\/19302\/revisions\/19307"}],"wp:featuredmedia":[{"embeddable":true,"href":"https:\/\/dev.antudigital.cl\/sites\/vc\/wp-json\/wp\/v2\/media\/19303"}],"wp:attachment":[{"href":"https:\/\/dev.antudigital.cl\/sites\/vc\/wp-json\/wp\/v2\/media?parent=19302"}],"wp:term":[{"taxonomy":"category","embeddable":true,"href":"https:\/\/dev.antudigital.cl\/sites\/vc\/wp-json\/wp\/v2\/categories?post=19302"},{"taxonomy":"post_tag","embeddable":true,"href":"https:\/\/dev.antudigital.cl\/sites\/vc\/wp-json\/wp\/v2\/tags?post=19302"}],"curies":[{"name":"wp","href":"https:\/\/api.w.org\/{rel}","templated":true}]}}